{"id":13676,"date":"2026-01-09T19:50:34","date_gmt":"2026-01-09T18:50:34","guid":{"rendered":"https:\/\/nordnesrepublikken.no\/index.php\/2026\/01\/09\/hvordan-det-kom-til-dette-og-hvorfor-trump-truer-med-a-gripe-inn\/"},"modified":"2026-01-09T19:50:38","modified_gmt":"2026-01-09T18:50:38","slug":"hvordan-det-kom-til-dette-og-hvorfor-trump-truer-med-a-gripe-inn","status":"publish","type":"post","link":"https:\/\/nordnesrepublikken.no\/index.php\/2026\/01\/09\/hvordan-det-kom-til-dette-og-hvorfor-trump-truer-med-a-gripe-inn\/","title":{"rendered":"hvordan det kom til dette og hvorfor Trump truer med \u00e5 gripe inn"},"content":{"rendered":"<div>\n<div class=\"cp_wrapper cp_wrapper--fw mb-30 mb-20@tablet\">\n<figure class=\"mm\"><picture class=\"img\" style=\"padding-top:56.25%\"><source  media=\"(min-width: 1024px)\"><source  media=\"(min-width: 768px)\"><\/source><\/source><\/picture><\/figure>\n<\/p><\/div>\n<p>Startet 28. desember 2025, viser de ingen tegn til \u00e5 stoppe <strong>protester mot regjeringen i Iran<\/strong>mellom Internett-blackouten i Teheran (og ikke bare det, ogs\u00e5 i Tabriz og den hellige byen Mashhad) og oppr\u00f8rssangene. Til tross for de avbrutte telefonlinjene over hele landet &#8211; som ogs\u00e5 rapportert av den uavhengige organisasjonen Netblocks som overv\u00e5ker internettfrihet og digitale kommunikasjonsavbrudd over hele verden i sanntid &#8211; bildene av folkemengdene som stiger ned p\u00e5 gatene i <strong>mer enn 100 iranske byer <\/strong>de n\u00e5dde overalt p\u00e5 sosiale medier og p\u00e5 persiskspr\u00e5klige TV-kanaler basert utenfor landet.<\/p>\n<p>Videre, if\u00f8lge lokale kilder, to medlemmer av den iranske revolusjonsgarden (v\u00e6pnet styrke ansvarlig for \u00e5 undertrykke eller administrere protester), bedre kjent som &laquo;<strong>Pasdaran<\/strong>&laquo;, ble drept i Kermanshah (vestlige Iran) i et sammenst\u00f8t med &laquo;separatistiske elementer&raquo;. Det er allerede flere titalls d\u00f8dsfall blant demonstrantene, men p\u00e5 grunn av sensur er det vanskelig \u00e5 ha presise data i denne forbindelse. If\u00f8lge NGO for forsvar av menneskerettigheter Iran Human Rights (IHR) har s\u00e5 langt de iranske sikkerhetsstyrkene <strong>drepte minst 45 demonstranter<\/strong>inkludert \u00e5tte mindre\u00e5rige, mens det ville v\u00e6re minst <strong>2 tusen arrestasjoner<\/strong>. I mellomtiden, presidenten i Den islamske republikken Iran<strong> Massud Pezeshkian <\/strong>ba om tilbakeholdenhet fra demonstranter og oppfordret sikkerhetsstyrker til \u00e5 gj\u00f8re det <strong>Ikke sl\u00e5 demonstrantene<\/strong> og \u00e5 skille mellom protest og vold.<\/p>\n<p>For bedre \u00e5 forst\u00e5 hva som utl\u00f8ste denne situasjonen og hva som kunne skje videre, intervjuet vi den geopolitiske analytikeren <strong>Andrea Gaspardo<\/strong>.<\/p>\n<h2>Hva er opphavet til disse protestene?<\/h2>\n<p>Protestene startet 28. desember 2025, men for \u00e5 forst\u00e5 deres opprinnelse m\u00e5 vi g\u00e5 seks \u00e5r tilbake.<\/p>\n<p>Den gordiske knuten til denne historien er <strong>\u00f8konomisk krise<\/strong> som Iran g\u00e5r gjennom \u00e5 f\u00f8lge <strong>Covid-19-pandemi<\/strong>: Den iranske \u00f8konomien har faktisk aldri klart \u00e5 komme seg etter inflasjonsfenomenet som rammet den. Kontinuerlige \u00f8konomiske kriser og valutakriser ble deretter flettet sammen med vannkrisen og fremfor alt energikrisen (landet har opplevd kontinuerlig str\u00f8mbrudd i to \u00e5r), og brakte befolkningen til grensen for utholdenhet.<\/p>\n<p>Som om ikke det var nok, 12-dagers krigen i juni mellom Israel og Iran og USAs bombing av stedene der det iranske atomprogrammet fant sted, kuttet Iran alle forbindelser med IAEA og andre overv\u00e5kingsorganisasjoner. Som et resultat har <strong>internasjonalt samfunn<\/strong> han gjeninnsatte umiddelbart regimet <strong>sanksjoner<\/strong> som fullstendig kvalte landets \u00f8konomi, gikk inn i en <strong>\u00f8deleggende inflasjonsspiral <\/strong>(i desember var den 42,2%): Rial, den iranske valutaen, har dramatisk tapt verdi mot dollaren og alle andre internasjonale valutaer. Vi kan derfor si det <strong>Rial er returpapir<\/strong>akkurat n\u00e5. Alt dette har tydeligvis rammet landet hardt <strong>kj\u00f8psevne<\/strong> av en stor del av den iranske befolkningen, og gnisten ble utl\u00f8st av <strong>basar<\/strong>en kategori som har stor sosial og politisk vekt i Iran (den har alltid v\u00e6rt en b\u00e6rebjelke i det iranske teokratiske regimet), gitt at den har handel i sine hender.<\/p>\n<p>Protestene startet rett fra &laquo;<strong>Basarens h\u00f8yborg<\/strong>&raquo; av Teheran, og spredte seg deretter raskt til andre byer ogs\u00e5. I mellomtiden har de p\u00e5virket alle de andre statene i samfunnet. For \u00f8yeblikket er det imidlertid vanskelig \u00e5 kvantifisere omfanget av fenomenet, selv om mange observat\u00f8rer har uttalt at dette er de st\u00f8rste protestene i Iran siden de fra 2022-2023, som br\u00f8t ut under slagordet &laquo;liv og frihet&raquo; <strong>Mahsa Amini<\/strong> av det islamske moralpolitiet.<\/p>\n<p>At det iranske regimet tar saken p\u00e5 alvor, kan sees av det faktum at det ved siden av de normale undertrykkelsesverkt\u00f8yene er et fors\u00f8k fra myndighetene p\u00e5 \u00e5<strong> forholde seg til bransjeorganisasjoner<\/strong> og med i <strong>representanter<\/strong> (spesielt basarer). Regimet vet at disse foreningene inntar en viktig posisjon i den \u00f8konomiske og sosiale sf\u00e6ren, og uten sine egne <strong>st\u00f8tte<\/strong> geistlige, pasdaraan og de som holder makten til den islamske republikken ville kjempe for \u00e5 holde folket under kontroll.<\/p>\n<h2>Hva betyr \u00abPahlavi kommer tilbake\u00bb og hva har det med USA \u00e5 gj\u00f8re<\/h2>\n<p>Under demonstrasjonene reiste noen mennesker slagordet som sa at &laquo;Pahlavi kommer tilbake&raquo;. Det skal imidlertid sies at <strong>Reza Pahlavi<\/strong>s\u00f8nn av den siste sjahen av Iran, er ikke en bemerkelsesverdig politisk skikkelse: han har demonstrert dette tidligere <strong>sv\u00e6rt lite politisk innsikt<\/strong>og han er en givende person <strong>begrenset strategisk horisont<\/strong>: Hans tidligere uttalelser har i hovedsak uttrykt ideen om at iranere &laquo;skylder&raquo; ham en trone. Men hvis han skulle f\u00e5 det, <strong>det ville neppe bli et regimeskifte<\/strong>et demokratisk og banebrytende Iran tok fatt p\u00e5 en konvergensprosess med de mest utviklede og vestliggjorte landene. Han og tilhengerne av \u00abpahlavi-monarkiet\u00bb \u2013 som ble utvist i 1979 av iranerne etter \u00e5 ha gjort seg skyldig i grufulle forbrytelser \u2013 synes for meg \u00e5 v\u00e6re antihistoriske resonnementer og ikke verdt \u00e5 ta hensyn til.<\/p>\n<p>Protester i Iran i dag <strong>de mangler lederskap<\/strong>og Pahlavi fremsto som den mest fremtredende skikkelsen, paradoksalt nok, uten \u00e5 ha en \u00ablederrolle\u00bb. Historien l\u00e6rer imidlertid at en revolusjon har st\u00f8rre sjanse for \u00e5 lykkes jo mer synlige dens ledere er, i stand til \u00e5 kanalisere sinne til politisk handling. Dersom det ikke skjer milit\u00e6re inngrep fra eksterne makter, risikerer man at protestene til slutt blir kvalt av regimet med en blanding av <strong>undertrykkelse<\/strong> mot de mest uforsonlige demonstrantene og instrumentell dialog mot de mer formbare delene av protesten.<\/p>\n<p>I mellomtiden, den amerikanske h\u00f8yreekstreme influenceren <strong>Laura Loomer<\/strong> kunngjorde p\u00e5 X at Reza Pahlavi ville forventes \u00e5 gj\u00f8re det <strong>Mar-a-Lago<\/strong> neste tirsdag, selv om m\u00f8tet med Donald Trump enn\u00e5 ikke er bekreftet. Hvis nyheten skulle vise seg \u00e5 v\u00e6re sann, ville den bekrefte Rezas plan om \u00e5 foresl\u00e5 seg selv som leder av protestene, og s\u00f8ke \u00abvelsignelsen\u00bb fra tycoonen, som flere ganger de siste dagene har uttalt at <strong>USA er klare til \u00e5 gripe inn<\/strong> i tilfelle d\u00f8delig vold brukes mot fredelige demonstranter. Trump sa til den konservative radioverten Hugh Hewitt:<\/p>\n<blockquote>\n<p>Jeg lar dem vite at hvis de begynner \u00e5 drepe folk, som de har en tendens til \u00e5 gj\u00f8re under protester, har de mange av dem, hvis de gj\u00f8r det, vil vi ramme dem veldig hardt.<\/p>\n<\/blockquote>\n<h2>De store fiendene USA og Israel: hva de ville oppn\u00e5 hvis de grep inn for \u00e5 styrte det iranske regimet<\/h2>\n<p>Amerikanere og israelere, i enda st\u00f8rre grad etter den korte krigen i juli i fjor, hvis de skulle gripe inn i fellesskap, ville det v\u00e6rt for et veldig spesifikt form\u00e5l: <strong>styrte ayatollaenes regime<\/strong>. Israel er ivrig etter \u00e5 eliminere et regime de anser <strong>fiende<\/strong>og h\u00e5per at hans styrte vil f\u00f8re til en reduksjon i det milit\u00e6re presset p\u00e5 grensene.<\/p>\n<p>Amerikanerne, derimot, \u00f8nsker \u00e5 bli kvitt det iranske regimet, fordi i det store opplegget av den globale konflikten som setter USA mot Kina, ville styrten av regimet <strong>alvorlig p\u00e5virke Beijings energiforsyning<\/strong>. Videre ville Russland ogs\u00e5 bli rammet, fordi det sammen med Nord-Korea de siste \u00e5rene har skilt seg ut blant Kremls milit\u00e6re leverand\u00f8rer i krigen med Ukraina, spesielt for salg av Shahed-droner. Et regimeskifte kunne <strong>avbryte forsyninger og industrielle avtaler<\/strong>og setter Moskva i vanskeligheter.<\/p>\n<\/p><\/div>\n","protected":false},"excerpt":{"rendered":"<p>Startet 28. desember 2025, viser de ingen tegn til \u00e5 stoppe protester mot regjeringen i<\/p>\n","protected":false},"author":1,"featured_media":13677,"comment_status":"closed","ping_status":"open","sticky":false,"template":"","format":"standard","meta":{"footnotes":""},"categories":[23],"tags":[66,185,8985,112,101,681,3912,79,117,2127,61],"class_list":["post-13676","post","type-post","status-publish","format-standard","has-post-thumbnail","hentry","category-politikk","tag-det","tag-dette","tag-gripe","tag-hvordan","tag-hvorfor","tag-inn","tag-kom","tag-med","tag-til","tag-truer","tag-trump","generate-columns","tablet-grid-50","mobile-grid-100","grid-parent","grid-33","resize-featured-image"],"yoast_head":"<!-- This site is optimized with the Yoast SEO plugin v24.4 - https:\/\/yoast.com\/wordpress\/plugins\/seo\/ -->\n<title>hvordan det kom til dette og hvorfor Trump truer med \u00e5 gripe inn - Nordnesrepublikken<\/title>\n<meta name=\"robots\" content=\"index, follow, max-snippet:-1, max-image-preview:large, max-video-preview:-1\" \/>\n<link rel=\"canonical\" href=\"https:\/\/nordnesrepublikken.no\/index.php\/2026\/01\/09\/hvordan-det-kom-til-dette-og-hvorfor-trump-truer-med-a-gripe-inn\/\" \/>\n<meta property=\"og:locale\" content=\"nb_NO\" \/>\n<meta property=\"og:type\" content=\"article\" \/>\n<meta property=\"og:title\" content=\"hvordan det kom til dette og hvorfor Trump truer med \u00e5 gripe inn - Nordnesrepublikken\" \/>\n<meta property=\"og:description\" content=\"Startet 28. desember 2025, viser de ingen tegn til \u00e5 stoppe protester mot regjeringen i\" \/>\n<meta property=\"og:url\" content=\"https:\/\/nordnesrepublikken.no\/index.php\/2026\/01\/09\/hvordan-det-kom-til-dette-og-hvorfor-trump-truer-med-a-gripe-inn\/\" \/>\n<meta property=\"og:site_name\" content=\"Nordnesrepublikken\" \/>\n<meta property=\"article:published_time\" content=\"2026-01-09T18:50:34+00:00\" \/>\n<meta property=\"article:modified_time\" content=\"2026-01-09T18:50:38+00:00\" \/>\n<meta property=\"og:image\" content=\"https:\/\/nordnesrepublikken.no\/wp-content\/uploads\/2026\/01\/1767984635_hvordan-det-kom-til-dette-og-hvorfor-Trump-truer-med-scaled.jpg\" \/>\n\t<meta property=\"og:image:width\" content=\"2560\" \/>\n\t<meta property=\"og:image:height\" content=\"1425\" \/>\n\t<meta property=\"og:image:type\" content=\"image\/jpeg\" \/>\n<meta name=\"author\" content=\"Ole Andersen\" \/>\n<meta name=\"twitter:card\" content=\"summary_large_image\" \/>\n<meta name=\"twitter:label1\" content=\"Skrevet av\" \/>\n\t<meta name=\"twitter:data1\" content=\"Ole Andersen\" \/>\n\t<meta name=\"twitter:label2\" content=\"Ansl. lesetid\" \/>\n\t<meta name=\"twitter:data2\" content=\"6 minutter\" \/>\n<script type=\"application\/ld+json\" class=\"yoast-schema-graph\">{\"@context\":\"https:\/\/schema.org\",\"@graph\":[{\"@type\":\"Article\",\"@id\":\"https:\/\/nordnesrepublikken.no\/index.php\/2026\/01\/09\/hvordan-det-kom-til-dette-og-hvorfor-trump-truer-med-a-gripe-inn\/#article\",\"isPartOf\":{\"@id\":\"https:\/\/nordnesrepublikken.no\/index.php\/2026\/01\/09\/hvordan-det-kom-til-dette-og-hvorfor-trump-truer-med-a-gripe-inn\/\"},\"author\":{\"name\":\"Ole Andersen\",\"@id\":\"https:\/\/nordnesrepublikken.no\/#\/schema\/person\/2e7e81935bab77882fffb79296240ff1\"},\"headline\":\"hvordan det kom til dette og hvorfor Trump truer med \u00e5 gripe inn\",\"datePublished\":\"2026-01-09T18:50:34+00:00\",\"dateModified\":\"2026-01-09T18:50:38+00:00\",\"mainEntityOfPage\":{\"@id\":\"https:\/\/nordnesrepublikken.no\/index.php\/2026\/01\/09\/hvordan-det-kom-til-dette-og-hvorfor-trump-truer-med-a-gripe-inn\/\"},\"wordCount\":1137,\"publisher\":{\"@id\":\"https:\/\/nordnesrepublikken.no\/#organization\"},\"image\":{\"@id\":\"https:\/\/nordnesrepublikken.no\/index.php\/2026\/01\/09\/hvordan-det-kom-til-dette-og-hvorfor-trump-truer-med-a-gripe-inn\/#primaryimage\"},\"thumbnailUrl\":\"https:\/\/nordnesrepublikken.no\/wp-content\/uploads\/2026\/01\/1767984635_hvordan-det-kom-til-dette-og-hvorfor-Trump-truer-med-scaled.jpg\",\"keywords\":[\"Det\",\"dette\",\"gripe\",\"Hvordan\",\"hvorfor\",\"inn\",\"kom\",\"med\",\"til\",\"truer\",\"Trump\"],\"articleSection\":[\"Politikk\"],\"inLanguage\":\"nb-NO\"},{\"@type\":\"WebPage\",\"@id\":\"https:\/\/nordnesrepublikken.no\/index.php\/2026\/01\/09\/hvordan-det-kom-til-dette-og-hvorfor-trump-truer-med-a-gripe-inn\/\",\"url\":\"https:\/\/nordnesrepublikken.no\/index.php\/2026\/01\/09\/hvordan-det-kom-til-dette-og-hvorfor-trump-truer-med-a-gripe-inn\/\",\"name\":\"hvordan det kom til dette og hvorfor Trump truer med \u00e5 gripe inn - Nordnesrepublikken\",\"isPartOf\":{\"@id\":\"https:\/\/nordnesrepublikken.no\/#website\"},\"primaryImageOfPage\":{\"@id\":\"https:\/\/nordnesrepublikken.no\/index.php\/2026\/01\/09\/hvordan-det-kom-til-dette-og-hvorfor-trump-truer-med-a-gripe-inn\/#primaryimage\"},\"image\":{\"@id\":\"https:\/\/nordnesrepublikken.no\/index.php\/2026\/01\/09\/hvordan-det-kom-til-dette-og-hvorfor-trump-truer-med-a-gripe-inn\/#primaryimage\"},\"thumbnailUrl\":\"https:\/\/nordnesrepublikken.no\/wp-content\/uploads\/2026\/01\/1767984635_hvordan-det-kom-til-dette-og-hvorfor-Trump-truer-med-scaled.jpg\",\"datePublished\":\"2026-01-09T18:50:34+00:00\",\"dateModified\":\"2026-01-09T18:50:38+00:00\",\"breadcrumb\":{\"@id\":\"https:\/\/nordnesrepublikken.no\/index.php\/2026\/01\/09\/hvordan-det-kom-til-dette-og-hvorfor-trump-truer-med-a-gripe-inn\/#breadcrumb\"},\"inLanguage\":\"nb-NO\",\"potentialAction\":[{\"@type\":\"ReadAction\",\"target\":[\"https:\/\/nordnesrepublikken.no\/index.php\/2026\/01\/09\/hvordan-det-kom-til-dette-og-hvorfor-trump-truer-med-a-gripe-inn\/\"]}]},{\"@type\":\"ImageObject\",\"inLanguage\":\"nb-NO\",\"@id\":\"https:\/\/nordnesrepublikken.no\/index.php\/2026\/01\/09\/hvordan-det-kom-til-dette-og-hvorfor-trump-truer-med-a-gripe-inn\/#primaryimage\",\"url\":\"https:\/\/nordnesrepublikken.no\/wp-content\/uploads\/2026\/01\/1767984635_hvordan-det-kom-til-dette-og-hvorfor-Trump-truer-med-scaled.jpg\",\"contentUrl\":\"https:\/\/nordnesrepublikken.no\/wp-content\/uploads\/2026\/01\/1767984635_hvordan-det-kom-til-dette-og-hvorfor-Trump-truer-med-scaled.jpg\",\"width\":2560,\"height\":1425,\"caption\":\"hvordan det kom til dette og hvorfor Trump truer med \u00e5 gripe inn\"},{\"@type\":\"BreadcrumbList\",\"@id\":\"https:\/\/nordnesrepublikken.no\/index.php\/2026\/01\/09\/hvordan-det-kom-til-dette-og-hvorfor-trump-truer-med-a-gripe-inn\/#breadcrumb\",\"itemListElement\":[{\"@type\":\"ListItem\",\"position\":1,\"name\":\"Home\",\"item\":\"https:\/\/nordnesrepublikken.no\/\"},{\"@type\":\"ListItem\",\"position\":2,\"name\":\"hvordan det kom til dette og hvorfor Trump truer med \u00e5 gripe inn\"}]},{\"@type\":\"WebSite\",\"@id\":\"https:\/\/nordnesrepublikken.no\/#website\",\"url\":\"https:\/\/nordnesrepublikken.no\/\",\"name\":\"Nordnesrepublikken\",\"description\":\"Stemmer og Visjoner fra Republikkens Hjerte\",\"publisher\":{\"@id\":\"https:\/\/nordnesrepublikken.no\/#organization\"},\"potentialAction\":[{\"@type\":\"SearchAction\",\"target\":{\"@type\":\"EntryPoint\",\"urlTemplate\":\"https:\/\/nordnesrepublikken.no\/?s={search_term_string}\"},\"query-input\":{\"@type\":\"PropertyValueSpecification\",\"valueRequired\":true,\"valueName\":\"search_term_string\"}}],\"inLanguage\":\"nb-NO\"},{\"@type\":\"Organization\",\"@id\":\"https:\/\/nordnesrepublikken.no\/#organization\",\"name\":\"Nordnesrepublikken\",\"url\":\"https:\/\/nordnesrepublikken.no\/\",\"logo\":{\"@type\":\"ImageObject\",\"inLanguage\":\"nb-NO\",\"@id\":\"https:\/\/nordnesrepublikken.no\/#\/schema\/logo\/image\/\",\"url\":\"https:\/\/nordnesrepublikken.no\/wp-content\/uploads\/2025\/02\/cropped-nordnesrepublikken-2.png\",\"contentUrl\":\"https:\/\/nordnesrepublikken.no\/wp-content\/uploads\/2025\/02\/cropped-nordnesrepublikken-2.png\",\"width\":1248,\"height\":362,\"caption\":\"Nordnesrepublikken\"},\"image\":{\"@id\":\"https:\/\/nordnesrepublikken.no\/#\/schema\/logo\/image\/\"}},{\"@type\":\"Person\",\"@id\":\"https:\/\/nordnesrepublikken.no\/#\/schema\/person\/2e7e81935bab77882fffb79296240ff1\",\"name\":\"Ole Andersen\",\"image\":{\"@type\":\"ImageObject\",\"inLanguage\":\"nb-NO\",\"@id\":\"https:\/\/nordnesrepublikken.no\/#\/schema\/person\/image\/\",\"url\":\"https:\/\/nordnesrepublikken.no\/wp-content\/uploads\/2025\/02\/nordnesrepublikken-2-2-150x150.jpg\",\"contentUrl\":\"https:\/\/nordnesrepublikken.no\/wp-content\/uploads\/2025\/02\/nordnesrepublikken-2-2-150x150.jpg\",\"caption\":\"Ole Andersen\"},\"description\":\"Ettersom jeg vokste opp i Oslo, har jeg alltid v\u00e6rt fascinert av ordenes kraft og deres evne til \u00e5 skape endringer. Etter \u00e5 ha fullf\u00f8rt min utdannelse i kommunikasjon ved Universitetet i Bergen, fikk jeg muligheten til \u00e5 jobbe innen ulike medier, der jeg har s\u00f8kt \u00e5 belyse viktige samfunnssp\u00f8rsm\u00e5l. I dag, som redakt\u00f8r for Nordnesrepublikken, pr\u00f8ver jeg \u00e5 forene min kj\u00e6rlighet for journalistikk med min lidenskap for innovasjon og eventyr.\",\"sameAs\":[\"https:\/\/nordnesrepublikken.no\/\"]}]}<\/script>\n<!-- \/ Yoast SEO plugin. -->","yoast_head_json":{"title":"hvordan det kom til dette og hvorfor Trump truer med \u00e5 gripe inn - Nordnesrepublikken","robots":{"index":"index","follow":"follow","max-snippet":"max-snippet:-1","max-image-preview":"max-image-preview:large","max-video-preview":"max-video-preview:-1"},"canonical":"https:\/\/nordnesrepublikken.no\/index.php\/2026\/01\/09\/hvordan-det-kom-til-dette-og-hvorfor-trump-truer-med-a-gripe-inn\/","og_locale":"nb_NO","og_type":"article","og_title":"hvordan det kom til dette og hvorfor Trump truer med \u00e5 gripe inn - Nordnesrepublikken","og_description":"Startet 28. desember 2025, viser de ingen tegn til \u00e5 stoppe protester mot regjeringen i","og_url":"https:\/\/nordnesrepublikken.no\/index.php\/2026\/01\/09\/hvordan-det-kom-til-dette-og-hvorfor-trump-truer-med-a-gripe-inn\/","og_site_name":"Nordnesrepublikken","article_published_time":"2026-01-09T18:50:34+00:00","article_modified_time":"2026-01-09T18:50:38+00:00","og_image":[{"width":2560,"height":1425,"url":"https:\/\/nordnesrepublikken.no\/wp-content\/uploads\/2026\/01\/1767984635_hvordan-det-kom-til-dette-og-hvorfor-Trump-truer-med-scaled.jpg","type":"image\/jpeg"}],"author":"Ole Andersen","twitter_card":"summary_large_image","twitter_misc":{"Skrevet av":"Ole Andersen","Ansl. lesetid":"6 minutter"},"schema":{"@context":"https:\/\/schema.org","@graph":[{"@type":"Article","@id":"https:\/\/nordnesrepublikken.no\/index.php\/2026\/01\/09\/hvordan-det-kom-til-dette-og-hvorfor-trump-truer-med-a-gripe-inn\/#article","isPartOf":{"@id":"https:\/\/nordnesrepublikken.no\/index.php\/2026\/01\/09\/hvordan-det-kom-til-dette-og-hvorfor-trump-truer-med-a-gripe-inn\/"},"author":{"name":"Ole Andersen","@id":"https:\/\/nordnesrepublikken.no\/#\/schema\/person\/2e7e81935bab77882fffb79296240ff1"},"headline":"hvordan det kom til dette og hvorfor Trump truer med \u00e5 gripe inn","datePublished":"2026-01-09T18:50:34+00:00","dateModified":"2026-01-09T18:50:38+00:00","mainEntityOfPage":{"@id":"https:\/\/nordnesrepublikken.no\/index.php\/2026\/01\/09\/hvordan-det-kom-til-dette-og-hvorfor-trump-truer-med-a-gripe-inn\/"},"wordCount":1137,"publisher":{"@id":"https:\/\/nordnesrepublikken.no\/#organization"},"image":{"@id":"https:\/\/nordnesrepublikken.no\/index.php\/2026\/01\/09\/hvordan-det-kom-til-dette-og-hvorfor-trump-truer-med-a-gripe-inn\/#primaryimage"},"thumbnailUrl":"https:\/\/nordnesrepublikken.no\/wp-content\/uploads\/2026\/01\/1767984635_hvordan-det-kom-til-dette-og-hvorfor-Trump-truer-med-scaled.jpg","keywords":["Det","dette","gripe","Hvordan","hvorfor","inn","kom","med","til","truer","Trump"],"articleSection":["Politikk"],"inLanguage":"nb-NO"},{"@type":"WebPage","@id":"https:\/\/nordnesrepublikken.no\/index.php\/2026\/01\/09\/hvordan-det-kom-til-dette-og-hvorfor-trump-truer-med-a-gripe-inn\/","url":"https:\/\/nordnesrepublikken.no\/index.php\/2026\/01\/09\/hvordan-det-kom-til-dette-og-hvorfor-trump-truer-med-a-gripe-inn\/","name":"hvordan det kom til dette og hvorfor Trump truer med \u00e5 gripe inn - Nordnesrepublikken","isPartOf":{"@id":"https:\/\/nordnesrepublikken.no\/#website"},"primaryImageOfPage":{"@id":"https:\/\/nordnesrepublikken.no\/index.php\/2026\/01\/09\/hvordan-det-kom-til-dette-og-hvorfor-trump-truer-med-a-gripe-inn\/#primaryimage"},"image":{"@id":"https:\/\/nordnesrepublikken.no\/index.php\/2026\/01\/09\/hvordan-det-kom-til-dette-og-hvorfor-trump-truer-med-a-gripe-inn\/#primaryimage"},"thumbnailUrl":"https:\/\/nordnesrepublikken.no\/wp-content\/uploads\/2026\/01\/1767984635_hvordan-det-kom-til-dette-og-hvorfor-Trump-truer-med-scaled.jpg","datePublished":"2026-01-09T18:50:34+00:00","dateModified":"2026-01-09T18:50:38+00:00","breadcrumb":{"@id":"https:\/\/nordnesrepublikken.no\/index.php\/2026\/01\/09\/hvordan-det-kom-til-dette-og-hvorfor-trump-truer-med-a-gripe-inn\/#breadcrumb"},"inLanguage":"nb-NO","potentialAction":[{"@type":"ReadAction","target":["https:\/\/nordnesrepublikken.no\/index.php\/2026\/01\/09\/hvordan-det-kom-til-dette-og-hvorfor-trump-truer-med-a-gripe-inn\/"]}]},{"@type":"ImageObject","inLanguage":"nb-NO","@id":"https:\/\/nordnesrepublikken.no\/index.php\/2026\/01\/09\/hvordan-det-kom-til-dette-og-hvorfor-trump-truer-med-a-gripe-inn\/#primaryimage","url":"https:\/\/nordnesrepublikken.no\/wp-content\/uploads\/2026\/01\/1767984635_hvordan-det-kom-til-dette-og-hvorfor-Trump-truer-med-scaled.jpg","contentUrl":"https:\/\/nordnesrepublikken.no\/wp-content\/uploads\/2026\/01\/1767984635_hvordan-det-kom-til-dette-og-hvorfor-Trump-truer-med-scaled.jpg","width":2560,"height":1425,"caption":"hvordan det kom til dette og hvorfor Trump truer med \u00e5 gripe inn"},{"@type":"BreadcrumbList","@id":"https:\/\/nordnesrepublikken.no\/index.php\/2026\/01\/09\/hvordan-det-kom-til-dette-og-hvorfor-trump-truer-med-a-gripe-inn\/#breadcrumb","itemListElement":[{"@type":"ListItem","position":1,"name":"Home","item":"https:\/\/nordnesrepublikken.no\/"},{"@type":"ListItem","position":2,"name":"hvordan det kom til dette og hvorfor Trump truer med \u00e5 gripe inn"}]},{"@type":"WebSite","@id":"https:\/\/nordnesrepublikken.no\/#website","url":"https:\/\/nordnesrepublikken.no\/","name":"Nordnesrepublikken","description":"Stemmer og Visjoner fra Republikkens Hjerte","publisher":{"@id":"https:\/\/nordnesrepublikken.no\/#organization"},"potentialAction":[{"@type":"SearchAction","target":{"@type":"EntryPoint","urlTemplate":"https:\/\/nordnesrepublikken.no\/?s={search_term_string}"},"query-input":{"@type":"PropertyValueSpecification","valueRequired":true,"valueName":"search_term_string"}}],"inLanguage":"nb-NO"},{"@type":"Organization","@id":"https:\/\/nordnesrepublikken.no\/#organization","name":"Nordnesrepublikken","url":"https:\/\/nordnesrepublikken.no\/","logo":{"@type":"ImageObject","inLanguage":"nb-NO","@id":"https:\/\/nordnesrepublikken.no\/#\/schema\/logo\/image\/","url":"https:\/\/nordnesrepublikken.no\/wp-content\/uploads\/2025\/02\/cropped-nordnesrepublikken-2.png","contentUrl":"https:\/\/nordnesrepublikken.no\/wp-content\/uploads\/2025\/02\/cropped-nordnesrepublikken-2.png","width":1248,"height":362,"caption":"Nordnesrepublikken"},"image":{"@id":"https:\/\/nordnesrepublikken.no\/#\/schema\/logo\/image\/"}},{"@type":"Person","@id":"https:\/\/nordnesrepublikken.no\/#\/schema\/person\/2e7e81935bab77882fffb79296240ff1","name":"Ole Andersen","image":{"@type":"ImageObject","inLanguage":"nb-NO","@id":"https:\/\/nordnesrepublikken.no\/#\/schema\/person\/image\/","url":"https:\/\/nordnesrepublikken.no\/wp-content\/uploads\/2025\/02\/nordnesrepublikken-2-2-150x150.jpg","contentUrl":"https:\/\/nordnesrepublikken.no\/wp-content\/uploads\/2025\/02\/nordnesrepublikken-2-2-150x150.jpg","caption":"Ole Andersen"},"description":"Ettersom jeg vokste opp i Oslo, har jeg alltid v\u00e6rt fascinert av ordenes kraft og deres evne til \u00e5 skape endringer. Etter \u00e5 ha fullf\u00f8rt min utdannelse i kommunikasjon ved Universitetet i Bergen, fikk jeg muligheten til \u00e5 jobbe innen ulike medier, der jeg har s\u00f8kt \u00e5 belyse viktige samfunnssp\u00f8rsm\u00e5l. I dag, som redakt\u00f8r for Nordnesrepublikken, pr\u00f8ver jeg \u00e5 forene min kj\u00e6rlighet for journalistikk med min lidenskap for innovasjon og eventyr.","sameAs":["https:\/\/nordnesrepublikken.no\/"]}]}},"_links":{"self":[{"href":"https:\/\/nordnesrepublikken.no\/index.php\/wp-json\/wp\/v2\/posts\/13676","targetHints":{"allow":["GET"]}}],"collection":[{"href":"https:\/\/nordnesrepublikken.no\/index.php\/wp-json\/wp\/v2\/posts"}],"about":[{"href":"https:\/\/nordnesrepublikken.no\/index.php\/wp-json\/wp\/v2\/types\/post"}],"author":[{"embeddable":true,"href":"https:\/\/nordnesrepublikken.no\/index.php\/wp-json\/wp\/v2\/users\/1"}],"replies":[{"embeddable":true,"href":"https:\/\/nordnesrepublikken.no\/index.php\/wp-json\/wp\/v2\/comments?post=13676"}],"version-history":[{"count":1,"href":"https:\/\/nordnesrepublikken.no\/index.php\/wp-json\/wp\/v2\/posts\/13676\/revisions"}],"predecessor-version":[{"id":13678,"href":"https:\/\/nordnesrepublikken.no\/index.php\/wp-json\/wp\/v2\/posts\/13676\/revisions\/13678"}],"wp:featuredmedia":[{"embeddable":true,"href":"https:\/\/nordnesrepublikken.no\/index.php\/wp-json\/wp\/v2\/media\/13677"}],"wp:attachment":[{"href":"https:\/\/nordnesrepublikken.no\/index.php\/wp-json\/wp\/v2\/media?parent=13676"}],"wp:term":[{"taxonomy":"category","embeddable":true,"href":"https:\/\/nordnesrepublikken.no\/index.php\/wp-json\/wp\/v2\/categories?post=13676"},{"taxonomy":"post_tag","embeddable":true,"href":"https:\/\/nordnesrepublikken.no\/index.php\/wp-json\/wp\/v2\/tags?post=13676"}],"curies":[{"name":"wp","href":"https:\/\/api.w.org\/{rel}","templated":true}]}}