{"id":13673,"date":"2026-01-09T17:51:27","date_gmt":"2026-01-09T16:51:27","guid":{"rendered":"https:\/\/nordnesrepublikken.no\/index.php\/2026\/01\/09\/hva-statsminister-meloni-sa-pa-pressekonferansen\/"},"modified":"2026-01-09T17:51:29","modified_gmt":"2026-01-09T16:51:29","slug":"hva-statsminister-meloni-sa-pa-pressekonferansen","status":"publish","type":"post","link":"https:\/\/nordnesrepublikken.no\/index.php\/2026\/01\/09\/hva-statsminister-meloni-sa-pa-pressekonferansen\/","title":{"rendered":"hva statsminister Meloni sa p\u00e5 pressekonferansen"},"content":{"rendered":"<div>\n<div class=\"cp_wrapper cp_wrapper--fw mb-30 mb-20@tablet\">\n<figure class=\"mm\"><picture class=\"img\" style=\"padding-top:56.25%\"><source  media=\"(min-width: 1024px)\"><source  media=\"(min-width: 768px)\"><\/source><\/source><\/picture><\/figure>\n<\/p><\/div>\n<p>P\u00e5 den f\u00f8rste pressekonferansen i 2026 sa statsministeren <strong>Giorgia Meloni<\/strong> snakket om \u00e5 forby bruk av glitrende lys inne p\u00e5 klubber og diskoteker, pga<strong>Crans-Montana brann<\/strong>. I sin tale understreket statsministeren behovet for \u00e5:<\/p>\n<blockquote>\n<p><strong>Tenk p\u00e5 muligheten for \u00e5 forby innend\u00f8rs<\/strong> bruken av gnister p\u00e5 flasker for \u00e5 feire, som imidlertid er et fareelement. Siden vi er veldig dyktige gr\u00fcndere, ser jeg for meg at vi kan finne tusen andre m\u00e5ter \u00e5 feire p\u00e5 og forhindre at et sted brenner ned.<\/p>\n<\/blockquote>\n<p>Statsministeren fremhevet ogs\u00e5 hvordan tiltakene ikke umiddelbart ble aktivert <strong>n\u00f8dprosedyrer<\/strong> for \u00e5 evakuere barna fra det brennende rommet:<\/p>\n<blockquote>\n<p>\u00abDa de f\u00f8rste videoene kom ut ble jeg veldig sl\u00e5tt over at noen av disse barna ble v\u00e6rende inne n\u00e5r det allerede var flammer, og jeg forsto ikke hvorfor. Det smarteste sa en av m\u00f8drene, musikken fortsatte \u00e5 spille og det hjalp ikke \u00e5 ha veldig sm\u00e5 barn med en lavere fareterskel enn v\u00e5r: <strong>hvorfor ble ikke musikken stoppet? Hvorfor fikk ikke barna beskjed om \u00e5 komme ut?<\/strong> Hvorfor foretok ikke ordf\u00f8reren kontroller&#8230;? Det er for mange hvorfor de har produsert.&raquo;<\/p>\n<\/blockquote>\n<p><iframe loading=\"lazy\" title=\"Conferenza stampa del Presidente Meloni\" width=\"1200\" height=\"675\" src=\"https:\/\/www.youtube.com\/embed\/Y2NtImFReus?feature=oembed\" frameborder=\"0\" allow=\"accelerometer; autoplay; clipboard-write; encrypted-media; gyroscope; picture-in-picture; web-share\" referrerpolicy=\"strict-origin-when-cross-origin\" allowfullscreen><\/iframe><\/p>\n<p>Men hva er gjeldende lovverk som regulerer bruken av <strong>fontenelys<\/strong>? Stearinlys vurderes i det hele tatt <strong>pyrotekniske effekter<\/strong>i henhold til bestemmelsene i <strong>Lovvedtak 29. juli 2015<\/strong>n. 123 (som implementerer EU-direktiv 2013\/29). F\u00f8lgelig kan de bare markedsf\u00f8res hvis de er i samsvar<strong> presise sikkerhetskrav<\/strong> og skal inneholde bruksanvisning og sikkerhetsavstander.<\/p>\n<p>De som kommer <strong>autorisert for internt bruk<\/strong>anses som en <strong>ekstremt lav risiko,<\/strong> nettopp fordi de har forutsigbar fysisk og kjemisk oppf\u00f8rsel og en lav mengde blanding tilstede. Risikoen deres avhenger imidlertid f\u00f8rst og fremst av streng overholdelse av instruksjonene, sikkerhetsavstander og brukssammenheng.<\/p>\n<\/p><\/div>\n","protected":false},"excerpt":{"rendered":"<p>P\u00e5 den f\u00f8rste pressekonferansen i 2026 sa statsministeren Giorgia Meloni snakket om \u00e5 forby bruk<\/p>\n","protected":false},"author":1,"featured_media":13674,"comment_status":"closed","ping_status":"open","sticky":false,"template":"","format":"standard","meta":{"footnotes":""},"categories":[104],"tags":[144,8983,81,8984,1485],"class_list":["post-13673","post","type-post","status-publish","format-standard","has-post-thumbnail","hentry","category-samfunn","tag-hva","tag-meloni","tag-pa","tag-pressekonferansen","tag-statsminister","generate-columns","tablet-grid-50","mobile-grid-100","grid-parent","grid-33","resize-featured-image"],"yoast_head":"<!-- This site is optimized with the Yoast SEO plugin v24.4 - https:\/\/yoast.com\/wordpress\/plugins\/seo\/ -->\n<title>hva statsminister Meloni sa p\u00e5 pressekonferansen - Nordnesrepublikken<\/title>\n<meta name=\"robots\" content=\"index, follow, max-snippet:-1, max-image-preview:large, max-video-preview:-1\" \/>\n<link rel=\"canonical\" href=\"https:\/\/nordnesrepublikken.no\/index.php\/2026\/01\/09\/hva-statsminister-meloni-sa-pa-pressekonferansen\/\" \/>\n<meta property=\"og:locale\" content=\"nb_NO\" \/>\n<meta property=\"og:type\" content=\"article\" \/>\n<meta property=\"og:title\" content=\"hva statsminister Meloni sa p\u00e5 pressekonferansen - Nordnesrepublikken\" \/>\n<meta property=\"og:description\" content=\"P\u00e5 den f\u00f8rste pressekonferansen i 2026 sa statsministeren Giorgia Meloni snakket om \u00e5 forby bruk\" \/>\n<meta property=\"og:url\" content=\"https:\/\/nordnesrepublikken.no\/index.php\/2026\/01\/09\/hva-statsminister-meloni-sa-pa-pressekonferansen\/\" \/>\n<meta property=\"og:site_name\" content=\"Nordnesrepublikken\" \/>\n<meta property=\"article:published_time\" content=\"2026-01-09T16:51:27+00:00\" \/>\n<meta property=\"article:modified_time\" content=\"2026-01-09T16:51:29+00:00\" \/>\n<meta property=\"og:image\" content=\"https:\/\/nordnesrepublikken.no\/wp-content\/uploads\/2026\/01\/1767977488_hva-statsminister-Meloni-sa-pa-pressekonferansen.jpg\" \/>\n\t<meta property=\"og:image:width\" content=\"1055\" \/>\n\t<meta property=\"og:image:height\" content=\"525\" \/>\n\t<meta property=\"og:image:type\" content=\"image\/jpeg\" \/>\n<meta name=\"author\" content=\"Ole Andersen\" \/>\n<meta name=\"twitter:card\" content=\"summary_large_image\" \/>\n<meta name=\"twitter:label1\" content=\"Skrevet av\" \/>\n\t<meta name=\"twitter:data1\" content=\"Ole Andersen\" \/>\n\t<meta name=\"twitter:label2\" content=\"Ansl. lesetid\" \/>\n\t<meta name=\"twitter:data2\" content=\"1 minutt\" \/>\n<script type=\"application\/ld+json\" class=\"yoast-schema-graph\">{\"@context\":\"https:\/\/schema.org\",\"@graph\":[{\"@type\":\"Article\",\"@id\":\"https:\/\/nordnesrepublikken.no\/index.php\/2026\/01\/09\/hva-statsminister-meloni-sa-pa-pressekonferansen\/#article\",\"isPartOf\":{\"@id\":\"https:\/\/nordnesrepublikken.no\/index.php\/2026\/01\/09\/hva-statsminister-meloni-sa-pa-pressekonferansen\/\"},\"author\":{\"name\":\"Ole Andersen\",\"@id\":\"https:\/\/nordnesrepublikken.no\/#\/schema\/person\/2e7e81935bab77882fffb79296240ff1\"},\"headline\":\"hva statsminister Meloni sa p\u00e5 pressekonferansen\",\"datePublished\":\"2026-01-09T16:51:27+00:00\",\"dateModified\":\"2026-01-09T16:51:29+00:00\",\"mainEntityOfPage\":{\"@id\":\"https:\/\/nordnesrepublikken.no\/index.php\/2026\/01\/09\/hva-statsminister-meloni-sa-pa-pressekonferansen\/\"},\"wordCount\":289,\"publisher\":{\"@id\":\"https:\/\/nordnesrepublikken.no\/#organization\"},\"image\":{\"@id\":\"https:\/\/nordnesrepublikken.no\/index.php\/2026\/01\/09\/hva-statsminister-meloni-sa-pa-pressekonferansen\/#primaryimage\"},\"thumbnailUrl\":\"https:\/\/nordnesrepublikken.no\/wp-content\/uploads\/2026\/01\/1767977488_hva-statsminister-Meloni-sa-pa-pressekonferansen.jpg\",\"keywords\":[\"Hva\",\"Meloni\",\"p\u00e5\",\"pressekonferansen\",\"Statsminister\"],\"articleSection\":[\"Samfunn\"],\"inLanguage\":\"nb-NO\"},{\"@type\":\"WebPage\",\"@id\":\"https:\/\/nordnesrepublikken.no\/index.php\/2026\/01\/09\/hva-statsminister-meloni-sa-pa-pressekonferansen\/\",\"url\":\"https:\/\/nordnesrepublikken.no\/index.php\/2026\/01\/09\/hva-statsminister-meloni-sa-pa-pressekonferansen\/\",\"name\":\"hva statsminister Meloni sa p\u00e5 pressekonferansen - Nordnesrepublikken\",\"isPartOf\":{\"@id\":\"https:\/\/nordnesrepublikken.no\/#website\"},\"primaryImageOfPage\":{\"@id\":\"https:\/\/nordnesrepublikken.no\/index.php\/2026\/01\/09\/hva-statsminister-meloni-sa-pa-pressekonferansen\/#primaryimage\"},\"image\":{\"@id\":\"https:\/\/nordnesrepublikken.no\/index.php\/2026\/01\/09\/hva-statsminister-meloni-sa-pa-pressekonferansen\/#primaryimage\"},\"thumbnailUrl\":\"https:\/\/nordnesrepublikken.no\/wp-content\/uploads\/2026\/01\/1767977488_hva-statsminister-Meloni-sa-pa-pressekonferansen.jpg\",\"datePublished\":\"2026-01-09T16:51:27+00:00\",\"dateModified\":\"2026-01-09T16:51:29+00:00\",\"breadcrumb\":{\"@id\":\"https:\/\/nordnesrepublikken.no\/index.php\/2026\/01\/09\/hva-statsminister-meloni-sa-pa-pressekonferansen\/#breadcrumb\"},\"inLanguage\":\"nb-NO\",\"potentialAction\":[{\"@type\":\"ReadAction\",\"target\":[\"https:\/\/nordnesrepublikken.no\/index.php\/2026\/01\/09\/hva-statsminister-meloni-sa-pa-pressekonferansen\/\"]}]},{\"@type\":\"ImageObject\",\"inLanguage\":\"nb-NO\",\"@id\":\"https:\/\/nordnesrepublikken.no\/index.php\/2026\/01\/09\/hva-statsminister-meloni-sa-pa-pressekonferansen\/#primaryimage\",\"url\":\"https:\/\/nordnesrepublikken.no\/wp-content\/uploads\/2026\/01\/1767977488_hva-statsminister-Meloni-sa-pa-pressekonferansen.jpg\",\"contentUrl\":\"https:\/\/nordnesrepublikken.no\/wp-content\/uploads\/2026\/01\/1767977488_hva-statsminister-Meloni-sa-pa-pressekonferansen.jpg\",\"width\":1055,\"height\":525,\"caption\":\"hva statsminister Meloni sa p\u00e5 pressekonferansen\"},{\"@type\":\"BreadcrumbList\",\"@id\":\"https:\/\/nordnesrepublikken.no\/index.php\/2026\/01\/09\/hva-statsminister-meloni-sa-pa-pressekonferansen\/#breadcrumb\",\"itemListElement\":[{\"@type\":\"ListItem\",\"position\":1,\"name\":\"Home\",\"item\":\"https:\/\/nordnesrepublikken.no\/\"},{\"@type\":\"ListItem\",\"position\":2,\"name\":\"hva statsminister Meloni sa p\u00e5 pressekonferansen\"}]},{\"@type\":\"WebSite\",\"@id\":\"https:\/\/nordnesrepublikken.no\/#website\",\"url\":\"https:\/\/nordnesrepublikken.no\/\",\"name\":\"Nordnesrepublikken\",\"description\":\"Stemmer og Visjoner fra Republikkens Hjerte\",\"publisher\":{\"@id\":\"https:\/\/nordnesrepublikken.no\/#organization\"},\"potentialAction\":[{\"@type\":\"SearchAction\",\"target\":{\"@type\":\"EntryPoint\",\"urlTemplate\":\"https:\/\/nordnesrepublikken.no\/?s={search_term_string}\"},\"query-input\":{\"@type\":\"PropertyValueSpecification\",\"valueRequired\":true,\"valueName\":\"search_term_string\"}}],\"inLanguage\":\"nb-NO\"},{\"@type\":\"Organization\",\"@id\":\"https:\/\/nordnesrepublikken.no\/#organization\",\"name\":\"Nordnesrepublikken\",\"url\":\"https:\/\/nordnesrepublikken.no\/\",\"logo\":{\"@type\":\"ImageObject\",\"inLanguage\":\"nb-NO\",\"@id\":\"https:\/\/nordnesrepublikken.no\/#\/schema\/logo\/image\/\",\"url\":\"https:\/\/nordnesrepublikken.no\/wp-content\/uploads\/2025\/02\/cropped-nordnesrepublikken-2.png\",\"contentUrl\":\"https:\/\/nordnesrepublikken.no\/wp-content\/uploads\/2025\/02\/cropped-nordnesrepublikken-2.png\",\"width\":1248,\"height\":362,\"caption\":\"Nordnesrepublikken\"},\"image\":{\"@id\":\"https:\/\/nordnesrepublikken.no\/#\/schema\/logo\/image\/\"}},{\"@type\":\"Person\",\"@id\":\"https:\/\/nordnesrepublikken.no\/#\/schema\/person\/2e7e81935bab77882fffb79296240ff1\",\"name\":\"Ole Andersen\",\"image\":{\"@type\":\"ImageObject\",\"inLanguage\":\"nb-NO\",\"@id\":\"https:\/\/nordnesrepublikken.no\/#\/schema\/person\/image\/\",\"url\":\"https:\/\/nordnesrepublikken.no\/wp-content\/uploads\/2025\/02\/nordnesrepublikken-2-2-150x150.jpg\",\"contentUrl\":\"https:\/\/nordnesrepublikken.no\/wp-content\/uploads\/2025\/02\/nordnesrepublikken-2-2-150x150.jpg\",\"caption\":\"Ole Andersen\"},\"description\":\"Ettersom jeg vokste opp i Oslo, har jeg alltid v\u00e6rt fascinert av ordenes kraft og deres evne til \u00e5 skape endringer. Etter \u00e5 ha fullf\u00f8rt min utdannelse i kommunikasjon ved Universitetet i Bergen, fikk jeg muligheten til \u00e5 jobbe innen ulike medier, der jeg har s\u00f8kt \u00e5 belyse viktige samfunnssp\u00f8rsm\u00e5l. I dag, som redakt\u00f8r for Nordnesrepublikken, pr\u00f8ver jeg \u00e5 forene min kj\u00e6rlighet for journalistikk med min lidenskap for innovasjon og eventyr.\",\"sameAs\":[\"https:\/\/nordnesrepublikken.no\/\"]}]}<\/script>\n<!-- \/ Yoast SEO plugin. -->","yoast_head_json":{"title":"hva statsminister Meloni sa p\u00e5 pressekonferansen - Nordnesrepublikken","robots":{"index":"index","follow":"follow","max-snippet":"max-snippet:-1","max-image-preview":"max-image-preview:large","max-video-preview":"max-video-preview:-1"},"canonical":"https:\/\/nordnesrepublikken.no\/index.php\/2026\/01\/09\/hva-statsminister-meloni-sa-pa-pressekonferansen\/","og_locale":"nb_NO","og_type":"article","og_title":"hva statsminister Meloni sa p\u00e5 pressekonferansen - Nordnesrepublikken","og_description":"P\u00e5 den f\u00f8rste pressekonferansen i 2026 sa statsministeren Giorgia Meloni snakket om \u00e5 forby bruk","og_url":"https:\/\/nordnesrepublikken.no\/index.php\/2026\/01\/09\/hva-statsminister-meloni-sa-pa-pressekonferansen\/","og_site_name":"Nordnesrepublikken","article_published_time":"2026-01-09T16:51:27+00:00","article_modified_time":"2026-01-09T16:51:29+00:00","og_image":[{"width":1055,"height":525,"url":"https:\/\/nordnesrepublikken.no\/wp-content\/uploads\/2026\/01\/1767977488_hva-statsminister-Meloni-sa-pa-pressekonferansen.jpg","type":"image\/jpeg"}],"author":"Ole Andersen","twitter_card":"summary_large_image","twitter_misc":{"Skrevet av":"Ole Andersen","Ansl. lesetid":"1 minutt"},"schema":{"@context":"https:\/\/schema.org","@graph":[{"@type":"Article","@id":"https:\/\/nordnesrepublikken.no\/index.php\/2026\/01\/09\/hva-statsminister-meloni-sa-pa-pressekonferansen\/#article","isPartOf":{"@id":"https:\/\/nordnesrepublikken.no\/index.php\/2026\/01\/09\/hva-statsminister-meloni-sa-pa-pressekonferansen\/"},"author":{"name":"Ole Andersen","@id":"https:\/\/nordnesrepublikken.no\/#\/schema\/person\/2e7e81935bab77882fffb79296240ff1"},"headline":"hva statsminister Meloni sa p\u00e5 pressekonferansen","datePublished":"2026-01-09T16:51:27+00:00","dateModified":"2026-01-09T16:51:29+00:00","mainEntityOfPage":{"@id":"https:\/\/nordnesrepublikken.no\/index.php\/2026\/01\/09\/hva-statsminister-meloni-sa-pa-pressekonferansen\/"},"wordCount":289,"publisher":{"@id":"https:\/\/nordnesrepublikken.no\/#organization"},"image":{"@id":"https:\/\/nordnesrepublikken.no\/index.php\/2026\/01\/09\/hva-statsminister-meloni-sa-pa-pressekonferansen\/#primaryimage"},"thumbnailUrl":"https:\/\/nordnesrepublikken.no\/wp-content\/uploads\/2026\/01\/1767977488_hva-statsminister-Meloni-sa-pa-pressekonferansen.jpg","keywords":["Hva","Meloni","p\u00e5","pressekonferansen","Statsminister"],"articleSection":["Samfunn"],"inLanguage":"nb-NO"},{"@type":"WebPage","@id":"https:\/\/nordnesrepublikken.no\/index.php\/2026\/01\/09\/hva-statsminister-meloni-sa-pa-pressekonferansen\/","url":"https:\/\/nordnesrepublikken.no\/index.php\/2026\/01\/09\/hva-statsminister-meloni-sa-pa-pressekonferansen\/","name":"hva statsminister Meloni sa p\u00e5 pressekonferansen - Nordnesrepublikken","isPartOf":{"@id":"https:\/\/nordnesrepublikken.no\/#website"},"primaryImageOfPage":{"@id":"https:\/\/nordnesrepublikken.no\/index.php\/2026\/01\/09\/hva-statsminister-meloni-sa-pa-pressekonferansen\/#primaryimage"},"image":{"@id":"https:\/\/nordnesrepublikken.no\/index.php\/2026\/01\/09\/hva-statsminister-meloni-sa-pa-pressekonferansen\/#primaryimage"},"thumbnailUrl":"https:\/\/nordnesrepublikken.no\/wp-content\/uploads\/2026\/01\/1767977488_hva-statsminister-Meloni-sa-pa-pressekonferansen.jpg","datePublished":"2026-01-09T16:51:27+00:00","dateModified":"2026-01-09T16:51:29+00:00","breadcrumb":{"@id":"https:\/\/nordnesrepublikken.no\/index.php\/2026\/01\/09\/hva-statsminister-meloni-sa-pa-pressekonferansen\/#breadcrumb"},"inLanguage":"nb-NO","potentialAction":[{"@type":"ReadAction","target":["https:\/\/nordnesrepublikken.no\/index.php\/2026\/01\/09\/hva-statsminister-meloni-sa-pa-pressekonferansen\/"]}]},{"@type":"ImageObject","inLanguage":"nb-NO","@id":"https:\/\/nordnesrepublikken.no\/index.php\/2026\/01\/09\/hva-statsminister-meloni-sa-pa-pressekonferansen\/#primaryimage","url":"https:\/\/nordnesrepublikken.no\/wp-content\/uploads\/2026\/01\/1767977488_hva-statsminister-Meloni-sa-pa-pressekonferansen.jpg","contentUrl":"https:\/\/nordnesrepublikken.no\/wp-content\/uploads\/2026\/01\/1767977488_hva-statsminister-Meloni-sa-pa-pressekonferansen.jpg","width":1055,"height":525,"caption":"hva statsminister Meloni sa p\u00e5 pressekonferansen"},{"@type":"BreadcrumbList","@id":"https:\/\/nordnesrepublikken.no\/index.php\/2026\/01\/09\/hva-statsminister-meloni-sa-pa-pressekonferansen\/#breadcrumb","itemListElement":[{"@type":"ListItem","position":1,"name":"Home","item":"https:\/\/nordnesrepublikken.no\/"},{"@type":"ListItem","position":2,"name":"hva statsminister Meloni sa p\u00e5 pressekonferansen"}]},{"@type":"WebSite","@id":"https:\/\/nordnesrepublikken.no\/#website","url":"https:\/\/nordnesrepublikken.no\/","name":"Nordnesrepublikken","description":"Stemmer og Visjoner fra Republikkens Hjerte","publisher":{"@id":"https:\/\/nordnesrepublikken.no\/#organization"},"potentialAction":[{"@type":"SearchAction","target":{"@type":"EntryPoint","urlTemplate":"https:\/\/nordnesrepublikken.no\/?s={search_term_string}"},"query-input":{"@type":"PropertyValueSpecification","valueRequired":true,"valueName":"search_term_string"}}],"inLanguage":"nb-NO"},{"@type":"Organization","@id":"https:\/\/nordnesrepublikken.no\/#organization","name":"Nordnesrepublikken","url":"https:\/\/nordnesrepublikken.no\/","logo":{"@type":"ImageObject","inLanguage":"nb-NO","@id":"https:\/\/nordnesrepublikken.no\/#\/schema\/logo\/image\/","url":"https:\/\/nordnesrepublikken.no\/wp-content\/uploads\/2025\/02\/cropped-nordnesrepublikken-2.png","contentUrl":"https:\/\/nordnesrepublikken.no\/wp-content\/uploads\/2025\/02\/cropped-nordnesrepublikken-2.png","width":1248,"height":362,"caption":"Nordnesrepublikken"},"image":{"@id":"https:\/\/nordnesrepublikken.no\/#\/schema\/logo\/image\/"}},{"@type":"Person","@id":"https:\/\/nordnesrepublikken.no\/#\/schema\/person\/2e7e81935bab77882fffb79296240ff1","name":"Ole Andersen","image":{"@type":"ImageObject","inLanguage":"nb-NO","@id":"https:\/\/nordnesrepublikken.no\/#\/schema\/person\/image\/","url":"https:\/\/nordnesrepublikken.no\/wp-content\/uploads\/2025\/02\/nordnesrepublikken-2-2-150x150.jpg","contentUrl":"https:\/\/nordnesrepublikken.no\/wp-content\/uploads\/2025\/02\/nordnesrepublikken-2-2-150x150.jpg","caption":"Ole Andersen"},"description":"Ettersom jeg vokste opp i Oslo, har jeg alltid v\u00e6rt fascinert av ordenes kraft og deres evne til \u00e5 skape endringer. Etter \u00e5 ha fullf\u00f8rt min utdannelse i kommunikasjon ved Universitetet i Bergen, fikk jeg muligheten til \u00e5 jobbe innen ulike medier, der jeg har s\u00f8kt \u00e5 belyse viktige samfunnssp\u00f8rsm\u00e5l. I dag, som redakt\u00f8r for Nordnesrepublikken, pr\u00f8ver jeg \u00e5 forene min kj\u00e6rlighet for journalistikk med min lidenskap for innovasjon og eventyr.","sameAs":["https:\/\/nordnesrepublikken.no\/"]}]}},"_links":{"self":[{"href":"https:\/\/nordnesrepublikken.no\/index.php\/wp-json\/wp\/v2\/posts\/13673","targetHints":{"allow":["GET"]}}],"collection":[{"href":"https:\/\/nordnesrepublikken.no\/index.php\/wp-json\/wp\/v2\/posts"}],"about":[{"href":"https:\/\/nordnesrepublikken.no\/index.php\/wp-json\/wp\/v2\/types\/post"}],"author":[{"embeddable":true,"href":"https:\/\/nordnesrepublikken.no\/index.php\/wp-json\/wp\/v2\/users\/1"}],"replies":[{"embeddable":true,"href":"https:\/\/nordnesrepublikken.no\/index.php\/wp-json\/wp\/v2\/comments?post=13673"}],"version-history":[{"count":1,"href":"https:\/\/nordnesrepublikken.no\/index.php\/wp-json\/wp\/v2\/posts\/13673\/revisions"}],"predecessor-version":[{"id":13675,"href":"https:\/\/nordnesrepublikken.no\/index.php\/wp-json\/wp\/v2\/posts\/13673\/revisions\/13675"}],"wp:featuredmedia":[{"embeddable":true,"href":"https:\/\/nordnesrepublikken.no\/index.php\/wp-json\/wp\/v2\/media\/13674"}],"wp:attachment":[{"href":"https:\/\/nordnesrepublikken.no\/index.php\/wp-json\/wp\/v2\/media?parent=13673"}],"wp:term":[{"taxonomy":"category","embeddable":true,"href":"https:\/\/nordnesrepublikken.no\/index.php\/wp-json\/wp\/v2\/categories?post=13673"},{"taxonomy":"post_tag","embeddable":true,"href":"https:\/\/nordnesrepublikken.no\/index.php\/wp-json\/wp\/v2\/tags?post=13673"}],"curies":[{"name":"wp","href":"https:\/\/api.w.org\/{rel}","templated":true}]}}