{"id":13667,"date":"2026-01-09T13:51:04","date_gmt":"2026-01-09T12:51:04","guid":{"rendered":"https:\/\/nordnesrepublikken.no\/index.php\/2026\/01\/09\/hvorfor-gjesper-vi-dens-funksjon-er-fremfor-alt-sosial-og-kommunikativ\/"},"modified":"2026-01-09T13:51:06","modified_gmt":"2026-01-09T12:51:06","slug":"hvorfor-gjesper-vi-dens-funksjon-er-fremfor-alt-sosial-og-kommunikativ","status":"publish","type":"post","link":"https:\/\/nordnesrepublikken.no\/index.php\/2026\/01\/09\/hvorfor-gjesper-vi-dens-funksjon-er-fremfor-alt-sosial-og-kommunikativ\/","title":{"rendered":"Hvorfor gjesper vi? Dens funksjon er fremfor alt sosial og kommunikativ"},"content":{"rendered":"<div>\n<div class=\"cp_wrapper cp_wrapper--fw mb-30 mb-20@tablet\">\n<figure class=\"mm\"><picture class=\"img\" style=\"padding-top:56.25%\"><source  media=\"(min-width: 1024px)\"><source  media=\"(min-width: 768px)\"><\/source><\/source><\/picture><\/figure>\n<\/p><\/div>\n<p>De <strong>gjesp<\/strong> det er en universell og eldgammel oppf\u00f8rsel, men dens betydning har lenge blitt misforst\u00e5tt. De vanligste forklaringene, som ideen om at det tjener til \u00e5 oksygenere eller &laquo;vekke opp&raquo; hjernen, st\u00f8ttes ikke av dataene. Bevisene indikerer i stedet at gjesping fremfor alt har en <strong>sosial og kommunikativ funksjon<\/strong>knyttet til empati og synkronisering av atferd mellom individer.<\/p>\n<h2>Hva er gjesping for noe og hvorfor vi gj\u00f8r det: vitenskapen avkrefter mytene<\/h2>\n<p>\u00c5 gjespe er en av de vanligste og mest mystiske atferdene vi har. Vi gj\u00f8r det alle, siden f\u00f8r vi ble f\u00f8dt, og vi observerer det hos mange dyrearter. Likevel har ingen i \u00e5rhundrer klart \u00e5 gi et overbevisende svar p\u00e5 et tilsynelatende enkelt sp\u00f8rsm\u00e5l: <strong>hvorfor gjesper vi?<\/strong><\/p>\n<p>Den mest utbredte ideen er at den tjener <strong>&laquo;oksygener hjernen&raquo;<\/strong>. Men vitenskapen sier at det ikke er tilfelle.<\/p>\n<p>I f\u00f8lge en anmeldelse publisert i 2010 p\u00e5 <em>Nevrovitenskap og bioatferdsvurderinger<\/em> av A. Guggisberg og medarbeidere, er de viktigste fysiologiske hypotesene om gjesping ikke st\u00f8ttet av eksperimentelle data. Resultatet er overraskende: nesten alle klassiske fysiologiske forklaringer <strong>de holder ikke opp til dataene<\/strong>.<\/p>\n<p><strong>\u00c5 gjespe er derfor ikke nyttig for \u00e5 ta inn mer oksygen. <\/strong>Hvis vi gjesper for \u00e5 \u00f8ke oksygen i blodet, b\u00f8r vi gj\u00f8re det mer n\u00e5r vi er under fysisk stress eller n\u00e5r oksygen minker. Men eksperimenter viser det motsatte: \u00e5 endre niv\u00e5ene av oksygen eller karbondioksid i blodet <strong>endrer ikke frekvensen av gjesping<\/strong>. N\u00e5r kroppen trenger oksygen, fremskynder den pusten \u2013 den gjesper ikke.<\/p>\n<p>Videre er gjesping en ineffektiv m\u00e5te \u00e5 puste p\u00e5: dyp inn\u00e5nding etterf\u00f8lges av en kort apn\u00e9, som avbryter gassutvekslingen. Kort sagt, hvis det ble skapt for \u00e5 oksygenere hjernen, ville det v\u00e6re en ganske d\u00e5rlig utformet mekanisme.<\/p>\n<p>En annen veldig popul\u00e6r id\u00e9 er at jeg gjesper<strong> \u00f8ke \u00e5rv\u00e5kenhet<\/strong>hjelper oss \u00e5 holde oss v\u00e5kne. I virkeligheten forteller EEG-studier en annen historie. jeg gjesper <strong>vises n\u00e5r vi er mer s\u00f8vnige<\/strong>for eksempel f\u00f8r du sovner eller rett etter oppv\u00e5kning. Men &#8211; og dette er det avgj\u00f8rende punktet &#8211; <strong>det gir ikke en \u00f8kning i hjerneaktivering<\/strong>. Faktisk, etter et gjesp fortsetter hjernen \u00e5 vise tegn p\u00e5 d\u00f8sighet.<\/p>\n<p>Hvis det virkelig tjente til \u00e5 &laquo;reaktivere&raquo; oss, b\u00f8r vi observere en m\u00e5lbar endring i hjernens tilstand. Men dette skjer ikke.<\/p>\n<p>Mer nylig har en annen hypotese blitt foresl\u00e5tt: gjesping ville tjene til<strong> avkj\u00f8l hjernen.<\/strong> Selv her er imidlertid bevisene svake. Tilgjengelige studier kan ikke skille effekten av temperatur fra virkningene av d\u00f8sighet, som f\u00f8lger lignende biologiske rytmer. Og det er ikke klart <strong>som<\/strong> et gjesp kan avkj\u00f8le hjernen bedre enn vanlig pust.<\/p>\n<h2>\u00c5rsaken til gjesping er hovedsakelig sosial<\/h2>\n<p>Hvis fysiologiske forklaringer ikke fungerer, hvor skal man lete? If\u00f8lge forfatterne av <em>anmeldelse<\/em>det mest solide svaret er et annet: <strong>gjesping er en form for sosial kommunikasjon<\/strong>. I mange kulturer er gjesping forbundet med kjedsomhet, tretthet eller lett stress. Og ikke overraskende: gjesping signaliserer til andre at v\u00e5r indre tilstand er i endring. Det er ikke en alarmmelding, men et \u00absvakt\u00bb signal, som kommuniserer ubehag eller mangel p\u00e5 oppmerksomhet.<\/p>\n<p>Dette forklarer ogs\u00e5 en av de mest fascinerende aspektene ved gjesping: <strong>dens smittefare<\/strong>.<\/p>\n<h2>Hvorfor er gjesping smittsomt?<\/h2>\n<p>Hos mennesker kan det \u00e5 se eller h\u00f8re noen gjespe f\u00e5 oss til \u00e5 gjespe ogs\u00e5. Men dette skjer ikke alltid og for alle. Studier viser at:<\/p>\n<ul>\n<li>det smittsomme gjesp <strong>vises f\u00f8rst etter 4\u20135 \u00e5r<\/strong>,<\/li>\n<li>er redusert ved tilstander som involverer empatiske vansker (som autisme og schizofreni),<\/li>\n<li>det er hyppigere blant f\u00f8lelsesmessig n\u00e6re mennesker.<\/li>\n<\/ul>\n<div class=\"cp_wrapper cp_wrapper--fw mb-50\">\n<figure class=\"mm\"><picture class=\"img\" style=\"padding-top:38.024691358025%\"><source  media=\"(min-width: 1024px)\"><source  media=\"(min-width: 768px)\"><img decoding=\"async\" loading=\"lazy\" src=\"https:\/\/nordnesrepublikken.no\/wp-content\/uploads\/2026\/01\/1767963064_882_Hvorfor-gjesper-vi-Dens-funksjon-er-fremfor-alt-sosial-og.jpg\" alt=\"Bilde\" width=\"810\" height=\"308\"\/><\/source><\/source><\/picture><\/figure>\n<\/p><\/div>\n<p>P\u00e5 hjerneniv\u00e5 aktiverer det \u00e5 observere et gjesp speilnevronsystemet, og hjerneomr\u00e5der som er involvert i empati, sosial atferd og forst\u00e5else av bevegelser og andre. Det er ikke bare en refleks: det er en dypt sosial atferd. Det skal ogs\u00e5 sies at ikke alle arter gjesper smittsomt. Fenomenet er godt dokumentert hos mennesker og store primater, langt mindre (eller ikke i det hele tatt) hos dyr med enklere sosiale strukturer.<\/p>\n<p>\u00c5 gjespe er en eldgammel atferd som finnes hos mange virveldyr. Men hos sosiale pattedyr, og spesielt mennesker, ser det ut til \u00e5 ha forandret seg til noe mer: <strong>et gruppesynkroniseringsverkt\u00f8y<\/strong>.<\/p>\n<p>I f\u00f8lge denne visjonen tjener gjesping ikke s\u00e5 mye til \u00e5 endre v\u00e5r indre tilstand, men snarere til <strong>gj\u00f8re det synlig for andre<\/strong>. Og dette, fra et evolusjon\u00e6rt synspunkt, kan utgj\u00f8re en stor forskjell.<\/p>\n<\/p><\/div>\n","protected":false},"excerpt":{"rendered":"<p>De gjesp det er en universell og eldgammel oppf\u00f8rsel, men dens betydning har lenge blitt<\/p>\n","protected":false},"author":1,"featured_media":13668,"comment_status":"closed","ping_status":"open","sticky":false,"template":"","format":"standard","meta":{"footnotes":""},"categories":[24],"tags":[1696,1244,5739,2650,8975,101,8977,8976],"class_list":["post-13667","post","type-post","status-publish","format-standard","has-post-thumbnail","hentry","category-vitenskap","tag-alt","tag-dens","tag-fremfor","tag-funksjon","tag-gjesper","tag-hvorfor","tag-kommunikativ","tag-sosial","generate-columns","tablet-grid-50","mobile-grid-100","grid-parent","grid-33","resize-featured-image"],"yoast_head":"<!-- This site is optimized with the Yoast SEO plugin v24.4 - https:\/\/yoast.com\/wordpress\/plugins\/seo\/ -->\n<title>Hvorfor gjesper vi? Dens funksjon er fremfor alt sosial og kommunikativ - Nordnesrepublikken<\/title>\n<meta name=\"robots\" content=\"index, follow, max-snippet:-1, max-image-preview:large, max-video-preview:-1\" \/>\n<link rel=\"canonical\" href=\"https:\/\/nordnesrepublikken.no\/index.php\/2026\/01\/09\/hvorfor-gjesper-vi-dens-funksjon-er-fremfor-alt-sosial-og-kommunikativ\/\" \/>\n<meta property=\"og:locale\" content=\"nb_NO\" \/>\n<meta property=\"og:type\" content=\"article\" \/>\n<meta property=\"og:title\" content=\"Hvorfor gjesper vi? Dens funksjon er fremfor alt sosial og kommunikativ - Nordnesrepublikken\" \/>\n<meta property=\"og:description\" content=\"De gjesp det er en universell og eldgammel oppf\u00f8rsel, men dens betydning har lenge blitt\" \/>\n<meta property=\"og:url\" content=\"https:\/\/nordnesrepublikken.no\/index.php\/2026\/01\/09\/hvorfor-gjesper-vi-dens-funksjon-er-fremfor-alt-sosial-og-kommunikativ\/\" \/>\n<meta property=\"og:site_name\" content=\"Nordnesrepublikken\" \/>\n<meta property=\"article:published_time\" content=\"2026-01-09T12:51:04+00:00\" \/>\n<meta property=\"article:modified_time\" content=\"2026-01-09T12:51:06+00:00\" \/>\n<meta property=\"og:image\" content=\"https:\/\/nordnesrepublikken.no\/wp-content\/uploads\/2026\/01\/1767963065_Hvorfor-gjesper-vi-Dens-funksjon-er-fremfor-alt-sosial-og.jpg\" \/>\n\t<meta property=\"og:image:width\" content=\"1890\" \/>\n\t<meta property=\"og:image:height\" content=\"1063\" \/>\n\t<meta property=\"og:image:type\" content=\"image\/jpeg\" \/>\n<meta name=\"author\" content=\"Ole Andersen\" \/>\n<meta name=\"twitter:card\" content=\"summary_large_image\" \/>\n<meta name=\"twitter:label1\" content=\"Skrevet av\" \/>\n\t<meta name=\"twitter:data1\" content=\"Ole Andersen\" \/>\n\t<meta name=\"twitter:label2\" content=\"Ansl. lesetid\" \/>\n\t<meta name=\"twitter:data2\" content=\"4 minutter\" \/>\n<script type=\"application\/ld+json\" class=\"yoast-schema-graph\">{\"@context\":\"https:\/\/schema.org\",\"@graph\":[{\"@type\":\"Article\",\"@id\":\"https:\/\/nordnesrepublikken.no\/index.php\/2026\/01\/09\/hvorfor-gjesper-vi-dens-funksjon-er-fremfor-alt-sosial-og-kommunikativ\/#article\",\"isPartOf\":{\"@id\":\"https:\/\/nordnesrepublikken.no\/index.php\/2026\/01\/09\/hvorfor-gjesper-vi-dens-funksjon-er-fremfor-alt-sosial-og-kommunikativ\/\"},\"author\":{\"name\":\"Ole Andersen\",\"@id\":\"https:\/\/nordnesrepublikken.no\/#\/schema\/person\/2e7e81935bab77882fffb79296240ff1\"},\"headline\":\"Hvorfor gjesper vi? Dens funksjon er fremfor alt sosial og kommunikativ\",\"datePublished\":\"2026-01-09T12:51:04+00:00\",\"dateModified\":\"2026-01-09T12:51:06+00:00\",\"mainEntityOfPage\":{\"@id\":\"https:\/\/nordnesrepublikken.no\/index.php\/2026\/01\/09\/hvorfor-gjesper-vi-dens-funksjon-er-fremfor-alt-sosial-og-kommunikativ\/\"},\"wordCount\":742,\"publisher\":{\"@id\":\"https:\/\/nordnesrepublikken.no\/#organization\"},\"image\":{\"@id\":\"https:\/\/nordnesrepublikken.no\/index.php\/2026\/01\/09\/hvorfor-gjesper-vi-dens-funksjon-er-fremfor-alt-sosial-og-kommunikativ\/#primaryimage\"},\"thumbnailUrl\":\"https:\/\/nordnesrepublikken.no\/wp-content\/uploads\/2026\/01\/1767963065_Hvorfor-gjesper-vi-Dens-funksjon-er-fremfor-alt-sosial-og.jpg\",\"keywords\":[\"alt\",\"dens\",\"fremfor\",\"funksjon\",\"gjesper\",\"hvorfor\",\"kommunikativ\",\"sosial\"],\"articleSection\":[\"Vitenskap\"],\"inLanguage\":\"nb-NO\"},{\"@type\":\"WebPage\",\"@id\":\"https:\/\/nordnesrepublikken.no\/index.php\/2026\/01\/09\/hvorfor-gjesper-vi-dens-funksjon-er-fremfor-alt-sosial-og-kommunikativ\/\",\"url\":\"https:\/\/nordnesrepublikken.no\/index.php\/2026\/01\/09\/hvorfor-gjesper-vi-dens-funksjon-er-fremfor-alt-sosial-og-kommunikativ\/\",\"name\":\"Hvorfor gjesper vi? Dens funksjon er fremfor alt sosial og kommunikativ - Nordnesrepublikken\",\"isPartOf\":{\"@id\":\"https:\/\/nordnesrepublikken.no\/#website\"},\"primaryImageOfPage\":{\"@id\":\"https:\/\/nordnesrepublikken.no\/index.php\/2026\/01\/09\/hvorfor-gjesper-vi-dens-funksjon-er-fremfor-alt-sosial-og-kommunikativ\/#primaryimage\"},\"image\":{\"@id\":\"https:\/\/nordnesrepublikken.no\/index.php\/2026\/01\/09\/hvorfor-gjesper-vi-dens-funksjon-er-fremfor-alt-sosial-og-kommunikativ\/#primaryimage\"},\"thumbnailUrl\":\"https:\/\/nordnesrepublikken.no\/wp-content\/uploads\/2026\/01\/1767963065_Hvorfor-gjesper-vi-Dens-funksjon-er-fremfor-alt-sosial-og.jpg\",\"datePublished\":\"2026-01-09T12:51:04+00:00\",\"dateModified\":\"2026-01-09T12:51:06+00:00\",\"breadcrumb\":{\"@id\":\"https:\/\/nordnesrepublikken.no\/index.php\/2026\/01\/09\/hvorfor-gjesper-vi-dens-funksjon-er-fremfor-alt-sosial-og-kommunikativ\/#breadcrumb\"},\"inLanguage\":\"nb-NO\",\"potentialAction\":[{\"@type\":\"ReadAction\",\"target\":[\"https:\/\/nordnesrepublikken.no\/index.php\/2026\/01\/09\/hvorfor-gjesper-vi-dens-funksjon-er-fremfor-alt-sosial-og-kommunikativ\/\"]}]},{\"@type\":\"ImageObject\",\"inLanguage\":\"nb-NO\",\"@id\":\"https:\/\/nordnesrepublikken.no\/index.php\/2026\/01\/09\/hvorfor-gjesper-vi-dens-funksjon-er-fremfor-alt-sosial-og-kommunikativ\/#primaryimage\",\"url\":\"https:\/\/nordnesrepublikken.no\/wp-content\/uploads\/2026\/01\/1767963065_Hvorfor-gjesper-vi-Dens-funksjon-er-fremfor-alt-sosial-og.jpg\",\"contentUrl\":\"https:\/\/nordnesrepublikken.no\/wp-content\/uploads\/2026\/01\/1767963065_Hvorfor-gjesper-vi-Dens-funksjon-er-fremfor-alt-sosial-og.jpg\",\"width\":1890,\"height\":1063,\"caption\":\"Hvorfor gjesper vi? Dens funksjon er fremfor alt sosial og kommunikativ\"},{\"@type\":\"BreadcrumbList\",\"@id\":\"https:\/\/nordnesrepublikken.no\/index.php\/2026\/01\/09\/hvorfor-gjesper-vi-dens-funksjon-er-fremfor-alt-sosial-og-kommunikativ\/#breadcrumb\",\"itemListElement\":[{\"@type\":\"ListItem\",\"position\":1,\"name\":\"Home\",\"item\":\"https:\/\/nordnesrepublikken.no\/\"},{\"@type\":\"ListItem\",\"position\":2,\"name\":\"Hvorfor gjesper vi? Dens funksjon er fremfor alt sosial og kommunikativ\"}]},{\"@type\":\"WebSite\",\"@id\":\"https:\/\/nordnesrepublikken.no\/#website\",\"url\":\"https:\/\/nordnesrepublikken.no\/\",\"name\":\"Nordnesrepublikken\",\"description\":\"Stemmer og Visjoner fra Republikkens Hjerte\",\"publisher\":{\"@id\":\"https:\/\/nordnesrepublikken.no\/#organization\"},\"potentialAction\":[{\"@type\":\"SearchAction\",\"target\":{\"@type\":\"EntryPoint\",\"urlTemplate\":\"https:\/\/nordnesrepublikken.no\/?s={search_term_string}\"},\"query-input\":{\"@type\":\"PropertyValueSpecification\",\"valueRequired\":true,\"valueName\":\"search_term_string\"}}],\"inLanguage\":\"nb-NO\"},{\"@type\":\"Organization\",\"@id\":\"https:\/\/nordnesrepublikken.no\/#organization\",\"name\":\"Nordnesrepublikken\",\"url\":\"https:\/\/nordnesrepublikken.no\/\",\"logo\":{\"@type\":\"ImageObject\",\"inLanguage\":\"nb-NO\",\"@id\":\"https:\/\/nordnesrepublikken.no\/#\/schema\/logo\/image\/\",\"url\":\"https:\/\/nordnesrepublikken.no\/wp-content\/uploads\/2025\/02\/cropped-nordnesrepublikken-2.png\",\"contentUrl\":\"https:\/\/nordnesrepublikken.no\/wp-content\/uploads\/2025\/02\/cropped-nordnesrepublikken-2.png\",\"width\":1248,\"height\":362,\"caption\":\"Nordnesrepublikken\"},\"image\":{\"@id\":\"https:\/\/nordnesrepublikken.no\/#\/schema\/logo\/image\/\"}},{\"@type\":\"Person\",\"@id\":\"https:\/\/nordnesrepublikken.no\/#\/schema\/person\/2e7e81935bab77882fffb79296240ff1\",\"name\":\"Ole Andersen\",\"image\":{\"@type\":\"ImageObject\",\"inLanguage\":\"nb-NO\",\"@id\":\"https:\/\/nordnesrepublikken.no\/#\/schema\/person\/image\/\",\"url\":\"https:\/\/nordnesrepublikken.no\/wp-content\/uploads\/2025\/02\/nordnesrepublikken-2-2-150x150.jpg\",\"contentUrl\":\"https:\/\/nordnesrepublikken.no\/wp-content\/uploads\/2025\/02\/nordnesrepublikken-2-2-150x150.jpg\",\"caption\":\"Ole Andersen\"},\"description\":\"Ettersom jeg vokste opp i Oslo, har jeg alltid v\u00e6rt fascinert av ordenes kraft og deres evne til \u00e5 skape endringer. Etter \u00e5 ha fullf\u00f8rt min utdannelse i kommunikasjon ved Universitetet i Bergen, fikk jeg muligheten til \u00e5 jobbe innen ulike medier, der jeg har s\u00f8kt \u00e5 belyse viktige samfunnssp\u00f8rsm\u00e5l. I dag, som redakt\u00f8r for Nordnesrepublikken, pr\u00f8ver jeg \u00e5 forene min kj\u00e6rlighet for journalistikk med min lidenskap for innovasjon og eventyr.\",\"sameAs\":[\"https:\/\/nordnesrepublikken.no\/\"]}]}<\/script>\n<!-- \/ Yoast SEO plugin. -->","yoast_head_json":{"title":"Hvorfor gjesper vi? Dens funksjon er fremfor alt sosial og kommunikativ - Nordnesrepublikken","robots":{"index":"index","follow":"follow","max-snippet":"max-snippet:-1","max-image-preview":"max-image-preview:large","max-video-preview":"max-video-preview:-1"},"canonical":"https:\/\/nordnesrepublikken.no\/index.php\/2026\/01\/09\/hvorfor-gjesper-vi-dens-funksjon-er-fremfor-alt-sosial-og-kommunikativ\/","og_locale":"nb_NO","og_type":"article","og_title":"Hvorfor gjesper vi? Dens funksjon er fremfor alt sosial og kommunikativ - Nordnesrepublikken","og_description":"De gjesp det er en universell og eldgammel oppf\u00f8rsel, men dens betydning har lenge blitt","og_url":"https:\/\/nordnesrepublikken.no\/index.php\/2026\/01\/09\/hvorfor-gjesper-vi-dens-funksjon-er-fremfor-alt-sosial-og-kommunikativ\/","og_site_name":"Nordnesrepublikken","article_published_time":"2026-01-09T12:51:04+00:00","article_modified_time":"2026-01-09T12:51:06+00:00","og_image":[{"width":1890,"height":1063,"url":"https:\/\/nordnesrepublikken.no\/wp-content\/uploads\/2026\/01\/1767963065_Hvorfor-gjesper-vi-Dens-funksjon-er-fremfor-alt-sosial-og.jpg","type":"image\/jpeg"}],"author":"Ole Andersen","twitter_card":"summary_large_image","twitter_misc":{"Skrevet av":"Ole Andersen","Ansl. lesetid":"4 minutter"},"schema":{"@context":"https:\/\/schema.org","@graph":[{"@type":"Article","@id":"https:\/\/nordnesrepublikken.no\/index.php\/2026\/01\/09\/hvorfor-gjesper-vi-dens-funksjon-er-fremfor-alt-sosial-og-kommunikativ\/#article","isPartOf":{"@id":"https:\/\/nordnesrepublikken.no\/index.php\/2026\/01\/09\/hvorfor-gjesper-vi-dens-funksjon-er-fremfor-alt-sosial-og-kommunikativ\/"},"author":{"name":"Ole Andersen","@id":"https:\/\/nordnesrepublikken.no\/#\/schema\/person\/2e7e81935bab77882fffb79296240ff1"},"headline":"Hvorfor gjesper vi? Dens funksjon er fremfor alt sosial og kommunikativ","datePublished":"2026-01-09T12:51:04+00:00","dateModified":"2026-01-09T12:51:06+00:00","mainEntityOfPage":{"@id":"https:\/\/nordnesrepublikken.no\/index.php\/2026\/01\/09\/hvorfor-gjesper-vi-dens-funksjon-er-fremfor-alt-sosial-og-kommunikativ\/"},"wordCount":742,"publisher":{"@id":"https:\/\/nordnesrepublikken.no\/#organization"},"image":{"@id":"https:\/\/nordnesrepublikken.no\/index.php\/2026\/01\/09\/hvorfor-gjesper-vi-dens-funksjon-er-fremfor-alt-sosial-og-kommunikativ\/#primaryimage"},"thumbnailUrl":"https:\/\/nordnesrepublikken.no\/wp-content\/uploads\/2026\/01\/1767963065_Hvorfor-gjesper-vi-Dens-funksjon-er-fremfor-alt-sosial-og.jpg","keywords":["alt","dens","fremfor","funksjon","gjesper","hvorfor","kommunikativ","sosial"],"articleSection":["Vitenskap"],"inLanguage":"nb-NO"},{"@type":"WebPage","@id":"https:\/\/nordnesrepublikken.no\/index.php\/2026\/01\/09\/hvorfor-gjesper-vi-dens-funksjon-er-fremfor-alt-sosial-og-kommunikativ\/","url":"https:\/\/nordnesrepublikken.no\/index.php\/2026\/01\/09\/hvorfor-gjesper-vi-dens-funksjon-er-fremfor-alt-sosial-og-kommunikativ\/","name":"Hvorfor gjesper vi? Dens funksjon er fremfor alt sosial og kommunikativ - Nordnesrepublikken","isPartOf":{"@id":"https:\/\/nordnesrepublikken.no\/#website"},"primaryImageOfPage":{"@id":"https:\/\/nordnesrepublikken.no\/index.php\/2026\/01\/09\/hvorfor-gjesper-vi-dens-funksjon-er-fremfor-alt-sosial-og-kommunikativ\/#primaryimage"},"image":{"@id":"https:\/\/nordnesrepublikken.no\/index.php\/2026\/01\/09\/hvorfor-gjesper-vi-dens-funksjon-er-fremfor-alt-sosial-og-kommunikativ\/#primaryimage"},"thumbnailUrl":"https:\/\/nordnesrepublikken.no\/wp-content\/uploads\/2026\/01\/1767963065_Hvorfor-gjesper-vi-Dens-funksjon-er-fremfor-alt-sosial-og.jpg","datePublished":"2026-01-09T12:51:04+00:00","dateModified":"2026-01-09T12:51:06+00:00","breadcrumb":{"@id":"https:\/\/nordnesrepublikken.no\/index.php\/2026\/01\/09\/hvorfor-gjesper-vi-dens-funksjon-er-fremfor-alt-sosial-og-kommunikativ\/#breadcrumb"},"inLanguage":"nb-NO","potentialAction":[{"@type":"ReadAction","target":["https:\/\/nordnesrepublikken.no\/index.php\/2026\/01\/09\/hvorfor-gjesper-vi-dens-funksjon-er-fremfor-alt-sosial-og-kommunikativ\/"]}]},{"@type":"ImageObject","inLanguage":"nb-NO","@id":"https:\/\/nordnesrepublikken.no\/index.php\/2026\/01\/09\/hvorfor-gjesper-vi-dens-funksjon-er-fremfor-alt-sosial-og-kommunikativ\/#primaryimage","url":"https:\/\/nordnesrepublikken.no\/wp-content\/uploads\/2026\/01\/1767963065_Hvorfor-gjesper-vi-Dens-funksjon-er-fremfor-alt-sosial-og.jpg","contentUrl":"https:\/\/nordnesrepublikken.no\/wp-content\/uploads\/2026\/01\/1767963065_Hvorfor-gjesper-vi-Dens-funksjon-er-fremfor-alt-sosial-og.jpg","width":1890,"height":1063,"caption":"Hvorfor gjesper vi? Dens funksjon er fremfor alt sosial og kommunikativ"},{"@type":"BreadcrumbList","@id":"https:\/\/nordnesrepublikken.no\/index.php\/2026\/01\/09\/hvorfor-gjesper-vi-dens-funksjon-er-fremfor-alt-sosial-og-kommunikativ\/#breadcrumb","itemListElement":[{"@type":"ListItem","position":1,"name":"Home","item":"https:\/\/nordnesrepublikken.no\/"},{"@type":"ListItem","position":2,"name":"Hvorfor gjesper vi? Dens funksjon er fremfor alt sosial og kommunikativ"}]},{"@type":"WebSite","@id":"https:\/\/nordnesrepublikken.no\/#website","url":"https:\/\/nordnesrepublikken.no\/","name":"Nordnesrepublikken","description":"Stemmer og Visjoner fra Republikkens Hjerte","publisher":{"@id":"https:\/\/nordnesrepublikken.no\/#organization"},"potentialAction":[{"@type":"SearchAction","target":{"@type":"EntryPoint","urlTemplate":"https:\/\/nordnesrepublikken.no\/?s={search_term_string}"},"query-input":{"@type":"PropertyValueSpecification","valueRequired":true,"valueName":"search_term_string"}}],"inLanguage":"nb-NO"},{"@type":"Organization","@id":"https:\/\/nordnesrepublikken.no\/#organization","name":"Nordnesrepublikken","url":"https:\/\/nordnesrepublikken.no\/","logo":{"@type":"ImageObject","inLanguage":"nb-NO","@id":"https:\/\/nordnesrepublikken.no\/#\/schema\/logo\/image\/","url":"https:\/\/nordnesrepublikken.no\/wp-content\/uploads\/2025\/02\/cropped-nordnesrepublikken-2.png","contentUrl":"https:\/\/nordnesrepublikken.no\/wp-content\/uploads\/2025\/02\/cropped-nordnesrepublikken-2.png","width":1248,"height":362,"caption":"Nordnesrepublikken"},"image":{"@id":"https:\/\/nordnesrepublikken.no\/#\/schema\/logo\/image\/"}},{"@type":"Person","@id":"https:\/\/nordnesrepublikken.no\/#\/schema\/person\/2e7e81935bab77882fffb79296240ff1","name":"Ole Andersen","image":{"@type":"ImageObject","inLanguage":"nb-NO","@id":"https:\/\/nordnesrepublikken.no\/#\/schema\/person\/image\/","url":"https:\/\/nordnesrepublikken.no\/wp-content\/uploads\/2025\/02\/nordnesrepublikken-2-2-150x150.jpg","contentUrl":"https:\/\/nordnesrepublikken.no\/wp-content\/uploads\/2025\/02\/nordnesrepublikken-2-2-150x150.jpg","caption":"Ole Andersen"},"description":"Ettersom jeg vokste opp i Oslo, har jeg alltid v\u00e6rt fascinert av ordenes kraft og deres evne til \u00e5 skape endringer. Etter \u00e5 ha fullf\u00f8rt min utdannelse i kommunikasjon ved Universitetet i Bergen, fikk jeg muligheten til \u00e5 jobbe innen ulike medier, der jeg har s\u00f8kt \u00e5 belyse viktige samfunnssp\u00f8rsm\u00e5l. I dag, som redakt\u00f8r for Nordnesrepublikken, pr\u00f8ver jeg \u00e5 forene min kj\u00e6rlighet for journalistikk med min lidenskap for innovasjon og eventyr.","sameAs":["https:\/\/nordnesrepublikken.no\/"]}]}},"_links":{"self":[{"href":"https:\/\/nordnesrepublikken.no\/index.php\/wp-json\/wp\/v2\/posts\/13667","targetHints":{"allow":["GET"]}}],"collection":[{"href":"https:\/\/nordnesrepublikken.no\/index.php\/wp-json\/wp\/v2\/posts"}],"about":[{"href":"https:\/\/nordnesrepublikken.no\/index.php\/wp-json\/wp\/v2\/types\/post"}],"author":[{"embeddable":true,"href":"https:\/\/nordnesrepublikken.no\/index.php\/wp-json\/wp\/v2\/users\/1"}],"replies":[{"embeddable":true,"href":"https:\/\/nordnesrepublikken.no\/index.php\/wp-json\/wp\/v2\/comments?post=13667"}],"version-history":[{"count":1,"href":"https:\/\/nordnesrepublikken.no\/index.php\/wp-json\/wp\/v2\/posts\/13667\/revisions"}],"predecessor-version":[{"id":13669,"href":"https:\/\/nordnesrepublikken.no\/index.php\/wp-json\/wp\/v2\/posts\/13667\/revisions\/13669"}],"wp:featuredmedia":[{"embeddable":true,"href":"https:\/\/nordnesrepublikken.no\/index.php\/wp-json\/wp\/v2\/media\/13668"}],"wp:attachment":[{"href":"https:\/\/nordnesrepublikken.no\/index.php\/wp-json\/wp\/v2\/media?parent=13667"}],"wp:term":[{"taxonomy":"category","embeddable":true,"href":"https:\/\/nordnesrepublikken.no\/index.php\/wp-json\/wp\/v2\/categories?post=13667"},{"taxonomy":"post_tag","embeddable":true,"href":"https:\/\/nordnesrepublikken.no\/index.php\/wp-json\/wp\/v2\/tags?post=13667"}],"curies":[{"name":"wp","href":"https:\/\/api.w.org\/{rel}","templated":true}]}}