{"id":13664,"date":"2026-01-09T12:50:29","date_gmt":"2026-01-09T11:50:29","guid":{"rendered":"https:\/\/nordnesrepublikken.no\/index.php\/2026\/01\/09\/alberto-trentini-som-er-italieneren-som-er-internert-i-venezuela-i-400-dager-som-kan-bli-loslatt-igjen\/"},"modified":"2026-01-09T12:50:30","modified_gmt":"2026-01-09T11:50:30","slug":"alberto-trentini-som-er-italieneren-som-er-internert-i-venezuela-i-400-dager-som-kan-bli-loslatt-igjen","status":"publish","type":"post","link":"https:\/\/nordnesrepublikken.no\/index.php\/2026\/01\/09\/alberto-trentini-som-er-italieneren-som-er-internert-i-venezuela-i-400-dager-som-kan-bli-loslatt-igjen\/","title":{"rendered":"Alberto Trentini, som er italieneren som er internert i Venezuela i 400 dager som kan bli l\u00f8slatt igjen"},"content":{"rendered":"<div>\n<div class=\"cp_wrapper cp_wrapper--fw mb-30 mb-20@tablet\">\n<figure class=\"mm\"><picture class=\"img\" style=\"padding-top:56.25%\"><source  media=\"(min-width: 1024px)\"><source  media=\"(min-width: 768px)\"><\/source><\/source><\/picture><\/figure>\n<\/p><\/div>\n<p>I timene etter USAs milit\u00e6roperasjon i Venezuela og den nye fasen av politisk krise som \u00e5pnet i Caracas, ledet regimet av den midlertidige lederen <strong>Delcy Rodriguez<\/strong> annonserte <strong>l\u00f8slatelse av en rekke utenlandske politiske fanger<\/strong>og det er stor forventning spesielt til hjemkomsten av <strong>Alberto Trentini<\/strong>en fange i hovedstadens fengsler i over 400 dager uten en offisiell siktelse. Blant de som allerede er l\u00f8slatt er det ogs\u00e5 andre italienere, for eksempel gr\u00fcnderen <strong>Luigi Gasperin<\/strong> og journalisten og politikeren <strong>Biagio Pilieri<\/strong>. Imidlertid er den Piemontesiske regnskapsf\u00f8reren fortsatt ventet <strong>Mario Burl\u00f2<\/strong>.<\/p>\n<p>Et tegn p\u00e5 \u00e5penhet, det til Rodr\u00edguez, med h\u00e5p om internasjonal legitimitet for hans regjering.<\/p>\n<p>Men <strong>hvem er Alberto Trentini<\/strong>hvis ansikt ofte har dukket opp i nasjonale aviser det siste halvannet \u00e5ret? Hans internering i Venezuela begynte p\u00e5 <strong>15. november 2024<\/strong>.<\/p>\n<p>Trentini, en 46 \u00e5r gammel venetiansk humanit\u00e6rarbeider, hadde v\u00e6rt i landet i en knapp m\u00e5ned (siden 17. oktober, for \u00e5 v\u00e6re presis), og samarbeidet med NGOen \u00abHumanity &#038; Inclusion\u00bb, som yter bistand til <strong>mennesker med nedsatt funksjonsevne<\/strong>.<\/p>\n<p>Mannen ble stoppet ved et sjekkpunkt mens han reiste mot Guasdualito for <strong>bringe hjelp til lokalsamfunn<\/strong>og nettopp i den anledning var det <strong>arrestert av den venezuelanske h\u00e6ren anklaget for &laquo;terrorisme og anti-Maduro-konspirasjon&raquo;<\/strong>. I virkeligheten ble det aldri reist noen offisiell siktelse mot ham.<\/p>\n<p>Trentini ble sperret inne <strong>maksimal sikkerhet fengsel<\/strong>&laquo;<strong>El Rodeo I<\/strong>&raquo; (omtrent 30 kilometer \u00f8st for Caracas). Et fengsel hvor de innsatte bare har 45 minutter luft tre ganger i uken, og de f\u00e5 som har klart \u00e5 komme seg ut snakker om fysisk og psykisk tortur rettet mot \u00e5 presse ut falske tilst\u00e5elser. I mange uker var ingenting kjent om skjebnen hans, s\u00e5 etter lange uker med<strong> diplomatiske samtaler<\/strong> mellom den italienske og venezuelanske regjeringen kunne Trentini i mai i fjor ringe familien sin og berolige dem, og forsikre dem om at han var i god stand.<\/p>\n<p>N\u00e5, etter USAs angrep p\u00e5 Nicol\u00e1s Maduros Venezuela de siste dagene, har nyhetene om l\u00f8slatelsen av noen internasjonale fanger vekket h\u00e5pet om l\u00f8slatelsen av den humanit\u00e6re arbeideren.<\/p>\n<blockquote>\n<h2>Oppdaterte nyheter<\/h2>\n<\/blockquote><\/div>\n","protected":false},"excerpt":{"rendered":"<p>I timene etter USAs milit\u00e6roperasjon i Venezuela og den nye fasen av politisk krise som<\/p>\n","protected":false},"author":1,"featured_media":13665,"comment_status":"closed","ping_status":"open","sticky":false,"template":"","format":"standard","meta":{"footnotes":""},"categories":[23],"tags":[8970,218,1866,1215,8973,8972,339,8974,31,8971,6528],"class_list":["post-13664","post","type-post","status-publish","format-standard","has-post-thumbnail","hentry","category-politikk","tag-alberto","tag-bli","tag-dager","tag-igjen","tag-internert","tag-italieneren","tag-kan","tag-loslatt","tag-som","tag-trentini","tag-venezuela","generate-columns","tablet-grid-50","mobile-grid-100","grid-parent","grid-33","resize-featured-image"],"yoast_head":"<!-- This site is optimized with the Yoast SEO plugin v24.4 - https:\/\/yoast.com\/wordpress\/plugins\/seo\/ -->\n<title>Alberto Trentini, som er italieneren som er internert i Venezuela i 400 dager som kan bli l\u00f8slatt igjen - Nordnesrepublikken<\/title>\n<meta name=\"robots\" content=\"index, follow, max-snippet:-1, max-image-preview:large, max-video-preview:-1\" \/>\n<link rel=\"canonical\" href=\"https:\/\/nordnesrepublikken.no\/index.php\/2026\/01\/09\/alberto-trentini-som-er-italieneren-som-er-internert-i-venezuela-i-400-dager-som-kan-bli-loslatt-igjen\/\" \/>\n<meta property=\"og:locale\" content=\"nb_NO\" \/>\n<meta property=\"og:type\" content=\"article\" \/>\n<meta property=\"og:title\" content=\"Alberto Trentini, som er italieneren som er internert i Venezuela i 400 dager som kan bli l\u00f8slatt igjen - Nordnesrepublikken\" \/>\n<meta property=\"og:description\" content=\"I timene etter USAs milit\u00e6roperasjon i Venezuela og den nye fasen av politisk krise som\" \/>\n<meta property=\"og:url\" content=\"https:\/\/nordnesrepublikken.no\/index.php\/2026\/01\/09\/alberto-trentini-som-er-italieneren-som-er-internert-i-venezuela-i-400-dager-som-kan-bli-loslatt-igjen\/\" \/>\n<meta property=\"og:site_name\" content=\"Nordnesrepublikken\" \/>\n<meta property=\"article:published_time\" content=\"2026-01-09T11:50:29+00:00\" \/>\n<meta property=\"article:modified_time\" content=\"2026-01-09T11:50:30+00:00\" \/>\n<meta property=\"og:image\" content=\"https:\/\/nordnesrepublikken.no\/wp-content\/uploads\/2026\/01\/1767959430_Alberto-Trentini-som-er-italieneren-som-er-internert-i-Venezuela.jpg\" \/>\n\t<meta property=\"og:image:width\" content=\"597\" \/>\n\t<meta property=\"og:image:height\" content=\"395\" \/>\n\t<meta property=\"og:image:type\" content=\"image\/jpeg\" \/>\n<meta name=\"author\" content=\"Ole Andersen\" \/>\n<meta name=\"twitter:card\" content=\"summary_large_image\" \/>\n<meta name=\"twitter:label1\" content=\"Skrevet av\" \/>\n\t<meta name=\"twitter:data1\" content=\"Ole Andersen\" \/>\n\t<meta name=\"twitter:label2\" content=\"Ansl. lesetid\" \/>\n\t<meta name=\"twitter:data2\" content=\"2 minutter\" \/>\n<script type=\"application\/ld+json\" class=\"yoast-schema-graph\">{\"@context\":\"https:\/\/schema.org\",\"@graph\":[{\"@type\":\"Article\",\"@id\":\"https:\/\/nordnesrepublikken.no\/index.php\/2026\/01\/09\/alberto-trentini-som-er-italieneren-som-er-internert-i-venezuela-i-400-dager-som-kan-bli-loslatt-igjen\/#article\",\"isPartOf\":{\"@id\":\"https:\/\/nordnesrepublikken.no\/index.php\/2026\/01\/09\/alberto-trentini-som-er-italieneren-som-er-internert-i-venezuela-i-400-dager-som-kan-bli-loslatt-igjen\/\"},\"author\":{\"name\":\"Ole Andersen\",\"@id\":\"https:\/\/nordnesrepublikken.no\/#\/schema\/person\/2e7e81935bab77882fffb79296240ff1\"},\"headline\":\"Alberto Trentini, som er italieneren som er internert i Venezuela i 400 dager som kan bli l\u00f8slatt igjen\",\"datePublished\":\"2026-01-09T11:50:29+00:00\",\"dateModified\":\"2026-01-09T11:50:30+00:00\",\"mainEntityOfPage\":{\"@id\":\"https:\/\/nordnesrepublikken.no\/index.php\/2026\/01\/09\/alberto-trentini-som-er-italieneren-som-er-internert-i-venezuela-i-400-dager-som-kan-bli-loslatt-igjen\/\"},\"wordCount\":359,\"publisher\":{\"@id\":\"https:\/\/nordnesrepublikken.no\/#organization\"},\"image\":{\"@id\":\"https:\/\/nordnesrepublikken.no\/index.php\/2026\/01\/09\/alberto-trentini-som-er-italieneren-som-er-internert-i-venezuela-i-400-dager-som-kan-bli-loslatt-igjen\/#primaryimage\"},\"thumbnailUrl\":\"https:\/\/nordnesrepublikken.no\/wp-content\/uploads\/2026\/01\/1767959430_Alberto-Trentini-som-er-italieneren-som-er-internert-i-Venezuela.jpg\",\"keywords\":[\"Alberto\",\"bli\",\"dager\",\"igjen\",\"internert\",\"italieneren\",\"kan\",\"l\u00f8slatt\",\"som\",\"Trentini\",\"Venezuela\"],\"articleSection\":[\"Politikk\"],\"inLanguage\":\"nb-NO\"},{\"@type\":\"WebPage\",\"@id\":\"https:\/\/nordnesrepublikken.no\/index.php\/2026\/01\/09\/alberto-trentini-som-er-italieneren-som-er-internert-i-venezuela-i-400-dager-som-kan-bli-loslatt-igjen\/\",\"url\":\"https:\/\/nordnesrepublikken.no\/index.php\/2026\/01\/09\/alberto-trentini-som-er-italieneren-som-er-internert-i-venezuela-i-400-dager-som-kan-bli-loslatt-igjen\/\",\"name\":\"Alberto Trentini, som er italieneren som er internert i Venezuela i 400 dager som kan bli l\u00f8slatt igjen - Nordnesrepublikken\",\"isPartOf\":{\"@id\":\"https:\/\/nordnesrepublikken.no\/#website\"},\"primaryImageOfPage\":{\"@id\":\"https:\/\/nordnesrepublikken.no\/index.php\/2026\/01\/09\/alberto-trentini-som-er-italieneren-som-er-internert-i-venezuela-i-400-dager-som-kan-bli-loslatt-igjen\/#primaryimage\"},\"image\":{\"@id\":\"https:\/\/nordnesrepublikken.no\/index.php\/2026\/01\/09\/alberto-trentini-som-er-italieneren-som-er-internert-i-venezuela-i-400-dager-som-kan-bli-loslatt-igjen\/#primaryimage\"},\"thumbnailUrl\":\"https:\/\/nordnesrepublikken.no\/wp-content\/uploads\/2026\/01\/1767959430_Alberto-Trentini-som-er-italieneren-som-er-internert-i-Venezuela.jpg\",\"datePublished\":\"2026-01-09T11:50:29+00:00\",\"dateModified\":\"2026-01-09T11:50:30+00:00\",\"breadcrumb\":{\"@id\":\"https:\/\/nordnesrepublikken.no\/index.php\/2026\/01\/09\/alberto-trentini-som-er-italieneren-som-er-internert-i-venezuela-i-400-dager-som-kan-bli-loslatt-igjen\/#breadcrumb\"},\"inLanguage\":\"nb-NO\",\"potentialAction\":[{\"@type\":\"ReadAction\",\"target\":[\"https:\/\/nordnesrepublikken.no\/index.php\/2026\/01\/09\/alberto-trentini-som-er-italieneren-som-er-internert-i-venezuela-i-400-dager-som-kan-bli-loslatt-igjen\/\"]}]},{\"@type\":\"ImageObject\",\"inLanguage\":\"nb-NO\",\"@id\":\"https:\/\/nordnesrepublikken.no\/index.php\/2026\/01\/09\/alberto-trentini-som-er-italieneren-som-er-internert-i-venezuela-i-400-dager-som-kan-bli-loslatt-igjen\/#primaryimage\",\"url\":\"https:\/\/nordnesrepublikken.no\/wp-content\/uploads\/2026\/01\/1767959430_Alberto-Trentini-som-er-italieneren-som-er-internert-i-Venezuela.jpg\",\"contentUrl\":\"https:\/\/nordnesrepublikken.no\/wp-content\/uploads\/2026\/01\/1767959430_Alberto-Trentini-som-er-italieneren-som-er-internert-i-Venezuela.jpg\",\"width\":597,\"height\":395,\"caption\":\"Alberto Trentini, som er italieneren som er internert i Venezuela i 400 dager som kan bli l\u00f8slatt igjen\"},{\"@type\":\"BreadcrumbList\",\"@id\":\"https:\/\/nordnesrepublikken.no\/index.php\/2026\/01\/09\/alberto-trentini-som-er-italieneren-som-er-internert-i-venezuela-i-400-dager-som-kan-bli-loslatt-igjen\/#breadcrumb\",\"itemListElement\":[{\"@type\":\"ListItem\",\"position\":1,\"name\":\"Home\",\"item\":\"https:\/\/nordnesrepublikken.no\/\"},{\"@type\":\"ListItem\",\"position\":2,\"name\":\"Alberto Trentini, som er italieneren som er internert i Venezuela i 400 dager som kan bli l\u00f8slatt igjen\"}]},{\"@type\":\"WebSite\",\"@id\":\"https:\/\/nordnesrepublikken.no\/#website\",\"url\":\"https:\/\/nordnesrepublikken.no\/\",\"name\":\"Nordnesrepublikken\",\"description\":\"Stemmer og Visjoner fra Republikkens Hjerte\",\"publisher\":{\"@id\":\"https:\/\/nordnesrepublikken.no\/#organization\"},\"potentialAction\":[{\"@type\":\"SearchAction\",\"target\":{\"@type\":\"EntryPoint\",\"urlTemplate\":\"https:\/\/nordnesrepublikken.no\/?s={search_term_string}\"},\"query-input\":{\"@type\":\"PropertyValueSpecification\",\"valueRequired\":true,\"valueName\":\"search_term_string\"}}],\"inLanguage\":\"nb-NO\"},{\"@type\":\"Organization\",\"@id\":\"https:\/\/nordnesrepublikken.no\/#organization\",\"name\":\"Nordnesrepublikken\",\"url\":\"https:\/\/nordnesrepublikken.no\/\",\"logo\":{\"@type\":\"ImageObject\",\"inLanguage\":\"nb-NO\",\"@id\":\"https:\/\/nordnesrepublikken.no\/#\/schema\/logo\/image\/\",\"url\":\"https:\/\/nordnesrepublikken.no\/wp-content\/uploads\/2025\/02\/cropped-nordnesrepublikken-2.png\",\"contentUrl\":\"https:\/\/nordnesrepublikken.no\/wp-content\/uploads\/2025\/02\/cropped-nordnesrepublikken-2.png\",\"width\":1248,\"height\":362,\"caption\":\"Nordnesrepublikken\"},\"image\":{\"@id\":\"https:\/\/nordnesrepublikken.no\/#\/schema\/logo\/image\/\"}},{\"@type\":\"Person\",\"@id\":\"https:\/\/nordnesrepublikken.no\/#\/schema\/person\/2e7e81935bab77882fffb79296240ff1\",\"name\":\"Ole Andersen\",\"image\":{\"@type\":\"ImageObject\",\"inLanguage\":\"nb-NO\",\"@id\":\"https:\/\/nordnesrepublikken.no\/#\/schema\/person\/image\/\",\"url\":\"https:\/\/nordnesrepublikken.no\/wp-content\/uploads\/2025\/02\/nordnesrepublikken-2-2-150x150.jpg\",\"contentUrl\":\"https:\/\/nordnesrepublikken.no\/wp-content\/uploads\/2025\/02\/nordnesrepublikken-2-2-150x150.jpg\",\"caption\":\"Ole Andersen\"},\"description\":\"Ettersom jeg vokste opp i Oslo, har jeg alltid v\u00e6rt fascinert av ordenes kraft og deres evne til \u00e5 skape endringer. Etter \u00e5 ha fullf\u00f8rt min utdannelse i kommunikasjon ved Universitetet i Bergen, fikk jeg muligheten til \u00e5 jobbe innen ulike medier, der jeg har s\u00f8kt \u00e5 belyse viktige samfunnssp\u00f8rsm\u00e5l. I dag, som redakt\u00f8r for Nordnesrepublikken, pr\u00f8ver jeg \u00e5 forene min kj\u00e6rlighet for journalistikk med min lidenskap for innovasjon og eventyr.\",\"sameAs\":[\"https:\/\/nordnesrepublikken.no\/\"]}]}<\/script>\n<!-- \/ Yoast SEO plugin. -->","yoast_head_json":{"title":"Alberto Trentini, som er italieneren som er internert i Venezuela i 400 dager som kan bli l\u00f8slatt igjen - Nordnesrepublikken","robots":{"index":"index","follow":"follow","max-snippet":"max-snippet:-1","max-image-preview":"max-image-preview:large","max-video-preview":"max-video-preview:-1"},"canonical":"https:\/\/nordnesrepublikken.no\/index.php\/2026\/01\/09\/alberto-trentini-som-er-italieneren-som-er-internert-i-venezuela-i-400-dager-som-kan-bli-loslatt-igjen\/","og_locale":"nb_NO","og_type":"article","og_title":"Alberto Trentini, som er italieneren som er internert i Venezuela i 400 dager som kan bli l\u00f8slatt igjen - Nordnesrepublikken","og_description":"I timene etter USAs milit\u00e6roperasjon i Venezuela og den nye fasen av politisk krise som","og_url":"https:\/\/nordnesrepublikken.no\/index.php\/2026\/01\/09\/alberto-trentini-som-er-italieneren-som-er-internert-i-venezuela-i-400-dager-som-kan-bli-loslatt-igjen\/","og_site_name":"Nordnesrepublikken","article_published_time":"2026-01-09T11:50:29+00:00","article_modified_time":"2026-01-09T11:50:30+00:00","og_image":[{"width":597,"height":395,"url":"https:\/\/nordnesrepublikken.no\/wp-content\/uploads\/2026\/01\/1767959430_Alberto-Trentini-som-er-italieneren-som-er-internert-i-Venezuela.jpg","type":"image\/jpeg"}],"author":"Ole Andersen","twitter_card":"summary_large_image","twitter_misc":{"Skrevet av":"Ole Andersen","Ansl. lesetid":"2 minutter"},"schema":{"@context":"https:\/\/schema.org","@graph":[{"@type":"Article","@id":"https:\/\/nordnesrepublikken.no\/index.php\/2026\/01\/09\/alberto-trentini-som-er-italieneren-som-er-internert-i-venezuela-i-400-dager-som-kan-bli-loslatt-igjen\/#article","isPartOf":{"@id":"https:\/\/nordnesrepublikken.no\/index.php\/2026\/01\/09\/alberto-trentini-som-er-italieneren-som-er-internert-i-venezuela-i-400-dager-som-kan-bli-loslatt-igjen\/"},"author":{"name":"Ole Andersen","@id":"https:\/\/nordnesrepublikken.no\/#\/schema\/person\/2e7e81935bab77882fffb79296240ff1"},"headline":"Alberto Trentini, som er italieneren som er internert i Venezuela i 400 dager som kan bli l\u00f8slatt igjen","datePublished":"2026-01-09T11:50:29+00:00","dateModified":"2026-01-09T11:50:30+00:00","mainEntityOfPage":{"@id":"https:\/\/nordnesrepublikken.no\/index.php\/2026\/01\/09\/alberto-trentini-som-er-italieneren-som-er-internert-i-venezuela-i-400-dager-som-kan-bli-loslatt-igjen\/"},"wordCount":359,"publisher":{"@id":"https:\/\/nordnesrepublikken.no\/#organization"},"image":{"@id":"https:\/\/nordnesrepublikken.no\/index.php\/2026\/01\/09\/alberto-trentini-som-er-italieneren-som-er-internert-i-venezuela-i-400-dager-som-kan-bli-loslatt-igjen\/#primaryimage"},"thumbnailUrl":"https:\/\/nordnesrepublikken.no\/wp-content\/uploads\/2026\/01\/1767959430_Alberto-Trentini-som-er-italieneren-som-er-internert-i-Venezuela.jpg","keywords":["Alberto","bli","dager","igjen","internert","italieneren","kan","l\u00f8slatt","som","Trentini","Venezuela"],"articleSection":["Politikk"],"inLanguage":"nb-NO"},{"@type":"WebPage","@id":"https:\/\/nordnesrepublikken.no\/index.php\/2026\/01\/09\/alberto-trentini-som-er-italieneren-som-er-internert-i-venezuela-i-400-dager-som-kan-bli-loslatt-igjen\/","url":"https:\/\/nordnesrepublikken.no\/index.php\/2026\/01\/09\/alberto-trentini-som-er-italieneren-som-er-internert-i-venezuela-i-400-dager-som-kan-bli-loslatt-igjen\/","name":"Alberto Trentini, som er italieneren som er internert i Venezuela i 400 dager som kan bli l\u00f8slatt igjen - Nordnesrepublikken","isPartOf":{"@id":"https:\/\/nordnesrepublikken.no\/#website"},"primaryImageOfPage":{"@id":"https:\/\/nordnesrepublikken.no\/index.php\/2026\/01\/09\/alberto-trentini-som-er-italieneren-som-er-internert-i-venezuela-i-400-dager-som-kan-bli-loslatt-igjen\/#primaryimage"},"image":{"@id":"https:\/\/nordnesrepublikken.no\/index.php\/2026\/01\/09\/alberto-trentini-som-er-italieneren-som-er-internert-i-venezuela-i-400-dager-som-kan-bli-loslatt-igjen\/#primaryimage"},"thumbnailUrl":"https:\/\/nordnesrepublikken.no\/wp-content\/uploads\/2026\/01\/1767959430_Alberto-Trentini-som-er-italieneren-som-er-internert-i-Venezuela.jpg","datePublished":"2026-01-09T11:50:29+00:00","dateModified":"2026-01-09T11:50:30+00:00","breadcrumb":{"@id":"https:\/\/nordnesrepublikken.no\/index.php\/2026\/01\/09\/alberto-trentini-som-er-italieneren-som-er-internert-i-venezuela-i-400-dager-som-kan-bli-loslatt-igjen\/#breadcrumb"},"inLanguage":"nb-NO","potentialAction":[{"@type":"ReadAction","target":["https:\/\/nordnesrepublikken.no\/index.php\/2026\/01\/09\/alberto-trentini-som-er-italieneren-som-er-internert-i-venezuela-i-400-dager-som-kan-bli-loslatt-igjen\/"]}]},{"@type":"ImageObject","inLanguage":"nb-NO","@id":"https:\/\/nordnesrepublikken.no\/index.php\/2026\/01\/09\/alberto-trentini-som-er-italieneren-som-er-internert-i-venezuela-i-400-dager-som-kan-bli-loslatt-igjen\/#primaryimage","url":"https:\/\/nordnesrepublikken.no\/wp-content\/uploads\/2026\/01\/1767959430_Alberto-Trentini-som-er-italieneren-som-er-internert-i-Venezuela.jpg","contentUrl":"https:\/\/nordnesrepublikken.no\/wp-content\/uploads\/2026\/01\/1767959430_Alberto-Trentini-som-er-italieneren-som-er-internert-i-Venezuela.jpg","width":597,"height":395,"caption":"Alberto Trentini, som er italieneren som er internert i Venezuela i 400 dager som kan bli l\u00f8slatt igjen"},{"@type":"BreadcrumbList","@id":"https:\/\/nordnesrepublikken.no\/index.php\/2026\/01\/09\/alberto-trentini-som-er-italieneren-som-er-internert-i-venezuela-i-400-dager-som-kan-bli-loslatt-igjen\/#breadcrumb","itemListElement":[{"@type":"ListItem","position":1,"name":"Home","item":"https:\/\/nordnesrepublikken.no\/"},{"@type":"ListItem","position":2,"name":"Alberto Trentini, som er italieneren som er internert i Venezuela i 400 dager som kan bli l\u00f8slatt igjen"}]},{"@type":"WebSite","@id":"https:\/\/nordnesrepublikken.no\/#website","url":"https:\/\/nordnesrepublikken.no\/","name":"Nordnesrepublikken","description":"Stemmer og Visjoner fra Republikkens Hjerte","publisher":{"@id":"https:\/\/nordnesrepublikken.no\/#organization"},"potentialAction":[{"@type":"SearchAction","target":{"@type":"EntryPoint","urlTemplate":"https:\/\/nordnesrepublikken.no\/?s={search_term_string}"},"query-input":{"@type":"PropertyValueSpecification","valueRequired":true,"valueName":"search_term_string"}}],"inLanguage":"nb-NO"},{"@type":"Organization","@id":"https:\/\/nordnesrepublikken.no\/#organization","name":"Nordnesrepublikken","url":"https:\/\/nordnesrepublikken.no\/","logo":{"@type":"ImageObject","inLanguage":"nb-NO","@id":"https:\/\/nordnesrepublikken.no\/#\/schema\/logo\/image\/","url":"https:\/\/nordnesrepublikken.no\/wp-content\/uploads\/2025\/02\/cropped-nordnesrepublikken-2.png","contentUrl":"https:\/\/nordnesrepublikken.no\/wp-content\/uploads\/2025\/02\/cropped-nordnesrepublikken-2.png","width":1248,"height":362,"caption":"Nordnesrepublikken"},"image":{"@id":"https:\/\/nordnesrepublikken.no\/#\/schema\/logo\/image\/"}},{"@type":"Person","@id":"https:\/\/nordnesrepublikken.no\/#\/schema\/person\/2e7e81935bab77882fffb79296240ff1","name":"Ole Andersen","image":{"@type":"ImageObject","inLanguage":"nb-NO","@id":"https:\/\/nordnesrepublikken.no\/#\/schema\/person\/image\/","url":"https:\/\/nordnesrepublikken.no\/wp-content\/uploads\/2025\/02\/nordnesrepublikken-2-2-150x150.jpg","contentUrl":"https:\/\/nordnesrepublikken.no\/wp-content\/uploads\/2025\/02\/nordnesrepublikken-2-2-150x150.jpg","caption":"Ole Andersen"},"description":"Ettersom jeg vokste opp i Oslo, har jeg alltid v\u00e6rt fascinert av ordenes kraft og deres evne til \u00e5 skape endringer. Etter \u00e5 ha fullf\u00f8rt min utdannelse i kommunikasjon ved Universitetet i Bergen, fikk jeg muligheten til \u00e5 jobbe innen ulike medier, der jeg har s\u00f8kt \u00e5 belyse viktige samfunnssp\u00f8rsm\u00e5l. I dag, som redakt\u00f8r for Nordnesrepublikken, pr\u00f8ver jeg \u00e5 forene min kj\u00e6rlighet for journalistikk med min lidenskap for innovasjon og eventyr.","sameAs":["https:\/\/nordnesrepublikken.no\/"]}]}},"_links":{"self":[{"href":"https:\/\/nordnesrepublikken.no\/index.php\/wp-json\/wp\/v2\/posts\/13664","targetHints":{"allow":["GET"]}}],"collection":[{"href":"https:\/\/nordnesrepublikken.no\/index.php\/wp-json\/wp\/v2\/posts"}],"about":[{"href":"https:\/\/nordnesrepublikken.no\/index.php\/wp-json\/wp\/v2\/types\/post"}],"author":[{"embeddable":true,"href":"https:\/\/nordnesrepublikken.no\/index.php\/wp-json\/wp\/v2\/users\/1"}],"replies":[{"embeddable":true,"href":"https:\/\/nordnesrepublikken.no\/index.php\/wp-json\/wp\/v2\/comments?post=13664"}],"version-history":[{"count":1,"href":"https:\/\/nordnesrepublikken.no\/index.php\/wp-json\/wp\/v2\/posts\/13664\/revisions"}],"predecessor-version":[{"id":13666,"href":"https:\/\/nordnesrepublikken.no\/index.php\/wp-json\/wp\/v2\/posts\/13664\/revisions\/13666"}],"wp:featuredmedia":[{"embeddable":true,"href":"https:\/\/nordnesrepublikken.no\/index.php\/wp-json\/wp\/v2\/media\/13665"}],"wp:attachment":[{"href":"https:\/\/nordnesrepublikken.no\/index.php\/wp-json\/wp\/v2\/media?parent=13664"}],"wp:term":[{"taxonomy":"category","embeddable":true,"href":"https:\/\/nordnesrepublikken.no\/index.php\/wp-json\/wp\/v2\/categories?post=13664"},{"taxonomy":"post_tag","embeddable":true,"href":"https:\/\/nordnesrepublikken.no\/index.php\/wp-json\/wp\/v2\/tags?post=13664"}],"curies":[{"name":"wp","href":"https:\/\/api.w.org\/{rel}","templated":true}]}}