{"id":13628,"date":"2026-01-08T13:51:21","date_gmt":"2026-01-08T12:51:21","guid":{"rendered":"https:\/\/nordnesrepublikken.no\/index.php\/2026\/01\/08\/menneskelige-levninger-kan-omskrive-opprinnelsen-til-homo-sapiens\/"},"modified":"2026-01-08T13:51:24","modified_gmt":"2026-01-08T12:51:24","slug":"menneskelige-levninger-kan-omskrive-opprinnelsen-til-homo-sapiens","status":"publish","type":"post","link":"https:\/\/nordnesrepublikken.no\/index.php\/2026\/01\/08\/menneskelige-levninger-kan-omskrive-opprinnelsen-til-homo-sapiens\/","title":{"rendered":"menneskelige levninger kan omskrive opprinnelsen til Homo Sapiens"},"content":{"rendered":"<div>\n<div class=\"cp_wrapper cp_wrapper--fw mb-30 mb-20@tablet\">\n<figure class=\"mm\"><picture class=\"img\" style=\"padding-top:56.25%\"><source  media=\"(min-width: 1024px)\"><source  media=\"(min-width: 768px)\"><\/source><\/source><\/picture><\/figure>\n<\/p><\/div>\n<p>En studie publisert i <strong>Natur<\/strong> rapporterte at en gruppe forskere oppdaget guder <strong>nye hominide fossiler<\/strong> dateres tilbake 773 tusen \u00e5r i en hule n\u00e6r <strong>Casablanca<\/strong> (Marokko), rester som kan tilh\u00f8re <strong>n\u00e6rmeste stamfar<\/strong> (blant de som er kjent til dags dato) av moderne mennesker \u2013 Sapiens, Neanderthals og Denisovans \u2013 og som levde da disse tre menneskegruppene enn\u00e5 ikke hadde skilt seg ut.<\/p>\n<p>Spesielt fant forskergruppen restene (to <strong>underkjevene<\/strong> delvis og utstyrt med tenner e <strong>ryggvirvler<\/strong>) i Grotte \u00e0 Hominid\u00e9s (Hominidens hule), dvs. i <strong>Thomas Quarry<\/strong>.<\/p>\n<p>Studiet, koordinert av <strong>Jean-Jacques Hublin<\/strong> ved Centre for Interdisciplinary Research in Biology ved College of France e <strong>Abderrahim Mohib<\/strong> ved det marokkanske nasjonale instituttet for arkeologiske og kulturarvsvitenskaper, s\u00e5 ogs\u00e5 deltakelse av forskere fra<strong>Universitetet i Milano<\/strong> og av<strong>Universitetet i <\/strong> <strong>Bologna<\/strong>.<\/p>\n<p>Spesielt UNIMI-forskeren <strong>Serena Perini<\/strong>ansvarlig for analysen som tillot <strong>dating<\/strong> av funnene, fortalte ANSA det<strong> oppdagelsen av disse fossilene er eksepsjonell<\/strong>fordi den kritiske perioden der divergensen mellom Sapiens, neandertalere og denisovaner begynte (mellom 1 og 0,6 millioner \u00e5r siden) har sett sv\u00e6rt lite fossile bevis til dags dato. I f\u00f8lge det vi vet s\u00e5 langt, levde faktisk den siste felles stamfaren av de tre for mellom 765 tusen og 550 tusen \u00e5r siden, men det er ikke kjent med sikkerhet hvor han dukket opp. Noen europeiske funn, som f.eks<strong>Homo forgjenger<\/strong> i Spania, har f\u00f8rt til hypotesen om en europeisk opprinnelse, men mangelen p\u00e5 <strong>moderne afrikanske fossiler<\/strong> har s\u00e5 langt hindret sp\u00f8rsm\u00e5let fra \u00e5 bli avklart.<\/p>\n<p>Men hvordan vet vi at restene er s\u00e5 gamle? Vi vet dette fordi sedimentene som fossilene finnes i beholder orienteringen til jordens magnetfelt p\u00e5 det tidspunktet de ble avsatt. Takket v\u00e6re teknikken til <strong>magnetostratigrafisk datering<\/strong>som bruker <strong>reversering av jordas magnetfelt<\/strong> som en &laquo;naturlig klokke&raquo;, kan du vite n\u00e5r sedimentene er avsatt: i dette tilfellet dateres de tilbake til 773 tusen \u00e5r siden.<\/p>\n<p>\u00c5rene er de samme som for den tidligere nevnte <strong>Homo forgjenger <\/strong>(noen av fossilene har blitt datert til rundt 800 tusen \u00e5r siden), men de morfologiske egenskapene til de to hominidene er forskjellige, noe som f\u00f8rer til hypotesen at en <strong>differensiering <\/strong>mellom innbyggerne i Europa og innbyggerne i Nord-Afrika.<\/p>\n<p>I f\u00f8lge forfatterne av studien er det enn\u00e5 ikke helt sikkert at de marokkanske levningene tilh\u00f8rer den nyeste stamfaren til det moderne mennesket, men i alle fall er det &laquo;<strong>veldig n\u00e6rme<\/strong>Uansett, oppdagelsen styrker hypotesen om en <strong>Afrikansk opprinnelse til v\u00e5r art<\/strong>i stedet for europeisk.<\/p>\n<\/p><\/div>\n","protected":false},"excerpt":{"rendered":"<p>En studie publisert i Natur rapporterte at en gruppe forskere oppdaget guder nye hominide fossiler<\/p>\n","protected":false},"author":1,"featured_media":13629,"comment_status":"closed","ping_status":"open","sticky":false,"template":"","format":"standard","meta":{"footnotes":""},"categories":[104],"tags":[7921,339,8950,1267,8951,2162,7922,117],"class_list":["post-13628","post","type-post","status-publish","format-standard","has-post-thumbnail","hentry","category-samfunn","tag-homo","tag-kan","tag-levninger","tag-menneskelige","tag-omskrive","tag-opprinnelsen","tag-sapiens","tag-til","generate-columns","tablet-grid-50","mobile-grid-100","grid-parent","grid-33","resize-featured-image"],"yoast_head":"<!-- This site is optimized with the Yoast SEO plugin v24.4 - https:\/\/yoast.com\/wordpress\/plugins\/seo\/ -->\n<title>menneskelige levninger kan omskrive opprinnelsen til Homo Sapiens - Nordnesrepublikken<\/title>\n<meta name=\"robots\" content=\"index, follow, max-snippet:-1, max-image-preview:large, max-video-preview:-1\" \/>\n<link rel=\"canonical\" href=\"https:\/\/nordnesrepublikken.no\/index.php\/2026\/01\/08\/menneskelige-levninger-kan-omskrive-opprinnelsen-til-homo-sapiens\/\" \/>\n<meta property=\"og:locale\" content=\"nb_NO\" \/>\n<meta property=\"og:type\" content=\"article\" \/>\n<meta property=\"og:title\" content=\"menneskelige levninger kan omskrive opprinnelsen til Homo Sapiens - Nordnesrepublikken\" \/>\n<meta property=\"og:description\" content=\"En studie publisert i Natur rapporterte at en gruppe forskere oppdaget guder nye hominide fossiler\" \/>\n<meta property=\"og:url\" content=\"https:\/\/nordnesrepublikken.no\/index.php\/2026\/01\/08\/menneskelige-levninger-kan-omskrive-opprinnelsen-til-homo-sapiens\/\" \/>\n<meta property=\"og:site_name\" content=\"Nordnesrepublikken\" \/>\n<meta property=\"article:published_time\" content=\"2026-01-08T12:51:21+00:00\" \/>\n<meta property=\"article:modified_time\" content=\"2026-01-08T12:51:24+00:00\" \/>\n<meta property=\"og:image\" content=\"https:\/\/nordnesrepublikken.no\/wp-content\/uploads\/2026\/01\/1767876682_menneskelige-levninger-kan-omskrive-opprinnelsen-til-Homo-Sapiens.jpeg\" \/>\n\t<meta property=\"og:image:width\" content=\"2048\" \/>\n\t<meta property=\"og:image:height\" content=\"1365\" \/>\n\t<meta property=\"og:image:type\" content=\"image\/jpeg\" \/>\n<meta name=\"author\" content=\"Ole Andersen\" \/>\n<meta name=\"twitter:card\" content=\"summary_large_image\" \/>\n<meta name=\"twitter:label1\" content=\"Skrevet av\" \/>\n\t<meta name=\"twitter:data1\" content=\"Ole Andersen\" \/>\n\t<meta name=\"twitter:label2\" content=\"Ansl. lesetid\" \/>\n\t<meta name=\"twitter:data2\" content=\"2 minutter\" \/>\n<script type=\"application\/ld+json\" class=\"yoast-schema-graph\">{\"@context\":\"https:\/\/schema.org\",\"@graph\":[{\"@type\":\"Article\",\"@id\":\"https:\/\/nordnesrepublikken.no\/index.php\/2026\/01\/08\/menneskelige-levninger-kan-omskrive-opprinnelsen-til-homo-sapiens\/#article\",\"isPartOf\":{\"@id\":\"https:\/\/nordnesrepublikken.no\/index.php\/2026\/01\/08\/menneskelige-levninger-kan-omskrive-opprinnelsen-til-homo-sapiens\/\"},\"author\":{\"name\":\"Ole Andersen\",\"@id\":\"https:\/\/nordnesrepublikken.no\/#\/schema\/person\/2e7e81935bab77882fffb79296240ff1\"},\"headline\":\"menneskelige levninger kan omskrive opprinnelsen til Homo Sapiens\",\"datePublished\":\"2026-01-08T12:51:21+00:00\",\"dateModified\":\"2026-01-08T12:51:24+00:00\",\"mainEntityOfPage\":{\"@id\":\"https:\/\/nordnesrepublikken.no\/index.php\/2026\/01\/08\/menneskelige-levninger-kan-omskrive-opprinnelsen-til-homo-sapiens\/\"},\"wordCount\":408,\"publisher\":{\"@id\":\"https:\/\/nordnesrepublikken.no\/#organization\"},\"image\":{\"@id\":\"https:\/\/nordnesrepublikken.no\/index.php\/2026\/01\/08\/menneskelige-levninger-kan-omskrive-opprinnelsen-til-homo-sapiens\/#primaryimage\"},\"thumbnailUrl\":\"https:\/\/nordnesrepublikken.no\/wp-content\/uploads\/2026\/01\/1767876682_menneskelige-levninger-kan-omskrive-opprinnelsen-til-Homo-Sapiens.jpeg\",\"keywords\":[\"Homo\",\"kan\",\"levninger\",\"menneskelige\",\"omskrive\",\"Opprinnelsen\",\"sapiens\",\"til\"],\"articleSection\":[\"Samfunn\"],\"inLanguage\":\"nb-NO\"},{\"@type\":\"WebPage\",\"@id\":\"https:\/\/nordnesrepublikken.no\/index.php\/2026\/01\/08\/menneskelige-levninger-kan-omskrive-opprinnelsen-til-homo-sapiens\/\",\"url\":\"https:\/\/nordnesrepublikken.no\/index.php\/2026\/01\/08\/menneskelige-levninger-kan-omskrive-opprinnelsen-til-homo-sapiens\/\",\"name\":\"menneskelige levninger kan omskrive opprinnelsen til Homo Sapiens - Nordnesrepublikken\",\"isPartOf\":{\"@id\":\"https:\/\/nordnesrepublikken.no\/#website\"},\"primaryImageOfPage\":{\"@id\":\"https:\/\/nordnesrepublikken.no\/index.php\/2026\/01\/08\/menneskelige-levninger-kan-omskrive-opprinnelsen-til-homo-sapiens\/#primaryimage\"},\"image\":{\"@id\":\"https:\/\/nordnesrepublikken.no\/index.php\/2026\/01\/08\/menneskelige-levninger-kan-omskrive-opprinnelsen-til-homo-sapiens\/#primaryimage\"},\"thumbnailUrl\":\"https:\/\/nordnesrepublikken.no\/wp-content\/uploads\/2026\/01\/1767876682_menneskelige-levninger-kan-omskrive-opprinnelsen-til-Homo-Sapiens.jpeg\",\"datePublished\":\"2026-01-08T12:51:21+00:00\",\"dateModified\":\"2026-01-08T12:51:24+00:00\",\"breadcrumb\":{\"@id\":\"https:\/\/nordnesrepublikken.no\/index.php\/2026\/01\/08\/menneskelige-levninger-kan-omskrive-opprinnelsen-til-homo-sapiens\/#breadcrumb\"},\"inLanguage\":\"nb-NO\",\"potentialAction\":[{\"@type\":\"ReadAction\",\"target\":[\"https:\/\/nordnesrepublikken.no\/index.php\/2026\/01\/08\/menneskelige-levninger-kan-omskrive-opprinnelsen-til-homo-sapiens\/\"]}]},{\"@type\":\"ImageObject\",\"inLanguage\":\"nb-NO\",\"@id\":\"https:\/\/nordnesrepublikken.no\/index.php\/2026\/01\/08\/menneskelige-levninger-kan-omskrive-opprinnelsen-til-homo-sapiens\/#primaryimage\",\"url\":\"https:\/\/nordnesrepublikken.no\/wp-content\/uploads\/2026\/01\/1767876682_menneskelige-levninger-kan-omskrive-opprinnelsen-til-Homo-Sapiens.jpeg\",\"contentUrl\":\"https:\/\/nordnesrepublikken.no\/wp-content\/uploads\/2026\/01\/1767876682_menneskelige-levninger-kan-omskrive-opprinnelsen-til-Homo-Sapiens.jpeg\",\"width\":2048,\"height\":1365,\"caption\":\"menneskelige levninger kan omskrive opprinnelsen til Homo Sapiens\"},{\"@type\":\"BreadcrumbList\",\"@id\":\"https:\/\/nordnesrepublikken.no\/index.php\/2026\/01\/08\/menneskelige-levninger-kan-omskrive-opprinnelsen-til-homo-sapiens\/#breadcrumb\",\"itemListElement\":[{\"@type\":\"ListItem\",\"position\":1,\"name\":\"Home\",\"item\":\"https:\/\/nordnesrepublikken.no\/\"},{\"@type\":\"ListItem\",\"position\":2,\"name\":\"menneskelige levninger kan omskrive opprinnelsen til Homo Sapiens\"}]},{\"@type\":\"WebSite\",\"@id\":\"https:\/\/nordnesrepublikken.no\/#website\",\"url\":\"https:\/\/nordnesrepublikken.no\/\",\"name\":\"Nordnesrepublikken\",\"description\":\"Stemmer og Visjoner fra Republikkens Hjerte\",\"publisher\":{\"@id\":\"https:\/\/nordnesrepublikken.no\/#organization\"},\"potentialAction\":[{\"@type\":\"SearchAction\",\"target\":{\"@type\":\"EntryPoint\",\"urlTemplate\":\"https:\/\/nordnesrepublikken.no\/?s={search_term_string}\"},\"query-input\":{\"@type\":\"PropertyValueSpecification\",\"valueRequired\":true,\"valueName\":\"search_term_string\"}}],\"inLanguage\":\"nb-NO\"},{\"@type\":\"Organization\",\"@id\":\"https:\/\/nordnesrepublikken.no\/#organization\",\"name\":\"Nordnesrepublikken\",\"url\":\"https:\/\/nordnesrepublikken.no\/\",\"logo\":{\"@type\":\"ImageObject\",\"inLanguage\":\"nb-NO\",\"@id\":\"https:\/\/nordnesrepublikken.no\/#\/schema\/logo\/image\/\",\"url\":\"https:\/\/nordnesrepublikken.no\/wp-content\/uploads\/2025\/02\/cropped-nordnesrepublikken-2.png\",\"contentUrl\":\"https:\/\/nordnesrepublikken.no\/wp-content\/uploads\/2025\/02\/cropped-nordnesrepublikken-2.png\",\"width\":1248,\"height\":362,\"caption\":\"Nordnesrepublikken\"},\"image\":{\"@id\":\"https:\/\/nordnesrepublikken.no\/#\/schema\/logo\/image\/\"}},{\"@type\":\"Person\",\"@id\":\"https:\/\/nordnesrepublikken.no\/#\/schema\/person\/2e7e81935bab77882fffb79296240ff1\",\"name\":\"Ole Andersen\",\"image\":{\"@type\":\"ImageObject\",\"inLanguage\":\"nb-NO\",\"@id\":\"https:\/\/nordnesrepublikken.no\/#\/schema\/person\/image\/\",\"url\":\"https:\/\/nordnesrepublikken.no\/wp-content\/uploads\/2025\/02\/nordnesrepublikken-2-2-150x150.jpg\",\"contentUrl\":\"https:\/\/nordnesrepublikken.no\/wp-content\/uploads\/2025\/02\/nordnesrepublikken-2-2-150x150.jpg\",\"caption\":\"Ole Andersen\"},\"description\":\"Ettersom jeg vokste opp i Oslo, har jeg alltid v\u00e6rt fascinert av ordenes kraft og deres evne til \u00e5 skape endringer. Etter \u00e5 ha fullf\u00f8rt min utdannelse i kommunikasjon ved Universitetet i Bergen, fikk jeg muligheten til \u00e5 jobbe innen ulike medier, der jeg har s\u00f8kt \u00e5 belyse viktige samfunnssp\u00f8rsm\u00e5l. I dag, som redakt\u00f8r for Nordnesrepublikken, pr\u00f8ver jeg \u00e5 forene min kj\u00e6rlighet for journalistikk med min lidenskap for innovasjon og eventyr.\",\"sameAs\":[\"https:\/\/nordnesrepublikken.no\/\"]}]}<\/script>\n<!-- \/ Yoast SEO plugin. -->","yoast_head_json":{"title":"menneskelige levninger kan omskrive opprinnelsen til Homo Sapiens - Nordnesrepublikken","robots":{"index":"index","follow":"follow","max-snippet":"max-snippet:-1","max-image-preview":"max-image-preview:large","max-video-preview":"max-video-preview:-1"},"canonical":"https:\/\/nordnesrepublikken.no\/index.php\/2026\/01\/08\/menneskelige-levninger-kan-omskrive-opprinnelsen-til-homo-sapiens\/","og_locale":"nb_NO","og_type":"article","og_title":"menneskelige levninger kan omskrive opprinnelsen til Homo Sapiens - Nordnesrepublikken","og_description":"En studie publisert i Natur rapporterte at en gruppe forskere oppdaget guder nye hominide fossiler","og_url":"https:\/\/nordnesrepublikken.no\/index.php\/2026\/01\/08\/menneskelige-levninger-kan-omskrive-opprinnelsen-til-homo-sapiens\/","og_site_name":"Nordnesrepublikken","article_published_time":"2026-01-08T12:51:21+00:00","article_modified_time":"2026-01-08T12:51:24+00:00","og_image":[{"width":2048,"height":1365,"url":"https:\/\/nordnesrepublikken.no\/wp-content\/uploads\/2026\/01\/1767876682_menneskelige-levninger-kan-omskrive-opprinnelsen-til-Homo-Sapiens.jpeg","type":"image\/jpeg"}],"author":"Ole Andersen","twitter_card":"summary_large_image","twitter_misc":{"Skrevet av":"Ole Andersen","Ansl. lesetid":"2 minutter"},"schema":{"@context":"https:\/\/schema.org","@graph":[{"@type":"Article","@id":"https:\/\/nordnesrepublikken.no\/index.php\/2026\/01\/08\/menneskelige-levninger-kan-omskrive-opprinnelsen-til-homo-sapiens\/#article","isPartOf":{"@id":"https:\/\/nordnesrepublikken.no\/index.php\/2026\/01\/08\/menneskelige-levninger-kan-omskrive-opprinnelsen-til-homo-sapiens\/"},"author":{"name":"Ole Andersen","@id":"https:\/\/nordnesrepublikken.no\/#\/schema\/person\/2e7e81935bab77882fffb79296240ff1"},"headline":"menneskelige levninger kan omskrive opprinnelsen til Homo Sapiens","datePublished":"2026-01-08T12:51:21+00:00","dateModified":"2026-01-08T12:51:24+00:00","mainEntityOfPage":{"@id":"https:\/\/nordnesrepublikken.no\/index.php\/2026\/01\/08\/menneskelige-levninger-kan-omskrive-opprinnelsen-til-homo-sapiens\/"},"wordCount":408,"publisher":{"@id":"https:\/\/nordnesrepublikken.no\/#organization"},"image":{"@id":"https:\/\/nordnesrepublikken.no\/index.php\/2026\/01\/08\/menneskelige-levninger-kan-omskrive-opprinnelsen-til-homo-sapiens\/#primaryimage"},"thumbnailUrl":"https:\/\/nordnesrepublikken.no\/wp-content\/uploads\/2026\/01\/1767876682_menneskelige-levninger-kan-omskrive-opprinnelsen-til-Homo-Sapiens.jpeg","keywords":["Homo","kan","levninger","menneskelige","omskrive","Opprinnelsen","sapiens","til"],"articleSection":["Samfunn"],"inLanguage":"nb-NO"},{"@type":"WebPage","@id":"https:\/\/nordnesrepublikken.no\/index.php\/2026\/01\/08\/menneskelige-levninger-kan-omskrive-opprinnelsen-til-homo-sapiens\/","url":"https:\/\/nordnesrepublikken.no\/index.php\/2026\/01\/08\/menneskelige-levninger-kan-omskrive-opprinnelsen-til-homo-sapiens\/","name":"menneskelige levninger kan omskrive opprinnelsen til Homo Sapiens - Nordnesrepublikken","isPartOf":{"@id":"https:\/\/nordnesrepublikken.no\/#website"},"primaryImageOfPage":{"@id":"https:\/\/nordnesrepublikken.no\/index.php\/2026\/01\/08\/menneskelige-levninger-kan-omskrive-opprinnelsen-til-homo-sapiens\/#primaryimage"},"image":{"@id":"https:\/\/nordnesrepublikken.no\/index.php\/2026\/01\/08\/menneskelige-levninger-kan-omskrive-opprinnelsen-til-homo-sapiens\/#primaryimage"},"thumbnailUrl":"https:\/\/nordnesrepublikken.no\/wp-content\/uploads\/2026\/01\/1767876682_menneskelige-levninger-kan-omskrive-opprinnelsen-til-Homo-Sapiens.jpeg","datePublished":"2026-01-08T12:51:21+00:00","dateModified":"2026-01-08T12:51:24+00:00","breadcrumb":{"@id":"https:\/\/nordnesrepublikken.no\/index.php\/2026\/01\/08\/menneskelige-levninger-kan-omskrive-opprinnelsen-til-homo-sapiens\/#breadcrumb"},"inLanguage":"nb-NO","potentialAction":[{"@type":"ReadAction","target":["https:\/\/nordnesrepublikken.no\/index.php\/2026\/01\/08\/menneskelige-levninger-kan-omskrive-opprinnelsen-til-homo-sapiens\/"]}]},{"@type":"ImageObject","inLanguage":"nb-NO","@id":"https:\/\/nordnesrepublikken.no\/index.php\/2026\/01\/08\/menneskelige-levninger-kan-omskrive-opprinnelsen-til-homo-sapiens\/#primaryimage","url":"https:\/\/nordnesrepublikken.no\/wp-content\/uploads\/2026\/01\/1767876682_menneskelige-levninger-kan-omskrive-opprinnelsen-til-Homo-Sapiens.jpeg","contentUrl":"https:\/\/nordnesrepublikken.no\/wp-content\/uploads\/2026\/01\/1767876682_menneskelige-levninger-kan-omskrive-opprinnelsen-til-Homo-Sapiens.jpeg","width":2048,"height":1365,"caption":"menneskelige levninger kan omskrive opprinnelsen til Homo Sapiens"},{"@type":"BreadcrumbList","@id":"https:\/\/nordnesrepublikken.no\/index.php\/2026\/01\/08\/menneskelige-levninger-kan-omskrive-opprinnelsen-til-homo-sapiens\/#breadcrumb","itemListElement":[{"@type":"ListItem","position":1,"name":"Home","item":"https:\/\/nordnesrepublikken.no\/"},{"@type":"ListItem","position":2,"name":"menneskelige levninger kan omskrive opprinnelsen til Homo Sapiens"}]},{"@type":"WebSite","@id":"https:\/\/nordnesrepublikken.no\/#website","url":"https:\/\/nordnesrepublikken.no\/","name":"Nordnesrepublikken","description":"Stemmer og Visjoner fra Republikkens Hjerte","publisher":{"@id":"https:\/\/nordnesrepublikken.no\/#organization"},"potentialAction":[{"@type":"SearchAction","target":{"@type":"EntryPoint","urlTemplate":"https:\/\/nordnesrepublikken.no\/?s={search_term_string}"},"query-input":{"@type":"PropertyValueSpecification","valueRequired":true,"valueName":"search_term_string"}}],"inLanguage":"nb-NO"},{"@type":"Organization","@id":"https:\/\/nordnesrepublikken.no\/#organization","name":"Nordnesrepublikken","url":"https:\/\/nordnesrepublikken.no\/","logo":{"@type":"ImageObject","inLanguage":"nb-NO","@id":"https:\/\/nordnesrepublikken.no\/#\/schema\/logo\/image\/","url":"https:\/\/nordnesrepublikken.no\/wp-content\/uploads\/2025\/02\/cropped-nordnesrepublikken-2.png","contentUrl":"https:\/\/nordnesrepublikken.no\/wp-content\/uploads\/2025\/02\/cropped-nordnesrepublikken-2.png","width":1248,"height":362,"caption":"Nordnesrepublikken"},"image":{"@id":"https:\/\/nordnesrepublikken.no\/#\/schema\/logo\/image\/"}},{"@type":"Person","@id":"https:\/\/nordnesrepublikken.no\/#\/schema\/person\/2e7e81935bab77882fffb79296240ff1","name":"Ole Andersen","image":{"@type":"ImageObject","inLanguage":"nb-NO","@id":"https:\/\/nordnesrepublikken.no\/#\/schema\/person\/image\/","url":"https:\/\/nordnesrepublikken.no\/wp-content\/uploads\/2025\/02\/nordnesrepublikken-2-2-150x150.jpg","contentUrl":"https:\/\/nordnesrepublikken.no\/wp-content\/uploads\/2025\/02\/nordnesrepublikken-2-2-150x150.jpg","caption":"Ole Andersen"},"description":"Ettersom jeg vokste opp i Oslo, har jeg alltid v\u00e6rt fascinert av ordenes kraft og deres evne til \u00e5 skape endringer. Etter \u00e5 ha fullf\u00f8rt min utdannelse i kommunikasjon ved Universitetet i Bergen, fikk jeg muligheten til \u00e5 jobbe innen ulike medier, der jeg har s\u00f8kt \u00e5 belyse viktige samfunnssp\u00f8rsm\u00e5l. I dag, som redakt\u00f8r for Nordnesrepublikken, pr\u00f8ver jeg \u00e5 forene min kj\u00e6rlighet for journalistikk med min lidenskap for innovasjon og eventyr.","sameAs":["https:\/\/nordnesrepublikken.no\/"]}]}},"_links":{"self":[{"href":"https:\/\/nordnesrepublikken.no\/index.php\/wp-json\/wp\/v2\/posts\/13628","targetHints":{"allow":["GET"]}}],"collection":[{"href":"https:\/\/nordnesrepublikken.no\/index.php\/wp-json\/wp\/v2\/posts"}],"about":[{"href":"https:\/\/nordnesrepublikken.no\/index.php\/wp-json\/wp\/v2\/types\/post"}],"author":[{"embeddable":true,"href":"https:\/\/nordnesrepublikken.no\/index.php\/wp-json\/wp\/v2\/users\/1"}],"replies":[{"embeddable":true,"href":"https:\/\/nordnesrepublikken.no\/index.php\/wp-json\/wp\/v2\/comments?post=13628"}],"version-history":[{"count":1,"href":"https:\/\/nordnesrepublikken.no\/index.php\/wp-json\/wp\/v2\/posts\/13628\/revisions"}],"predecessor-version":[{"id":13630,"href":"https:\/\/nordnesrepublikken.no\/index.php\/wp-json\/wp\/v2\/posts\/13628\/revisions\/13630"}],"wp:featuredmedia":[{"embeddable":true,"href":"https:\/\/nordnesrepublikken.no\/index.php\/wp-json\/wp\/v2\/media\/13629"}],"wp:attachment":[{"href":"https:\/\/nordnesrepublikken.no\/index.php\/wp-json\/wp\/v2\/media?parent=13628"}],"wp:term":[{"taxonomy":"category","embeddable":true,"href":"https:\/\/nordnesrepublikken.no\/index.php\/wp-json\/wp\/v2\/categories?post=13628"},{"taxonomy":"post_tag","embeddable":true,"href":"https:\/\/nordnesrepublikken.no\/index.php\/wp-json\/wp\/v2\/tags?post=13628"}],"curies":[{"name":"wp","href":"https:\/\/api.w.org\/{rel}","templated":true}]}}