{"id":13604,"date":"2026-01-07T22:51:23","date_gmt":"2026-01-07T21:51:23","guid":{"rendered":"https:\/\/nordnesrepublikken.no\/index.php\/2026\/01\/07\/flypriser-krasjer-i-spanias-januarsalg-iberia-og-air-europa-gar-mot-hverandre-med-priser-fra-e21\/"},"modified":"2026-01-07T22:51:24","modified_gmt":"2026-01-07T21:51:24","slug":"flypriser-krasjer-i-spanias-januarsalg-iberia-og-air-europa-gar-mot-hverandre-med-priser-fra-e21","status":"publish","type":"post","link":"https:\/\/nordnesrepublikken.no\/index.php\/2026\/01\/07\/flypriser-krasjer-i-spanias-januarsalg-iberia-og-air-europa-gar-mot-hverandre-med-priser-fra-e21\/","title":{"rendered":"Flypriser krasjer i Spanias januarsalg: Iberia og Air Europa g\u00e5r mot hverandre med priser fra \u20ac21"},"content":{"rendered":"<p><\/p>\n<div class=\"wordpress-content\">\n                    <!-- Article Start --><\/p>\n<p>Januar i Spania betyr vanligvis to ting: slutten p\u00e5 julegalskapen og starten p\u00e5 det ber\u00f8mte vintersalget. Men i \u00e5r henger ikke de virkelige kuppene p\u00e5 klesstangen \u2013 de sitter p\u00e5 flyplassens avgangstavler.<\/p>\n<p>Iberia og Air Europa har begge lansert aggressive salgskampanjer, og presset billettprisene ned til niv\u00e5er som ville virket umulige for ikke lenge siden. Hvis du er rask, fleksibel og reiser lett, kan du finne deg selv \u00e5 bestille flyreiser fra s\u00e5 lite som \u20ac21 hver vei.<\/p>\n<p>For alle som dr\u00f8mmer om en helgetur, en lenge planlagt ferie eller bare l\u00e5ser inn billige reiser til senere p\u00e5 \u00e5ret, er denne plutselige flypriskrigen vel verdt \u00e5 v\u00e6re oppmerksom p\u00e5.<\/p>\n<div class=\"sra_unit\"><link rel=\"stylesheet\" id=\"block-sra\" href=\"https:\/\/euroweeklynews.com\/wp-content\/plugins\/snack-related-articles\/dist\/css\/snack-related.min.css?250312-193541\" type=\"text\/css\" media=\"all\">\n<\/div>\n<h2>Iberias januarsalg bringer billige flyreiser over Spania, Europa og utover<\/h2>\n<p>Iberia fikk ballen f\u00f8rst. Flyselskapet \u00e5pnet i det stille sin januarkampanje for Iberia Club-medlemmer mandag 5. januar, f\u00f8r den \u00e5pnet for alle torsdag 8. januar. Salget varer til 26. januar, og dekker reisedatoer som strekker seg fra n\u00e5 og frem til 10. desember, noe som gj\u00f8r det nyttig enten du planlegger noe snart eller ser langt fremover.<\/p>\n<p>Der prisene virkelig skinner er p\u00e5 innenlandsrutene. Returbilletter \u2013 beregnet per etappe \u2013 starter fra rundt \u20ac21 hver vei p\u00e5 ruter fra Madrid til byer som Ibiza, Granada, Oviedo og Pamplona. Litt st\u00f8rre destinasjoner som Valencia, Alicante, Bilbao og Sevilla svever n\u00e6rmere \u20ac25, mens Palma de Mallorca kommer inn p\u00e5 omtrent \u20ac24.<\/p>\n<p>Disse prisene er basert p\u00e5 tur-retur-kj\u00f8p, s\u00e5 litt fleksibilitet med datoer og klokkeslett kan utgj\u00f8re hele forskjellen. Reisende som kan unng\u00e5 rushtid og travle helger, kommer vanligvis unna med de beste tilbudene.<\/p>\n<p>Europa er ogs\u00e5 godt dekket. Lisboa starter fra rundt \u20ac25 hver vei, London fra omtrent \u20ac43, Paris fra \u20ac47 og Amsterdam fra rundt \u20ac66. Lyst p\u00e5 noe kaldere? Troms\u00f8 i Nord-Norge dukker opp fra rundt \u20ac99, mens Rovaniemi i Finland \u2013 kjent som julenissens hjemby \u2013 er oppf\u00f8rt fra ca \u20ac139.<\/p>\n<p>Langdistansereisende er heller ikke utelatt. Flyreiser til Orlando starter fra rundt \u20ac205 hver vei, Toronto fra rundt \u20ac235, og store amerikanske knutepunkter som New York og Boston faller mellom rundt \u20ac177 og \u20ac200. Latin-Amerika har ogs\u00e5 tungt, med Mexico City fra rundt \u20ac245, Havana fra rundt \u20ac278 og S\u00e3o Paulo fra omtrent \u20ac299. En av de st\u00f8rste oppmerksomhetsfangerne er Tokyo, med en verdi p\u00e5 rundt 380 euro.<\/p>\n<p>Iberia har ogs\u00e5 samlet inn flere fly- og hotellpakker, inkludert korte pauser i New York fra rundt \u20ac559, Paris-turer fra rundt \u20ac429 og familievennlige Orlando-pakker fra omtrent \u20ac1,029.<\/p>\n<h2>Air Europa svarer med sine egne &laquo;Time to Fly&raquo;-avtaler<\/h2>\n<p>Air Europa \u00f8nsket ikke \u00e5 bli etterlatt og lanserte sin egen \u00abTime to Fly\u00bb-kampanje, som varer til 18. januar. Selv om bestillingsvinduet er kortere enn Iberias, har flyselskapet matchet konkurransestemningen med skarpe priser over hele Europa, Afrika og langdistanseruter.<\/p>\n<p>Europeiske priser starter fra rundt \u20ac25, mens ruter til Afrika koster fra omtrent \u20ac29. For reisende som leter lenger unna, annonserer Air Europa flyreiser til USA fra ca. \u20ac189, med ruter for Karibien, Sentral- og S\u00f8r-Amerika som starter n\u00e6r \u20ac275. Noen ruter innenfor Spania og mot Midt\u00f8sten er ogs\u00e5 inkludert i kampanjen.<\/p>\n<p>Som med de fleste lave overskrifter, er disse prisene basert p\u00e5 returbestillinger og inkluderer vanligvis innsjekket bagasje. Passasjerer som reiser med kun h\u00e5ndbagasje vil ha st\u00f8rst fordel, mens alle som trenger en koffert b\u00f8r ta med ekstra kostnader n\u00e5r de sammenligner tilbud.<\/p>\n<h2>Hvordan f\u00e5 mest mulig ut av disse flykuppene f\u00f8r de forsvinner<\/h2>\n<p>N\u00e5r to store flyselskaper begynner \u00e5 underby hverandre, kan tilgjengeligheten forsvinne raskt \u2013 spesielt p\u00e5 popul\u00e6re fritidsruter. Den beste strategien er \u00e5 v\u00e6re fleksibel. \u00c5 fly midtuke, tidlig morgen eller sen kveld l\u00e5ser ofte opp billigere seter. Hvis du bor i n\u00e6rheten av mer enn \u00e9n flyplass, kan det \u00e5 sjekke alternative avganger ogs\u00e5 avdekke bedre verdi.<\/p>\n<p>Det er ogs\u00e5 verdt \u00e5 f\u00f8lge n\u00f8ye med p\u00e5 hva som er inkludert i prisen. De billigste billettene dekker vanligvis kun h\u00e5ndbagasje, og ekstrautstyr som setevalg, prioritert ombordstigning eller innsjekket bagasje kan presse sluttprisen opp. For korte turer og lette pakker er det sjelden et problem. For lengre ferier eller familiereiser unng\u00e5r en rask utregning overraskelser i kassen.<\/p>\n<p>Et annet enkelt tips: ikke vent til siste dag av kampanjen. De laveste prisene har en tendens til \u00e5 bli utsolgt f\u00f8rst, spesielt p\u00e5 \u00f8yruter, hovedsteder og skoleferieperioder.<\/p>\n<p>For mange mennesker i Spania kommer denne plutselige b\u00f8lgen av billige flyreiser i et kj\u00e6rkomment \u00f8yeblikk. Julebruken er endelig over, og budsjettene nullstilles for \u00e5ret som kommer. \u00c5 l\u00e5se inn rimelige reiser n\u00e5 kan utgj\u00f8re en stor forskjell, spesielt ettersom overnatting og daglige kostnader fortsetter \u00e5 krype oppover.<\/p>\n<p>Enten det er en spontan \u00f8yferie, en europeisk byflukt eller et langdistanseventyr du har utsett, gir disse flyselskapssalgene i januar uvanlig verdi for pengene. Konkurransen mellom Iberia og Air Europa fungerer helt klart i passasjerenes fav\u00f8r \u2013 i hvert fall forel\u00f8pig.<\/p>\n<p>Budskapet er enkelt: Hvis du har tenkt p\u00e5 \u00e5 reise i 2026, er det n\u00e5 p\u00e5 tide \u00e5 begynne \u00e5 s\u00f8ke. Seter til disse prisene vil ikke henge lenge.<\/p>\n<p>                    <!-- Originally published at https:\/\/euroweeklynews.com\/2026\/01\/07\/flight-prices-crash-in-spains-january-sales-iberia-and-air-europa-go-head-to-head-with-fares-from-e21\/ on 07 Jan 2026 at 20:59 by Farah Mokrani --><br \/>\n                    <!-- Article End -->\n                <\/div>\n","protected":false},"excerpt":{"rendered":"<p>Januar i Spania betyr vanligvis to ting: slutten p\u00e5 julegalskapen og starten p\u00e5 det ber\u00f8mte<\/p>\n","protected":false},"author":1,"featured_media":13605,"comment_status":"closed","ping_status":"open","sticky":false,"template":"","format":"standard","meta":{"footnotes":""},"categories":[105],"tags":[1096,642,8198,125,300,5809,6050,8938,2795,79,152,5070,1892],"class_list":["post-13604","post","type-post","status-publish","format-standard","has-post-thumbnail","hentry","category-livsstil","tag-air","tag-europa","tag-flypriser","tag-fra","tag-gar","tag-hverandre","tag-iberia","tag-januarsalg","tag-krasjer","tag-med","tag-mot","tag-priser","tag-spanias","generate-columns","tablet-grid-50","mobile-grid-100","grid-parent","grid-33","resize-featured-image"],"yoast_head":"<!-- This site is optimized with the Yoast SEO plugin v24.4 - https:\/\/yoast.com\/wordpress\/plugins\/seo\/ -->\n<title>Flypriser krasjer i Spanias januarsalg: Iberia og Air Europa g\u00e5r mot hverandre med priser fra \u20ac21 - Nordnesrepublikken<\/title>\n<meta name=\"robots\" content=\"index, follow, max-snippet:-1, max-image-preview:large, max-video-preview:-1\" \/>\n<link rel=\"canonical\" href=\"https:\/\/nordnesrepublikken.no\/index.php\/2026\/01\/07\/flypriser-krasjer-i-spanias-januarsalg-iberia-og-air-europa-gar-mot-hverandre-med-priser-fra-e21\/\" \/>\n<meta property=\"og:locale\" content=\"nb_NO\" \/>\n<meta property=\"og:type\" content=\"article\" \/>\n<meta property=\"og:title\" content=\"Flypriser krasjer i Spanias januarsalg: Iberia og Air Europa g\u00e5r mot hverandre med priser fra \u20ac21 - Nordnesrepublikken\" \/>\n<meta property=\"og:description\" content=\"Januar i Spania betyr vanligvis to ting: slutten p\u00e5 julegalskapen og starten p\u00e5 det ber\u00f8mte\" \/>\n<meta property=\"og:url\" content=\"https:\/\/nordnesrepublikken.no\/index.php\/2026\/01\/07\/flypriser-krasjer-i-spanias-januarsalg-iberia-og-air-europa-gar-mot-hverandre-med-priser-fra-e21\/\" \/>\n<meta property=\"og:site_name\" content=\"Nordnesrepublikken\" \/>\n<meta property=\"article:published_time\" content=\"2026-01-07T21:51:23+00:00\" \/>\n<meta property=\"article:modified_time\" content=\"2026-01-07T21:51:24+00:00\" \/>\n<meta property=\"og:image\" content=\"https:\/\/nordnesrepublikken.no\/wp-content\/uploads\/2026\/01\/1767822684_Flypriser-krasjer-i-Spanias-januarsalg-Iberia-og-Air-Europa-gar.jpg\" \/>\n\t<meta property=\"og:image:width\" content=\"1200\" \/>\n\t<meta property=\"og:image:height\" content=\"800\" \/>\n\t<meta property=\"og:image:type\" content=\"image\/jpeg\" \/>\n<meta name=\"author\" content=\"Ole Andersen\" \/>\n<meta name=\"twitter:card\" content=\"summary_large_image\" \/>\n<meta name=\"twitter:label1\" content=\"Skrevet av\" \/>\n\t<meta name=\"twitter:data1\" content=\"Ole Andersen\" \/>\n\t<meta name=\"twitter:label2\" content=\"Ansl. lesetid\" \/>\n\t<meta name=\"twitter:data2\" content=\"4 minutter\" \/>\n<script type=\"application\/ld+json\" class=\"yoast-schema-graph\">{\"@context\":\"https:\/\/schema.org\",\"@graph\":[{\"@type\":\"Article\",\"@id\":\"https:\/\/nordnesrepublikken.no\/index.php\/2026\/01\/07\/flypriser-krasjer-i-spanias-januarsalg-iberia-og-air-europa-gar-mot-hverandre-med-priser-fra-e21\/#article\",\"isPartOf\":{\"@id\":\"https:\/\/nordnesrepublikken.no\/index.php\/2026\/01\/07\/flypriser-krasjer-i-spanias-januarsalg-iberia-og-air-europa-gar-mot-hverandre-med-priser-fra-e21\/\"},\"author\":{\"name\":\"Ole Andersen\",\"@id\":\"https:\/\/nordnesrepublikken.no\/#\/schema\/person\/2e7e81935bab77882fffb79296240ff1\"},\"headline\":\"Flypriser krasjer i Spanias januarsalg: Iberia og Air Europa g\u00e5r mot hverandre med priser fra \u20ac21\",\"datePublished\":\"2026-01-07T21:51:23+00:00\",\"dateModified\":\"2026-01-07T21:51:24+00:00\",\"mainEntityOfPage\":{\"@id\":\"https:\/\/nordnesrepublikken.no\/index.php\/2026\/01\/07\/flypriser-krasjer-i-spanias-januarsalg-iberia-og-air-europa-gar-mot-hverandre-med-priser-fra-e21\/\"},\"wordCount\":826,\"publisher\":{\"@id\":\"https:\/\/nordnesrepublikken.no\/#organization\"},\"image\":{\"@id\":\"https:\/\/nordnesrepublikken.no\/index.php\/2026\/01\/07\/flypriser-krasjer-i-spanias-januarsalg-iberia-og-air-europa-gar-mot-hverandre-med-priser-fra-e21\/#primaryimage\"},\"thumbnailUrl\":\"https:\/\/nordnesrepublikken.no\/wp-content\/uploads\/2026\/01\/1767822684_Flypriser-krasjer-i-Spanias-januarsalg-Iberia-og-Air-Europa-gar.jpg\",\"keywords\":[\"Air\",\"Europa\",\"flypriser\",\"fra\",\"g\u00e5r\",\"hverandre\",\"Iberia\",\"januarsalg\",\"krasjer\",\"med\",\"mot\",\"Priser\",\"Spanias\"],\"articleSection\":[\"Livsstil\"],\"inLanguage\":\"nb-NO\"},{\"@type\":\"WebPage\",\"@id\":\"https:\/\/nordnesrepublikken.no\/index.php\/2026\/01\/07\/flypriser-krasjer-i-spanias-januarsalg-iberia-og-air-europa-gar-mot-hverandre-med-priser-fra-e21\/\",\"url\":\"https:\/\/nordnesrepublikken.no\/index.php\/2026\/01\/07\/flypriser-krasjer-i-spanias-januarsalg-iberia-og-air-europa-gar-mot-hverandre-med-priser-fra-e21\/\",\"name\":\"Flypriser krasjer i Spanias januarsalg: Iberia og Air Europa g\u00e5r mot hverandre med priser fra \u20ac21 - Nordnesrepublikken\",\"isPartOf\":{\"@id\":\"https:\/\/nordnesrepublikken.no\/#website\"},\"primaryImageOfPage\":{\"@id\":\"https:\/\/nordnesrepublikken.no\/index.php\/2026\/01\/07\/flypriser-krasjer-i-spanias-januarsalg-iberia-og-air-europa-gar-mot-hverandre-med-priser-fra-e21\/#primaryimage\"},\"image\":{\"@id\":\"https:\/\/nordnesrepublikken.no\/index.php\/2026\/01\/07\/flypriser-krasjer-i-spanias-januarsalg-iberia-og-air-europa-gar-mot-hverandre-med-priser-fra-e21\/#primaryimage\"},\"thumbnailUrl\":\"https:\/\/nordnesrepublikken.no\/wp-content\/uploads\/2026\/01\/1767822684_Flypriser-krasjer-i-Spanias-januarsalg-Iberia-og-Air-Europa-gar.jpg\",\"datePublished\":\"2026-01-07T21:51:23+00:00\",\"dateModified\":\"2026-01-07T21:51:24+00:00\",\"breadcrumb\":{\"@id\":\"https:\/\/nordnesrepublikken.no\/index.php\/2026\/01\/07\/flypriser-krasjer-i-spanias-januarsalg-iberia-og-air-europa-gar-mot-hverandre-med-priser-fra-e21\/#breadcrumb\"},\"inLanguage\":\"nb-NO\",\"potentialAction\":[{\"@type\":\"ReadAction\",\"target\":[\"https:\/\/nordnesrepublikken.no\/index.php\/2026\/01\/07\/flypriser-krasjer-i-spanias-januarsalg-iberia-og-air-europa-gar-mot-hverandre-med-priser-fra-e21\/\"]}]},{\"@type\":\"ImageObject\",\"inLanguage\":\"nb-NO\",\"@id\":\"https:\/\/nordnesrepublikken.no\/index.php\/2026\/01\/07\/flypriser-krasjer-i-spanias-januarsalg-iberia-og-air-europa-gar-mot-hverandre-med-priser-fra-e21\/#primaryimage\",\"url\":\"https:\/\/nordnesrepublikken.no\/wp-content\/uploads\/2026\/01\/1767822684_Flypriser-krasjer-i-Spanias-januarsalg-Iberia-og-Air-Europa-gar.jpg\",\"contentUrl\":\"https:\/\/nordnesrepublikken.no\/wp-content\/uploads\/2026\/01\/1767822684_Flypriser-krasjer-i-Spanias-januarsalg-Iberia-og-Air-Europa-gar.jpg\",\"width\":1200,\"height\":800,\"caption\":\"Flypriser krasjer i Spanias januarsalg: Iberia og Air Europa g\u00e5r mot hverandre med priser fra \u20ac21\"},{\"@type\":\"BreadcrumbList\",\"@id\":\"https:\/\/nordnesrepublikken.no\/index.php\/2026\/01\/07\/flypriser-krasjer-i-spanias-januarsalg-iberia-og-air-europa-gar-mot-hverandre-med-priser-fra-e21\/#breadcrumb\",\"itemListElement\":[{\"@type\":\"ListItem\",\"position\":1,\"name\":\"Home\",\"item\":\"https:\/\/nordnesrepublikken.no\/\"},{\"@type\":\"ListItem\",\"position\":2,\"name\":\"Flypriser krasjer i Spanias januarsalg: Iberia og Air Europa g\u00e5r mot hverandre med priser fra \u20ac21\"}]},{\"@type\":\"WebSite\",\"@id\":\"https:\/\/nordnesrepublikken.no\/#website\",\"url\":\"https:\/\/nordnesrepublikken.no\/\",\"name\":\"Nordnesrepublikken\",\"description\":\"Stemmer og Visjoner fra Republikkens Hjerte\",\"publisher\":{\"@id\":\"https:\/\/nordnesrepublikken.no\/#organization\"},\"potentialAction\":[{\"@type\":\"SearchAction\",\"target\":{\"@type\":\"EntryPoint\",\"urlTemplate\":\"https:\/\/nordnesrepublikken.no\/?s={search_term_string}\"},\"query-input\":{\"@type\":\"PropertyValueSpecification\",\"valueRequired\":true,\"valueName\":\"search_term_string\"}}],\"inLanguage\":\"nb-NO\"},{\"@type\":\"Organization\",\"@id\":\"https:\/\/nordnesrepublikken.no\/#organization\",\"name\":\"Nordnesrepublikken\",\"url\":\"https:\/\/nordnesrepublikken.no\/\",\"logo\":{\"@type\":\"ImageObject\",\"inLanguage\":\"nb-NO\",\"@id\":\"https:\/\/nordnesrepublikken.no\/#\/schema\/logo\/image\/\",\"url\":\"https:\/\/nordnesrepublikken.no\/wp-content\/uploads\/2025\/02\/cropped-nordnesrepublikken-2.png\",\"contentUrl\":\"https:\/\/nordnesrepublikken.no\/wp-content\/uploads\/2025\/02\/cropped-nordnesrepublikken-2.png\",\"width\":1248,\"height\":362,\"caption\":\"Nordnesrepublikken\"},\"image\":{\"@id\":\"https:\/\/nordnesrepublikken.no\/#\/schema\/logo\/image\/\"}},{\"@type\":\"Person\",\"@id\":\"https:\/\/nordnesrepublikken.no\/#\/schema\/person\/2e7e81935bab77882fffb79296240ff1\",\"name\":\"Ole Andersen\",\"image\":{\"@type\":\"ImageObject\",\"inLanguage\":\"nb-NO\",\"@id\":\"https:\/\/nordnesrepublikken.no\/#\/schema\/person\/image\/\",\"url\":\"https:\/\/nordnesrepublikken.no\/wp-content\/uploads\/2025\/02\/nordnesrepublikken-2-2-150x150.jpg\",\"contentUrl\":\"https:\/\/nordnesrepublikken.no\/wp-content\/uploads\/2025\/02\/nordnesrepublikken-2-2-150x150.jpg\",\"caption\":\"Ole Andersen\"},\"description\":\"Ettersom jeg vokste opp i Oslo, har jeg alltid v\u00e6rt fascinert av ordenes kraft og deres evne til \u00e5 skape endringer. Etter \u00e5 ha fullf\u00f8rt min utdannelse i kommunikasjon ved Universitetet i Bergen, fikk jeg muligheten til \u00e5 jobbe innen ulike medier, der jeg har s\u00f8kt \u00e5 belyse viktige samfunnssp\u00f8rsm\u00e5l. I dag, som redakt\u00f8r for Nordnesrepublikken, pr\u00f8ver jeg \u00e5 forene min kj\u00e6rlighet for journalistikk med min lidenskap for innovasjon og eventyr.\",\"sameAs\":[\"https:\/\/nordnesrepublikken.no\/\"]}]}<\/script>\n<!-- \/ Yoast SEO plugin. -->","yoast_head_json":{"title":"Flypriser krasjer i Spanias januarsalg: Iberia og Air Europa g\u00e5r mot hverandre med priser fra \u20ac21 - Nordnesrepublikken","robots":{"index":"index","follow":"follow","max-snippet":"max-snippet:-1","max-image-preview":"max-image-preview:large","max-video-preview":"max-video-preview:-1"},"canonical":"https:\/\/nordnesrepublikken.no\/index.php\/2026\/01\/07\/flypriser-krasjer-i-spanias-januarsalg-iberia-og-air-europa-gar-mot-hverandre-med-priser-fra-e21\/","og_locale":"nb_NO","og_type":"article","og_title":"Flypriser krasjer i Spanias januarsalg: Iberia og Air Europa g\u00e5r mot hverandre med priser fra \u20ac21 - Nordnesrepublikken","og_description":"Januar i Spania betyr vanligvis to ting: slutten p\u00e5 julegalskapen og starten p\u00e5 det ber\u00f8mte","og_url":"https:\/\/nordnesrepublikken.no\/index.php\/2026\/01\/07\/flypriser-krasjer-i-spanias-januarsalg-iberia-og-air-europa-gar-mot-hverandre-med-priser-fra-e21\/","og_site_name":"Nordnesrepublikken","article_published_time":"2026-01-07T21:51:23+00:00","article_modified_time":"2026-01-07T21:51:24+00:00","og_image":[{"width":1200,"height":800,"url":"https:\/\/nordnesrepublikken.no\/wp-content\/uploads\/2026\/01\/1767822684_Flypriser-krasjer-i-Spanias-januarsalg-Iberia-og-Air-Europa-gar.jpg","type":"image\/jpeg"}],"author":"Ole Andersen","twitter_card":"summary_large_image","twitter_misc":{"Skrevet av":"Ole Andersen","Ansl. lesetid":"4 minutter"},"schema":{"@context":"https:\/\/schema.org","@graph":[{"@type":"Article","@id":"https:\/\/nordnesrepublikken.no\/index.php\/2026\/01\/07\/flypriser-krasjer-i-spanias-januarsalg-iberia-og-air-europa-gar-mot-hverandre-med-priser-fra-e21\/#article","isPartOf":{"@id":"https:\/\/nordnesrepublikken.no\/index.php\/2026\/01\/07\/flypriser-krasjer-i-spanias-januarsalg-iberia-og-air-europa-gar-mot-hverandre-med-priser-fra-e21\/"},"author":{"name":"Ole Andersen","@id":"https:\/\/nordnesrepublikken.no\/#\/schema\/person\/2e7e81935bab77882fffb79296240ff1"},"headline":"Flypriser krasjer i Spanias januarsalg: Iberia og Air Europa g\u00e5r mot hverandre med priser fra \u20ac21","datePublished":"2026-01-07T21:51:23+00:00","dateModified":"2026-01-07T21:51:24+00:00","mainEntityOfPage":{"@id":"https:\/\/nordnesrepublikken.no\/index.php\/2026\/01\/07\/flypriser-krasjer-i-spanias-januarsalg-iberia-og-air-europa-gar-mot-hverandre-med-priser-fra-e21\/"},"wordCount":826,"publisher":{"@id":"https:\/\/nordnesrepublikken.no\/#organization"},"image":{"@id":"https:\/\/nordnesrepublikken.no\/index.php\/2026\/01\/07\/flypriser-krasjer-i-spanias-januarsalg-iberia-og-air-europa-gar-mot-hverandre-med-priser-fra-e21\/#primaryimage"},"thumbnailUrl":"https:\/\/nordnesrepublikken.no\/wp-content\/uploads\/2026\/01\/1767822684_Flypriser-krasjer-i-Spanias-januarsalg-Iberia-og-Air-Europa-gar.jpg","keywords":["Air","Europa","flypriser","fra","g\u00e5r","hverandre","Iberia","januarsalg","krasjer","med","mot","Priser","Spanias"],"articleSection":["Livsstil"],"inLanguage":"nb-NO"},{"@type":"WebPage","@id":"https:\/\/nordnesrepublikken.no\/index.php\/2026\/01\/07\/flypriser-krasjer-i-spanias-januarsalg-iberia-og-air-europa-gar-mot-hverandre-med-priser-fra-e21\/","url":"https:\/\/nordnesrepublikken.no\/index.php\/2026\/01\/07\/flypriser-krasjer-i-spanias-januarsalg-iberia-og-air-europa-gar-mot-hverandre-med-priser-fra-e21\/","name":"Flypriser krasjer i Spanias januarsalg: Iberia og Air Europa g\u00e5r mot hverandre med priser fra \u20ac21 - Nordnesrepublikken","isPartOf":{"@id":"https:\/\/nordnesrepublikken.no\/#website"},"primaryImageOfPage":{"@id":"https:\/\/nordnesrepublikken.no\/index.php\/2026\/01\/07\/flypriser-krasjer-i-spanias-januarsalg-iberia-og-air-europa-gar-mot-hverandre-med-priser-fra-e21\/#primaryimage"},"image":{"@id":"https:\/\/nordnesrepublikken.no\/index.php\/2026\/01\/07\/flypriser-krasjer-i-spanias-januarsalg-iberia-og-air-europa-gar-mot-hverandre-med-priser-fra-e21\/#primaryimage"},"thumbnailUrl":"https:\/\/nordnesrepublikken.no\/wp-content\/uploads\/2026\/01\/1767822684_Flypriser-krasjer-i-Spanias-januarsalg-Iberia-og-Air-Europa-gar.jpg","datePublished":"2026-01-07T21:51:23+00:00","dateModified":"2026-01-07T21:51:24+00:00","breadcrumb":{"@id":"https:\/\/nordnesrepublikken.no\/index.php\/2026\/01\/07\/flypriser-krasjer-i-spanias-januarsalg-iberia-og-air-europa-gar-mot-hverandre-med-priser-fra-e21\/#breadcrumb"},"inLanguage":"nb-NO","potentialAction":[{"@type":"ReadAction","target":["https:\/\/nordnesrepublikken.no\/index.php\/2026\/01\/07\/flypriser-krasjer-i-spanias-januarsalg-iberia-og-air-europa-gar-mot-hverandre-med-priser-fra-e21\/"]}]},{"@type":"ImageObject","inLanguage":"nb-NO","@id":"https:\/\/nordnesrepublikken.no\/index.php\/2026\/01\/07\/flypriser-krasjer-i-spanias-januarsalg-iberia-og-air-europa-gar-mot-hverandre-med-priser-fra-e21\/#primaryimage","url":"https:\/\/nordnesrepublikken.no\/wp-content\/uploads\/2026\/01\/1767822684_Flypriser-krasjer-i-Spanias-januarsalg-Iberia-og-Air-Europa-gar.jpg","contentUrl":"https:\/\/nordnesrepublikken.no\/wp-content\/uploads\/2026\/01\/1767822684_Flypriser-krasjer-i-Spanias-januarsalg-Iberia-og-Air-Europa-gar.jpg","width":1200,"height":800,"caption":"Flypriser krasjer i Spanias januarsalg: Iberia og Air Europa g\u00e5r mot hverandre med priser fra \u20ac21"},{"@type":"BreadcrumbList","@id":"https:\/\/nordnesrepublikken.no\/index.php\/2026\/01\/07\/flypriser-krasjer-i-spanias-januarsalg-iberia-og-air-europa-gar-mot-hverandre-med-priser-fra-e21\/#breadcrumb","itemListElement":[{"@type":"ListItem","position":1,"name":"Home","item":"https:\/\/nordnesrepublikken.no\/"},{"@type":"ListItem","position":2,"name":"Flypriser krasjer i Spanias januarsalg: Iberia og Air Europa g\u00e5r mot hverandre med priser fra \u20ac21"}]},{"@type":"WebSite","@id":"https:\/\/nordnesrepublikken.no\/#website","url":"https:\/\/nordnesrepublikken.no\/","name":"Nordnesrepublikken","description":"Stemmer og Visjoner fra Republikkens Hjerte","publisher":{"@id":"https:\/\/nordnesrepublikken.no\/#organization"},"potentialAction":[{"@type":"SearchAction","target":{"@type":"EntryPoint","urlTemplate":"https:\/\/nordnesrepublikken.no\/?s={search_term_string}"},"query-input":{"@type":"PropertyValueSpecification","valueRequired":true,"valueName":"search_term_string"}}],"inLanguage":"nb-NO"},{"@type":"Organization","@id":"https:\/\/nordnesrepublikken.no\/#organization","name":"Nordnesrepublikken","url":"https:\/\/nordnesrepublikken.no\/","logo":{"@type":"ImageObject","inLanguage":"nb-NO","@id":"https:\/\/nordnesrepublikken.no\/#\/schema\/logo\/image\/","url":"https:\/\/nordnesrepublikken.no\/wp-content\/uploads\/2025\/02\/cropped-nordnesrepublikken-2.png","contentUrl":"https:\/\/nordnesrepublikken.no\/wp-content\/uploads\/2025\/02\/cropped-nordnesrepublikken-2.png","width":1248,"height":362,"caption":"Nordnesrepublikken"},"image":{"@id":"https:\/\/nordnesrepublikken.no\/#\/schema\/logo\/image\/"}},{"@type":"Person","@id":"https:\/\/nordnesrepublikken.no\/#\/schema\/person\/2e7e81935bab77882fffb79296240ff1","name":"Ole Andersen","image":{"@type":"ImageObject","inLanguage":"nb-NO","@id":"https:\/\/nordnesrepublikken.no\/#\/schema\/person\/image\/","url":"https:\/\/nordnesrepublikken.no\/wp-content\/uploads\/2025\/02\/nordnesrepublikken-2-2-150x150.jpg","contentUrl":"https:\/\/nordnesrepublikken.no\/wp-content\/uploads\/2025\/02\/nordnesrepublikken-2-2-150x150.jpg","caption":"Ole Andersen"},"description":"Ettersom jeg vokste opp i Oslo, har jeg alltid v\u00e6rt fascinert av ordenes kraft og deres evne til \u00e5 skape endringer. Etter \u00e5 ha fullf\u00f8rt min utdannelse i kommunikasjon ved Universitetet i Bergen, fikk jeg muligheten til \u00e5 jobbe innen ulike medier, der jeg har s\u00f8kt \u00e5 belyse viktige samfunnssp\u00f8rsm\u00e5l. I dag, som redakt\u00f8r for Nordnesrepublikken, pr\u00f8ver jeg \u00e5 forene min kj\u00e6rlighet for journalistikk med min lidenskap for innovasjon og eventyr.","sameAs":["https:\/\/nordnesrepublikken.no\/"]}]}},"_links":{"self":[{"href":"https:\/\/nordnesrepublikken.no\/index.php\/wp-json\/wp\/v2\/posts\/13604","targetHints":{"allow":["GET"]}}],"collection":[{"href":"https:\/\/nordnesrepublikken.no\/index.php\/wp-json\/wp\/v2\/posts"}],"about":[{"href":"https:\/\/nordnesrepublikken.no\/index.php\/wp-json\/wp\/v2\/types\/post"}],"author":[{"embeddable":true,"href":"https:\/\/nordnesrepublikken.no\/index.php\/wp-json\/wp\/v2\/users\/1"}],"replies":[{"embeddable":true,"href":"https:\/\/nordnesrepublikken.no\/index.php\/wp-json\/wp\/v2\/comments?post=13604"}],"version-history":[{"count":1,"href":"https:\/\/nordnesrepublikken.no\/index.php\/wp-json\/wp\/v2\/posts\/13604\/revisions"}],"predecessor-version":[{"id":13606,"href":"https:\/\/nordnesrepublikken.no\/index.php\/wp-json\/wp\/v2\/posts\/13604\/revisions\/13606"}],"wp:featuredmedia":[{"embeddable":true,"href":"https:\/\/nordnesrepublikken.no\/index.php\/wp-json\/wp\/v2\/media\/13605"}],"wp:attachment":[{"href":"https:\/\/nordnesrepublikken.no\/index.php\/wp-json\/wp\/v2\/media?parent=13604"}],"wp:term":[{"taxonomy":"category","embeddable":true,"href":"https:\/\/nordnesrepublikken.no\/index.php\/wp-json\/wp\/v2\/categories?post=13604"},{"taxonomy":"post_tag","embeddable":true,"href":"https:\/\/nordnesrepublikken.no\/index.php\/wp-json\/wp\/v2\/tags?post=13604"}],"curies":[{"name":"wp","href":"https:\/\/api.w.org\/{rel}","templated":true}]}}