{"id":13592,"date":"2026-01-07T16:50:46","date_gmt":"2026-01-07T15:50:46","guid":{"rendered":"https:\/\/nordnesrepublikken.no\/index.php\/2026\/01\/07\/eksisterte-virkelig-en-fjerde-vis-mann-den-glemte-legenden-om-artabanus\/"},"modified":"2026-01-07T16:50:47","modified_gmt":"2026-01-07T15:50:47","slug":"eksisterte-virkelig-en-fjerde-vis-mann-den-glemte-legenden-om-artabanus","status":"publish","type":"post","link":"https:\/\/nordnesrepublikken.no\/index.php\/2026\/01\/07\/eksisterte-virkelig-en-fjerde-vis-mann-den-glemte-legenden-om-artabanus\/","title":{"rendered":"Eksisterte virkelig en fjerde vis mann? Den glemte legenden om Artabanus"},"content":{"rendered":"<div>\n<div class=\"cp_wrapper cp_wrapper--fw mb-30 mb-20@tablet\">\n<figure class=\"mm\"><picture class=\"img\" style=\"padding-top:56.25%\"><source  media=\"(min-width: 1024px)\"><source  media=\"(min-width: 768px)\"><\/source><\/source><\/picture><\/figure>\n<\/p><\/div>\n<p>For oss alle er de tradisjonelle magiene tre: Gaspar, Balthasar og Melchior. Men det er ogs\u00e5 <strong>legenden om den fjerde vise konge<\/strong>, <strong>Artabanus<\/strong> (p\u00e5 engelsk <em>Artaban<\/em>), persisk vismann og astronom som de tre andre. Hvis de fleste aldri har h\u00f8rt om det, er det fordi det er en <strong>legende<\/strong> av moderne opphav, og er derfor en historie fra<strong> unik symbolsk og \u00e5ndelig verdi<\/strong>som ikke er en del av evangeliene (det b\u00f8r imidlertid presiseres at i evangeliene st\u00e5r det ikke skrevet at magiene er n\u00f8yaktig tre, de kalles ikke &laquo;konger&raquo; og de har ingen navn: navnene kom fra senere tradisjon).<\/p>\n<p>Historien spredte seg over hele verden takket v\u00e6re novellen fra 1895 av <strong>Henry van Dyke<\/strong>&laquo;The Story of the Other Wise Man&raquo;, etterfulgt av flere popul\u00e6re og folkloristiske versjoner. Siden den gang begynte legenden \u00e5 finne veien til juletradisjoner og katekese.<\/p>\n<p>If\u00f8lge legenden, da stjernen som kunngjorde Jesu f\u00f8dsel dukket opp p\u00e5 himmelen, dro den vise Artabanus for \u00e5 slutte seg til de andre magiene og tok med seg <strong>tre edelstener<\/strong> \u00e5 tilby barnet.<\/p>\n<p>Under reisen kom imidlertid Artabanus over en skadet og d\u00f8ende mann ved siden av veien, og han hadde ikke lyst til \u00e5 forlate ham der alene: han stoppet for \u00e5 hjelpe ham, og for \u00e5 redde livet hans m\u00e5tte han selge en av edelstenene sine. Da han kom tilbake p\u00e5 veien, oppdaget han at han hadde kommet for sent: de andre magiene hadde reist til Betlehem uten ham.<\/p>\n<p>Artabanus fortsatte reisen uansett, i h\u00e5p om \u00e5 m\u00f8te Guds s\u00f8nn. Imidlertid grep andre hindringer inn mellom ham og Jesusbarnet: faktisk m\u00f8tte han <strong>fattig<\/strong>, <strong>syk<\/strong>, <strong>slaver <\/strong>Og <strong>barn i livsfare <\/strong>og i trettitre \u00e5r brukte han livet p\u00e5 \u00e5 ta vare p\u00e5 dem alle. Men dette innebar \u00e5 selge alle de andre edelstenene han hadde satt til side for Jesus. \u00c5rene gikk i mellomtiden.<\/p>\n<p>Artabano reiste over hele Palestina p\u00e5 leting etter ham, uten noen gang \u00e5 ha klart \u00e5 m\u00f8te ham. N\u00e5 eldre og uten rikdom, ankom den fattige Magus til Jerusalem i l\u00f8pet av <strong>Jesu korsfestelse<\/strong>. Men selv da s\u00e5 han det ikke: en person ba ham om hjelp, og den gamle mannen ga henne den siste gjenv\u00e6rende perlen.<\/p>\n<p>Men det er nettopp i det \u00f8de \u00f8yeblikket at Artabanus if\u00f8lge legenden h\u00f8rte Kristi r\u00f8st fortelle ham:<\/p>\n<blockquote>\n<p>Hver gang du hjalp en av de sm\u00e5, <strong>du gjorde det mot meg<\/strong>.<\/p>\n<\/blockquote>\n<p>Artabanus forsto det da <strong>han hadde m\u00f8tt Jesus hele livet<\/strong>.<\/p>\n<p>Legenden om den fjerde vise konge er fortsatt en legende. Men det l\u00e6rer en viktig lekse: at Gud ikke bare m\u00f8tes p\u00e5 hellige steder, men <strong>hos mennesker som lider<\/strong>og at den sanne gaven ikke er gull, men <strong>n\u00e5de<\/strong>.<\/p>\n<\/p><\/div>\n","protected":false},"excerpt":{"rendered":"<p>For oss alle er de tradisjonelle magiene tre: Gaspar, Balthasar og Melchior. Men det er<\/p>\n","protected":false},"author":1,"featured_media":13593,"comment_status":"closed","ping_status":"open","sticky":false,"template":"","format":"standard","meta":{"footnotes":""},"categories":[104],"tags":[8934,74,8485,8932,8598,2145,3520,227,8933],"class_list":["post-13592","post","type-post","status-publish","format-standard","has-post-thumbnail","hentry","category-samfunn","tag-artabanus","tag-den","tag-eksisterte","tag-fjerde","tag-glemte","tag-legenden","tag-mann","tag-virkelig","tag-vis","generate-columns","tablet-grid-50","mobile-grid-100","grid-parent","grid-33","resize-featured-image"],"yoast_head":"<!-- This site is optimized with the Yoast SEO plugin v24.4 - https:\/\/yoast.com\/wordpress\/plugins\/seo\/ -->\n<title>Eksisterte virkelig en fjerde vis mann? Den glemte legenden om Artabanus - Nordnesrepublikken<\/title>\n<meta name=\"robots\" content=\"index, follow, max-snippet:-1, max-image-preview:large, max-video-preview:-1\" \/>\n<link rel=\"canonical\" href=\"https:\/\/nordnesrepublikken.no\/index.php\/2026\/01\/07\/eksisterte-virkelig-en-fjerde-vis-mann-den-glemte-legenden-om-artabanus\/\" \/>\n<meta property=\"og:locale\" content=\"nb_NO\" \/>\n<meta property=\"og:type\" content=\"article\" \/>\n<meta property=\"og:title\" content=\"Eksisterte virkelig en fjerde vis mann? Den glemte legenden om Artabanus - Nordnesrepublikken\" \/>\n<meta property=\"og:description\" content=\"For oss alle er de tradisjonelle magiene tre: Gaspar, Balthasar og Melchior. Men det er\" \/>\n<meta property=\"og:url\" content=\"https:\/\/nordnesrepublikken.no\/index.php\/2026\/01\/07\/eksisterte-virkelig-en-fjerde-vis-mann-den-glemte-legenden-om-artabanus\/\" \/>\n<meta property=\"og:site_name\" content=\"Nordnesrepublikken\" \/>\n<meta property=\"article:published_time\" content=\"2026-01-07T15:50:46+00:00\" \/>\n<meta property=\"article:modified_time\" content=\"2026-01-07T15:50:47+00:00\" \/>\n<meta property=\"og:image\" content=\"https:\/\/nordnesrepublikken.no\/wp-content\/uploads\/2026\/01\/1767801047_Eksisterte-virkelig-en-fjerde-vis-mann-Den-glemte-legenden-om.jpg\" \/>\n\t<meta property=\"og:image:width\" content=\"1276\" \/>\n\t<meta property=\"og:image:height\" content=\"705\" \/>\n\t<meta property=\"og:image:type\" content=\"image\/jpeg\" \/>\n<meta name=\"author\" content=\"Ole Andersen\" \/>\n<meta name=\"twitter:card\" content=\"summary_large_image\" \/>\n<meta name=\"twitter:label1\" content=\"Skrevet av\" \/>\n\t<meta name=\"twitter:data1\" content=\"Ole Andersen\" \/>\n\t<meta name=\"twitter:label2\" content=\"Ansl. lesetid\" \/>\n\t<meta name=\"twitter:data2\" content=\"2 minutter\" \/>\n<script type=\"application\/ld+json\" class=\"yoast-schema-graph\">{\"@context\":\"https:\/\/schema.org\",\"@graph\":[{\"@type\":\"Article\",\"@id\":\"https:\/\/nordnesrepublikken.no\/index.php\/2026\/01\/07\/eksisterte-virkelig-en-fjerde-vis-mann-den-glemte-legenden-om-artabanus\/#article\",\"isPartOf\":{\"@id\":\"https:\/\/nordnesrepublikken.no\/index.php\/2026\/01\/07\/eksisterte-virkelig-en-fjerde-vis-mann-den-glemte-legenden-om-artabanus\/\"},\"author\":{\"name\":\"Ole Andersen\",\"@id\":\"https:\/\/nordnesrepublikken.no\/#\/schema\/person\/2e7e81935bab77882fffb79296240ff1\"},\"headline\":\"Eksisterte virkelig en fjerde vis mann? Den glemte legenden om Artabanus\",\"datePublished\":\"2026-01-07T15:50:46+00:00\",\"dateModified\":\"2026-01-07T15:50:47+00:00\",\"mainEntityOfPage\":{\"@id\":\"https:\/\/nordnesrepublikken.no\/index.php\/2026\/01\/07\/eksisterte-virkelig-en-fjerde-vis-mann-den-glemte-legenden-om-artabanus\/\"},\"wordCount\":463,\"publisher\":{\"@id\":\"https:\/\/nordnesrepublikken.no\/#organization\"},\"image\":{\"@id\":\"https:\/\/nordnesrepublikken.no\/index.php\/2026\/01\/07\/eksisterte-virkelig-en-fjerde-vis-mann-den-glemte-legenden-om-artabanus\/#primaryimage\"},\"thumbnailUrl\":\"https:\/\/nordnesrepublikken.no\/wp-content\/uploads\/2026\/01\/1767801047_Eksisterte-virkelig-en-fjerde-vis-mann-Den-glemte-legenden-om.jpg\",\"keywords\":[\"Artabanus\",\"den\",\"eksisterte\",\"fjerde\",\"glemte\",\"Legenden\",\"Mann\",\"virkelig\",\"vis\"],\"articleSection\":[\"Samfunn\"],\"inLanguage\":\"nb-NO\"},{\"@type\":\"WebPage\",\"@id\":\"https:\/\/nordnesrepublikken.no\/index.php\/2026\/01\/07\/eksisterte-virkelig-en-fjerde-vis-mann-den-glemte-legenden-om-artabanus\/\",\"url\":\"https:\/\/nordnesrepublikken.no\/index.php\/2026\/01\/07\/eksisterte-virkelig-en-fjerde-vis-mann-den-glemte-legenden-om-artabanus\/\",\"name\":\"Eksisterte virkelig en fjerde vis mann? Den glemte legenden om Artabanus - Nordnesrepublikken\",\"isPartOf\":{\"@id\":\"https:\/\/nordnesrepublikken.no\/#website\"},\"primaryImageOfPage\":{\"@id\":\"https:\/\/nordnesrepublikken.no\/index.php\/2026\/01\/07\/eksisterte-virkelig-en-fjerde-vis-mann-den-glemte-legenden-om-artabanus\/#primaryimage\"},\"image\":{\"@id\":\"https:\/\/nordnesrepublikken.no\/index.php\/2026\/01\/07\/eksisterte-virkelig-en-fjerde-vis-mann-den-glemte-legenden-om-artabanus\/#primaryimage\"},\"thumbnailUrl\":\"https:\/\/nordnesrepublikken.no\/wp-content\/uploads\/2026\/01\/1767801047_Eksisterte-virkelig-en-fjerde-vis-mann-Den-glemte-legenden-om.jpg\",\"datePublished\":\"2026-01-07T15:50:46+00:00\",\"dateModified\":\"2026-01-07T15:50:47+00:00\",\"breadcrumb\":{\"@id\":\"https:\/\/nordnesrepublikken.no\/index.php\/2026\/01\/07\/eksisterte-virkelig-en-fjerde-vis-mann-den-glemte-legenden-om-artabanus\/#breadcrumb\"},\"inLanguage\":\"nb-NO\",\"potentialAction\":[{\"@type\":\"ReadAction\",\"target\":[\"https:\/\/nordnesrepublikken.no\/index.php\/2026\/01\/07\/eksisterte-virkelig-en-fjerde-vis-mann-den-glemte-legenden-om-artabanus\/\"]}]},{\"@type\":\"ImageObject\",\"inLanguage\":\"nb-NO\",\"@id\":\"https:\/\/nordnesrepublikken.no\/index.php\/2026\/01\/07\/eksisterte-virkelig-en-fjerde-vis-mann-den-glemte-legenden-om-artabanus\/#primaryimage\",\"url\":\"https:\/\/nordnesrepublikken.no\/wp-content\/uploads\/2026\/01\/1767801047_Eksisterte-virkelig-en-fjerde-vis-mann-Den-glemte-legenden-om.jpg\",\"contentUrl\":\"https:\/\/nordnesrepublikken.no\/wp-content\/uploads\/2026\/01\/1767801047_Eksisterte-virkelig-en-fjerde-vis-mann-Den-glemte-legenden-om.jpg\",\"width\":1276,\"height\":705,\"caption\":\"Eksisterte virkelig en fjerde vis mann? Den glemte legenden om Artabanus\"},{\"@type\":\"BreadcrumbList\",\"@id\":\"https:\/\/nordnesrepublikken.no\/index.php\/2026\/01\/07\/eksisterte-virkelig-en-fjerde-vis-mann-den-glemte-legenden-om-artabanus\/#breadcrumb\",\"itemListElement\":[{\"@type\":\"ListItem\",\"position\":1,\"name\":\"Home\",\"item\":\"https:\/\/nordnesrepublikken.no\/\"},{\"@type\":\"ListItem\",\"position\":2,\"name\":\"Eksisterte virkelig en fjerde vis mann? Den glemte legenden om Artabanus\"}]},{\"@type\":\"WebSite\",\"@id\":\"https:\/\/nordnesrepublikken.no\/#website\",\"url\":\"https:\/\/nordnesrepublikken.no\/\",\"name\":\"Nordnesrepublikken\",\"description\":\"Stemmer og Visjoner fra Republikkens Hjerte\",\"publisher\":{\"@id\":\"https:\/\/nordnesrepublikken.no\/#organization\"},\"potentialAction\":[{\"@type\":\"SearchAction\",\"target\":{\"@type\":\"EntryPoint\",\"urlTemplate\":\"https:\/\/nordnesrepublikken.no\/?s={search_term_string}\"},\"query-input\":{\"@type\":\"PropertyValueSpecification\",\"valueRequired\":true,\"valueName\":\"search_term_string\"}}],\"inLanguage\":\"nb-NO\"},{\"@type\":\"Organization\",\"@id\":\"https:\/\/nordnesrepublikken.no\/#organization\",\"name\":\"Nordnesrepublikken\",\"url\":\"https:\/\/nordnesrepublikken.no\/\",\"logo\":{\"@type\":\"ImageObject\",\"inLanguage\":\"nb-NO\",\"@id\":\"https:\/\/nordnesrepublikken.no\/#\/schema\/logo\/image\/\",\"url\":\"https:\/\/nordnesrepublikken.no\/wp-content\/uploads\/2025\/02\/cropped-nordnesrepublikken-2.png\",\"contentUrl\":\"https:\/\/nordnesrepublikken.no\/wp-content\/uploads\/2025\/02\/cropped-nordnesrepublikken-2.png\",\"width\":1248,\"height\":362,\"caption\":\"Nordnesrepublikken\"},\"image\":{\"@id\":\"https:\/\/nordnesrepublikken.no\/#\/schema\/logo\/image\/\"}},{\"@type\":\"Person\",\"@id\":\"https:\/\/nordnesrepublikken.no\/#\/schema\/person\/2e7e81935bab77882fffb79296240ff1\",\"name\":\"Ole Andersen\",\"image\":{\"@type\":\"ImageObject\",\"inLanguage\":\"nb-NO\",\"@id\":\"https:\/\/nordnesrepublikken.no\/#\/schema\/person\/image\/\",\"url\":\"https:\/\/nordnesrepublikken.no\/wp-content\/uploads\/2025\/02\/nordnesrepublikken-2-2-150x150.jpg\",\"contentUrl\":\"https:\/\/nordnesrepublikken.no\/wp-content\/uploads\/2025\/02\/nordnesrepublikken-2-2-150x150.jpg\",\"caption\":\"Ole Andersen\"},\"description\":\"Ettersom jeg vokste opp i Oslo, har jeg alltid v\u00e6rt fascinert av ordenes kraft og deres evne til \u00e5 skape endringer. Etter \u00e5 ha fullf\u00f8rt min utdannelse i kommunikasjon ved Universitetet i Bergen, fikk jeg muligheten til \u00e5 jobbe innen ulike medier, der jeg har s\u00f8kt \u00e5 belyse viktige samfunnssp\u00f8rsm\u00e5l. I dag, som redakt\u00f8r for Nordnesrepublikken, pr\u00f8ver jeg \u00e5 forene min kj\u00e6rlighet for journalistikk med min lidenskap for innovasjon og eventyr.\",\"sameAs\":[\"https:\/\/nordnesrepublikken.no\/\"]}]}<\/script>\n<!-- \/ Yoast SEO plugin. -->","yoast_head_json":{"title":"Eksisterte virkelig en fjerde vis mann? Den glemte legenden om Artabanus - Nordnesrepublikken","robots":{"index":"index","follow":"follow","max-snippet":"max-snippet:-1","max-image-preview":"max-image-preview:large","max-video-preview":"max-video-preview:-1"},"canonical":"https:\/\/nordnesrepublikken.no\/index.php\/2026\/01\/07\/eksisterte-virkelig-en-fjerde-vis-mann-den-glemte-legenden-om-artabanus\/","og_locale":"nb_NO","og_type":"article","og_title":"Eksisterte virkelig en fjerde vis mann? Den glemte legenden om Artabanus - Nordnesrepublikken","og_description":"For oss alle er de tradisjonelle magiene tre: Gaspar, Balthasar og Melchior. Men det er","og_url":"https:\/\/nordnesrepublikken.no\/index.php\/2026\/01\/07\/eksisterte-virkelig-en-fjerde-vis-mann-den-glemte-legenden-om-artabanus\/","og_site_name":"Nordnesrepublikken","article_published_time":"2026-01-07T15:50:46+00:00","article_modified_time":"2026-01-07T15:50:47+00:00","og_image":[{"width":1276,"height":705,"url":"https:\/\/nordnesrepublikken.no\/wp-content\/uploads\/2026\/01\/1767801047_Eksisterte-virkelig-en-fjerde-vis-mann-Den-glemte-legenden-om.jpg","type":"image\/jpeg"}],"author":"Ole Andersen","twitter_card":"summary_large_image","twitter_misc":{"Skrevet av":"Ole Andersen","Ansl. lesetid":"2 minutter"},"schema":{"@context":"https:\/\/schema.org","@graph":[{"@type":"Article","@id":"https:\/\/nordnesrepublikken.no\/index.php\/2026\/01\/07\/eksisterte-virkelig-en-fjerde-vis-mann-den-glemte-legenden-om-artabanus\/#article","isPartOf":{"@id":"https:\/\/nordnesrepublikken.no\/index.php\/2026\/01\/07\/eksisterte-virkelig-en-fjerde-vis-mann-den-glemte-legenden-om-artabanus\/"},"author":{"name":"Ole Andersen","@id":"https:\/\/nordnesrepublikken.no\/#\/schema\/person\/2e7e81935bab77882fffb79296240ff1"},"headline":"Eksisterte virkelig en fjerde vis mann? Den glemte legenden om Artabanus","datePublished":"2026-01-07T15:50:46+00:00","dateModified":"2026-01-07T15:50:47+00:00","mainEntityOfPage":{"@id":"https:\/\/nordnesrepublikken.no\/index.php\/2026\/01\/07\/eksisterte-virkelig-en-fjerde-vis-mann-den-glemte-legenden-om-artabanus\/"},"wordCount":463,"publisher":{"@id":"https:\/\/nordnesrepublikken.no\/#organization"},"image":{"@id":"https:\/\/nordnesrepublikken.no\/index.php\/2026\/01\/07\/eksisterte-virkelig-en-fjerde-vis-mann-den-glemte-legenden-om-artabanus\/#primaryimage"},"thumbnailUrl":"https:\/\/nordnesrepublikken.no\/wp-content\/uploads\/2026\/01\/1767801047_Eksisterte-virkelig-en-fjerde-vis-mann-Den-glemte-legenden-om.jpg","keywords":["Artabanus","den","eksisterte","fjerde","glemte","Legenden","Mann","virkelig","vis"],"articleSection":["Samfunn"],"inLanguage":"nb-NO"},{"@type":"WebPage","@id":"https:\/\/nordnesrepublikken.no\/index.php\/2026\/01\/07\/eksisterte-virkelig-en-fjerde-vis-mann-den-glemte-legenden-om-artabanus\/","url":"https:\/\/nordnesrepublikken.no\/index.php\/2026\/01\/07\/eksisterte-virkelig-en-fjerde-vis-mann-den-glemte-legenden-om-artabanus\/","name":"Eksisterte virkelig en fjerde vis mann? Den glemte legenden om Artabanus - Nordnesrepublikken","isPartOf":{"@id":"https:\/\/nordnesrepublikken.no\/#website"},"primaryImageOfPage":{"@id":"https:\/\/nordnesrepublikken.no\/index.php\/2026\/01\/07\/eksisterte-virkelig-en-fjerde-vis-mann-den-glemte-legenden-om-artabanus\/#primaryimage"},"image":{"@id":"https:\/\/nordnesrepublikken.no\/index.php\/2026\/01\/07\/eksisterte-virkelig-en-fjerde-vis-mann-den-glemte-legenden-om-artabanus\/#primaryimage"},"thumbnailUrl":"https:\/\/nordnesrepublikken.no\/wp-content\/uploads\/2026\/01\/1767801047_Eksisterte-virkelig-en-fjerde-vis-mann-Den-glemte-legenden-om.jpg","datePublished":"2026-01-07T15:50:46+00:00","dateModified":"2026-01-07T15:50:47+00:00","breadcrumb":{"@id":"https:\/\/nordnesrepublikken.no\/index.php\/2026\/01\/07\/eksisterte-virkelig-en-fjerde-vis-mann-den-glemte-legenden-om-artabanus\/#breadcrumb"},"inLanguage":"nb-NO","potentialAction":[{"@type":"ReadAction","target":["https:\/\/nordnesrepublikken.no\/index.php\/2026\/01\/07\/eksisterte-virkelig-en-fjerde-vis-mann-den-glemte-legenden-om-artabanus\/"]}]},{"@type":"ImageObject","inLanguage":"nb-NO","@id":"https:\/\/nordnesrepublikken.no\/index.php\/2026\/01\/07\/eksisterte-virkelig-en-fjerde-vis-mann-den-glemte-legenden-om-artabanus\/#primaryimage","url":"https:\/\/nordnesrepublikken.no\/wp-content\/uploads\/2026\/01\/1767801047_Eksisterte-virkelig-en-fjerde-vis-mann-Den-glemte-legenden-om.jpg","contentUrl":"https:\/\/nordnesrepublikken.no\/wp-content\/uploads\/2026\/01\/1767801047_Eksisterte-virkelig-en-fjerde-vis-mann-Den-glemte-legenden-om.jpg","width":1276,"height":705,"caption":"Eksisterte virkelig en fjerde vis mann? Den glemte legenden om Artabanus"},{"@type":"BreadcrumbList","@id":"https:\/\/nordnesrepublikken.no\/index.php\/2026\/01\/07\/eksisterte-virkelig-en-fjerde-vis-mann-den-glemte-legenden-om-artabanus\/#breadcrumb","itemListElement":[{"@type":"ListItem","position":1,"name":"Home","item":"https:\/\/nordnesrepublikken.no\/"},{"@type":"ListItem","position":2,"name":"Eksisterte virkelig en fjerde vis mann? Den glemte legenden om Artabanus"}]},{"@type":"WebSite","@id":"https:\/\/nordnesrepublikken.no\/#website","url":"https:\/\/nordnesrepublikken.no\/","name":"Nordnesrepublikken","description":"Stemmer og Visjoner fra Republikkens Hjerte","publisher":{"@id":"https:\/\/nordnesrepublikken.no\/#organization"},"potentialAction":[{"@type":"SearchAction","target":{"@type":"EntryPoint","urlTemplate":"https:\/\/nordnesrepublikken.no\/?s={search_term_string}"},"query-input":{"@type":"PropertyValueSpecification","valueRequired":true,"valueName":"search_term_string"}}],"inLanguage":"nb-NO"},{"@type":"Organization","@id":"https:\/\/nordnesrepublikken.no\/#organization","name":"Nordnesrepublikken","url":"https:\/\/nordnesrepublikken.no\/","logo":{"@type":"ImageObject","inLanguage":"nb-NO","@id":"https:\/\/nordnesrepublikken.no\/#\/schema\/logo\/image\/","url":"https:\/\/nordnesrepublikken.no\/wp-content\/uploads\/2025\/02\/cropped-nordnesrepublikken-2.png","contentUrl":"https:\/\/nordnesrepublikken.no\/wp-content\/uploads\/2025\/02\/cropped-nordnesrepublikken-2.png","width":1248,"height":362,"caption":"Nordnesrepublikken"},"image":{"@id":"https:\/\/nordnesrepublikken.no\/#\/schema\/logo\/image\/"}},{"@type":"Person","@id":"https:\/\/nordnesrepublikken.no\/#\/schema\/person\/2e7e81935bab77882fffb79296240ff1","name":"Ole Andersen","image":{"@type":"ImageObject","inLanguage":"nb-NO","@id":"https:\/\/nordnesrepublikken.no\/#\/schema\/person\/image\/","url":"https:\/\/nordnesrepublikken.no\/wp-content\/uploads\/2025\/02\/nordnesrepublikken-2-2-150x150.jpg","contentUrl":"https:\/\/nordnesrepublikken.no\/wp-content\/uploads\/2025\/02\/nordnesrepublikken-2-2-150x150.jpg","caption":"Ole Andersen"},"description":"Ettersom jeg vokste opp i Oslo, har jeg alltid v\u00e6rt fascinert av ordenes kraft og deres evne til \u00e5 skape endringer. Etter \u00e5 ha fullf\u00f8rt min utdannelse i kommunikasjon ved Universitetet i Bergen, fikk jeg muligheten til \u00e5 jobbe innen ulike medier, der jeg har s\u00f8kt \u00e5 belyse viktige samfunnssp\u00f8rsm\u00e5l. I dag, som redakt\u00f8r for Nordnesrepublikken, pr\u00f8ver jeg \u00e5 forene min kj\u00e6rlighet for journalistikk med min lidenskap for innovasjon og eventyr.","sameAs":["https:\/\/nordnesrepublikken.no\/"]}]}},"_links":{"self":[{"href":"https:\/\/nordnesrepublikken.no\/index.php\/wp-json\/wp\/v2\/posts\/13592","targetHints":{"allow":["GET"]}}],"collection":[{"href":"https:\/\/nordnesrepublikken.no\/index.php\/wp-json\/wp\/v2\/posts"}],"about":[{"href":"https:\/\/nordnesrepublikken.no\/index.php\/wp-json\/wp\/v2\/types\/post"}],"author":[{"embeddable":true,"href":"https:\/\/nordnesrepublikken.no\/index.php\/wp-json\/wp\/v2\/users\/1"}],"replies":[{"embeddable":true,"href":"https:\/\/nordnesrepublikken.no\/index.php\/wp-json\/wp\/v2\/comments?post=13592"}],"version-history":[{"count":1,"href":"https:\/\/nordnesrepublikken.no\/index.php\/wp-json\/wp\/v2\/posts\/13592\/revisions"}],"predecessor-version":[{"id":13594,"href":"https:\/\/nordnesrepublikken.no\/index.php\/wp-json\/wp\/v2\/posts\/13592\/revisions\/13594"}],"wp:featuredmedia":[{"embeddable":true,"href":"https:\/\/nordnesrepublikken.no\/index.php\/wp-json\/wp\/v2\/media\/13593"}],"wp:attachment":[{"href":"https:\/\/nordnesrepublikken.no\/index.php\/wp-json\/wp\/v2\/media?parent=13592"}],"wp:term":[{"taxonomy":"category","embeddable":true,"href":"https:\/\/nordnesrepublikken.no\/index.php\/wp-json\/wp\/v2\/categories?post=13592"},{"taxonomy":"post_tag","embeddable":true,"href":"https:\/\/nordnesrepublikken.no\/index.php\/wp-json\/wp\/v2\/tags?post=13592"}],"curies":[{"name":"wp","href":"https:\/\/api.w.org\/{rel}","templated":true}]}}