{"id":13571,"date":"2026-01-07T02:50:20","date_gmt":"2026-01-07T01:50:20","guid":{"rendered":"https:\/\/nordnesrepublikken.no\/index.php\/2026\/01\/07\/det-er-en-pansret-versjon-av-det-sicilianske-flagget-men-det-tilhorer-isle-of-man\/"},"modified":"2026-01-07T02:50:22","modified_gmt":"2026-01-07T01:50:22","slug":"det-er-en-pansret-versjon-av-det-sicilianske-flagget-men-det-tilhorer-isle-of-man","status":"publish","type":"post","link":"https:\/\/nordnesrepublikken.no\/index.php\/2026\/01\/07\/det-er-en-pansret-versjon-av-det-sicilianske-flagget-men-det-tilhorer-isle-of-man\/","title":{"rendered":"Det er en &laquo;pansret&raquo; versjon av det sicilianske flagget, men det tilh\u00f8rer Isle of Man"},"content":{"rendered":"<div>\n<div class=\"cp_wrapper cp_wrapper--fw mb-30 mb-20@tablet\">\n<figure class=\"mm\"><picture class=\"img\" style=\"padding-top:56.25%\"><source  media=\"(min-width: 1024px)\"><source  media=\"(min-width: 768px)\"><\/source><\/source><\/picture><\/figure>\n<\/p><\/div>\n<p>Der <strong>trinacria<\/strong> det er kanskje symbolet p\u00e5 <strong>Sicilia<\/strong> par excellence, men det ikke alle vet er at denne figuren ikke bare vises p\u00e5 v\u00e5rt regionale flagg, men ogs\u00e5 p\u00e5 et annet lands &#8211; eller rettere sagt, en annen \u00f8y. Jeg sikter til<strong>Isle of Man<\/strong>mellom England og Irland, hvor trinacria-versjonen vises <strong>&laquo;slagskip&raquo;,<\/strong> med tre ben i hvit og gul rustning. Men hva er opprinnelsen til dette flagget? Og er det en sammenheng med den sicilianske?<\/p>\n<p><iframe title=\"\" aria-label=\"Mappe di localizzazione\" id=\"datawrapper-chart-I6GLr\" scrolling=\"no\" frameborder=\"0\" style=\"width: 0; min-width: 100% !important; border: none;\" height=\"483\" data-external=\"1\" data-type=\"generic-iframe\" data-src=\"https:\/\/datawrapper.dwcdn.net\/I6GLr\/1\/\" class=\"js-parse-embed\"><\/iframe><\/p>\n<p>Som ogs\u00e5 rapportert av en artikkel i <em>Cambridge Archaeological Journal<\/em>er det antatt at<strong>Isle of Man<\/strong> vedtok trinacria i <strong>1266,<\/strong> da dens kontroll (s\u00e5 vel som Hebridene i Skottland) gikk over fra kongeriket Norge til <strong>Alexander III av Skottland<\/strong>. Motivasjonen bak dette valget er fortsatt ukjent i dag: en av de mest akkrediterte hypotesene er at suverenen ble klar over symbolet &#8211; allerede i bruk p\u00e5 Sicilia &#8211; gjennom sin svigerfar <strong>Henrik III av England<\/strong>hvis s\u00f8nn <strong>Edmund Plantagenet<\/strong> han fikk tittelen &laquo;<em>Konge av Sicilia<\/em>&laquo;fra <strong>Pave Innocent IV<\/strong>.<br \/>Den sicilianske trinacria har p\u00e5 sin side en veldig gammel og ikke helt kjent opprinnelse, selv om det f\u00f8rste beviset p\u00e5 symbolet dateres tilbake til <strong>7. \u00e5rhundre f.Kr<\/strong>i god tid f\u00f8r normannernes ankomst.<\/p>\n<p>Imidlertid er \u00f8yas flagg slik vi kjenner det i dag faktisk mye nyere, og dateres tilbake til <strong>1932. <\/strong>Faktisk er problemet at symbolet aldri ble representert p\u00e5 samme m\u00e5te: i noen flagg var bena arrangert p\u00e5 forskjellige m\u00e5ter <strong>med urviseren,<\/strong> i andre imidlertid i forstand <strong>mot klokken<\/strong>og til og med rotasjonsvinkelen var ikke alltid konstant. Av denne grunn i <strong>1968<\/strong> det ble laget en standardversjon, som p\u00e5trengte et urviser-arrangement av bena, med et enkelt ben i den nedre delen og to i den \u00f8vre delen.<\/p>\n<div class=\"cp_wrapper cp_wrapper--fw mb-50\">\n<figure class=\"mm\"><picture class=\"img\" style=\"padding-top:57.51503006012%\"><source  media=\"(min-width: 1024px)\"><source  media=\"(min-width: 768px)\"><img decoding=\"async\" loading=\"lazy\" src=\"https:\/\/nordnesrepublikken.no\/wp-content\/uploads\/2026\/01\/1767750620_260_Det-er-en-pansret-versjon-av-det-sicilianske-flagget-men.jpg\" alt=\"Bilde\" width=\"499\" height=\"287\"\/><\/source><\/source><\/picture><\/figure>\n<\/p><\/div>\n<\/p><\/div>\n","protected":false},"excerpt":{"rendered":"<p>Der trinacria det er kanskje symbolet p\u00e5 Sicilia par excellence, men det ikke alle vet<\/p>\n","protected":false},"author":1,"featured_media":13572,"comment_status":"closed","ping_status":"open","sticky":false,"template":"","format":"standard","meta":{"footnotes":""},"categories":[104],"tags":[66,7115,8923,128,355,8922,8502,1760,1834],"class_list":["post-13571","post","type-post","status-publish","format-standard","has-post-thumbnail","hentry","category-samfunn","tag-det","tag-flagget","tag-isle","tag-man","tag-men","tag-pansret","tag-sicilianske","tag-tilhorer","tag-versjon","generate-columns","tablet-grid-50","mobile-grid-100","grid-parent","grid-33","resize-featured-image"],"yoast_head":"<!-- This site is optimized with the Yoast SEO plugin v24.4 - https:\/\/yoast.com\/wordpress\/plugins\/seo\/ -->\n<title>Det er en &quot;pansret&quot; versjon av det sicilianske flagget, men det tilh\u00f8rer Isle of Man - Nordnesrepublikken<\/title>\n<meta name=\"robots\" content=\"index, follow, max-snippet:-1, max-image-preview:large, max-video-preview:-1\" \/>\n<link rel=\"canonical\" href=\"https:\/\/nordnesrepublikken.no\/index.php\/2026\/01\/07\/det-er-en-pansret-versjon-av-det-sicilianske-flagget-men-det-tilhorer-isle-of-man\/\" \/>\n<meta property=\"og:locale\" content=\"nb_NO\" \/>\n<meta property=\"og:type\" content=\"article\" \/>\n<meta property=\"og:title\" content=\"Det er en &quot;pansret&quot; versjon av det sicilianske flagget, men det tilh\u00f8rer Isle of Man - Nordnesrepublikken\" \/>\n<meta property=\"og:description\" content=\"Der trinacria det er kanskje symbolet p\u00e5 Sicilia par excellence, men det ikke alle vet\" \/>\n<meta property=\"og:url\" content=\"https:\/\/nordnesrepublikken.no\/index.php\/2026\/01\/07\/det-er-en-pansret-versjon-av-det-sicilianske-flagget-men-det-tilhorer-isle-of-man\/\" \/>\n<meta property=\"og:site_name\" content=\"Nordnesrepublikken\" \/>\n<meta property=\"article:published_time\" content=\"2026-01-07T01:50:20+00:00\" \/>\n<meta property=\"article:modified_time\" content=\"2026-01-07T01:50:22+00:00\" \/>\n<meta property=\"og:image\" content=\"https:\/\/nordnesrepublikken.no\/wp-content\/uploads\/2026\/01\/1767750621_Det-er-en-pansret-versjon-av-det-sicilianske-flagget-men.jpg\" \/>\n\t<meta property=\"og:image:width\" content=\"1376\" \/>\n\t<meta property=\"og:image:height\" content=\"768\" \/>\n\t<meta property=\"og:image:type\" content=\"image\/jpeg\" \/>\n<meta name=\"author\" content=\"Ole Andersen\" \/>\n<meta name=\"twitter:card\" content=\"summary_large_image\" \/>\n<meta name=\"twitter:label1\" content=\"Skrevet av\" \/>\n\t<meta name=\"twitter:data1\" content=\"Ole Andersen\" \/>\n\t<meta name=\"twitter:label2\" content=\"Ansl. lesetid\" \/>\n\t<meta name=\"twitter:data2\" content=\"1 minutt\" \/>\n<script type=\"application\/ld+json\" class=\"yoast-schema-graph\">{\"@context\":\"https:\/\/schema.org\",\"@graph\":[{\"@type\":\"Article\",\"@id\":\"https:\/\/nordnesrepublikken.no\/index.php\/2026\/01\/07\/det-er-en-pansret-versjon-av-det-sicilianske-flagget-men-det-tilhorer-isle-of-man\/#article\",\"isPartOf\":{\"@id\":\"https:\/\/nordnesrepublikken.no\/index.php\/2026\/01\/07\/det-er-en-pansret-versjon-av-det-sicilianske-flagget-men-det-tilhorer-isle-of-man\/\"},\"author\":{\"name\":\"Ole Andersen\",\"@id\":\"https:\/\/nordnesrepublikken.no\/#\/schema\/person\/2e7e81935bab77882fffb79296240ff1\"},\"headline\":\"Det er en &laquo;pansret&raquo; versjon av det sicilianske flagget, men det tilh\u00f8rer Isle of Man\",\"datePublished\":\"2026-01-07T01:50:20+00:00\",\"dateModified\":\"2026-01-07T01:50:22+00:00\",\"mainEntityOfPage\":{\"@id\":\"https:\/\/nordnesrepublikken.no\/index.php\/2026\/01\/07\/det-er-en-pansret-versjon-av-det-sicilianske-flagget-men-det-tilhorer-isle-of-man\/\"},\"wordCount\":299,\"publisher\":{\"@id\":\"https:\/\/nordnesrepublikken.no\/#organization\"},\"image\":{\"@id\":\"https:\/\/nordnesrepublikken.no\/index.php\/2026\/01\/07\/det-er-en-pansret-versjon-av-det-sicilianske-flagget-men-det-tilhorer-isle-of-man\/#primaryimage\"},\"thumbnailUrl\":\"https:\/\/nordnesrepublikken.no\/wp-content\/uploads\/2026\/01\/1767750621_Det-er-en-pansret-versjon-av-det-sicilianske-flagget-men.jpg\",\"keywords\":[\"Det\",\"flagget\",\"Isle\",\"Man\",\"men\",\"pansret\",\"sicilianske\",\"tilh\u00f8rer\",\"versjon\"],\"articleSection\":[\"Samfunn\"],\"inLanguage\":\"nb-NO\"},{\"@type\":\"WebPage\",\"@id\":\"https:\/\/nordnesrepublikken.no\/index.php\/2026\/01\/07\/det-er-en-pansret-versjon-av-det-sicilianske-flagget-men-det-tilhorer-isle-of-man\/\",\"url\":\"https:\/\/nordnesrepublikken.no\/index.php\/2026\/01\/07\/det-er-en-pansret-versjon-av-det-sicilianske-flagget-men-det-tilhorer-isle-of-man\/\",\"name\":\"Det er en \\\"pansret\\\" versjon av det sicilianske flagget, men det tilh\u00f8rer Isle of Man - Nordnesrepublikken\",\"isPartOf\":{\"@id\":\"https:\/\/nordnesrepublikken.no\/#website\"},\"primaryImageOfPage\":{\"@id\":\"https:\/\/nordnesrepublikken.no\/index.php\/2026\/01\/07\/det-er-en-pansret-versjon-av-det-sicilianske-flagget-men-det-tilhorer-isle-of-man\/#primaryimage\"},\"image\":{\"@id\":\"https:\/\/nordnesrepublikken.no\/index.php\/2026\/01\/07\/det-er-en-pansret-versjon-av-det-sicilianske-flagget-men-det-tilhorer-isle-of-man\/#primaryimage\"},\"thumbnailUrl\":\"https:\/\/nordnesrepublikken.no\/wp-content\/uploads\/2026\/01\/1767750621_Det-er-en-pansret-versjon-av-det-sicilianske-flagget-men.jpg\",\"datePublished\":\"2026-01-07T01:50:20+00:00\",\"dateModified\":\"2026-01-07T01:50:22+00:00\",\"breadcrumb\":{\"@id\":\"https:\/\/nordnesrepublikken.no\/index.php\/2026\/01\/07\/det-er-en-pansret-versjon-av-det-sicilianske-flagget-men-det-tilhorer-isle-of-man\/#breadcrumb\"},\"inLanguage\":\"nb-NO\",\"potentialAction\":[{\"@type\":\"ReadAction\",\"target\":[\"https:\/\/nordnesrepublikken.no\/index.php\/2026\/01\/07\/det-er-en-pansret-versjon-av-det-sicilianske-flagget-men-det-tilhorer-isle-of-man\/\"]}]},{\"@type\":\"ImageObject\",\"inLanguage\":\"nb-NO\",\"@id\":\"https:\/\/nordnesrepublikken.no\/index.php\/2026\/01\/07\/det-er-en-pansret-versjon-av-det-sicilianske-flagget-men-det-tilhorer-isle-of-man\/#primaryimage\",\"url\":\"https:\/\/nordnesrepublikken.no\/wp-content\/uploads\/2026\/01\/1767750621_Det-er-en-pansret-versjon-av-det-sicilianske-flagget-men.jpg\",\"contentUrl\":\"https:\/\/nordnesrepublikken.no\/wp-content\/uploads\/2026\/01\/1767750621_Det-er-en-pansret-versjon-av-det-sicilianske-flagget-men.jpg\",\"width\":1376,\"height\":768,\"caption\":\"Det er en \\\"pansret\\\" versjon av det sicilianske flagget, men det tilh\u00f8rer Isle of Man\"},{\"@type\":\"BreadcrumbList\",\"@id\":\"https:\/\/nordnesrepublikken.no\/index.php\/2026\/01\/07\/det-er-en-pansret-versjon-av-det-sicilianske-flagget-men-det-tilhorer-isle-of-man\/#breadcrumb\",\"itemListElement\":[{\"@type\":\"ListItem\",\"position\":1,\"name\":\"Home\",\"item\":\"https:\/\/nordnesrepublikken.no\/\"},{\"@type\":\"ListItem\",\"position\":2,\"name\":\"Det er en &laquo;pansret&raquo; versjon av det sicilianske flagget, men det tilh\u00f8rer Isle of Man\"}]},{\"@type\":\"WebSite\",\"@id\":\"https:\/\/nordnesrepublikken.no\/#website\",\"url\":\"https:\/\/nordnesrepublikken.no\/\",\"name\":\"Nordnesrepublikken\",\"description\":\"Stemmer og Visjoner fra Republikkens Hjerte\",\"publisher\":{\"@id\":\"https:\/\/nordnesrepublikken.no\/#organization\"},\"potentialAction\":[{\"@type\":\"SearchAction\",\"target\":{\"@type\":\"EntryPoint\",\"urlTemplate\":\"https:\/\/nordnesrepublikken.no\/?s={search_term_string}\"},\"query-input\":{\"@type\":\"PropertyValueSpecification\",\"valueRequired\":true,\"valueName\":\"search_term_string\"}}],\"inLanguage\":\"nb-NO\"},{\"@type\":\"Organization\",\"@id\":\"https:\/\/nordnesrepublikken.no\/#organization\",\"name\":\"Nordnesrepublikken\",\"url\":\"https:\/\/nordnesrepublikken.no\/\",\"logo\":{\"@type\":\"ImageObject\",\"inLanguage\":\"nb-NO\",\"@id\":\"https:\/\/nordnesrepublikken.no\/#\/schema\/logo\/image\/\",\"url\":\"https:\/\/nordnesrepublikken.no\/wp-content\/uploads\/2025\/02\/cropped-nordnesrepublikken-2.png\",\"contentUrl\":\"https:\/\/nordnesrepublikken.no\/wp-content\/uploads\/2025\/02\/cropped-nordnesrepublikken-2.png\",\"width\":1248,\"height\":362,\"caption\":\"Nordnesrepublikken\"},\"image\":{\"@id\":\"https:\/\/nordnesrepublikken.no\/#\/schema\/logo\/image\/\"}},{\"@type\":\"Person\",\"@id\":\"https:\/\/nordnesrepublikken.no\/#\/schema\/person\/2e7e81935bab77882fffb79296240ff1\",\"name\":\"Ole Andersen\",\"image\":{\"@type\":\"ImageObject\",\"inLanguage\":\"nb-NO\",\"@id\":\"https:\/\/nordnesrepublikken.no\/#\/schema\/person\/image\/\",\"url\":\"https:\/\/nordnesrepublikken.no\/wp-content\/uploads\/2025\/02\/nordnesrepublikken-2-2-150x150.jpg\",\"contentUrl\":\"https:\/\/nordnesrepublikken.no\/wp-content\/uploads\/2025\/02\/nordnesrepublikken-2-2-150x150.jpg\",\"caption\":\"Ole Andersen\"},\"description\":\"Ettersom jeg vokste opp i Oslo, har jeg alltid v\u00e6rt fascinert av ordenes kraft og deres evne til \u00e5 skape endringer. Etter \u00e5 ha fullf\u00f8rt min utdannelse i kommunikasjon ved Universitetet i Bergen, fikk jeg muligheten til \u00e5 jobbe innen ulike medier, der jeg har s\u00f8kt \u00e5 belyse viktige samfunnssp\u00f8rsm\u00e5l. I dag, som redakt\u00f8r for Nordnesrepublikken, pr\u00f8ver jeg \u00e5 forene min kj\u00e6rlighet for journalistikk med min lidenskap for innovasjon og eventyr.\",\"sameAs\":[\"https:\/\/nordnesrepublikken.no\/\"]}]}<\/script>\n<!-- \/ Yoast SEO plugin. -->","yoast_head_json":{"title":"Det er en \"pansret\" versjon av det sicilianske flagget, men det tilh\u00f8rer Isle of Man - Nordnesrepublikken","robots":{"index":"index","follow":"follow","max-snippet":"max-snippet:-1","max-image-preview":"max-image-preview:large","max-video-preview":"max-video-preview:-1"},"canonical":"https:\/\/nordnesrepublikken.no\/index.php\/2026\/01\/07\/det-er-en-pansret-versjon-av-det-sicilianske-flagget-men-det-tilhorer-isle-of-man\/","og_locale":"nb_NO","og_type":"article","og_title":"Det er en \"pansret\" versjon av det sicilianske flagget, men det tilh\u00f8rer Isle of Man - Nordnesrepublikken","og_description":"Der trinacria det er kanskje symbolet p\u00e5 Sicilia par excellence, men det ikke alle vet","og_url":"https:\/\/nordnesrepublikken.no\/index.php\/2026\/01\/07\/det-er-en-pansret-versjon-av-det-sicilianske-flagget-men-det-tilhorer-isle-of-man\/","og_site_name":"Nordnesrepublikken","article_published_time":"2026-01-07T01:50:20+00:00","article_modified_time":"2026-01-07T01:50:22+00:00","og_image":[{"width":1376,"height":768,"url":"https:\/\/nordnesrepublikken.no\/wp-content\/uploads\/2026\/01\/1767750621_Det-er-en-pansret-versjon-av-det-sicilianske-flagget-men.jpg","type":"image\/jpeg"}],"author":"Ole Andersen","twitter_card":"summary_large_image","twitter_misc":{"Skrevet av":"Ole Andersen","Ansl. lesetid":"1 minutt"},"schema":{"@context":"https:\/\/schema.org","@graph":[{"@type":"Article","@id":"https:\/\/nordnesrepublikken.no\/index.php\/2026\/01\/07\/det-er-en-pansret-versjon-av-det-sicilianske-flagget-men-det-tilhorer-isle-of-man\/#article","isPartOf":{"@id":"https:\/\/nordnesrepublikken.no\/index.php\/2026\/01\/07\/det-er-en-pansret-versjon-av-det-sicilianske-flagget-men-det-tilhorer-isle-of-man\/"},"author":{"name":"Ole Andersen","@id":"https:\/\/nordnesrepublikken.no\/#\/schema\/person\/2e7e81935bab77882fffb79296240ff1"},"headline":"Det er en &laquo;pansret&raquo; versjon av det sicilianske flagget, men det tilh\u00f8rer Isle of Man","datePublished":"2026-01-07T01:50:20+00:00","dateModified":"2026-01-07T01:50:22+00:00","mainEntityOfPage":{"@id":"https:\/\/nordnesrepublikken.no\/index.php\/2026\/01\/07\/det-er-en-pansret-versjon-av-det-sicilianske-flagget-men-det-tilhorer-isle-of-man\/"},"wordCount":299,"publisher":{"@id":"https:\/\/nordnesrepublikken.no\/#organization"},"image":{"@id":"https:\/\/nordnesrepublikken.no\/index.php\/2026\/01\/07\/det-er-en-pansret-versjon-av-det-sicilianske-flagget-men-det-tilhorer-isle-of-man\/#primaryimage"},"thumbnailUrl":"https:\/\/nordnesrepublikken.no\/wp-content\/uploads\/2026\/01\/1767750621_Det-er-en-pansret-versjon-av-det-sicilianske-flagget-men.jpg","keywords":["Det","flagget","Isle","Man","men","pansret","sicilianske","tilh\u00f8rer","versjon"],"articleSection":["Samfunn"],"inLanguage":"nb-NO"},{"@type":"WebPage","@id":"https:\/\/nordnesrepublikken.no\/index.php\/2026\/01\/07\/det-er-en-pansret-versjon-av-det-sicilianske-flagget-men-det-tilhorer-isle-of-man\/","url":"https:\/\/nordnesrepublikken.no\/index.php\/2026\/01\/07\/det-er-en-pansret-versjon-av-det-sicilianske-flagget-men-det-tilhorer-isle-of-man\/","name":"Det er en \"pansret\" versjon av det sicilianske flagget, men det tilh\u00f8rer Isle of Man - Nordnesrepublikken","isPartOf":{"@id":"https:\/\/nordnesrepublikken.no\/#website"},"primaryImageOfPage":{"@id":"https:\/\/nordnesrepublikken.no\/index.php\/2026\/01\/07\/det-er-en-pansret-versjon-av-det-sicilianske-flagget-men-det-tilhorer-isle-of-man\/#primaryimage"},"image":{"@id":"https:\/\/nordnesrepublikken.no\/index.php\/2026\/01\/07\/det-er-en-pansret-versjon-av-det-sicilianske-flagget-men-det-tilhorer-isle-of-man\/#primaryimage"},"thumbnailUrl":"https:\/\/nordnesrepublikken.no\/wp-content\/uploads\/2026\/01\/1767750621_Det-er-en-pansret-versjon-av-det-sicilianske-flagget-men.jpg","datePublished":"2026-01-07T01:50:20+00:00","dateModified":"2026-01-07T01:50:22+00:00","breadcrumb":{"@id":"https:\/\/nordnesrepublikken.no\/index.php\/2026\/01\/07\/det-er-en-pansret-versjon-av-det-sicilianske-flagget-men-det-tilhorer-isle-of-man\/#breadcrumb"},"inLanguage":"nb-NO","potentialAction":[{"@type":"ReadAction","target":["https:\/\/nordnesrepublikken.no\/index.php\/2026\/01\/07\/det-er-en-pansret-versjon-av-det-sicilianske-flagget-men-det-tilhorer-isle-of-man\/"]}]},{"@type":"ImageObject","inLanguage":"nb-NO","@id":"https:\/\/nordnesrepublikken.no\/index.php\/2026\/01\/07\/det-er-en-pansret-versjon-av-det-sicilianske-flagget-men-det-tilhorer-isle-of-man\/#primaryimage","url":"https:\/\/nordnesrepublikken.no\/wp-content\/uploads\/2026\/01\/1767750621_Det-er-en-pansret-versjon-av-det-sicilianske-flagget-men.jpg","contentUrl":"https:\/\/nordnesrepublikken.no\/wp-content\/uploads\/2026\/01\/1767750621_Det-er-en-pansret-versjon-av-det-sicilianske-flagget-men.jpg","width":1376,"height":768,"caption":"Det er en \"pansret\" versjon av det sicilianske flagget, men det tilh\u00f8rer Isle of Man"},{"@type":"BreadcrumbList","@id":"https:\/\/nordnesrepublikken.no\/index.php\/2026\/01\/07\/det-er-en-pansret-versjon-av-det-sicilianske-flagget-men-det-tilhorer-isle-of-man\/#breadcrumb","itemListElement":[{"@type":"ListItem","position":1,"name":"Home","item":"https:\/\/nordnesrepublikken.no\/"},{"@type":"ListItem","position":2,"name":"Det er en &laquo;pansret&raquo; versjon av det sicilianske flagget, men det tilh\u00f8rer Isle of Man"}]},{"@type":"WebSite","@id":"https:\/\/nordnesrepublikken.no\/#website","url":"https:\/\/nordnesrepublikken.no\/","name":"Nordnesrepublikken","description":"Stemmer og Visjoner fra Republikkens Hjerte","publisher":{"@id":"https:\/\/nordnesrepublikken.no\/#organization"},"potentialAction":[{"@type":"SearchAction","target":{"@type":"EntryPoint","urlTemplate":"https:\/\/nordnesrepublikken.no\/?s={search_term_string}"},"query-input":{"@type":"PropertyValueSpecification","valueRequired":true,"valueName":"search_term_string"}}],"inLanguage":"nb-NO"},{"@type":"Organization","@id":"https:\/\/nordnesrepublikken.no\/#organization","name":"Nordnesrepublikken","url":"https:\/\/nordnesrepublikken.no\/","logo":{"@type":"ImageObject","inLanguage":"nb-NO","@id":"https:\/\/nordnesrepublikken.no\/#\/schema\/logo\/image\/","url":"https:\/\/nordnesrepublikken.no\/wp-content\/uploads\/2025\/02\/cropped-nordnesrepublikken-2.png","contentUrl":"https:\/\/nordnesrepublikken.no\/wp-content\/uploads\/2025\/02\/cropped-nordnesrepublikken-2.png","width":1248,"height":362,"caption":"Nordnesrepublikken"},"image":{"@id":"https:\/\/nordnesrepublikken.no\/#\/schema\/logo\/image\/"}},{"@type":"Person","@id":"https:\/\/nordnesrepublikken.no\/#\/schema\/person\/2e7e81935bab77882fffb79296240ff1","name":"Ole Andersen","image":{"@type":"ImageObject","inLanguage":"nb-NO","@id":"https:\/\/nordnesrepublikken.no\/#\/schema\/person\/image\/","url":"https:\/\/nordnesrepublikken.no\/wp-content\/uploads\/2025\/02\/nordnesrepublikken-2-2-150x150.jpg","contentUrl":"https:\/\/nordnesrepublikken.no\/wp-content\/uploads\/2025\/02\/nordnesrepublikken-2-2-150x150.jpg","caption":"Ole Andersen"},"description":"Ettersom jeg vokste opp i Oslo, har jeg alltid v\u00e6rt fascinert av ordenes kraft og deres evne til \u00e5 skape endringer. Etter \u00e5 ha fullf\u00f8rt min utdannelse i kommunikasjon ved Universitetet i Bergen, fikk jeg muligheten til \u00e5 jobbe innen ulike medier, der jeg har s\u00f8kt \u00e5 belyse viktige samfunnssp\u00f8rsm\u00e5l. I dag, som redakt\u00f8r for Nordnesrepublikken, pr\u00f8ver jeg \u00e5 forene min kj\u00e6rlighet for journalistikk med min lidenskap for innovasjon og eventyr.","sameAs":["https:\/\/nordnesrepublikken.no\/"]}]}},"_links":{"self":[{"href":"https:\/\/nordnesrepublikken.no\/index.php\/wp-json\/wp\/v2\/posts\/13571","targetHints":{"allow":["GET"]}}],"collection":[{"href":"https:\/\/nordnesrepublikken.no\/index.php\/wp-json\/wp\/v2\/posts"}],"about":[{"href":"https:\/\/nordnesrepublikken.no\/index.php\/wp-json\/wp\/v2\/types\/post"}],"author":[{"embeddable":true,"href":"https:\/\/nordnesrepublikken.no\/index.php\/wp-json\/wp\/v2\/users\/1"}],"replies":[{"embeddable":true,"href":"https:\/\/nordnesrepublikken.no\/index.php\/wp-json\/wp\/v2\/comments?post=13571"}],"version-history":[{"count":1,"href":"https:\/\/nordnesrepublikken.no\/index.php\/wp-json\/wp\/v2\/posts\/13571\/revisions"}],"predecessor-version":[{"id":13573,"href":"https:\/\/nordnesrepublikken.no\/index.php\/wp-json\/wp\/v2\/posts\/13571\/revisions\/13573"}],"wp:featuredmedia":[{"embeddable":true,"href":"https:\/\/nordnesrepublikken.no\/index.php\/wp-json\/wp\/v2\/media\/13572"}],"wp:attachment":[{"href":"https:\/\/nordnesrepublikken.no\/index.php\/wp-json\/wp\/v2\/media?parent=13571"}],"wp:term":[{"taxonomy":"category","embeddable":true,"href":"https:\/\/nordnesrepublikken.no\/index.php\/wp-json\/wp\/v2\/categories?post=13571"},{"taxonomy":"post_tag","embeddable":true,"href":"https:\/\/nordnesrepublikken.no\/index.php\/wp-json\/wp\/v2\/tags?post=13571"}],"curies":[{"name":"wp","href":"https:\/\/api.w.org\/{rel}","templated":true}]}}