{"id":13488,"date":"2026-01-04T11:51:56","date_gmt":"2026-01-04T10:51:56","guid":{"rendered":"https:\/\/nordnesrepublikken.no\/index.php\/2026\/01\/04\/kan-klimaet-brukes-som-et-vapen-mot-fienden\/"},"modified":"2026-01-04T11:51:58","modified_gmt":"2026-01-04T10:51:58","slug":"kan-klimaet-brukes-som-et-vapen-mot-fienden","status":"publish","type":"post","link":"https:\/\/nordnesrepublikken.no\/index.php\/2026\/01\/04\/kan-klimaet-brukes-som-et-vapen-mot-fienden\/","title":{"rendered":"Kan klimaet brukes som et v\u00e5pen mot fienden?"},"content":{"rendered":"<div>\n<div class=\"cp_wrapper cp_wrapper--fw mb-30 mb-20@tablet\">\n<figure class=\"mm\"><picture class=\"img\" style=\"padding-top:56.25%\"><source  media=\"(min-width: 1024px)\"><source  media=\"(min-width: 768px)\"><\/source><\/source><\/picture><\/figure>\n<\/p><\/div>\n<p>Selv om det er p\u00e5 en begrenset m\u00e5te, bruk <strong>klima som et krigsv\u00e5pen<\/strong> det er mulig. Teknikker som <strong>sky seeding <\/strong>(dvs. s\u00e5ing av skyer), f\u00f8dt p\u00e5 1950-tallet for <strong>for\u00e5rsake regn<\/strong>de har til og med blitt brukt til milit\u00e6re form\u00e5l. Det mest kjente eksemplet er<strong>Operasjon Popeye<\/strong>: Mellom 1967 og 1972, under Vietnamkrigen, s\u00e5 USA skyer for \u00e5 forlenge monsunene og hindre fienden. Det er ogs\u00e5 for episoder som dette<strong> v\u00e6rkrigf\u00f8ring er forbudt<\/strong> av en internasjonal konvensjon som har v\u00e6rt gjeldende siden 1976.<\/p>\n<h2>Teknikker for klimamodifisering<\/h2>\n<p>I nyere tid har teknologiske fremskritt tillatt mennesket \u00e5 virkelig &laquo;regulere&raquo; klimaet, men bare i begrenset grad, for eksempel ved \u00e5 gj\u00f8re det mulig <strong>for\u00e5rsake regn<\/strong>. Det er et m\u00e5l som en gang ble fors\u00f8kt oppn\u00e5dd med tradisjonelle ritualer som f.eks <strong>regndanser<\/strong>utbredt i mange jordbrukskulturer. I dag er imidlertid teknikken til<strong>sky seeding<\/strong>eller <em>sky seeding<\/em>utviklet siden 1950-tallet, som best\u00e5r av spr\u00f8yting av partikler av stoffer som f.eks<strong> s\u00f8lv eller blyjodid<\/strong> for \u00e5 oppmuntre til dannelsen av nedb\u00f8r.<\/p>\n<div class=\"cp_wrapper cp_wrapper--fw mb-50\">\n<figure class=\"mm\"><picture class=\"img\" style=\"padding-top:63.958333333333%\"><source  media=\"(min-width: 1024px)\"><source  media=\"(min-width: 768px)\"><img decoding=\"async\" loading=\"lazy\" src=\"https:\/\/nordnesrepublikken.no\/wp-content\/uploads\/2026\/01\/1767523914_79_Kan-klimaet-brukes-som-et-vapen-mot-fienden.jpg\" alt=\"Regndans i Etiopia (Wikimedia Commons)\" width=\"480\" height=\"307\"\/><\/source><\/source><\/picture><\/figure>\n<\/p><\/div>\n<p>I noen tilfeller er det ogs\u00e5 gjort fors\u00f8k for \u00e5 f\u00e5 omvendt effekt, d.v.s <strong>for \u00e5 unng\u00e5 at det regner<\/strong>. If\u00f8lge journalistiske rykter hadde en slik plan blitt studert av kinesiske myndigheter i l\u00f8pet av <strong>OL i Beijing 2008<\/strong>. Mennesket er imidlertid ikke i stand til \u00e5 kontrollere klimaet fullstendig og er spesielt ikke i stand til \u00e5 unng\u00e5 farlige fenomener, som orkaner, og heller ikke endre temperaturene etter eget \u00f8nske.<\/p>\n<h2>Et eksempel p\u00e5 v\u00e6rkrigf\u00f8ring: Operasjon Popeye i Vietnam<\/h2>\n<p>Under den kalde krigen studerte b\u00e5de USA og Sovjetunionen muligheten for \u00e5 modifisere klimaet til milit\u00e6re form\u00e5l. Faktisk p\u00e5virker v\u00e6rforholdene betydelig fremdriften av konflikter, for eksempel <strong>begrense mobiliteten til menn og kj\u00f8ret\u00f8y<\/strong>. Det eneste landet som faktisk brukte klima som v\u00e5pen, s\u00e5 vidt det er offentlig kjent, var USA under Vietnamkrigen. <strong>Fra 1967 til 1972<\/strong> det amerikanske milit\u00e6ret implementerte et cloud seeding-program, kalt <strong>Operasjon Popeye<\/strong>rettet mot <strong>forlenge monsunsesongen<\/strong>. M\u00e5let var \u00e5 lage gj\u00f8rme og dermed skade mobiliteten til vietnameserne p\u00e5 grusveier, spesielt p\u00e5 <strong>Ho Chi Minh-stien<\/strong>det vil si nettverket av veier som koblet Nord-Vietnam til S\u00f8r-Vietnam. Operasjonen ble utf\u00f8rt av <em>54. V\u00e6rrekognoseringsskvadron<\/em> av Luftforsvaret med slagordet \u00ablag mud, don&#8217;t make war\u00bb og lot regntiden utvides med 30-45 dager i \u00e5ret.<\/p>\n<div class=\"cp_wrapper cp_wrapper--fw mb-50\">\n<figure class=\"mm\"><picture class=\"img\" style=\"padding-top:62.734375%\"><source  media=\"(min-width: 1024px)\"><source  media=\"(min-width: 768px)\"><img decoding=\"async\" loading=\"lazy\" src=\"https:\/\/nordnesrepublikken.no\/wp-content\/uploads\/2026\/01\/Kan-klimaet-brukes-som-et-vapen-mot-fienden.jpeg\" alt=\"Et Lockheed WC 130 Hercules-fly fra 54 Squadron\" width=\"2560\" height=\"1606\" class=\"js-seedtag-img\"\/><\/source><\/source><\/picture><\/figure>\n<\/p><\/div>\n<p><strong>Popeye forble selvf\u00f8lgelig en hemmelig operasjon frem til begynnelsen av 1970-tallet<\/strong>ogs\u00e5 fordi den amerikanske administrasjonen var klar over innvendingene som ville bli reist av det internasjonale samfunnet og vitenskapsmenn. I 1971 publiserte pressen noen rykter om operasjonen, og i 1972 var de i stand til \u00e5 gj\u00f8re mer detaljert informasjon tilgjengelig for publikum. 5. juli 1972, to dager etter avsl\u00f8ringene, bestemte amerikanske myndigheter seg for \u00e5 <strong>stoppe<\/strong> <strong>Popeye.<\/strong><\/p>\n<p>I l\u00f8pet av de fem \u00e5rene den ble utf\u00f8rt, hadde operasjonen, til tross for at regnet forlenget, lyktes <strong>mindre betydelige effekter<\/strong> enn h\u00e5pet p\u00e5, etter \u00e5 ha unnlatt \u00e5 begrense kampkapasiteten til vietnameserne betydelig.<\/p>\n<h2>Hva folkeretten sier<\/h2>\n<p><strong>V\u00e6rkrigf\u00f8ring er forbudt i dag<\/strong> av en internasjonal konvensjon, konvensjonen om forbud mot bruk av milj\u00f8modifikasjonsteknikker for milit\u00e6re og alle andre fiendtlige form\u00e5l, som tr\u00e5dte i kraft i 1976 og <strong>signert av en rekke land<\/strong>inkludert USA og andre store verdensmakter. Konvensjonen forbyr ikke bare v\u00e6rkrigf\u00f8ring, men alle <strong>operasjoner rettet mot \u00e5 endre naturmilj\u00f8et <\/strong>til milit\u00e6re form\u00e5l. Du kan lese i de to f\u00f8rste artiklene:<\/p>\n<blockquote>\n<ol>\n<li><em>Hver stat som er part i denne konvensjonen forplikter seg til ikke \u00e5 bruke til milit\u00e6re form\u00e5l eller andre fiendtlige form\u00e5l milj\u00f8modifikasjonsteknikker som har utbredte, langvarige eller alvorlige virkninger, som midler som for\u00e5rsaker \u00f8deleggelse, skade eller skade for noen annen part. (\u2026)<\/em><\/li>\n<li><em>Uttrykket &laquo;teknikker for milj\u00f8modifisering&raquo; indikerer enhver teknikk som har som m\u00e5l \u00e5 modifisere &#8211; takket v\u00e6re en bevisst manipulering av naturlige prosesser &#8211; dynamikken, sammensetningen eller strukturen til jorden, inkludert dens biotiske komplekser, litosf\u00e6ren, hydrosf\u00e6ren og atmosf\u00e6ren eller det ytre rom.<\/em><\/li>\n<\/ol>\n<\/blockquote>\n<p>Konvensjonen ble signert fordi opinionen og internasjonale institusjoner var bekymret for milj\u00f8effektene av konflikter, tatt i betraktning det faktum at enkelte stater <strong>de skadet \u00f8kosystemer og vegetasjon bevisst<\/strong>. Spesielt under Vietnamkrigen hadde USA brukt store mengder av <strong>kjemiske avl\u00f8vingsmidler<\/strong> (den beryktede &laquo;Agent Orange&raquo;) for \u00e5 for\u00e5rsake avskoging. Siden konvensjonen tr\u00e5dte i kraft har ingen h\u00e6r \u2013 if\u00f8lge det som er blitt avsl\u00f8rt \u2013 brukt v\u00e6rkrigf\u00f8ringsteknikker igjen.<\/p>\n<div class=\"cp_wrapper cp_wrapper--fw mb-50\">\n<figure class=\"mm\"><picture class=\"img\" style=\"padding-top:44.2%\"><source  media=\"(min-width: 1024px)\"><source  media=\"(min-width: 768px)\"><img decoding=\"async\" loading=\"lazy\" src=\"https:\/\/staticgeopop.akamaized.net\/wp-content\/uploads\/sites\/32\/2025\/11\/Convenzione-sulla-tutela-dellamnbiente-in-guerra.-Verde-firmata-e-ratificata-verde-scuro-adesione-o-successione-giallo-firmata-e-non-ratificata-grigio-non-firmata.jpg?im=Resize,width=638;\" alt=\"Konvensjon om beskyttelse av milj\u00f8et i krig. Gr\u00f8nn signert og ratifisert, m\u00f8rkegr\u00f8nn tiltredelse eller suksesjon, gul signert og ikke ratifisert, gr\u00e5 ikke signert\" width=\"500\" height=\"221\"\/><\/source><\/source><\/picture><\/figure>\n<\/p><\/div>\n<h2><strong>Konspirasjonsteorier og global oppvarming<\/strong><\/h2>\n<p>V\u00e6rkrigf\u00f8ring og frivillige klimaendringer er i sentrum for noen konspirasjonsteorier, if\u00f8lge hvilke <strong>p\u00e5st\u00e5tt &laquo;sterke krefter&raquo;<\/strong> modifiserer v\u00e6rforhold, med s\u00e5kalte chemtrails eller andre systemer, for \u00e5 skade menneskeheten eller for andre uhyggelige form\u00e5l. Det handler selvf\u00f8lgelig om <strong>helt urealistiske teorier<\/strong>som ikke bare ikke har noe vitenskapelig grunnlag, men ogs\u00e5 er i strid med sunn fornuft. Det er imidlertid en reell fare knyttet til klimaendringer: global oppvarming, for\u00e5rsaket, om enn ufrivillig, av menneskelige aktiviteter, som n\u00e5 er anerkjent av hele det vitenskapelige milj\u00f8et.<\/p>\n<\/p><\/div>\n","protected":false},"excerpt":{"rendered":"<p>Selv om det er p\u00e5 en begrenset m\u00e5te, bruk klima som et krigsv\u00e5pen det er<\/p>\n","protected":false},"author":1,"featured_media":13489,"comment_status":"closed","ping_status":"open","sticky":false,"template":"","format":"standard","meta":{"footnotes":""},"categories":[104],"tags":[396,8866,339,4720,152,31,3427],"class_list":["post-13488","post","type-post","status-publish","format-standard","has-post-thumbnail","hentry","category-samfunn","tag-brukes","tag-fienden","tag-kan","tag-klimaet","tag-mot","tag-som","tag-vapen","generate-columns","tablet-grid-50","mobile-grid-100","grid-parent","grid-33","resize-featured-image"],"yoast_head":"<!-- This site is optimized with the Yoast SEO plugin v24.4 - https:\/\/yoast.com\/wordpress\/plugins\/seo\/ -->\n<title>Kan klimaet brukes som et v\u00e5pen mot fienden? - Nordnesrepublikken<\/title>\n<meta name=\"robots\" content=\"index, follow, max-snippet:-1, max-image-preview:large, max-video-preview:-1\" \/>\n<link rel=\"canonical\" href=\"https:\/\/nordnesrepublikken.no\/index.php\/2026\/01\/04\/kan-klimaet-brukes-som-et-vapen-mot-fienden\/\" \/>\n<meta property=\"og:locale\" content=\"nb_NO\" \/>\n<meta property=\"og:type\" content=\"article\" \/>\n<meta property=\"og:title\" content=\"Kan klimaet brukes som et v\u00e5pen mot fienden? - Nordnesrepublikken\" \/>\n<meta property=\"og:description\" content=\"Selv om det er p\u00e5 en begrenset m\u00e5te, bruk klima som et krigsv\u00e5pen det er\" \/>\n<meta property=\"og:url\" content=\"https:\/\/nordnesrepublikken.no\/index.php\/2026\/01\/04\/kan-klimaet-brukes-som-et-vapen-mot-fienden\/\" \/>\n<meta property=\"og:site_name\" content=\"Nordnesrepublikken\" \/>\n<meta property=\"article:published_time\" content=\"2026-01-04T10:51:56+00:00\" \/>\n<meta property=\"article:modified_time\" content=\"2026-01-04T10:51:58+00:00\" \/>\n<meta property=\"og:image\" content=\"https:\/\/nordnesrepublikken.no\/wp-content\/uploads\/2026\/01\/1767523917_Kan-klimaet-brukes-som-et-vapen-mot-fienden.jpg\" \/>\n\t<meta property=\"og:image:width\" content=\"1536\" \/>\n\t<meta property=\"og:image:height\" content=\"1024\" \/>\n\t<meta property=\"og:image:type\" content=\"image\/jpeg\" \/>\n<meta name=\"author\" content=\"Ole Andersen\" \/>\n<meta name=\"twitter:card\" content=\"summary_large_image\" \/>\n<meta name=\"twitter:label1\" content=\"Skrevet av\" \/>\n\t<meta name=\"twitter:data1\" content=\"Ole Andersen\" \/>\n\t<meta name=\"twitter:label2\" content=\"Ansl. lesetid\" \/>\n\t<meta name=\"twitter:data2\" content=\"4 minutter\" \/>\n<script type=\"application\/ld+json\" class=\"yoast-schema-graph\">{\"@context\":\"https:\/\/schema.org\",\"@graph\":[{\"@type\":\"Article\",\"@id\":\"https:\/\/nordnesrepublikken.no\/index.php\/2026\/01\/04\/kan-klimaet-brukes-som-et-vapen-mot-fienden\/#article\",\"isPartOf\":{\"@id\":\"https:\/\/nordnesrepublikken.no\/index.php\/2026\/01\/04\/kan-klimaet-brukes-som-et-vapen-mot-fienden\/\"},\"author\":{\"name\":\"Ole Andersen\",\"@id\":\"https:\/\/nordnesrepublikken.no\/#\/schema\/person\/2e7e81935bab77882fffb79296240ff1\"},\"headline\":\"Kan klimaet brukes som et v\u00e5pen mot fienden?\",\"datePublished\":\"2026-01-04T10:51:56+00:00\",\"dateModified\":\"2026-01-04T10:51:58+00:00\",\"mainEntityOfPage\":{\"@id\":\"https:\/\/nordnesrepublikken.no\/index.php\/2026\/01\/04\/kan-klimaet-brukes-som-et-vapen-mot-fienden\/\"},\"wordCount\":829,\"publisher\":{\"@id\":\"https:\/\/nordnesrepublikken.no\/#organization\"},\"image\":{\"@id\":\"https:\/\/nordnesrepublikken.no\/index.php\/2026\/01\/04\/kan-klimaet-brukes-som-et-vapen-mot-fienden\/#primaryimage\"},\"thumbnailUrl\":\"https:\/\/nordnesrepublikken.no\/wp-content\/uploads\/2026\/01\/1767523917_Kan-klimaet-brukes-som-et-vapen-mot-fienden.jpg\",\"keywords\":[\"brukes\",\"fienden\",\"kan\",\"klimaet\",\"mot\",\"som\",\"v\u00e5pen\"],\"articleSection\":[\"Samfunn\"],\"inLanguage\":\"nb-NO\"},{\"@type\":\"WebPage\",\"@id\":\"https:\/\/nordnesrepublikken.no\/index.php\/2026\/01\/04\/kan-klimaet-brukes-som-et-vapen-mot-fienden\/\",\"url\":\"https:\/\/nordnesrepublikken.no\/index.php\/2026\/01\/04\/kan-klimaet-brukes-som-et-vapen-mot-fienden\/\",\"name\":\"Kan klimaet brukes som et v\u00e5pen mot fienden? - Nordnesrepublikken\",\"isPartOf\":{\"@id\":\"https:\/\/nordnesrepublikken.no\/#website\"},\"primaryImageOfPage\":{\"@id\":\"https:\/\/nordnesrepublikken.no\/index.php\/2026\/01\/04\/kan-klimaet-brukes-som-et-vapen-mot-fienden\/#primaryimage\"},\"image\":{\"@id\":\"https:\/\/nordnesrepublikken.no\/index.php\/2026\/01\/04\/kan-klimaet-brukes-som-et-vapen-mot-fienden\/#primaryimage\"},\"thumbnailUrl\":\"https:\/\/nordnesrepublikken.no\/wp-content\/uploads\/2026\/01\/1767523917_Kan-klimaet-brukes-som-et-vapen-mot-fienden.jpg\",\"datePublished\":\"2026-01-04T10:51:56+00:00\",\"dateModified\":\"2026-01-04T10:51:58+00:00\",\"breadcrumb\":{\"@id\":\"https:\/\/nordnesrepublikken.no\/index.php\/2026\/01\/04\/kan-klimaet-brukes-som-et-vapen-mot-fienden\/#breadcrumb\"},\"inLanguage\":\"nb-NO\",\"potentialAction\":[{\"@type\":\"ReadAction\",\"target\":[\"https:\/\/nordnesrepublikken.no\/index.php\/2026\/01\/04\/kan-klimaet-brukes-som-et-vapen-mot-fienden\/\"]}]},{\"@type\":\"ImageObject\",\"inLanguage\":\"nb-NO\",\"@id\":\"https:\/\/nordnesrepublikken.no\/index.php\/2026\/01\/04\/kan-klimaet-brukes-som-et-vapen-mot-fienden\/#primaryimage\",\"url\":\"https:\/\/nordnesrepublikken.no\/wp-content\/uploads\/2026\/01\/1767523917_Kan-klimaet-brukes-som-et-vapen-mot-fienden.jpg\",\"contentUrl\":\"https:\/\/nordnesrepublikken.no\/wp-content\/uploads\/2026\/01\/1767523917_Kan-klimaet-brukes-som-et-vapen-mot-fienden.jpg\",\"width\":1536,\"height\":1024,\"caption\":\"Kan klimaet brukes som et v\u00e5pen mot fienden?\"},{\"@type\":\"BreadcrumbList\",\"@id\":\"https:\/\/nordnesrepublikken.no\/index.php\/2026\/01\/04\/kan-klimaet-brukes-som-et-vapen-mot-fienden\/#breadcrumb\",\"itemListElement\":[{\"@type\":\"ListItem\",\"position\":1,\"name\":\"Home\",\"item\":\"https:\/\/nordnesrepublikken.no\/\"},{\"@type\":\"ListItem\",\"position\":2,\"name\":\"Kan klimaet brukes som et v\u00e5pen mot fienden?\"}]},{\"@type\":\"WebSite\",\"@id\":\"https:\/\/nordnesrepublikken.no\/#website\",\"url\":\"https:\/\/nordnesrepublikken.no\/\",\"name\":\"Nordnesrepublikken\",\"description\":\"Stemmer og Visjoner fra Republikkens Hjerte\",\"publisher\":{\"@id\":\"https:\/\/nordnesrepublikken.no\/#organization\"},\"potentialAction\":[{\"@type\":\"SearchAction\",\"target\":{\"@type\":\"EntryPoint\",\"urlTemplate\":\"https:\/\/nordnesrepublikken.no\/?s={search_term_string}\"},\"query-input\":{\"@type\":\"PropertyValueSpecification\",\"valueRequired\":true,\"valueName\":\"search_term_string\"}}],\"inLanguage\":\"nb-NO\"},{\"@type\":\"Organization\",\"@id\":\"https:\/\/nordnesrepublikken.no\/#organization\",\"name\":\"Nordnesrepublikken\",\"url\":\"https:\/\/nordnesrepublikken.no\/\",\"logo\":{\"@type\":\"ImageObject\",\"inLanguage\":\"nb-NO\",\"@id\":\"https:\/\/nordnesrepublikken.no\/#\/schema\/logo\/image\/\",\"url\":\"https:\/\/nordnesrepublikken.no\/wp-content\/uploads\/2025\/02\/cropped-nordnesrepublikken-2.png\",\"contentUrl\":\"https:\/\/nordnesrepublikken.no\/wp-content\/uploads\/2025\/02\/cropped-nordnesrepublikken-2.png\",\"width\":1248,\"height\":362,\"caption\":\"Nordnesrepublikken\"},\"image\":{\"@id\":\"https:\/\/nordnesrepublikken.no\/#\/schema\/logo\/image\/\"}},{\"@type\":\"Person\",\"@id\":\"https:\/\/nordnesrepublikken.no\/#\/schema\/person\/2e7e81935bab77882fffb79296240ff1\",\"name\":\"Ole Andersen\",\"image\":{\"@type\":\"ImageObject\",\"inLanguage\":\"nb-NO\",\"@id\":\"https:\/\/nordnesrepublikken.no\/#\/schema\/person\/image\/\",\"url\":\"https:\/\/nordnesrepublikken.no\/wp-content\/uploads\/2025\/02\/nordnesrepublikken-2-2-150x150.jpg\",\"contentUrl\":\"https:\/\/nordnesrepublikken.no\/wp-content\/uploads\/2025\/02\/nordnesrepublikken-2-2-150x150.jpg\",\"caption\":\"Ole Andersen\"},\"description\":\"Ettersom jeg vokste opp i Oslo, har jeg alltid v\u00e6rt fascinert av ordenes kraft og deres evne til \u00e5 skape endringer. Etter \u00e5 ha fullf\u00f8rt min utdannelse i kommunikasjon ved Universitetet i Bergen, fikk jeg muligheten til \u00e5 jobbe innen ulike medier, der jeg har s\u00f8kt \u00e5 belyse viktige samfunnssp\u00f8rsm\u00e5l. I dag, som redakt\u00f8r for Nordnesrepublikken, pr\u00f8ver jeg \u00e5 forene min kj\u00e6rlighet for journalistikk med min lidenskap for innovasjon og eventyr.\",\"sameAs\":[\"https:\/\/nordnesrepublikken.no\/\"]}]}<\/script>\n<!-- \/ Yoast SEO plugin. -->","yoast_head_json":{"title":"Kan klimaet brukes som et v\u00e5pen mot fienden? - Nordnesrepublikken","robots":{"index":"index","follow":"follow","max-snippet":"max-snippet:-1","max-image-preview":"max-image-preview:large","max-video-preview":"max-video-preview:-1"},"canonical":"https:\/\/nordnesrepublikken.no\/index.php\/2026\/01\/04\/kan-klimaet-brukes-som-et-vapen-mot-fienden\/","og_locale":"nb_NO","og_type":"article","og_title":"Kan klimaet brukes som et v\u00e5pen mot fienden? - Nordnesrepublikken","og_description":"Selv om det er p\u00e5 en begrenset m\u00e5te, bruk klima som et krigsv\u00e5pen det er","og_url":"https:\/\/nordnesrepublikken.no\/index.php\/2026\/01\/04\/kan-klimaet-brukes-som-et-vapen-mot-fienden\/","og_site_name":"Nordnesrepublikken","article_published_time":"2026-01-04T10:51:56+00:00","article_modified_time":"2026-01-04T10:51:58+00:00","og_image":[{"width":1536,"height":1024,"url":"https:\/\/nordnesrepublikken.no\/wp-content\/uploads\/2026\/01\/1767523917_Kan-klimaet-brukes-som-et-vapen-mot-fienden.jpg","type":"image\/jpeg"}],"author":"Ole Andersen","twitter_card":"summary_large_image","twitter_misc":{"Skrevet av":"Ole Andersen","Ansl. lesetid":"4 minutter"},"schema":{"@context":"https:\/\/schema.org","@graph":[{"@type":"Article","@id":"https:\/\/nordnesrepublikken.no\/index.php\/2026\/01\/04\/kan-klimaet-brukes-som-et-vapen-mot-fienden\/#article","isPartOf":{"@id":"https:\/\/nordnesrepublikken.no\/index.php\/2026\/01\/04\/kan-klimaet-brukes-som-et-vapen-mot-fienden\/"},"author":{"name":"Ole Andersen","@id":"https:\/\/nordnesrepublikken.no\/#\/schema\/person\/2e7e81935bab77882fffb79296240ff1"},"headline":"Kan klimaet brukes som et v\u00e5pen mot fienden?","datePublished":"2026-01-04T10:51:56+00:00","dateModified":"2026-01-04T10:51:58+00:00","mainEntityOfPage":{"@id":"https:\/\/nordnesrepublikken.no\/index.php\/2026\/01\/04\/kan-klimaet-brukes-som-et-vapen-mot-fienden\/"},"wordCount":829,"publisher":{"@id":"https:\/\/nordnesrepublikken.no\/#organization"},"image":{"@id":"https:\/\/nordnesrepublikken.no\/index.php\/2026\/01\/04\/kan-klimaet-brukes-som-et-vapen-mot-fienden\/#primaryimage"},"thumbnailUrl":"https:\/\/nordnesrepublikken.no\/wp-content\/uploads\/2026\/01\/1767523917_Kan-klimaet-brukes-som-et-vapen-mot-fienden.jpg","keywords":["brukes","fienden","kan","klimaet","mot","som","v\u00e5pen"],"articleSection":["Samfunn"],"inLanguage":"nb-NO"},{"@type":"WebPage","@id":"https:\/\/nordnesrepublikken.no\/index.php\/2026\/01\/04\/kan-klimaet-brukes-som-et-vapen-mot-fienden\/","url":"https:\/\/nordnesrepublikken.no\/index.php\/2026\/01\/04\/kan-klimaet-brukes-som-et-vapen-mot-fienden\/","name":"Kan klimaet brukes som et v\u00e5pen mot fienden? - Nordnesrepublikken","isPartOf":{"@id":"https:\/\/nordnesrepublikken.no\/#website"},"primaryImageOfPage":{"@id":"https:\/\/nordnesrepublikken.no\/index.php\/2026\/01\/04\/kan-klimaet-brukes-som-et-vapen-mot-fienden\/#primaryimage"},"image":{"@id":"https:\/\/nordnesrepublikken.no\/index.php\/2026\/01\/04\/kan-klimaet-brukes-som-et-vapen-mot-fienden\/#primaryimage"},"thumbnailUrl":"https:\/\/nordnesrepublikken.no\/wp-content\/uploads\/2026\/01\/1767523917_Kan-klimaet-brukes-som-et-vapen-mot-fienden.jpg","datePublished":"2026-01-04T10:51:56+00:00","dateModified":"2026-01-04T10:51:58+00:00","breadcrumb":{"@id":"https:\/\/nordnesrepublikken.no\/index.php\/2026\/01\/04\/kan-klimaet-brukes-som-et-vapen-mot-fienden\/#breadcrumb"},"inLanguage":"nb-NO","potentialAction":[{"@type":"ReadAction","target":["https:\/\/nordnesrepublikken.no\/index.php\/2026\/01\/04\/kan-klimaet-brukes-som-et-vapen-mot-fienden\/"]}]},{"@type":"ImageObject","inLanguage":"nb-NO","@id":"https:\/\/nordnesrepublikken.no\/index.php\/2026\/01\/04\/kan-klimaet-brukes-som-et-vapen-mot-fienden\/#primaryimage","url":"https:\/\/nordnesrepublikken.no\/wp-content\/uploads\/2026\/01\/1767523917_Kan-klimaet-brukes-som-et-vapen-mot-fienden.jpg","contentUrl":"https:\/\/nordnesrepublikken.no\/wp-content\/uploads\/2026\/01\/1767523917_Kan-klimaet-brukes-som-et-vapen-mot-fienden.jpg","width":1536,"height":1024,"caption":"Kan klimaet brukes som et v\u00e5pen mot fienden?"},{"@type":"BreadcrumbList","@id":"https:\/\/nordnesrepublikken.no\/index.php\/2026\/01\/04\/kan-klimaet-brukes-som-et-vapen-mot-fienden\/#breadcrumb","itemListElement":[{"@type":"ListItem","position":1,"name":"Home","item":"https:\/\/nordnesrepublikken.no\/"},{"@type":"ListItem","position":2,"name":"Kan klimaet brukes som et v\u00e5pen mot fienden?"}]},{"@type":"WebSite","@id":"https:\/\/nordnesrepublikken.no\/#website","url":"https:\/\/nordnesrepublikken.no\/","name":"Nordnesrepublikken","description":"Stemmer og Visjoner fra Republikkens Hjerte","publisher":{"@id":"https:\/\/nordnesrepublikken.no\/#organization"},"potentialAction":[{"@type":"SearchAction","target":{"@type":"EntryPoint","urlTemplate":"https:\/\/nordnesrepublikken.no\/?s={search_term_string}"},"query-input":{"@type":"PropertyValueSpecification","valueRequired":true,"valueName":"search_term_string"}}],"inLanguage":"nb-NO"},{"@type":"Organization","@id":"https:\/\/nordnesrepublikken.no\/#organization","name":"Nordnesrepublikken","url":"https:\/\/nordnesrepublikken.no\/","logo":{"@type":"ImageObject","inLanguage":"nb-NO","@id":"https:\/\/nordnesrepublikken.no\/#\/schema\/logo\/image\/","url":"https:\/\/nordnesrepublikken.no\/wp-content\/uploads\/2025\/02\/cropped-nordnesrepublikken-2.png","contentUrl":"https:\/\/nordnesrepublikken.no\/wp-content\/uploads\/2025\/02\/cropped-nordnesrepublikken-2.png","width":1248,"height":362,"caption":"Nordnesrepublikken"},"image":{"@id":"https:\/\/nordnesrepublikken.no\/#\/schema\/logo\/image\/"}},{"@type":"Person","@id":"https:\/\/nordnesrepublikken.no\/#\/schema\/person\/2e7e81935bab77882fffb79296240ff1","name":"Ole Andersen","image":{"@type":"ImageObject","inLanguage":"nb-NO","@id":"https:\/\/nordnesrepublikken.no\/#\/schema\/person\/image\/","url":"https:\/\/nordnesrepublikken.no\/wp-content\/uploads\/2025\/02\/nordnesrepublikken-2-2-150x150.jpg","contentUrl":"https:\/\/nordnesrepublikken.no\/wp-content\/uploads\/2025\/02\/nordnesrepublikken-2-2-150x150.jpg","caption":"Ole Andersen"},"description":"Ettersom jeg vokste opp i Oslo, har jeg alltid v\u00e6rt fascinert av ordenes kraft og deres evne til \u00e5 skape endringer. Etter \u00e5 ha fullf\u00f8rt min utdannelse i kommunikasjon ved Universitetet i Bergen, fikk jeg muligheten til \u00e5 jobbe innen ulike medier, der jeg har s\u00f8kt \u00e5 belyse viktige samfunnssp\u00f8rsm\u00e5l. I dag, som redakt\u00f8r for Nordnesrepublikken, pr\u00f8ver jeg \u00e5 forene min kj\u00e6rlighet for journalistikk med min lidenskap for innovasjon og eventyr.","sameAs":["https:\/\/nordnesrepublikken.no\/"]}]}},"_links":{"self":[{"href":"https:\/\/nordnesrepublikken.no\/index.php\/wp-json\/wp\/v2\/posts\/13488","targetHints":{"allow":["GET"]}}],"collection":[{"href":"https:\/\/nordnesrepublikken.no\/index.php\/wp-json\/wp\/v2\/posts"}],"about":[{"href":"https:\/\/nordnesrepublikken.no\/index.php\/wp-json\/wp\/v2\/types\/post"}],"author":[{"embeddable":true,"href":"https:\/\/nordnesrepublikken.no\/index.php\/wp-json\/wp\/v2\/users\/1"}],"replies":[{"embeddable":true,"href":"https:\/\/nordnesrepublikken.no\/index.php\/wp-json\/wp\/v2\/comments?post=13488"}],"version-history":[{"count":1,"href":"https:\/\/nordnesrepublikken.no\/index.php\/wp-json\/wp\/v2\/posts\/13488\/revisions"}],"predecessor-version":[{"id":13490,"href":"https:\/\/nordnesrepublikken.no\/index.php\/wp-json\/wp\/v2\/posts\/13488\/revisions\/13490"}],"wp:featuredmedia":[{"embeddable":true,"href":"https:\/\/nordnesrepublikken.no\/index.php\/wp-json\/wp\/v2\/media\/13489"}],"wp:attachment":[{"href":"https:\/\/nordnesrepublikken.no\/index.php\/wp-json\/wp\/v2\/media?parent=13488"}],"wp:term":[{"taxonomy":"category","embeddable":true,"href":"https:\/\/nordnesrepublikken.no\/index.php\/wp-json\/wp\/v2\/categories?post=13488"},{"taxonomy":"post_tag","embeddable":true,"href":"https:\/\/nordnesrepublikken.no\/index.php\/wp-json\/wp\/v2\/tags?post=13488"}],"curies":[{"name":"wp","href":"https:\/\/api.w.org\/{rel}","templated":true}]}}