{"id":13476,"date":"2026-01-03T21:51:48","date_gmt":"2026-01-03T20:51:48","guid":{"rendered":"https:\/\/nordnesrepublikken.no\/index.php\/2026\/01\/03\/hvor-godt-bor-du-i-italia-hva-er-bes-og-hva-er-indikatorene-for-rettferdig-og-baerekraftig-velvaere\/"},"modified":"2026-01-03T21:51:52","modified_gmt":"2026-01-03T20:51:52","slug":"hvor-godt-bor-du-i-italia-hva-er-bes-og-hva-er-indikatorene-for-rettferdig-og-baerekraftig-velvaere","status":"publish","type":"post","link":"https:\/\/nordnesrepublikken.no\/index.php\/2026\/01\/03\/hvor-godt-bor-du-i-italia-hva-er-bes-og-hva-er-indikatorene-for-rettferdig-og-baerekraftig-velvaere\/","title":{"rendered":"Hvor godt bor du i Italia? Hva er BES og hva er indikatorene for rettferdig og b\u00e6rekraftig velv\u00e6re"},"content":{"rendered":"<div>\n<div class=\"cp_wrapper cp_wrapper--fw mb-30 mb-20@tablet\">\n<figure class=\"mm\"><picture class=\"img\" style=\"padding-top:56.25%\"><source  media=\"(min-width: 1024px)\"><source  media=\"(min-width: 768px)\"><\/source><\/source><\/picture><\/figure>\n<\/p><\/div>\n<p>Til <strong>Rettferdig og b\u00e6rekraftig velv\u00e6re (BES)<\/strong> vi mener en bred visjon om sosial fremgang som g\u00e5r utover ren \u00f8konomisk vekst, ogs\u00e5 inkludert sosiale og milj\u00f8messige dimensjoner. Istat m\u00e5ler det med et sett med 12 store dimensjoner som inkluderer over<strong> 150<\/strong> <strong>indikatorer som lar oss forst\u00e5 hvordan Italia egentlig har det<\/strong>som g\u00e5r utover BNP-tall. Et land kan faktisk vokse \u00f8konomisk og samtidig forverres i helse, utdanning, milj\u00f8kvalitet eller tilgang til tjenester. Og Italia, spesielt i de s\u00f8rlige regionene, ligger under det europeiske gjennomsnittet i ulike dimensjoner.<\/p>\n<h2><strong>Hva menes med rettferdig og b\u00e6rekraftig velv\u00e6re?<\/strong><\/h2>\n<p>Vurder niv\u00e5et p\u00e5 <strong>et lands velv\u00e6re<\/strong> bare ved \u00e5 vurdere hans \u00f8konomiske situasjon er som \u00e5 d\u00f8mme en student bare i ett fag. BES (Equitable and Sustainable Wellbeing) er en <strong>rapportkort med mange fag<\/strong> som utgis \u00e5rlig av Istat. Faktisk kan du gj\u00f8re det veldig bra i ett fag og veldig d\u00e5rlig i et annet, og det endelige resultatet avhenger av balansen mellom dem alle, ikke p\u00e5 en enkelt karakter.<\/p>\n<p>Spesielt evaluerer Istats BES-prosjekt <strong>12 store dimensjoner av velv\u00e6re<\/strong>:<\/p>\n<ul>\n<li><b>Helse<\/b>: hvor lenge vi lever og fremfor alt under hvilke fysiske forhold vi tilbringer \u00e5rene av v\u00e5re liv.<\/li>\n<li><b>Utdanning og oppl\u00e6ring<\/b>: befolkningens kompetanseniv\u00e5, oppn\u00e5dde kvalifikasjoner og kontinuerlig oppl\u00e6ring.<\/li>\n<li><b>Arbeid og liv balanse<\/b>: ikke bare sysselsettingsgraden, men ogs\u00e5 kvaliteten p\u00e5 arbeidet, trygghet og evnen til \u00e5 balansere karriere og privatliv.<\/li>\n<li><b>\u00d8konomisk velv\u00e6re<\/b>: den gjennomsnittlige disponible inntekten, familiens kj\u00f8pekraft og niv\u00e5ene av ulikhet eller fattigdom.<\/li>\n<li><b>Sosiale relasjoner<\/b>: kvaliteten p\u00e5 relasjoner til andre, deltakelse i frivillige aktiviteter og tillit til andre.<\/li>\n<li><b>Politikk og institusjoner<\/b>: borgernes aktive deltakelse i det demokratiske livet og tillit til staten og institusjonene.<\/li>\n<li><b>Sikkerhet<\/b>: antall beg\u00e5tte forbrytelser (som drap eller tyverier) og den subjektive oppfatningen av sikkerhet.<\/li>\n<li><b>Subjektivt velv\u00e6re<\/b>: hvor forn\u00f8yde folk sier de er med livet og fritiden.<\/li>\n<li><b>Landskap og kulturarv<\/b>: tilstanden for bevaring av v\u00e5rt territorium, tilstedev\u00e6relsen av gr\u00f8nne omr\u00e5der og beskyttelse av kunstnerisk arv.<\/li>\n<li><b>Milj\u00f8<\/b>: luft- og vannkvalitet, avfallsh\u00e5ndtering og \u00f8kosystemhelse.<\/li>\n<li><b>Innovasjon, forskning og kreativitet<\/b>: spredning av ny teknologi og tilgjengeligheten av raske tilkoblinger.<\/li>\n<li><b>Kvaliteten p\u00e5 tjenestene<\/b>: effektiviteten og tilgjengeligheten til viktige tjenester for innbyggerne, som sykehus, offentlig transport og vannforsyning.<\/li>\n<\/ul>\n<p>Innenfor disse dimensjonene overv\u00e5kes de <strong>over 150 indikatorer<\/strong>som de m\u00e5ler <strong>hvordan vi lever<\/strong> Og <strong>hvordan trivsel fordeles<\/strong> p\u00e5 territoriet.<\/p>\n<p>Grunntanken er enkel: \u00c5 se p\u00e5 bare \u00e9n dimensjon kan gi et forvrengt bilde av virkeligheten. BES tjener nettopp til \u00e5 unng\u00e5 denne risikoen, og minner oss om at et land bare har det godt n\u00e5r alle de forskjellige komponentene av velv\u00e6re vokser p\u00e5 en balansert m\u00e5te.<\/p>\n<h2><strong>Hvordan g\u00e5r det med Italia i f\u00f8lge BES?<\/strong><\/h2>\n<p>De <strong>italiensk maleri<\/strong> som fremkommer av siste BES-rapport er laget av <strong>lys og skygger<\/strong>.<\/p>\n<p>I <strong>kort periode<\/strong>situasjonen er ganske gr\u00e5: litt over en tredjedel av indikatorene forbedret seg betydelig sammenlignet med \u00e5ret f\u00f8r, omtrent en fjerdedel ble verre og resten holdt seg stabil.<\/p>\n<p>I <strong>langsiktig<\/strong>Bildet er imidlertid mer oppmuntrende: I l\u00f8pet av de siste ti \u00e5rene har mer enn halvparten av indikatorene forbedret seg, mens bare et mindretall har blitt d\u00e5rligere.<\/p>\n<p>Graver man dypere i dataene, kommer det frem <strong>tre negative trender<\/strong> de er spesielt vedvarende. Blant disse:<\/p>\n<ul>\n<li>\u00f8kningen av <strong>d\u00f8delighet av demens og nervesystemsykdommer<\/strong> i befolkningen over 65;<\/li>\n<li>den h\u00f8ye andelen studenter med <strong>utilstrekkelige leseferdigheter<\/strong>;<\/li>\n<li>overbelastningen av <strong>allmennleger<\/strong>ofte med et antall klienter som overskrider terskelen.<\/li>\n<\/ul>\n<p>Andre indikatorer, mens de holdt seg stabile det siste \u00e5ret, viser imidlertid en <strong>forverres p\u00e5 lang sikt<\/strong>for eksempel andelen av befolkningen i <strong>absolutt fattigdom<\/strong>tilfredshet med forholdet til venner, lesing av b\u00f8ker og aviser og jordforsegling.<\/p>\n<p>Det er imidlertid ingen mangel <strong>positive tegn<\/strong>. De beste trendene, b\u00e5de p\u00e5 kort og lang sikt, gjelder f\u00f8rst og fremst kvaliteten p\u00e5 tjenestene, <strong>utdanning og oppl\u00e6ring<\/strong>balanse mellom arbeid og liv, milj\u00f8.<\/p>\n<p>I italiensk sammenheng er et av de mest tydelige aspektene ved BES imidlertid det sterke territorielle bruddet. I alt <strong>Nordlige og sentrale regioner<\/strong> (med unntak av Lazio) i det minste<strong> 60 % av indikatorene ligger over landsgjennomsnittet<\/strong>. I s\u00f8r skjer det motsatte nesten alltid, med unntak av Abruzzo.<\/p>\n<p>Spesielt <strong>Den autonome provinsen Bolzano <\/strong>rekorder i gjennomsnitt i<strong> bedre resultater<\/strong> p\u00e5 tvers av \u00e5tte domener for rettferdig og b\u00e6rekraftig velv\u00e6re. Unntakene er:<\/p>\n<ul>\n<li>Milj\u00f8, hvor maksverdien er fra Molise;<\/li>\n<li>Innovasjon, forskning og kreativitet, ledet av Lombardia;<\/li>\n<li>Utdanning og oppl\u00e6ring, der provinsen Trento utmerker seg;<\/li>\n<li>Sikkerhet, der den beste verdien er i Calabria.<\/li>\n<\/ul>\n<p>Der <strong>Calabria,<\/strong> Det viser seg imidlertid ogs\u00e5 <strong>de d\u00e5rligste resultatene<\/strong> innen sentrale domener som Helse, Arbeid, \u00d8konomisk velv\u00e6re og Tjenestekvalitet. De d\u00e5rligste prestasjonene i Safety er spilt inn i Lazio, mens for Subjektiv velv\u00e6re er minimum i Marche.<\/p>\n<h2><strong>Sammenligningen med Europa<\/strong><\/h2>\n<p>Sammenlignet med EU-gjennomsnittet, <strong>Italia er fortsatt i vanskeligheter<\/strong> spesielt i:<\/p>\n<ul>\n<li><strong>Arbeid og liv balanse<\/strong> (lavere sysselsettingsgrad, spesielt for kvinner);<\/li>\n<li><strong>Utdanning og oppl\u00e6ring<\/strong> (f\u00e6rre nyutdannede);<\/li>\n<li><strong>Innovasjon, forskning og kreativitet<\/strong> (mindre investeringer i forskning og utvikling).<\/li>\n<\/ul>\n<p>En h\u00f8yere andel av bidrar ogs\u00e5 til \u00e5 senke det italienske gjennomsnittet <strong>NEET<\/strong>mer inntektsulikhet og en risiko for fattigdom noe h\u00f8yere enn det europeiske gjennomsnittet.<\/p>\n<p>Samtidig gj\u00f8r Italia det bedre enn EU p\u00e5 andre omr\u00e5der. <strong>Vi ligger relativt godt an til<\/strong> s<strong>helse og sikkerhet<\/strong>med h\u00f8y forventet levealder og en av de laveste drapstallene i Europa, men ogs\u00e5 for <strong>milj\u00f8, kvalitet p\u00e5 tjenester, politikk og institusjoner<\/strong> og noen aspekter ved <strong>\u00f8konomisk velv\u00e6re<\/strong>.<\/p>\n<p>Bevisstheten \u00f8ker ogs\u00e5 om temaer som klimaendringer og bruk av digitale teknologier, selv om dette ikke alltid sl\u00e5r ut i st\u00f8rre tillit til institusjoner eller politisk deltakelse.<\/p>\n<p>Alle disse dataene minner oss om at velv\u00e6re ikke kan reduseres til et enkelt tall, men resultatet av en kompleks sammenveving av faktorer som endrer seg over tid og rom, og ofte beveger seg i motsatte retninger. Kort sagt, BES forenkler ikke virkeligheten, men den hjelper oss til det <strong>les den bedre<\/strong> med indikatorer som g\u00e5r utover \u00f8konomisk velv\u00e6re.<\/p>\n<\/p><\/div>\n","protected":false},"excerpt":{"rendered":"<p>Til Rettferdig og b\u00e6rekraftig velv\u00e6re (BES) vi mener en bred visjon om sosial fremgang som<\/p>\n","protected":false},"author":1,"featured_media":13477,"comment_status":"closed","ping_status":"open","sticky":false,"template":"","format":"standard","meta":{"footnotes":""},"categories":[104],"tags":[3848,8859,1629,7409,144,449,8860,437,4355,7571],"class_list":["post-13476","post","type-post","status-publish","format-standard","has-post-thumbnail","hentry","category-samfunn","tag-baerekraftig","tag-bes","tag-bor","tag-godt","tag-hva","tag-hvor","tag-indikatorene","tag-italia","tag-rettferdig","tag-velvaere","generate-columns","tablet-grid-50","mobile-grid-100","grid-parent","grid-33","resize-featured-image"],"yoast_head":"<!-- This site is optimized with the Yoast SEO plugin v24.4 - https:\/\/yoast.com\/wordpress\/plugins\/seo\/ -->\n<title>Hvor godt bor du i Italia? Hva er BES og hva er indikatorene for rettferdig og b\u00e6rekraftig velv\u00e6re - Nordnesrepublikken<\/title>\n<meta name=\"robots\" content=\"index, follow, max-snippet:-1, max-image-preview:large, max-video-preview:-1\" \/>\n<link rel=\"canonical\" href=\"https:\/\/nordnesrepublikken.no\/index.php\/2026\/01\/03\/hvor-godt-bor-du-i-italia-hva-er-bes-og-hva-er-indikatorene-for-rettferdig-og-baerekraftig-velvaere\/\" \/>\n<meta property=\"og:locale\" content=\"nb_NO\" \/>\n<meta property=\"og:type\" content=\"article\" \/>\n<meta property=\"og:title\" content=\"Hvor godt bor du i Italia? Hva er BES og hva er indikatorene for rettferdig og b\u00e6rekraftig velv\u00e6re - Nordnesrepublikken\" \/>\n<meta property=\"og:description\" content=\"Til Rettferdig og b\u00e6rekraftig velv\u00e6re (BES) vi mener en bred visjon om sosial fremgang som\" \/>\n<meta property=\"og:url\" content=\"https:\/\/nordnesrepublikken.no\/index.php\/2026\/01\/03\/hvor-godt-bor-du-i-italia-hva-er-bes-og-hva-er-indikatorene-for-rettferdig-og-baerekraftig-velvaere\/\" \/>\n<meta property=\"og:site_name\" content=\"Nordnesrepublikken\" \/>\n<meta property=\"article:published_time\" content=\"2026-01-03T20:51:48+00:00\" \/>\n<meta property=\"article:modified_time\" content=\"2026-01-03T20:51:52+00:00\" \/>\n<meta property=\"og:image\" content=\"https:\/\/nordnesrepublikken.no\/wp-content\/uploads\/2026\/01\/1767473508_Hvor-godt-bor-du-i-Italia-Hva-er-BES-og-scaled.jpg\" \/>\n\t<meta property=\"og:image:width\" content=\"2560\" \/>\n\t<meta property=\"og:image:height\" content=\"1440\" \/>\n\t<meta property=\"og:image:type\" content=\"image\/jpeg\" \/>\n<meta name=\"author\" content=\"Ole Andersen\" \/>\n<meta name=\"twitter:card\" content=\"summary_large_image\" \/>\n<meta name=\"twitter:label1\" content=\"Skrevet av\" \/>\n\t<meta name=\"twitter:data1\" content=\"Ole Andersen\" \/>\n\t<meta name=\"twitter:label2\" content=\"Ansl. lesetid\" \/>\n\t<meta name=\"twitter:data2\" content=\"5 minutter\" \/>\n<script type=\"application\/ld+json\" class=\"yoast-schema-graph\">{\"@context\":\"https:\/\/schema.org\",\"@graph\":[{\"@type\":\"Article\",\"@id\":\"https:\/\/nordnesrepublikken.no\/index.php\/2026\/01\/03\/hvor-godt-bor-du-i-italia-hva-er-bes-og-hva-er-indikatorene-for-rettferdig-og-baerekraftig-velvaere\/#article\",\"isPartOf\":{\"@id\":\"https:\/\/nordnesrepublikken.no\/index.php\/2026\/01\/03\/hvor-godt-bor-du-i-italia-hva-er-bes-og-hva-er-indikatorene-for-rettferdig-og-baerekraftig-velvaere\/\"},\"author\":{\"name\":\"Ole Andersen\",\"@id\":\"https:\/\/nordnesrepublikken.no\/#\/schema\/person\/2e7e81935bab77882fffb79296240ff1\"},\"headline\":\"Hvor godt bor du i Italia? Hva er BES og hva er indikatorene for rettferdig og b\u00e6rekraftig velv\u00e6re\",\"datePublished\":\"2026-01-03T20:51:48+00:00\",\"dateModified\":\"2026-01-03T20:51:52+00:00\",\"mainEntityOfPage\":{\"@id\":\"https:\/\/nordnesrepublikken.no\/index.php\/2026\/01\/03\/hvor-godt-bor-du-i-italia-hva-er-bes-og-hva-er-indikatorene-for-rettferdig-og-baerekraftig-velvaere\/\"},\"wordCount\":1009,\"publisher\":{\"@id\":\"https:\/\/nordnesrepublikken.no\/#organization\"},\"image\":{\"@id\":\"https:\/\/nordnesrepublikken.no\/index.php\/2026\/01\/03\/hvor-godt-bor-du-i-italia-hva-er-bes-og-hva-er-indikatorene-for-rettferdig-og-baerekraftig-velvaere\/#primaryimage\"},\"thumbnailUrl\":\"https:\/\/nordnesrepublikken.no\/wp-content\/uploads\/2026\/01\/1767473508_Hvor-godt-bor-du-i-Italia-Hva-er-BES-og-scaled.jpg\",\"keywords\":[\"b\u00e6rekraftig\",\"BES\",\"b\u00f8r\",\"godt\",\"Hva\",\"hvor\",\"indikatorene\",\"Italia\",\"rettferdig\",\"velv\u00e6re\"],\"articleSection\":[\"Samfunn\"],\"inLanguage\":\"nb-NO\"},{\"@type\":\"WebPage\",\"@id\":\"https:\/\/nordnesrepublikken.no\/index.php\/2026\/01\/03\/hvor-godt-bor-du-i-italia-hva-er-bes-og-hva-er-indikatorene-for-rettferdig-og-baerekraftig-velvaere\/\",\"url\":\"https:\/\/nordnesrepublikken.no\/index.php\/2026\/01\/03\/hvor-godt-bor-du-i-italia-hva-er-bes-og-hva-er-indikatorene-for-rettferdig-og-baerekraftig-velvaere\/\",\"name\":\"Hvor godt bor du i Italia? Hva er BES og hva er indikatorene for rettferdig og b\u00e6rekraftig velv\u00e6re - Nordnesrepublikken\",\"isPartOf\":{\"@id\":\"https:\/\/nordnesrepublikken.no\/#website\"},\"primaryImageOfPage\":{\"@id\":\"https:\/\/nordnesrepublikken.no\/index.php\/2026\/01\/03\/hvor-godt-bor-du-i-italia-hva-er-bes-og-hva-er-indikatorene-for-rettferdig-og-baerekraftig-velvaere\/#primaryimage\"},\"image\":{\"@id\":\"https:\/\/nordnesrepublikken.no\/index.php\/2026\/01\/03\/hvor-godt-bor-du-i-italia-hva-er-bes-og-hva-er-indikatorene-for-rettferdig-og-baerekraftig-velvaere\/#primaryimage\"},\"thumbnailUrl\":\"https:\/\/nordnesrepublikken.no\/wp-content\/uploads\/2026\/01\/1767473508_Hvor-godt-bor-du-i-Italia-Hva-er-BES-og-scaled.jpg\",\"datePublished\":\"2026-01-03T20:51:48+00:00\",\"dateModified\":\"2026-01-03T20:51:52+00:00\",\"breadcrumb\":{\"@id\":\"https:\/\/nordnesrepublikken.no\/index.php\/2026\/01\/03\/hvor-godt-bor-du-i-italia-hva-er-bes-og-hva-er-indikatorene-for-rettferdig-og-baerekraftig-velvaere\/#breadcrumb\"},\"inLanguage\":\"nb-NO\",\"potentialAction\":[{\"@type\":\"ReadAction\",\"target\":[\"https:\/\/nordnesrepublikken.no\/index.php\/2026\/01\/03\/hvor-godt-bor-du-i-italia-hva-er-bes-og-hva-er-indikatorene-for-rettferdig-og-baerekraftig-velvaere\/\"]}]},{\"@type\":\"ImageObject\",\"inLanguage\":\"nb-NO\",\"@id\":\"https:\/\/nordnesrepublikken.no\/index.php\/2026\/01\/03\/hvor-godt-bor-du-i-italia-hva-er-bes-og-hva-er-indikatorene-for-rettferdig-og-baerekraftig-velvaere\/#primaryimage\",\"url\":\"https:\/\/nordnesrepublikken.no\/wp-content\/uploads\/2026\/01\/1767473508_Hvor-godt-bor-du-i-Italia-Hva-er-BES-og-scaled.jpg\",\"contentUrl\":\"https:\/\/nordnesrepublikken.no\/wp-content\/uploads\/2026\/01\/1767473508_Hvor-godt-bor-du-i-Italia-Hva-er-BES-og-scaled.jpg\",\"width\":2560,\"height\":1440,\"caption\":\"Hvor godt bor du i Italia? Hva er BES og hva er indikatorene for rettferdig og b\u00e6rekraftig velv\u00e6re\"},{\"@type\":\"BreadcrumbList\",\"@id\":\"https:\/\/nordnesrepublikken.no\/index.php\/2026\/01\/03\/hvor-godt-bor-du-i-italia-hva-er-bes-og-hva-er-indikatorene-for-rettferdig-og-baerekraftig-velvaere\/#breadcrumb\",\"itemListElement\":[{\"@type\":\"ListItem\",\"position\":1,\"name\":\"Home\",\"item\":\"https:\/\/nordnesrepublikken.no\/\"},{\"@type\":\"ListItem\",\"position\":2,\"name\":\"Hvor godt bor du i Italia? Hva er BES og hva er indikatorene for rettferdig og b\u00e6rekraftig velv\u00e6re\"}]},{\"@type\":\"WebSite\",\"@id\":\"https:\/\/nordnesrepublikken.no\/#website\",\"url\":\"https:\/\/nordnesrepublikken.no\/\",\"name\":\"Nordnesrepublikken\",\"description\":\"Stemmer og Visjoner fra Republikkens Hjerte\",\"publisher\":{\"@id\":\"https:\/\/nordnesrepublikken.no\/#organization\"},\"potentialAction\":[{\"@type\":\"SearchAction\",\"target\":{\"@type\":\"EntryPoint\",\"urlTemplate\":\"https:\/\/nordnesrepublikken.no\/?s={search_term_string}\"},\"query-input\":{\"@type\":\"PropertyValueSpecification\",\"valueRequired\":true,\"valueName\":\"search_term_string\"}}],\"inLanguage\":\"nb-NO\"},{\"@type\":\"Organization\",\"@id\":\"https:\/\/nordnesrepublikken.no\/#organization\",\"name\":\"Nordnesrepublikken\",\"url\":\"https:\/\/nordnesrepublikken.no\/\",\"logo\":{\"@type\":\"ImageObject\",\"inLanguage\":\"nb-NO\",\"@id\":\"https:\/\/nordnesrepublikken.no\/#\/schema\/logo\/image\/\",\"url\":\"https:\/\/nordnesrepublikken.no\/wp-content\/uploads\/2025\/02\/cropped-nordnesrepublikken-2.png\",\"contentUrl\":\"https:\/\/nordnesrepublikken.no\/wp-content\/uploads\/2025\/02\/cropped-nordnesrepublikken-2.png\",\"width\":1248,\"height\":362,\"caption\":\"Nordnesrepublikken\"},\"image\":{\"@id\":\"https:\/\/nordnesrepublikken.no\/#\/schema\/logo\/image\/\"}},{\"@type\":\"Person\",\"@id\":\"https:\/\/nordnesrepublikken.no\/#\/schema\/person\/2e7e81935bab77882fffb79296240ff1\",\"name\":\"Ole Andersen\",\"image\":{\"@type\":\"ImageObject\",\"inLanguage\":\"nb-NO\",\"@id\":\"https:\/\/nordnesrepublikken.no\/#\/schema\/person\/image\/\",\"url\":\"https:\/\/nordnesrepublikken.no\/wp-content\/uploads\/2025\/02\/nordnesrepublikken-2-2-150x150.jpg\",\"contentUrl\":\"https:\/\/nordnesrepublikken.no\/wp-content\/uploads\/2025\/02\/nordnesrepublikken-2-2-150x150.jpg\",\"caption\":\"Ole Andersen\"},\"description\":\"Ettersom jeg vokste opp i Oslo, har jeg alltid v\u00e6rt fascinert av ordenes kraft og deres evne til \u00e5 skape endringer. Etter \u00e5 ha fullf\u00f8rt min utdannelse i kommunikasjon ved Universitetet i Bergen, fikk jeg muligheten til \u00e5 jobbe innen ulike medier, der jeg har s\u00f8kt \u00e5 belyse viktige samfunnssp\u00f8rsm\u00e5l. I dag, som redakt\u00f8r for Nordnesrepublikken, pr\u00f8ver jeg \u00e5 forene min kj\u00e6rlighet for journalistikk med min lidenskap for innovasjon og eventyr.\",\"sameAs\":[\"https:\/\/nordnesrepublikken.no\/\"]}]}<\/script>\n<!-- \/ Yoast SEO plugin. -->","yoast_head_json":{"title":"Hvor godt bor du i Italia? Hva er BES og hva er indikatorene for rettferdig og b\u00e6rekraftig velv\u00e6re - Nordnesrepublikken","robots":{"index":"index","follow":"follow","max-snippet":"max-snippet:-1","max-image-preview":"max-image-preview:large","max-video-preview":"max-video-preview:-1"},"canonical":"https:\/\/nordnesrepublikken.no\/index.php\/2026\/01\/03\/hvor-godt-bor-du-i-italia-hva-er-bes-og-hva-er-indikatorene-for-rettferdig-og-baerekraftig-velvaere\/","og_locale":"nb_NO","og_type":"article","og_title":"Hvor godt bor du i Italia? Hva er BES og hva er indikatorene for rettferdig og b\u00e6rekraftig velv\u00e6re - Nordnesrepublikken","og_description":"Til Rettferdig og b\u00e6rekraftig velv\u00e6re (BES) vi mener en bred visjon om sosial fremgang som","og_url":"https:\/\/nordnesrepublikken.no\/index.php\/2026\/01\/03\/hvor-godt-bor-du-i-italia-hva-er-bes-og-hva-er-indikatorene-for-rettferdig-og-baerekraftig-velvaere\/","og_site_name":"Nordnesrepublikken","article_published_time":"2026-01-03T20:51:48+00:00","article_modified_time":"2026-01-03T20:51:52+00:00","og_image":[{"width":2560,"height":1440,"url":"https:\/\/nordnesrepublikken.no\/wp-content\/uploads\/2026\/01\/1767473508_Hvor-godt-bor-du-i-Italia-Hva-er-BES-og-scaled.jpg","type":"image\/jpeg"}],"author":"Ole Andersen","twitter_card":"summary_large_image","twitter_misc":{"Skrevet av":"Ole Andersen","Ansl. lesetid":"5 minutter"},"schema":{"@context":"https:\/\/schema.org","@graph":[{"@type":"Article","@id":"https:\/\/nordnesrepublikken.no\/index.php\/2026\/01\/03\/hvor-godt-bor-du-i-italia-hva-er-bes-og-hva-er-indikatorene-for-rettferdig-og-baerekraftig-velvaere\/#article","isPartOf":{"@id":"https:\/\/nordnesrepublikken.no\/index.php\/2026\/01\/03\/hvor-godt-bor-du-i-italia-hva-er-bes-og-hva-er-indikatorene-for-rettferdig-og-baerekraftig-velvaere\/"},"author":{"name":"Ole Andersen","@id":"https:\/\/nordnesrepublikken.no\/#\/schema\/person\/2e7e81935bab77882fffb79296240ff1"},"headline":"Hvor godt bor du i Italia? Hva er BES og hva er indikatorene for rettferdig og b\u00e6rekraftig velv\u00e6re","datePublished":"2026-01-03T20:51:48+00:00","dateModified":"2026-01-03T20:51:52+00:00","mainEntityOfPage":{"@id":"https:\/\/nordnesrepublikken.no\/index.php\/2026\/01\/03\/hvor-godt-bor-du-i-italia-hva-er-bes-og-hva-er-indikatorene-for-rettferdig-og-baerekraftig-velvaere\/"},"wordCount":1009,"publisher":{"@id":"https:\/\/nordnesrepublikken.no\/#organization"},"image":{"@id":"https:\/\/nordnesrepublikken.no\/index.php\/2026\/01\/03\/hvor-godt-bor-du-i-italia-hva-er-bes-og-hva-er-indikatorene-for-rettferdig-og-baerekraftig-velvaere\/#primaryimage"},"thumbnailUrl":"https:\/\/nordnesrepublikken.no\/wp-content\/uploads\/2026\/01\/1767473508_Hvor-godt-bor-du-i-Italia-Hva-er-BES-og-scaled.jpg","keywords":["b\u00e6rekraftig","BES","b\u00f8r","godt","Hva","hvor","indikatorene","Italia","rettferdig","velv\u00e6re"],"articleSection":["Samfunn"],"inLanguage":"nb-NO"},{"@type":"WebPage","@id":"https:\/\/nordnesrepublikken.no\/index.php\/2026\/01\/03\/hvor-godt-bor-du-i-italia-hva-er-bes-og-hva-er-indikatorene-for-rettferdig-og-baerekraftig-velvaere\/","url":"https:\/\/nordnesrepublikken.no\/index.php\/2026\/01\/03\/hvor-godt-bor-du-i-italia-hva-er-bes-og-hva-er-indikatorene-for-rettferdig-og-baerekraftig-velvaere\/","name":"Hvor godt bor du i Italia? Hva er BES og hva er indikatorene for rettferdig og b\u00e6rekraftig velv\u00e6re - Nordnesrepublikken","isPartOf":{"@id":"https:\/\/nordnesrepublikken.no\/#website"},"primaryImageOfPage":{"@id":"https:\/\/nordnesrepublikken.no\/index.php\/2026\/01\/03\/hvor-godt-bor-du-i-italia-hva-er-bes-og-hva-er-indikatorene-for-rettferdig-og-baerekraftig-velvaere\/#primaryimage"},"image":{"@id":"https:\/\/nordnesrepublikken.no\/index.php\/2026\/01\/03\/hvor-godt-bor-du-i-italia-hva-er-bes-og-hva-er-indikatorene-for-rettferdig-og-baerekraftig-velvaere\/#primaryimage"},"thumbnailUrl":"https:\/\/nordnesrepublikken.no\/wp-content\/uploads\/2026\/01\/1767473508_Hvor-godt-bor-du-i-Italia-Hva-er-BES-og-scaled.jpg","datePublished":"2026-01-03T20:51:48+00:00","dateModified":"2026-01-03T20:51:52+00:00","breadcrumb":{"@id":"https:\/\/nordnesrepublikken.no\/index.php\/2026\/01\/03\/hvor-godt-bor-du-i-italia-hva-er-bes-og-hva-er-indikatorene-for-rettferdig-og-baerekraftig-velvaere\/#breadcrumb"},"inLanguage":"nb-NO","potentialAction":[{"@type":"ReadAction","target":["https:\/\/nordnesrepublikken.no\/index.php\/2026\/01\/03\/hvor-godt-bor-du-i-italia-hva-er-bes-og-hva-er-indikatorene-for-rettferdig-og-baerekraftig-velvaere\/"]}]},{"@type":"ImageObject","inLanguage":"nb-NO","@id":"https:\/\/nordnesrepublikken.no\/index.php\/2026\/01\/03\/hvor-godt-bor-du-i-italia-hva-er-bes-og-hva-er-indikatorene-for-rettferdig-og-baerekraftig-velvaere\/#primaryimage","url":"https:\/\/nordnesrepublikken.no\/wp-content\/uploads\/2026\/01\/1767473508_Hvor-godt-bor-du-i-Italia-Hva-er-BES-og-scaled.jpg","contentUrl":"https:\/\/nordnesrepublikken.no\/wp-content\/uploads\/2026\/01\/1767473508_Hvor-godt-bor-du-i-Italia-Hva-er-BES-og-scaled.jpg","width":2560,"height":1440,"caption":"Hvor godt bor du i Italia? Hva er BES og hva er indikatorene for rettferdig og b\u00e6rekraftig velv\u00e6re"},{"@type":"BreadcrumbList","@id":"https:\/\/nordnesrepublikken.no\/index.php\/2026\/01\/03\/hvor-godt-bor-du-i-italia-hva-er-bes-og-hva-er-indikatorene-for-rettferdig-og-baerekraftig-velvaere\/#breadcrumb","itemListElement":[{"@type":"ListItem","position":1,"name":"Home","item":"https:\/\/nordnesrepublikken.no\/"},{"@type":"ListItem","position":2,"name":"Hvor godt bor du i Italia? Hva er BES og hva er indikatorene for rettferdig og b\u00e6rekraftig velv\u00e6re"}]},{"@type":"WebSite","@id":"https:\/\/nordnesrepublikken.no\/#website","url":"https:\/\/nordnesrepublikken.no\/","name":"Nordnesrepublikken","description":"Stemmer og Visjoner fra Republikkens Hjerte","publisher":{"@id":"https:\/\/nordnesrepublikken.no\/#organization"},"potentialAction":[{"@type":"SearchAction","target":{"@type":"EntryPoint","urlTemplate":"https:\/\/nordnesrepublikken.no\/?s={search_term_string}"},"query-input":{"@type":"PropertyValueSpecification","valueRequired":true,"valueName":"search_term_string"}}],"inLanguage":"nb-NO"},{"@type":"Organization","@id":"https:\/\/nordnesrepublikken.no\/#organization","name":"Nordnesrepublikken","url":"https:\/\/nordnesrepublikken.no\/","logo":{"@type":"ImageObject","inLanguage":"nb-NO","@id":"https:\/\/nordnesrepublikken.no\/#\/schema\/logo\/image\/","url":"https:\/\/nordnesrepublikken.no\/wp-content\/uploads\/2025\/02\/cropped-nordnesrepublikken-2.png","contentUrl":"https:\/\/nordnesrepublikken.no\/wp-content\/uploads\/2025\/02\/cropped-nordnesrepublikken-2.png","width":1248,"height":362,"caption":"Nordnesrepublikken"},"image":{"@id":"https:\/\/nordnesrepublikken.no\/#\/schema\/logo\/image\/"}},{"@type":"Person","@id":"https:\/\/nordnesrepublikken.no\/#\/schema\/person\/2e7e81935bab77882fffb79296240ff1","name":"Ole Andersen","image":{"@type":"ImageObject","inLanguage":"nb-NO","@id":"https:\/\/nordnesrepublikken.no\/#\/schema\/person\/image\/","url":"https:\/\/nordnesrepublikken.no\/wp-content\/uploads\/2025\/02\/nordnesrepublikken-2-2-150x150.jpg","contentUrl":"https:\/\/nordnesrepublikken.no\/wp-content\/uploads\/2025\/02\/nordnesrepublikken-2-2-150x150.jpg","caption":"Ole Andersen"},"description":"Ettersom jeg vokste opp i Oslo, har jeg alltid v\u00e6rt fascinert av ordenes kraft og deres evne til \u00e5 skape endringer. Etter \u00e5 ha fullf\u00f8rt min utdannelse i kommunikasjon ved Universitetet i Bergen, fikk jeg muligheten til \u00e5 jobbe innen ulike medier, der jeg har s\u00f8kt \u00e5 belyse viktige samfunnssp\u00f8rsm\u00e5l. I dag, som redakt\u00f8r for Nordnesrepublikken, pr\u00f8ver jeg \u00e5 forene min kj\u00e6rlighet for journalistikk med min lidenskap for innovasjon og eventyr.","sameAs":["https:\/\/nordnesrepublikken.no\/"]}]}},"_links":{"self":[{"href":"https:\/\/nordnesrepublikken.no\/index.php\/wp-json\/wp\/v2\/posts\/13476","targetHints":{"allow":["GET"]}}],"collection":[{"href":"https:\/\/nordnesrepublikken.no\/index.php\/wp-json\/wp\/v2\/posts"}],"about":[{"href":"https:\/\/nordnesrepublikken.no\/index.php\/wp-json\/wp\/v2\/types\/post"}],"author":[{"embeddable":true,"href":"https:\/\/nordnesrepublikken.no\/index.php\/wp-json\/wp\/v2\/users\/1"}],"replies":[{"embeddable":true,"href":"https:\/\/nordnesrepublikken.no\/index.php\/wp-json\/wp\/v2\/comments?post=13476"}],"version-history":[{"count":1,"href":"https:\/\/nordnesrepublikken.no\/index.php\/wp-json\/wp\/v2\/posts\/13476\/revisions"}],"predecessor-version":[{"id":13478,"href":"https:\/\/nordnesrepublikken.no\/index.php\/wp-json\/wp\/v2\/posts\/13476\/revisions\/13478"}],"wp:featuredmedia":[{"embeddable":true,"href":"https:\/\/nordnesrepublikken.no\/index.php\/wp-json\/wp\/v2\/media\/13477"}],"wp:attachment":[{"href":"https:\/\/nordnesrepublikken.no\/index.php\/wp-json\/wp\/v2\/media?parent=13476"}],"wp:term":[{"taxonomy":"category","embeddable":true,"href":"https:\/\/nordnesrepublikken.no\/index.php\/wp-json\/wp\/v2\/categories?post=13476"},{"taxonomy":"post_tag","embeddable":true,"href":"https:\/\/nordnesrepublikken.no\/index.php\/wp-json\/wp\/v2\/tags?post=13476"}],"curies":[{"name":"wp","href":"https:\/\/api.w.org\/{rel}","templated":true}]}}