{"id":13470,"date":"2026-01-03T16:51:10","date_gmt":"2026-01-03T15:51:10","guid":{"rendered":"https:\/\/nordnesrepublikken.no\/index.php\/2026\/01\/03\/hva-venezuelas-president-risikerer\/"},"modified":"2026-01-03T16:51:12","modified_gmt":"2026-01-03T15:51:12","slug":"hva-venezuelas-president-risikerer","status":"publish","type":"post","link":"https:\/\/nordnesrepublikken.no\/index.php\/2026\/01\/03\/hva-venezuelas-president-risikerer\/","title":{"rendered":"hva Venezuelas president risikerer"},"content":{"rendered":"<div>\n<div class=\"cp_wrapper cp_wrapper--fw mb-30 mb-20@tablet\">\n<figure class=\"mm\"><picture class=\"img\" style=\"padding-top:56.25%\"><source  media=\"(min-width: 1024px)\"><source  media=\"(min-width: 768px)\"><\/source><\/source><\/picture><\/figure>\n<\/p><\/div>\n<p>Presidenten<b> Nicol\u00e1s Maduro <\/b>han ble tatt til fange sammen med sin kone av<b> Delta Force<\/b>den viktigste<b> US Army spesialenhet, <\/b>f\u00f8lger mange<b> luftangrep <\/b>p\u00e5 hovedstaden <b>Caracas <\/b>som traff milit\u00e6rbasen til<b> Fuerte Tiuna <\/b>og andre milit\u00e6re m\u00e5l. Etter det amerikanske angrepet erkl\u00e6rte den venezuelanske regjeringen det <strong>unntakstilstand<\/strong>.<\/p>\n<p>De hadde allerede holdt p\u00e5 i flere m\u00e5neder <strong>spenningen mellom Venezuela og USA<\/strong>med USAs president Donald Trump som anklager den venezuelanske regjeringen til Nicol\u00e1s Maduro for \u00e5 oppmuntre til ulovlig innf\u00f8ring av narkotika p\u00e5 amerikansk territorium og som f\u00f8rte til opprettelsen av <b>Southern Spear <\/b>(<b>Southern Spear<\/b>),<b> den milit\u00e6re operasjonen<\/b> lansert av <b>USA i november 2025 <\/b>med sikte p\u00e5 \u00e5 bekjempe narkotikasmugling og terrorgrupper i Latin-Amerika og Karibia.<\/p>\n<h2><b>Hva president Nicol\u00e1s Maduro risikerer<\/b><\/h2>\n<p>Det er forel\u00f8pig ingen detaljer vedr <strong>Hvor<\/strong> Nicol\u00e0s Maduro ble brakt sammen med sin kone, og heller ikke hva som er hans <strong>forhold<\/strong>. Visepresidenten for den venezuelanske regjeringen <strong>Delcy Rodriguez<\/strong> han ba om bevis p\u00e5 at han var i live.<strong> Men hva risikerer den venezuelanske presidenten?<\/strong><\/p>\n<p>Den amerikanske regjeringen har erkl\u00e6rt at Nicol\u00e1s Maduro vil bli utsatt for <strong>dom<\/strong> p\u00e5 amerikansk territorium (de sannsynlige anklagene vil v\u00e6re av <strong>narkotikasmugling<\/strong> Og <strong>narkoterrorisme<\/strong>). Allerede siden <strong>2020<\/strong>I l\u00f8pet av Trump-administrasjonens f\u00f8rste periode ble Maduro siktet i det s\u00f8rlige distriktet i New York for \u00abnarkoterrorisme\u00bb, korrupsjon og konspirasjon for \u00e5 importere kokain og annet <strong>narkotiske stoffer<\/strong> p\u00e5 amerikansk territorium. I l\u00f8pet av sin andre periode utpekte president Trump to venezuelanske narkotikasmuglingsgjenger, <strong>Tren de Aragua og Cartel de los Soles,<\/strong> som utenlandske terrororganisasjoner (<strong>Utenlandske terrororganisasjoner<\/strong>), og hevdet at sistnevnte ble ledet av Maduro selv. Det amerikanske utenriksdepartementet hadde annonsert en bel\u00f8nning av <strong>50 millioner dollar<\/strong> i august 2025 til de som ville gi opplysninger for hans<strong> arrestasjon eller domfellelse.<\/strong><\/p>\n<p>USAs utenriksminister Marco Rubio sa:<\/p>\n<blockquote>\n<p><em>Nicol\u00e1s Maduro ble arrestert av amerikansk personell for \u00e5 st\u00e5 til rettssak for kriminelle anklager i USA, og at milit\u00e6raksjonen ble satt i verk for \u00e5 beskytte og forsvare de som utf\u00f8rte arrestordren.<\/em><\/p>\n<\/blockquote>\n<div class=\"cp_wrapper cp_wrapper--fw mb-50\">\n<figure class=\"mm\"><picture class=\"img\" style=\"padding-top:75%\"><source  media=\"(min-width: 1024px)\"><source  media=\"(min-width: 768px)\"><img decoding=\"async\" loading=\"lazy\" src=\"https:\/\/nordnesrepublikken.no\/wp-content\/uploads\/2026\/01\/1767455470_970_hva-Venezuelas-president-risikerer.jpg\" alt=\"Bilde\" width=\"1280\" height=\"960\"\/><\/source><\/source><\/picture><\/figure>\n<\/p><\/div>\n<h2><b>Maduros diplomatiske immunitet<\/b><\/h2>\n<p>Et avgj\u00f8rende punkt gjelder det antatte <strong>diplomatisk immunitet<\/strong> av Nicol\u00e1s Maduro. Til tross for den venezuelanske presidenten og hans regjering <strong>blir ikke gjenkjent<\/strong> av USAs regjering, ville den diplomatiske immuniteten som normalt nytes av statsoverhoder ikke g\u00e5 tapt.<\/p>\n<p>I f\u00f8lge <strong>internasjonal sedvanerett<\/strong>faktisk under sitt mandat statsoverhode <strong>kan ikke arresteres, arresteres eller fanges<\/strong> av styrker fra en annen stat, <strong>uavhengig av politisk anerkjennelse<\/strong> av den aktuelle regjeringen.<\/p>\n<p>Statsoverhodene kan faktisk nyte godt av absolutt immunitet som beskytter dem mot enhver rettssak i utlandet for enhver handling de utf\u00f8rer i privat eller offisiell egenskap under sitt mandat. Derfor, selv om <strong>USA<\/strong> de kjenner ikke igjen Maduro som<strong> legitim president<\/strong>denne posisjonen eliminerer ikke<strong> beskyttelse garantert av folkeretten<\/strong> mot bruk av makt p\u00e5 statsoverhodene i suverene land fra fremmede stater.<\/p>\n<h2><b>Grensene for diplomatisk immunitet<\/b><\/h2>\n<p>Ja, det finnes guder <strong>grenser<\/strong> derfor statens representanter <strong>kan ikke dra nytte av diplomatisk immunitet:<\/strong><\/p>\n<ul>\n<li>hvis en stat <strong>gir uttrykkelig avkall<\/strong> til sin representants immunitet<\/li>\n<li>hvis <strong>mandatet avsluttes<\/strong> av en statsoverhode, en regjeringssjef eller en utenriksminister, nyter de ikke lenger immunitet for handlinger utf\u00f8rt i privat kapasitet<\/li>\n<li>noen <strong>internasjonale domstoler,<\/strong> som Den internasjonale straffedomstolen, Den internasjonale straffedomstolen for det tidligere Jugoslavia, Den internasjonale straffedomstolen for Rwanda og Spesialdomstolen for Libanon, kan d\u00f8mme det strafferettslige ansvaret til en statsrepresentant uten \u00e5 ta hensyn til eventuelle immuniteter<\/li>\n<\/ul>\n<p>For mer alvorlige forbrytelser som folkemord, forbrytelser mot menneskeheten, krigsforbrytelser, apartheid og tortur er det fortsatt debatt p\u00e5 internasjonalt niv\u00e5, men ingen av disse sakene ser ut til \u00e5 ang\u00e5 president Nicol\u00e1s Maduro eller anklagene som den amerikanske regjeringen tilskriver ham.<\/p>\n<h2><b>Maktbruk og brudd p\u00e5 suverenitetsprinsippet i henhold til FN-pakten<\/b><\/h2>\n<p>I f\u00f8lge <strong>De forente nasjoners charter<\/strong> Og <strong>forbudt \u00e5 bruke makt mot territoriell integritet eller politisk uavhengighet<\/strong> av enhver stat.<\/p>\n<p>Faktisk, if\u00f8lge artikkel 2.4<strong>,<\/strong> det kan ikke v\u00e6re<strong> v\u00e6pnede intervensjoner<\/strong> <strong>ensidig<\/strong> i fremmed territorium bryter prinsippet om<strong> respekt for suverenitet<\/strong>med mindre <strong>rett til selvforsvar<\/strong> fastsatt i artikkel 51, med forbehold om autorisasjon fra Sikkerhetsr\u00e5det. Noe m\u00e5 imidlertid ha skjedd <strong>tidligere v\u00e6pnet angrep<\/strong> eller en overhengende trussel mot den aktuelle staten.<\/p>\n<p>I f\u00f8lge disse elementene vil derfor luftangrepet og fangsten av den venezuelanske presidenten representere en <strong>brudd p\u00e5 prinsippene om suverenitet og ikke-intervensjon<\/strong>.<\/p>\n<h2><b>Internasjonale reaksjoner<\/b><\/h2>\n<p>Regjeringene til <strong>Russland, Iran og Cuba<\/strong> har p\u00e5 det sterkeste ford\u00f8mt den amerikanske milit\u00e6roperasjonen i Venezuela. Utenriksdepartementet av <strong>Fly<\/strong> han definerte det <em>&laquo;USAs v\u00e6pnede aggresjon mot Venezuela&raquo;<\/em> mens Utenriksdepartementet <strong>iransk<\/strong> en &laquo;<em>brudd p\u00e5 den nasjonale suvereniteten og territoriale integriteten til Venezuela&raquo;<\/em>. Ogs\u00e5 <strong>Cuba<\/strong>et land som alltid har v\u00e6rt en sterk alliert av Venezuela, har \u00e5pent sluttet seg til Venezuela: Utenriksminister Bruno Rodr\u00edguez ford\u00f8mte hendelsen, og snakket om en <em>&laquo;kriminelt angrep&raquo;<\/em> av Washington og ber om<strong>intervensjon fra det internasjonale samfunnet<\/strong>.<\/p>\n<p>Mens<strong>Den europeiske union<\/strong> ba om moderasjon, det europeiske landet som umiddelbart ga uttrykk for sin mening om saken, og ba om nedtrapping og respekt for FN-pakten, var<strong> Spania<\/strong>: President Pedro Sanchez regjering tilb\u00f8d ogs\u00e5 sin egen <strong>st\u00f8tte i meklingsprosessen<\/strong>.<\/p>\n<p>N\u00e5r det gjelder <strong>USA,<\/strong> mange demokratiske senatorer og lovgivere har <strong>kritisert<\/strong> hardt der <strong>lovligheten av operasjonen<\/strong>ogs\u00e5 p\u00e5 grunn av <strong>mangel p\u00e5 konsultasjon og godkjenning fra den amerikanske kongressen<\/strong>.<\/p>\n<p>Utah republikanske senator Mike Lee erkl\u00e6rte imidlertid at operasjonen ble utf\u00f8rt iht<strong>Artikkel II i den amerikanske grunnloven<\/strong>som i seksjon 2 gir presidenten fullmakter som \u00f8verstkommanderende for h\u00e6ren. Operasjonen, if\u00f8lge Lee, ble utf\u00f8rt for \u00e5 beskytte amerikansk personell fra \u00abet faktisk eller forest\u00e5ende angrep\u00bb fra Venezuela.<\/p>\n<h2><b>Hva kan skje n\u00e5: mulige scenarier<\/b><\/h2>\n<p>N\u00e5r vi f\u00f8lger historiens utvikling, dukker de opp <strong>ulike scenarier<\/strong>. F\u00f8rst og fremst \u00f8nsket operasjonen \u00e5 understreke og fremheve krefter som f.eks <strong>Kina og Russland<\/strong> rollen til USA i Amerika, viser at i tilfelle av manglende overholdelse av <strong>diplomatiske kanaler<\/strong>USA er villig til<strong>bruk av makt<\/strong>. En slags gjensyn med prinsippene i Monroe-doktrinen, ideologien forkynt av USAs president James Monroe i <strong>1823<\/strong> som ble brukt til \u00e5 rettferdiggj\u00f8re amerikanske milit\u00e6re intervensjoner i nabolandene.<strong>Latin-Amerika<\/strong>.<\/p>\n<p>I denne sammenhengen av sterk <strong>internasjonal ustabilitet<\/strong> og mangel p\u00e5 ytterligere detaljer, kan scenariene v\u00e6re f\u00f8lgende: i henhold til den venezuelanske grunnloven, i frav\u00e6r av presidenten hans <strong>vice<\/strong> \u00e5 ta hans plass midlertidig. S\u00e5 det ville v\u00e6re <strong>Delcy Rodriguez<\/strong> \u00e5 erstatte president Maduro frem til nyvalg. I mellomtiden kan en deeskalering finne sted med<strong>FNs intervensjon,<\/strong> som kan snu situasjonen og f\u00f8re til <strong>l\u00f8slatelse av den venezuelanske presidenten<\/strong>. Det andre scenariet kan i stedet se <strong>oppl\u00f8sning av Maduros regjering<\/strong> og fratredelsen av seniorlederne. Det siste scenarioet, det minst \u00f8nskelige, er <strong>milit\u00e6r overtakelse av landet<\/strong>.<\/p>\n<\/p><\/div>\n","protected":false},"excerpt":{"rendered":"<p>Presidenten Nicol\u00e1s Maduro han ble tatt til fange sammen med sin kone av Delta Forceden<\/p>\n","protected":false},"author":1,"featured_media":13471,"comment_status":"closed","ping_status":"open","sticky":false,"template":"","format":"standard","meta":{"footnotes":""},"categories":[23],"tags":[144,8857,3178,8856],"class_list":["post-13470","post","type-post","status-publish","format-standard","has-post-thumbnail","hentry","category-politikk","tag-hva","tag-president","tag-risikerer","tag-venezuelas","generate-columns","tablet-grid-50","mobile-grid-100","grid-parent","grid-33","resize-featured-image"],"yoast_head":"<!-- This site is optimized with the Yoast SEO plugin v24.4 - https:\/\/yoast.com\/wordpress\/plugins\/seo\/ -->\n<title>hva Venezuelas president risikerer - Nordnesrepublikken<\/title>\n<meta name=\"robots\" content=\"index, follow, max-snippet:-1, max-image-preview:large, max-video-preview:-1\" \/>\n<link rel=\"canonical\" href=\"https:\/\/nordnesrepublikken.no\/index.php\/2026\/01\/03\/hva-venezuelas-president-risikerer\/\" \/>\n<meta property=\"og:locale\" content=\"nb_NO\" \/>\n<meta property=\"og:type\" content=\"article\" \/>\n<meta property=\"og:title\" content=\"hva Venezuelas president risikerer - Nordnesrepublikken\" \/>\n<meta property=\"og:description\" content=\"Presidenten Nicol\u00e1s Maduro han ble tatt til fange sammen med sin kone av Delta Forceden\" \/>\n<meta property=\"og:url\" content=\"https:\/\/nordnesrepublikken.no\/index.php\/2026\/01\/03\/hva-venezuelas-president-risikerer\/\" \/>\n<meta property=\"og:site_name\" content=\"Nordnesrepublikken\" \/>\n<meta property=\"article:published_time\" content=\"2026-01-03T15:51:10+00:00\" \/>\n<meta property=\"article:modified_time\" content=\"2026-01-03T15:51:12+00:00\" \/>\n<meta property=\"og:image\" content=\"https:\/\/nordnesrepublikken.no\/wp-content\/uploads\/2026\/01\/1767455471_hva-Venezuelas-president-risikerer.jpg\" \/>\n\t<meta property=\"og:image:width\" content=\"1200\" \/>\n\t<meta property=\"og:image:height\" content=\"740\" \/>\n\t<meta property=\"og:image:type\" content=\"image\/jpeg\" \/>\n<meta name=\"author\" content=\"Ole Andersen\" \/>\n<meta name=\"twitter:card\" content=\"summary_large_image\" \/>\n<meta name=\"twitter:label1\" content=\"Skrevet av\" \/>\n\t<meta name=\"twitter:data1\" content=\"Ole Andersen\" \/>\n\t<meta name=\"twitter:label2\" content=\"Ansl. lesetid\" \/>\n\t<meta name=\"twitter:data2\" content=\"5 minutter\" \/>\n<script type=\"application\/ld+json\" class=\"yoast-schema-graph\">{\"@context\":\"https:\/\/schema.org\",\"@graph\":[{\"@type\":\"Article\",\"@id\":\"https:\/\/nordnesrepublikken.no\/index.php\/2026\/01\/03\/hva-venezuelas-president-risikerer\/#article\",\"isPartOf\":{\"@id\":\"https:\/\/nordnesrepublikken.no\/index.php\/2026\/01\/03\/hva-venezuelas-president-risikerer\/\"},\"author\":{\"name\":\"Ole Andersen\",\"@id\":\"https:\/\/nordnesrepublikken.no\/#\/schema\/person\/2e7e81935bab77882fffb79296240ff1\"},\"headline\":\"hva Venezuelas president risikerer\",\"datePublished\":\"2026-01-03T15:51:10+00:00\",\"dateModified\":\"2026-01-03T15:51:12+00:00\",\"mainEntityOfPage\":{\"@id\":\"https:\/\/nordnesrepublikken.no\/index.php\/2026\/01\/03\/hva-venezuelas-president-risikerer\/\"},\"wordCount\":1096,\"publisher\":{\"@id\":\"https:\/\/nordnesrepublikken.no\/#organization\"},\"image\":{\"@id\":\"https:\/\/nordnesrepublikken.no\/index.php\/2026\/01\/03\/hva-venezuelas-president-risikerer\/#primaryimage\"},\"thumbnailUrl\":\"https:\/\/nordnesrepublikken.no\/wp-content\/uploads\/2026\/01\/1767455471_hva-Venezuelas-president-risikerer.jpg\",\"keywords\":[\"Hva\",\"president\",\"risikerer\",\"Venezuelas\"],\"articleSection\":[\"Politikk\"],\"inLanguage\":\"nb-NO\"},{\"@type\":\"WebPage\",\"@id\":\"https:\/\/nordnesrepublikken.no\/index.php\/2026\/01\/03\/hva-venezuelas-president-risikerer\/\",\"url\":\"https:\/\/nordnesrepublikken.no\/index.php\/2026\/01\/03\/hva-venezuelas-president-risikerer\/\",\"name\":\"hva Venezuelas president risikerer - Nordnesrepublikken\",\"isPartOf\":{\"@id\":\"https:\/\/nordnesrepublikken.no\/#website\"},\"primaryImageOfPage\":{\"@id\":\"https:\/\/nordnesrepublikken.no\/index.php\/2026\/01\/03\/hva-venezuelas-president-risikerer\/#primaryimage\"},\"image\":{\"@id\":\"https:\/\/nordnesrepublikken.no\/index.php\/2026\/01\/03\/hva-venezuelas-president-risikerer\/#primaryimage\"},\"thumbnailUrl\":\"https:\/\/nordnesrepublikken.no\/wp-content\/uploads\/2026\/01\/1767455471_hva-Venezuelas-president-risikerer.jpg\",\"datePublished\":\"2026-01-03T15:51:10+00:00\",\"dateModified\":\"2026-01-03T15:51:12+00:00\",\"breadcrumb\":{\"@id\":\"https:\/\/nordnesrepublikken.no\/index.php\/2026\/01\/03\/hva-venezuelas-president-risikerer\/#breadcrumb\"},\"inLanguage\":\"nb-NO\",\"potentialAction\":[{\"@type\":\"ReadAction\",\"target\":[\"https:\/\/nordnesrepublikken.no\/index.php\/2026\/01\/03\/hva-venezuelas-president-risikerer\/\"]}]},{\"@type\":\"ImageObject\",\"inLanguage\":\"nb-NO\",\"@id\":\"https:\/\/nordnesrepublikken.no\/index.php\/2026\/01\/03\/hva-venezuelas-president-risikerer\/#primaryimage\",\"url\":\"https:\/\/nordnesrepublikken.no\/wp-content\/uploads\/2026\/01\/1767455471_hva-Venezuelas-president-risikerer.jpg\",\"contentUrl\":\"https:\/\/nordnesrepublikken.no\/wp-content\/uploads\/2026\/01\/1767455471_hva-Venezuelas-president-risikerer.jpg\",\"width\":1200,\"height\":740,\"caption\":\"hva Venezuelas president risikerer\"},{\"@type\":\"BreadcrumbList\",\"@id\":\"https:\/\/nordnesrepublikken.no\/index.php\/2026\/01\/03\/hva-venezuelas-president-risikerer\/#breadcrumb\",\"itemListElement\":[{\"@type\":\"ListItem\",\"position\":1,\"name\":\"Home\",\"item\":\"https:\/\/nordnesrepublikken.no\/\"},{\"@type\":\"ListItem\",\"position\":2,\"name\":\"hva Venezuelas president risikerer\"}]},{\"@type\":\"WebSite\",\"@id\":\"https:\/\/nordnesrepublikken.no\/#website\",\"url\":\"https:\/\/nordnesrepublikken.no\/\",\"name\":\"Nordnesrepublikken\",\"description\":\"Stemmer og Visjoner fra Republikkens Hjerte\",\"publisher\":{\"@id\":\"https:\/\/nordnesrepublikken.no\/#organization\"},\"potentialAction\":[{\"@type\":\"SearchAction\",\"target\":{\"@type\":\"EntryPoint\",\"urlTemplate\":\"https:\/\/nordnesrepublikken.no\/?s={search_term_string}\"},\"query-input\":{\"@type\":\"PropertyValueSpecification\",\"valueRequired\":true,\"valueName\":\"search_term_string\"}}],\"inLanguage\":\"nb-NO\"},{\"@type\":\"Organization\",\"@id\":\"https:\/\/nordnesrepublikken.no\/#organization\",\"name\":\"Nordnesrepublikken\",\"url\":\"https:\/\/nordnesrepublikken.no\/\",\"logo\":{\"@type\":\"ImageObject\",\"inLanguage\":\"nb-NO\",\"@id\":\"https:\/\/nordnesrepublikken.no\/#\/schema\/logo\/image\/\",\"url\":\"https:\/\/nordnesrepublikken.no\/wp-content\/uploads\/2025\/02\/cropped-nordnesrepublikken-2.png\",\"contentUrl\":\"https:\/\/nordnesrepublikken.no\/wp-content\/uploads\/2025\/02\/cropped-nordnesrepublikken-2.png\",\"width\":1248,\"height\":362,\"caption\":\"Nordnesrepublikken\"},\"image\":{\"@id\":\"https:\/\/nordnesrepublikken.no\/#\/schema\/logo\/image\/\"}},{\"@type\":\"Person\",\"@id\":\"https:\/\/nordnesrepublikken.no\/#\/schema\/person\/2e7e81935bab77882fffb79296240ff1\",\"name\":\"Ole Andersen\",\"image\":{\"@type\":\"ImageObject\",\"inLanguage\":\"nb-NO\",\"@id\":\"https:\/\/nordnesrepublikken.no\/#\/schema\/person\/image\/\",\"url\":\"https:\/\/nordnesrepublikken.no\/wp-content\/uploads\/2025\/02\/nordnesrepublikken-2-2-150x150.jpg\",\"contentUrl\":\"https:\/\/nordnesrepublikken.no\/wp-content\/uploads\/2025\/02\/nordnesrepublikken-2-2-150x150.jpg\",\"caption\":\"Ole Andersen\"},\"description\":\"Ettersom jeg vokste opp i Oslo, har jeg alltid v\u00e6rt fascinert av ordenes kraft og deres evne til \u00e5 skape endringer. Etter \u00e5 ha fullf\u00f8rt min utdannelse i kommunikasjon ved Universitetet i Bergen, fikk jeg muligheten til \u00e5 jobbe innen ulike medier, der jeg har s\u00f8kt \u00e5 belyse viktige samfunnssp\u00f8rsm\u00e5l. I dag, som redakt\u00f8r for Nordnesrepublikken, pr\u00f8ver jeg \u00e5 forene min kj\u00e6rlighet for journalistikk med min lidenskap for innovasjon og eventyr.\",\"sameAs\":[\"https:\/\/nordnesrepublikken.no\/\"]}]}<\/script>\n<!-- \/ Yoast SEO plugin. -->","yoast_head_json":{"title":"hva Venezuelas president risikerer - Nordnesrepublikken","robots":{"index":"index","follow":"follow","max-snippet":"max-snippet:-1","max-image-preview":"max-image-preview:large","max-video-preview":"max-video-preview:-1"},"canonical":"https:\/\/nordnesrepublikken.no\/index.php\/2026\/01\/03\/hva-venezuelas-president-risikerer\/","og_locale":"nb_NO","og_type":"article","og_title":"hva Venezuelas president risikerer - Nordnesrepublikken","og_description":"Presidenten Nicol\u00e1s Maduro han ble tatt til fange sammen med sin kone av Delta Forceden","og_url":"https:\/\/nordnesrepublikken.no\/index.php\/2026\/01\/03\/hva-venezuelas-president-risikerer\/","og_site_name":"Nordnesrepublikken","article_published_time":"2026-01-03T15:51:10+00:00","article_modified_time":"2026-01-03T15:51:12+00:00","og_image":[{"width":1200,"height":740,"url":"https:\/\/nordnesrepublikken.no\/wp-content\/uploads\/2026\/01\/1767455471_hva-Venezuelas-president-risikerer.jpg","type":"image\/jpeg"}],"author":"Ole Andersen","twitter_card":"summary_large_image","twitter_misc":{"Skrevet av":"Ole Andersen","Ansl. lesetid":"5 minutter"},"schema":{"@context":"https:\/\/schema.org","@graph":[{"@type":"Article","@id":"https:\/\/nordnesrepublikken.no\/index.php\/2026\/01\/03\/hva-venezuelas-president-risikerer\/#article","isPartOf":{"@id":"https:\/\/nordnesrepublikken.no\/index.php\/2026\/01\/03\/hva-venezuelas-president-risikerer\/"},"author":{"name":"Ole Andersen","@id":"https:\/\/nordnesrepublikken.no\/#\/schema\/person\/2e7e81935bab77882fffb79296240ff1"},"headline":"hva Venezuelas president risikerer","datePublished":"2026-01-03T15:51:10+00:00","dateModified":"2026-01-03T15:51:12+00:00","mainEntityOfPage":{"@id":"https:\/\/nordnesrepublikken.no\/index.php\/2026\/01\/03\/hva-venezuelas-president-risikerer\/"},"wordCount":1096,"publisher":{"@id":"https:\/\/nordnesrepublikken.no\/#organization"},"image":{"@id":"https:\/\/nordnesrepublikken.no\/index.php\/2026\/01\/03\/hva-venezuelas-president-risikerer\/#primaryimage"},"thumbnailUrl":"https:\/\/nordnesrepublikken.no\/wp-content\/uploads\/2026\/01\/1767455471_hva-Venezuelas-president-risikerer.jpg","keywords":["Hva","president","risikerer","Venezuelas"],"articleSection":["Politikk"],"inLanguage":"nb-NO"},{"@type":"WebPage","@id":"https:\/\/nordnesrepublikken.no\/index.php\/2026\/01\/03\/hva-venezuelas-president-risikerer\/","url":"https:\/\/nordnesrepublikken.no\/index.php\/2026\/01\/03\/hva-venezuelas-president-risikerer\/","name":"hva Venezuelas president risikerer - Nordnesrepublikken","isPartOf":{"@id":"https:\/\/nordnesrepublikken.no\/#website"},"primaryImageOfPage":{"@id":"https:\/\/nordnesrepublikken.no\/index.php\/2026\/01\/03\/hva-venezuelas-president-risikerer\/#primaryimage"},"image":{"@id":"https:\/\/nordnesrepublikken.no\/index.php\/2026\/01\/03\/hva-venezuelas-president-risikerer\/#primaryimage"},"thumbnailUrl":"https:\/\/nordnesrepublikken.no\/wp-content\/uploads\/2026\/01\/1767455471_hva-Venezuelas-president-risikerer.jpg","datePublished":"2026-01-03T15:51:10+00:00","dateModified":"2026-01-03T15:51:12+00:00","breadcrumb":{"@id":"https:\/\/nordnesrepublikken.no\/index.php\/2026\/01\/03\/hva-venezuelas-president-risikerer\/#breadcrumb"},"inLanguage":"nb-NO","potentialAction":[{"@type":"ReadAction","target":["https:\/\/nordnesrepublikken.no\/index.php\/2026\/01\/03\/hva-venezuelas-president-risikerer\/"]}]},{"@type":"ImageObject","inLanguage":"nb-NO","@id":"https:\/\/nordnesrepublikken.no\/index.php\/2026\/01\/03\/hva-venezuelas-president-risikerer\/#primaryimage","url":"https:\/\/nordnesrepublikken.no\/wp-content\/uploads\/2026\/01\/1767455471_hva-Venezuelas-president-risikerer.jpg","contentUrl":"https:\/\/nordnesrepublikken.no\/wp-content\/uploads\/2026\/01\/1767455471_hva-Venezuelas-president-risikerer.jpg","width":1200,"height":740,"caption":"hva Venezuelas president risikerer"},{"@type":"BreadcrumbList","@id":"https:\/\/nordnesrepublikken.no\/index.php\/2026\/01\/03\/hva-venezuelas-president-risikerer\/#breadcrumb","itemListElement":[{"@type":"ListItem","position":1,"name":"Home","item":"https:\/\/nordnesrepublikken.no\/"},{"@type":"ListItem","position":2,"name":"hva Venezuelas president risikerer"}]},{"@type":"WebSite","@id":"https:\/\/nordnesrepublikken.no\/#website","url":"https:\/\/nordnesrepublikken.no\/","name":"Nordnesrepublikken","description":"Stemmer og Visjoner fra Republikkens Hjerte","publisher":{"@id":"https:\/\/nordnesrepublikken.no\/#organization"},"potentialAction":[{"@type":"SearchAction","target":{"@type":"EntryPoint","urlTemplate":"https:\/\/nordnesrepublikken.no\/?s={search_term_string}"},"query-input":{"@type":"PropertyValueSpecification","valueRequired":true,"valueName":"search_term_string"}}],"inLanguage":"nb-NO"},{"@type":"Organization","@id":"https:\/\/nordnesrepublikken.no\/#organization","name":"Nordnesrepublikken","url":"https:\/\/nordnesrepublikken.no\/","logo":{"@type":"ImageObject","inLanguage":"nb-NO","@id":"https:\/\/nordnesrepublikken.no\/#\/schema\/logo\/image\/","url":"https:\/\/nordnesrepublikken.no\/wp-content\/uploads\/2025\/02\/cropped-nordnesrepublikken-2.png","contentUrl":"https:\/\/nordnesrepublikken.no\/wp-content\/uploads\/2025\/02\/cropped-nordnesrepublikken-2.png","width":1248,"height":362,"caption":"Nordnesrepublikken"},"image":{"@id":"https:\/\/nordnesrepublikken.no\/#\/schema\/logo\/image\/"}},{"@type":"Person","@id":"https:\/\/nordnesrepublikken.no\/#\/schema\/person\/2e7e81935bab77882fffb79296240ff1","name":"Ole Andersen","image":{"@type":"ImageObject","inLanguage":"nb-NO","@id":"https:\/\/nordnesrepublikken.no\/#\/schema\/person\/image\/","url":"https:\/\/nordnesrepublikken.no\/wp-content\/uploads\/2025\/02\/nordnesrepublikken-2-2-150x150.jpg","contentUrl":"https:\/\/nordnesrepublikken.no\/wp-content\/uploads\/2025\/02\/nordnesrepublikken-2-2-150x150.jpg","caption":"Ole Andersen"},"description":"Ettersom jeg vokste opp i Oslo, har jeg alltid v\u00e6rt fascinert av ordenes kraft og deres evne til \u00e5 skape endringer. Etter \u00e5 ha fullf\u00f8rt min utdannelse i kommunikasjon ved Universitetet i Bergen, fikk jeg muligheten til \u00e5 jobbe innen ulike medier, der jeg har s\u00f8kt \u00e5 belyse viktige samfunnssp\u00f8rsm\u00e5l. I dag, som redakt\u00f8r for Nordnesrepublikken, pr\u00f8ver jeg \u00e5 forene min kj\u00e6rlighet for journalistikk med min lidenskap for innovasjon og eventyr.","sameAs":["https:\/\/nordnesrepublikken.no\/"]}]}},"_links":{"self":[{"href":"https:\/\/nordnesrepublikken.no\/index.php\/wp-json\/wp\/v2\/posts\/13470","targetHints":{"allow":["GET"]}}],"collection":[{"href":"https:\/\/nordnesrepublikken.no\/index.php\/wp-json\/wp\/v2\/posts"}],"about":[{"href":"https:\/\/nordnesrepublikken.no\/index.php\/wp-json\/wp\/v2\/types\/post"}],"author":[{"embeddable":true,"href":"https:\/\/nordnesrepublikken.no\/index.php\/wp-json\/wp\/v2\/users\/1"}],"replies":[{"embeddable":true,"href":"https:\/\/nordnesrepublikken.no\/index.php\/wp-json\/wp\/v2\/comments?post=13470"}],"version-history":[{"count":1,"href":"https:\/\/nordnesrepublikken.no\/index.php\/wp-json\/wp\/v2\/posts\/13470\/revisions"}],"predecessor-version":[{"id":13472,"href":"https:\/\/nordnesrepublikken.no\/index.php\/wp-json\/wp\/v2\/posts\/13470\/revisions\/13472"}],"wp:featuredmedia":[{"embeddable":true,"href":"https:\/\/nordnesrepublikken.no\/index.php\/wp-json\/wp\/v2\/media\/13471"}],"wp:attachment":[{"href":"https:\/\/nordnesrepublikken.no\/index.php\/wp-json\/wp\/v2\/media?parent=13470"}],"wp:term":[{"taxonomy":"category","embeddable":true,"href":"https:\/\/nordnesrepublikken.no\/index.php\/wp-json\/wp\/v2\/categories?post=13470"},{"taxonomy":"post_tag","embeddable":true,"href":"https:\/\/nordnesrepublikken.no\/index.php\/wp-json\/wp\/v2\/tags?post=13470"}],"curies":[{"name":"wp","href":"https:\/\/api.w.org\/{rel}","templated":true}]}}