{"id":13464,"date":"2026-01-03T14:51:34","date_gmt":"2026-01-03T13:51:34","guid":{"rendered":"https:\/\/nordnesrepublikken.no\/index.php\/2026\/01\/03\/hva-du-skal-vite-og-hva-du-skal-gjore-for-a-unnga-brann-i-hjemmet-ditt\/"},"modified":"2026-01-03T14:51:37","modified_gmt":"2026-01-03T13:51:37","slug":"hva-du-skal-vite-og-hva-du-skal-gjore-for-a-unnga-brann-i-hjemmet-ditt","status":"publish","type":"post","link":"https:\/\/nordnesrepublikken.no\/index.php\/2026\/01\/03\/hva-du-skal-vite-og-hva-du-skal-gjore-for-a-unnga-brann-i-hjemmet-ditt\/","title":{"rendered":"hva du skal vite og hva du skal gj\u00f8re for \u00e5 unng\u00e5 brann i hjemmet ditt"},"content":{"rendered":"<div>\n<div class=\"cp_wrapper cp_wrapper--fw mb-30 mb-20@tablet\">\n<figure class=\"mm\"><picture class=\"img\" style=\"padding-top:56.25%\"><source  media=\"(min-width: 1024px)\"><source  media=\"(min-width: 768px)\"><\/source><\/source><\/picture><\/figure>\n<\/p><\/div>\n<p>Der <strong>Crans-Montana tragedie<\/strong>som s\u00e5 d\u00f8den til over 40 mennesker p\u00e5 grunn av en brann i en restaurant i den sveitsiske byen under nytt\u00e5rsfeiringen, har vakt oppmerksomhet p\u00e5 sp\u00f8rsm\u00e5let om <strong>brannsikkerhet<\/strong>. En forpliktelse som ikke bare inkluderer \u00e5 vite hva man skal gj\u00f8re i tilfelle brann, men som starter fra begynnelsen <strong>forebygging<\/strong>. Brannvesenets retningslinjer for \u00e5 redusere sannsynligheten for \u00e5 starte brann drastisk skiller <strong>atferdstiltak<\/strong> (kontroll av varmekilder og h\u00e5ndtering av brennbare materialer) e <strong>strukturelle l\u00f8sninger<\/strong> (design og anleggstiltak).<\/p>\n<h2>Gode \u200b\u200brutiner for \u00e5 unng\u00e5 brann<\/h2>\n<p>Planlegging alene er imidlertid ikke nok: For \u00e5 best mulig forebygge brannfare er det ogs\u00e5 n\u00f8dvendig \u00e5 ta i bruk ansvarlig oppf\u00f8rsel, og ikke bare det <strong>unng\u00e5 opphopning av brennbare materialer<\/strong> og lett antennelig, men ogs\u00e5 <strong>v\u00e6r oppmerksom p\u00e5 bruken av varmekilder<\/strong>.<\/p>\n<ul>\n<li>De <b>sigaretter<\/b> forbli en av hoved\u00e5rsakene til brann i hjemmemilj\u00f8er: av denne grunn er det viktig \u00e5 bruke egnede askebegre og unng\u00e5 \u00e5 t\u00f8mme dem i beholdere laget av brennbart materiale.<\/li>\n<li>V\u00e6r forsiktig n\u00e5r du lager mat <strong>gasskomfyr<\/strong> men ogs\u00e5 til gjenstander plassert p\u00e5 flammel\u00f8se varmekilder som f.eks <strong>induksjonstopper <\/strong>eller i n\u00e6rheten av<strong> peiser tent<\/strong>.<\/li>\n<li>Han ogs\u00e5 <b>varmeapparater<\/b> er en mulig \u00e5rsak til antennelse: det er alltid best \u00e5 ikke avsette brennbare materialer p\u00e5 eller i n\u00e6rheten av ovner og radiatorer.<\/li>\n<li>Til slutt, eventuell behandling med <strong>loddebolter eller andre flammeverkt\u00f8y<\/strong> de b\u00f8r skje i ett omr\u00e5de<span style=\"font-size: 16px\"> jo mer fri for brennbare materialer.<\/span><\/li>\n<\/ul>\n<p>Som allerede nevnt ovenfor er bevisst og ansvarlig bruk av str\u00f8mnettet avgj\u00f8rende. Noen gylne regler er:<\/p>\n<ul>\n<li><b>Ikke overbelast<\/b> flere stikkontakter (s\u00e5kalte &laquo;t\u00f8fler&raquo;).<\/li>\n<li><span style=\"font-size: 16px\"><strong>Unng\u00e5 for lange elektriske kabler<\/strong> eller plasseres der de kan tr\u00e5kkes p\u00e5 eller skades.<\/span><\/li>\n<li><span style=\"font-size: 16px\">Betro reparasjonene til <\/span><b style=\"font-size: 16px\">kvalifisert personell<\/b><span style=\"font-size: 16px\">.<\/span><\/li>\n<\/ul>\n<h2>Brannforebyggende design: tekniske og anleggstiltak<\/h2>\n<p>Den f\u00f8rste forsvarslinjen mot \u00e5 starte brann i hjemme- eller arbeidsmilj\u00f8er ligger i forsiktig oppmerksomhet <strong>design av elektriske systemer<\/strong> av en bygning, siden branner av elektrisk opprinnelse (utl\u00f8st for eksempel av kortslutninger, overoppheting, underdimensjonering av systemer) er <b>30 % av totalen<\/b>. Av denne grunn m\u00e5 konstruksjonen av systemene f\u00f8lge <b>Ministerial dekret 37\/2008<\/b>.<\/p>\n<p>Fra dette synspunktet er grunnleggende verkt\u00f8y for \u00e5 forhindre utl\u00f8sning av branner <strong>m<\/strong><b style=\"font-size: 16px\">det til bakken<\/b>Det<span style=\"font-size: 16px\"> forhindrer akkumulering av elektrostatiske ladninger som kan generere gnister, spesielt i n\u00e6rv\u00e6r av brennbare gasser eller damper, og <strong>de<\/strong><\/span><b>lynavledersystemer <\/b>eller<b> Faraday-bur<\/b>som avleder den elektriske energien til et lyn til bakken, og hindrer det i \u00e5 passere gjennom strukturen og treffe dets elektriske system.<\/p>\n<p>P\u00e5 designniv\u00e5 er det da n\u00f8dvendig \u00e5 garantere at rommene i en bygning har en<strong>tilstrekkelig ventilasjon<\/strong> (for \u00e5 unng\u00e5 mulige ansamlinger av brennbare gasser) og <strong>valg av materialer<\/strong> <strong>ikke brennbart<\/strong> n\u00e5r det er mulig avhengig av \u00f8nskede resultater n\u00e5r det gjelder funksjonalitet og produksjonsprosess.<\/p>\n<\/p><\/div>\n","protected":false},"excerpt":{"rendered":"<p>Der Crans-Montana tragediesom s\u00e5 d\u00f8den til over 40 mennesker p\u00e5 grunn av en brann i<\/p>\n","protected":false},"author":1,"featured_media":13465,"comment_status":"closed","ping_status":"open","sticky":false,"template":"","format":"standard","meta":{"footnotes":""},"categories":[104],"tags":[533,1446,713,1445,144,741,1059,1479],"class_list":["post-13464","post","type-post","status-publish","format-standard","has-post-thumbnail","hentry","category-samfunn","tag-brann","tag-ditt","tag-gjore","tag-hjemmet","tag-hva","tag-skal","tag-unnga","tag-vite","generate-columns","tablet-grid-50","mobile-grid-100","grid-parent","grid-33","resize-featured-image"],"yoast_head":"<!-- This site is optimized with the Yoast SEO plugin v24.4 - https:\/\/yoast.com\/wordpress\/plugins\/seo\/ -->\n<title>hva du skal vite og hva du skal gj\u00f8re for \u00e5 unng\u00e5 brann i hjemmet ditt - Nordnesrepublikken<\/title>\n<meta name=\"robots\" content=\"index, follow, max-snippet:-1, max-image-preview:large, max-video-preview:-1\" \/>\n<link rel=\"canonical\" href=\"https:\/\/nordnesrepublikken.no\/index.php\/2026\/01\/03\/hva-du-skal-vite-og-hva-du-skal-gjore-for-a-unnga-brann-i-hjemmet-ditt\/\" \/>\n<meta property=\"og:locale\" content=\"nb_NO\" \/>\n<meta property=\"og:type\" content=\"article\" \/>\n<meta property=\"og:title\" content=\"hva du skal vite og hva du skal gj\u00f8re for \u00e5 unng\u00e5 brann i hjemmet ditt - Nordnesrepublikken\" \/>\n<meta property=\"og:description\" content=\"Der Crans-Montana tragediesom s\u00e5 d\u00f8den til over 40 mennesker p\u00e5 grunn av en brann i\" \/>\n<meta property=\"og:url\" content=\"https:\/\/nordnesrepublikken.no\/index.php\/2026\/01\/03\/hva-du-skal-vite-og-hva-du-skal-gjore-for-a-unnga-brann-i-hjemmet-ditt\/\" \/>\n<meta property=\"og:site_name\" content=\"Nordnesrepublikken\" \/>\n<meta property=\"article:published_time\" content=\"2026-01-03T13:51:34+00:00\" \/>\n<meta property=\"article:modified_time\" content=\"2026-01-03T13:51:37+00:00\" \/>\n<meta property=\"og:image\" content=\"https:\/\/nordnesrepublikken.no\/wp-content\/uploads\/2026\/01\/1767448295_hva-du-skal-vite-og-hva-du-skal-gjore-for.jpg\" \/>\n\t<meta property=\"og:image:width\" content=\"2121\" \/>\n\t<meta property=\"og:image:height\" content=\"1414\" \/>\n\t<meta property=\"og:image:type\" content=\"image\/jpeg\" \/>\n<meta name=\"author\" content=\"Ole Andersen\" \/>\n<meta name=\"twitter:card\" content=\"summary_large_image\" \/>\n<meta name=\"twitter:label1\" content=\"Skrevet av\" \/>\n\t<meta name=\"twitter:data1\" content=\"Ole Andersen\" \/>\n\t<meta name=\"twitter:label2\" content=\"Ansl. lesetid\" \/>\n\t<meta name=\"twitter:data2\" content=\"2 minutter\" \/>\n<script type=\"application\/ld+json\" class=\"yoast-schema-graph\">{\"@context\":\"https:\/\/schema.org\",\"@graph\":[{\"@type\":\"Article\",\"@id\":\"https:\/\/nordnesrepublikken.no\/index.php\/2026\/01\/03\/hva-du-skal-vite-og-hva-du-skal-gjore-for-a-unnga-brann-i-hjemmet-ditt\/#article\",\"isPartOf\":{\"@id\":\"https:\/\/nordnesrepublikken.no\/index.php\/2026\/01\/03\/hva-du-skal-vite-og-hva-du-skal-gjore-for-a-unnga-brann-i-hjemmet-ditt\/\"},\"author\":{\"name\":\"Ole Andersen\",\"@id\":\"https:\/\/nordnesrepublikken.no\/#\/schema\/person\/2e7e81935bab77882fffb79296240ff1\"},\"headline\":\"hva du skal vite og hva du skal gj\u00f8re for \u00e5 unng\u00e5 brann i hjemmet ditt\",\"datePublished\":\"2026-01-03T13:51:34+00:00\",\"dateModified\":\"2026-01-03T13:51:37+00:00\",\"mainEntityOfPage\":{\"@id\":\"https:\/\/nordnesrepublikken.no\/index.php\/2026\/01\/03\/hva-du-skal-vite-og-hva-du-skal-gjore-for-a-unnga-brann-i-hjemmet-ditt\/\"},\"wordCount\":466,\"publisher\":{\"@id\":\"https:\/\/nordnesrepublikken.no\/#organization\"},\"image\":{\"@id\":\"https:\/\/nordnesrepublikken.no\/index.php\/2026\/01\/03\/hva-du-skal-vite-og-hva-du-skal-gjore-for-a-unnga-brann-i-hjemmet-ditt\/#primaryimage\"},\"thumbnailUrl\":\"https:\/\/nordnesrepublikken.no\/wp-content\/uploads\/2026\/01\/1767448295_hva-du-skal-vite-og-hva-du-skal-gjore-for.jpg\",\"keywords\":[\"Brann\",\"ditt\",\"gj\u00f8re\",\"hjemmet\",\"Hva\",\"skal\",\"unng\u00e5\",\"vite\"],\"articleSection\":[\"Samfunn\"],\"inLanguage\":\"nb-NO\"},{\"@type\":\"WebPage\",\"@id\":\"https:\/\/nordnesrepublikken.no\/index.php\/2026\/01\/03\/hva-du-skal-vite-og-hva-du-skal-gjore-for-a-unnga-brann-i-hjemmet-ditt\/\",\"url\":\"https:\/\/nordnesrepublikken.no\/index.php\/2026\/01\/03\/hva-du-skal-vite-og-hva-du-skal-gjore-for-a-unnga-brann-i-hjemmet-ditt\/\",\"name\":\"hva du skal vite og hva du skal gj\u00f8re for \u00e5 unng\u00e5 brann i hjemmet ditt - Nordnesrepublikken\",\"isPartOf\":{\"@id\":\"https:\/\/nordnesrepublikken.no\/#website\"},\"primaryImageOfPage\":{\"@id\":\"https:\/\/nordnesrepublikken.no\/index.php\/2026\/01\/03\/hva-du-skal-vite-og-hva-du-skal-gjore-for-a-unnga-brann-i-hjemmet-ditt\/#primaryimage\"},\"image\":{\"@id\":\"https:\/\/nordnesrepublikken.no\/index.php\/2026\/01\/03\/hva-du-skal-vite-og-hva-du-skal-gjore-for-a-unnga-brann-i-hjemmet-ditt\/#primaryimage\"},\"thumbnailUrl\":\"https:\/\/nordnesrepublikken.no\/wp-content\/uploads\/2026\/01\/1767448295_hva-du-skal-vite-og-hva-du-skal-gjore-for.jpg\",\"datePublished\":\"2026-01-03T13:51:34+00:00\",\"dateModified\":\"2026-01-03T13:51:37+00:00\",\"breadcrumb\":{\"@id\":\"https:\/\/nordnesrepublikken.no\/index.php\/2026\/01\/03\/hva-du-skal-vite-og-hva-du-skal-gjore-for-a-unnga-brann-i-hjemmet-ditt\/#breadcrumb\"},\"inLanguage\":\"nb-NO\",\"potentialAction\":[{\"@type\":\"ReadAction\",\"target\":[\"https:\/\/nordnesrepublikken.no\/index.php\/2026\/01\/03\/hva-du-skal-vite-og-hva-du-skal-gjore-for-a-unnga-brann-i-hjemmet-ditt\/\"]}]},{\"@type\":\"ImageObject\",\"inLanguage\":\"nb-NO\",\"@id\":\"https:\/\/nordnesrepublikken.no\/index.php\/2026\/01\/03\/hva-du-skal-vite-og-hva-du-skal-gjore-for-a-unnga-brann-i-hjemmet-ditt\/#primaryimage\",\"url\":\"https:\/\/nordnesrepublikken.no\/wp-content\/uploads\/2026\/01\/1767448295_hva-du-skal-vite-og-hva-du-skal-gjore-for.jpg\",\"contentUrl\":\"https:\/\/nordnesrepublikken.no\/wp-content\/uploads\/2026\/01\/1767448295_hva-du-skal-vite-og-hva-du-skal-gjore-for.jpg\",\"width\":2121,\"height\":1414,\"caption\":\"hva du skal vite og hva du skal gj\u00f8re for \u00e5 unng\u00e5 brann i hjemmet ditt\"},{\"@type\":\"BreadcrumbList\",\"@id\":\"https:\/\/nordnesrepublikken.no\/index.php\/2026\/01\/03\/hva-du-skal-vite-og-hva-du-skal-gjore-for-a-unnga-brann-i-hjemmet-ditt\/#breadcrumb\",\"itemListElement\":[{\"@type\":\"ListItem\",\"position\":1,\"name\":\"Home\",\"item\":\"https:\/\/nordnesrepublikken.no\/\"},{\"@type\":\"ListItem\",\"position\":2,\"name\":\"hva du skal vite og hva du skal gj\u00f8re for \u00e5 unng\u00e5 brann i hjemmet ditt\"}]},{\"@type\":\"WebSite\",\"@id\":\"https:\/\/nordnesrepublikken.no\/#website\",\"url\":\"https:\/\/nordnesrepublikken.no\/\",\"name\":\"Nordnesrepublikken\",\"description\":\"Stemmer og Visjoner fra Republikkens Hjerte\",\"publisher\":{\"@id\":\"https:\/\/nordnesrepublikken.no\/#organization\"},\"potentialAction\":[{\"@type\":\"SearchAction\",\"target\":{\"@type\":\"EntryPoint\",\"urlTemplate\":\"https:\/\/nordnesrepublikken.no\/?s={search_term_string}\"},\"query-input\":{\"@type\":\"PropertyValueSpecification\",\"valueRequired\":true,\"valueName\":\"search_term_string\"}}],\"inLanguage\":\"nb-NO\"},{\"@type\":\"Organization\",\"@id\":\"https:\/\/nordnesrepublikken.no\/#organization\",\"name\":\"Nordnesrepublikken\",\"url\":\"https:\/\/nordnesrepublikken.no\/\",\"logo\":{\"@type\":\"ImageObject\",\"inLanguage\":\"nb-NO\",\"@id\":\"https:\/\/nordnesrepublikken.no\/#\/schema\/logo\/image\/\",\"url\":\"https:\/\/nordnesrepublikken.no\/wp-content\/uploads\/2025\/02\/cropped-nordnesrepublikken-2.png\",\"contentUrl\":\"https:\/\/nordnesrepublikken.no\/wp-content\/uploads\/2025\/02\/cropped-nordnesrepublikken-2.png\",\"width\":1248,\"height\":362,\"caption\":\"Nordnesrepublikken\"},\"image\":{\"@id\":\"https:\/\/nordnesrepublikken.no\/#\/schema\/logo\/image\/\"}},{\"@type\":\"Person\",\"@id\":\"https:\/\/nordnesrepublikken.no\/#\/schema\/person\/2e7e81935bab77882fffb79296240ff1\",\"name\":\"Ole Andersen\",\"image\":{\"@type\":\"ImageObject\",\"inLanguage\":\"nb-NO\",\"@id\":\"https:\/\/nordnesrepublikken.no\/#\/schema\/person\/image\/\",\"url\":\"https:\/\/nordnesrepublikken.no\/wp-content\/uploads\/2025\/02\/nordnesrepublikken-2-2-150x150.jpg\",\"contentUrl\":\"https:\/\/nordnesrepublikken.no\/wp-content\/uploads\/2025\/02\/nordnesrepublikken-2-2-150x150.jpg\",\"caption\":\"Ole Andersen\"},\"description\":\"Ettersom jeg vokste opp i Oslo, har jeg alltid v\u00e6rt fascinert av ordenes kraft og deres evne til \u00e5 skape endringer. Etter \u00e5 ha fullf\u00f8rt min utdannelse i kommunikasjon ved Universitetet i Bergen, fikk jeg muligheten til \u00e5 jobbe innen ulike medier, der jeg har s\u00f8kt \u00e5 belyse viktige samfunnssp\u00f8rsm\u00e5l. I dag, som redakt\u00f8r for Nordnesrepublikken, pr\u00f8ver jeg \u00e5 forene min kj\u00e6rlighet for journalistikk med min lidenskap for innovasjon og eventyr.\",\"sameAs\":[\"https:\/\/nordnesrepublikken.no\/\"]}]}<\/script>\n<!-- \/ Yoast SEO plugin. -->","yoast_head_json":{"title":"hva du skal vite og hva du skal gj\u00f8re for \u00e5 unng\u00e5 brann i hjemmet ditt - Nordnesrepublikken","robots":{"index":"index","follow":"follow","max-snippet":"max-snippet:-1","max-image-preview":"max-image-preview:large","max-video-preview":"max-video-preview:-1"},"canonical":"https:\/\/nordnesrepublikken.no\/index.php\/2026\/01\/03\/hva-du-skal-vite-og-hva-du-skal-gjore-for-a-unnga-brann-i-hjemmet-ditt\/","og_locale":"nb_NO","og_type":"article","og_title":"hva du skal vite og hva du skal gj\u00f8re for \u00e5 unng\u00e5 brann i hjemmet ditt - Nordnesrepublikken","og_description":"Der Crans-Montana tragediesom s\u00e5 d\u00f8den til over 40 mennesker p\u00e5 grunn av en brann i","og_url":"https:\/\/nordnesrepublikken.no\/index.php\/2026\/01\/03\/hva-du-skal-vite-og-hva-du-skal-gjore-for-a-unnga-brann-i-hjemmet-ditt\/","og_site_name":"Nordnesrepublikken","article_published_time":"2026-01-03T13:51:34+00:00","article_modified_time":"2026-01-03T13:51:37+00:00","og_image":[{"width":2121,"height":1414,"url":"https:\/\/nordnesrepublikken.no\/wp-content\/uploads\/2026\/01\/1767448295_hva-du-skal-vite-og-hva-du-skal-gjore-for.jpg","type":"image\/jpeg"}],"author":"Ole Andersen","twitter_card":"summary_large_image","twitter_misc":{"Skrevet av":"Ole Andersen","Ansl. lesetid":"2 minutter"},"schema":{"@context":"https:\/\/schema.org","@graph":[{"@type":"Article","@id":"https:\/\/nordnesrepublikken.no\/index.php\/2026\/01\/03\/hva-du-skal-vite-og-hva-du-skal-gjore-for-a-unnga-brann-i-hjemmet-ditt\/#article","isPartOf":{"@id":"https:\/\/nordnesrepublikken.no\/index.php\/2026\/01\/03\/hva-du-skal-vite-og-hva-du-skal-gjore-for-a-unnga-brann-i-hjemmet-ditt\/"},"author":{"name":"Ole Andersen","@id":"https:\/\/nordnesrepublikken.no\/#\/schema\/person\/2e7e81935bab77882fffb79296240ff1"},"headline":"hva du skal vite og hva du skal gj\u00f8re for \u00e5 unng\u00e5 brann i hjemmet ditt","datePublished":"2026-01-03T13:51:34+00:00","dateModified":"2026-01-03T13:51:37+00:00","mainEntityOfPage":{"@id":"https:\/\/nordnesrepublikken.no\/index.php\/2026\/01\/03\/hva-du-skal-vite-og-hva-du-skal-gjore-for-a-unnga-brann-i-hjemmet-ditt\/"},"wordCount":466,"publisher":{"@id":"https:\/\/nordnesrepublikken.no\/#organization"},"image":{"@id":"https:\/\/nordnesrepublikken.no\/index.php\/2026\/01\/03\/hva-du-skal-vite-og-hva-du-skal-gjore-for-a-unnga-brann-i-hjemmet-ditt\/#primaryimage"},"thumbnailUrl":"https:\/\/nordnesrepublikken.no\/wp-content\/uploads\/2026\/01\/1767448295_hva-du-skal-vite-og-hva-du-skal-gjore-for.jpg","keywords":["Brann","ditt","gj\u00f8re","hjemmet","Hva","skal","unng\u00e5","vite"],"articleSection":["Samfunn"],"inLanguage":"nb-NO"},{"@type":"WebPage","@id":"https:\/\/nordnesrepublikken.no\/index.php\/2026\/01\/03\/hva-du-skal-vite-og-hva-du-skal-gjore-for-a-unnga-brann-i-hjemmet-ditt\/","url":"https:\/\/nordnesrepublikken.no\/index.php\/2026\/01\/03\/hva-du-skal-vite-og-hva-du-skal-gjore-for-a-unnga-brann-i-hjemmet-ditt\/","name":"hva du skal vite og hva du skal gj\u00f8re for \u00e5 unng\u00e5 brann i hjemmet ditt - Nordnesrepublikken","isPartOf":{"@id":"https:\/\/nordnesrepublikken.no\/#website"},"primaryImageOfPage":{"@id":"https:\/\/nordnesrepublikken.no\/index.php\/2026\/01\/03\/hva-du-skal-vite-og-hva-du-skal-gjore-for-a-unnga-brann-i-hjemmet-ditt\/#primaryimage"},"image":{"@id":"https:\/\/nordnesrepublikken.no\/index.php\/2026\/01\/03\/hva-du-skal-vite-og-hva-du-skal-gjore-for-a-unnga-brann-i-hjemmet-ditt\/#primaryimage"},"thumbnailUrl":"https:\/\/nordnesrepublikken.no\/wp-content\/uploads\/2026\/01\/1767448295_hva-du-skal-vite-og-hva-du-skal-gjore-for.jpg","datePublished":"2026-01-03T13:51:34+00:00","dateModified":"2026-01-03T13:51:37+00:00","breadcrumb":{"@id":"https:\/\/nordnesrepublikken.no\/index.php\/2026\/01\/03\/hva-du-skal-vite-og-hva-du-skal-gjore-for-a-unnga-brann-i-hjemmet-ditt\/#breadcrumb"},"inLanguage":"nb-NO","potentialAction":[{"@type":"ReadAction","target":["https:\/\/nordnesrepublikken.no\/index.php\/2026\/01\/03\/hva-du-skal-vite-og-hva-du-skal-gjore-for-a-unnga-brann-i-hjemmet-ditt\/"]}]},{"@type":"ImageObject","inLanguage":"nb-NO","@id":"https:\/\/nordnesrepublikken.no\/index.php\/2026\/01\/03\/hva-du-skal-vite-og-hva-du-skal-gjore-for-a-unnga-brann-i-hjemmet-ditt\/#primaryimage","url":"https:\/\/nordnesrepublikken.no\/wp-content\/uploads\/2026\/01\/1767448295_hva-du-skal-vite-og-hva-du-skal-gjore-for.jpg","contentUrl":"https:\/\/nordnesrepublikken.no\/wp-content\/uploads\/2026\/01\/1767448295_hva-du-skal-vite-og-hva-du-skal-gjore-for.jpg","width":2121,"height":1414,"caption":"hva du skal vite og hva du skal gj\u00f8re for \u00e5 unng\u00e5 brann i hjemmet ditt"},{"@type":"BreadcrumbList","@id":"https:\/\/nordnesrepublikken.no\/index.php\/2026\/01\/03\/hva-du-skal-vite-og-hva-du-skal-gjore-for-a-unnga-brann-i-hjemmet-ditt\/#breadcrumb","itemListElement":[{"@type":"ListItem","position":1,"name":"Home","item":"https:\/\/nordnesrepublikken.no\/"},{"@type":"ListItem","position":2,"name":"hva du skal vite og hva du skal gj\u00f8re for \u00e5 unng\u00e5 brann i hjemmet ditt"}]},{"@type":"WebSite","@id":"https:\/\/nordnesrepublikken.no\/#website","url":"https:\/\/nordnesrepublikken.no\/","name":"Nordnesrepublikken","description":"Stemmer og Visjoner fra Republikkens Hjerte","publisher":{"@id":"https:\/\/nordnesrepublikken.no\/#organization"},"potentialAction":[{"@type":"SearchAction","target":{"@type":"EntryPoint","urlTemplate":"https:\/\/nordnesrepublikken.no\/?s={search_term_string}"},"query-input":{"@type":"PropertyValueSpecification","valueRequired":true,"valueName":"search_term_string"}}],"inLanguage":"nb-NO"},{"@type":"Organization","@id":"https:\/\/nordnesrepublikken.no\/#organization","name":"Nordnesrepublikken","url":"https:\/\/nordnesrepublikken.no\/","logo":{"@type":"ImageObject","inLanguage":"nb-NO","@id":"https:\/\/nordnesrepublikken.no\/#\/schema\/logo\/image\/","url":"https:\/\/nordnesrepublikken.no\/wp-content\/uploads\/2025\/02\/cropped-nordnesrepublikken-2.png","contentUrl":"https:\/\/nordnesrepublikken.no\/wp-content\/uploads\/2025\/02\/cropped-nordnesrepublikken-2.png","width":1248,"height":362,"caption":"Nordnesrepublikken"},"image":{"@id":"https:\/\/nordnesrepublikken.no\/#\/schema\/logo\/image\/"}},{"@type":"Person","@id":"https:\/\/nordnesrepublikken.no\/#\/schema\/person\/2e7e81935bab77882fffb79296240ff1","name":"Ole Andersen","image":{"@type":"ImageObject","inLanguage":"nb-NO","@id":"https:\/\/nordnesrepublikken.no\/#\/schema\/person\/image\/","url":"https:\/\/nordnesrepublikken.no\/wp-content\/uploads\/2025\/02\/nordnesrepublikken-2-2-150x150.jpg","contentUrl":"https:\/\/nordnesrepublikken.no\/wp-content\/uploads\/2025\/02\/nordnesrepublikken-2-2-150x150.jpg","caption":"Ole Andersen"},"description":"Ettersom jeg vokste opp i Oslo, har jeg alltid v\u00e6rt fascinert av ordenes kraft og deres evne til \u00e5 skape endringer. Etter \u00e5 ha fullf\u00f8rt min utdannelse i kommunikasjon ved Universitetet i Bergen, fikk jeg muligheten til \u00e5 jobbe innen ulike medier, der jeg har s\u00f8kt \u00e5 belyse viktige samfunnssp\u00f8rsm\u00e5l. I dag, som redakt\u00f8r for Nordnesrepublikken, pr\u00f8ver jeg \u00e5 forene min kj\u00e6rlighet for journalistikk med min lidenskap for innovasjon og eventyr.","sameAs":["https:\/\/nordnesrepublikken.no\/"]}]}},"_links":{"self":[{"href":"https:\/\/nordnesrepublikken.no\/index.php\/wp-json\/wp\/v2\/posts\/13464","targetHints":{"allow":["GET"]}}],"collection":[{"href":"https:\/\/nordnesrepublikken.no\/index.php\/wp-json\/wp\/v2\/posts"}],"about":[{"href":"https:\/\/nordnesrepublikken.no\/index.php\/wp-json\/wp\/v2\/types\/post"}],"author":[{"embeddable":true,"href":"https:\/\/nordnesrepublikken.no\/index.php\/wp-json\/wp\/v2\/users\/1"}],"replies":[{"embeddable":true,"href":"https:\/\/nordnesrepublikken.no\/index.php\/wp-json\/wp\/v2\/comments?post=13464"}],"version-history":[{"count":1,"href":"https:\/\/nordnesrepublikken.no\/index.php\/wp-json\/wp\/v2\/posts\/13464\/revisions"}],"predecessor-version":[{"id":13466,"href":"https:\/\/nordnesrepublikken.no\/index.php\/wp-json\/wp\/v2\/posts\/13464\/revisions\/13466"}],"wp:featuredmedia":[{"embeddable":true,"href":"https:\/\/nordnesrepublikken.no\/index.php\/wp-json\/wp\/v2\/media\/13465"}],"wp:attachment":[{"href":"https:\/\/nordnesrepublikken.no\/index.php\/wp-json\/wp\/v2\/media?parent=13464"}],"wp:term":[{"taxonomy":"category","embeddable":true,"href":"https:\/\/nordnesrepublikken.no\/index.php\/wp-json\/wp\/v2\/categories?post=13464"},{"taxonomy":"post_tag","embeddable":true,"href":"https:\/\/nordnesrepublikken.no\/index.php\/wp-json\/wp\/v2\/tags?post=13464"}],"curies":[{"name":"wp","href":"https:\/\/api.w.org\/{rel}","templated":true}]}}