{"id":13443,"date":"2026-01-02T19:50:35","date_gmt":"2026-01-02T18:50:35","guid":{"rendered":"https:\/\/nordnesrepublikken.no\/index.php\/2026\/01\/02\/hvor-mye-det-koster-og-nar-det-skal-betales\/"},"modified":"2026-01-02T19:50:38","modified_gmt":"2026-01-02T18:50:38","slug":"hvor-mye-det-koster-og-nar-det-skal-betales","status":"publish","type":"post","link":"https:\/\/nordnesrepublikken.no\/index.php\/2026\/01\/02\/hvor-mye-det-koster-og-nar-det-skal-betales\/","title":{"rendered":"hvor mye det koster og n\u00e5r det skal betales"},"content":{"rendered":"<div>\n<div class=\"cp_wrapper cp_wrapper--fw mb-30 mb-20@tablet\">\n<figure class=\"mm\"><picture class=\"img\" style=\"padding-top:56.25%\"><source  media=\"(min-width: 1024px)\"><source  media=\"(min-width: 768px)\"><\/source><\/source><\/picture><\/figure>\n<\/p><\/div>\n<p>De <strong>SPID med Poste Italiane blir offisielt betalt<\/strong>: dette er hva selskapet kunngjorde til sine brukere med en e-post, som bekrefter det som allerede var antatt i oktober i fjor. \u00c5rsavgiften vil v\u00e6re <strong>6 euro<\/strong>som m\u00e5 betales innen 30 dager etter fristens utl\u00f8p i henhold til straff av <strong>suspensjon av digital identitet<\/strong>.<\/p>\n<p>Poste Italiane er imidlertid ikke den f\u00f8rste leverand\u00f8ren som blir betalt: det siste eksemplet er <strong>InfoCert<\/strong>som i juli 2025 innf\u00f8rte et gebyr p\u00e5 5,98 euro per \u00e5r. Denne endringen vil imidlertid involvere mange flere italienere, gitt at <strong>72 % av SPID-identitetene<\/strong> det administreres av PosteID, dvs. ca <strong>28,7 millioner brukere.<\/strong><\/p>\n<p>Alternativt kan nye brukere velge \u00e5 velge en av de 7 gjenv\u00e6rende gratisleverand\u00f8rene eller bytte permanent til <strong>CIE<\/strong> (Electronic Identity Card), som regjeringen tar sikte p\u00e5 \u00e5 transformere til den sentrale s\u00f8ylen i italiensk digital identitet, sammen med <strong>IT-lommebok<\/strong>.<\/p>\n<h2>SPID med betalt PosteID: hva endres n\u00e5<\/h2>\n<p>Det nye tiltaket tr\u00e5dte i kraft 1. januar 2026, selv om betalingen ikke trenger \u00e5 skje umiddelbart. N\u00e5r det gjelder nye brukere,<strong> det f\u00f8rste bruks\u00e5ret vil v\u00e6re gratis<\/strong>: alle andre m\u00e5 betale en avgift p\u00e5 \u20ac6 per \u00e5r, men bare p\u00e5 tidspunktet for <strong>utl\u00f8p<\/strong> av ens identitet identitet, som <strong>varierer fra bruker til bruker<\/strong> basert p\u00e5 datoen SPID ble opprettet: 30 dager f\u00f8r denne fristen, vil brukere motta en e-post med instruksjoner.<\/p>\n<p>Ved manglende betaling, men <strong>digital identitet vil bli suspendert<\/strong>bare for \u00e5 bli definitivt eliminert etter 24 m\u00e5neder. Utl\u00f8psdatoen kan konsulteres direkte <strong>i PosteID-appen<\/strong>i delen &laquo;<strong>Administrer kontoer<\/strong>&laquo;.<\/p>\n<p>Som forventet er dette en viktig endring, spesielt for Poste Italianes kasse: selskapet administrerer faktisk <strong>72 % av det digitale identitetsmarkedet<\/strong>i, lik 28,7 millioner brukere totalt. Med tanke p\u00e5 \u00e5rsavgiften p\u00e5 \u20ac6, er dette en <strong>omsetning p\u00e5 172,2 millioner euro.<\/strong><\/p>\n<p>PosteID har imidlertid gjenkjent noen <strong>unntatte kategorier<\/strong> fra betaling av gebyret, eller:<\/p>\n<ul>\n<li><strong>mindre\u00e5rige<\/strong>;<\/li>\n<li>brukere med minst <strong>75 \u00e5r gammel;<\/strong><\/li>\n<li><strong>bosatt i utlandet;<\/strong><\/li>\n<li>innehavere av<strong>profesjonell bruk<\/strong> av digital identitet.<\/li>\n<\/ul>\n<p>Nyheten ble ikke kommunisert til brukerne p\u00e5 forh\u00e5nd, men den dukket opp i g\u00e5r, 1. januar 2026, p\u00e5 den dedikerte Poste Italiane-siden, som vist p\u00e5 bildet nedenfor.<\/p>\n<div class=\"cp_wrapper cp_wrapper--fw mb-50\">\n<figure class=\"mm\"><picture class=\"img\" style=\"padding-top:40.587595212187%\"><source  media=\"(min-width: 1024px)\"><source  media=\"(min-width: 768px)\"><img decoding=\"async\" loading=\"lazy\" src=\"https:\/\/nordnesrepublikken.no\/wp-content\/uploads\/2026\/01\/1767379835_291_hvor-mye-det-koster-og-nar-det-skal-betales.jpg\" alt=\"spid betaling\" width=\"919\" height=\"373\"\/><\/source><\/source><\/picture><\/figure>\n<\/p><\/div>\n<h2>Hvor mye koster SPID n\u00e5: tabellen med leverand\u00f8rpriser<\/h2>\n<p>Men <strong>Hvor mye koster det \u00e5 gj\u00f8re SPID n\u00e5?<\/strong> I tabellen nedenfor har vi laget en oppsummering av alle leverand\u00f8rene: referansen er kun til den \u00e5rlige avgiften som muligens forutsettes av sertifiseringsorganene og ikke til kostnadene som skal p\u00e5l\u00f8pe for de forskjellige registrerings- og autentiseringsmetodene. Videre sammenlignet vi kun tjenestene rettet mot private og ikke de som er beregnet p\u00e5 profesjonelle og bedrifter.<\/p>\n<div class=\"cp_wrapper--table\">\n<table>\n<thead>\n<tr>\n<th><span>Sertifiseringsorgan<\/span><\/th>\n<th><span>\u00c5rlig avgift<\/span><\/th>\n<\/tr>\n<\/thead>\n<tbody>\n<tr>\n<td data-label=\"Ente certificatore\">Intesi Group<\/td>\n<td data-label=\"Canone annuo\">14,90 euro + mva<\/td>\n<\/tr>\n<tr>\n<td data-label=\"Ente certificatore\">InfoCamere ID<\/td>\n<td data-label=\"Canone annuo\">Gratis<\/td>\n<\/tr>\n<tr>\n<td data-label=\"Ente certificatore\">TeamSystem<\/td>\n<td data-label=\"Canone annuo\">Gratis<\/td>\n<\/tr>\n<tr>\n<td data-label=\"Ente certificatore\">TIM<\/td>\n<td data-label=\"Canone annuo\">Gratis<\/td>\n<\/tr>\n<tr>\n<td data-label=\"Ente certificatore\">Register<\/td>\n<td data-label=\"Canone annuo\">9,90 euro<\/td>\n<\/tr>\n<tr>\n<td data-label=\"Ente certificatore\">Sielte<\/td>\n<td data-label=\"Canone annuo\">Gratis<\/td>\n<\/tr>\n<tr>\n<td data-label=\"Ente certificatore\">Postkontor<\/td>\n<td data-label=\"Canone annuo\">6,00 euro (mva inkludert)<\/td>\n<\/tr>\n<tr>\n<td data-label=\"Ente certificatore\">Namirial<\/td>\n<td data-label=\"Canone annuo\">Gratis<\/td>\n<\/tr>\n<tr>\n<td data-label=\"Ente certificatore\">Lepida<\/td>\n<td data-label=\"Canone annuo\">Gratis<\/td>\n<\/tr>\n<tr>\n<td data-label=\"Ente certificatore\">InfoCert<\/td>\n<td data-label=\"Canone annuo\">5,98 euro<\/td>\n<\/tr>\n<tr>\n<td data-label=\"Ente certificatore\">Aruba<\/td>\n<td data-label=\"Canone annuo\">4,90 euro + mva<\/td>\n<\/tr>\n<tr>\n<td data-label=\"Ente certificatore\">EtnaID<\/td>\n<td data-label=\"Canone annuo\">Gratis<\/td>\n<\/tr>\n<\/tbody>\n<\/table>\n<\/div><\/div>\n","protected":false},"excerpt":{"rendered":"<p>De SPID med Poste Italiane blir offisielt betalt: dette er hva selskapet kunngjorde til sine<\/p>\n","protected":false},"author":1,"featured_media":13444,"comment_status":"closed","ping_status":"open","sticky":false,"template":"","format":"standard","meta":{"footnotes":""},"categories":[104],"tags":[4005,66,449,537,535,16,741],"class_list":["post-13443","post","type-post","status-publish","format-standard","has-post-thumbnail","hentry","category-samfunn","tag-betales","tag-det","tag-hvor","tag-koster","tag-mye","tag-nar","tag-skal","generate-columns","tablet-grid-50","mobile-grid-100","grid-parent","grid-33","resize-featured-image"],"yoast_head":"<!-- This site is optimized with the Yoast SEO plugin v24.4 - https:\/\/yoast.com\/wordpress\/plugins\/seo\/ -->\n<title>hvor mye det koster og n\u00e5r det skal betales - Nordnesrepublikken<\/title>\n<meta name=\"robots\" content=\"index, follow, max-snippet:-1, max-image-preview:large, max-video-preview:-1\" \/>\n<link rel=\"canonical\" href=\"https:\/\/nordnesrepublikken.no\/index.php\/2026\/01\/02\/hvor-mye-det-koster-og-nar-det-skal-betales\/\" \/>\n<meta property=\"og:locale\" content=\"nb_NO\" \/>\n<meta property=\"og:type\" content=\"article\" \/>\n<meta property=\"og:title\" content=\"hvor mye det koster og n\u00e5r det skal betales - Nordnesrepublikken\" \/>\n<meta property=\"og:description\" content=\"De SPID med Poste Italiane blir offisielt betalt: dette er hva selskapet kunngjorde til sine\" \/>\n<meta property=\"og:url\" content=\"https:\/\/nordnesrepublikken.no\/index.php\/2026\/01\/02\/hvor-mye-det-koster-og-nar-det-skal-betales\/\" \/>\n<meta property=\"og:site_name\" content=\"Nordnesrepublikken\" \/>\n<meta property=\"article:published_time\" content=\"2026-01-02T18:50:35+00:00\" \/>\n<meta property=\"article:modified_time\" content=\"2026-01-02T18:50:38+00:00\" \/>\n<meta property=\"og:image\" content=\"https:\/\/nordnesrepublikken.no\/wp-content\/uploads\/2026\/01\/1767379836_hvor-mye-det-koster-og-nar-det-skal-betales.jpg\" \/>\n\t<meta property=\"og:image:width\" content=\"1280\" \/>\n\t<meta property=\"og:image:height\" content=\"720\" \/>\n\t<meta property=\"og:image:type\" content=\"image\/jpeg\" \/>\n<meta name=\"author\" content=\"Ole Andersen\" \/>\n<meta name=\"twitter:card\" content=\"summary_large_image\" \/>\n<meta name=\"twitter:label1\" content=\"Skrevet av\" \/>\n\t<meta name=\"twitter:data1\" content=\"Ole Andersen\" \/>\n\t<meta name=\"twitter:label2\" content=\"Ansl. lesetid\" \/>\n\t<meta name=\"twitter:data2\" content=\"2 minutter\" \/>\n<script type=\"application\/ld+json\" class=\"yoast-schema-graph\">{\"@context\":\"https:\/\/schema.org\",\"@graph\":[{\"@type\":\"Article\",\"@id\":\"https:\/\/nordnesrepublikken.no\/index.php\/2026\/01\/02\/hvor-mye-det-koster-og-nar-det-skal-betales\/#article\",\"isPartOf\":{\"@id\":\"https:\/\/nordnesrepublikken.no\/index.php\/2026\/01\/02\/hvor-mye-det-koster-og-nar-det-skal-betales\/\"},\"author\":{\"name\":\"Ole Andersen\",\"@id\":\"https:\/\/nordnesrepublikken.no\/#\/schema\/person\/2e7e81935bab77882fffb79296240ff1\"},\"headline\":\"hvor mye det koster og n\u00e5r det skal betales\",\"datePublished\":\"2026-01-02T18:50:35+00:00\",\"dateModified\":\"2026-01-02T18:50:38+00:00\",\"mainEntityOfPage\":{\"@id\":\"https:\/\/nordnesrepublikken.no\/index.php\/2026\/01\/02\/hvor-mye-det-koster-og-nar-det-skal-betales\/\"},\"wordCount\":454,\"publisher\":{\"@id\":\"https:\/\/nordnesrepublikken.no\/#organization\"},\"image\":{\"@id\":\"https:\/\/nordnesrepublikken.no\/index.php\/2026\/01\/02\/hvor-mye-det-koster-og-nar-det-skal-betales\/#primaryimage\"},\"thumbnailUrl\":\"https:\/\/nordnesrepublikken.no\/wp-content\/uploads\/2026\/01\/1767379836_hvor-mye-det-koster-og-nar-det-skal-betales.jpg\",\"keywords\":[\"betales\",\"Det\",\"hvor\",\"koster\",\"mye\",\"n\u00e5r\",\"skal\"],\"articleSection\":[\"Samfunn\"],\"inLanguage\":\"nb-NO\"},{\"@type\":\"WebPage\",\"@id\":\"https:\/\/nordnesrepublikken.no\/index.php\/2026\/01\/02\/hvor-mye-det-koster-og-nar-det-skal-betales\/\",\"url\":\"https:\/\/nordnesrepublikken.no\/index.php\/2026\/01\/02\/hvor-mye-det-koster-og-nar-det-skal-betales\/\",\"name\":\"hvor mye det koster og n\u00e5r det skal betales - Nordnesrepublikken\",\"isPartOf\":{\"@id\":\"https:\/\/nordnesrepublikken.no\/#website\"},\"primaryImageOfPage\":{\"@id\":\"https:\/\/nordnesrepublikken.no\/index.php\/2026\/01\/02\/hvor-mye-det-koster-og-nar-det-skal-betales\/#primaryimage\"},\"image\":{\"@id\":\"https:\/\/nordnesrepublikken.no\/index.php\/2026\/01\/02\/hvor-mye-det-koster-og-nar-det-skal-betales\/#primaryimage\"},\"thumbnailUrl\":\"https:\/\/nordnesrepublikken.no\/wp-content\/uploads\/2026\/01\/1767379836_hvor-mye-det-koster-og-nar-det-skal-betales.jpg\",\"datePublished\":\"2026-01-02T18:50:35+00:00\",\"dateModified\":\"2026-01-02T18:50:38+00:00\",\"breadcrumb\":{\"@id\":\"https:\/\/nordnesrepublikken.no\/index.php\/2026\/01\/02\/hvor-mye-det-koster-og-nar-det-skal-betales\/#breadcrumb\"},\"inLanguage\":\"nb-NO\",\"potentialAction\":[{\"@type\":\"ReadAction\",\"target\":[\"https:\/\/nordnesrepublikken.no\/index.php\/2026\/01\/02\/hvor-mye-det-koster-og-nar-det-skal-betales\/\"]}]},{\"@type\":\"ImageObject\",\"inLanguage\":\"nb-NO\",\"@id\":\"https:\/\/nordnesrepublikken.no\/index.php\/2026\/01\/02\/hvor-mye-det-koster-og-nar-det-skal-betales\/#primaryimage\",\"url\":\"https:\/\/nordnesrepublikken.no\/wp-content\/uploads\/2026\/01\/1767379836_hvor-mye-det-koster-og-nar-det-skal-betales.jpg\",\"contentUrl\":\"https:\/\/nordnesrepublikken.no\/wp-content\/uploads\/2026\/01\/1767379836_hvor-mye-det-koster-og-nar-det-skal-betales.jpg\",\"width\":1280,\"height\":720,\"caption\":\"hvor mye det koster og n\u00e5r det skal betales\"},{\"@type\":\"BreadcrumbList\",\"@id\":\"https:\/\/nordnesrepublikken.no\/index.php\/2026\/01\/02\/hvor-mye-det-koster-og-nar-det-skal-betales\/#breadcrumb\",\"itemListElement\":[{\"@type\":\"ListItem\",\"position\":1,\"name\":\"Home\",\"item\":\"https:\/\/nordnesrepublikken.no\/\"},{\"@type\":\"ListItem\",\"position\":2,\"name\":\"hvor mye det koster og n\u00e5r det skal betales\"}]},{\"@type\":\"WebSite\",\"@id\":\"https:\/\/nordnesrepublikken.no\/#website\",\"url\":\"https:\/\/nordnesrepublikken.no\/\",\"name\":\"Nordnesrepublikken\",\"description\":\"Stemmer og Visjoner fra Republikkens Hjerte\",\"publisher\":{\"@id\":\"https:\/\/nordnesrepublikken.no\/#organization\"},\"potentialAction\":[{\"@type\":\"SearchAction\",\"target\":{\"@type\":\"EntryPoint\",\"urlTemplate\":\"https:\/\/nordnesrepublikken.no\/?s={search_term_string}\"},\"query-input\":{\"@type\":\"PropertyValueSpecification\",\"valueRequired\":true,\"valueName\":\"search_term_string\"}}],\"inLanguage\":\"nb-NO\"},{\"@type\":\"Organization\",\"@id\":\"https:\/\/nordnesrepublikken.no\/#organization\",\"name\":\"Nordnesrepublikken\",\"url\":\"https:\/\/nordnesrepublikken.no\/\",\"logo\":{\"@type\":\"ImageObject\",\"inLanguage\":\"nb-NO\",\"@id\":\"https:\/\/nordnesrepublikken.no\/#\/schema\/logo\/image\/\",\"url\":\"https:\/\/nordnesrepublikken.no\/wp-content\/uploads\/2025\/02\/cropped-nordnesrepublikken-2.png\",\"contentUrl\":\"https:\/\/nordnesrepublikken.no\/wp-content\/uploads\/2025\/02\/cropped-nordnesrepublikken-2.png\",\"width\":1248,\"height\":362,\"caption\":\"Nordnesrepublikken\"},\"image\":{\"@id\":\"https:\/\/nordnesrepublikken.no\/#\/schema\/logo\/image\/\"}},{\"@type\":\"Person\",\"@id\":\"https:\/\/nordnesrepublikken.no\/#\/schema\/person\/2e7e81935bab77882fffb79296240ff1\",\"name\":\"Ole Andersen\",\"image\":{\"@type\":\"ImageObject\",\"inLanguage\":\"nb-NO\",\"@id\":\"https:\/\/nordnesrepublikken.no\/#\/schema\/person\/image\/\",\"url\":\"https:\/\/nordnesrepublikken.no\/wp-content\/uploads\/2025\/02\/nordnesrepublikken-2-2-150x150.jpg\",\"contentUrl\":\"https:\/\/nordnesrepublikken.no\/wp-content\/uploads\/2025\/02\/nordnesrepublikken-2-2-150x150.jpg\",\"caption\":\"Ole Andersen\"},\"description\":\"Ettersom jeg vokste opp i Oslo, har jeg alltid v\u00e6rt fascinert av ordenes kraft og deres evne til \u00e5 skape endringer. Etter \u00e5 ha fullf\u00f8rt min utdannelse i kommunikasjon ved Universitetet i Bergen, fikk jeg muligheten til \u00e5 jobbe innen ulike medier, der jeg har s\u00f8kt \u00e5 belyse viktige samfunnssp\u00f8rsm\u00e5l. I dag, som redakt\u00f8r for Nordnesrepublikken, pr\u00f8ver jeg \u00e5 forene min kj\u00e6rlighet for journalistikk med min lidenskap for innovasjon og eventyr.\",\"sameAs\":[\"https:\/\/nordnesrepublikken.no\/\"]}]}<\/script>\n<!-- \/ Yoast SEO plugin. -->","yoast_head_json":{"title":"hvor mye det koster og n\u00e5r det skal betales - Nordnesrepublikken","robots":{"index":"index","follow":"follow","max-snippet":"max-snippet:-1","max-image-preview":"max-image-preview:large","max-video-preview":"max-video-preview:-1"},"canonical":"https:\/\/nordnesrepublikken.no\/index.php\/2026\/01\/02\/hvor-mye-det-koster-og-nar-det-skal-betales\/","og_locale":"nb_NO","og_type":"article","og_title":"hvor mye det koster og n\u00e5r det skal betales - Nordnesrepublikken","og_description":"De SPID med Poste Italiane blir offisielt betalt: dette er hva selskapet kunngjorde til sine","og_url":"https:\/\/nordnesrepublikken.no\/index.php\/2026\/01\/02\/hvor-mye-det-koster-og-nar-det-skal-betales\/","og_site_name":"Nordnesrepublikken","article_published_time":"2026-01-02T18:50:35+00:00","article_modified_time":"2026-01-02T18:50:38+00:00","og_image":[{"width":1280,"height":720,"url":"https:\/\/nordnesrepublikken.no\/wp-content\/uploads\/2026\/01\/1767379836_hvor-mye-det-koster-og-nar-det-skal-betales.jpg","type":"image\/jpeg"}],"author":"Ole Andersen","twitter_card":"summary_large_image","twitter_misc":{"Skrevet av":"Ole Andersen","Ansl. lesetid":"2 minutter"},"schema":{"@context":"https:\/\/schema.org","@graph":[{"@type":"Article","@id":"https:\/\/nordnesrepublikken.no\/index.php\/2026\/01\/02\/hvor-mye-det-koster-og-nar-det-skal-betales\/#article","isPartOf":{"@id":"https:\/\/nordnesrepublikken.no\/index.php\/2026\/01\/02\/hvor-mye-det-koster-og-nar-det-skal-betales\/"},"author":{"name":"Ole Andersen","@id":"https:\/\/nordnesrepublikken.no\/#\/schema\/person\/2e7e81935bab77882fffb79296240ff1"},"headline":"hvor mye det koster og n\u00e5r det skal betales","datePublished":"2026-01-02T18:50:35+00:00","dateModified":"2026-01-02T18:50:38+00:00","mainEntityOfPage":{"@id":"https:\/\/nordnesrepublikken.no\/index.php\/2026\/01\/02\/hvor-mye-det-koster-og-nar-det-skal-betales\/"},"wordCount":454,"publisher":{"@id":"https:\/\/nordnesrepublikken.no\/#organization"},"image":{"@id":"https:\/\/nordnesrepublikken.no\/index.php\/2026\/01\/02\/hvor-mye-det-koster-og-nar-det-skal-betales\/#primaryimage"},"thumbnailUrl":"https:\/\/nordnesrepublikken.no\/wp-content\/uploads\/2026\/01\/1767379836_hvor-mye-det-koster-og-nar-det-skal-betales.jpg","keywords":["betales","Det","hvor","koster","mye","n\u00e5r","skal"],"articleSection":["Samfunn"],"inLanguage":"nb-NO"},{"@type":"WebPage","@id":"https:\/\/nordnesrepublikken.no\/index.php\/2026\/01\/02\/hvor-mye-det-koster-og-nar-det-skal-betales\/","url":"https:\/\/nordnesrepublikken.no\/index.php\/2026\/01\/02\/hvor-mye-det-koster-og-nar-det-skal-betales\/","name":"hvor mye det koster og n\u00e5r det skal betales - Nordnesrepublikken","isPartOf":{"@id":"https:\/\/nordnesrepublikken.no\/#website"},"primaryImageOfPage":{"@id":"https:\/\/nordnesrepublikken.no\/index.php\/2026\/01\/02\/hvor-mye-det-koster-og-nar-det-skal-betales\/#primaryimage"},"image":{"@id":"https:\/\/nordnesrepublikken.no\/index.php\/2026\/01\/02\/hvor-mye-det-koster-og-nar-det-skal-betales\/#primaryimage"},"thumbnailUrl":"https:\/\/nordnesrepublikken.no\/wp-content\/uploads\/2026\/01\/1767379836_hvor-mye-det-koster-og-nar-det-skal-betales.jpg","datePublished":"2026-01-02T18:50:35+00:00","dateModified":"2026-01-02T18:50:38+00:00","breadcrumb":{"@id":"https:\/\/nordnesrepublikken.no\/index.php\/2026\/01\/02\/hvor-mye-det-koster-og-nar-det-skal-betales\/#breadcrumb"},"inLanguage":"nb-NO","potentialAction":[{"@type":"ReadAction","target":["https:\/\/nordnesrepublikken.no\/index.php\/2026\/01\/02\/hvor-mye-det-koster-og-nar-det-skal-betales\/"]}]},{"@type":"ImageObject","inLanguage":"nb-NO","@id":"https:\/\/nordnesrepublikken.no\/index.php\/2026\/01\/02\/hvor-mye-det-koster-og-nar-det-skal-betales\/#primaryimage","url":"https:\/\/nordnesrepublikken.no\/wp-content\/uploads\/2026\/01\/1767379836_hvor-mye-det-koster-og-nar-det-skal-betales.jpg","contentUrl":"https:\/\/nordnesrepublikken.no\/wp-content\/uploads\/2026\/01\/1767379836_hvor-mye-det-koster-og-nar-det-skal-betales.jpg","width":1280,"height":720,"caption":"hvor mye det koster og n\u00e5r det skal betales"},{"@type":"BreadcrumbList","@id":"https:\/\/nordnesrepublikken.no\/index.php\/2026\/01\/02\/hvor-mye-det-koster-og-nar-det-skal-betales\/#breadcrumb","itemListElement":[{"@type":"ListItem","position":1,"name":"Home","item":"https:\/\/nordnesrepublikken.no\/"},{"@type":"ListItem","position":2,"name":"hvor mye det koster og n\u00e5r det skal betales"}]},{"@type":"WebSite","@id":"https:\/\/nordnesrepublikken.no\/#website","url":"https:\/\/nordnesrepublikken.no\/","name":"Nordnesrepublikken","description":"Stemmer og Visjoner fra Republikkens Hjerte","publisher":{"@id":"https:\/\/nordnesrepublikken.no\/#organization"},"potentialAction":[{"@type":"SearchAction","target":{"@type":"EntryPoint","urlTemplate":"https:\/\/nordnesrepublikken.no\/?s={search_term_string}"},"query-input":{"@type":"PropertyValueSpecification","valueRequired":true,"valueName":"search_term_string"}}],"inLanguage":"nb-NO"},{"@type":"Organization","@id":"https:\/\/nordnesrepublikken.no\/#organization","name":"Nordnesrepublikken","url":"https:\/\/nordnesrepublikken.no\/","logo":{"@type":"ImageObject","inLanguage":"nb-NO","@id":"https:\/\/nordnesrepublikken.no\/#\/schema\/logo\/image\/","url":"https:\/\/nordnesrepublikken.no\/wp-content\/uploads\/2025\/02\/cropped-nordnesrepublikken-2.png","contentUrl":"https:\/\/nordnesrepublikken.no\/wp-content\/uploads\/2025\/02\/cropped-nordnesrepublikken-2.png","width":1248,"height":362,"caption":"Nordnesrepublikken"},"image":{"@id":"https:\/\/nordnesrepublikken.no\/#\/schema\/logo\/image\/"}},{"@type":"Person","@id":"https:\/\/nordnesrepublikken.no\/#\/schema\/person\/2e7e81935bab77882fffb79296240ff1","name":"Ole Andersen","image":{"@type":"ImageObject","inLanguage":"nb-NO","@id":"https:\/\/nordnesrepublikken.no\/#\/schema\/person\/image\/","url":"https:\/\/nordnesrepublikken.no\/wp-content\/uploads\/2025\/02\/nordnesrepublikken-2-2-150x150.jpg","contentUrl":"https:\/\/nordnesrepublikken.no\/wp-content\/uploads\/2025\/02\/nordnesrepublikken-2-2-150x150.jpg","caption":"Ole Andersen"},"description":"Ettersom jeg vokste opp i Oslo, har jeg alltid v\u00e6rt fascinert av ordenes kraft og deres evne til \u00e5 skape endringer. Etter \u00e5 ha fullf\u00f8rt min utdannelse i kommunikasjon ved Universitetet i Bergen, fikk jeg muligheten til \u00e5 jobbe innen ulike medier, der jeg har s\u00f8kt \u00e5 belyse viktige samfunnssp\u00f8rsm\u00e5l. I dag, som redakt\u00f8r for Nordnesrepublikken, pr\u00f8ver jeg \u00e5 forene min kj\u00e6rlighet for journalistikk med min lidenskap for innovasjon og eventyr.","sameAs":["https:\/\/nordnesrepublikken.no\/"]}]}},"_links":{"self":[{"href":"https:\/\/nordnesrepublikken.no\/index.php\/wp-json\/wp\/v2\/posts\/13443","targetHints":{"allow":["GET"]}}],"collection":[{"href":"https:\/\/nordnesrepublikken.no\/index.php\/wp-json\/wp\/v2\/posts"}],"about":[{"href":"https:\/\/nordnesrepublikken.no\/index.php\/wp-json\/wp\/v2\/types\/post"}],"author":[{"embeddable":true,"href":"https:\/\/nordnesrepublikken.no\/index.php\/wp-json\/wp\/v2\/users\/1"}],"replies":[{"embeddable":true,"href":"https:\/\/nordnesrepublikken.no\/index.php\/wp-json\/wp\/v2\/comments?post=13443"}],"version-history":[{"count":1,"href":"https:\/\/nordnesrepublikken.no\/index.php\/wp-json\/wp\/v2\/posts\/13443\/revisions"}],"predecessor-version":[{"id":13445,"href":"https:\/\/nordnesrepublikken.no\/index.php\/wp-json\/wp\/v2\/posts\/13443\/revisions\/13445"}],"wp:featuredmedia":[{"embeddable":true,"href":"https:\/\/nordnesrepublikken.no\/index.php\/wp-json\/wp\/v2\/media\/13444"}],"wp:attachment":[{"href":"https:\/\/nordnesrepublikken.no\/index.php\/wp-json\/wp\/v2\/media?parent=13443"}],"wp:term":[{"taxonomy":"category","embeddable":true,"href":"https:\/\/nordnesrepublikken.no\/index.php\/wp-json\/wp\/v2\/categories?post=13443"},{"taxonomy":"post_tag","embeddable":true,"href":"https:\/\/nordnesrepublikken.no\/index.php\/wp-json\/wp\/v2\/tags?post=13443"}],"curies":[{"name":"wp","href":"https:\/\/api.w.org\/{rel}","templated":true}]}}