{"id":13440,"date":"2026-01-02T18:51:00","date_gmt":"2026-01-02T17:51:00","guid":{"rendered":"https:\/\/nordnesrepublikken.no\/index.php\/2026\/01\/02\/eiere-av-elektriske-scootere-puster-lett-ettersom-spania-utsetter-boter-men-ikke-alle-er-ute-av-kroken\/"},"modified":"2026-01-02T18:51:02","modified_gmt":"2026-01-02T17:51:02","slug":"eiere-av-elektriske-scootere-puster-lett-ettersom-spania-utsetter-boter-men-ikke-alle-er-ute-av-kroken","status":"publish","type":"post","link":"https:\/\/nordnesrepublikken.no\/index.php\/2026\/01\/02\/eiere-av-elektriske-scootere-puster-lett-ettersom-spania-utsetter-boter-men-ikke-alle-er-ute-av-kroken\/","title":{"rendered":"Eiere av elektriske scootere puster lett ettersom Spania utsetter b\u00f8ter \u2013 men ikke alle er ute av kroken"},"content":{"rendered":"<p><\/p>\n<div class=\"wordpress-content\">\n                    <!-- Article Start --><\/p>\n<p>Hvis du kj\u00f8rer en elektrisk sparkesykkel i Spania, skulle starten p\u00e5 2026 komme med et stikk. Obligatorisk forsikring, offisiell registrering, identifikasjonsetiketter \u2013 og trusselen om b\u00f8ter hvis du ikke fulgte.<\/p>\n<p>Men n\u00e5r 2. januar 2026 kommer, vil de fleste rytterne likevel ikke bli b\u00f8telagt.<\/p>\n<p>Spanias trafikkmyndighet, DGT, har n\u00e5 bekreftet det mange mistenkte: systemet som trengs for \u00e5 h\u00e5ndheve de nye reglene er rett og slett ikke klart. Og uten den kan loven ikke anvendes \u2013 i hvert fall ikke enn\u00e5.<\/p>\n<div class=\"sra_unit\"><link rel=\"stylesheet\" id=\"block-sra\" href=\"https:\/\/euroweeklynews.com\/wp-content\/plugins\/snack-related-articles\/dist\/css\/snack-related.min.css?250312-193541\" type=\"text\/css\" media=\"all\">\n<\/div>\n<p>For vanlige scooterbrukere betyr det en midlertidig utsettelse. For andre, spesielt eiere av tyngre og raskere kj\u00f8ret\u00f8y, er historien mer komplisert.<\/p>\n<h2>Hvorfor reglene eksisterer \u2013 og hvorfor de ikke kan h\u00e5ndheves enn\u00e5<\/h2>\n<p>Plikten til \u00e5 forsikre elektriske scootere kom ikke ut av ingensteds. Loven som oppretter obligatorisk forsikring for VMP-er (Personal Mobility Vehicles) ble publisert i den offisielle statstidende i slutten av juli, med begynnelsen av januar 2026 flagget som startdato.<\/p>\n<p>Ideen var grei: hver scooter skulle registreres, identifiseres og forsikres, noe som gj\u00f8r det lettere \u00e5 spore ryttere i tilfelle en ulykke.<\/p>\n<p>Det er bare ett problem. Det nasjonale registreringssystemet er ikke operativt.<\/p>\n<p>Uten et fungerende register har ryttere ingen mulighet til \u00e5 offisielt registrere scooterne sine, f\u00e5 et identifikasjonsnummer eller skilt eller tegne forsikringen knyttet til den registreringen. Begge sett med implementeringsforskrifter \u2013 den ene dekker forsikring, den andre dekker selve registeret \u2013 har f\u00f8rst nylig avsluttet sine offentlige h\u00f8ringsfaser.<\/p>\n<p>Rent praktisk har DGT erkjent det \u00e5penbare: du kan ikke b\u00f8telegge folk for \u00e5 unnlate \u00e5 gj\u00f8re noe som ikke er teknisk mulig.<\/p>\n<p>Derfor vil politiet 2. januar ikke kunne straffe ryttere bare for manglende forsikring eller registrering &#8211; fordi den juridiske mekanismen for \u00e5 f\u00e5 tak i dem enn\u00e5 ikke er p\u00e5 plass.<\/p>\n<h2>Hva vil etter hvert kreves av scooterf\u00f8rere<\/h2>\n<p>N\u00e5r systemet er oppe og g\u00e5r, vil prosessen f\u00f8lge en klar rekkef\u00f8lge.<\/p>\n<p>Scootere m\u00e5 f\u00f8rst registreres hos den sentrale trafikkmyndigheten, hvoretter eierne vil motta en offisiell identifikasjonsetikett eller -skilt. F\u00f8rst da vil ryttere v\u00e6re i stand til &#8211; og p\u00e5lagt &#8211; \u00e5 tegne obligatorisk ansvarsforsikring.<\/p>\n<p>Selve dekningen er allerede definert. Ved en ulykke vil forsikringen dekke inntil \u20ac6,45 millioner for personskader og \u20ac1,3 millioner for skade p\u00e5 eiendom.<\/p>\n<p>Det er imidlertid grenser. Enkelte situasjoner vil ikke dekkes, for eksempel branner eller eksplosjoner for\u00e5rsaket mens en scooter er lagret, transportert som last eller parkert inne i en bygning utenfor anviste parkeringsomr\u00e5der.<\/p>\n<p>N\u00e5r h\u00e5ndhevelsen begynner, kan det \u00e5 ri uforsikret f\u00f8re til b\u00f8ter som varierer fra \u20ac200 til \u20ac1000.<\/p>\n<h2>Unntaket mange ryttere mangler<\/h2>\n<p>Mens de fleste scooterbrukere vil f\u00e5 en frist, er ikke alle inkludert.<\/p>\n<p>DGT har gjort ett viktig unntak klart: VMP-er som veier mer enn 25 kilo og kan overstige 14 km\/t m\u00e5 v\u00e6re forsikret selv om registeret forblir inaktivt.<\/p>\n<p>Eiere av disse tyngre kj\u00f8ret\u00f8yene har frist til 26. januar 2026 p\u00e5 seg. De trenger ikke registrering enn\u00e5, men forsikring vil v\u00e6re obligatorisk.<\/p>\n<p>Det er en detalj som er lett \u00e5 overse \u2013 og en som kan fange ut noen ryttere hvis de antar at forsinkelsen gjelder alle.<\/p>\n<h2>Hvorfor myndighetene presser p\u00e5 til tross for forsinkelsen<\/h2>\n<p>Bak det byr\u00e5kratiske rotet ligger et \u00f8kende sikkerhetsproblem. If\u00f8lge data fra Fundaci\u00f3n Mapfre \u00f8kte ulykker med VMP-er kraftig i 2024. Det var 396 rapporterte hendelser, en \u00f8kning p\u00e5 23 prosent sammenlignet med \u00e5ret f\u00f8r, og resulterte i 240 skader og 14 d\u00f8dsfall.<\/p>\n<p>De fleste av disse omkomne involverte scooterbrukere selv.<\/p>\n<p>For n\u00e5, hvis en uforsikret scooter for\u00e5rsaker skade, vil forsikringskompensasjonskonsortiet tre inn for \u00e5 dekke personskade \u2013 men ikke materielle tap. Det sikkerhetsnettet er midlertidig og begrenset, og myndighetene ser det som en annen grunn til \u00e5 presse systemet frem s\u00e5 raskt som mulig.<\/p>\n<h2>Hva ryttere b\u00f8r gj\u00f8re n\u00e5<\/h2>\n<p>For flertallet av scooterbrukere er det ingen umiddelbar handling som kreves 2. januar. Men det betyr ikke at problemet kan ignoreres.<\/p>\n<p>DGT sier at registreringsdekretet blir behandlet raskt. N\u00e5r den er godkjent, kan frister komme raskt, og h\u00e5ndhevelse vil f\u00f8lge.<\/p>\n<p>Med andre ord, b\u00f8tene kommer ikke enn\u00e5 \u2013 men de kommer.<\/p>\n<p>Forel\u00f8pig har Spanias scooterkj\u00f8rere tid. Det de ikke burde ha er falsk forsikring.<\/p>\n<p>                    <!-- Originally published at https:\/\/euroweeklynews.com\/2026\/01\/02\/electric-scooter-owners-breathe-easy-as-spain-delays-fines-but-not-everyone-is-off-the-hook\/ on 02 Jan 2026 at 12:52 by Farah Mokrani --><br \/>\n                    <!-- Article End -->\n                <\/div>\n","protected":false},"excerpt":{"rendered":"<p>Hvis du kj\u00f8rer en elektrisk sparkesykkel i Spania, skulle starten p\u00e5 2026 komme med et<\/p>\n","protected":false},"author":1,"featured_media":13441,"comment_status":"closed","ping_status":"open","sticky":false,"template":"","format":"standard","meta":{"footnotes":""},"categories":[105],"tags":[1515,1990,3496,1652,2870,187,8843,1833,355,8842,8460,529,7601,2114],"class_list":["post-13440","post","type-post","status-publish","format-standard","has-post-thumbnail","hentry","category-livsstil","tag-alle","tag-boter","tag-eiere","tag-elektriske","tag-ettersom","tag-ikke","tag-kroken","tag-lett","tag-men","tag-puster","tag-scootere","tag-spania","tag-ute","tag-utsetter","generate-columns","tablet-grid-50","mobile-grid-100","grid-parent","grid-33","resize-featured-image"],"yoast_head":"<!-- This site is optimized with the Yoast SEO plugin v24.4 - https:\/\/yoast.com\/wordpress\/plugins\/seo\/ -->\n<title>Eiere av elektriske scootere puster lett ettersom Spania utsetter b\u00f8ter \u2013 men ikke alle er ute av kroken - Nordnesrepublikken<\/title>\n<meta name=\"robots\" content=\"index, follow, max-snippet:-1, max-image-preview:large, max-video-preview:-1\" \/>\n<link rel=\"canonical\" href=\"https:\/\/nordnesrepublikken.no\/index.php\/2026\/01\/02\/eiere-av-elektriske-scootere-puster-lett-ettersom-spania-utsetter-boter-men-ikke-alle-er-ute-av-kroken\/\" \/>\n<meta property=\"og:locale\" content=\"nb_NO\" \/>\n<meta property=\"og:type\" content=\"article\" \/>\n<meta property=\"og:title\" content=\"Eiere av elektriske scootere puster lett ettersom Spania utsetter b\u00f8ter \u2013 men ikke alle er ute av kroken - Nordnesrepublikken\" \/>\n<meta property=\"og:description\" content=\"Hvis du kj\u00f8rer en elektrisk sparkesykkel i Spania, skulle starten p\u00e5 2026 komme med et\" \/>\n<meta property=\"og:url\" content=\"https:\/\/nordnesrepublikken.no\/index.php\/2026\/01\/02\/eiere-av-elektriske-scootere-puster-lett-ettersom-spania-utsetter-boter-men-ikke-alle-er-ute-av-kroken\/\" \/>\n<meta property=\"og:site_name\" content=\"Nordnesrepublikken\" \/>\n<meta property=\"article:published_time\" content=\"2026-01-02T17:51:00+00:00\" \/>\n<meta property=\"article:modified_time\" content=\"2026-01-02T17:51:02+00:00\" \/>\n<meta property=\"og:image\" content=\"https:\/\/nordnesrepublikken.no\/wp-content\/uploads\/2026\/01\/1767376261_Eiere-av-elektriske-scootere-puster-lett-ettersom-Spania-utsetter-boter.jpg\" \/>\n\t<meta property=\"og:image:width\" content=\"1200\" \/>\n\t<meta property=\"og:image:height\" content=\"800\" \/>\n\t<meta property=\"og:image:type\" content=\"image\/jpeg\" \/>\n<meta name=\"author\" content=\"Ole Andersen\" \/>\n<meta name=\"twitter:card\" content=\"summary_large_image\" \/>\n<meta name=\"twitter:label1\" content=\"Skrevet av\" \/>\n\t<meta name=\"twitter:data1\" content=\"Ole Andersen\" \/>\n\t<meta name=\"twitter:label2\" content=\"Ansl. lesetid\" \/>\n\t<meta name=\"twitter:data2\" content=\"3 minutter\" \/>\n<script type=\"application\/ld+json\" class=\"yoast-schema-graph\">{\"@context\":\"https:\/\/schema.org\",\"@graph\":[{\"@type\":\"Article\",\"@id\":\"https:\/\/nordnesrepublikken.no\/index.php\/2026\/01\/02\/eiere-av-elektriske-scootere-puster-lett-ettersom-spania-utsetter-boter-men-ikke-alle-er-ute-av-kroken\/#article\",\"isPartOf\":{\"@id\":\"https:\/\/nordnesrepublikken.no\/index.php\/2026\/01\/02\/eiere-av-elektriske-scootere-puster-lett-ettersom-spania-utsetter-boter-men-ikke-alle-er-ute-av-kroken\/\"},\"author\":{\"name\":\"Ole Andersen\",\"@id\":\"https:\/\/nordnesrepublikken.no\/#\/schema\/person\/2e7e81935bab77882fffb79296240ff1\"},\"headline\":\"Eiere av elektriske scootere puster lett ettersom Spania utsetter b\u00f8ter \u2013 men ikke alle er ute av kroken\",\"datePublished\":\"2026-01-02T17:51:00+00:00\",\"dateModified\":\"2026-01-02T17:51:02+00:00\",\"mainEntityOfPage\":{\"@id\":\"https:\/\/nordnesrepublikken.no\/index.php\/2026\/01\/02\/eiere-av-elektriske-scootere-puster-lett-ettersom-spania-utsetter-boter-men-ikke-alle-er-ute-av-kroken\/\"},\"wordCount\":699,\"publisher\":{\"@id\":\"https:\/\/nordnesrepublikken.no\/#organization\"},\"image\":{\"@id\":\"https:\/\/nordnesrepublikken.no\/index.php\/2026\/01\/02\/eiere-av-elektriske-scootere-puster-lett-ettersom-spania-utsetter-boter-men-ikke-alle-er-ute-av-kroken\/#primaryimage\"},\"thumbnailUrl\":\"https:\/\/nordnesrepublikken.no\/wp-content\/uploads\/2026\/01\/1767376261_Eiere-av-elektriske-scootere-puster-lett-ettersom-Spania-utsetter-boter.jpg\",\"keywords\":[\"alle\",\"b\u00f8ter\",\"eiere\",\"elektriske\",\"Ettersom\",\"ikke\",\"kroken\",\"lett\",\"men\",\"puster\",\"scootere\",\"Spania\",\"ute\",\"utsetter\"],\"articleSection\":[\"Livsstil\"],\"inLanguage\":\"nb-NO\"},{\"@type\":\"WebPage\",\"@id\":\"https:\/\/nordnesrepublikken.no\/index.php\/2026\/01\/02\/eiere-av-elektriske-scootere-puster-lett-ettersom-spania-utsetter-boter-men-ikke-alle-er-ute-av-kroken\/\",\"url\":\"https:\/\/nordnesrepublikken.no\/index.php\/2026\/01\/02\/eiere-av-elektriske-scootere-puster-lett-ettersom-spania-utsetter-boter-men-ikke-alle-er-ute-av-kroken\/\",\"name\":\"Eiere av elektriske scootere puster lett ettersom Spania utsetter b\u00f8ter \u2013 men ikke alle er ute av kroken - Nordnesrepublikken\",\"isPartOf\":{\"@id\":\"https:\/\/nordnesrepublikken.no\/#website\"},\"primaryImageOfPage\":{\"@id\":\"https:\/\/nordnesrepublikken.no\/index.php\/2026\/01\/02\/eiere-av-elektriske-scootere-puster-lett-ettersom-spania-utsetter-boter-men-ikke-alle-er-ute-av-kroken\/#primaryimage\"},\"image\":{\"@id\":\"https:\/\/nordnesrepublikken.no\/index.php\/2026\/01\/02\/eiere-av-elektriske-scootere-puster-lett-ettersom-spania-utsetter-boter-men-ikke-alle-er-ute-av-kroken\/#primaryimage\"},\"thumbnailUrl\":\"https:\/\/nordnesrepublikken.no\/wp-content\/uploads\/2026\/01\/1767376261_Eiere-av-elektriske-scootere-puster-lett-ettersom-Spania-utsetter-boter.jpg\",\"datePublished\":\"2026-01-02T17:51:00+00:00\",\"dateModified\":\"2026-01-02T17:51:02+00:00\",\"breadcrumb\":{\"@id\":\"https:\/\/nordnesrepublikken.no\/index.php\/2026\/01\/02\/eiere-av-elektriske-scootere-puster-lett-ettersom-spania-utsetter-boter-men-ikke-alle-er-ute-av-kroken\/#breadcrumb\"},\"inLanguage\":\"nb-NO\",\"potentialAction\":[{\"@type\":\"ReadAction\",\"target\":[\"https:\/\/nordnesrepublikken.no\/index.php\/2026\/01\/02\/eiere-av-elektriske-scootere-puster-lett-ettersom-spania-utsetter-boter-men-ikke-alle-er-ute-av-kroken\/\"]}]},{\"@type\":\"ImageObject\",\"inLanguage\":\"nb-NO\",\"@id\":\"https:\/\/nordnesrepublikken.no\/index.php\/2026\/01\/02\/eiere-av-elektriske-scootere-puster-lett-ettersom-spania-utsetter-boter-men-ikke-alle-er-ute-av-kroken\/#primaryimage\",\"url\":\"https:\/\/nordnesrepublikken.no\/wp-content\/uploads\/2026\/01\/1767376261_Eiere-av-elektriske-scootere-puster-lett-ettersom-Spania-utsetter-boter.jpg\",\"contentUrl\":\"https:\/\/nordnesrepublikken.no\/wp-content\/uploads\/2026\/01\/1767376261_Eiere-av-elektriske-scootere-puster-lett-ettersom-Spania-utsetter-boter.jpg\",\"width\":1200,\"height\":800,\"caption\":\"Eiere av elektriske scootere puster lett ettersom Spania utsetter b\u00f8ter \u2013 men ikke alle er ute av kroken\"},{\"@type\":\"BreadcrumbList\",\"@id\":\"https:\/\/nordnesrepublikken.no\/index.php\/2026\/01\/02\/eiere-av-elektriske-scootere-puster-lett-ettersom-spania-utsetter-boter-men-ikke-alle-er-ute-av-kroken\/#breadcrumb\",\"itemListElement\":[{\"@type\":\"ListItem\",\"position\":1,\"name\":\"Home\",\"item\":\"https:\/\/nordnesrepublikken.no\/\"},{\"@type\":\"ListItem\",\"position\":2,\"name\":\"Eiere av elektriske scootere puster lett ettersom Spania utsetter b\u00f8ter \u2013 men ikke alle er ute av kroken\"}]},{\"@type\":\"WebSite\",\"@id\":\"https:\/\/nordnesrepublikken.no\/#website\",\"url\":\"https:\/\/nordnesrepublikken.no\/\",\"name\":\"Nordnesrepublikken\",\"description\":\"Stemmer og Visjoner fra Republikkens Hjerte\",\"publisher\":{\"@id\":\"https:\/\/nordnesrepublikken.no\/#organization\"},\"potentialAction\":[{\"@type\":\"SearchAction\",\"target\":{\"@type\":\"EntryPoint\",\"urlTemplate\":\"https:\/\/nordnesrepublikken.no\/?s={search_term_string}\"},\"query-input\":{\"@type\":\"PropertyValueSpecification\",\"valueRequired\":true,\"valueName\":\"search_term_string\"}}],\"inLanguage\":\"nb-NO\"},{\"@type\":\"Organization\",\"@id\":\"https:\/\/nordnesrepublikken.no\/#organization\",\"name\":\"Nordnesrepublikken\",\"url\":\"https:\/\/nordnesrepublikken.no\/\",\"logo\":{\"@type\":\"ImageObject\",\"inLanguage\":\"nb-NO\",\"@id\":\"https:\/\/nordnesrepublikken.no\/#\/schema\/logo\/image\/\",\"url\":\"https:\/\/nordnesrepublikken.no\/wp-content\/uploads\/2025\/02\/cropped-nordnesrepublikken-2.png\",\"contentUrl\":\"https:\/\/nordnesrepublikken.no\/wp-content\/uploads\/2025\/02\/cropped-nordnesrepublikken-2.png\",\"width\":1248,\"height\":362,\"caption\":\"Nordnesrepublikken\"},\"image\":{\"@id\":\"https:\/\/nordnesrepublikken.no\/#\/schema\/logo\/image\/\"}},{\"@type\":\"Person\",\"@id\":\"https:\/\/nordnesrepublikken.no\/#\/schema\/person\/2e7e81935bab77882fffb79296240ff1\",\"name\":\"Ole Andersen\",\"image\":{\"@type\":\"ImageObject\",\"inLanguage\":\"nb-NO\",\"@id\":\"https:\/\/nordnesrepublikken.no\/#\/schema\/person\/image\/\",\"url\":\"https:\/\/nordnesrepublikken.no\/wp-content\/uploads\/2025\/02\/nordnesrepublikken-2-2-150x150.jpg\",\"contentUrl\":\"https:\/\/nordnesrepublikken.no\/wp-content\/uploads\/2025\/02\/nordnesrepublikken-2-2-150x150.jpg\",\"caption\":\"Ole Andersen\"},\"description\":\"Ettersom jeg vokste opp i Oslo, har jeg alltid v\u00e6rt fascinert av ordenes kraft og deres evne til \u00e5 skape endringer. Etter \u00e5 ha fullf\u00f8rt min utdannelse i kommunikasjon ved Universitetet i Bergen, fikk jeg muligheten til \u00e5 jobbe innen ulike medier, der jeg har s\u00f8kt \u00e5 belyse viktige samfunnssp\u00f8rsm\u00e5l. I dag, som redakt\u00f8r for Nordnesrepublikken, pr\u00f8ver jeg \u00e5 forene min kj\u00e6rlighet for journalistikk med min lidenskap for innovasjon og eventyr.\",\"sameAs\":[\"https:\/\/nordnesrepublikken.no\/\"]}]}<\/script>\n<!-- \/ Yoast SEO plugin. -->","yoast_head_json":{"title":"Eiere av elektriske scootere puster lett ettersom Spania utsetter b\u00f8ter \u2013 men ikke alle er ute av kroken - Nordnesrepublikken","robots":{"index":"index","follow":"follow","max-snippet":"max-snippet:-1","max-image-preview":"max-image-preview:large","max-video-preview":"max-video-preview:-1"},"canonical":"https:\/\/nordnesrepublikken.no\/index.php\/2026\/01\/02\/eiere-av-elektriske-scootere-puster-lett-ettersom-spania-utsetter-boter-men-ikke-alle-er-ute-av-kroken\/","og_locale":"nb_NO","og_type":"article","og_title":"Eiere av elektriske scootere puster lett ettersom Spania utsetter b\u00f8ter \u2013 men ikke alle er ute av kroken - Nordnesrepublikken","og_description":"Hvis du kj\u00f8rer en elektrisk sparkesykkel i Spania, skulle starten p\u00e5 2026 komme med et","og_url":"https:\/\/nordnesrepublikken.no\/index.php\/2026\/01\/02\/eiere-av-elektriske-scootere-puster-lett-ettersom-spania-utsetter-boter-men-ikke-alle-er-ute-av-kroken\/","og_site_name":"Nordnesrepublikken","article_published_time":"2026-01-02T17:51:00+00:00","article_modified_time":"2026-01-02T17:51:02+00:00","og_image":[{"width":1200,"height":800,"url":"https:\/\/nordnesrepublikken.no\/wp-content\/uploads\/2026\/01\/1767376261_Eiere-av-elektriske-scootere-puster-lett-ettersom-Spania-utsetter-boter.jpg","type":"image\/jpeg"}],"author":"Ole Andersen","twitter_card":"summary_large_image","twitter_misc":{"Skrevet av":"Ole Andersen","Ansl. lesetid":"3 minutter"},"schema":{"@context":"https:\/\/schema.org","@graph":[{"@type":"Article","@id":"https:\/\/nordnesrepublikken.no\/index.php\/2026\/01\/02\/eiere-av-elektriske-scootere-puster-lett-ettersom-spania-utsetter-boter-men-ikke-alle-er-ute-av-kroken\/#article","isPartOf":{"@id":"https:\/\/nordnesrepublikken.no\/index.php\/2026\/01\/02\/eiere-av-elektriske-scootere-puster-lett-ettersom-spania-utsetter-boter-men-ikke-alle-er-ute-av-kroken\/"},"author":{"name":"Ole Andersen","@id":"https:\/\/nordnesrepublikken.no\/#\/schema\/person\/2e7e81935bab77882fffb79296240ff1"},"headline":"Eiere av elektriske scootere puster lett ettersom Spania utsetter b\u00f8ter \u2013 men ikke alle er ute av kroken","datePublished":"2026-01-02T17:51:00+00:00","dateModified":"2026-01-02T17:51:02+00:00","mainEntityOfPage":{"@id":"https:\/\/nordnesrepublikken.no\/index.php\/2026\/01\/02\/eiere-av-elektriske-scootere-puster-lett-ettersom-spania-utsetter-boter-men-ikke-alle-er-ute-av-kroken\/"},"wordCount":699,"publisher":{"@id":"https:\/\/nordnesrepublikken.no\/#organization"},"image":{"@id":"https:\/\/nordnesrepublikken.no\/index.php\/2026\/01\/02\/eiere-av-elektriske-scootere-puster-lett-ettersom-spania-utsetter-boter-men-ikke-alle-er-ute-av-kroken\/#primaryimage"},"thumbnailUrl":"https:\/\/nordnesrepublikken.no\/wp-content\/uploads\/2026\/01\/1767376261_Eiere-av-elektriske-scootere-puster-lett-ettersom-Spania-utsetter-boter.jpg","keywords":["alle","b\u00f8ter","eiere","elektriske","Ettersom","ikke","kroken","lett","men","puster","scootere","Spania","ute","utsetter"],"articleSection":["Livsstil"],"inLanguage":"nb-NO"},{"@type":"WebPage","@id":"https:\/\/nordnesrepublikken.no\/index.php\/2026\/01\/02\/eiere-av-elektriske-scootere-puster-lett-ettersom-spania-utsetter-boter-men-ikke-alle-er-ute-av-kroken\/","url":"https:\/\/nordnesrepublikken.no\/index.php\/2026\/01\/02\/eiere-av-elektriske-scootere-puster-lett-ettersom-spania-utsetter-boter-men-ikke-alle-er-ute-av-kroken\/","name":"Eiere av elektriske scootere puster lett ettersom Spania utsetter b\u00f8ter \u2013 men ikke alle er ute av kroken - Nordnesrepublikken","isPartOf":{"@id":"https:\/\/nordnesrepublikken.no\/#website"},"primaryImageOfPage":{"@id":"https:\/\/nordnesrepublikken.no\/index.php\/2026\/01\/02\/eiere-av-elektriske-scootere-puster-lett-ettersom-spania-utsetter-boter-men-ikke-alle-er-ute-av-kroken\/#primaryimage"},"image":{"@id":"https:\/\/nordnesrepublikken.no\/index.php\/2026\/01\/02\/eiere-av-elektriske-scootere-puster-lett-ettersom-spania-utsetter-boter-men-ikke-alle-er-ute-av-kroken\/#primaryimage"},"thumbnailUrl":"https:\/\/nordnesrepublikken.no\/wp-content\/uploads\/2026\/01\/1767376261_Eiere-av-elektriske-scootere-puster-lett-ettersom-Spania-utsetter-boter.jpg","datePublished":"2026-01-02T17:51:00+00:00","dateModified":"2026-01-02T17:51:02+00:00","breadcrumb":{"@id":"https:\/\/nordnesrepublikken.no\/index.php\/2026\/01\/02\/eiere-av-elektriske-scootere-puster-lett-ettersom-spania-utsetter-boter-men-ikke-alle-er-ute-av-kroken\/#breadcrumb"},"inLanguage":"nb-NO","potentialAction":[{"@type":"ReadAction","target":["https:\/\/nordnesrepublikken.no\/index.php\/2026\/01\/02\/eiere-av-elektriske-scootere-puster-lett-ettersom-spania-utsetter-boter-men-ikke-alle-er-ute-av-kroken\/"]}]},{"@type":"ImageObject","inLanguage":"nb-NO","@id":"https:\/\/nordnesrepublikken.no\/index.php\/2026\/01\/02\/eiere-av-elektriske-scootere-puster-lett-ettersom-spania-utsetter-boter-men-ikke-alle-er-ute-av-kroken\/#primaryimage","url":"https:\/\/nordnesrepublikken.no\/wp-content\/uploads\/2026\/01\/1767376261_Eiere-av-elektriske-scootere-puster-lett-ettersom-Spania-utsetter-boter.jpg","contentUrl":"https:\/\/nordnesrepublikken.no\/wp-content\/uploads\/2026\/01\/1767376261_Eiere-av-elektriske-scootere-puster-lett-ettersom-Spania-utsetter-boter.jpg","width":1200,"height":800,"caption":"Eiere av elektriske scootere puster lett ettersom Spania utsetter b\u00f8ter \u2013 men ikke alle er ute av kroken"},{"@type":"BreadcrumbList","@id":"https:\/\/nordnesrepublikken.no\/index.php\/2026\/01\/02\/eiere-av-elektriske-scootere-puster-lett-ettersom-spania-utsetter-boter-men-ikke-alle-er-ute-av-kroken\/#breadcrumb","itemListElement":[{"@type":"ListItem","position":1,"name":"Home","item":"https:\/\/nordnesrepublikken.no\/"},{"@type":"ListItem","position":2,"name":"Eiere av elektriske scootere puster lett ettersom Spania utsetter b\u00f8ter \u2013 men ikke alle er ute av kroken"}]},{"@type":"WebSite","@id":"https:\/\/nordnesrepublikken.no\/#website","url":"https:\/\/nordnesrepublikken.no\/","name":"Nordnesrepublikken","description":"Stemmer og Visjoner fra Republikkens Hjerte","publisher":{"@id":"https:\/\/nordnesrepublikken.no\/#organization"},"potentialAction":[{"@type":"SearchAction","target":{"@type":"EntryPoint","urlTemplate":"https:\/\/nordnesrepublikken.no\/?s={search_term_string}"},"query-input":{"@type":"PropertyValueSpecification","valueRequired":true,"valueName":"search_term_string"}}],"inLanguage":"nb-NO"},{"@type":"Organization","@id":"https:\/\/nordnesrepublikken.no\/#organization","name":"Nordnesrepublikken","url":"https:\/\/nordnesrepublikken.no\/","logo":{"@type":"ImageObject","inLanguage":"nb-NO","@id":"https:\/\/nordnesrepublikken.no\/#\/schema\/logo\/image\/","url":"https:\/\/nordnesrepublikken.no\/wp-content\/uploads\/2025\/02\/cropped-nordnesrepublikken-2.png","contentUrl":"https:\/\/nordnesrepublikken.no\/wp-content\/uploads\/2025\/02\/cropped-nordnesrepublikken-2.png","width":1248,"height":362,"caption":"Nordnesrepublikken"},"image":{"@id":"https:\/\/nordnesrepublikken.no\/#\/schema\/logo\/image\/"}},{"@type":"Person","@id":"https:\/\/nordnesrepublikken.no\/#\/schema\/person\/2e7e81935bab77882fffb79296240ff1","name":"Ole Andersen","image":{"@type":"ImageObject","inLanguage":"nb-NO","@id":"https:\/\/nordnesrepublikken.no\/#\/schema\/person\/image\/","url":"https:\/\/nordnesrepublikken.no\/wp-content\/uploads\/2025\/02\/nordnesrepublikken-2-2-150x150.jpg","contentUrl":"https:\/\/nordnesrepublikken.no\/wp-content\/uploads\/2025\/02\/nordnesrepublikken-2-2-150x150.jpg","caption":"Ole Andersen"},"description":"Ettersom jeg vokste opp i Oslo, har jeg alltid v\u00e6rt fascinert av ordenes kraft og deres evne til \u00e5 skape endringer. Etter \u00e5 ha fullf\u00f8rt min utdannelse i kommunikasjon ved Universitetet i Bergen, fikk jeg muligheten til \u00e5 jobbe innen ulike medier, der jeg har s\u00f8kt \u00e5 belyse viktige samfunnssp\u00f8rsm\u00e5l. I dag, som redakt\u00f8r for Nordnesrepublikken, pr\u00f8ver jeg \u00e5 forene min kj\u00e6rlighet for journalistikk med min lidenskap for innovasjon og eventyr.","sameAs":["https:\/\/nordnesrepublikken.no\/"]}]}},"_links":{"self":[{"href":"https:\/\/nordnesrepublikken.no\/index.php\/wp-json\/wp\/v2\/posts\/13440","targetHints":{"allow":["GET"]}}],"collection":[{"href":"https:\/\/nordnesrepublikken.no\/index.php\/wp-json\/wp\/v2\/posts"}],"about":[{"href":"https:\/\/nordnesrepublikken.no\/index.php\/wp-json\/wp\/v2\/types\/post"}],"author":[{"embeddable":true,"href":"https:\/\/nordnesrepublikken.no\/index.php\/wp-json\/wp\/v2\/users\/1"}],"replies":[{"embeddable":true,"href":"https:\/\/nordnesrepublikken.no\/index.php\/wp-json\/wp\/v2\/comments?post=13440"}],"version-history":[{"count":1,"href":"https:\/\/nordnesrepublikken.no\/index.php\/wp-json\/wp\/v2\/posts\/13440\/revisions"}],"predecessor-version":[{"id":13442,"href":"https:\/\/nordnesrepublikken.no\/index.php\/wp-json\/wp\/v2\/posts\/13440\/revisions\/13442"}],"wp:featuredmedia":[{"embeddable":true,"href":"https:\/\/nordnesrepublikken.no\/index.php\/wp-json\/wp\/v2\/media\/13441"}],"wp:attachment":[{"href":"https:\/\/nordnesrepublikken.no\/index.php\/wp-json\/wp\/v2\/media?parent=13440"}],"wp:term":[{"taxonomy":"category","embeddable":true,"href":"https:\/\/nordnesrepublikken.no\/index.php\/wp-json\/wp\/v2\/categories?post=13440"},{"taxonomy":"post_tag","embeddable":true,"href":"https:\/\/nordnesrepublikken.no\/index.php\/wp-json\/wp\/v2\/tags?post=13440"}],"curies":[{"name":"wp","href":"https:\/\/api.w.org\/{rel}","templated":true}]}}