{"id":13434,"date":"2026-01-02T15:52:19","date_gmt":"2026-01-02T14:52:19","guid":{"rendered":"https:\/\/nordnesrepublikken.no\/index.php\/2026\/01\/02\/femtrinnsmodellen\/"},"modified":"2026-01-02T15:52:25","modified_gmt":"2026-01-02T14:52:25","slug":"femtrinnsmodellen","status":"publish","type":"post","link":"https:\/\/nordnesrepublikken.no\/index.php\/2026\/01\/02\/femtrinnsmodellen\/","title":{"rendered":"femtrinnsmodellen"},"content":{"rendered":"<div>\n<div class=\"cp_wrapper cp_wrapper--fw mb-30 mb-20@tablet\">\n<figure class=\"mm\"><picture class=\"img\" style=\"padding-top:56.25%\"><source  media=\"(min-width: 1024px)\"><source  media=\"(min-width: 768px)\"><\/source><\/source><\/picture><\/figure>\n<\/p><\/div>\n<p>Der <strong>Crans-Montana tragedie<\/strong>i Sveits, p\u00e5virker spesielt opinionen i lys av et tilsynelatende veldig enkelt sp\u00f8rsm\u00e5l: hvordan kan en liten lokalisert brann bli s\u00e5 stor og s\u00e5 raskt at den for\u00e5rsaker dusinvis av ofre p\u00e5 bare noen f\u00e5 minutter? I en film som g\u00e5r mye rundt for tiden, og som vi legger ved denne artikkelen, kan du se en <strong>brann alt i alt inneholdt<\/strong> i taket p\u00e5 det lokale teateret for tragedien, noe som ikke ser ut til \u00e5 bekymre barna i rommet spesielt. I l\u00f8pet av f\u00e5 minutter ville det imidlertid v\u00e6rt 47 bekreftede d\u00f8dsfall og over 100 skadet. Faktisk, det <strong>utvikling av brann i et lukket milj\u00f8<\/strong> det er mye mer komplekst enn det kan virke ved f\u00f8rste \u00f8yekast, og \u00e5 kjenne til dynamikken kan hjelpe oss med \u00e5 h\u00e5ndtere en n\u00f8dsituasjon og til og med redde livene v\u00e5re i de verste tilfellene.<\/p>\n<p>Fra et rent vitenskapelig synspunkt finnes det ulike modeller som beskriver utviklingen av en brann i et avgrenset milj\u00f8 i frav\u00e6r av noen inngrep. Konseptuelt forutsier imidlertid en innesluttet brann <strong>5 faser<\/strong>:<\/p>\n<ol>\n<li>tenning;<\/li>\n<li>vekst;<\/li>\n<li>blinkskudd;<\/li>\n<li>fullstendig utvikling;<\/li>\n<li>forfall.<\/li>\n<\/ol>\n<p>Kvantitativt er fasene avgrenset av temperaturens oppf\u00f8rsel som funksjon av tid, som du kan se i grafen under.<\/p>\n<div class=\"cp_wrapper cp_wrapper--fw mb-50\">\n<figure class=\"mm\"><picture class=\"img\" style=\"padding-top:49.815043156597%\"><source  media=\"(min-width: 1024px)\"><source  media=\"(min-width: 768px)\"><img decoding=\"async\" loading=\"lazy\" src=\"https:\/\/nordnesrepublikken.no\/wp-content\/uploads\/2026\/01\/1767365539_131_femtrinnsmodellen.jpg\" alt=\"brannfaser\" width=\"1622\" height=\"808\"\/><\/source><\/source><\/picture><\/figure>\n<\/p><\/div>\n<p>DE&#8217;<strong>tenning<\/strong> det kan v\u00e6re for\u00e5rsaket av en gnist, en flamme, en gl\u00f8r, lyn eller generelt ethvert element som kan gi en stor, veldig konsentrert mengde varme. Overflaten der tenningen er plassert skal inneholde materialer som kan fungere som <strong>drivstoff<\/strong>vanligvis i fast form. Til \u00e5 begynne med skjer det imidlertid ingen forbrenning: varmen bryter ned en del av dette materialet uten \u00e5 produsere flammer, i en prosess som kalles <strong>pyrolyse<\/strong> som ikke involverer oksygen og produserer flyktige gasser som l\u00f8ses opp i luften.<\/p>\n<p>P\u00e5 dette tidspunktet er det fasen <strong>vekst<\/strong>hvor flammene sprer seg og temperaturen stiger. Dette skjer fordi varmen som produseres av flammene n\u00e5r (ogs\u00e5 takket v\u00e6re de varme gassene som utvikles under tenningsfasen) omkringliggende overflater som n\u00e5r de er tilstrekkelig oppvarmet, begynner \u00e5 ta fyr. De <strong>vekstrate<\/strong> av en brann avhenger av mange variabler, inkludert typen brennbart materiale, mengden av <strong>oksygen<\/strong> n\u00f8dvendig for at forbrenning skal skje, og s\u00e5 videre. De varme gassene, og derfor ikke s\u00e6rlig tette, stiger ved oppdrift og samler seg i den \u00f8vre delen av milj\u00f8et. Det produseres ogs\u00e5 <strong>r\u00f8yk<\/strong> p\u00e5 grunn av ufullstendig forbrenning av ulike materialer.<\/p>\n<p>Fasen av <strong>flashover <\/strong>det er &laquo;vendepunktet&raquo; for en brann av denne typen, og ofte ogs\u00e5 punktet uten \u00e5 vende tilbake. De varme gassene \u00f8ker temperaturen ytterligere (opptil ca <strong>600\u00b0C<\/strong>), slipper ut stadig st\u00f8rre mengder av <strong>termisk str\u00e5ling<\/strong>som ender opp med \u00e5 treffe alle brennbare overflater i rommet. P\u00e5 et visst tidspunkt kan disse materialene ikke lenger akkumulere varme: vekstfasen slutter og alle overflater av brennbart materiale p\u00e5virkes av flammene. Brannen ble <strong>generalisert<\/strong>. Dette er kanskje den minst intuitive delen av prosessen: termisk str\u00e5ling f\u00f8rer til at hele den brennbare overflaten av milj\u00f8et blir innhyllet i flammer <strong>samtidig<\/strong>i tider som kan variere fra noen f\u00e5 sekunder til noen f\u00e5 minutter avhengig av de spesifikke situasjonene. Hvis dette hadde skjedd i baren i Crans-Montana, ville det forklare \u2013 i hvert fall delvis \u2013 hvordan den relativt begrensede brannen vi ser i opptakene f\u00f8rte til at nesten femti mennesker d\u00f8de. Kort sagt, i et lukket og isolert milj\u00f8 &#8211; som kjellerrommet til den sveitsiske baren &#8211; ogs\u00e5<strong> en liten brann som virker lite truende kan bli en d\u00f8delig brann n\u00e5r som helst<\/strong>.<\/p>\n<p>I fasen av <strong>fullstendig utvikling<\/strong> alt som kan brenne brenner. Temperaturen n\u00e5r sin maksimale verdi (vanligvis <strong>mellom 700 \u00b0C og 1200 \u00b0C<\/strong>) og varmeutslippsraten n\u00e5r ogs\u00e5 sitt maksimum. Begge verdiene avhenger vanligvis av <strong>tilgjengeligheten av oksygen<\/strong> tilstede i milj\u00f8et samt mengden og typen materialer som forbrennes. For eksempel kan et lukket, men godt ventilert rom alltid regne med at nytt oksygen kommer inn fra det ytre milj\u00f8et, og dermed kan hele utviklingsfasen forlenges betraktelig over tid.<\/p>\n<p>Endelig har vi fasen med <strong>forfall<\/strong>hvor temperaturen og hastigheten for varmeutslipp synker til helt null. Denne fasen begynner n\u00e5r en eller flere av de tre &laquo;ingrediensene&raquo; som er n\u00f8dvendige for \u00e5 opprettholde en brann begynner \u00e5 ta slutt: <strong>oksidasjonsmiddel<\/strong> (dvs. oksygen), den <strong>brensel<\/strong> (hva som brenner) og <strong>varme<\/strong>. I et godt isolert rom, for eksempel, synker konsentrasjonen av oksygen gradvis, ettersom dette elementet reagerer med drivstoff. Prosentandelen av oksygen i luften er 21 % under normale forhold; n\u00e5r den synker under <strong>16 %<\/strong>flammen har en tendens til \u00e5 ikke lenger v\u00e6re i stand til \u00e5 opprettholde seg selv. Til syvende og sist er brannslokkingsutstyr verkt\u00f8y som forutser eller akselererer nedgangsfasen, og fjerner varme og\/eller drivstoff og\/eller oksidasjonsmiddel fra brannstedet.<\/p>\n<\/p><\/div>\n","protected":false},"excerpt":{"rendered":"<p>Der Crans-Montana tragediei Sveits, p\u00e5virker spesielt opinionen i lys av et tilsynelatende veldig enkelt sp\u00f8rsm\u00e5l:<\/p>\n","protected":false},"author":1,"featured_media":13435,"comment_status":"closed","ping_status":"open","sticky":false,"template":"","format":"standard","meta":{"footnotes":""},"categories":[24],"tags":[8838],"class_list":["post-13434","post","type-post","status-publish","format-standard","has-post-thumbnail","hentry","category-vitenskap","tag-femtrinnsmodellen","generate-columns","tablet-grid-50","mobile-grid-100","grid-parent","grid-33","resize-featured-image"],"yoast_head":"<!-- This site is optimized with the Yoast SEO plugin v24.4 - https:\/\/yoast.com\/wordpress\/plugins\/seo\/ -->\n<title>femtrinnsmodellen - Nordnesrepublikken<\/title>\n<meta name=\"robots\" content=\"index, follow, max-snippet:-1, max-image-preview:large, max-video-preview:-1\" \/>\n<link rel=\"canonical\" href=\"https:\/\/nordnesrepublikken.no\/index.php\/2026\/01\/02\/femtrinnsmodellen\/\" \/>\n<meta property=\"og:locale\" content=\"nb_NO\" \/>\n<meta property=\"og:type\" content=\"article\" \/>\n<meta property=\"og:title\" content=\"femtrinnsmodellen - Nordnesrepublikken\" \/>\n<meta property=\"og:description\" content=\"Der Crans-Montana tragediei Sveits, p\u00e5virker spesielt opinionen i lys av et tilsynelatende veldig enkelt sp\u00f8rsm\u00e5l:\" \/>\n<meta property=\"og:url\" content=\"https:\/\/nordnesrepublikken.no\/index.php\/2026\/01\/02\/femtrinnsmodellen\/\" \/>\n<meta property=\"og:site_name\" content=\"Nordnesrepublikken\" \/>\n<meta property=\"article:published_time\" content=\"2026-01-02T14:52:19+00:00\" \/>\n<meta property=\"article:modified_time\" content=\"2026-01-02T14:52:25+00:00\" \/>\n<meta property=\"og:image\" content=\"https:\/\/nordnesrepublikken.no\/wp-content\/uploads\/2026\/01\/1767365541_femtrinnsmodellen.jpg\" \/>\n\t<meta property=\"og:image:width\" content=\"2560\" \/>\n\t<meta property=\"og:image:height\" content=\"1440\" \/>\n\t<meta property=\"og:image:type\" content=\"image\/jpeg\" \/>\n<meta name=\"author\" content=\"Ole Andersen\" \/>\n<meta name=\"twitter:card\" content=\"summary_large_image\" \/>\n<meta name=\"twitter:label1\" content=\"Skrevet av\" \/>\n\t<meta name=\"twitter:data1\" content=\"Ole Andersen\" \/>\n\t<meta name=\"twitter:label2\" content=\"Ansl. lesetid\" \/>\n\t<meta name=\"twitter:data2\" content=\"4 minutter\" \/>\n<script type=\"application\/ld+json\" class=\"yoast-schema-graph\">{\"@context\":\"https:\/\/schema.org\",\"@graph\":[{\"@type\":\"Article\",\"@id\":\"https:\/\/nordnesrepublikken.no\/index.php\/2026\/01\/02\/femtrinnsmodellen\/#article\",\"isPartOf\":{\"@id\":\"https:\/\/nordnesrepublikken.no\/index.php\/2026\/01\/02\/femtrinnsmodellen\/\"},\"author\":{\"name\":\"Ole Andersen\",\"@id\":\"https:\/\/nordnesrepublikken.no\/#\/schema\/person\/2e7e81935bab77882fffb79296240ff1\"},\"headline\":\"femtrinnsmodellen\",\"datePublished\":\"2026-01-02T14:52:19+00:00\",\"dateModified\":\"2026-01-02T14:52:25+00:00\",\"mainEntityOfPage\":{\"@id\":\"https:\/\/nordnesrepublikken.no\/index.php\/2026\/01\/02\/femtrinnsmodellen\/\"},\"wordCount\":783,\"publisher\":{\"@id\":\"https:\/\/nordnesrepublikken.no\/#organization\"},\"image\":{\"@id\":\"https:\/\/nordnesrepublikken.no\/index.php\/2026\/01\/02\/femtrinnsmodellen\/#primaryimage\"},\"thumbnailUrl\":\"https:\/\/nordnesrepublikken.no\/wp-content\/uploads\/2026\/01\/1767365541_femtrinnsmodellen.jpg\",\"keywords\":[\"femtrinnsmodellen\"],\"articleSection\":[\"Vitenskap\"],\"inLanguage\":\"nb-NO\"},{\"@type\":\"WebPage\",\"@id\":\"https:\/\/nordnesrepublikken.no\/index.php\/2026\/01\/02\/femtrinnsmodellen\/\",\"url\":\"https:\/\/nordnesrepublikken.no\/index.php\/2026\/01\/02\/femtrinnsmodellen\/\",\"name\":\"femtrinnsmodellen - Nordnesrepublikken\",\"isPartOf\":{\"@id\":\"https:\/\/nordnesrepublikken.no\/#website\"},\"primaryImageOfPage\":{\"@id\":\"https:\/\/nordnesrepublikken.no\/index.php\/2026\/01\/02\/femtrinnsmodellen\/#primaryimage\"},\"image\":{\"@id\":\"https:\/\/nordnesrepublikken.no\/index.php\/2026\/01\/02\/femtrinnsmodellen\/#primaryimage\"},\"thumbnailUrl\":\"https:\/\/nordnesrepublikken.no\/wp-content\/uploads\/2026\/01\/1767365541_femtrinnsmodellen.jpg\",\"datePublished\":\"2026-01-02T14:52:19+00:00\",\"dateModified\":\"2026-01-02T14:52:25+00:00\",\"breadcrumb\":{\"@id\":\"https:\/\/nordnesrepublikken.no\/index.php\/2026\/01\/02\/femtrinnsmodellen\/#breadcrumb\"},\"inLanguage\":\"nb-NO\",\"potentialAction\":[{\"@type\":\"ReadAction\",\"target\":[\"https:\/\/nordnesrepublikken.no\/index.php\/2026\/01\/02\/femtrinnsmodellen\/\"]}]},{\"@type\":\"ImageObject\",\"inLanguage\":\"nb-NO\",\"@id\":\"https:\/\/nordnesrepublikken.no\/index.php\/2026\/01\/02\/femtrinnsmodellen\/#primaryimage\",\"url\":\"https:\/\/nordnesrepublikken.no\/wp-content\/uploads\/2026\/01\/1767365541_femtrinnsmodellen.jpg\",\"contentUrl\":\"https:\/\/nordnesrepublikken.no\/wp-content\/uploads\/2026\/01\/1767365541_femtrinnsmodellen.jpg\",\"width\":2560,\"height\":1440,\"caption\":\"femtrinnsmodellen\"},{\"@type\":\"BreadcrumbList\",\"@id\":\"https:\/\/nordnesrepublikken.no\/index.php\/2026\/01\/02\/femtrinnsmodellen\/#breadcrumb\",\"itemListElement\":[{\"@type\":\"ListItem\",\"position\":1,\"name\":\"Home\",\"item\":\"https:\/\/nordnesrepublikken.no\/\"},{\"@type\":\"ListItem\",\"position\":2,\"name\":\"femtrinnsmodellen\"}]},{\"@type\":\"WebSite\",\"@id\":\"https:\/\/nordnesrepublikken.no\/#website\",\"url\":\"https:\/\/nordnesrepublikken.no\/\",\"name\":\"Nordnesrepublikken\",\"description\":\"Stemmer og Visjoner fra Republikkens Hjerte\",\"publisher\":{\"@id\":\"https:\/\/nordnesrepublikken.no\/#organization\"},\"potentialAction\":[{\"@type\":\"SearchAction\",\"target\":{\"@type\":\"EntryPoint\",\"urlTemplate\":\"https:\/\/nordnesrepublikken.no\/?s={search_term_string}\"},\"query-input\":{\"@type\":\"PropertyValueSpecification\",\"valueRequired\":true,\"valueName\":\"search_term_string\"}}],\"inLanguage\":\"nb-NO\"},{\"@type\":\"Organization\",\"@id\":\"https:\/\/nordnesrepublikken.no\/#organization\",\"name\":\"Nordnesrepublikken\",\"url\":\"https:\/\/nordnesrepublikken.no\/\",\"logo\":{\"@type\":\"ImageObject\",\"inLanguage\":\"nb-NO\",\"@id\":\"https:\/\/nordnesrepublikken.no\/#\/schema\/logo\/image\/\",\"url\":\"https:\/\/nordnesrepublikken.no\/wp-content\/uploads\/2025\/02\/cropped-nordnesrepublikken-2.png\",\"contentUrl\":\"https:\/\/nordnesrepublikken.no\/wp-content\/uploads\/2025\/02\/cropped-nordnesrepublikken-2.png\",\"width\":1248,\"height\":362,\"caption\":\"Nordnesrepublikken\"},\"image\":{\"@id\":\"https:\/\/nordnesrepublikken.no\/#\/schema\/logo\/image\/\"}},{\"@type\":\"Person\",\"@id\":\"https:\/\/nordnesrepublikken.no\/#\/schema\/person\/2e7e81935bab77882fffb79296240ff1\",\"name\":\"Ole Andersen\",\"image\":{\"@type\":\"ImageObject\",\"inLanguage\":\"nb-NO\",\"@id\":\"https:\/\/nordnesrepublikken.no\/#\/schema\/person\/image\/\",\"url\":\"https:\/\/nordnesrepublikken.no\/wp-content\/uploads\/2025\/02\/nordnesrepublikken-2-2-150x150.jpg\",\"contentUrl\":\"https:\/\/nordnesrepublikken.no\/wp-content\/uploads\/2025\/02\/nordnesrepublikken-2-2-150x150.jpg\",\"caption\":\"Ole Andersen\"},\"description\":\"Ettersom jeg vokste opp i Oslo, har jeg alltid v\u00e6rt fascinert av ordenes kraft og deres evne til \u00e5 skape endringer. Etter \u00e5 ha fullf\u00f8rt min utdannelse i kommunikasjon ved Universitetet i Bergen, fikk jeg muligheten til \u00e5 jobbe innen ulike medier, der jeg har s\u00f8kt \u00e5 belyse viktige samfunnssp\u00f8rsm\u00e5l. I dag, som redakt\u00f8r for Nordnesrepublikken, pr\u00f8ver jeg \u00e5 forene min kj\u00e6rlighet for journalistikk med min lidenskap for innovasjon og eventyr.\",\"sameAs\":[\"https:\/\/nordnesrepublikken.no\/\"]}]}<\/script>\n<!-- \/ Yoast SEO plugin. -->","yoast_head_json":{"title":"femtrinnsmodellen - Nordnesrepublikken","robots":{"index":"index","follow":"follow","max-snippet":"max-snippet:-1","max-image-preview":"max-image-preview:large","max-video-preview":"max-video-preview:-1"},"canonical":"https:\/\/nordnesrepublikken.no\/index.php\/2026\/01\/02\/femtrinnsmodellen\/","og_locale":"nb_NO","og_type":"article","og_title":"femtrinnsmodellen - Nordnesrepublikken","og_description":"Der Crans-Montana tragediei Sveits, p\u00e5virker spesielt opinionen i lys av et tilsynelatende veldig enkelt sp\u00f8rsm\u00e5l:","og_url":"https:\/\/nordnesrepublikken.no\/index.php\/2026\/01\/02\/femtrinnsmodellen\/","og_site_name":"Nordnesrepublikken","article_published_time":"2026-01-02T14:52:19+00:00","article_modified_time":"2026-01-02T14:52:25+00:00","og_image":[{"width":2560,"height":1440,"url":"https:\/\/nordnesrepublikken.no\/wp-content\/uploads\/2026\/01\/1767365541_femtrinnsmodellen.jpg","type":"image\/jpeg"}],"author":"Ole Andersen","twitter_card":"summary_large_image","twitter_misc":{"Skrevet av":"Ole Andersen","Ansl. lesetid":"4 minutter"},"schema":{"@context":"https:\/\/schema.org","@graph":[{"@type":"Article","@id":"https:\/\/nordnesrepublikken.no\/index.php\/2026\/01\/02\/femtrinnsmodellen\/#article","isPartOf":{"@id":"https:\/\/nordnesrepublikken.no\/index.php\/2026\/01\/02\/femtrinnsmodellen\/"},"author":{"name":"Ole Andersen","@id":"https:\/\/nordnesrepublikken.no\/#\/schema\/person\/2e7e81935bab77882fffb79296240ff1"},"headline":"femtrinnsmodellen","datePublished":"2026-01-02T14:52:19+00:00","dateModified":"2026-01-02T14:52:25+00:00","mainEntityOfPage":{"@id":"https:\/\/nordnesrepublikken.no\/index.php\/2026\/01\/02\/femtrinnsmodellen\/"},"wordCount":783,"publisher":{"@id":"https:\/\/nordnesrepublikken.no\/#organization"},"image":{"@id":"https:\/\/nordnesrepublikken.no\/index.php\/2026\/01\/02\/femtrinnsmodellen\/#primaryimage"},"thumbnailUrl":"https:\/\/nordnesrepublikken.no\/wp-content\/uploads\/2026\/01\/1767365541_femtrinnsmodellen.jpg","keywords":["femtrinnsmodellen"],"articleSection":["Vitenskap"],"inLanguage":"nb-NO"},{"@type":"WebPage","@id":"https:\/\/nordnesrepublikken.no\/index.php\/2026\/01\/02\/femtrinnsmodellen\/","url":"https:\/\/nordnesrepublikken.no\/index.php\/2026\/01\/02\/femtrinnsmodellen\/","name":"femtrinnsmodellen - Nordnesrepublikken","isPartOf":{"@id":"https:\/\/nordnesrepublikken.no\/#website"},"primaryImageOfPage":{"@id":"https:\/\/nordnesrepublikken.no\/index.php\/2026\/01\/02\/femtrinnsmodellen\/#primaryimage"},"image":{"@id":"https:\/\/nordnesrepublikken.no\/index.php\/2026\/01\/02\/femtrinnsmodellen\/#primaryimage"},"thumbnailUrl":"https:\/\/nordnesrepublikken.no\/wp-content\/uploads\/2026\/01\/1767365541_femtrinnsmodellen.jpg","datePublished":"2026-01-02T14:52:19+00:00","dateModified":"2026-01-02T14:52:25+00:00","breadcrumb":{"@id":"https:\/\/nordnesrepublikken.no\/index.php\/2026\/01\/02\/femtrinnsmodellen\/#breadcrumb"},"inLanguage":"nb-NO","potentialAction":[{"@type":"ReadAction","target":["https:\/\/nordnesrepublikken.no\/index.php\/2026\/01\/02\/femtrinnsmodellen\/"]}]},{"@type":"ImageObject","inLanguage":"nb-NO","@id":"https:\/\/nordnesrepublikken.no\/index.php\/2026\/01\/02\/femtrinnsmodellen\/#primaryimage","url":"https:\/\/nordnesrepublikken.no\/wp-content\/uploads\/2026\/01\/1767365541_femtrinnsmodellen.jpg","contentUrl":"https:\/\/nordnesrepublikken.no\/wp-content\/uploads\/2026\/01\/1767365541_femtrinnsmodellen.jpg","width":2560,"height":1440,"caption":"femtrinnsmodellen"},{"@type":"BreadcrumbList","@id":"https:\/\/nordnesrepublikken.no\/index.php\/2026\/01\/02\/femtrinnsmodellen\/#breadcrumb","itemListElement":[{"@type":"ListItem","position":1,"name":"Home","item":"https:\/\/nordnesrepublikken.no\/"},{"@type":"ListItem","position":2,"name":"femtrinnsmodellen"}]},{"@type":"WebSite","@id":"https:\/\/nordnesrepublikken.no\/#website","url":"https:\/\/nordnesrepublikken.no\/","name":"Nordnesrepublikken","description":"Stemmer og Visjoner fra Republikkens Hjerte","publisher":{"@id":"https:\/\/nordnesrepublikken.no\/#organization"},"potentialAction":[{"@type":"SearchAction","target":{"@type":"EntryPoint","urlTemplate":"https:\/\/nordnesrepublikken.no\/?s={search_term_string}"},"query-input":{"@type":"PropertyValueSpecification","valueRequired":true,"valueName":"search_term_string"}}],"inLanguage":"nb-NO"},{"@type":"Organization","@id":"https:\/\/nordnesrepublikken.no\/#organization","name":"Nordnesrepublikken","url":"https:\/\/nordnesrepublikken.no\/","logo":{"@type":"ImageObject","inLanguage":"nb-NO","@id":"https:\/\/nordnesrepublikken.no\/#\/schema\/logo\/image\/","url":"https:\/\/nordnesrepublikken.no\/wp-content\/uploads\/2025\/02\/cropped-nordnesrepublikken-2.png","contentUrl":"https:\/\/nordnesrepublikken.no\/wp-content\/uploads\/2025\/02\/cropped-nordnesrepublikken-2.png","width":1248,"height":362,"caption":"Nordnesrepublikken"},"image":{"@id":"https:\/\/nordnesrepublikken.no\/#\/schema\/logo\/image\/"}},{"@type":"Person","@id":"https:\/\/nordnesrepublikken.no\/#\/schema\/person\/2e7e81935bab77882fffb79296240ff1","name":"Ole Andersen","image":{"@type":"ImageObject","inLanguage":"nb-NO","@id":"https:\/\/nordnesrepublikken.no\/#\/schema\/person\/image\/","url":"https:\/\/nordnesrepublikken.no\/wp-content\/uploads\/2025\/02\/nordnesrepublikken-2-2-150x150.jpg","contentUrl":"https:\/\/nordnesrepublikken.no\/wp-content\/uploads\/2025\/02\/nordnesrepublikken-2-2-150x150.jpg","caption":"Ole Andersen"},"description":"Ettersom jeg vokste opp i Oslo, har jeg alltid v\u00e6rt fascinert av ordenes kraft og deres evne til \u00e5 skape endringer. Etter \u00e5 ha fullf\u00f8rt min utdannelse i kommunikasjon ved Universitetet i Bergen, fikk jeg muligheten til \u00e5 jobbe innen ulike medier, der jeg har s\u00f8kt \u00e5 belyse viktige samfunnssp\u00f8rsm\u00e5l. I dag, som redakt\u00f8r for Nordnesrepublikken, pr\u00f8ver jeg \u00e5 forene min kj\u00e6rlighet for journalistikk med min lidenskap for innovasjon og eventyr.","sameAs":["https:\/\/nordnesrepublikken.no\/"]}]}},"_links":{"self":[{"href":"https:\/\/nordnesrepublikken.no\/index.php\/wp-json\/wp\/v2\/posts\/13434","targetHints":{"allow":["GET"]}}],"collection":[{"href":"https:\/\/nordnesrepublikken.no\/index.php\/wp-json\/wp\/v2\/posts"}],"about":[{"href":"https:\/\/nordnesrepublikken.no\/index.php\/wp-json\/wp\/v2\/types\/post"}],"author":[{"embeddable":true,"href":"https:\/\/nordnesrepublikken.no\/index.php\/wp-json\/wp\/v2\/users\/1"}],"replies":[{"embeddable":true,"href":"https:\/\/nordnesrepublikken.no\/index.php\/wp-json\/wp\/v2\/comments?post=13434"}],"version-history":[{"count":1,"href":"https:\/\/nordnesrepublikken.no\/index.php\/wp-json\/wp\/v2\/posts\/13434\/revisions"}],"predecessor-version":[{"id":13436,"href":"https:\/\/nordnesrepublikken.no\/index.php\/wp-json\/wp\/v2\/posts\/13434\/revisions\/13436"}],"wp:featuredmedia":[{"embeddable":true,"href":"https:\/\/nordnesrepublikken.no\/index.php\/wp-json\/wp\/v2\/media\/13435"}],"wp:attachment":[{"href":"https:\/\/nordnesrepublikken.no\/index.php\/wp-json\/wp\/v2\/media?parent=13434"}],"wp:term":[{"taxonomy":"category","embeddable":true,"href":"https:\/\/nordnesrepublikken.no\/index.php\/wp-json\/wp\/v2\/categories?post=13434"},{"taxonomy":"post_tag","embeddable":true,"href":"https:\/\/nordnesrepublikken.no\/index.php\/wp-json\/wp\/v2\/tags?post=13434"}],"curies":[{"name":"wp","href":"https:\/\/api.w.org\/{rel}","templated":true}]}}