{"id":13416,"date":"2026-01-01T21:50:05","date_gmt":"2026-01-01T20:50:05","guid":{"rendered":"https:\/\/nordnesrepublikken.no\/index.php\/2026\/01\/01\/hva-du-betaler-mer-eller-mindre-for-i-spania-i-2026\/"},"modified":"2026-01-01T21:50:07","modified_gmt":"2026-01-01T20:50:07","slug":"hva-du-betaler-mer-eller-mindre-for-i-spania-i-2026","status":"publish","type":"post","link":"https:\/\/nordnesrepublikken.no\/index.php\/2026\/01\/01\/hva-du-betaler-mer-eller-mindre-for-i-spania-i-2026\/","title":{"rendered":"Hva du betaler mer eller mindre for i Spania i 2026"},"content":{"rendered":"<p><\/p>\n<div class=\"wordpress-content\">\n                    <!-- Article Start --><\/p>\n<p class=\"p1\">N\u00e5r Spania g\u00e5r inn i 2026, st\u00e5r husholdninger og bedrifter overfor et komplekst bilde av prisbevegelser p\u00e5 tvers av grunnleggende tjenester og levekostnader. Mens noen daglige utgifter forventes \u00e5 stige, kan andre modereres eller til og med falle, noe som gir varierte utsikter for forbrukerne. Disse ansl\u00e5tte endringene reflekterer en kombinasjon av regjeringens politikk, markedspress og bredere \u00f8konomiske trender.<\/p>\n<h2 class=\"p2\"><b>Dynamikk i boligmarkedet<\/b><\/h2>\n<h3 class=\"p3\"><b>B\u00e5de husleie og eiendomsprisene stiger fortsatt<\/b><\/h3>\n<p class=\"p1\">Bolig er fortsatt et betydelig kostnadspress for mange spanjoler som g\u00e5r inn i 2026. Etter et \u00e5r med robuste pris\u00f8kninger i b\u00e5de husleie og eiendomssalg, forventer analytikere fortsatt oppadg\u00e5ende bevegelse i markedet, om enn i et noe lavere tempo enn i 2025. Prognoser peker mot leie\u00f8kninger p\u00e5 mellom 3 % og 8 % i 2026, som er drevet ut av fortegnet i l\u00f8pet av 2026. niv\u00e5er. Mange utleiere vil sannsynligvis oppdatere kontrakter til gjeldende markedsniv\u00e5er, og potensielt \u00f8ke husholdningskostnadene.<\/p>\n<p class=\"p1\">Eiendomskj\u00f8psprisene ansl\u00e5s ogs\u00e5 \u00e5 vokse, med noen finansinstitusjoner som forventer en gjennomsnittlig gevinst p\u00e5 rundt 7 % i 2026. I tillegg kan husholdninger med eksisterende boligl\u00e5n se sine m\u00e5nedlige tilbakebetalinger \u00f8ke senere p\u00e5 \u00e5ret ettersom eur\u00edbor stabiliserer seg etter en langvarig periode med \u00f8kninger.<\/p>\n<div class=\"sra_unit\"><link rel=\"stylesheet\" id=\"block-sra\" href=\"https:\/\/euroweeklynews.com\/wp-content\/plugins\/snack-related-articles\/dist\/css\/snack-related.min.css?250312-193541\" type=\"text\/css\" media=\"all\">\n<\/div>\n<h2 class=\"p2\"><b>Daglige husholdningskostnader<\/b><\/h2>\n<h3 class=\"p3\"><b>Energisektoren ser regulatoriske endringer og blandede utfall<\/b><\/h3>\n<p class=\"p1\">Grunnleggende str\u00f8mregninger vil se et komplekst sett med bevegelser i 2026. For elektrisitet vil regulatoriske komponenter som avgifter som dekker systemkostnader \u00f8ke med mer enn 10 %, og nettavgiftene med rundt 4 %. Disse endringene gjelder de faste kostnadselementene i lovforslaget og vil \u00f8ke basiskostnadsstrukturen for leverand\u00f8rene.<\/p>\n<p class=\"p1\">Til tross for disse regulatoriske \u00f8kningene, kan den samlede str\u00f8mregningen falle mellom 4 % og 10 % i 2026, hovedsakelig p\u00e5 grunn av forventede lavere energipriser drevet av \u00f8kt fornybar produksjon og markedsforhold. Denne nedgangen vil f\u00f8rst og fremst ramme husholdninger under det regulerte tariffsystemet.<\/p>\n<p class=\"p1\">Vannprisene er ogs\u00e5 satt til \u00e5 stige beskjedent i flere st\u00f8rre byer, med ansl\u00e5tte \u00f8kninger p\u00e5 rundt 3 % i Madrid og 2,9 % i Barcelona. Disse justeringene er inkrementelle, men \u00f8ker likevel det daglige kostnadspresset.<\/p>\n<h2 class=\"p2\"><b>Pensjons- og arbeidsinntektsendringer<\/b><\/h2>\n<h3 class=\"p3\"><b>\u00d8kninger for pensjonister og arbeidstakere<\/b><\/h3>\n<p class=\"p1\">Offentlige pensjoner i Spania er planlagt for en generell revaluering i 2026. Innskuddsbaserte pensjoner, standard alderspensjonsytelse, forventes \u00e5 \u00f8ke med 2,7 %, mens minstepensjoner kan \u00f8ke med minst 7 % og opptil 11,4 % i tilfeller der det er avhengige begunstigede. Innskuddsfrie pensjoner og minimumsleveinntekt vil ogs\u00e5 \u00f8ke med den h\u00f8yere satsen.<\/p>\n<p class=\"p1\">P\u00e5 arbeidsmarkedet forventes minstel\u00f8nnen \u00e5 \u00f8kes, med prognoser som antyder en \u00f8kning p\u00e5 minst 3,1 %, selv om det n\u00f8yaktige tallet vil avhenge av avtaler fra regjeringen og arbeidslivets parter. Offentlig sektors l\u00f8nn for tjenestemenn er fastsatt til en \u00f8kning p\u00e5 1,5 % fra 1. januar 2026, med en potensiell \u00f8kning mot 2 % dersom inflasjonen fortsetter \u00e5 utvikle seg.<\/p>\n<h2 class=\"p2\"><b>Trygdeavgifter og skatter<\/b><\/h2>\n<h3 class=\"p3\"><b>Noen bidrag til \u00e5 \u00f8ke, insentiver utvidet<\/b><\/h3>\n<p class=\"p1\">2026-kalenderen vil ogs\u00e5 gi endringer i trygdeavgiftene. Mekanismer som er introdusert i nylige pensjonsreformer, som for eksempel egenkapitalinnskuddet mellom generasjoner, vil f\u00e5 rentene til \u00e5 stige litt i et fors\u00f8k p\u00e5 \u00e5 styrke langsiktig systemb\u00e6rekraft ved \u00e5 \u00f8ke grunnlaget for arbeidstakere.<\/p>\n<p class=\"p1\">P\u00e5 skattefronten vil visse insentiver som fradrag for kj\u00f8p av elbiler og installasjon av ladepunkter forlenges inn i 2026. I motsetning til dette kan enkelte lokale myndigheter justere kommunale avgifter, for eksempel renovasjonsavgifter, basert p\u00e5 reviderte beregningsmetoder.<\/p>\n<h2 class=\"p2\"><b>Transportkostnader<\/b><\/h2>\n<h3 class=\"p3\"><b>Offentlig transport avlastninger og flyplassavgifter<\/b><\/h3>\n<p class=\"p1\">Transportkostnadene er et bemerkelsesverdig avvik i 2026. Nasjonale statlige tiltak vil tillate at mange kollektivpriser kan forbli frosset eller redusert, forutsatt at regionale og lokale administrasjoner fortsetter \u00e5 bidra med sin del av subsidiene. Store byomr\u00e5der som Madrid, Valencia, Catalu\u00f1a og Andaluc\u00eda har allerede forpliktet seg til \u00e5 opprettholde disse st\u00f8tteniv\u00e5ene, noe som betyr at daglige pendlingskostnader p\u00e5 busser, metroer og regionale tog kan holde seg stabile for brukerne.<\/p>\n<p class=\"p1\">Flyreiser kan imidlertid bli dyrere for passasjerene, ettersom flyplassavgiftene er satt til \u00e5 \u00f8ke med rundt 6,44 %. Flyselskaper kan overf\u00f8re minst deler av denne kostnaden til reisende, noe som kan \u00f8ke prisene p\u00e5 flyreiser.<\/p>\n<h3 class=\"p2\"><b>Oppsummering av sentrale endringer<\/b><\/h3>\n<p class=\"p1\">Med varierende bevegelser p\u00e5 tvers av sektorer, ser 2026 ut til \u00e5 fortsette et m\u00f8nster av \u00f8kende kostnader p\u00e5 flere kritiske omr\u00e5der av dagliglivet:<\/p>\n<ul class=\"ul1\">\n<li class=\"li1\">Boligkostnader \u2014 husleie og eiendomspriser vil sannsynligvis stige moderat; boligl\u00e5n kan koste mer senere p\u00e5 \u00e5ret.<\/li>\n<li class=\"li1\">Energi og verkt\u00f8y \u2014 reguleringskostnadene \u00f8ker, men de samlede str\u00f8mregningene kan falle; vann regningene opp beskjedent.<\/li>\n<li class=\"li1\">Pensjoner og l\u00f8nn \u2014 pensjoner revaluert oppover; minstel\u00f8nn og noen l\u00f8nn ansl\u00e5s \u00e5 vokse.<\/li>\n<li class=\"li1\">Transport \u2014 kollektivprisene er stort sett stabile eller subsidierte; flyplassavgiftene \u00f8ker.<\/li>\n<li class=\"li1\">Skatter og bidrag \u2014 m\u00e5lrettede insentiver utvidet; noen bidrag \u00f8ker.<\/li>\n<\/ul>\n<h3 class=\"p3\"><b>Navigere kostnadspress og politikkskifter<\/b><\/h3>\n<p class=\"p1\">N\u00e5r 2026 begynner, vil spanjolene navigere i et nyansert kostnadsmilj\u00f8 formet av b\u00e5de politiske beslutninger og markedskrefter. Den samlede inflasjonsraten forventes \u00e5 avta sammenlignet med 2025, men vesentlige kostnader som boliger, verkt\u00f8y og enkelte tjenester vil fortsatt v\u00e6re i fokus for b\u00e5de husholdninger og beslutningstakere. Samspillet mellom \u00f8kende inntekter, spesielt i den nedre delen av inntektsspekteret, og m\u00e5lrettede transportsubsidier kan gi en viss lettelse, selv om andre kostnader stiger. Observat\u00f8rer vil f\u00f8lge n\u00f8ye med for \u00e5 se hvordan denne dynamikken utspiller seg gjennom \u00e5ret som kommer.<\/p>\n<p>                    <!-- Originally published at https:\/\/euroweeklynews.com\/2025\/12\/30\/what-youll-pay-more-or-less-for-in-spain-this-2026\/ on 30 Dec 2025 at 22:59 by Molly Grace --><br \/>\n                    <!-- Article End -->\n                <\/div>\n","protected":false},"excerpt":{"rendered":"<p>N\u00e5r Spania g\u00e5r inn i 2026, st\u00e5r husholdninger og bedrifter overfor et komplekst bilde av<\/p>\n","protected":false},"author":1,"featured_media":13417,"comment_status":"closed","ping_status":"open","sticky":false,"template":"","format":"standard","meta":{"footnotes":""},"categories":[105],"tags":[8000,1156,144,379,1142,529],"class_list":["post-13416","post","type-post","status-publish","format-standard","has-post-thumbnail","hentry","category-livsstil","tag-betaler","tag-eller","tag-hva","tag-mer","tag-mindre","tag-spania","generate-columns","tablet-grid-50","mobile-grid-100","grid-parent","grid-33","resize-featured-image"],"yoast_head":"<!-- This site is optimized with the Yoast SEO plugin v24.4 - https:\/\/yoast.com\/wordpress\/plugins\/seo\/ -->\n<title>Hva du betaler mer eller mindre for i Spania i 2026 - Nordnesrepublikken<\/title>\n<meta name=\"robots\" content=\"index, follow, max-snippet:-1, max-image-preview:large, max-video-preview:-1\" \/>\n<link rel=\"canonical\" href=\"https:\/\/nordnesrepublikken.no\/index.php\/2026\/01\/01\/hva-du-betaler-mer-eller-mindre-for-i-spania-i-2026\/\" \/>\n<meta property=\"og:locale\" content=\"nb_NO\" \/>\n<meta property=\"og:type\" content=\"article\" \/>\n<meta property=\"og:title\" content=\"Hva du betaler mer eller mindre for i Spania i 2026 - Nordnesrepublikken\" \/>\n<meta property=\"og:description\" content=\"N\u00e5r Spania g\u00e5r inn i 2026, st\u00e5r husholdninger og bedrifter overfor et komplekst bilde av\" \/>\n<meta property=\"og:url\" content=\"https:\/\/nordnesrepublikken.no\/index.php\/2026\/01\/01\/hva-du-betaler-mer-eller-mindre-for-i-spania-i-2026\/\" \/>\n<meta property=\"og:site_name\" content=\"Nordnesrepublikken\" \/>\n<meta property=\"article:published_time\" content=\"2026-01-01T20:50:05+00:00\" \/>\n<meta property=\"article:modified_time\" content=\"2026-01-01T20:50:07+00:00\" \/>\n<meta property=\"og:image\" content=\"https:\/\/nordnesrepublikken.no\/wp-content\/uploads\/2026\/01\/1767300606_Hva-du-betaler-mer-eller-mindre-for-i-Spania-i.png\" \/>\n\t<meta property=\"og:image:width\" content=\"1197\" \/>\n\t<meta property=\"og:image:height\" content=\"899\" \/>\n\t<meta property=\"og:image:type\" content=\"image\/png\" \/>\n<meta name=\"author\" content=\"Ole Andersen\" \/>\n<meta name=\"twitter:card\" content=\"summary_large_image\" \/>\n<meta name=\"twitter:label1\" content=\"Skrevet av\" \/>\n\t<meta name=\"twitter:data1\" content=\"Ole Andersen\" \/>\n\t<meta name=\"twitter:label2\" content=\"Ansl. lesetid\" \/>\n\t<meta name=\"twitter:data2\" content=\"4 minutter\" \/>\n<script type=\"application\/ld+json\" class=\"yoast-schema-graph\">{\"@context\":\"https:\/\/schema.org\",\"@graph\":[{\"@type\":\"Article\",\"@id\":\"https:\/\/nordnesrepublikken.no\/index.php\/2026\/01\/01\/hva-du-betaler-mer-eller-mindre-for-i-spania-i-2026\/#article\",\"isPartOf\":{\"@id\":\"https:\/\/nordnesrepublikken.no\/index.php\/2026\/01\/01\/hva-du-betaler-mer-eller-mindre-for-i-spania-i-2026\/\"},\"author\":{\"name\":\"Ole Andersen\",\"@id\":\"https:\/\/nordnesrepublikken.no\/#\/schema\/person\/2e7e81935bab77882fffb79296240ff1\"},\"headline\":\"Hva du betaler mer eller mindre for i Spania i 2026\",\"datePublished\":\"2026-01-01T20:50:05+00:00\",\"dateModified\":\"2026-01-01T20:50:07+00:00\",\"mainEntityOfPage\":{\"@id\":\"https:\/\/nordnesrepublikken.no\/index.php\/2026\/01\/01\/hva-du-betaler-mer-eller-mindre-for-i-spania-i-2026\/\"},\"wordCount\":827,\"publisher\":{\"@id\":\"https:\/\/nordnesrepublikken.no\/#organization\"},\"image\":{\"@id\":\"https:\/\/nordnesrepublikken.no\/index.php\/2026\/01\/01\/hva-du-betaler-mer-eller-mindre-for-i-spania-i-2026\/#primaryimage\"},\"thumbnailUrl\":\"https:\/\/nordnesrepublikken.no\/wp-content\/uploads\/2026\/01\/1767300606_Hva-du-betaler-mer-eller-mindre-for-i-Spania-i.png\",\"keywords\":[\"betaler\",\"eller\",\"Hva\",\"mer\",\"mindre\",\"Spania\"],\"articleSection\":[\"Livsstil\"],\"inLanguage\":\"nb-NO\"},{\"@type\":\"WebPage\",\"@id\":\"https:\/\/nordnesrepublikken.no\/index.php\/2026\/01\/01\/hva-du-betaler-mer-eller-mindre-for-i-spania-i-2026\/\",\"url\":\"https:\/\/nordnesrepublikken.no\/index.php\/2026\/01\/01\/hva-du-betaler-mer-eller-mindre-for-i-spania-i-2026\/\",\"name\":\"Hva du betaler mer eller mindre for i Spania i 2026 - Nordnesrepublikken\",\"isPartOf\":{\"@id\":\"https:\/\/nordnesrepublikken.no\/#website\"},\"primaryImageOfPage\":{\"@id\":\"https:\/\/nordnesrepublikken.no\/index.php\/2026\/01\/01\/hva-du-betaler-mer-eller-mindre-for-i-spania-i-2026\/#primaryimage\"},\"image\":{\"@id\":\"https:\/\/nordnesrepublikken.no\/index.php\/2026\/01\/01\/hva-du-betaler-mer-eller-mindre-for-i-spania-i-2026\/#primaryimage\"},\"thumbnailUrl\":\"https:\/\/nordnesrepublikken.no\/wp-content\/uploads\/2026\/01\/1767300606_Hva-du-betaler-mer-eller-mindre-for-i-Spania-i.png\",\"datePublished\":\"2026-01-01T20:50:05+00:00\",\"dateModified\":\"2026-01-01T20:50:07+00:00\",\"breadcrumb\":{\"@id\":\"https:\/\/nordnesrepublikken.no\/index.php\/2026\/01\/01\/hva-du-betaler-mer-eller-mindre-for-i-spania-i-2026\/#breadcrumb\"},\"inLanguage\":\"nb-NO\",\"potentialAction\":[{\"@type\":\"ReadAction\",\"target\":[\"https:\/\/nordnesrepublikken.no\/index.php\/2026\/01\/01\/hva-du-betaler-mer-eller-mindre-for-i-spania-i-2026\/\"]}]},{\"@type\":\"ImageObject\",\"inLanguage\":\"nb-NO\",\"@id\":\"https:\/\/nordnesrepublikken.no\/index.php\/2026\/01\/01\/hva-du-betaler-mer-eller-mindre-for-i-spania-i-2026\/#primaryimage\",\"url\":\"https:\/\/nordnesrepublikken.no\/wp-content\/uploads\/2026\/01\/1767300606_Hva-du-betaler-mer-eller-mindre-for-i-Spania-i.png\",\"contentUrl\":\"https:\/\/nordnesrepublikken.no\/wp-content\/uploads\/2026\/01\/1767300606_Hva-du-betaler-mer-eller-mindre-for-i-Spania-i.png\",\"width\":1197,\"height\":899,\"caption\":\"Hva du betaler mer eller mindre for i Spania i 2026\"},{\"@type\":\"BreadcrumbList\",\"@id\":\"https:\/\/nordnesrepublikken.no\/index.php\/2026\/01\/01\/hva-du-betaler-mer-eller-mindre-for-i-spania-i-2026\/#breadcrumb\",\"itemListElement\":[{\"@type\":\"ListItem\",\"position\":1,\"name\":\"Home\",\"item\":\"https:\/\/nordnesrepublikken.no\/\"},{\"@type\":\"ListItem\",\"position\":2,\"name\":\"Hva du betaler mer eller mindre for i Spania i 2026\"}]},{\"@type\":\"WebSite\",\"@id\":\"https:\/\/nordnesrepublikken.no\/#website\",\"url\":\"https:\/\/nordnesrepublikken.no\/\",\"name\":\"Nordnesrepublikken\",\"description\":\"Stemmer og Visjoner fra Republikkens Hjerte\",\"publisher\":{\"@id\":\"https:\/\/nordnesrepublikken.no\/#organization\"},\"potentialAction\":[{\"@type\":\"SearchAction\",\"target\":{\"@type\":\"EntryPoint\",\"urlTemplate\":\"https:\/\/nordnesrepublikken.no\/?s={search_term_string}\"},\"query-input\":{\"@type\":\"PropertyValueSpecification\",\"valueRequired\":true,\"valueName\":\"search_term_string\"}}],\"inLanguage\":\"nb-NO\"},{\"@type\":\"Organization\",\"@id\":\"https:\/\/nordnesrepublikken.no\/#organization\",\"name\":\"Nordnesrepublikken\",\"url\":\"https:\/\/nordnesrepublikken.no\/\",\"logo\":{\"@type\":\"ImageObject\",\"inLanguage\":\"nb-NO\",\"@id\":\"https:\/\/nordnesrepublikken.no\/#\/schema\/logo\/image\/\",\"url\":\"https:\/\/nordnesrepublikken.no\/wp-content\/uploads\/2025\/02\/cropped-nordnesrepublikken-2.png\",\"contentUrl\":\"https:\/\/nordnesrepublikken.no\/wp-content\/uploads\/2025\/02\/cropped-nordnesrepublikken-2.png\",\"width\":1248,\"height\":362,\"caption\":\"Nordnesrepublikken\"},\"image\":{\"@id\":\"https:\/\/nordnesrepublikken.no\/#\/schema\/logo\/image\/\"}},{\"@type\":\"Person\",\"@id\":\"https:\/\/nordnesrepublikken.no\/#\/schema\/person\/2e7e81935bab77882fffb79296240ff1\",\"name\":\"Ole Andersen\",\"image\":{\"@type\":\"ImageObject\",\"inLanguage\":\"nb-NO\",\"@id\":\"https:\/\/nordnesrepublikken.no\/#\/schema\/person\/image\/\",\"url\":\"https:\/\/nordnesrepublikken.no\/wp-content\/uploads\/2025\/02\/nordnesrepublikken-2-2-150x150.jpg\",\"contentUrl\":\"https:\/\/nordnesrepublikken.no\/wp-content\/uploads\/2025\/02\/nordnesrepublikken-2-2-150x150.jpg\",\"caption\":\"Ole Andersen\"},\"description\":\"Ettersom jeg vokste opp i Oslo, har jeg alltid v\u00e6rt fascinert av ordenes kraft og deres evne til \u00e5 skape endringer. Etter \u00e5 ha fullf\u00f8rt min utdannelse i kommunikasjon ved Universitetet i Bergen, fikk jeg muligheten til \u00e5 jobbe innen ulike medier, der jeg har s\u00f8kt \u00e5 belyse viktige samfunnssp\u00f8rsm\u00e5l. I dag, som redakt\u00f8r for Nordnesrepublikken, pr\u00f8ver jeg \u00e5 forene min kj\u00e6rlighet for journalistikk med min lidenskap for innovasjon og eventyr.\",\"sameAs\":[\"https:\/\/nordnesrepublikken.no\/\"]}]}<\/script>\n<!-- \/ Yoast SEO plugin. -->","yoast_head_json":{"title":"Hva du betaler mer eller mindre for i Spania i 2026 - Nordnesrepublikken","robots":{"index":"index","follow":"follow","max-snippet":"max-snippet:-1","max-image-preview":"max-image-preview:large","max-video-preview":"max-video-preview:-1"},"canonical":"https:\/\/nordnesrepublikken.no\/index.php\/2026\/01\/01\/hva-du-betaler-mer-eller-mindre-for-i-spania-i-2026\/","og_locale":"nb_NO","og_type":"article","og_title":"Hva du betaler mer eller mindre for i Spania i 2026 - Nordnesrepublikken","og_description":"N\u00e5r Spania g\u00e5r inn i 2026, st\u00e5r husholdninger og bedrifter overfor et komplekst bilde av","og_url":"https:\/\/nordnesrepublikken.no\/index.php\/2026\/01\/01\/hva-du-betaler-mer-eller-mindre-for-i-spania-i-2026\/","og_site_name":"Nordnesrepublikken","article_published_time":"2026-01-01T20:50:05+00:00","article_modified_time":"2026-01-01T20:50:07+00:00","og_image":[{"width":1197,"height":899,"url":"https:\/\/nordnesrepublikken.no\/wp-content\/uploads\/2026\/01\/1767300606_Hva-du-betaler-mer-eller-mindre-for-i-Spania-i.png","type":"image\/png"}],"author":"Ole Andersen","twitter_card":"summary_large_image","twitter_misc":{"Skrevet av":"Ole Andersen","Ansl. lesetid":"4 minutter"},"schema":{"@context":"https:\/\/schema.org","@graph":[{"@type":"Article","@id":"https:\/\/nordnesrepublikken.no\/index.php\/2026\/01\/01\/hva-du-betaler-mer-eller-mindre-for-i-spania-i-2026\/#article","isPartOf":{"@id":"https:\/\/nordnesrepublikken.no\/index.php\/2026\/01\/01\/hva-du-betaler-mer-eller-mindre-for-i-spania-i-2026\/"},"author":{"name":"Ole Andersen","@id":"https:\/\/nordnesrepublikken.no\/#\/schema\/person\/2e7e81935bab77882fffb79296240ff1"},"headline":"Hva du betaler mer eller mindre for i Spania i 2026","datePublished":"2026-01-01T20:50:05+00:00","dateModified":"2026-01-01T20:50:07+00:00","mainEntityOfPage":{"@id":"https:\/\/nordnesrepublikken.no\/index.php\/2026\/01\/01\/hva-du-betaler-mer-eller-mindre-for-i-spania-i-2026\/"},"wordCount":827,"publisher":{"@id":"https:\/\/nordnesrepublikken.no\/#organization"},"image":{"@id":"https:\/\/nordnesrepublikken.no\/index.php\/2026\/01\/01\/hva-du-betaler-mer-eller-mindre-for-i-spania-i-2026\/#primaryimage"},"thumbnailUrl":"https:\/\/nordnesrepublikken.no\/wp-content\/uploads\/2026\/01\/1767300606_Hva-du-betaler-mer-eller-mindre-for-i-Spania-i.png","keywords":["betaler","eller","Hva","mer","mindre","Spania"],"articleSection":["Livsstil"],"inLanguage":"nb-NO"},{"@type":"WebPage","@id":"https:\/\/nordnesrepublikken.no\/index.php\/2026\/01\/01\/hva-du-betaler-mer-eller-mindre-for-i-spania-i-2026\/","url":"https:\/\/nordnesrepublikken.no\/index.php\/2026\/01\/01\/hva-du-betaler-mer-eller-mindre-for-i-spania-i-2026\/","name":"Hva du betaler mer eller mindre for i Spania i 2026 - Nordnesrepublikken","isPartOf":{"@id":"https:\/\/nordnesrepublikken.no\/#website"},"primaryImageOfPage":{"@id":"https:\/\/nordnesrepublikken.no\/index.php\/2026\/01\/01\/hva-du-betaler-mer-eller-mindre-for-i-spania-i-2026\/#primaryimage"},"image":{"@id":"https:\/\/nordnesrepublikken.no\/index.php\/2026\/01\/01\/hva-du-betaler-mer-eller-mindre-for-i-spania-i-2026\/#primaryimage"},"thumbnailUrl":"https:\/\/nordnesrepublikken.no\/wp-content\/uploads\/2026\/01\/1767300606_Hva-du-betaler-mer-eller-mindre-for-i-Spania-i.png","datePublished":"2026-01-01T20:50:05+00:00","dateModified":"2026-01-01T20:50:07+00:00","breadcrumb":{"@id":"https:\/\/nordnesrepublikken.no\/index.php\/2026\/01\/01\/hva-du-betaler-mer-eller-mindre-for-i-spania-i-2026\/#breadcrumb"},"inLanguage":"nb-NO","potentialAction":[{"@type":"ReadAction","target":["https:\/\/nordnesrepublikken.no\/index.php\/2026\/01\/01\/hva-du-betaler-mer-eller-mindre-for-i-spania-i-2026\/"]}]},{"@type":"ImageObject","inLanguage":"nb-NO","@id":"https:\/\/nordnesrepublikken.no\/index.php\/2026\/01\/01\/hva-du-betaler-mer-eller-mindre-for-i-spania-i-2026\/#primaryimage","url":"https:\/\/nordnesrepublikken.no\/wp-content\/uploads\/2026\/01\/1767300606_Hva-du-betaler-mer-eller-mindre-for-i-Spania-i.png","contentUrl":"https:\/\/nordnesrepublikken.no\/wp-content\/uploads\/2026\/01\/1767300606_Hva-du-betaler-mer-eller-mindre-for-i-Spania-i.png","width":1197,"height":899,"caption":"Hva du betaler mer eller mindre for i Spania i 2026"},{"@type":"BreadcrumbList","@id":"https:\/\/nordnesrepublikken.no\/index.php\/2026\/01\/01\/hva-du-betaler-mer-eller-mindre-for-i-spania-i-2026\/#breadcrumb","itemListElement":[{"@type":"ListItem","position":1,"name":"Home","item":"https:\/\/nordnesrepublikken.no\/"},{"@type":"ListItem","position":2,"name":"Hva du betaler mer eller mindre for i Spania i 2026"}]},{"@type":"WebSite","@id":"https:\/\/nordnesrepublikken.no\/#website","url":"https:\/\/nordnesrepublikken.no\/","name":"Nordnesrepublikken","description":"Stemmer og Visjoner fra Republikkens Hjerte","publisher":{"@id":"https:\/\/nordnesrepublikken.no\/#organization"},"potentialAction":[{"@type":"SearchAction","target":{"@type":"EntryPoint","urlTemplate":"https:\/\/nordnesrepublikken.no\/?s={search_term_string}"},"query-input":{"@type":"PropertyValueSpecification","valueRequired":true,"valueName":"search_term_string"}}],"inLanguage":"nb-NO"},{"@type":"Organization","@id":"https:\/\/nordnesrepublikken.no\/#organization","name":"Nordnesrepublikken","url":"https:\/\/nordnesrepublikken.no\/","logo":{"@type":"ImageObject","inLanguage":"nb-NO","@id":"https:\/\/nordnesrepublikken.no\/#\/schema\/logo\/image\/","url":"https:\/\/nordnesrepublikken.no\/wp-content\/uploads\/2025\/02\/cropped-nordnesrepublikken-2.png","contentUrl":"https:\/\/nordnesrepublikken.no\/wp-content\/uploads\/2025\/02\/cropped-nordnesrepublikken-2.png","width":1248,"height":362,"caption":"Nordnesrepublikken"},"image":{"@id":"https:\/\/nordnesrepublikken.no\/#\/schema\/logo\/image\/"}},{"@type":"Person","@id":"https:\/\/nordnesrepublikken.no\/#\/schema\/person\/2e7e81935bab77882fffb79296240ff1","name":"Ole Andersen","image":{"@type":"ImageObject","inLanguage":"nb-NO","@id":"https:\/\/nordnesrepublikken.no\/#\/schema\/person\/image\/","url":"https:\/\/nordnesrepublikken.no\/wp-content\/uploads\/2025\/02\/nordnesrepublikken-2-2-150x150.jpg","contentUrl":"https:\/\/nordnesrepublikken.no\/wp-content\/uploads\/2025\/02\/nordnesrepublikken-2-2-150x150.jpg","caption":"Ole Andersen"},"description":"Ettersom jeg vokste opp i Oslo, har jeg alltid v\u00e6rt fascinert av ordenes kraft og deres evne til \u00e5 skape endringer. Etter \u00e5 ha fullf\u00f8rt min utdannelse i kommunikasjon ved Universitetet i Bergen, fikk jeg muligheten til \u00e5 jobbe innen ulike medier, der jeg har s\u00f8kt \u00e5 belyse viktige samfunnssp\u00f8rsm\u00e5l. I dag, som redakt\u00f8r for Nordnesrepublikken, pr\u00f8ver jeg \u00e5 forene min kj\u00e6rlighet for journalistikk med min lidenskap for innovasjon og eventyr.","sameAs":["https:\/\/nordnesrepublikken.no\/"]}]}},"_links":{"self":[{"href":"https:\/\/nordnesrepublikken.no\/index.php\/wp-json\/wp\/v2\/posts\/13416","targetHints":{"allow":["GET"]}}],"collection":[{"href":"https:\/\/nordnesrepublikken.no\/index.php\/wp-json\/wp\/v2\/posts"}],"about":[{"href":"https:\/\/nordnesrepublikken.no\/index.php\/wp-json\/wp\/v2\/types\/post"}],"author":[{"embeddable":true,"href":"https:\/\/nordnesrepublikken.no\/index.php\/wp-json\/wp\/v2\/users\/1"}],"replies":[{"embeddable":true,"href":"https:\/\/nordnesrepublikken.no\/index.php\/wp-json\/wp\/v2\/comments?post=13416"}],"version-history":[{"count":1,"href":"https:\/\/nordnesrepublikken.no\/index.php\/wp-json\/wp\/v2\/posts\/13416\/revisions"}],"predecessor-version":[{"id":13418,"href":"https:\/\/nordnesrepublikken.no\/index.php\/wp-json\/wp\/v2\/posts\/13416\/revisions\/13418"}],"wp:featuredmedia":[{"embeddable":true,"href":"https:\/\/nordnesrepublikken.no\/index.php\/wp-json\/wp\/v2\/media\/13417"}],"wp:attachment":[{"href":"https:\/\/nordnesrepublikken.no\/index.php\/wp-json\/wp\/v2\/media?parent=13416"}],"wp:term":[{"taxonomy":"category","embeddable":true,"href":"https:\/\/nordnesrepublikken.no\/index.php\/wp-json\/wp\/v2\/categories?post=13416"},{"taxonomy":"post_tag","embeddable":true,"href":"https:\/\/nordnesrepublikken.no\/index.php\/wp-json\/wp\/v2\/tags?post=13416"}],"curies":[{"name":"wp","href":"https:\/\/api.w.org\/{rel}","templated":true}]}}