{"id":13377,"date":"2025-12-31T17:50:44","date_gmt":"2025-12-31T16:50:44","guid":{"rendered":"https:\/\/nordnesrepublikken.no\/index.php\/2025\/12\/31\/macron-planlegger-a-forby-sosiale-medier-for-tenaringer-i-frankrike-i-2026\/"},"modified":"2025-12-31T17:50:45","modified_gmt":"2025-12-31T16:50:45","slug":"macron-planlegger-a-forby-sosiale-medier-for-tenaringer-i-frankrike-i-2026","status":"publish","type":"post","link":"https:\/\/nordnesrepublikken.no\/index.php\/2025\/12\/31\/macron-planlegger-a-forby-sosiale-medier-for-tenaringer-i-frankrike-i-2026\/","title":{"rendered":"Macron planlegger \u00e5 forby sosiale medier for ten\u00e5ringer i Frankrike i 2026"},"content":{"rendered":"<p><\/p>\n<div class=\"wordpress-content\">\n                    <!-- Article Start --><\/p>\n<p class=\"p1\">Frankrikes president Macron presser p\u00e5 med ny lovgivning for f\u00f8rste gang i Europa for \u00e5 forby tilgang til sosiale medier for mindre\u00e5rige under 15 \u00e5r og et forbud mot bruk av mobiltelefon i ungdomsskoler, med implementering forventet for skole\u00e5ret 2026.<\/p>\n<h2 class=\"p1\">Plan for sosiale medier<\/h2>\n<p class=\"p1\">Den franske regjeringen har utarbeidet et kortfattet lovforslag med to artikler, som forventes \u00e5 bli lagt frem tidlig i januar, like etter juleferien, som eksplisitt vil forby nettplattformer \u00e5 tilby sosiale nettverkstjenester til barn under 15. Tiltakene er utformet for rask parlamentarisk godkjenning, som vil tre i kraft fra september 2026.<\/p>\n<p class=\"p1\">President Emmanuel Macron har forfektet planen, og hevdet at ten\u00e5ringer under 16 mangler den f\u00f8lelsesmessige modenheten og hjerneutviklingen til \u00e5 h\u00e5ndtere eksponering for s\u00e5kalt skadelig innhold. Risikoer sies \u00e5 inkludere depresjon, nettmobbing, stillesittende livsstil og s\u00f8vnavbrudd. Lovforslaget utvider ogs\u00e5 eksisterende restriksjoner p\u00e5 mobiltelefoner i barne- og ungdomsskoler til videreg\u00e5ende skoler.<\/p>\n<div class=\"sra_unit\"><link rel=\"stylesheet\" id=\"block-sra\" href=\"https:\/\/euroweeklynews.com\/wp-content\/plugins\/snack-related-articles\/dist\/css\/snack-related.min.css?250312-193541\" type=\"text\/css\" media=\"all\">\n<\/div>\n<p class=\"p1\">H\u00e5ndhevelsen vil falle p\u00e5 Arcom, Frankrikes audiovisuelle og digitale regulator. Flyttingen legger til tidligere innsats, inkludert en lov fra 2023 som krever samtykke fra foreldre for under 15 \u00e5r, selv om et strengere direkte forbud tidligere ble blokkert av kompatibilitetsgrunner.<\/p>\n<h2 class=\"p1\">Australia Verdens f\u00f8rste i forbud mot sosiale medier for under 16 \u00e5r: Tidlige problemer dukker opp<\/h2>\n<p class=\"p1\">Australia ble verdens f\u00f8rste land som implementerte en landsdekkende aldersgrense for sosiale medier p\u00e5 16. desember, som p\u00e5virker plattformer som TikTok, Instagram, Facebook, X, Snapchat, Reddit og YouTube.<\/p>\n<p class=\"p1\">Loven legger fullt ansvar p\u00e5 plattformene, i stedet for foreldrene, for \u00e5 hindre under 16 \u00e5r fra \u00e5 holde kontoer, med b\u00f8ter p\u00e5 opptil 49,5 millioner A$ for manglende overholdelse. Ingen straffer gjelder for barn eller deres foreldre.<\/p>\n<p class=\"p1\">De f\u00f8rste erfaringene viser blandede resultater: mange kontoer ble fjernet, men rapporter tyder p\u00e5 at noen ten\u00e5ringer har omg\u00e5tt verkt\u00f8y for aldersberegning av ansiktet. Plattformer som Meta deaktiverte p\u00e5 forh\u00e5nd mindre\u00e5rige kontoer selv om det allerede var en regel som forb\u00f8d under 18 \u00e5r \u00e5 holde kontoer. Mens andre p\u00e5 samme tid m\u00f8tte gransking over inkonsekvent h\u00e5ndheving. Bekymringer om personvern og omg\u00e5else via VPN-er har blitt tatt til etterretning, selv om offentlig st\u00f8tte til forbudet ser ut til \u00e5 forbli h\u00f8y p\u00e5 rundt 77 prosent av publikum. Den australske eSafety Commissioner overv\u00e5ker overholdelse, med en uavhengig gjennomgang planlagt innen to \u00e5r.<\/p>\n<h2 class=\"p1\">Andre europeiske land ser p\u00e5 lignende restriksjoner p\u00e5 sosiale medier for 2026<\/h2>\n<p class=\"p1\">Frankrikes forslag f\u00f8lger en \u00f8kende europeisk trend for \u00e5 skjerme ten\u00e5ringer fra sosiale medier, og Macrons besluttsomhet ser ut til \u00e5 v\u00e6re en del av en strategi for \u00e5 lede Europa i implementeringen. Danmark har allerede klart \u00e5 f\u00e5 tverrpolitisk enighet i 2025 om \u00e5 forby tilgang for under 15 \u00e5r p\u00e5 visse plattformer, noe som potensielt vil bli lov i midten av 2026. De planlegger \u00e5 bruke den danske nasjonale e-ID-en for verifisering.<\/p>\n<p class=\"p1\">Tyskland studerer et potensielt forbud, med en komit\u00e9rapport som skal leveres h\u00f8sten 2026. Italia har foresl\u00e5tt restriksjoner for under 15 \u00e5r, mens Spania utarbeider lovforslag som krever autorisasjon fra foreldre eller foresatte for under 16 \u00e5r.<\/p>\n<p class=\"p1\">P\u00e5 EU-niv\u00e5 vedtok Europaparlamentet en ikke-bindende resolusjon i november 2025 som tok til orde for en minimumsalder p\u00e5 16 \u00e5r uten foreldres samtykke, sammen med sterkere h\u00e5ndhevelse av Digital Services Act (DSA) for \u00e5 beskytte mindre\u00e5rige.<\/p>\n<p class=\"p1\">Kunne 2026 se en slutt p\u00e5 ten\u00e5ringer i Europa og en tilbakevending til ansikt-til-ansikt samtaler og delte aktiviteter. Eller vil forbudet enkelt drive yngre brukere av sosiale medier under jorden der de ikke kan overv\u00e5kes eller beskyttes? I l\u00f8pet av de f\u00f8rste dagene av Australia-forbudet, gjorde noen ungdommer oppr\u00f8r og erstattet tilkobling med vold, og l\u00f8p p\u00e5 l\u00f8psk p\u00e5 et kj\u00f8pesenter i Sydney og en filial av Woolworths, selv om regjeringen benekter at det er en sammenheng.<\/p>\n<p>                    <!-- Originally published at https:\/\/euroweeklynews.com\/2025\/12\/31\/macron-plans-to-ban-social-media-for-teens-in-france-in-2026\/ on 31 Dec 2025 at 15:45 by Adam Woodward --><br \/>\n                    <!-- Article End -->\n                <\/div>\n","protected":false},"excerpt":{"rendered":"<p>Frankrikes president Macron presser p\u00e5 med ny lovgivning for f\u00f8rste gang i Europa for \u00e5<\/p>\n","protected":false},"author":1,"featured_media":13378,"comment_status":"closed","ping_status":"open","sticky":false,"template":"","format":"standard","meta":{"footnotes":""},"categories":[105],"tags":[7980,750,8806,2980,3058,2979,3065],"class_list":["post-13377","post","type-post","status-publish","format-standard","has-post-thumbnail","hentry","category-livsstil","tag-forby","tag-frankrike","tag-macron","tag-medier","tag-planlegger","tag-sosiale","tag-tenaringer","generate-columns","tablet-grid-50","mobile-grid-100","grid-parent","grid-33","resize-featured-image"],"yoast_head":"<!-- This site is optimized with the Yoast SEO plugin v24.4 - https:\/\/yoast.com\/wordpress\/plugins\/seo\/ -->\n<title>Macron planlegger \u00e5 forby sosiale medier for ten\u00e5ringer i Frankrike i 2026 - Nordnesrepublikken<\/title>\n<meta name=\"robots\" content=\"index, follow, max-snippet:-1, max-image-preview:large, max-video-preview:-1\" \/>\n<link rel=\"canonical\" href=\"https:\/\/nordnesrepublikken.no\/index.php\/2025\/12\/31\/macron-planlegger-a-forby-sosiale-medier-for-tenaringer-i-frankrike-i-2026\/\" \/>\n<meta property=\"og:locale\" content=\"nb_NO\" \/>\n<meta property=\"og:type\" content=\"article\" \/>\n<meta property=\"og:title\" content=\"Macron planlegger \u00e5 forby sosiale medier for ten\u00e5ringer i Frankrike i 2026 - Nordnesrepublikken\" \/>\n<meta property=\"og:description\" content=\"Frankrikes president Macron presser p\u00e5 med ny lovgivning for f\u00f8rste gang i Europa for \u00e5\" \/>\n<meta property=\"og:url\" content=\"https:\/\/nordnesrepublikken.no\/index.php\/2025\/12\/31\/macron-planlegger-a-forby-sosiale-medier-for-tenaringer-i-frankrike-i-2026\/\" \/>\n<meta property=\"og:site_name\" content=\"Nordnesrepublikken\" \/>\n<meta property=\"article:published_time\" content=\"2025-12-31T16:50:44+00:00\" \/>\n<meta property=\"article:modified_time\" content=\"2025-12-31T16:50:45+00:00\" \/>\n<meta property=\"og:image\" content=\"https:\/\/nordnesrepublikken.no\/wp-content\/uploads\/2025\/12\/1767199845_Macron-planlegger-a-forby-sosiale-medier-for-tenaringer-i-Frankrike.jpg\" \/>\n\t<meta property=\"og:image:width\" content=\"1200\" \/>\n\t<meta property=\"og:image:height\" content=\"800\" \/>\n\t<meta property=\"og:image:type\" content=\"image\/jpeg\" \/>\n<meta name=\"author\" content=\"Ole Andersen\" \/>\n<meta name=\"twitter:card\" content=\"summary_large_image\" \/>\n<meta name=\"twitter:label1\" content=\"Skrevet av\" \/>\n\t<meta name=\"twitter:data1\" content=\"Ole Andersen\" \/>\n\t<meta name=\"twitter:label2\" content=\"Ansl. lesetid\" \/>\n\t<meta name=\"twitter:data2\" content=\"3 minutter\" \/>\n<script type=\"application\/ld+json\" class=\"yoast-schema-graph\">{\"@context\":\"https:\/\/schema.org\",\"@graph\":[{\"@type\":\"Article\",\"@id\":\"https:\/\/nordnesrepublikken.no\/index.php\/2025\/12\/31\/macron-planlegger-a-forby-sosiale-medier-for-tenaringer-i-frankrike-i-2026\/#article\",\"isPartOf\":{\"@id\":\"https:\/\/nordnesrepublikken.no\/index.php\/2025\/12\/31\/macron-planlegger-a-forby-sosiale-medier-for-tenaringer-i-frankrike-i-2026\/\"},\"author\":{\"name\":\"Ole Andersen\",\"@id\":\"https:\/\/nordnesrepublikken.no\/#\/schema\/person\/2e7e81935bab77882fffb79296240ff1\"},\"headline\":\"Macron planlegger \u00e5 forby sosiale medier for ten\u00e5ringer i Frankrike i 2026\",\"datePublished\":\"2025-12-31T16:50:44+00:00\",\"dateModified\":\"2025-12-31T16:50:45+00:00\",\"mainEntityOfPage\":{\"@id\":\"https:\/\/nordnesrepublikken.no\/index.php\/2025\/12\/31\/macron-planlegger-a-forby-sosiale-medier-for-tenaringer-i-frankrike-i-2026\/\"},\"wordCount\":618,\"publisher\":{\"@id\":\"https:\/\/nordnesrepublikken.no\/#organization\"},\"image\":{\"@id\":\"https:\/\/nordnesrepublikken.no\/index.php\/2025\/12\/31\/macron-planlegger-a-forby-sosiale-medier-for-tenaringer-i-frankrike-i-2026\/#primaryimage\"},\"thumbnailUrl\":\"https:\/\/nordnesrepublikken.no\/wp-content\/uploads\/2025\/12\/1767199845_Macron-planlegger-a-forby-sosiale-medier-for-tenaringer-i-Frankrike.jpg\",\"keywords\":[\"forby\",\"Frankrike\",\"Macron\",\"medier\",\"Planlegger\",\"sosiale\",\"ten\u00e5ringer\"],\"articleSection\":[\"Livsstil\"],\"inLanguage\":\"nb-NO\"},{\"@type\":\"WebPage\",\"@id\":\"https:\/\/nordnesrepublikken.no\/index.php\/2025\/12\/31\/macron-planlegger-a-forby-sosiale-medier-for-tenaringer-i-frankrike-i-2026\/\",\"url\":\"https:\/\/nordnesrepublikken.no\/index.php\/2025\/12\/31\/macron-planlegger-a-forby-sosiale-medier-for-tenaringer-i-frankrike-i-2026\/\",\"name\":\"Macron planlegger \u00e5 forby sosiale medier for ten\u00e5ringer i Frankrike i 2026 - Nordnesrepublikken\",\"isPartOf\":{\"@id\":\"https:\/\/nordnesrepublikken.no\/#website\"},\"primaryImageOfPage\":{\"@id\":\"https:\/\/nordnesrepublikken.no\/index.php\/2025\/12\/31\/macron-planlegger-a-forby-sosiale-medier-for-tenaringer-i-frankrike-i-2026\/#primaryimage\"},\"image\":{\"@id\":\"https:\/\/nordnesrepublikken.no\/index.php\/2025\/12\/31\/macron-planlegger-a-forby-sosiale-medier-for-tenaringer-i-frankrike-i-2026\/#primaryimage\"},\"thumbnailUrl\":\"https:\/\/nordnesrepublikken.no\/wp-content\/uploads\/2025\/12\/1767199845_Macron-planlegger-a-forby-sosiale-medier-for-tenaringer-i-Frankrike.jpg\",\"datePublished\":\"2025-12-31T16:50:44+00:00\",\"dateModified\":\"2025-12-31T16:50:45+00:00\",\"breadcrumb\":{\"@id\":\"https:\/\/nordnesrepublikken.no\/index.php\/2025\/12\/31\/macron-planlegger-a-forby-sosiale-medier-for-tenaringer-i-frankrike-i-2026\/#breadcrumb\"},\"inLanguage\":\"nb-NO\",\"potentialAction\":[{\"@type\":\"ReadAction\",\"target\":[\"https:\/\/nordnesrepublikken.no\/index.php\/2025\/12\/31\/macron-planlegger-a-forby-sosiale-medier-for-tenaringer-i-frankrike-i-2026\/\"]}]},{\"@type\":\"ImageObject\",\"inLanguage\":\"nb-NO\",\"@id\":\"https:\/\/nordnesrepublikken.no\/index.php\/2025\/12\/31\/macron-planlegger-a-forby-sosiale-medier-for-tenaringer-i-frankrike-i-2026\/#primaryimage\",\"url\":\"https:\/\/nordnesrepublikken.no\/wp-content\/uploads\/2025\/12\/1767199845_Macron-planlegger-a-forby-sosiale-medier-for-tenaringer-i-Frankrike.jpg\",\"contentUrl\":\"https:\/\/nordnesrepublikken.no\/wp-content\/uploads\/2025\/12\/1767199845_Macron-planlegger-a-forby-sosiale-medier-for-tenaringer-i-Frankrike.jpg\",\"width\":1200,\"height\":800,\"caption\":\"Macron planlegger \u00e5 forby sosiale medier for ten\u00e5ringer i Frankrike i 2026\"},{\"@type\":\"BreadcrumbList\",\"@id\":\"https:\/\/nordnesrepublikken.no\/index.php\/2025\/12\/31\/macron-planlegger-a-forby-sosiale-medier-for-tenaringer-i-frankrike-i-2026\/#breadcrumb\",\"itemListElement\":[{\"@type\":\"ListItem\",\"position\":1,\"name\":\"Home\",\"item\":\"https:\/\/nordnesrepublikken.no\/\"},{\"@type\":\"ListItem\",\"position\":2,\"name\":\"Macron planlegger \u00e5 forby sosiale medier for ten\u00e5ringer i Frankrike i 2026\"}]},{\"@type\":\"WebSite\",\"@id\":\"https:\/\/nordnesrepublikken.no\/#website\",\"url\":\"https:\/\/nordnesrepublikken.no\/\",\"name\":\"Nordnesrepublikken\",\"description\":\"Stemmer og Visjoner fra Republikkens Hjerte\",\"publisher\":{\"@id\":\"https:\/\/nordnesrepublikken.no\/#organization\"},\"potentialAction\":[{\"@type\":\"SearchAction\",\"target\":{\"@type\":\"EntryPoint\",\"urlTemplate\":\"https:\/\/nordnesrepublikken.no\/?s={search_term_string}\"},\"query-input\":{\"@type\":\"PropertyValueSpecification\",\"valueRequired\":true,\"valueName\":\"search_term_string\"}}],\"inLanguage\":\"nb-NO\"},{\"@type\":\"Organization\",\"@id\":\"https:\/\/nordnesrepublikken.no\/#organization\",\"name\":\"Nordnesrepublikken\",\"url\":\"https:\/\/nordnesrepublikken.no\/\",\"logo\":{\"@type\":\"ImageObject\",\"inLanguage\":\"nb-NO\",\"@id\":\"https:\/\/nordnesrepublikken.no\/#\/schema\/logo\/image\/\",\"url\":\"https:\/\/nordnesrepublikken.no\/wp-content\/uploads\/2025\/02\/cropped-nordnesrepublikken-2.png\",\"contentUrl\":\"https:\/\/nordnesrepublikken.no\/wp-content\/uploads\/2025\/02\/cropped-nordnesrepublikken-2.png\",\"width\":1248,\"height\":362,\"caption\":\"Nordnesrepublikken\"},\"image\":{\"@id\":\"https:\/\/nordnesrepublikken.no\/#\/schema\/logo\/image\/\"}},{\"@type\":\"Person\",\"@id\":\"https:\/\/nordnesrepublikken.no\/#\/schema\/person\/2e7e81935bab77882fffb79296240ff1\",\"name\":\"Ole Andersen\",\"image\":{\"@type\":\"ImageObject\",\"inLanguage\":\"nb-NO\",\"@id\":\"https:\/\/nordnesrepublikken.no\/#\/schema\/person\/image\/\",\"url\":\"https:\/\/nordnesrepublikken.no\/wp-content\/uploads\/2025\/02\/nordnesrepublikken-2-2-150x150.jpg\",\"contentUrl\":\"https:\/\/nordnesrepublikken.no\/wp-content\/uploads\/2025\/02\/nordnesrepublikken-2-2-150x150.jpg\",\"caption\":\"Ole Andersen\"},\"description\":\"Ettersom jeg vokste opp i Oslo, har jeg alltid v\u00e6rt fascinert av ordenes kraft og deres evne til \u00e5 skape endringer. Etter \u00e5 ha fullf\u00f8rt min utdannelse i kommunikasjon ved Universitetet i Bergen, fikk jeg muligheten til \u00e5 jobbe innen ulike medier, der jeg har s\u00f8kt \u00e5 belyse viktige samfunnssp\u00f8rsm\u00e5l. I dag, som redakt\u00f8r for Nordnesrepublikken, pr\u00f8ver jeg \u00e5 forene min kj\u00e6rlighet for journalistikk med min lidenskap for innovasjon og eventyr.\",\"sameAs\":[\"https:\/\/nordnesrepublikken.no\/\"]}]}<\/script>\n<!-- \/ Yoast SEO plugin. -->","yoast_head_json":{"title":"Macron planlegger \u00e5 forby sosiale medier for ten\u00e5ringer i Frankrike i 2026 - Nordnesrepublikken","robots":{"index":"index","follow":"follow","max-snippet":"max-snippet:-1","max-image-preview":"max-image-preview:large","max-video-preview":"max-video-preview:-1"},"canonical":"https:\/\/nordnesrepublikken.no\/index.php\/2025\/12\/31\/macron-planlegger-a-forby-sosiale-medier-for-tenaringer-i-frankrike-i-2026\/","og_locale":"nb_NO","og_type":"article","og_title":"Macron planlegger \u00e5 forby sosiale medier for ten\u00e5ringer i Frankrike i 2026 - Nordnesrepublikken","og_description":"Frankrikes president Macron presser p\u00e5 med ny lovgivning for f\u00f8rste gang i Europa for \u00e5","og_url":"https:\/\/nordnesrepublikken.no\/index.php\/2025\/12\/31\/macron-planlegger-a-forby-sosiale-medier-for-tenaringer-i-frankrike-i-2026\/","og_site_name":"Nordnesrepublikken","article_published_time":"2025-12-31T16:50:44+00:00","article_modified_time":"2025-12-31T16:50:45+00:00","og_image":[{"width":1200,"height":800,"url":"https:\/\/nordnesrepublikken.no\/wp-content\/uploads\/2025\/12\/1767199845_Macron-planlegger-a-forby-sosiale-medier-for-tenaringer-i-Frankrike.jpg","type":"image\/jpeg"}],"author":"Ole Andersen","twitter_card":"summary_large_image","twitter_misc":{"Skrevet av":"Ole Andersen","Ansl. lesetid":"3 minutter"},"schema":{"@context":"https:\/\/schema.org","@graph":[{"@type":"Article","@id":"https:\/\/nordnesrepublikken.no\/index.php\/2025\/12\/31\/macron-planlegger-a-forby-sosiale-medier-for-tenaringer-i-frankrike-i-2026\/#article","isPartOf":{"@id":"https:\/\/nordnesrepublikken.no\/index.php\/2025\/12\/31\/macron-planlegger-a-forby-sosiale-medier-for-tenaringer-i-frankrike-i-2026\/"},"author":{"name":"Ole Andersen","@id":"https:\/\/nordnesrepublikken.no\/#\/schema\/person\/2e7e81935bab77882fffb79296240ff1"},"headline":"Macron planlegger \u00e5 forby sosiale medier for ten\u00e5ringer i Frankrike i 2026","datePublished":"2025-12-31T16:50:44+00:00","dateModified":"2025-12-31T16:50:45+00:00","mainEntityOfPage":{"@id":"https:\/\/nordnesrepublikken.no\/index.php\/2025\/12\/31\/macron-planlegger-a-forby-sosiale-medier-for-tenaringer-i-frankrike-i-2026\/"},"wordCount":618,"publisher":{"@id":"https:\/\/nordnesrepublikken.no\/#organization"},"image":{"@id":"https:\/\/nordnesrepublikken.no\/index.php\/2025\/12\/31\/macron-planlegger-a-forby-sosiale-medier-for-tenaringer-i-frankrike-i-2026\/#primaryimage"},"thumbnailUrl":"https:\/\/nordnesrepublikken.no\/wp-content\/uploads\/2025\/12\/1767199845_Macron-planlegger-a-forby-sosiale-medier-for-tenaringer-i-Frankrike.jpg","keywords":["forby","Frankrike","Macron","medier","Planlegger","sosiale","ten\u00e5ringer"],"articleSection":["Livsstil"],"inLanguage":"nb-NO"},{"@type":"WebPage","@id":"https:\/\/nordnesrepublikken.no\/index.php\/2025\/12\/31\/macron-planlegger-a-forby-sosiale-medier-for-tenaringer-i-frankrike-i-2026\/","url":"https:\/\/nordnesrepublikken.no\/index.php\/2025\/12\/31\/macron-planlegger-a-forby-sosiale-medier-for-tenaringer-i-frankrike-i-2026\/","name":"Macron planlegger \u00e5 forby sosiale medier for ten\u00e5ringer i Frankrike i 2026 - Nordnesrepublikken","isPartOf":{"@id":"https:\/\/nordnesrepublikken.no\/#website"},"primaryImageOfPage":{"@id":"https:\/\/nordnesrepublikken.no\/index.php\/2025\/12\/31\/macron-planlegger-a-forby-sosiale-medier-for-tenaringer-i-frankrike-i-2026\/#primaryimage"},"image":{"@id":"https:\/\/nordnesrepublikken.no\/index.php\/2025\/12\/31\/macron-planlegger-a-forby-sosiale-medier-for-tenaringer-i-frankrike-i-2026\/#primaryimage"},"thumbnailUrl":"https:\/\/nordnesrepublikken.no\/wp-content\/uploads\/2025\/12\/1767199845_Macron-planlegger-a-forby-sosiale-medier-for-tenaringer-i-Frankrike.jpg","datePublished":"2025-12-31T16:50:44+00:00","dateModified":"2025-12-31T16:50:45+00:00","breadcrumb":{"@id":"https:\/\/nordnesrepublikken.no\/index.php\/2025\/12\/31\/macron-planlegger-a-forby-sosiale-medier-for-tenaringer-i-frankrike-i-2026\/#breadcrumb"},"inLanguage":"nb-NO","potentialAction":[{"@type":"ReadAction","target":["https:\/\/nordnesrepublikken.no\/index.php\/2025\/12\/31\/macron-planlegger-a-forby-sosiale-medier-for-tenaringer-i-frankrike-i-2026\/"]}]},{"@type":"ImageObject","inLanguage":"nb-NO","@id":"https:\/\/nordnesrepublikken.no\/index.php\/2025\/12\/31\/macron-planlegger-a-forby-sosiale-medier-for-tenaringer-i-frankrike-i-2026\/#primaryimage","url":"https:\/\/nordnesrepublikken.no\/wp-content\/uploads\/2025\/12\/1767199845_Macron-planlegger-a-forby-sosiale-medier-for-tenaringer-i-Frankrike.jpg","contentUrl":"https:\/\/nordnesrepublikken.no\/wp-content\/uploads\/2025\/12\/1767199845_Macron-planlegger-a-forby-sosiale-medier-for-tenaringer-i-Frankrike.jpg","width":1200,"height":800,"caption":"Macron planlegger \u00e5 forby sosiale medier for ten\u00e5ringer i Frankrike i 2026"},{"@type":"BreadcrumbList","@id":"https:\/\/nordnesrepublikken.no\/index.php\/2025\/12\/31\/macron-planlegger-a-forby-sosiale-medier-for-tenaringer-i-frankrike-i-2026\/#breadcrumb","itemListElement":[{"@type":"ListItem","position":1,"name":"Home","item":"https:\/\/nordnesrepublikken.no\/"},{"@type":"ListItem","position":2,"name":"Macron planlegger \u00e5 forby sosiale medier for ten\u00e5ringer i Frankrike i 2026"}]},{"@type":"WebSite","@id":"https:\/\/nordnesrepublikken.no\/#website","url":"https:\/\/nordnesrepublikken.no\/","name":"Nordnesrepublikken","description":"Stemmer og Visjoner fra Republikkens Hjerte","publisher":{"@id":"https:\/\/nordnesrepublikken.no\/#organization"},"potentialAction":[{"@type":"SearchAction","target":{"@type":"EntryPoint","urlTemplate":"https:\/\/nordnesrepublikken.no\/?s={search_term_string}"},"query-input":{"@type":"PropertyValueSpecification","valueRequired":true,"valueName":"search_term_string"}}],"inLanguage":"nb-NO"},{"@type":"Organization","@id":"https:\/\/nordnesrepublikken.no\/#organization","name":"Nordnesrepublikken","url":"https:\/\/nordnesrepublikken.no\/","logo":{"@type":"ImageObject","inLanguage":"nb-NO","@id":"https:\/\/nordnesrepublikken.no\/#\/schema\/logo\/image\/","url":"https:\/\/nordnesrepublikken.no\/wp-content\/uploads\/2025\/02\/cropped-nordnesrepublikken-2.png","contentUrl":"https:\/\/nordnesrepublikken.no\/wp-content\/uploads\/2025\/02\/cropped-nordnesrepublikken-2.png","width":1248,"height":362,"caption":"Nordnesrepublikken"},"image":{"@id":"https:\/\/nordnesrepublikken.no\/#\/schema\/logo\/image\/"}},{"@type":"Person","@id":"https:\/\/nordnesrepublikken.no\/#\/schema\/person\/2e7e81935bab77882fffb79296240ff1","name":"Ole Andersen","image":{"@type":"ImageObject","inLanguage":"nb-NO","@id":"https:\/\/nordnesrepublikken.no\/#\/schema\/person\/image\/","url":"https:\/\/nordnesrepublikken.no\/wp-content\/uploads\/2025\/02\/nordnesrepublikken-2-2-150x150.jpg","contentUrl":"https:\/\/nordnesrepublikken.no\/wp-content\/uploads\/2025\/02\/nordnesrepublikken-2-2-150x150.jpg","caption":"Ole Andersen"},"description":"Ettersom jeg vokste opp i Oslo, har jeg alltid v\u00e6rt fascinert av ordenes kraft og deres evne til \u00e5 skape endringer. Etter \u00e5 ha fullf\u00f8rt min utdannelse i kommunikasjon ved Universitetet i Bergen, fikk jeg muligheten til \u00e5 jobbe innen ulike medier, der jeg har s\u00f8kt \u00e5 belyse viktige samfunnssp\u00f8rsm\u00e5l. I dag, som redakt\u00f8r for Nordnesrepublikken, pr\u00f8ver jeg \u00e5 forene min kj\u00e6rlighet for journalistikk med min lidenskap for innovasjon og eventyr.","sameAs":["https:\/\/nordnesrepublikken.no\/"]}]}},"_links":{"self":[{"href":"https:\/\/nordnesrepublikken.no\/index.php\/wp-json\/wp\/v2\/posts\/13377","targetHints":{"allow":["GET"]}}],"collection":[{"href":"https:\/\/nordnesrepublikken.no\/index.php\/wp-json\/wp\/v2\/posts"}],"about":[{"href":"https:\/\/nordnesrepublikken.no\/index.php\/wp-json\/wp\/v2\/types\/post"}],"author":[{"embeddable":true,"href":"https:\/\/nordnesrepublikken.no\/index.php\/wp-json\/wp\/v2\/users\/1"}],"replies":[{"embeddable":true,"href":"https:\/\/nordnesrepublikken.no\/index.php\/wp-json\/wp\/v2\/comments?post=13377"}],"version-history":[{"count":1,"href":"https:\/\/nordnesrepublikken.no\/index.php\/wp-json\/wp\/v2\/posts\/13377\/revisions"}],"predecessor-version":[{"id":13379,"href":"https:\/\/nordnesrepublikken.no\/index.php\/wp-json\/wp\/v2\/posts\/13377\/revisions\/13379"}],"wp:featuredmedia":[{"embeddable":true,"href":"https:\/\/nordnesrepublikken.no\/index.php\/wp-json\/wp\/v2\/media\/13378"}],"wp:attachment":[{"href":"https:\/\/nordnesrepublikken.no\/index.php\/wp-json\/wp\/v2\/media?parent=13377"}],"wp:term":[{"taxonomy":"category","embeddable":true,"href":"https:\/\/nordnesrepublikken.no\/index.php\/wp-json\/wp\/v2\/categories?post=13377"},{"taxonomy":"post_tag","embeddable":true,"href":"https:\/\/nordnesrepublikken.no\/index.php\/wp-json\/wp\/v2\/tags?post=13377"}],"curies":[{"name":"wp","href":"https:\/\/api.w.org\/{rel}","templated":true}]}}