{"id":13362,"date":"2025-12-31T08:51:20","date_gmt":"2025-12-31T07:51:20","guid":{"rendered":"https:\/\/nordnesrepublikken.no\/index.php\/2025\/12\/31\/hvor-lang-er-universets-historie-komprimert-til-ett-jordar-hva-er-teorien-om-den-kosmiske-kalenderen\/"},"modified":"2025-12-31T08:51:23","modified_gmt":"2025-12-31T07:51:23","slug":"hvor-lang-er-universets-historie-komprimert-til-ett-jordar-hva-er-teorien-om-den-kosmiske-kalenderen","status":"publish","type":"post","link":"https:\/\/nordnesrepublikken.no\/index.php\/2025\/12\/31\/hvor-lang-er-universets-historie-komprimert-til-ett-jordar-hva-er-teorien-om-den-kosmiske-kalenderen\/","title":{"rendered":"Hvor lang er universets historie komprimert til ett jord\u00e5r? Hva er teorien om den kosmiske kalenderen"},"content":{"rendered":"<div>\n<div class=\"cp_wrapper cp_wrapper--fw mb-30 mb-20@tablet\">\n<figure class=\"mm\"><picture class=\"img\" style=\"padding-top:56.25%\"><source  media=\"(min-width: 1024px)\"><source  media=\"(min-width: 768px)\"><\/source><\/source><\/picture><\/figure>\n<\/p><\/div>\n<p>De <strong>Kosmisk kalender<\/strong> det er en <strong>instrument<\/strong> skapt p\u00e5 1970-tallet av astrofysikeren og popularisatoren <strong>Carl Sagan, <\/strong>og gjenbes\u00f8kt av astrofysiker Neil deGrasse Tyson i dokumentaren <em>Cosmos &#8211; En romtidsodyss\u00e9<\/em>For <strong>orientere seg i universets store tider<\/strong>. Uten \u00e5 g\u00e5 inn p\u00e5 komplekse astronomiske beregninger og formler, vet vi det i dag <strong>fra Big Bang til i dag<\/strong> de bestod n\u00f8yaktig <strong>13 milliarder og 787 millioner \u00e5r<\/strong>. Planeten Jorden ble derimot &laquo;bare&raquo; dannet <strong>4 og en halv milliard \u00e5r siden<\/strong>. Men <strong>hvor lange de er <\/strong>egentlig 13 milliarder og 787 millioner \u00e5r? OG <strong>hvor langt unna de er<\/strong>til sammenligning 4 og en halv milliard \u00e5r?<\/p>\n<p>Fra en tidlig alder er vi vant til \u00e5 snakke om geologiske epoker og historiske epoker som skjedde i <strong>fjerne tider<\/strong>som ofte slipper unna <strong>reell forst\u00e5else av sinnet v\u00e5rt<\/strong>vant til \u00e5 tenke i \u00abmenneskelige\u00bb dager, m\u00e5neder og \u00e5r. F\u00f8lgelig foran <strong>s\u00e5 store tidsskalaer<\/strong> vi er bare i stand til <strong>intuit<\/strong> som var lenge, lenge siden. Men hvor mye, n\u00f8yaktig? Modellen av den kosmiske kalenderen skapt av Sagan lar oss oppfatte den virkelige tidsmessige avstanden mellom hovedhendelsene som har markert universets utvikling, og komprimerer hele den kosmiske historien til et enkelt jordisk \u00e5r: fra <strong>big Bang<\/strong>som i den kosmiske kalenderen faller p\u00e5 slaget av <strong>midnatt 1. januar<\/strong>til <strong>n\u00e5tid<\/strong>representert ved<strong>siste millisekund av 31. desember<\/strong>.<\/p>\n<p>I denne fascinerende reisen gjennom tiden <strong>Jord<\/strong> vises kun annonse <strong>august<\/strong>mens jeg <strong>dinosaurer<\/strong> de dukker opp p\u00e5 planeten for f\u00f8rste gang <strong>25. desember, <\/strong>og s\u00e5 forsvant 5 dager senere. Historien til<strong>mann<\/strong>derimot, opptar knapt <strong>14 sekunder<\/strong>for \u00e5 minne oss p\u00e5 hvor kort historien v\u00e5r er sammenlignet med den enorme kosmiske tiden.<\/p>\n<h2><strong>Hvordan Carl Sagans kosmiske kalender fungerer<\/strong><\/h2>\n<p>En av fedrene til moderne vitenskapelig formidling, den<strong>Den amerikanske astrofysikeren Carl Sagan<\/strong>oppfant et knep for \u00e5 <strong>&laquo;navigere&raquo; i kosmisk tid<\/strong>: komprimer hele <strong>universets historie<\/strong> i <strong>et enkelt jord\u00e5r.<\/strong> If\u00f8lge denne modellen, kalt <strong>Kosmisk kalender<\/strong>inntreffer Big Bang ved midnatt<strong> 1. januar<\/strong>mens det siste millisekundet av <strong>31. desember<\/strong> representerer n\u00e5tiden, selv n\u00e5r du leser denne artikkelen. P\u00e5 denne m\u00e5ten <strong>hver m\u00e5ned <\/strong>av den kosmiske kalenderen varer ca <strong>1,15 milliarder \u00e5r<\/strong>, <strong>hver dag <\/strong>tilsvarer <strong>40 millioner \u00e5r, hver time <\/strong>det er verdt det<strong> nesten 2 millioner \u00e5r<\/strong> Og <strong>hvert sekund <\/strong>ca<strong> 437,5 \u00e5r.<\/strong><\/p>\n<p>Men s\u00e5, hvis <strong>la oss bla gjennom denne kalenderen,<\/strong> Hvor lang tid har egentlig g\u00e5tt siden Big Bang? Og fremfor alt, <strong>n\u00e5r starter det<\/strong> (og hvor lenge) det varer <strong>menneskets historie<\/strong>?<\/p>\n<div class=\"cp_wrapper cp_wrapper--fw mb-50\">\n<figure class=\"mm\"><picture class=\"img\" style=\"padding-top:66.666666666667%\"><source  media=\"(min-width: 1024px)\"><source  media=\"(min-width: 768px)\"><img decoding=\"async\" loading=\"lazy\" src=\"https:\/\/nordnesrepublikken.no\/wp-content\/uploads\/2025\/12\/1767167480_363_Hvor-lang-er-universets-historie-komprimert-til-ett-jordar-Hva.jpg\" alt=\"Kosmisk kalender\" width=\"960\" height=\"640\"\/><\/source><\/source><\/picture><\/figure>\n<\/p><\/div>\n<h2><strong>1. januar blir universet f\u00f8dt<\/strong><\/h2>\n<p>Om <strong>For 14 milliarder \u00e5r siden,<\/strong> en ekstremt varm og tett tilstand begynte \u00e5 utvide seg og ga opphav <strong>til tid, energi og all materie <\/strong>hvorfra <strong>f\u00f8rste stjerner<\/strong>. Denne begivenheten kaller vi i dag <strong>big Bang<\/strong>. I <strong>kosmisk kalender<\/strong>det bare slo til <strong>midnatt 1. januar<\/strong>: det n\u00f8yaktige \u00f8yeblikket universet ble f\u00f8dt.<\/p>\n<div class=\"cp_wrapper cp_wrapper--fw mb-50\">\n<figure class=\"mm\"><picture class=\"img\" style=\"padding-top:88.64%\"><source  media=\"(min-width: 1024px)\"><source  media=\"(min-width: 768px)\"><img decoding=\"async\" loading=\"lazy\" src=\"https:\/\/nordnesrepublikken.no\/wp-content\/uploads\/2025\/12\/1767167480_264_Hvor-lang-er-universets-historie-komprimert-til-ett-jordar-Hva.jpg\" alt=\"universets utvidelse\" width=\"1250\" height=\"1108\" class=\"js-seedtag-img\"\/><\/source><\/source><\/picture><\/figure>\n<\/p><\/div>\n<h2><strong>mars oppst\u00e5r Melkeveien<\/strong><\/h2>\n<p>I de f\u00f8lgende <strong>3 milliarder \u00e5r,<\/strong> stjernene i universet begynte \u00e5 gruppere seg, og ga opphav til de f\u00f8rste galaksene. Der <strong>Melkeveien<\/strong>galaksen som v\u00e5r tilh\u00f8rer <strong>Solsystemet, <\/strong>den dukket opp for rundt 11 milliarder \u00e5r siden. I den kosmiske kalenderen <strong>15. mars<\/strong>.<\/p>\n<div class=\"cp_wrapper cp_wrapper--fw mb-50\">\n<figure class=\"mm\"><picture class=\"img\" style=\"padding-top:66.435185185185%\"><source  media=\"(min-width: 1024px)\"><source  media=\"(min-width: 768px)\"><img decoding=\"async\" loading=\"lazy\" src=\"https:\/\/nordnesrepublikken.no\/wp-content\/uploads\/2025\/12\/1767167480_36_Hvor-lang-er-universets-historie-komprimert-til-ett-jordar-Hva.jpg\" alt=\"Melkeveien\" width=\"3888\" height=\"2583\"\/><\/source><\/source><\/picture><\/figure>\n<\/p><\/div>\n<h2><strong>august dannes solsystemet<\/strong><\/h2>\n<p>Det er bare kl <strong>31. august<\/strong>ca <strong>5 milliarder \u00e5r siden,<\/strong> at foreldrestjernen til v\u00e5rt solsystem, den <strong>Sol, <\/strong>begynner \u00e5 skinne. Samtidig, rundt dens bane, kolliderer fragmenter av kosmisk materie med hverandre og danner bl.a <strong>planetene i solsystemet<\/strong>. Blant disse er det ogs\u00e5 v\u00e5r <strong>Jord<\/strong>.<\/p>\n<div class=\"cp_wrapper cp_wrapper--fw mb-50\">\n<figure class=\"mm\"><picture class=\"img\" style=\"padding-top:56.25%\"><source  media=\"(min-width: 1024px)\"><source  media=\"(min-width: 768px)\"><img decoding=\"async\" loading=\"lazy\" src=\"https:\/\/nordnesrepublikken.no\/wp-content\/uploads\/2025\/12\/1767167480_669_Hvor-lang-er-universets-historie-komprimert-til-ett-jordar-Hva.jpg\" alt=\"solsystemet\" width=\"1920\" height=\"1080\" class=\"js-seedtag-img\"\/><\/source><\/source><\/picture><\/figure>\n<\/p><\/div>\n<h2><strong>september, de f\u00f8rste levende organismer<\/strong><\/h2>\n<p>I sine f\u00f8rste millioner leve\u00e5r dukket planeten Jorden opp som et lag av <strong>smeltet stein<\/strong> str\u00f8dd med vulkaner og med en atmosf\u00e6re rik p\u00e5 gass <strong>uforenlig med dagens liv<\/strong>. Imidlertid rundt <strong>20. september <\/strong>av den kosmiske kalenderen (ca <strong>3 og en halv milliard \u00e5r siden<\/strong>), dukket de f\u00f8rste opp <strong>organiske molekyler<\/strong>kanskje fraktet av <strong>rom<\/strong> <strong>fra en meteoritt<\/strong> eller takket v\u00e6re <strong>kjemiske reaksjoner<\/strong> skjedde i en <strong>urbuljong. <\/strong>Disse molekylene aggregerte og gir opphav til <strong>f\u00f8rste levende organismer,<\/strong> som lever av <strong>karbondioksid<\/strong> og slipper <strong>oksygen<\/strong> satte i gang en radikal transformasjon av planeten v\u00e5r. Jordens atmosf\u00e6re ble beriket med oksygen, og skapte <strong>forhold<\/strong> som ville ha tillatt disse tidlige organismene <strong>utvikle seg og kolonisere hele planeten<\/strong>. Fra dette \u00f8yeblikket, p\u00e5 h\u00f8sten av den kosmiske kalenderen, begynner historien til historien <strong>livet p\u00e5 jorden<\/strong>.<\/p>\n<h2><strong>desember, de f\u00f8rste amfibiene og pattedyrene<\/strong><\/h2>\n<p>De f\u00f8rste livsformene som er mest kjent for oss dukket bare opp i<strong>siste uke f\u00f8r \u00e5rets slutt<\/strong> av den kosmiske kalenderen. Rundt 23. desember utviklet de seg <strong>amfibier<\/strong>, <strong>reptiler, fugler,<\/strong> sammen med de f\u00f8rste <strong>tr\u00e6r<\/strong>. DE <strong>dinosaurer<\/strong> de dukket opp bare om dagen<strong> av julen<\/strong>mens de f\u00f8rste sm\u00e5 <strong>pattedyr<\/strong> de ble f\u00f8dt f\u00f8rst 26. desember, for omtrent 200 millioner \u00e5r siden.<\/p>\n<div class=\"cp_wrapper cp_wrapper--fw mb-50\">\n<figure class=\"mm\"><picture class=\"img\" style=\"padding-top:66.40625%\"><source  media=\"(min-width: 1024px)\"><source  media=\"(min-width: 768px)\"><img decoding=\"async\" loading=\"lazy\" src=\"https:\/\/nordnesrepublikken.no\/wp-content\/uploads\/2025\/12\/1767167480_29_Hvor-lang-er-universets-historie-komprimert-til-ett-jordar-Hva.jpg\" alt=\"f\u00f8rste fossiler p\u00e5 jorden\" width=\"2048\" height=\"1360\"\/><\/source><\/source><\/picture><\/figure>\n<\/p><\/div>\n<h2>30. desember, utryddelse av dinosaurene<\/h2>\n<p>Klokken 06.24 den 30. desember i den kosmiske kalenderen skjedde en hendelse som var bestemt til \u00e5 forandre livets historie p\u00e5 jorden for alltid: en <strong>stor asteroide<\/strong> p\u00e5virker jorden og for\u00e5rsaker<strong>utryddelse av dinosaurene<\/strong>etter &laquo;bare&raquo; 5 dager av den kosmiske kalenderen (og 150<strong> millioner av jord\u00e5r<\/strong>). Fra dette \u00f8yeblikket <strong>pattedyr<\/strong>som til da levde \u00abi skyggen\u00bb av dinosaurene, vil arve planeten og begynne den lange oppstigningen som mye senere vil f\u00f8re til diversifisering av de ulike artene som befolker jorden i dag.<\/p>\n<h2>31. desember, mann<\/h2>\n<p>Det f\u00f8rste mennesket dukker opp p\u00e5 jorden f\u00f8rst kl <strong>22.24 31. desember<\/strong>. Forel\u00f8pig er den fortsatt ikke s\u00e5 forskjellig fra en sjimpanse. Men i de f\u00f8lgende timene <strong>neocortex,<\/strong> den delen av hjernen som er ansvarlig for de mest sofistikerte kognitive funksjonene vil begynne \u00e5 utvide seg betydelig sammenlignet med dens &laquo;kusiner&raquo;. Fra det \u00f8yeblikket vil mennesket l\u00e6re det <strong>forestille seg, planlegge og kommunisere p\u00e5 en stadig mer kompleks m\u00e5te.<\/strong> Mens stammene og de f\u00f8rste arbeidsredskapene ble f\u00f8dt, skapte s\u00e5ledes den f\u00f8rste &laquo;kunstneren&raquo; i historien i Sulawesi (i Indonesia) den f\u00f8rste <strong>bergmaleri<\/strong>legger grunnlaget for <strong>all kunst og kultur<\/strong> som vi kjenner i dag. Bare noen f\u00e5 minutter f\u00f8r slutten av \u00e5ret begynner mennesket dermed sin reise p\u00e5 jorden, og gir opphav til <strong>v\u00e5r historie<\/strong>.<\/p>\n<div class=\"cp_wrapper cp_wrapper--fw mb-50\">\n<figure class=\"mm\"><picture class=\"img\" style=\"padding-top:87.621414050147%\"><source  media=\"(min-width: 1024px)\"><source  media=\"(min-width: 768px)\"><img decoding=\"async\" loading=\"lazy\" src=\"https:\/\/nordnesrepublikken.no\/wp-content\/uploads\/2025\/12\/1767167480_257_Hvor-lang-er-universets-historie-komprimert-til-ett-jordar-Hva.jpg\" alt=\"f\u00f8rste bergmaleri\" width=\"4427\" height=\"3879\" class=\"js-seedtag-img\"\/><\/source><\/source><\/picture><\/figure>\n<\/p><\/div>\n<h2>31. desember \u2013 23.59, menneskets historie<\/h2>\n<p>De er <strong>23.59 og 46 sekunder<\/strong>. Nedtellingen begynner f\u00f8r slutten av \u00e5ret. Det er bare 14 sekunder igjen til midnatt n\u00e5r, bare <strong>6000 \u00e5r siden<\/strong>mennesket finner opp <strong>skriving,<\/strong> forlater<strong> en skriftlig journal <\/strong>av skrittene hans. Slik ble f\u00f8dt <strong>historie<\/strong>. Alle kongene, erobringene, kj\u00e6rlighetene og diktene vi har lest i historieb\u00f8kene passer n\u00f8yaktig inn i <strong>siste 14 sekunder<\/strong> av den kosmiske kalenderen.<\/p>\n<p>I <strong>siste 10 sekunder<\/strong> figurer som Jesus, Julius C\u00e6sar, Muhammed og Kleopatra dukker opp, mens bare <strong>2 sekunder f\u00f8r midnatt<\/strong>krysser Christopher Columbus Atlanterhavet og invaderer Amerika. i&#8217;<strong>siste sekund<\/strong>tar den vitenskapelige revolusjonen over: mens <strong>Galileo Galilei<\/strong> observere nye verdener med teleskopet, <strong>Neil Armstrong<\/strong> setter sine fotspor p\u00e5 m\u00e5nen og <strong>Tim Berners-Lee <\/strong>utf\u00f8re det f\u00f8rste s\u00f8ket p\u00e5 <strong>World Wide Web<\/strong>.<\/p>\n<div class=\"cp_wrapper cp_wrapper--fw mb-50\">\n<figure class=\"mm\"><picture class=\"img\" style=\"padding-top:89.6484375%\"><source  media=\"(min-width: 1024px)\"><source  media=\"(min-width: 768px)\"><img decoding=\"async\" loading=\"lazy\" src=\"https:\/\/nordnesrepublikken.no\/wp-content\/uploads\/2025\/12\/1767167480_398_Hvor-lang-er-universets-historie-komprimert-til-ett-jordar-Hva.jpg\" alt=\"f\u00f8rste skritt p\u00e5 m\u00e5nen\" width=\"1024\" height=\"918\"\/><\/source><\/source><\/picture><\/figure>\n<\/p><\/div>\n<h2>31. desember \u2013 23.59.59, i dag<\/h2>\n<p>Etter en lang reise gjennom kosmisk tid, har vi endelig kommet <strong>i siste \u00f8yeblikk av siste sekund<\/strong> av 31. desember i den kosmiske kalenderen: den <strong>n\u00e5v\u00e6rende<\/strong>. Det er det n\u00f8yaktige \u00f8yeblikket du leser disse ordene, etter \u00e5 ha g\u00e5tt tilbake i 365 dager <strong>(eller 14 milliarder \u00e5r) av universets historie<\/strong> beundrer enormheten av <strong>kosmisk tid<\/strong>hvor historien vi kjenner varer <strong>bare 14 sekunder.<\/strong><\/p>\n<\/p><\/div>\n","protected":false},"excerpt":{"rendered":"<p>De Kosmisk kalender det er en instrument skapt p\u00e5 1970-tallet av astrofysikeren og popularisatoren Carl<\/p>\n","protected":false},"author":1,"featured_media":13363,"comment_status":"closed","ping_status":"open","sticky":false,"template":"","format":"standard","meta":{"footnotes":""},"categories":[26],"tags":[74,3201,331,144,449,8797,4551,8796,75,4716,6003,117,8795],"class_list":["post-13362","post","type-post","status-publish","format-standard","has-post-thumbnail","hentry","category-miljo","tag-den","tag-ett","tag-historie","tag-hva","tag-hvor","tag-jordar","tag-kalenderen","tag-komprimert","tag-kosmiske","tag-lang","tag-teorien","tag-til","tag-universets","generate-columns","tablet-grid-50","mobile-grid-100","grid-parent","grid-33","resize-featured-image"],"yoast_head":"<!-- This site is optimized with the Yoast SEO plugin v24.4 - https:\/\/yoast.com\/wordpress\/plugins\/seo\/ -->\n<title>Hvor lang er universets historie komprimert til ett jord\u00e5r? Hva er teorien om den kosmiske kalenderen - Nordnesrepublikken<\/title>\n<meta name=\"robots\" content=\"index, follow, max-snippet:-1, max-image-preview:large, max-video-preview:-1\" \/>\n<link rel=\"canonical\" href=\"https:\/\/nordnesrepublikken.no\/index.php\/2025\/12\/31\/hvor-lang-er-universets-historie-komprimert-til-ett-jordar-hva-er-teorien-om-den-kosmiske-kalenderen\/\" \/>\n<meta property=\"og:locale\" content=\"nb_NO\" \/>\n<meta property=\"og:type\" content=\"article\" \/>\n<meta property=\"og:title\" content=\"Hvor lang er universets historie komprimert til ett jord\u00e5r? Hva er teorien om den kosmiske kalenderen - Nordnesrepublikken\" \/>\n<meta property=\"og:description\" content=\"De Kosmisk kalender det er en instrument skapt p\u00e5 1970-tallet av astrofysikeren og popularisatoren Carl\" \/>\n<meta property=\"og:url\" content=\"https:\/\/nordnesrepublikken.no\/index.php\/2025\/12\/31\/hvor-lang-er-universets-historie-komprimert-til-ett-jordar-hva-er-teorien-om-den-kosmiske-kalenderen\/\" \/>\n<meta property=\"og:site_name\" content=\"Nordnesrepublikken\" \/>\n<meta property=\"article:published_time\" content=\"2025-12-31T07:51:20+00:00\" \/>\n<meta property=\"article:modified_time\" content=\"2025-12-31T07:51:23+00:00\" \/>\n<meta property=\"og:image\" content=\"https:\/\/nordnesrepublikken.no\/wp-content\/uploads\/2025\/12\/1767167481_Hvor-lang-er-universets-historie-komprimert-til-ett-jordar-Hva.jpg\" \/>\n\t<meta property=\"og:image:width\" content=\"2121\" \/>\n\t<meta property=\"og:image:height\" content=\"1414\" \/>\n\t<meta property=\"og:image:type\" content=\"image\/jpeg\" \/>\n<meta name=\"author\" content=\"Ole Andersen\" \/>\n<meta name=\"twitter:card\" content=\"summary_large_image\" \/>\n<meta name=\"twitter:label1\" content=\"Skrevet av\" \/>\n\t<meta name=\"twitter:data1\" content=\"Ole Andersen\" \/>\n\t<meta name=\"twitter:label2\" content=\"Ansl. lesetid\" \/>\n\t<meta name=\"twitter:data2\" content=\"6 minutter\" \/>\n<script type=\"application\/ld+json\" class=\"yoast-schema-graph\">{\"@context\":\"https:\/\/schema.org\",\"@graph\":[{\"@type\":\"Article\",\"@id\":\"https:\/\/nordnesrepublikken.no\/index.php\/2025\/12\/31\/hvor-lang-er-universets-historie-komprimert-til-ett-jordar-hva-er-teorien-om-den-kosmiske-kalenderen\/#article\",\"isPartOf\":{\"@id\":\"https:\/\/nordnesrepublikken.no\/index.php\/2025\/12\/31\/hvor-lang-er-universets-historie-komprimert-til-ett-jordar-hva-er-teorien-om-den-kosmiske-kalenderen\/\"},\"author\":{\"name\":\"Ole Andersen\",\"@id\":\"https:\/\/nordnesrepublikken.no\/#\/schema\/person\/2e7e81935bab77882fffb79296240ff1\"},\"headline\":\"Hvor lang er universets historie komprimert til ett jord\u00e5r? Hva er teorien om den kosmiske kalenderen\",\"datePublished\":\"2025-12-31T07:51:20+00:00\",\"dateModified\":\"2025-12-31T07:51:23+00:00\",\"mainEntityOfPage\":{\"@id\":\"https:\/\/nordnesrepublikken.no\/index.php\/2025\/12\/31\/hvor-lang-er-universets-historie-komprimert-til-ett-jordar-hva-er-teorien-om-den-kosmiske-kalenderen\/\"},\"wordCount\":1180,\"publisher\":{\"@id\":\"https:\/\/nordnesrepublikken.no\/#organization\"},\"image\":{\"@id\":\"https:\/\/nordnesrepublikken.no\/index.php\/2025\/12\/31\/hvor-lang-er-universets-historie-komprimert-til-ett-jordar-hva-er-teorien-om-den-kosmiske-kalenderen\/#primaryimage\"},\"thumbnailUrl\":\"https:\/\/nordnesrepublikken.no\/wp-content\/uploads\/2025\/12\/1767167481_Hvor-lang-er-universets-historie-komprimert-til-ett-jordar-Hva.jpg\",\"keywords\":[\"den\",\"ett\",\"historie\",\"Hva\",\"hvor\",\"jord\u00e5r\",\"kalenderen\",\"komprimert\",\"kosmiske\",\"lang\",\"teorien\",\"til\",\"universets\"],\"articleSection\":[\"Milj\u00f8\"],\"inLanguage\":\"nb-NO\"},{\"@type\":\"WebPage\",\"@id\":\"https:\/\/nordnesrepublikken.no\/index.php\/2025\/12\/31\/hvor-lang-er-universets-historie-komprimert-til-ett-jordar-hva-er-teorien-om-den-kosmiske-kalenderen\/\",\"url\":\"https:\/\/nordnesrepublikken.no\/index.php\/2025\/12\/31\/hvor-lang-er-universets-historie-komprimert-til-ett-jordar-hva-er-teorien-om-den-kosmiske-kalenderen\/\",\"name\":\"Hvor lang er universets historie komprimert til ett jord\u00e5r? Hva er teorien om den kosmiske kalenderen - Nordnesrepublikken\",\"isPartOf\":{\"@id\":\"https:\/\/nordnesrepublikken.no\/#website\"},\"primaryImageOfPage\":{\"@id\":\"https:\/\/nordnesrepublikken.no\/index.php\/2025\/12\/31\/hvor-lang-er-universets-historie-komprimert-til-ett-jordar-hva-er-teorien-om-den-kosmiske-kalenderen\/#primaryimage\"},\"image\":{\"@id\":\"https:\/\/nordnesrepublikken.no\/index.php\/2025\/12\/31\/hvor-lang-er-universets-historie-komprimert-til-ett-jordar-hva-er-teorien-om-den-kosmiske-kalenderen\/#primaryimage\"},\"thumbnailUrl\":\"https:\/\/nordnesrepublikken.no\/wp-content\/uploads\/2025\/12\/1767167481_Hvor-lang-er-universets-historie-komprimert-til-ett-jordar-Hva.jpg\",\"datePublished\":\"2025-12-31T07:51:20+00:00\",\"dateModified\":\"2025-12-31T07:51:23+00:00\",\"breadcrumb\":{\"@id\":\"https:\/\/nordnesrepublikken.no\/index.php\/2025\/12\/31\/hvor-lang-er-universets-historie-komprimert-til-ett-jordar-hva-er-teorien-om-den-kosmiske-kalenderen\/#breadcrumb\"},\"inLanguage\":\"nb-NO\",\"potentialAction\":[{\"@type\":\"ReadAction\",\"target\":[\"https:\/\/nordnesrepublikken.no\/index.php\/2025\/12\/31\/hvor-lang-er-universets-historie-komprimert-til-ett-jordar-hva-er-teorien-om-den-kosmiske-kalenderen\/\"]}]},{\"@type\":\"ImageObject\",\"inLanguage\":\"nb-NO\",\"@id\":\"https:\/\/nordnesrepublikken.no\/index.php\/2025\/12\/31\/hvor-lang-er-universets-historie-komprimert-til-ett-jordar-hva-er-teorien-om-den-kosmiske-kalenderen\/#primaryimage\",\"url\":\"https:\/\/nordnesrepublikken.no\/wp-content\/uploads\/2025\/12\/1767167481_Hvor-lang-er-universets-historie-komprimert-til-ett-jordar-Hva.jpg\",\"contentUrl\":\"https:\/\/nordnesrepublikken.no\/wp-content\/uploads\/2025\/12\/1767167481_Hvor-lang-er-universets-historie-komprimert-til-ett-jordar-Hva.jpg\",\"width\":2121,\"height\":1414,\"caption\":\"Hvor lang er universets historie komprimert til ett jord\u00e5r? Hva er teorien om den kosmiske kalenderen\"},{\"@type\":\"BreadcrumbList\",\"@id\":\"https:\/\/nordnesrepublikken.no\/index.php\/2025\/12\/31\/hvor-lang-er-universets-historie-komprimert-til-ett-jordar-hva-er-teorien-om-den-kosmiske-kalenderen\/#breadcrumb\",\"itemListElement\":[{\"@type\":\"ListItem\",\"position\":1,\"name\":\"Home\",\"item\":\"https:\/\/nordnesrepublikken.no\/\"},{\"@type\":\"ListItem\",\"position\":2,\"name\":\"Hvor lang er universets historie komprimert til ett jord\u00e5r? Hva er teorien om den kosmiske kalenderen\"}]},{\"@type\":\"WebSite\",\"@id\":\"https:\/\/nordnesrepublikken.no\/#website\",\"url\":\"https:\/\/nordnesrepublikken.no\/\",\"name\":\"Nordnesrepublikken\",\"description\":\"Stemmer og Visjoner fra Republikkens Hjerte\",\"publisher\":{\"@id\":\"https:\/\/nordnesrepublikken.no\/#organization\"},\"potentialAction\":[{\"@type\":\"SearchAction\",\"target\":{\"@type\":\"EntryPoint\",\"urlTemplate\":\"https:\/\/nordnesrepublikken.no\/?s={search_term_string}\"},\"query-input\":{\"@type\":\"PropertyValueSpecification\",\"valueRequired\":true,\"valueName\":\"search_term_string\"}}],\"inLanguage\":\"nb-NO\"},{\"@type\":\"Organization\",\"@id\":\"https:\/\/nordnesrepublikken.no\/#organization\",\"name\":\"Nordnesrepublikken\",\"url\":\"https:\/\/nordnesrepublikken.no\/\",\"logo\":{\"@type\":\"ImageObject\",\"inLanguage\":\"nb-NO\",\"@id\":\"https:\/\/nordnesrepublikken.no\/#\/schema\/logo\/image\/\",\"url\":\"https:\/\/nordnesrepublikken.no\/wp-content\/uploads\/2025\/02\/cropped-nordnesrepublikken-2.png\",\"contentUrl\":\"https:\/\/nordnesrepublikken.no\/wp-content\/uploads\/2025\/02\/cropped-nordnesrepublikken-2.png\",\"width\":1248,\"height\":362,\"caption\":\"Nordnesrepublikken\"},\"image\":{\"@id\":\"https:\/\/nordnesrepublikken.no\/#\/schema\/logo\/image\/\"}},{\"@type\":\"Person\",\"@id\":\"https:\/\/nordnesrepublikken.no\/#\/schema\/person\/2e7e81935bab77882fffb79296240ff1\",\"name\":\"Ole Andersen\",\"image\":{\"@type\":\"ImageObject\",\"inLanguage\":\"nb-NO\",\"@id\":\"https:\/\/nordnesrepublikken.no\/#\/schema\/person\/image\/\",\"url\":\"https:\/\/nordnesrepublikken.no\/wp-content\/uploads\/2025\/02\/nordnesrepublikken-2-2-150x150.jpg\",\"contentUrl\":\"https:\/\/nordnesrepublikken.no\/wp-content\/uploads\/2025\/02\/nordnesrepublikken-2-2-150x150.jpg\",\"caption\":\"Ole Andersen\"},\"description\":\"Ettersom jeg vokste opp i Oslo, har jeg alltid v\u00e6rt fascinert av ordenes kraft og deres evne til \u00e5 skape endringer. Etter \u00e5 ha fullf\u00f8rt min utdannelse i kommunikasjon ved Universitetet i Bergen, fikk jeg muligheten til \u00e5 jobbe innen ulike medier, der jeg har s\u00f8kt \u00e5 belyse viktige samfunnssp\u00f8rsm\u00e5l. I dag, som redakt\u00f8r for Nordnesrepublikken, pr\u00f8ver jeg \u00e5 forene min kj\u00e6rlighet for journalistikk med min lidenskap for innovasjon og eventyr.\",\"sameAs\":[\"https:\/\/nordnesrepublikken.no\/\"]}]}<\/script>\n<!-- \/ Yoast SEO plugin. -->","yoast_head_json":{"title":"Hvor lang er universets historie komprimert til ett jord\u00e5r? Hva er teorien om den kosmiske kalenderen - Nordnesrepublikken","robots":{"index":"index","follow":"follow","max-snippet":"max-snippet:-1","max-image-preview":"max-image-preview:large","max-video-preview":"max-video-preview:-1"},"canonical":"https:\/\/nordnesrepublikken.no\/index.php\/2025\/12\/31\/hvor-lang-er-universets-historie-komprimert-til-ett-jordar-hva-er-teorien-om-den-kosmiske-kalenderen\/","og_locale":"nb_NO","og_type":"article","og_title":"Hvor lang er universets historie komprimert til ett jord\u00e5r? Hva er teorien om den kosmiske kalenderen - Nordnesrepublikken","og_description":"De Kosmisk kalender det er en instrument skapt p\u00e5 1970-tallet av astrofysikeren og popularisatoren Carl","og_url":"https:\/\/nordnesrepublikken.no\/index.php\/2025\/12\/31\/hvor-lang-er-universets-historie-komprimert-til-ett-jordar-hva-er-teorien-om-den-kosmiske-kalenderen\/","og_site_name":"Nordnesrepublikken","article_published_time":"2025-12-31T07:51:20+00:00","article_modified_time":"2025-12-31T07:51:23+00:00","og_image":[{"width":2121,"height":1414,"url":"https:\/\/nordnesrepublikken.no\/wp-content\/uploads\/2025\/12\/1767167481_Hvor-lang-er-universets-historie-komprimert-til-ett-jordar-Hva.jpg","type":"image\/jpeg"}],"author":"Ole Andersen","twitter_card":"summary_large_image","twitter_misc":{"Skrevet av":"Ole Andersen","Ansl. lesetid":"6 minutter"},"schema":{"@context":"https:\/\/schema.org","@graph":[{"@type":"Article","@id":"https:\/\/nordnesrepublikken.no\/index.php\/2025\/12\/31\/hvor-lang-er-universets-historie-komprimert-til-ett-jordar-hva-er-teorien-om-den-kosmiske-kalenderen\/#article","isPartOf":{"@id":"https:\/\/nordnesrepublikken.no\/index.php\/2025\/12\/31\/hvor-lang-er-universets-historie-komprimert-til-ett-jordar-hva-er-teorien-om-den-kosmiske-kalenderen\/"},"author":{"name":"Ole Andersen","@id":"https:\/\/nordnesrepublikken.no\/#\/schema\/person\/2e7e81935bab77882fffb79296240ff1"},"headline":"Hvor lang er universets historie komprimert til ett jord\u00e5r? Hva er teorien om den kosmiske kalenderen","datePublished":"2025-12-31T07:51:20+00:00","dateModified":"2025-12-31T07:51:23+00:00","mainEntityOfPage":{"@id":"https:\/\/nordnesrepublikken.no\/index.php\/2025\/12\/31\/hvor-lang-er-universets-historie-komprimert-til-ett-jordar-hva-er-teorien-om-den-kosmiske-kalenderen\/"},"wordCount":1180,"publisher":{"@id":"https:\/\/nordnesrepublikken.no\/#organization"},"image":{"@id":"https:\/\/nordnesrepublikken.no\/index.php\/2025\/12\/31\/hvor-lang-er-universets-historie-komprimert-til-ett-jordar-hva-er-teorien-om-den-kosmiske-kalenderen\/#primaryimage"},"thumbnailUrl":"https:\/\/nordnesrepublikken.no\/wp-content\/uploads\/2025\/12\/1767167481_Hvor-lang-er-universets-historie-komprimert-til-ett-jordar-Hva.jpg","keywords":["den","ett","historie","Hva","hvor","jord\u00e5r","kalenderen","komprimert","kosmiske","lang","teorien","til","universets"],"articleSection":["Milj\u00f8"],"inLanguage":"nb-NO"},{"@type":"WebPage","@id":"https:\/\/nordnesrepublikken.no\/index.php\/2025\/12\/31\/hvor-lang-er-universets-historie-komprimert-til-ett-jordar-hva-er-teorien-om-den-kosmiske-kalenderen\/","url":"https:\/\/nordnesrepublikken.no\/index.php\/2025\/12\/31\/hvor-lang-er-universets-historie-komprimert-til-ett-jordar-hva-er-teorien-om-den-kosmiske-kalenderen\/","name":"Hvor lang er universets historie komprimert til ett jord\u00e5r? Hva er teorien om den kosmiske kalenderen - Nordnesrepublikken","isPartOf":{"@id":"https:\/\/nordnesrepublikken.no\/#website"},"primaryImageOfPage":{"@id":"https:\/\/nordnesrepublikken.no\/index.php\/2025\/12\/31\/hvor-lang-er-universets-historie-komprimert-til-ett-jordar-hva-er-teorien-om-den-kosmiske-kalenderen\/#primaryimage"},"image":{"@id":"https:\/\/nordnesrepublikken.no\/index.php\/2025\/12\/31\/hvor-lang-er-universets-historie-komprimert-til-ett-jordar-hva-er-teorien-om-den-kosmiske-kalenderen\/#primaryimage"},"thumbnailUrl":"https:\/\/nordnesrepublikken.no\/wp-content\/uploads\/2025\/12\/1767167481_Hvor-lang-er-universets-historie-komprimert-til-ett-jordar-Hva.jpg","datePublished":"2025-12-31T07:51:20+00:00","dateModified":"2025-12-31T07:51:23+00:00","breadcrumb":{"@id":"https:\/\/nordnesrepublikken.no\/index.php\/2025\/12\/31\/hvor-lang-er-universets-historie-komprimert-til-ett-jordar-hva-er-teorien-om-den-kosmiske-kalenderen\/#breadcrumb"},"inLanguage":"nb-NO","potentialAction":[{"@type":"ReadAction","target":["https:\/\/nordnesrepublikken.no\/index.php\/2025\/12\/31\/hvor-lang-er-universets-historie-komprimert-til-ett-jordar-hva-er-teorien-om-den-kosmiske-kalenderen\/"]}]},{"@type":"ImageObject","inLanguage":"nb-NO","@id":"https:\/\/nordnesrepublikken.no\/index.php\/2025\/12\/31\/hvor-lang-er-universets-historie-komprimert-til-ett-jordar-hva-er-teorien-om-den-kosmiske-kalenderen\/#primaryimage","url":"https:\/\/nordnesrepublikken.no\/wp-content\/uploads\/2025\/12\/1767167481_Hvor-lang-er-universets-historie-komprimert-til-ett-jordar-Hva.jpg","contentUrl":"https:\/\/nordnesrepublikken.no\/wp-content\/uploads\/2025\/12\/1767167481_Hvor-lang-er-universets-historie-komprimert-til-ett-jordar-Hva.jpg","width":2121,"height":1414,"caption":"Hvor lang er universets historie komprimert til ett jord\u00e5r? Hva er teorien om den kosmiske kalenderen"},{"@type":"BreadcrumbList","@id":"https:\/\/nordnesrepublikken.no\/index.php\/2025\/12\/31\/hvor-lang-er-universets-historie-komprimert-til-ett-jordar-hva-er-teorien-om-den-kosmiske-kalenderen\/#breadcrumb","itemListElement":[{"@type":"ListItem","position":1,"name":"Home","item":"https:\/\/nordnesrepublikken.no\/"},{"@type":"ListItem","position":2,"name":"Hvor lang er universets historie komprimert til ett jord\u00e5r? Hva er teorien om den kosmiske kalenderen"}]},{"@type":"WebSite","@id":"https:\/\/nordnesrepublikken.no\/#website","url":"https:\/\/nordnesrepublikken.no\/","name":"Nordnesrepublikken","description":"Stemmer og Visjoner fra Republikkens Hjerte","publisher":{"@id":"https:\/\/nordnesrepublikken.no\/#organization"},"potentialAction":[{"@type":"SearchAction","target":{"@type":"EntryPoint","urlTemplate":"https:\/\/nordnesrepublikken.no\/?s={search_term_string}"},"query-input":{"@type":"PropertyValueSpecification","valueRequired":true,"valueName":"search_term_string"}}],"inLanguage":"nb-NO"},{"@type":"Organization","@id":"https:\/\/nordnesrepublikken.no\/#organization","name":"Nordnesrepublikken","url":"https:\/\/nordnesrepublikken.no\/","logo":{"@type":"ImageObject","inLanguage":"nb-NO","@id":"https:\/\/nordnesrepublikken.no\/#\/schema\/logo\/image\/","url":"https:\/\/nordnesrepublikken.no\/wp-content\/uploads\/2025\/02\/cropped-nordnesrepublikken-2.png","contentUrl":"https:\/\/nordnesrepublikken.no\/wp-content\/uploads\/2025\/02\/cropped-nordnesrepublikken-2.png","width":1248,"height":362,"caption":"Nordnesrepublikken"},"image":{"@id":"https:\/\/nordnesrepublikken.no\/#\/schema\/logo\/image\/"}},{"@type":"Person","@id":"https:\/\/nordnesrepublikken.no\/#\/schema\/person\/2e7e81935bab77882fffb79296240ff1","name":"Ole Andersen","image":{"@type":"ImageObject","inLanguage":"nb-NO","@id":"https:\/\/nordnesrepublikken.no\/#\/schema\/person\/image\/","url":"https:\/\/nordnesrepublikken.no\/wp-content\/uploads\/2025\/02\/nordnesrepublikken-2-2-150x150.jpg","contentUrl":"https:\/\/nordnesrepublikken.no\/wp-content\/uploads\/2025\/02\/nordnesrepublikken-2-2-150x150.jpg","caption":"Ole Andersen"},"description":"Ettersom jeg vokste opp i Oslo, har jeg alltid v\u00e6rt fascinert av ordenes kraft og deres evne til \u00e5 skape endringer. Etter \u00e5 ha fullf\u00f8rt min utdannelse i kommunikasjon ved Universitetet i Bergen, fikk jeg muligheten til \u00e5 jobbe innen ulike medier, der jeg har s\u00f8kt \u00e5 belyse viktige samfunnssp\u00f8rsm\u00e5l. I dag, som redakt\u00f8r for Nordnesrepublikken, pr\u00f8ver jeg \u00e5 forene min kj\u00e6rlighet for journalistikk med min lidenskap for innovasjon og eventyr.","sameAs":["https:\/\/nordnesrepublikken.no\/"]}]}},"_links":{"self":[{"href":"https:\/\/nordnesrepublikken.no\/index.php\/wp-json\/wp\/v2\/posts\/13362","targetHints":{"allow":["GET"]}}],"collection":[{"href":"https:\/\/nordnesrepublikken.no\/index.php\/wp-json\/wp\/v2\/posts"}],"about":[{"href":"https:\/\/nordnesrepublikken.no\/index.php\/wp-json\/wp\/v2\/types\/post"}],"author":[{"embeddable":true,"href":"https:\/\/nordnesrepublikken.no\/index.php\/wp-json\/wp\/v2\/users\/1"}],"replies":[{"embeddable":true,"href":"https:\/\/nordnesrepublikken.no\/index.php\/wp-json\/wp\/v2\/comments?post=13362"}],"version-history":[{"count":1,"href":"https:\/\/nordnesrepublikken.no\/index.php\/wp-json\/wp\/v2\/posts\/13362\/revisions"}],"predecessor-version":[{"id":13364,"href":"https:\/\/nordnesrepublikken.no\/index.php\/wp-json\/wp\/v2\/posts\/13362\/revisions\/13364"}],"wp:featuredmedia":[{"embeddable":true,"href":"https:\/\/nordnesrepublikken.no\/index.php\/wp-json\/wp\/v2\/media\/13363"}],"wp:attachment":[{"href":"https:\/\/nordnesrepublikken.no\/index.php\/wp-json\/wp\/v2\/media?parent=13362"}],"wp:term":[{"taxonomy":"category","embeddable":true,"href":"https:\/\/nordnesrepublikken.no\/index.php\/wp-json\/wp\/v2\/categories?post=13362"},{"taxonomy":"post_tag","embeddable":true,"href":"https:\/\/nordnesrepublikken.no\/index.php\/wp-json\/wp\/v2\/tags?post=13362"}],"curies":[{"name":"wp","href":"https:\/\/api.w.org\/{rel}","templated":true}]}}