{"id":13347,"date":"2025-12-30T21:51:07","date_gmt":"2025-12-30T20:51:07","guid":{"rendered":"https:\/\/nordnesrepublikken.no\/index.php\/2025\/12\/30\/hvordan-tradisjonene-fra-31-desember-og-1-januar-ble-fodt\/"},"modified":"2025-12-30T21:51:10","modified_gmt":"2025-12-30T20:51:10","slug":"hvordan-tradisjonene-fra-31-desember-og-1-januar-ble-fodt","status":"publish","type":"post","link":"https:\/\/nordnesrepublikken.no\/index.php\/2025\/12\/30\/hvordan-tradisjonene-fra-31-desember-og-1-januar-ble-fodt\/","title":{"rendered":"hvordan tradisjonene fra 31. desember og 1. januar ble f\u00f8dt"},"content":{"rendered":"<div>\n<div class=\"cp_wrapper cp_wrapper--fw mb-30 mb-20@tablet\">\n<figure class=\"mm\"><picture class=\"img\" style=\"padding-top:56.25%\"><source  media=\"(min-width: 1024px)\"><source  media=\"(min-width: 768px)\"><\/source><\/source><\/picture><\/figure>\n<\/p><\/div>\n<p>Tradisjonene knyttet til<b> nytt\u00e5rsaften<\/b> et al <b>1. januar<\/b> de er mange og varierte basert p\u00e5 lokale skikker. Det er forskjeller b\u00e5de i de ulike regionene i Italia og rundt om i verden.<\/p>\n<p>Noen av de mest kjente \u2013 som \u00e5 ha p\u00e5 seg fargen r\u00f8d, spise visse matvarer fordi de anses som gunstige, kysse under mistelteinen og ta hensyn til den som kommer inn i huset 1. januar \u2013 er tilbakevendende i landet v\u00e5rt, og har opphav <b>i folklore<\/b>akkurat som symbolene p\u00e5 andre h\u00f8ytider, som juletreet og Halloween-gresskaret.<\/p>\n<h2>Bruk et r\u00f8dt plagg<\/h2>\n<p>Tradisjonen tro har du p\u00e5 nytt\u00e5rsaften en<b> <\/b><b>r\u00f8dt plagg<\/b>det v\u00e6re seg undert\u00f8y eller kjole. Dette plagget m\u00e5 kun brukes \u00e9n gang og ikke gjenbrukes p\u00e5f\u00f8lgende nytt\u00e5rsaften.<\/p>\n<p>Selv om denne skikken de siste \u00e5rene har tatt en desidert kommersiell vending, er r\u00f8ttene faktisk eldgamle. Fargen <strong>r\u00f8d<\/strong>faktisk siden tiden av <b>romerne<\/b> hadde betydning av <strong>kraft, styrke og godt omen<\/strong>: seirende keisere hadde r\u00f8de kluter etter kamper og vi har bevis p\u00e5 at keiseren Octavian Augustus hadde p\u00e5 seg en klut av denne fargen p\u00e5 \u00e5rets f\u00f8rste dag. Datoen for nytt\u00e5r ble satt av konsul Quintus Fulvius Nobilior i 153 f.Kr. <b>1. januar<\/b>tidligere ble det feiret i mars, sammenfallende med v\u00e5rens ankomst.<\/p>\n<h2>Spis linser, druer, t\u00f8rket frukt og granatepler<\/h2>\n<p>P\u00e5 nytt\u00e5rsbordet og den f\u00f8rste dagen i det nye \u00e5ret tilsier tradisjonen at enkelte matvarer ikke kan mangle. Men hvorfor har disse skikkene kommet ned til oss? Tradisjonen med \u00e5 spise<b> linser<\/b> den har sin opprinnelse i det gamle Roma, hvor poser fulle av denne belgfrukten ble gitt som gaver med h\u00e5p om at de ville bli forvandlet til penger. Linsen ligner faktisk p\u00e5 en mynt og \u00f8ker i volum under matlaging, en egenskap som anses som gunstig.<\/p>\n<p>Til og med \u00e5 spise <b>12 druer<\/b>\u00e9n for hver m\u00e5ned i \u00e5ret \u2013 og muligens \u00e9n ved hvert midnattslag! \u2013 Det sies \u00e5 bringe lykke. Denne skikken ser ut til \u00e5 ha sin opprinnelse i <strong>Spania<\/strong>i Alicante-omr\u00e5det i 1909, \u00e5ret hvor det var en eksepsjonell h\u00f8sting av druer: vinprodusentene, for \u00e5 kvitte seg med overskuddet, fremmet initiativet med 12 druer, som var sv\u00e6rt vellykket og spredte seg raskt.<\/p>\n<p>Spise <b>granatepler<\/b> bringer lykke til: denne frukten, rett fra<strong>antikkens Hellas<\/strong> og s\u00e5 i det gamle Roma ble den ansett som et symbol p\u00e5 velstand, fruktbarhet og overflod fordi den inneholdt, under et l\u00e6raktig utseende, veldig saftige frukter.<\/p>\n<p>Til slutt kan bordet ikke mangle<b> t\u00f8rket frukt<\/b>. Ogs\u00e5 i dette tilfellet kommer skikken fra <em>strenae<\/em> Roman, eller gavene som ble utvekslet under Saturnalia-feiringen, feiringer til \u00e6re for Saturn og nytt\u00e5r, som er opphavet til julegaver. T\u00f8rket frukt ble ansett som verdifullt fordi den, tilsynelatende hard, inneholder et levende og n\u00e6ringsrikt fr\u00f8. Videre ble det i middelalderen og renessansen ansett som et luksusgode, og det er grunnen til at tradisjonen med \u00e5 spise det i feirings\u00f8yeblikk ble f\u00f8dt.<\/p>\n<h2>Kysser under mistelteinen<\/h2>\n<p>Han vil ha skikken at kyssing under en<b> mistelteinplante<\/b> bringe lykke til elskere og beskytte deres forening. Denne tradisjonen stammer fra en \u2013 trist \u2013 norr\u00f8n legende, fortalt i middelalderdiktet <em>Prosa Edda<\/em>som samler mye av informasjonen vi har om germanske kulter f\u00f8r kristendommens inntog.<\/p>\n<p>Kj\u00e6rlighetsgudinnen Frigg dr\u00f8mte om d\u00f8den til<b> Baldur<\/b>hans s\u00f8nn og Odin, far til alle guder. For \u00e5 redde ham ba han alle planter, dyr og livl\u00f8se gjenstander i verden om \u00e5 beskytte ham og ikke skade ham: alle vesener sverget at de ville forsvare og aldri angripe Baldur. Han glemte mistelteinen, en plante med et stille og ufarlig utseende: dette var hvordan Loke, bedragets gud, fikk den blinde guden H\u00f6dr til \u00e5 skyte en pil laget av misteltein mot Baldur. Baldur d\u00f8de og startet dermed Ragnar\u00f6k (verdens ende if\u00f8lge germansk mytologi). T\u00e5rene som Frigg felte p\u00e5 mistelteinen forvandlet seg til de sm\u00e5 hvite b\u00e6rene, typiske frukter av denne planten.<\/p>\n<p>Nettopp fordi det er opphavet til legenden <b>intensjonen om beskyttelse<\/b> av Frigg, som nettopp er kj\u00e6rlighetens gudinne, har misteltein gjennom \u00e5rhundrene blitt assosiert med denne f\u00f8lelsen. Skikken med \u00e5 henge den i juletiden er typisk for viktoriansk jul &#8211; den hengende mistelteinen er faktisk ogs\u00e5 nevnt i den ber\u00f8mte <em>Julesang<\/em> Av<b>  Charles Dickens<\/b>.<\/p>\n<h2>G\u00e5r inn i huset med h\u00f8yrefoten og andre tradisjoner fra 1. januar<\/h2>\n<p>I <strong>Skottland <\/strong>det er tradisjon for <em><b>f\u00f8rste fot<\/b><\/em>som da ogs\u00e5 ble eksportert til det kontinentale Europa. Det sies faktisk at den f\u00f8rste personen som kommer inn i huset p\u00e5 \u00e5rets f\u00f8rste dag \u2013 eller den f\u00f8rste personen du m\u00f8ter \u2013 kan p\u00e5virke selve \u00e5rets fremgang positivt eller negativt.<\/p>\n<p>P\u00e5 samme m\u00e5te sies det at inn i huset med<b> h\u00f8yre fot<\/b> v\u00e6re et godt varsel, siden venstre side ble ansett som siden av ondskap og ulykke, faktisk p\u00e5 italiensk er adjektivet &laquo;sinistro&raquo; ogs\u00e5 synonymt med &laquo;forstyrrende&raquo; (fra latin <em>uhyggelig<\/em>som ogs\u00e5 hadde betydningen &laquo;ugunstig&raquo;).<\/p>\n<p>En annen tro er at det er lykke \u00e5 m\u00f8te eller ha noen inn i huset f\u00f8rst <b>eldre person<\/b>: de eldre har siden antikken faktisk v\u00e6rt samfunnets voktere og dyp kunnskap, s\u00e5 vel som de som var autorisert til \u00e5 gi velsignelser og gode indikasjoner.<\/p>\n<\/p><\/div>\n","protected":false},"excerpt":{"rendered":"<p>Tradisjonene knyttet til nytt\u00e5rsaften et al 1. januar de er mange og varierte basert p\u00e5<\/p>\n","protected":false},"author":1,"featured_media":13348,"comment_status":"closed","ping_status":"open","sticky":false,"template":"","format":"standard","meta":{"footnotes":""},"categories":[104],"tags":[373,8007,97,125,112,6317,8773],"class_list":["post-13347","post","type-post","status-publish","format-standard","has-post-thumbnail","hentry","category-samfunn","tag-ble","tag-desember","tag-fodt","tag-fra","tag-hvordan","tag-januar","tag-tradisjonene","generate-columns","tablet-grid-50","mobile-grid-100","grid-parent","grid-33","resize-featured-image"],"yoast_head":"<!-- This site is optimized with the Yoast SEO plugin v24.4 - https:\/\/yoast.com\/wordpress\/plugins\/seo\/ -->\n<title>hvordan tradisjonene fra 31. desember og 1. januar ble f\u00f8dt - Nordnesrepublikken<\/title>\n<meta name=\"robots\" content=\"index, follow, max-snippet:-1, max-image-preview:large, max-video-preview:-1\" \/>\n<link rel=\"canonical\" href=\"https:\/\/nordnesrepublikken.no\/index.php\/2025\/12\/30\/hvordan-tradisjonene-fra-31-desember-og-1-januar-ble-fodt\/\" \/>\n<meta property=\"og:locale\" content=\"nb_NO\" \/>\n<meta property=\"og:type\" content=\"article\" \/>\n<meta property=\"og:title\" content=\"hvordan tradisjonene fra 31. desember og 1. januar ble f\u00f8dt - Nordnesrepublikken\" \/>\n<meta property=\"og:description\" content=\"Tradisjonene knyttet til nytt\u00e5rsaften et al 1. januar de er mange og varierte basert p\u00e5\" \/>\n<meta property=\"og:url\" content=\"https:\/\/nordnesrepublikken.no\/index.php\/2025\/12\/30\/hvordan-tradisjonene-fra-31-desember-og-1-januar-ble-fodt\/\" \/>\n<meta property=\"og:site_name\" content=\"Nordnesrepublikken\" \/>\n<meta property=\"article:published_time\" content=\"2025-12-30T20:51:07+00:00\" \/>\n<meta property=\"article:modified_time\" content=\"2025-12-30T20:51:10+00:00\" \/>\n<meta property=\"og:image\" content=\"https:\/\/nordnesrepublikken.no\/wp-content\/uploads\/2025\/12\/1767127868_hvordan-tradisjonene-fra-31-desember-og-1-januar-ble-fodt.jpg\" \/>\n\t<meta property=\"og:image:width\" content=\"2000\" \/>\n\t<meta property=\"og:image:height\" content=\"1500\" \/>\n\t<meta property=\"og:image:type\" content=\"image\/jpeg\" \/>\n<meta name=\"author\" content=\"Ole Andersen\" \/>\n<meta name=\"twitter:card\" content=\"summary_large_image\" \/>\n<meta name=\"twitter:label1\" content=\"Skrevet av\" \/>\n\t<meta name=\"twitter:data1\" content=\"Ole Andersen\" \/>\n\t<meta name=\"twitter:label2\" content=\"Ansl. lesetid\" \/>\n\t<meta name=\"twitter:data2\" content=\"4 minutter\" \/>\n<script type=\"application\/ld+json\" class=\"yoast-schema-graph\">{\"@context\":\"https:\/\/schema.org\",\"@graph\":[{\"@type\":\"Article\",\"@id\":\"https:\/\/nordnesrepublikken.no\/index.php\/2025\/12\/30\/hvordan-tradisjonene-fra-31-desember-og-1-januar-ble-fodt\/#article\",\"isPartOf\":{\"@id\":\"https:\/\/nordnesrepublikken.no\/index.php\/2025\/12\/30\/hvordan-tradisjonene-fra-31-desember-og-1-januar-ble-fodt\/\"},\"author\":{\"name\":\"Ole Andersen\",\"@id\":\"https:\/\/nordnesrepublikken.no\/#\/schema\/person\/2e7e81935bab77882fffb79296240ff1\"},\"headline\":\"hvordan tradisjonene fra 31. desember og 1. januar ble f\u00f8dt\",\"datePublished\":\"2025-12-30T20:51:07+00:00\",\"dateModified\":\"2025-12-30T20:51:10+00:00\",\"mainEntityOfPage\":{\"@id\":\"https:\/\/nordnesrepublikken.no\/index.php\/2025\/12\/30\/hvordan-tradisjonene-fra-31-desember-og-1-januar-ble-fodt\/\"},\"wordCount\":873,\"publisher\":{\"@id\":\"https:\/\/nordnesrepublikken.no\/#organization\"},\"image\":{\"@id\":\"https:\/\/nordnesrepublikken.no\/index.php\/2025\/12\/30\/hvordan-tradisjonene-fra-31-desember-og-1-januar-ble-fodt\/#primaryimage\"},\"thumbnailUrl\":\"https:\/\/nordnesrepublikken.no\/wp-content\/uploads\/2025\/12\/1767127868_hvordan-tradisjonene-fra-31-desember-og-1-januar-ble-fodt.jpg\",\"keywords\":[\"ble\",\"desember\",\"f\u00f8dt\",\"fra\",\"Hvordan\",\"januar\",\"tradisjonene\"],\"articleSection\":[\"Samfunn\"],\"inLanguage\":\"nb-NO\"},{\"@type\":\"WebPage\",\"@id\":\"https:\/\/nordnesrepublikken.no\/index.php\/2025\/12\/30\/hvordan-tradisjonene-fra-31-desember-og-1-januar-ble-fodt\/\",\"url\":\"https:\/\/nordnesrepublikken.no\/index.php\/2025\/12\/30\/hvordan-tradisjonene-fra-31-desember-og-1-januar-ble-fodt\/\",\"name\":\"hvordan tradisjonene fra 31. desember og 1. januar ble f\u00f8dt - Nordnesrepublikken\",\"isPartOf\":{\"@id\":\"https:\/\/nordnesrepublikken.no\/#website\"},\"primaryImageOfPage\":{\"@id\":\"https:\/\/nordnesrepublikken.no\/index.php\/2025\/12\/30\/hvordan-tradisjonene-fra-31-desember-og-1-januar-ble-fodt\/#primaryimage\"},\"image\":{\"@id\":\"https:\/\/nordnesrepublikken.no\/index.php\/2025\/12\/30\/hvordan-tradisjonene-fra-31-desember-og-1-januar-ble-fodt\/#primaryimage\"},\"thumbnailUrl\":\"https:\/\/nordnesrepublikken.no\/wp-content\/uploads\/2025\/12\/1767127868_hvordan-tradisjonene-fra-31-desember-og-1-januar-ble-fodt.jpg\",\"datePublished\":\"2025-12-30T20:51:07+00:00\",\"dateModified\":\"2025-12-30T20:51:10+00:00\",\"breadcrumb\":{\"@id\":\"https:\/\/nordnesrepublikken.no\/index.php\/2025\/12\/30\/hvordan-tradisjonene-fra-31-desember-og-1-januar-ble-fodt\/#breadcrumb\"},\"inLanguage\":\"nb-NO\",\"potentialAction\":[{\"@type\":\"ReadAction\",\"target\":[\"https:\/\/nordnesrepublikken.no\/index.php\/2025\/12\/30\/hvordan-tradisjonene-fra-31-desember-og-1-januar-ble-fodt\/\"]}]},{\"@type\":\"ImageObject\",\"inLanguage\":\"nb-NO\",\"@id\":\"https:\/\/nordnesrepublikken.no\/index.php\/2025\/12\/30\/hvordan-tradisjonene-fra-31-desember-og-1-januar-ble-fodt\/#primaryimage\",\"url\":\"https:\/\/nordnesrepublikken.no\/wp-content\/uploads\/2025\/12\/1767127868_hvordan-tradisjonene-fra-31-desember-og-1-januar-ble-fodt.jpg\",\"contentUrl\":\"https:\/\/nordnesrepublikken.no\/wp-content\/uploads\/2025\/12\/1767127868_hvordan-tradisjonene-fra-31-desember-og-1-januar-ble-fodt.jpg\",\"width\":2000,\"height\":1500,\"caption\":\"hvordan tradisjonene fra 31. desember og 1. januar ble f\u00f8dt\"},{\"@type\":\"BreadcrumbList\",\"@id\":\"https:\/\/nordnesrepublikken.no\/index.php\/2025\/12\/30\/hvordan-tradisjonene-fra-31-desember-og-1-januar-ble-fodt\/#breadcrumb\",\"itemListElement\":[{\"@type\":\"ListItem\",\"position\":1,\"name\":\"Home\",\"item\":\"https:\/\/nordnesrepublikken.no\/\"},{\"@type\":\"ListItem\",\"position\":2,\"name\":\"hvordan tradisjonene fra 31. desember og 1. januar ble f\u00f8dt\"}]},{\"@type\":\"WebSite\",\"@id\":\"https:\/\/nordnesrepublikken.no\/#website\",\"url\":\"https:\/\/nordnesrepublikken.no\/\",\"name\":\"Nordnesrepublikken\",\"description\":\"Stemmer og Visjoner fra Republikkens Hjerte\",\"publisher\":{\"@id\":\"https:\/\/nordnesrepublikken.no\/#organization\"},\"potentialAction\":[{\"@type\":\"SearchAction\",\"target\":{\"@type\":\"EntryPoint\",\"urlTemplate\":\"https:\/\/nordnesrepublikken.no\/?s={search_term_string}\"},\"query-input\":{\"@type\":\"PropertyValueSpecification\",\"valueRequired\":true,\"valueName\":\"search_term_string\"}}],\"inLanguage\":\"nb-NO\"},{\"@type\":\"Organization\",\"@id\":\"https:\/\/nordnesrepublikken.no\/#organization\",\"name\":\"Nordnesrepublikken\",\"url\":\"https:\/\/nordnesrepublikken.no\/\",\"logo\":{\"@type\":\"ImageObject\",\"inLanguage\":\"nb-NO\",\"@id\":\"https:\/\/nordnesrepublikken.no\/#\/schema\/logo\/image\/\",\"url\":\"https:\/\/nordnesrepublikken.no\/wp-content\/uploads\/2025\/02\/cropped-nordnesrepublikken-2.png\",\"contentUrl\":\"https:\/\/nordnesrepublikken.no\/wp-content\/uploads\/2025\/02\/cropped-nordnesrepublikken-2.png\",\"width\":1248,\"height\":362,\"caption\":\"Nordnesrepublikken\"},\"image\":{\"@id\":\"https:\/\/nordnesrepublikken.no\/#\/schema\/logo\/image\/\"}},{\"@type\":\"Person\",\"@id\":\"https:\/\/nordnesrepublikken.no\/#\/schema\/person\/2e7e81935bab77882fffb79296240ff1\",\"name\":\"Ole Andersen\",\"image\":{\"@type\":\"ImageObject\",\"inLanguage\":\"nb-NO\",\"@id\":\"https:\/\/nordnesrepublikken.no\/#\/schema\/person\/image\/\",\"url\":\"https:\/\/nordnesrepublikken.no\/wp-content\/uploads\/2025\/02\/nordnesrepublikken-2-2-150x150.jpg\",\"contentUrl\":\"https:\/\/nordnesrepublikken.no\/wp-content\/uploads\/2025\/02\/nordnesrepublikken-2-2-150x150.jpg\",\"caption\":\"Ole Andersen\"},\"description\":\"Ettersom jeg vokste opp i Oslo, har jeg alltid v\u00e6rt fascinert av ordenes kraft og deres evne til \u00e5 skape endringer. Etter \u00e5 ha fullf\u00f8rt min utdannelse i kommunikasjon ved Universitetet i Bergen, fikk jeg muligheten til \u00e5 jobbe innen ulike medier, der jeg har s\u00f8kt \u00e5 belyse viktige samfunnssp\u00f8rsm\u00e5l. I dag, som redakt\u00f8r for Nordnesrepublikken, pr\u00f8ver jeg \u00e5 forene min kj\u00e6rlighet for journalistikk med min lidenskap for innovasjon og eventyr.\",\"sameAs\":[\"https:\/\/nordnesrepublikken.no\/\"]}]}<\/script>\n<!-- \/ Yoast SEO plugin. -->","yoast_head_json":{"title":"hvordan tradisjonene fra 31. desember og 1. januar ble f\u00f8dt - Nordnesrepublikken","robots":{"index":"index","follow":"follow","max-snippet":"max-snippet:-1","max-image-preview":"max-image-preview:large","max-video-preview":"max-video-preview:-1"},"canonical":"https:\/\/nordnesrepublikken.no\/index.php\/2025\/12\/30\/hvordan-tradisjonene-fra-31-desember-og-1-januar-ble-fodt\/","og_locale":"nb_NO","og_type":"article","og_title":"hvordan tradisjonene fra 31. desember og 1. januar ble f\u00f8dt - Nordnesrepublikken","og_description":"Tradisjonene knyttet til nytt\u00e5rsaften et al 1. januar de er mange og varierte basert p\u00e5","og_url":"https:\/\/nordnesrepublikken.no\/index.php\/2025\/12\/30\/hvordan-tradisjonene-fra-31-desember-og-1-januar-ble-fodt\/","og_site_name":"Nordnesrepublikken","article_published_time":"2025-12-30T20:51:07+00:00","article_modified_time":"2025-12-30T20:51:10+00:00","og_image":[{"width":2000,"height":1500,"url":"https:\/\/nordnesrepublikken.no\/wp-content\/uploads\/2025\/12\/1767127868_hvordan-tradisjonene-fra-31-desember-og-1-januar-ble-fodt.jpg","type":"image\/jpeg"}],"author":"Ole Andersen","twitter_card":"summary_large_image","twitter_misc":{"Skrevet av":"Ole Andersen","Ansl. lesetid":"4 minutter"},"schema":{"@context":"https:\/\/schema.org","@graph":[{"@type":"Article","@id":"https:\/\/nordnesrepublikken.no\/index.php\/2025\/12\/30\/hvordan-tradisjonene-fra-31-desember-og-1-januar-ble-fodt\/#article","isPartOf":{"@id":"https:\/\/nordnesrepublikken.no\/index.php\/2025\/12\/30\/hvordan-tradisjonene-fra-31-desember-og-1-januar-ble-fodt\/"},"author":{"name":"Ole Andersen","@id":"https:\/\/nordnesrepublikken.no\/#\/schema\/person\/2e7e81935bab77882fffb79296240ff1"},"headline":"hvordan tradisjonene fra 31. desember og 1. januar ble f\u00f8dt","datePublished":"2025-12-30T20:51:07+00:00","dateModified":"2025-12-30T20:51:10+00:00","mainEntityOfPage":{"@id":"https:\/\/nordnesrepublikken.no\/index.php\/2025\/12\/30\/hvordan-tradisjonene-fra-31-desember-og-1-januar-ble-fodt\/"},"wordCount":873,"publisher":{"@id":"https:\/\/nordnesrepublikken.no\/#organization"},"image":{"@id":"https:\/\/nordnesrepublikken.no\/index.php\/2025\/12\/30\/hvordan-tradisjonene-fra-31-desember-og-1-januar-ble-fodt\/#primaryimage"},"thumbnailUrl":"https:\/\/nordnesrepublikken.no\/wp-content\/uploads\/2025\/12\/1767127868_hvordan-tradisjonene-fra-31-desember-og-1-januar-ble-fodt.jpg","keywords":["ble","desember","f\u00f8dt","fra","Hvordan","januar","tradisjonene"],"articleSection":["Samfunn"],"inLanguage":"nb-NO"},{"@type":"WebPage","@id":"https:\/\/nordnesrepublikken.no\/index.php\/2025\/12\/30\/hvordan-tradisjonene-fra-31-desember-og-1-januar-ble-fodt\/","url":"https:\/\/nordnesrepublikken.no\/index.php\/2025\/12\/30\/hvordan-tradisjonene-fra-31-desember-og-1-januar-ble-fodt\/","name":"hvordan tradisjonene fra 31. desember og 1. januar ble f\u00f8dt - Nordnesrepublikken","isPartOf":{"@id":"https:\/\/nordnesrepublikken.no\/#website"},"primaryImageOfPage":{"@id":"https:\/\/nordnesrepublikken.no\/index.php\/2025\/12\/30\/hvordan-tradisjonene-fra-31-desember-og-1-januar-ble-fodt\/#primaryimage"},"image":{"@id":"https:\/\/nordnesrepublikken.no\/index.php\/2025\/12\/30\/hvordan-tradisjonene-fra-31-desember-og-1-januar-ble-fodt\/#primaryimage"},"thumbnailUrl":"https:\/\/nordnesrepublikken.no\/wp-content\/uploads\/2025\/12\/1767127868_hvordan-tradisjonene-fra-31-desember-og-1-januar-ble-fodt.jpg","datePublished":"2025-12-30T20:51:07+00:00","dateModified":"2025-12-30T20:51:10+00:00","breadcrumb":{"@id":"https:\/\/nordnesrepublikken.no\/index.php\/2025\/12\/30\/hvordan-tradisjonene-fra-31-desember-og-1-januar-ble-fodt\/#breadcrumb"},"inLanguage":"nb-NO","potentialAction":[{"@type":"ReadAction","target":["https:\/\/nordnesrepublikken.no\/index.php\/2025\/12\/30\/hvordan-tradisjonene-fra-31-desember-og-1-januar-ble-fodt\/"]}]},{"@type":"ImageObject","inLanguage":"nb-NO","@id":"https:\/\/nordnesrepublikken.no\/index.php\/2025\/12\/30\/hvordan-tradisjonene-fra-31-desember-og-1-januar-ble-fodt\/#primaryimage","url":"https:\/\/nordnesrepublikken.no\/wp-content\/uploads\/2025\/12\/1767127868_hvordan-tradisjonene-fra-31-desember-og-1-januar-ble-fodt.jpg","contentUrl":"https:\/\/nordnesrepublikken.no\/wp-content\/uploads\/2025\/12\/1767127868_hvordan-tradisjonene-fra-31-desember-og-1-januar-ble-fodt.jpg","width":2000,"height":1500,"caption":"hvordan tradisjonene fra 31. desember og 1. januar ble f\u00f8dt"},{"@type":"BreadcrumbList","@id":"https:\/\/nordnesrepublikken.no\/index.php\/2025\/12\/30\/hvordan-tradisjonene-fra-31-desember-og-1-januar-ble-fodt\/#breadcrumb","itemListElement":[{"@type":"ListItem","position":1,"name":"Home","item":"https:\/\/nordnesrepublikken.no\/"},{"@type":"ListItem","position":2,"name":"hvordan tradisjonene fra 31. desember og 1. januar ble f\u00f8dt"}]},{"@type":"WebSite","@id":"https:\/\/nordnesrepublikken.no\/#website","url":"https:\/\/nordnesrepublikken.no\/","name":"Nordnesrepublikken","description":"Stemmer og Visjoner fra Republikkens Hjerte","publisher":{"@id":"https:\/\/nordnesrepublikken.no\/#organization"},"potentialAction":[{"@type":"SearchAction","target":{"@type":"EntryPoint","urlTemplate":"https:\/\/nordnesrepublikken.no\/?s={search_term_string}"},"query-input":{"@type":"PropertyValueSpecification","valueRequired":true,"valueName":"search_term_string"}}],"inLanguage":"nb-NO"},{"@type":"Organization","@id":"https:\/\/nordnesrepublikken.no\/#organization","name":"Nordnesrepublikken","url":"https:\/\/nordnesrepublikken.no\/","logo":{"@type":"ImageObject","inLanguage":"nb-NO","@id":"https:\/\/nordnesrepublikken.no\/#\/schema\/logo\/image\/","url":"https:\/\/nordnesrepublikken.no\/wp-content\/uploads\/2025\/02\/cropped-nordnesrepublikken-2.png","contentUrl":"https:\/\/nordnesrepublikken.no\/wp-content\/uploads\/2025\/02\/cropped-nordnesrepublikken-2.png","width":1248,"height":362,"caption":"Nordnesrepublikken"},"image":{"@id":"https:\/\/nordnesrepublikken.no\/#\/schema\/logo\/image\/"}},{"@type":"Person","@id":"https:\/\/nordnesrepublikken.no\/#\/schema\/person\/2e7e81935bab77882fffb79296240ff1","name":"Ole Andersen","image":{"@type":"ImageObject","inLanguage":"nb-NO","@id":"https:\/\/nordnesrepublikken.no\/#\/schema\/person\/image\/","url":"https:\/\/nordnesrepublikken.no\/wp-content\/uploads\/2025\/02\/nordnesrepublikken-2-2-150x150.jpg","contentUrl":"https:\/\/nordnesrepublikken.no\/wp-content\/uploads\/2025\/02\/nordnesrepublikken-2-2-150x150.jpg","caption":"Ole Andersen"},"description":"Ettersom jeg vokste opp i Oslo, har jeg alltid v\u00e6rt fascinert av ordenes kraft og deres evne til \u00e5 skape endringer. Etter \u00e5 ha fullf\u00f8rt min utdannelse i kommunikasjon ved Universitetet i Bergen, fikk jeg muligheten til \u00e5 jobbe innen ulike medier, der jeg har s\u00f8kt \u00e5 belyse viktige samfunnssp\u00f8rsm\u00e5l. I dag, som redakt\u00f8r for Nordnesrepublikken, pr\u00f8ver jeg \u00e5 forene min kj\u00e6rlighet for journalistikk med min lidenskap for innovasjon og eventyr.","sameAs":["https:\/\/nordnesrepublikken.no\/"]}]}},"_links":{"self":[{"href":"https:\/\/nordnesrepublikken.no\/index.php\/wp-json\/wp\/v2\/posts\/13347","targetHints":{"allow":["GET"]}}],"collection":[{"href":"https:\/\/nordnesrepublikken.no\/index.php\/wp-json\/wp\/v2\/posts"}],"about":[{"href":"https:\/\/nordnesrepublikken.no\/index.php\/wp-json\/wp\/v2\/types\/post"}],"author":[{"embeddable":true,"href":"https:\/\/nordnesrepublikken.no\/index.php\/wp-json\/wp\/v2\/users\/1"}],"replies":[{"embeddable":true,"href":"https:\/\/nordnesrepublikken.no\/index.php\/wp-json\/wp\/v2\/comments?post=13347"}],"version-history":[{"count":1,"href":"https:\/\/nordnesrepublikken.no\/index.php\/wp-json\/wp\/v2\/posts\/13347\/revisions"}],"predecessor-version":[{"id":13349,"href":"https:\/\/nordnesrepublikken.no\/index.php\/wp-json\/wp\/v2\/posts\/13347\/revisions\/13349"}],"wp:featuredmedia":[{"embeddable":true,"href":"https:\/\/nordnesrepublikken.no\/index.php\/wp-json\/wp\/v2\/media\/13348"}],"wp:attachment":[{"href":"https:\/\/nordnesrepublikken.no\/index.php\/wp-json\/wp\/v2\/media?parent=13347"}],"wp:term":[{"taxonomy":"category","embeddable":true,"href":"https:\/\/nordnesrepublikken.no\/index.php\/wp-json\/wp\/v2\/categories?post=13347"},{"taxonomy":"post_tag","embeddable":true,"href":"https:\/\/nordnesrepublikken.no\/index.php\/wp-json\/wp\/v2\/tags?post=13347"}],"curies":[{"name":"wp","href":"https:\/\/api.w.org\/{rel}","templated":true}]}}