{"id":13344,"date":"2025-12-30T20:51:11","date_gmt":"2025-12-30T19:51:11","guid":{"rendered":"https:\/\/nordnesrepublikken.no\/index.php\/2025\/12\/30\/eurostar-kaos-etter-strombrudd-i-kanaltunnelen-gjor-reisende-strandet\/"},"modified":"2025-12-30T20:51:12","modified_gmt":"2025-12-30T19:51:12","slug":"eurostar-kaos-etter-strombrudd-i-kanaltunnelen-gjor-reisende-strandet","status":"publish","type":"post","link":"https:\/\/nordnesrepublikken.no\/index.php\/2025\/12\/30\/eurostar-kaos-etter-strombrudd-i-kanaltunnelen-gjor-reisende-strandet\/","title":{"rendered":"Eurostar-kaos etter str\u00f8mbrudd i kanaltunnelen gj\u00f8r reisende strandet"},"content":{"rendered":"<p><\/p>\n<div class=\"wordpress-content\">\n                    <!-- Article Start --><\/p>\n<p>Passasjerer som reiste mellom Storbritannia og det europeiske fastlandet m\u00f8tte en dag med forstyrrelser tirsdag 30. desember, etter at Eurostar stanset rutene mellom London, Paris, Brussel og Amsterdam etter en teknisk hendelse inne i Kanaltunnelen.<\/p>\n<p>Operat\u00f8ren advarte tidlig p\u00e5 dagen om at store forsinkelser og kanselleringer i siste \u00f8yeblikk var sannsynlige, og oppfordret reisende til \u00e5 utsette reisen sin mens ingeni\u00f8rer jobbet for \u00e5 l\u00f8se problemet. Forstyrrelsen p\u00e5virket en av Europas travleste internasjonale jernbaneforbindelser, med London St Pancras og Paris Gare du Nord blant stasjonene som ble mest ber\u00f8rt.<\/p>\n<p>For mange passasjerer kom r\u00e5dene da planene allerede var i gang, noe som gjorde at reisende strandet, booket om p\u00e5 kort varsel eller jaktet p\u00e5 alternativer.<\/p>\n<div class=\"sra_unit\"><link rel=\"stylesheet\" id=\"block-sra\" href=\"https:\/\/euroweeklynews.com\/wp-content\/plugins\/snack-related-articles\/dist\/css\/snack-related.min.css?250312-193541\" type=\"text\/css\" media=\"all\">\n<\/div>\n<h2>Hva gikk galt inne i Kanaltunnelen<\/h2>\n<p>If\u00f8lge Eurostar var hendelsen for\u00e5rsaket av et str\u00f8mbrudd inne i Kanaltunnelen, forsterket av stansen av et skytteltog som ble operert av Getlink, selskapet som driver tunnelen. Disse skytteltogene frakter biler, lastebiler og busser mellom Frankrike og Storbritannia.<\/p>\n<p>En talsperson for Eurostar sa til AFP at problemet involverte &laquo;et problem med str\u00f8mforsyningen i Kanaltunnelen, forverret av stoppet av et skytteltog midt i tunnelen&raquo;.<\/p>\n<p>Getlink bekreftet at en teknisk intervensjon var i gang, og forklarte at ingeni\u00f8rer jobbet med de overliggende str\u00f8mkablene som forsynte tog under kanalen.<\/p>\n<p>&laquo;I morges krevde en hendelse knyttet til en svikt i str\u00f8mforsyningen til tog i tunnelen teknisk arbeid p\u00e5 kablene, som for tiden blir utf\u00f8rt,&raquo; sa en talsperson for Getlink til AFP.<\/p>\n<p>Hendelsen ble rapportert like f\u00f8r klokken 13.00, og utl\u00f8ste en umiddelbar stans av tjenester av sikkerhetsmessige \u00e5rsaker.<\/p>\n<h2>Gradvis tilbake, men forsinkelser forventes \u00e5 fortsette<\/h2>\n<p>Mens den f\u00f8rste forstyrrelsen var alvorlig, kunngjorde Getlink senere at togtrafikken ville fortsette gradvis fra rundt klokken 15.00. Eurostar advarte imidlertid passasjerer om at de ikke kunne garantere eksakte avgangstider, og advarte om at forsinkelser ville fortsette til tjenestene kom tilbake til det normale.<\/p>\n<p>Verken Eurostar eller Getlink ga tall p\u00e5 hvor mange passasjerer som ble ber\u00f8rt.<\/p>\n<p>Eurostar ba ogs\u00e5 kunder om ikke \u00e5 reise til ber\u00f8rte stasjoner med mindre de allerede hadde en billett for dagen, og r\u00e5det andre til \u00e5 bestille om reisene for en senere dato. Selskapet sa at ber\u00f8rte passasjerer ville bli tilbudt fleksible alternativer, inkludert endringer eller refusjoner, selv om kapasiteten forble begrenset.<\/p>\n<p>Usikkerheten ble gjentatt av National Rail, som koordinerer togtjenester over hele Storbritannia. Den oppfordret ogs\u00e5 passasjerer til \u00e5 endre reiseplanene sine, og advarte om at forstyrrelser i Kanaltunnelen ville ha konsekvenser for det bredere jernbanenettet.<\/p>\n<h2>En trafikkert rute ble forstyrret p\u00e5 et kritisk tidspunkt<\/h2>\n<p>Suspensjonen traff i et spesielt f\u00f8lsomt \u00f8yeblikk. Eurostar-tjenester er mye brukt i ferieperioden, med reisende som flytter mellom Storbritannia og destinasjoner som Paris, Brussel, Amsterdam og Disneyland Paris.<\/p>\n<p>For mange passasjerer er Eurostar det foretrukne alternativet for reiser over kanalen, og tilbyr hastighet og bekvemmelighet sammenlignet med fly eller ferger. Tirsdagens forstyrrelse tvang mange til \u00e5 revurdere planene sine, med alternative alternativer enten fullbooket eller betydelig dyrere.<\/p>\n<p>Hendelsen fremhevet ogs\u00e5 s\u00e5rbarheten til Kanaltunnelen, et enkelt stykke infrastruktur som millioner av passasjerer stoler p\u00e5 hvert \u00e5r. N\u00e5r det oppst\u00e5r problemer under kanalen, merkes st\u00f8tet umiddelbart p\u00e5 begge sider.<\/p>\n<p>Sent p\u00e5 ettermiddagen begynte togene \u00e5 bevege seg igjen, men situasjonen forble skj\u00f8r. Eurostar advarte om at ytterligere forsinkelser var sannsynlige ettersom tjenester ble gradvis gjenopprettet og rullende materiell reposisjonert.<\/p>\n<p>Forel\u00f8pig blir passasjerer bedt om \u00e5 sjekke offisielle oppdateringer f\u00f8r de reiser og \u00e5 tillate ekstra tid hvis reisene deres ikke kan utsettes.<\/p>\n<p>Avbruddet tjener som en p\u00e5minnelse om at selv \u00e9n teknisk feil kan f\u00e5 Europas viktigste jernbaneforbindelse til \u00e5 stoppe \u2013 i hvert fall i noen f\u00e5 frustrerende timer.<\/p>\n<p>                    <!-- Originally published at https:\/\/euroweeklynews.com\/2025\/12\/30\/eurostar-chaos-after-channel-tunnel-power-failure-leaves-travellers-stranded\/ on 30 Dec 2025 at 16:43 by Farah Mokrani --><br \/>\n                    <!-- Article End -->\n                <\/div>\n","protected":false},"excerpt":{"rendered":"<p>Passasjerer som reiste mellom Storbritannia og det europeiske fastlandet m\u00f8tte en dag med forstyrrelser tirsdag<\/p>\n","protected":false},"author":1,"featured_media":13345,"comment_status":"closed","ping_status":"open","sticky":false,"template":"","format":"standard","meta":{"footnotes":""},"categories":[105],"tags":[92,8786,1238,8787,3092,5467,2196],"class_list":["post-13344","post","type-post","status-publish","format-standard","has-post-thumbnail","hentry","category-livsstil","tag-etter","tag-eurostarkaos","tag-gjor","tag-kanaltunnelen","tag-reisende","tag-strandet","tag-strombrudd","generate-columns","tablet-grid-50","mobile-grid-100","grid-parent","grid-33","resize-featured-image"],"yoast_head":"<!-- This site is optimized with the Yoast SEO plugin v24.4 - https:\/\/yoast.com\/wordpress\/plugins\/seo\/ -->\n<title>Eurostar-kaos etter str\u00f8mbrudd i kanaltunnelen gj\u00f8r reisende strandet - Nordnesrepublikken<\/title>\n<meta name=\"robots\" content=\"index, follow, max-snippet:-1, max-image-preview:large, max-video-preview:-1\" \/>\n<link rel=\"canonical\" href=\"https:\/\/nordnesrepublikken.no\/index.php\/2025\/12\/30\/eurostar-kaos-etter-strombrudd-i-kanaltunnelen-gjor-reisende-strandet\/\" \/>\n<meta property=\"og:locale\" content=\"nb_NO\" \/>\n<meta property=\"og:type\" content=\"article\" \/>\n<meta property=\"og:title\" content=\"Eurostar-kaos etter str\u00f8mbrudd i kanaltunnelen gj\u00f8r reisende strandet - Nordnesrepublikken\" \/>\n<meta property=\"og:description\" content=\"Passasjerer som reiste mellom Storbritannia og det europeiske fastlandet m\u00f8tte en dag med forstyrrelser tirsdag\" \/>\n<meta property=\"og:url\" content=\"https:\/\/nordnesrepublikken.no\/index.php\/2025\/12\/30\/eurostar-kaos-etter-strombrudd-i-kanaltunnelen-gjor-reisende-strandet\/\" \/>\n<meta property=\"og:site_name\" content=\"Nordnesrepublikken\" \/>\n<meta property=\"article:published_time\" content=\"2025-12-30T19:51:11+00:00\" \/>\n<meta property=\"article:modified_time\" content=\"2025-12-30T19:51:12+00:00\" \/>\n<meta property=\"og:image\" content=\"https:\/\/nordnesrepublikken.no\/wp-content\/uploads\/2025\/12\/1767124272_Eurostar-kaos-etter-strombrudd-i-kanaltunnelen-gjor-reisende-strandet.jpg\" \/>\n\t<meta property=\"og:image:width\" content=\"1200\" \/>\n\t<meta property=\"og:image:height\" content=\"799\" \/>\n\t<meta property=\"og:image:type\" content=\"image\/jpeg\" \/>\n<meta name=\"author\" content=\"Ole Andersen\" \/>\n<meta name=\"twitter:card\" content=\"summary_large_image\" \/>\n<meta name=\"twitter:label1\" content=\"Skrevet av\" \/>\n\t<meta name=\"twitter:data1\" content=\"Ole Andersen\" \/>\n\t<meta name=\"twitter:label2\" content=\"Ansl. lesetid\" \/>\n\t<meta name=\"twitter:data2\" content=\"3 minutter\" \/>\n<script type=\"application\/ld+json\" class=\"yoast-schema-graph\">{\"@context\":\"https:\/\/schema.org\",\"@graph\":[{\"@type\":\"Article\",\"@id\":\"https:\/\/nordnesrepublikken.no\/index.php\/2025\/12\/30\/eurostar-kaos-etter-strombrudd-i-kanaltunnelen-gjor-reisende-strandet\/#article\",\"isPartOf\":{\"@id\":\"https:\/\/nordnesrepublikken.no\/index.php\/2025\/12\/30\/eurostar-kaos-etter-strombrudd-i-kanaltunnelen-gjor-reisende-strandet\/\"},\"author\":{\"name\":\"Ole Andersen\",\"@id\":\"https:\/\/nordnesrepublikken.no\/#\/schema\/person\/2e7e81935bab77882fffb79296240ff1\"},\"headline\":\"Eurostar-kaos etter str\u00f8mbrudd i kanaltunnelen gj\u00f8r reisende strandet\",\"datePublished\":\"2025-12-30T19:51:11+00:00\",\"dateModified\":\"2025-12-30T19:51:12+00:00\",\"mainEntityOfPage\":{\"@id\":\"https:\/\/nordnesrepublikken.no\/index.php\/2025\/12\/30\/eurostar-kaos-etter-strombrudd-i-kanaltunnelen-gjor-reisende-strandet\/\"},\"wordCount\":617,\"publisher\":{\"@id\":\"https:\/\/nordnesrepublikken.no\/#organization\"},\"image\":{\"@id\":\"https:\/\/nordnesrepublikken.no\/index.php\/2025\/12\/30\/eurostar-kaos-etter-strombrudd-i-kanaltunnelen-gjor-reisende-strandet\/#primaryimage\"},\"thumbnailUrl\":\"https:\/\/nordnesrepublikken.no\/wp-content\/uploads\/2025\/12\/1767124272_Eurostar-kaos-etter-strombrudd-i-kanaltunnelen-gjor-reisende-strandet.jpg\",\"keywords\":[\"Etter\",\"Eurostarkaos\",\"gj\u00f8r\",\"kanaltunnelen\",\"reisende\",\"strandet\",\"str\u00f8mbrudd\"],\"articleSection\":[\"Livsstil\"],\"inLanguage\":\"nb-NO\"},{\"@type\":\"WebPage\",\"@id\":\"https:\/\/nordnesrepublikken.no\/index.php\/2025\/12\/30\/eurostar-kaos-etter-strombrudd-i-kanaltunnelen-gjor-reisende-strandet\/\",\"url\":\"https:\/\/nordnesrepublikken.no\/index.php\/2025\/12\/30\/eurostar-kaos-etter-strombrudd-i-kanaltunnelen-gjor-reisende-strandet\/\",\"name\":\"Eurostar-kaos etter str\u00f8mbrudd i kanaltunnelen gj\u00f8r reisende strandet - Nordnesrepublikken\",\"isPartOf\":{\"@id\":\"https:\/\/nordnesrepublikken.no\/#website\"},\"primaryImageOfPage\":{\"@id\":\"https:\/\/nordnesrepublikken.no\/index.php\/2025\/12\/30\/eurostar-kaos-etter-strombrudd-i-kanaltunnelen-gjor-reisende-strandet\/#primaryimage\"},\"image\":{\"@id\":\"https:\/\/nordnesrepublikken.no\/index.php\/2025\/12\/30\/eurostar-kaos-etter-strombrudd-i-kanaltunnelen-gjor-reisende-strandet\/#primaryimage\"},\"thumbnailUrl\":\"https:\/\/nordnesrepublikken.no\/wp-content\/uploads\/2025\/12\/1767124272_Eurostar-kaos-etter-strombrudd-i-kanaltunnelen-gjor-reisende-strandet.jpg\",\"datePublished\":\"2025-12-30T19:51:11+00:00\",\"dateModified\":\"2025-12-30T19:51:12+00:00\",\"breadcrumb\":{\"@id\":\"https:\/\/nordnesrepublikken.no\/index.php\/2025\/12\/30\/eurostar-kaos-etter-strombrudd-i-kanaltunnelen-gjor-reisende-strandet\/#breadcrumb\"},\"inLanguage\":\"nb-NO\",\"potentialAction\":[{\"@type\":\"ReadAction\",\"target\":[\"https:\/\/nordnesrepublikken.no\/index.php\/2025\/12\/30\/eurostar-kaos-etter-strombrudd-i-kanaltunnelen-gjor-reisende-strandet\/\"]}]},{\"@type\":\"ImageObject\",\"inLanguage\":\"nb-NO\",\"@id\":\"https:\/\/nordnesrepublikken.no\/index.php\/2025\/12\/30\/eurostar-kaos-etter-strombrudd-i-kanaltunnelen-gjor-reisende-strandet\/#primaryimage\",\"url\":\"https:\/\/nordnesrepublikken.no\/wp-content\/uploads\/2025\/12\/1767124272_Eurostar-kaos-etter-strombrudd-i-kanaltunnelen-gjor-reisende-strandet.jpg\",\"contentUrl\":\"https:\/\/nordnesrepublikken.no\/wp-content\/uploads\/2025\/12\/1767124272_Eurostar-kaos-etter-strombrudd-i-kanaltunnelen-gjor-reisende-strandet.jpg\",\"width\":1200,\"height\":799,\"caption\":\"Eurostar-kaos etter str\u00f8mbrudd i kanaltunnelen gj\u00f8r reisende strandet\"},{\"@type\":\"BreadcrumbList\",\"@id\":\"https:\/\/nordnesrepublikken.no\/index.php\/2025\/12\/30\/eurostar-kaos-etter-strombrudd-i-kanaltunnelen-gjor-reisende-strandet\/#breadcrumb\",\"itemListElement\":[{\"@type\":\"ListItem\",\"position\":1,\"name\":\"Home\",\"item\":\"https:\/\/nordnesrepublikken.no\/\"},{\"@type\":\"ListItem\",\"position\":2,\"name\":\"Eurostar-kaos etter str\u00f8mbrudd i kanaltunnelen gj\u00f8r reisende strandet\"}]},{\"@type\":\"WebSite\",\"@id\":\"https:\/\/nordnesrepublikken.no\/#website\",\"url\":\"https:\/\/nordnesrepublikken.no\/\",\"name\":\"Nordnesrepublikken\",\"description\":\"Stemmer og Visjoner fra Republikkens Hjerte\",\"publisher\":{\"@id\":\"https:\/\/nordnesrepublikken.no\/#organization\"},\"potentialAction\":[{\"@type\":\"SearchAction\",\"target\":{\"@type\":\"EntryPoint\",\"urlTemplate\":\"https:\/\/nordnesrepublikken.no\/?s={search_term_string}\"},\"query-input\":{\"@type\":\"PropertyValueSpecification\",\"valueRequired\":true,\"valueName\":\"search_term_string\"}}],\"inLanguage\":\"nb-NO\"},{\"@type\":\"Organization\",\"@id\":\"https:\/\/nordnesrepublikken.no\/#organization\",\"name\":\"Nordnesrepublikken\",\"url\":\"https:\/\/nordnesrepublikken.no\/\",\"logo\":{\"@type\":\"ImageObject\",\"inLanguage\":\"nb-NO\",\"@id\":\"https:\/\/nordnesrepublikken.no\/#\/schema\/logo\/image\/\",\"url\":\"https:\/\/nordnesrepublikken.no\/wp-content\/uploads\/2025\/02\/cropped-nordnesrepublikken-2.png\",\"contentUrl\":\"https:\/\/nordnesrepublikken.no\/wp-content\/uploads\/2025\/02\/cropped-nordnesrepublikken-2.png\",\"width\":1248,\"height\":362,\"caption\":\"Nordnesrepublikken\"},\"image\":{\"@id\":\"https:\/\/nordnesrepublikken.no\/#\/schema\/logo\/image\/\"}},{\"@type\":\"Person\",\"@id\":\"https:\/\/nordnesrepublikken.no\/#\/schema\/person\/2e7e81935bab77882fffb79296240ff1\",\"name\":\"Ole Andersen\",\"image\":{\"@type\":\"ImageObject\",\"inLanguage\":\"nb-NO\",\"@id\":\"https:\/\/nordnesrepublikken.no\/#\/schema\/person\/image\/\",\"url\":\"https:\/\/nordnesrepublikken.no\/wp-content\/uploads\/2025\/02\/nordnesrepublikken-2-2-150x150.jpg\",\"contentUrl\":\"https:\/\/nordnesrepublikken.no\/wp-content\/uploads\/2025\/02\/nordnesrepublikken-2-2-150x150.jpg\",\"caption\":\"Ole Andersen\"},\"description\":\"Ettersom jeg vokste opp i Oslo, har jeg alltid v\u00e6rt fascinert av ordenes kraft og deres evne til \u00e5 skape endringer. Etter \u00e5 ha fullf\u00f8rt min utdannelse i kommunikasjon ved Universitetet i Bergen, fikk jeg muligheten til \u00e5 jobbe innen ulike medier, der jeg har s\u00f8kt \u00e5 belyse viktige samfunnssp\u00f8rsm\u00e5l. I dag, som redakt\u00f8r for Nordnesrepublikken, pr\u00f8ver jeg \u00e5 forene min kj\u00e6rlighet for journalistikk med min lidenskap for innovasjon og eventyr.\",\"sameAs\":[\"https:\/\/nordnesrepublikken.no\/\"]}]}<\/script>\n<!-- \/ Yoast SEO plugin. -->","yoast_head_json":{"title":"Eurostar-kaos etter str\u00f8mbrudd i kanaltunnelen gj\u00f8r reisende strandet - Nordnesrepublikken","robots":{"index":"index","follow":"follow","max-snippet":"max-snippet:-1","max-image-preview":"max-image-preview:large","max-video-preview":"max-video-preview:-1"},"canonical":"https:\/\/nordnesrepublikken.no\/index.php\/2025\/12\/30\/eurostar-kaos-etter-strombrudd-i-kanaltunnelen-gjor-reisende-strandet\/","og_locale":"nb_NO","og_type":"article","og_title":"Eurostar-kaos etter str\u00f8mbrudd i kanaltunnelen gj\u00f8r reisende strandet - Nordnesrepublikken","og_description":"Passasjerer som reiste mellom Storbritannia og det europeiske fastlandet m\u00f8tte en dag med forstyrrelser tirsdag","og_url":"https:\/\/nordnesrepublikken.no\/index.php\/2025\/12\/30\/eurostar-kaos-etter-strombrudd-i-kanaltunnelen-gjor-reisende-strandet\/","og_site_name":"Nordnesrepublikken","article_published_time":"2025-12-30T19:51:11+00:00","article_modified_time":"2025-12-30T19:51:12+00:00","og_image":[{"width":1200,"height":799,"url":"https:\/\/nordnesrepublikken.no\/wp-content\/uploads\/2025\/12\/1767124272_Eurostar-kaos-etter-strombrudd-i-kanaltunnelen-gjor-reisende-strandet.jpg","type":"image\/jpeg"}],"author":"Ole Andersen","twitter_card":"summary_large_image","twitter_misc":{"Skrevet av":"Ole Andersen","Ansl. lesetid":"3 minutter"},"schema":{"@context":"https:\/\/schema.org","@graph":[{"@type":"Article","@id":"https:\/\/nordnesrepublikken.no\/index.php\/2025\/12\/30\/eurostar-kaos-etter-strombrudd-i-kanaltunnelen-gjor-reisende-strandet\/#article","isPartOf":{"@id":"https:\/\/nordnesrepublikken.no\/index.php\/2025\/12\/30\/eurostar-kaos-etter-strombrudd-i-kanaltunnelen-gjor-reisende-strandet\/"},"author":{"name":"Ole Andersen","@id":"https:\/\/nordnesrepublikken.no\/#\/schema\/person\/2e7e81935bab77882fffb79296240ff1"},"headline":"Eurostar-kaos etter str\u00f8mbrudd i kanaltunnelen gj\u00f8r reisende strandet","datePublished":"2025-12-30T19:51:11+00:00","dateModified":"2025-12-30T19:51:12+00:00","mainEntityOfPage":{"@id":"https:\/\/nordnesrepublikken.no\/index.php\/2025\/12\/30\/eurostar-kaos-etter-strombrudd-i-kanaltunnelen-gjor-reisende-strandet\/"},"wordCount":617,"publisher":{"@id":"https:\/\/nordnesrepublikken.no\/#organization"},"image":{"@id":"https:\/\/nordnesrepublikken.no\/index.php\/2025\/12\/30\/eurostar-kaos-etter-strombrudd-i-kanaltunnelen-gjor-reisende-strandet\/#primaryimage"},"thumbnailUrl":"https:\/\/nordnesrepublikken.no\/wp-content\/uploads\/2025\/12\/1767124272_Eurostar-kaos-etter-strombrudd-i-kanaltunnelen-gjor-reisende-strandet.jpg","keywords":["Etter","Eurostarkaos","gj\u00f8r","kanaltunnelen","reisende","strandet","str\u00f8mbrudd"],"articleSection":["Livsstil"],"inLanguage":"nb-NO"},{"@type":"WebPage","@id":"https:\/\/nordnesrepublikken.no\/index.php\/2025\/12\/30\/eurostar-kaos-etter-strombrudd-i-kanaltunnelen-gjor-reisende-strandet\/","url":"https:\/\/nordnesrepublikken.no\/index.php\/2025\/12\/30\/eurostar-kaos-etter-strombrudd-i-kanaltunnelen-gjor-reisende-strandet\/","name":"Eurostar-kaos etter str\u00f8mbrudd i kanaltunnelen gj\u00f8r reisende strandet - Nordnesrepublikken","isPartOf":{"@id":"https:\/\/nordnesrepublikken.no\/#website"},"primaryImageOfPage":{"@id":"https:\/\/nordnesrepublikken.no\/index.php\/2025\/12\/30\/eurostar-kaos-etter-strombrudd-i-kanaltunnelen-gjor-reisende-strandet\/#primaryimage"},"image":{"@id":"https:\/\/nordnesrepublikken.no\/index.php\/2025\/12\/30\/eurostar-kaos-etter-strombrudd-i-kanaltunnelen-gjor-reisende-strandet\/#primaryimage"},"thumbnailUrl":"https:\/\/nordnesrepublikken.no\/wp-content\/uploads\/2025\/12\/1767124272_Eurostar-kaos-etter-strombrudd-i-kanaltunnelen-gjor-reisende-strandet.jpg","datePublished":"2025-12-30T19:51:11+00:00","dateModified":"2025-12-30T19:51:12+00:00","breadcrumb":{"@id":"https:\/\/nordnesrepublikken.no\/index.php\/2025\/12\/30\/eurostar-kaos-etter-strombrudd-i-kanaltunnelen-gjor-reisende-strandet\/#breadcrumb"},"inLanguage":"nb-NO","potentialAction":[{"@type":"ReadAction","target":["https:\/\/nordnesrepublikken.no\/index.php\/2025\/12\/30\/eurostar-kaos-etter-strombrudd-i-kanaltunnelen-gjor-reisende-strandet\/"]}]},{"@type":"ImageObject","inLanguage":"nb-NO","@id":"https:\/\/nordnesrepublikken.no\/index.php\/2025\/12\/30\/eurostar-kaos-etter-strombrudd-i-kanaltunnelen-gjor-reisende-strandet\/#primaryimage","url":"https:\/\/nordnesrepublikken.no\/wp-content\/uploads\/2025\/12\/1767124272_Eurostar-kaos-etter-strombrudd-i-kanaltunnelen-gjor-reisende-strandet.jpg","contentUrl":"https:\/\/nordnesrepublikken.no\/wp-content\/uploads\/2025\/12\/1767124272_Eurostar-kaos-etter-strombrudd-i-kanaltunnelen-gjor-reisende-strandet.jpg","width":1200,"height":799,"caption":"Eurostar-kaos etter str\u00f8mbrudd i kanaltunnelen gj\u00f8r reisende strandet"},{"@type":"BreadcrumbList","@id":"https:\/\/nordnesrepublikken.no\/index.php\/2025\/12\/30\/eurostar-kaos-etter-strombrudd-i-kanaltunnelen-gjor-reisende-strandet\/#breadcrumb","itemListElement":[{"@type":"ListItem","position":1,"name":"Home","item":"https:\/\/nordnesrepublikken.no\/"},{"@type":"ListItem","position":2,"name":"Eurostar-kaos etter str\u00f8mbrudd i kanaltunnelen gj\u00f8r reisende strandet"}]},{"@type":"WebSite","@id":"https:\/\/nordnesrepublikken.no\/#website","url":"https:\/\/nordnesrepublikken.no\/","name":"Nordnesrepublikken","description":"Stemmer og Visjoner fra Republikkens Hjerte","publisher":{"@id":"https:\/\/nordnesrepublikken.no\/#organization"},"potentialAction":[{"@type":"SearchAction","target":{"@type":"EntryPoint","urlTemplate":"https:\/\/nordnesrepublikken.no\/?s={search_term_string}"},"query-input":{"@type":"PropertyValueSpecification","valueRequired":true,"valueName":"search_term_string"}}],"inLanguage":"nb-NO"},{"@type":"Organization","@id":"https:\/\/nordnesrepublikken.no\/#organization","name":"Nordnesrepublikken","url":"https:\/\/nordnesrepublikken.no\/","logo":{"@type":"ImageObject","inLanguage":"nb-NO","@id":"https:\/\/nordnesrepublikken.no\/#\/schema\/logo\/image\/","url":"https:\/\/nordnesrepublikken.no\/wp-content\/uploads\/2025\/02\/cropped-nordnesrepublikken-2.png","contentUrl":"https:\/\/nordnesrepublikken.no\/wp-content\/uploads\/2025\/02\/cropped-nordnesrepublikken-2.png","width":1248,"height":362,"caption":"Nordnesrepublikken"},"image":{"@id":"https:\/\/nordnesrepublikken.no\/#\/schema\/logo\/image\/"}},{"@type":"Person","@id":"https:\/\/nordnesrepublikken.no\/#\/schema\/person\/2e7e81935bab77882fffb79296240ff1","name":"Ole Andersen","image":{"@type":"ImageObject","inLanguage":"nb-NO","@id":"https:\/\/nordnesrepublikken.no\/#\/schema\/person\/image\/","url":"https:\/\/nordnesrepublikken.no\/wp-content\/uploads\/2025\/02\/nordnesrepublikken-2-2-150x150.jpg","contentUrl":"https:\/\/nordnesrepublikken.no\/wp-content\/uploads\/2025\/02\/nordnesrepublikken-2-2-150x150.jpg","caption":"Ole Andersen"},"description":"Ettersom jeg vokste opp i Oslo, har jeg alltid v\u00e6rt fascinert av ordenes kraft og deres evne til \u00e5 skape endringer. Etter \u00e5 ha fullf\u00f8rt min utdannelse i kommunikasjon ved Universitetet i Bergen, fikk jeg muligheten til \u00e5 jobbe innen ulike medier, der jeg har s\u00f8kt \u00e5 belyse viktige samfunnssp\u00f8rsm\u00e5l. I dag, som redakt\u00f8r for Nordnesrepublikken, pr\u00f8ver jeg \u00e5 forene min kj\u00e6rlighet for journalistikk med min lidenskap for innovasjon og eventyr.","sameAs":["https:\/\/nordnesrepublikken.no\/"]}]}},"_links":{"self":[{"href":"https:\/\/nordnesrepublikken.no\/index.php\/wp-json\/wp\/v2\/posts\/13344","targetHints":{"allow":["GET"]}}],"collection":[{"href":"https:\/\/nordnesrepublikken.no\/index.php\/wp-json\/wp\/v2\/posts"}],"about":[{"href":"https:\/\/nordnesrepublikken.no\/index.php\/wp-json\/wp\/v2\/types\/post"}],"author":[{"embeddable":true,"href":"https:\/\/nordnesrepublikken.no\/index.php\/wp-json\/wp\/v2\/users\/1"}],"replies":[{"embeddable":true,"href":"https:\/\/nordnesrepublikken.no\/index.php\/wp-json\/wp\/v2\/comments?post=13344"}],"version-history":[{"count":1,"href":"https:\/\/nordnesrepublikken.no\/index.php\/wp-json\/wp\/v2\/posts\/13344\/revisions"}],"predecessor-version":[{"id":13346,"href":"https:\/\/nordnesrepublikken.no\/index.php\/wp-json\/wp\/v2\/posts\/13344\/revisions\/13346"}],"wp:featuredmedia":[{"embeddable":true,"href":"https:\/\/nordnesrepublikken.no\/index.php\/wp-json\/wp\/v2\/media\/13345"}],"wp:attachment":[{"href":"https:\/\/nordnesrepublikken.no\/index.php\/wp-json\/wp\/v2\/media?parent=13344"}],"wp:term":[{"taxonomy":"category","embeddable":true,"href":"https:\/\/nordnesrepublikken.no\/index.php\/wp-json\/wp\/v2\/categories?post=13344"},{"taxonomy":"post_tag","embeddable":true,"href":"https:\/\/nordnesrepublikken.no\/index.php\/wp-json\/wp\/v2\/tags?post=13344"}],"curies":[{"name":"wp","href":"https:\/\/api.w.org\/{rel}","templated":true}]}}