{"id":13335,"date":"2025-12-30T14:51:25","date_gmt":"2025-12-30T13:51:25","guid":{"rendered":"https:\/\/nordnesrepublikken.no\/index.php\/2025\/12\/30\/ulykke-ved-macugnaga-taubanen-minst-4-skadde-og-100-personer-sitter-fast-i-hoyden-dynamikken\/"},"modified":"2025-12-30T14:51:26","modified_gmt":"2025-12-30T13:51:26","slug":"ulykke-ved-macugnaga-taubanen-minst-4-skadde-og-100-personer-sitter-fast-i-hoyden-dynamikken","status":"publish","type":"post","link":"https:\/\/nordnesrepublikken.no\/index.php\/2025\/12\/30\/ulykke-ved-macugnaga-taubanen-minst-4-skadde-og-100-personer-sitter-fast-i-hoyden-dynamikken\/","title":{"rendered":"Ulykke ved Macugnaga-taubanen, minst 4 skadde og 100 personer sitter fast i h\u00f8yden: dynamikken"},"content":{"rendered":"<div>\n<div class=\"cp_wrapper cp_wrapper--fw mb-30 mb-20@tablet\">\n<figure class=\"mm\"><picture class=\"img\" style=\"padding-top:56.25%\"><source  media=\"(min-width: 1024px)\"><source  media=\"(min-width: 768px)\"><\/source><\/source><\/picture><\/figure>\n<\/p><\/div>\n<p>Det var en <strong>ulykke<\/strong> til taubanen <strong>Macugnaga<\/strong>I <strong>Verbano-Cusio-Ossola<\/strong>i Piemonte, med 4 personer litt <strong>s\u00e5r<\/strong> og om <strong>100 skil\u00f8pere strandet oppstr\u00f8ms<\/strong>: If\u00f8lge innledende rekonstruksjoner kan ulykken tilskrives en man\u00f8vreringsfeil, der nordhytta ankom ankomststasjonen med en hastighet som var for h\u00f8y til \u00e5 bremse tilstrekkelig.<\/p>\n<p>Episoden skjedde rundt klokken 11.30 i dag, 30. desember, i den andre delen av anlegget, som forbinder Alpe Bill-stasjonen med <b>Monte Moro<\/b>ca <strong>2.800 meter<\/strong> h\u00f8yde: skibakkene var umiddelbart <b>lukket<\/b> og skiheisen <b>stoppet<\/b>.<\/p>\n<p>Intervjuet av <em>Corriere della Sera<\/em>administrerende direkt\u00f8r for anlegget <strong>Filippo Besozzi<\/strong>bekreftet at det var en \u00ab<strong>de<\/strong><b>upraktisk<\/b> <strong>tekniker<\/strong>\u00bb, med at hytta ikke ble bremset tilstrekkelig n\u00e5r den kom inn p\u00e5 stasjonen, og endte opp med \u00e5 treffe vernebarrierene. De reiste omtrent i den ber\u00f8rte hytta <strong>15 personer<\/strong>: 3 av dem ble lettere skadd og ble umiddelbart fraktet til sykehus med legehelikopter.<\/p>\n<p>Siden det er en <strong>taubane kommer og g\u00e5r<\/strong>ville virkningen av den f\u00f8rste hytta ha for\u00e5rsaket en <strong>tilbakeslag for s\u00f8rhytta<\/strong>hvor kun sj\u00e5f\u00f8ren var p\u00e5 reise og ble lettere skadet. I mellomtiden har ca <strong>100 personer<\/strong> som allerede var i omr\u00e5det \u2013 og derfor ikke var direkte involvert i ulykken \u2013 ble igjen <strong>blokkert<\/strong> oppstr\u00f8ms, gitt at taubanen er stengt: Brannvesenet jobber p\u00e5 dette tidspunktet for \u00e5<strong> evakuere alle<\/strong> via to helikoptre, den<strong> Drage 166<\/strong> og den <strong>Drage 61.<\/strong><\/p>\n<p>For bare to \u00e5r siden hadde skiheisen gjennomg\u00e5tt en total overhaling med utskifting av <b>motorer og hytter <\/b>seg.<\/p>\n<p>Nyheten om ulykken brakte frem minner om <strong>Monte Faito taubanekatastrofe<\/strong>som skjedde den <strong>17. april 2025<\/strong>hvor slepekabelen til systemet brakk, noe som f\u00f8rte til at en av hyttene i drift falt og 4 personer d\u00f8de, samt <strong>Mottarone tragedie<\/strong> \u2013 igjen i Piemonte \u2013 som for\u00e5rsaket 14 ofre p\u00e5 grunn av brudd p\u00e5 et trekktau.<\/p>\n<\/p><\/div>\n","protected":false},"excerpt":{"rendered":"<p>Det var en ulykke til taubanen MacugnagaI Verbano-Cusio-Ossolai Piemonte, med 4 personer litt s\u00e5r og<\/p>\n","protected":false},"author":1,"featured_media":13336,"comment_status":"closed","ping_status":"open","sticky":false,"template":"","format":"standard","meta":{"footnotes":""},"categories":[104],"tags":[1889,8780,5016,8778,1536,4201,8779,675,336,231],"class_list":["post-13335","post","type-post","status-publish","format-standard","has-post-thumbnail","hentry","category-samfunn","tag-dynamikken","tag-fast","tag-hoyden","tag-macugnagataubanen","tag-minst","tag-personer","tag-sitter","tag-skadde","tag-ulykke","tag-ved","generate-columns","tablet-grid-50","mobile-grid-100","grid-parent","grid-33","resize-featured-image"],"yoast_head":"<!-- This site is optimized with the Yoast SEO plugin v24.4 - https:\/\/yoast.com\/wordpress\/plugins\/seo\/ -->\n<title>Ulykke ved Macugnaga-taubanen, minst 4 skadde og 100 personer sitter fast i h\u00f8yden: dynamikken - Nordnesrepublikken<\/title>\n<meta name=\"robots\" content=\"index, follow, max-snippet:-1, max-image-preview:large, max-video-preview:-1\" \/>\n<link rel=\"canonical\" href=\"https:\/\/nordnesrepublikken.no\/index.php\/2025\/12\/30\/ulykke-ved-macugnaga-taubanen-minst-4-skadde-og-100-personer-sitter-fast-i-hoyden-dynamikken\/\" \/>\n<meta property=\"og:locale\" content=\"nb_NO\" \/>\n<meta property=\"og:type\" content=\"article\" \/>\n<meta property=\"og:title\" content=\"Ulykke ved Macugnaga-taubanen, minst 4 skadde og 100 personer sitter fast i h\u00f8yden: dynamikken - Nordnesrepublikken\" \/>\n<meta property=\"og:description\" content=\"Det var en ulykke til taubanen MacugnagaI Verbano-Cusio-Ossolai Piemonte, med 4 personer litt s\u00e5r og\" \/>\n<meta property=\"og:url\" content=\"https:\/\/nordnesrepublikken.no\/index.php\/2025\/12\/30\/ulykke-ved-macugnaga-taubanen-minst-4-skadde-og-100-personer-sitter-fast-i-hoyden-dynamikken\/\" \/>\n<meta property=\"og:site_name\" content=\"Nordnesrepublikken\" \/>\n<meta property=\"article:published_time\" content=\"2025-12-30T13:51:25+00:00\" \/>\n<meta property=\"article:modified_time\" content=\"2025-12-30T13:51:26+00:00\" \/>\n<meta property=\"og:image\" content=\"https:\/\/nordnesrepublikken.no\/wp-content\/uploads\/2025\/12\/1767102686_Ulykke-ved-Macugnaga-taubanen-minst-4-skadde-og-100-personer-sitter.jpg\" \/>\n\t<meta property=\"og:image:width\" content=\"704\" \/>\n\t<meta property=\"og:image:height\" content=\"360\" \/>\n\t<meta property=\"og:image:type\" content=\"image\/jpeg\" \/>\n<meta name=\"author\" content=\"Ole Andersen\" \/>\n<meta name=\"twitter:card\" content=\"summary_large_image\" \/>\n<meta name=\"twitter:label1\" content=\"Skrevet av\" \/>\n\t<meta name=\"twitter:data1\" content=\"Ole Andersen\" \/>\n\t<meta name=\"twitter:label2\" content=\"Ansl. lesetid\" \/>\n\t<meta name=\"twitter:data2\" content=\"1 minutt\" \/>\n<script type=\"application\/ld+json\" class=\"yoast-schema-graph\">{\"@context\":\"https:\/\/schema.org\",\"@graph\":[{\"@type\":\"Article\",\"@id\":\"https:\/\/nordnesrepublikken.no\/index.php\/2025\/12\/30\/ulykke-ved-macugnaga-taubanen-minst-4-skadde-og-100-personer-sitter-fast-i-hoyden-dynamikken\/#article\",\"isPartOf\":{\"@id\":\"https:\/\/nordnesrepublikken.no\/index.php\/2025\/12\/30\/ulykke-ved-macugnaga-taubanen-minst-4-skadde-og-100-personer-sitter-fast-i-hoyden-dynamikken\/\"},\"author\":{\"name\":\"Ole Andersen\",\"@id\":\"https:\/\/nordnesrepublikken.no\/#\/schema\/person\/2e7e81935bab77882fffb79296240ff1\"},\"headline\":\"Ulykke ved Macugnaga-taubanen, minst 4 skadde og 100 personer sitter fast i h\u00f8yden: dynamikken\",\"datePublished\":\"2025-12-30T13:51:25+00:00\",\"dateModified\":\"2025-12-30T13:51:26+00:00\",\"mainEntityOfPage\":{\"@id\":\"https:\/\/nordnesrepublikken.no\/index.php\/2025\/12\/30\/ulykke-ved-macugnaga-taubanen-minst-4-skadde-og-100-personer-sitter-fast-i-hoyden-dynamikken\/\"},\"wordCount\":298,\"publisher\":{\"@id\":\"https:\/\/nordnesrepublikken.no\/#organization\"},\"image\":{\"@id\":\"https:\/\/nordnesrepublikken.no\/index.php\/2025\/12\/30\/ulykke-ved-macugnaga-taubanen-minst-4-skadde-og-100-personer-sitter-fast-i-hoyden-dynamikken\/#primaryimage\"},\"thumbnailUrl\":\"https:\/\/nordnesrepublikken.no\/wp-content\/uploads\/2025\/12\/1767102686_Ulykke-ved-Macugnaga-taubanen-minst-4-skadde-og-100-personer-sitter.jpg\",\"keywords\":[\"dynamikken\",\"fast\",\"h\u00f8yden\",\"Macugnagataubanen\",\"minst\",\"personer\",\"sitter\",\"skadde\",\"ulykke\",\"ved\"],\"articleSection\":[\"Samfunn\"],\"inLanguage\":\"nb-NO\"},{\"@type\":\"WebPage\",\"@id\":\"https:\/\/nordnesrepublikken.no\/index.php\/2025\/12\/30\/ulykke-ved-macugnaga-taubanen-minst-4-skadde-og-100-personer-sitter-fast-i-hoyden-dynamikken\/\",\"url\":\"https:\/\/nordnesrepublikken.no\/index.php\/2025\/12\/30\/ulykke-ved-macugnaga-taubanen-minst-4-skadde-og-100-personer-sitter-fast-i-hoyden-dynamikken\/\",\"name\":\"Ulykke ved Macugnaga-taubanen, minst 4 skadde og 100 personer sitter fast i h\u00f8yden: dynamikken - Nordnesrepublikken\",\"isPartOf\":{\"@id\":\"https:\/\/nordnesrepublikken.no\/#website\"},\"primaryImageOfPage\":{\"@id\":\"https:\/\/nordnesrepublikken.no\/index.php\/2025\/12\/30\/ulykke-ved-macugnaga-taubanen-minst-4-skadde-og-100-personer-sitter-fast-i-hoyden-dynamikken\/#primaryimage\"},\"image\":{\"@id\":\"https:\/\/nordnesrepublikken.no\/index.php\/2025\/12\/30\/ulykke-ved-macugnaga-taubanen-minst-4-skadde-og-100-personer-sitter-fast-i-hoyden-dynamikken\/#primaryimage\"},\"thumbnailUrl\":\"https:\/\/nordnesrepublikken.no\/wp-content\/uploads\/2025\/12\/1767102686_Ulykke-ved-Macugnaga-taubanen-minst-4-skadde-og-100-personer-sitter.jpg\",\"datePublished\":\"2025-12-30T13:51:25+00:00\",\"dateModified\":\"2025-12-30T13:51:26+00:00\",\"breadcrumb\":{\"@id\":\"https:\/\/nordnesrepublikken.no\/index.php\/2025\/12\/30\/ulykke-ved-macugnaga-taubanen-minst-4-skadde-og-100-personer-sitter-fast-i-hoyden-dynamikken\/#breadcrumb\"},\"inLanguage\":\"nb-NO\",\"potentialAction\":[{\"@type\":\"ReadAction\",\"target\":[\"https:\/\/nordnesrepublikken.no\/index.php\/2025\/12\/30\/ulykke-ved-macugnaga-taubanen-minst-4-skadde-og-100-personer-sitter-fast-i-hoyden-dynamikken\/\"]}]},{\"@type\":\"ImageObject\",\"inLanguage\":\"nb-NO\",\"@id\":\"https:\/\/nordnesrepublikken.no\/index.php\/2025\/12\/30\/ulykke-ved-macugnaga-taubanen-minst-4-skadde-og-100-personer-sitter-fast-i-hoyden-dynamikken\/#primaryimage\",\"url\":\"https:\/\/nordnesrepublikken.no\/wp-content\/uploads\/2025\/12\/1767102686_Ulykke-ved-Macugnaga-taubanen-minst-4-skadde-og-100-personer-sitter.jpg\",\"contentUrl\":\"https:\/\/nordnesrepublikken.no\/wp-content\/uploads\/2025\/12\/1767102686_Ulykke-ved-Macugnaga-taubanen-minst-4-skadde-og-100-personer-sitter.jpg\",\"width\":704,\"height\":360,\"caption\":\"Ulykke ved Macugnaga-taubanen, minst 4 skadde og 100 personer sitter fast i h\u00f8yden: dynamikken\"},{\"@type\":\"BreadcrumbList\",\"@id\":\"https:\/\/nordnesrepublikken.no\/index.php\/2025\/12\/30\/ulykke-ved-macugnaga-taubanen-minst-4-skadde-og-100-personer-sitter-fast-i-hoyden-dynamikken\/#breadcrumb\",\"itemListElement\":[{\"@type\":\"ListItem\",\"position\":1,\"name\":\"Home\",\"item\":\"https:\/\/nordnesrepublikken.no\/\"},{\"@type\":\"ListItem\",\"position\":2,\"name\":\"Ulykke ved Macugnaga-taubanen, minst 4 skadde og 100 personer sitter fast i h\u00f8yden: dynamikken\"}]},{\"@type\":\"WebSite\",\"@id\":\"https:\/\/nordnesrepublikken.no\/#website\",\"url\":\"https:\/\/nordnesrepublikken.no\/\",\"name\":\"Nordnesrepublikken\",\"description\":\"Stemmer og Visjoner fra Republikkens Hjerte\",\"publisher\":{\"@id\":\"https:\/\/nordnesrepublikken.no\/#organization\"},\"potentialAction\":[{\"@type\":\"SearchAction\",\"target\":{\"@type\":\"EntryPoint\",\"urlTemplate\":\"https:\/\/nordnesrepublikken.no\/?s={search_term_string}\"},\"query-input\":{\"@type\":\"PropertyValueSpecification\",\"valueRequired\":true,\"valueName\":\"search_term_string\"}}],\"inLanguage\":\"nb-NO\"},{\"@type\":\"Organization\",\"@id\":\"https:\/\/nordnesrepublikken.no\/#organization\",\"name\":\"Nordnesrepublikken\",\"url\":\"https:\/\/nordnesrepublikken.no\/\",\"logo\":{\"@type\":\"ImageObject\",\"inLanguage\":\"nb-NO\",\"@id\":\"https:\/\/nordnesrepublikken.no\/#\/schema\/logo\/image\/\",\"url\":\"https:\/\/nordnesrepublikken.no\/wp-content\/uploads\/2025\/02\/cropped-nordnesrepublikken-2.png\",\"contentUrl\":\"https:\/\/nordnesrepublikken.no\/wp-content\/uploads\/2025\/02\/cropped-nordnesrepublikken-2.png\",\"width\":1248,\"height\":362,\"caption\":\"Nordnesrepublikken\"},\"image\":{\"@id\":\"https:\/\/nordnesrepublikken.no\/#\/schema\/logo\/image\/\"}},{\"@type\":\"Person\",\"@id\":\"https:\/\/nordnesrepublikken.no\/#\/schema\/person\/2e7e81935bab77882fffb79296240ff1\",\"name\":\"Ole Andersen\",\"image\":{\"@type\":\"ImageObject\",\"inLanguage\":\"nb-NO\",\"@id\":\"https:\/\/nordnesrepublikken.no\/#\/schema\/person\/image\/\",\"url\":\"https:\/\/nordnesrepublikken.no\/wp-content\/uploads\/2025\/02\/nordnesrepublikken-2-2-150x150.jpg\",\"contentUrl\":\"https:\/\/nordnesrepublikken.no\/wp-content\/uploads\/2025\/02\/nordnesrepublikken-2-2-150x150.jpg\",\"caption\":\"Ole Andersen\"},\"description\":\"Ettersom jeg vokste opp i Oslo, har jeg alltid v\u00e6rt fascinert av ordenes kraft og deres evne til \u00e5 skape endringer. Etter \u00e5 ha fullf\u00f8rt min utdannelse i kommunikasjon ved Universitetet i Bergen, fikk jeg muligheten til \u00e5 jobbe innen ulike medier, der jeg har s\u00f8kt \u00e5 belyse viktige samfunnssp\u00f8rsm\u00e5l. I dag, som redakt\u00f8r for Nordnesrepublikken, pr\u00f8ver jeg \u00e5 forene min kj\u00e6rlighet for journalistikk med min lidenskap for innovasjon og eventyr.\",\"sameAs\":[\"https:\/\/nordnesrepublikken.no\/\"]}]}<\/script>\n<!-- \/ Yoast SEO plugin. -->","yoast_head_json":{"title":"Ulykke ved Macugnaga-taubanen, minst 4 skadde og 100 personer sitter fast i h\u00f8yden: dynamikken - Nordnesrepublikken","robots":{"index":"index","follow":"follow","max-snippet":"max-snippet:-1","max-image-preview":"max-image-preview:large","max-video-preview":"max-video-preview:-1"},"canonical":"https:\/\/nordnesrepublikken.no\/index.php\/2025\/12\/30\/ulykke-ved-macugnaga-taubanen-minst-4-skadde-og-100-personer-sitter-fast-i-hoyden-dynamikken\/","og_locale":"nb_NO","og_type":"article","og_title":"Ulykke ved Macugnaga-taubanen, minst 4 skadde og 100 personer sitter fast i h\u00f8yden: dynamikken - Nordnesrepublikken","og_description":"Det var en ulykke til taubanen MacugnagaI Verbano-Cusio-Ossolai Piemonte, med 4 personer litt s\u00e5r og","og_url":"https:\/\/nordnesrepublikken.no\/index.php\/2025\/12\/30\/ulykke-ved-macugnaga-taubanen-minst-4-skadde-og-100-personer-sitter-fast-i-hoyden-dynamikken\/","og_site_name":"Nordnesrepublikken","article_published_time":"2025-12-30T13:51:25+00:00","article_modified_time":"2025-12-30T13:51:26+00:00","og_image":[{"width":704,"height":360,"url":"https:\/\/nordnesrepublikken.no\/wp-content\/uploads\/2025\/12\/1767102686_Ulykke-ved-Macugnaga-taubanen-minst-4-skadde-og-100-personer-sitter.jpg","type":"image\/jpeg"}],"author":"Ole Andersen","twitter_card":"summary_large_image","twitter_misc":{"Skrevet av":"Ole Andersen","Ansl. lesetid":"1 minutt"},"schema":{"@context":"https:\/\/schema.org","@graph":[{"@type":"Article","@id":"https:\/\/nordnesrepublikken.no\/index.php\/2025\/12\/30\/ulykke-ved-macugnaga-taubanen-minst-4-skadde-og-100-personer-sitter-fast-i-hoyden-dynamikken\/#article","isPartOf":{"@id":"https:\/\/nordnesrepublikken.no\/index.php\/2025\/12\/30\/ulykke-ved-macugnaga-taubanen-minst-4-skadde-og-100-personer-sitter-fast-i-hoyden-dynamikken\/"},"author":{"name":"Ole Andersen","@id":"https:\/\/nordnesrepublikken.no\/#\/schema\/person\/2e7e81935bab77882fffb79296240ff1"},"headline":"Ulykke ved Macugnaga-taubanen, minst 4 skadde og 100 personer sitter fast i h\u00f8yden: dynamikken","datePublished":"2025-12-30T13:51:25+00:00","dateModified":"2025-12-30T13:51:26+00:00","mainEntityOfPage":{"@id":"https:\/\/nordnesrepublikken.no\/index.php\/2025\/12\/30\/ulykke-ved-macugnaga-taubanen-minst-4-skadde-og-100-personer-sitter-fast-i-hoyden-dynamikken\/"},"wordCount":298,"publisher":{"@id":"https:\/\/nordnesrepublikken.no\/#organization"},"image":{"@id":"https:\/\/nordnesrepublikken.no\/index.php\/2025\/12\/30\/ulykke-ved-macugnaga-taubanen-minst-4-skadde-og-100-personer-sitter-fast-i-hoyden-dynamikken\/#primaryimage"},"thumbnailUrl":"https:\/\/nordnesrepublikken.no\/wp-content\/uploads\/2025\/12\/1767102686_Ulykke-ved-Macugnaga-taubanen-minst-4-skadde-og-100-personer-sitter.jpg","keywords":["dynamikken","fast","h\u00f8yden","Macugnagataubanen","minst","personer","sitter","skadde","ulykke","ved"],"articleSection":["Samfunn"],"inLanguage":"nb-NO"},{"@type":"WebPage","@id":"https:\/\/nordnesrepublikken.no\/index.php\/2025\/12\/30\/ulykke-ved-macugnaga-taubanen-minst-4-skadde-og-100-personer-sitter-fast-i-hoyden-dynamikken\/","url":"https:\/\/nordnesrepublikken.no\/index.php\/2025\/12\/30\/ulykke-ved-macugnaga-taubanen-minst-4-skadde-og-100-personer-sitter-fast-i-hoyden-dynamikken\/","name":"Ulykke ved Macugnaga-taubanen, minst 4 skadde og 100 personer sitter fast i h\u00f8yden: dynamikken - Nordnesrepublikken","isPartOf":{"@id":"https:\/\/nordnesrepublikken.no\/#website"},"primaryImageOfPage":{"@id":"https:\/\/nordnesrepublikken.no\/index.php\/2025\/12\/30\/ulykke-ved-macugnaga-taubanen-minst-4-skadde-og-100-personer-sitter-fast-i-hoyden-dynamikken\/#primaryimage"},"image":{"@id":"https:\/\/nordnesrepublikken.no\/index.php\/2025\/12\/30\/ulykke-ved-macugnaga-taubanen-minst-4-skadde-og-100-personer-sitter-fast-i-hoyden-dynamikken\/#primaryimage"},"thumbnailUrl":"https:\/\/nordnesrepublikken.no\/wp-content\/uploads\/2025\/12\/1767102686_Ulykke-ved-Macugnaga-taubanen-minst-4-skadde-og-100-personer-sitter.jpg","datePublished":"2025-12-30T13:51:25+00:00","dateModified":"2025-12-30T13:51:26+00:00","breadcrumb":{"@id":"https:\/\/nordnesrepublikken.no\/index.php\/2025\/12\/30\/ulykke-ved-macugnaga-taubanen-minst-4-skadde-og-100-personer-sitter-fast-i-hoyden-dynamikken\/#breadcrumb"},"inLanguage":"nb-NO","potentialAction":[{"@type":"ReadAction","target":["https:\/\/nordnesrepublikken.no\/index.php\/2025\/12\/30\/ulykke-ved-macugnaga-taubanen-minst-4-skadde-og-100-personer-sitter-fast-i-hoyden-dynamikken\/"]}]},{"@type":"ImageObject","inLanguage":"nb-NO","@id":"https:\/\/nordnesrepublikken.no\/index.php\/2025\/12\/30\/ulykke-ved-macugnaga-taubanen-minst-4-skadde-og-100-personer-sitter-fast-i-hoyden-dynamikken\/#primaryimage","url":"https:\/\/nordnesrepublikken.no\/wp-content\/uploads\/2025\/12\/1767102686_Ulykke-ved-Macugnaga-taubanen-minst-4-skadde-og-100-personer-sitter.jpg","contentUrl":"https:\/\/nordnesrepublikken.no\/wp-content\/uploads\/2025\/12\/1767102686_Ulykke-ved-Macugnaga-taubanen-minst-4-skadde-og-100-personer-sitter.jpg","width":704,"height":360,"caption":"Ulykke ved Macugnaga-taubanen, minst 4 skadde og 100 personer sitter fast i h\u00f8yden: dynamikken"},{"@type":"BreadcrumbList","@id":"https:\/\/nordnesrepublikken.no\/index.php\/2025\/12\/30\/ulykke-ved-macugnaga-taubanen-minst-4-skadde-og-100-personer-sitter-fast-i-hoyden-dynamikken\/#breadcrumb","itemListElement":[{"@type":"ListItem","position":1,"name":"Home","item":"https:\/\/nordnesrepublikken.no\/"},{"@type":"ListItem","position":2,"name":"Ulykke ved Macugnaga-taubanen, minst 4 skadde og 100 personer sitter fast i h\u00f8yden: dynamikken"}]},{"@type":"WebSite","@id":"https:\/\/nordnesrepublikken.no\/#website","url":"https:\/\/nordnesrepublikken.no\/","name":"Nordnesrepublikken","description":"Stemmer og Visjoner fra Republikkens Hjerte","publisher":{"@id":"https:\/\/nordnesrepublikken.no\/#organization"},"potentialAction":[{"@type":"SearchAction","target":{"@type":"EntryPoint","urlTemplate":"https:\/\/nordnesrepublikken.no\/?s={search_term_string}"},"query-input":{"@type":"PropertyValueSpecification","valueRequired":true,"valueName":"search_term_string"}}],"inLanguage":"nb-NO"},{"@type":"Organization","@id":"https:\/\/nordnesrepublikken.no\/#organization","name":"Nordnesrepublikken","url":"https:\/\/nordnesrepublikken.no\/","logo":{"@type":"ImageObject","inLanguage":"nb-NO","@id":"https:\/\/nordnesrepublikken.no\/#\/schema\/logo\/image\/","url":"https:\/\/nordnesrepublikken.no\/wp-content\/uploads\/2025\/02\/cropped-nordnesrepublikken-2.png","contentUrl":"https:\/\/nordnesrepublikken.no\/wp-content\/uploads\/2025\/02\/cropped-nordnesrepublikken-2.png","width":1248,"height":362,"caption":"Nordnesrepublikken"},"image":{"@id":"https:\/\/nordnesrepublikken.no\/#\/schema\/logo\/image\/"}},{"@type":"Person","@id":"https:\/\/nordnesrepublikken.no\/#\/schema\/person\/2e7e81935bab77882fffb79296240ff1","name":"Ole Andersen","image":{"@type":"ImageObject","inLanguage":"nb-NO","@id":"https:\/\/nordnesrepublikken.no\/#\/schema\/person\/image\/","url":"https:\/\/nordnesrepublikken.no\/wp-content\/uploads\/2025\/02\/nordnesrepublikken-2-2-150x150.jpg","contentUrl":"https:\/\/nordnesrepublikken.no\/wp-content\/uploads\/2025\/02\/nordnesrepublikken-2-2-150x150.jpg","caption":"Ole Andersen"},"description":"Ettersom jeg vokste opp i Oslo, har jeg alltid v\u00e6rt fascinert av ordenes kraft og deres evne til \u00e5 skape endringer. Etter \u00e5 ha fullf\u00f8rt min utdannelse i kommunikasjon ved Universitetet i Bergen, fikk jeg muligheten til \u00e5 jobbe innen ulike medier, der jeg har s\u00f8kt \u00e5 belyse viktige samfunnssp\u00f8rsm\u00e5l. I dag, som redakt\u00f8r for Nordnesrepublikken, pr\u00f8ver jeg \u00e5 forene min kj\u00e6rlighet for journalistikk med min lidenskap for innovasjon og eventyr.","sameAs":["https:\/\/nordnesrepublikken.no\/"]}]}},"_links":{"self":[{"href":"https:\/\/nordnesrepublikken.no\/index.php\/wp-json\/wp\/v2\/posts\/13335","targetHints":{"allow":["GET"]}}],"collection":[{"href":"https:\/\/nordnesrepublikken.no\/index.php\/wp-json\/wp\/v2\/posts"}],"about":[{"href":"https:\/\/nordnesrepublikken.no\/index.php\/wp-json\/wp\/v2\/types\/post"}],"author":[{"embeddable":true,"href":"https:\/\/nordnesrepublikken.no\/index.php\/wp-json\/wp\/v2\/users\/1"}],"replies":[{"embeddable":true,"href":"https:\/\/nordnesrepublikken.no\/index.php\/wp-json\/wp\/v2\/comments?post=13335"}],"version-history":[{"count":1,"href":"https:\/\/nordnesrepublikken.no\/index.php\/wp-json\/wp\/v2\/posts\/13335\/revisions"}],"predecessor-version":[{"id":13337,"href":"https:\/\/nordnesrepublikken.no\/index.php\/wp-json\/wp\/v2\/posts\/13335\/revisions\/13337"}],"wp:featuredmedia":[{"embeddable":true,"href":"https:\/\/nordnesrepublikken.no\/index.php\/wp-json\/wp\/v2\/media\/13336"}],"wp:attachment":[{"href":"https:\/\/nordnesrepublikken.no\/index.php\/wp-json\/wp\/v2\/media?parent=13335"}],"wp:term":[{"taxonomy":"category","embeddable":true,"href":"https:\/\/nordnesrepublikken.no\/index.php\/wp-json\/wp\/v2\/categories?post=13335"},{"taxonomy":"post_tag","embeddable":true,"href":"https:\/\/nordnesrepublikken.no\/index.php\/wp-json\/wp\/v2\/tags?post=13335"}],"curies":[{"name":"wp","href":"https:\/\/api.w.org\/{rel}","templated":true}]}}