{"id":13332,"date":"2025-12-30T13:50:10","date_gmt":"2025-12-30T12:50:10","guid":{"rendered":"https:\/\/nordnesrepublikken.no\/index.php\/2025\/12\/30\/de-nye-kjorereglene-spania-kommer-med-for-2026\/"},"modified":"2025-12-30T13:50:12","modified_gmt":"2025-12-30T12:50:12","slug":"de-nye-kjorereglene-spania-kommer-med-for-2026","status":"publish","type":"post","link":"https:\/\/nordnesrepublikken.no\/index.php\/2025\/12\/30\/de-nye-kjorereglene-spania-kommer-med-for-2026\/","title":{"rendered":"De nye kj\u00f8rereglene Spania kommer med for 2026"},"content":{"rendered":"<p><\/p>\n<div class=\"wordpress-content\">\n                    <!-- Article Start --><\/p>\n<p>Hvis du f\u00f8ler at Spanias nye V16 beacon-regler har tatt over hver kj\u00f8resamtale i det siste, tar du ikke feil. I flere uker har det v\u00e6rt fokus p\u00e5 blinkende lys, godkjenninger som plutselig er trukket tilbake og bilister som lurer p\u00e5 om enheten de kj\u00f8pte fortsatt er gyldig.<\/p>\n<p>Men mens oppmerksomheten er rettet mot V16, har Direcci\u00f3n General de Tr\u00e1fico (DGT) forberedt et bredere sett med endringer som ogs\u00e5 trer i kraft fra 1. januar 2026. Noen p\u00e5virker hvordan folk l\u00e6rer \u00e5 kj\u00f8re bil. Andre vil endre vaner mange bilister har fulgt i \u00e5revis. Og noen f\u00e5 kan fange sj\u00e5f\u00f8rer ut med uventede b\u00f8ter hvis de ikke tar hensyn.<\/p>\n<p>Beacon kan v\u00e6re overskriften, men det er langt fra den eneste regelen drivere trenger \u00e5 v\u00e6re klar over.<\/p>\n<div class=\"sra_unit\"><link rel=\"stylesheet\" id=\"block-sra\" href=\"https:\/\/euroweeklynews.com\/wp-content\/plugins\/snack-related-articles\/dist\/css\/snack-related.min.css?250312-193541\" type=\"text\/css\" media=\"all\">\n<\/div>\n<h2>F\u00f8rerpr\u00f8ver er i ferd med \u00e5 f\u00f8les veldig annerledes<\/h2>\n<p>Endringene starter f\u00f8r noen i det hele tatt f\u00e5r lisensen.<\/p>\n<p>Spanias kj\u00f8reteoripr\u00f8ve er satt til \u00e5 g\u00e5 bort fra \u00e5 v\u00e6re en minne\u00f8velse. I stedet for bare \u00e5 huske regler og skilt, vil sj\u00e5f\u00f8rene m\u00f8te mer praktiske sp\u00f8rsm\u00e5l, inkludert videobaserte scenarier.<\/p>\n<p>Kandidatene vil bli vist reelle trafikksituasjoner og bedt om \u00e5 identifisere risikoer og bestemme hvordan de vil reagere. Ideen er enkel: test d\u00f8mmekraft, ikke bare hukommelse. For fremtidige sj\u00e5f\u00f8rer betyr det \u00e5 l\u00e6re \u00e5 tenke som en sj\u00e5f\u00f8r, ikke bare en student som stapper i seg svar. For alle andre p\u00e5 veien er det ment \u00e5 oversettes til tryggere beslutningstaking bak rattet.<\/p>\n<h2>Hva du skal gj\u00f8re i trafikkork: en ny vane for spanske veier<\/h2>\n<p>En av endringene de fleste sj\u00e5f\u00f8rer vil legge merke til p\u00e5virker trafikkork.<\/p>\n<p>N\u00e5r trafikken st\u00e5r stille, vil sj\u00e5f\u00f8rene n\u00e5 forventes \u00e5 lage en oversiktlig korridor for utrykningskj\u00f8ret\u00f8y. Biler i h\u00f8yre kj\u00f8refelt skal bevege seg s\u00e5 langt til h\u00f8yre som mulig, mens de til venstre skifter til venstre og \u00e5pner en sti nedover i midten.<\/p>\n<p>Denne regelen finnes allerede i land som Tyskland og \u00d8sterrike, men for mange spanske sj\u00e5f\u00f8rer vil den v\u00e6re ny. M\u00e5let er \u00e5 stoppe ambulanser, brannbiler og politikj\u00f8ret\u00f8yer som taper tid p\u00e5 \u00e5 veve seg gjennom tett trafikk \u2013 og \u00e5 redusere risikofylte filskift n\u00e5r sj\u00e5f\u00f8rer f\u00e5r panikk ved lyden av sirener.<\/p>\n<p>Det er en av de reglene som bare betyr noe n\u00e5r det virkelig betyr noe.<\/p>\n<h2>Sikkerhetsbelter: ingen flere unntak, for alle<\/h2>\n<p>Sikkerhetsbelte har lenge v\u00e6rt obligatorisk i Spania, men til n\u00e5 var det noen f\u00e5 unntak. Drosjesj\u00e5f\u00f8rer, leveringsarbeidere og kj\u00f8rel\u00e6rere fikk, i spesifikke bysituasjoner, kj\u00f8re uten \u00e5 ha p\u00e5 seg en mens de jobbet.<\/p>\n<p>Fra 2026 endres det.<\/p>\n<p>Etter de nye reglene skal alle bruke bilbelte til enhver tid, uavhengig av jobb eller situasjon. DGT har fjernet gr\u00e5sonene, og hevdet at sikkerhetsreglene b\u00f8r v\u00e6re like for alle sj\u00e5f\u00f8rer, overalt.<\/p>\n<p>For de fleste endres ingenting. For de som stolte p\u00e5 unntakene er det en liten justering som n\u00e5 blir uomsettelig.<\/p>\n<h2>Lavutslippssoner er ikke lenger valgfritt<\/h2>\n<p>Det kanskje st\u00f8rste skiftet for hverdagen vil merkes i byene.<\/p>\n<p>Fra januar 2026 vil alle byer med mer enn 50 000 innbyggere, sammen med \u00f8yterritorier, v\u00e6re p\u00e5lagt \u00e5 drive en lavutslippssone (ZBE). Totalt ber\u00f8rer dette mer enn 149 kommuner, som dekker nesten halvparten av Spanias befolkning.<\/p>\n<p>Disse sonene er utformet for \u00e5 redusere forurensning og organisere trafikk i stadig mer trafikkerte bysentre. Tilgang vil i stor grad avhenge av milj\u00f8merket utstedt av DGT.<\/p>\n<p>Kj\u00f8ret\u00f8y uten merke \u2013 typisk bensinbiler registrert f\u00f8r 2001 og dieselbiler fra f\u00f8r 2006 \u2013 vil m\u00f8te de strengeste grensene. H\u00e5ndhevelse vil hovedsakelig v\u00e6re avhengig av gjenkjenningskameraer for nummerskilt, og b\u00f8ter kan n\u00e5 \u20ac200, redusert til \u20ac100 hvis de betales umiddelbart.<\/p>\n<p>Hvordan hver sone fungerer vil imidlertid avhenge av lokale r\u00e5d. Noen kan tillate innbyggerdispensasjoner, tidsbasert tilgang eller midlertidige tillatelser. Andre kan v\u00e6re langt strengere. For sj\u00e5f\u00f8rer betyr det \u00e5 sjekke lokale regler i stedet for \u00e5 anta at ett system passer alle.<\/p>\n<h2>Et \u00e5r som vil kreve mer oppmerksomhet fra sj\u00e5f\u00f8rene<\/h2>\n<p>Til sammen signaliserer disse endringene et skifte i hvordan Spania n\u00e6rmer seg trafikksikkerhet, mobilitet og milj\u00f8politikk. Noen er designet for \u00e5 modernisere l\u00e6ring. Andre fokuserer p\u00e5 beredskap eller byluftkvalitet.<\/p>\n<p>Det de alle deler er behovet for st\u00f8rre bevissthet. Fra \u00e5 vite hvordan du skal reagere i en trafikkork til \u00e5 sjekke om bilen din kan kj\u00f8re inn i et bysentrum, vil 2026 v\u00e6re et \u00e5r hvor vaner betyr noe.<\/p>\n<p>V16 beacon kan ha utl\u00f8st forvirringen, men det er bare en del av en bredere tilbakestilling. For spanske sj\u00e5f\u00f8rer er budskapet enkelt: reglene endres \u2013 og ikke bare p\u00e5 ett sted.<\/p>\n<p>                    <!-- Originally published at https:\/\/euroweeklynews.com\/2025\/12\/30\/the-new-driving-rules-spain-is-bringing-in-for-2026\/ on 30 Dec 2025 at 11:38 by Farah Mokrani --><br \/>\n                    <!-- Article End -->\n                <\/div>\n","protected":false},"excerpt":{"rendered":"<p>Hvis du f\u00f8ler at Spanias nye V16 beacon-regler har tatt over hver kj\u00f8resamtale i det<\/p>\n","protected":false},"author":1,"featured_media":13333,"comment_status":"closed","ping_status":"open","sticky":false,"template":"","format":"standard","meta":{"footnotes":""},"categories":[105],"tags":[8777,1046,79,260,529],"class_list":["post-13332","post","type-post","status-publish","format-standard","has-post-thumbnail","hentry","category-livsstil","tag-kjorereglene","tag-kommer","tag-med","tag-nye","tag-spania","generate-columns","tablet-grid-50","mobile-grid-100","grid-parent","grid-33","resize-featured-image"],"yoast_head":"<!-- This site is optimized with the Yoast SEO plugin v24.4 - https:\/\/yoast.com\/wordpress\/plugins\/seo\/ -->\n<title>De nye kj\u00f8rereglene Spania kommer med for 2026 - Nordnesrepublikken<\/title>\n<meta name=\"robots\" content=\"index, follow, max-snippet:-1, max-image-preview:large, max-video-preview:-1\" \/>\n<link rel=\"canonical\" href=\"https:\/\/nordnesrepublikken.no\/index.php\/2025\/12\/30\/de-nye-kjorereglene-spania-kommer-med-for-2026\/\" \/>\n<meta property=\"og:locale\" content=\"nb_NO\" \/>\n<meta property=\"og:type\" content=\"article\" \/>\n<meta property=\"og:title\" content=\"De nye kj\u00f8rereglene Spania kommer med for 2026 - Nordnesrepublikken\" \/>\n<meta property=\"og:description\" content=\"Hvis du f\u00f8ler at Spanias nye V16 beacon-regler har tatt over hver kj\u00f8resamtale i det\" \/>\n<meta property=\"og:url\" content=\"https:\/\/nordnesrepublikken.no\/index.php\/2025\/12\/30\/de-nye-kjorereglene-spania-kommer-med-for-2026\/\" \/>\n<meta property=\"og:site_name\" content=\"Nordnesrepublikken\" \/>\n<meta property=\"article:published_time\" content=\"2025-12-30T12:50:10+00:00\" \/>\n<meta property=\"article:modified_time\" content=\"2025-12-30T12:50:12+00:00\" \/>\n<meta property=\"og:image\" content=\"https:\/\/nordnesrepublikken.no\/wp-content\/uploads\/2025\/12\/1767099011_De-nye-kjorereglene-Spania-kommer-med-for-2026.jpg\" \/>\n\t<meta property=\"og:image:width\" content=\"1200\" \/>\n\t<meta property=\"og:image:height\" content=\"800\" \/>\n\t<meta property=\"og:image:type\" content=\"image\/jpeg\" \/>\n<meta name=\"author\" content=\"Ole Andersen\" \/>\n<meta name=\"twitter:card\" content=\"summary_large_image\" \/>\n<meta name=\"twitter:label1\" content=\"Skrevet av\" \/>\n\t<meta name=\"twitter:data1\" content=\"Ole Andersen\" \/>\n\t<meta name=\"twitter:label2\" content=\"Ansl. lesetid\" \/>\n\t<meta name=\"twitter:data2\" content=\"4 minutter\" \/>\n<script type=\"application\/ld+json\" class=\"yoast-schema-graph\">{\"@context\":\"https:\/\/schema.org\",\"@graph\":[{\"@type\":\"Article\",\"@id\":\"https:\/\/nordnesrepublikken.no\/index.php\/2025\/12\/30\/de-nye-kjorereglene-spania-kommer-med-for-2026\/#article\",\"isPartOf\":{\"@id\":\"https:\/\/nordnesrepublikken.no\/index.php\/2025\/12\/30\/de-nye-kjorereglene-spania-kommer-med-for-2026\/\"},\"author\":{\"name\":\"Ole Andersen\",\"@id\":\"https:\/\/nordnesrepublikken.no\/#\/schema\/person\/2e7e81935bab77882fffb79296240ff1\"},\"headline\":\"De nye kj\u00f8rereglene Spania kommer med for 2026\",\"datePublished\":\"2025-12-30T12:50:10+00:00\",\"dateModified\":\"2025-12-30T12:50:12+00:00\",\"mainEntityOfPage\":{\"@id\":\"https:\/\/nordnesrepublikken.no\/index.php\/2025\/12\/30\/de-nye-kjorereglene-spania-kommer-med-for-2026\/\"},\"wordCount\":802,\"publisher\":{\"@id\":\"https:\/\/nordnesrepublikken.no\/#organization\"},\"image\":{\"@id\":\"https:\/\/nordnesrepublikken.no\/index.php\/2025\/12\/30\/de-nye-kjorereglene-spania-kommer-med-for-2026\/#primaryimage\"},\"thumbnailUrl\":\"https:\/\/nordnesrepublikken.no\/wp-content\/uploads\/2025\/12\/1767099011_De-nye-kjorereglene-Spania-kommer-med-for-2026.jpg\",\"keywords\":[\"kj\u00f8rereglene\",\"kommer\",\"med\",\"nye\",\"Spania\"],\"articleSection\":[\"Livsstil\"],\"inLanguage\":\"nb-NO\"},{\"@type\":\"WebPage\",\"@id\":\"https:\/\/nordnesrepublikken.no\/index.php\/2025\/12\/30\/de-nye-kjorereglene-spania-kommer-med-for-2026\/\",\"url\":\"https:\/\/nordnesrepublikken.no\/index.php\/2025\/12\/30\/de-nye-kjorereglene-spania-kommer-med-for-2026\/\",\"name\":\"De nye kj\u00f8rereglene Spania kommer med for 2026 - Nordnesrepublikken\",\"isPartOf\":{\"@id\":\"https:\/\/nordnesrepublikken.no\/#website\"},\"primaryImageOfPage\":{\"@id\":\"https:\/\/nordnesrepublikken.no\/index.php\/2025\/12\/30\/de-nye-kjorereglene-spania-kommer-med-for-2026\/#primaryimage\"},\"image\":{\"@id\":\"https:\/\/nordnesrepublikken.no\/index.php\/2025\/12\/30\/de-nye-kjorereglene-spania-kommer-med-for-2026\/#primaryimage\"},\"thumbnailUrl\":\"https:\/\/nordnesrepublikken.no\/wp-content\/uploads\/2025\/12\/1767099011_De-nye-kjorereglene-Spania-kommer-med-for-2026.jpg\",\"datePublished\":\"2025-12-30T12:50:10+00:00\",\"dateModified\":\"2025-12-30T12:50:12+00:00\",\"breadcrumb\":{\"@id\":\"https:\/\/nordnesrepublikken.no\/index.php\/2025\/12\/30\/de-nye-kjorereglene-spania-kommer-med-for-2026\/#breadcrumb\"},\"inLanguage\":\"nb-NO\",\"potentialAction\":[{\"@type\":\"ReadAction\",\"target\":[\"https:\/\/nordnesrepublikken.no\/index.php\/2025\/12\/30\/de-nye-kjorereglene-spania-kommer-med-for-2026\/\"]}]},{\"@type\":\"ImageObject\",\"inLanguage\":\"nb-NO\",\"@id\":\"https:\/\/nordnesrepublikken.no\/index.php\/2025\/12\/30\/de-nye-kjorereglene-spania-kommer-med-for-2026\/#primaryimage\",\"url\":\"https:\/\/nordnesrepublikken.no\/wp-content\/uploads\/2025\/12\/1767099011_De-nye-kjorereglene-Spania-kommer-med-for-2026.jpg\",\"contentUrl\":\"https:\/\/nordnesrepublikken.no\/wp-content\/uploads\/2025\/12\/1767099011_De-nye-kjorereglene-Spania-kommer-med-for-2026.jpg\",\"width\":1200,\"height\":800,\"caption\":\"De nye kj\u00f8rereglene Spania kommer med for 2026\"},{\"@type\":\"BreadcrumbList\",\"@id\":\"https:\/\/nordnesrepublikken.no\/index.php\/2025\/12\/30\/de-nye-kjorereglene-spania-kommer-med-for-2026\/#breadcrumb\",\"itemListElement\":[{\"@type\":\"ListItem\",\"position\":1,\"name\":\"Home\",\"item\":\"https:\/\/nordnesrepublikken.no\/\"},{\"@type\":\"ListItem\",\"position\":2,\"name\":\"De nye kj\u00f8rereglene Spania kommer med for 2026\"}]},{\"@type\":\"WebSite\",\"@id\":\"https:\/\/nordnesrepublikken.no\/#website\",\"url\":\"https:\/\/nordnesrepublikken.no\/\",\"name\":\"Nordnesrepublikken\",\"description\":\"Stemmer og Visjoner fra Republikkens Hjerte\",\"publisher\":{\"@id\":\"https:\/\/nordnesrepublikken.no\/#organization\"},\"potentialAction\":[{\"@type\":\"SearchAction\",\"target\":{\"@type\":\"EntryPoint\",\"urlTemplate\":\"https:\/\/nordnesrepublikken.no\/?s={search_term_string}\"},\"query-input\":{\"@type\":\"PropertyValueSpecification\",\"valueRequired\":true,\"valueName\":\"search_term_string\"}}],\"inLanguage\":\"nb-NO\"},{\"@type\":\"Organization\",\"@id\":\"https:\/\/nordnesrepublikken.no\/#organization\",\"name\":\"Nordnesrepublikken\",\"url\":\"https:\/\/nordnesrepublikken.no\/\",\"logo\":{\"@type\":\"ImageObject\",\"inLanguage\":\"nb-NO\",\"@id\":\"https:\/\/nordnesrepublikken.no\/#\/schema\/logo\/image\/\",\"url\":\"https:\/\/nordnesrepublikken.no\/wp-content\/uploads\/2025\/02\/cropped-nordnesrepublikken-2.png\",\"contentUrl\":\"https:\/\/nordnesrepublikken.no\/wp-content\/uploads\/2025\/02\/cropped-nordnesrepublikken-2.png\",\"width\":1248,\"height\":362,\"caption\":\"Nordnesrepublikken\"},\"image\":{\"@id\":\"https:\/\/nordnesrepublikken.no\/#\/schema\/logo\/image\/\"}},{\"@type\":\"Person\",\"@id\":\"https:\/\/nordnesrepublikken.no\/#\/schema\/person\/2e7e81935bab77882fffb79296240ff1\",\"name\":\"Ole Andersen\",\"image\":{\"@type\":\"ImageObject\",\"inLanguage\":\"nb-NO\",\"@id\":\"https:\/\/nordnesrepublikken.no\/#\/schema\/person\/image\/\",\"url\":\"https:\/\/nordnesrepublikken.no\/wp-content\/uploads\/2025\/02\/nordnesrepublikken-2-2-150x150.jpg\",\"contentUrl\":\"https:\/\/nordnesrepublikken.no\/wp-content\/uploads\/2025\/02\/nordnesrepublikken-2-2-150x150.jpg\",\"caption\":\"Ole Andersen\"},\"description\":\"Ettersom jeg vokste opp i Oslo, har jeg alltid v\u00e6rt fascinert av ordenes kraft og deres evne til \u00e5 skape endringer. Etter \u00e5 ha fullf\u00f8rt min utdannelse i kommunikasjon ved Universitetet i Bergen, fikk jeg muligheten til \u00e5 jobbe innen ulike medier, der jeg har s\u00f8kt \u00e5 belyse viktige samfunnssp\u00f8rsm\u00e5l. I dag, som redakt\u00f8r for Nordnesrepublikken, pr\u00f8ver jeg \u00e5 forene min kj\u00e6rlighet for journalistikk med min lidenskap for innovasjon og eventyr.\",\"sameAs\":[\"https:\/\/nordnesrepublikken.no\/\"]}]}<\/script>\n<!-- \/ Yoast SEO plugin. -->","yoast_head_json":{"title":"De nye kj\u00f8rereglene Spania kommer med for 2026 - Nordnesrepublikken","robots":{"index":"index","follow":"follow","max-snippet":"max-snippet:-1","max-image-preview":"max-image-preview:large","max-video-preview":"max-video-preview:-1"},"canonical":"https:\/\/nordnesrepublikken.no\/index.php\/2025\/12\/30\/de-nye-kjorereglene-spania-kommer-med-for-2026\/","og_locale":"nb_NO","og_type":"article","og_title":"De nye kj\u00f8rereglene Spania kommer med for 2026 - Nordnesrepublikken","og_description":"Hvis du f\u00f8ler at Spanias nye V16 beacon-regler har tatt over hver kj\u00f8resamtale i det","og_url":"https:\/\/nordnesrepublikken.no\/index.php\/2025\/12\/30\/de-nye-kjorereglene-spania-kommer-med-for-2026\/","og_site_name":"Nordnesrepublikken","article_published_time":"2025-12-30T12:50:10+00:00","article_modified_time":"2025-12-30T12:50:12+00:00","og_image":[{"width":1200,"height":800,"url":"https:\/\/nordnesrepublikken.no\/wp-content\/uploads\/2025\/12\/1767099011_De-nye-kjorereglene-Spania-kommer-med-for-2026.jpg","type":"image\/jpeg"}],"author":"Ole Andersen","twitter_card":"summary_large_image","twitter_misc":{"Skrevet av":"Ole Andersen","Ansl. lesetid":"4 minutter"},"schema":{"@context":"https:\/\/schema.org","@graph":[{"@type":"Article","@id":"https:\/\/nordnesrepublikken.no\/index.php\/2025\/12\/30\/de-nye-kjorereglene-spania-kommer-med-for-2026\/#article","isPartOf":{"@id":"https:\/\/nordnesrepublikken.no\/index.php\/2025\/12\/30\/de-nye-kjorereglene-spania-kommer-med-for-2026\/"},"author":{"name":"Ole Andersen","@id":"https:\/\/nordnesrepublikken.no\/#\/schema\/person\/2e7e81935bab77882fffb79296240ff1"},"headline":"De nye kj\u00f8rereglene Spania kommer med for 2026","datePublished":"2025-12-30T12:50:10+00:00","dateModified":"2025-12-30T12:50:12+00:00","mainEntityOfPage":{"@id":"https:\/\/nordnesrepublikken.no\/index.php\/2025\/12\/30\/de-nye-kjorereglene-spania-kommer-med-for-2026\/"},"wordCount":802,"publisher":{"@id":"https:\/\/nordnesrepublikken.no\/#organization"},"image":{"@id":"https:\/\/nordnesrepublikken.no\/index.php\/2025\/12\/30\/de-nye-kjorereglene-spania-kommer-med-for-2026\/#primaryimage"},"thumbnailUrl":"https:\/\/nordnesrepublikken.no\/wp-content\/uploads\/2025\/12\/1767099011_De-nye-kjorereglene-Spania-kommer-med-for-2026.jpg","keywords":["kj\u00f8rereglene","kommer","med","nye","Spania"],"articleSection":["Livsstil"],"inLanguage":"nb-NO"},{"@type":"WebPage","@id":"https:\/\/nordnesrepublikken.no\/index.php\/2025\/12\/30\/de-nye-kjorereglene-spania-kommer-med-for-2026\/","url":"https:\/\/nordnesrepublikken.no\/index.php\/2025\/12\/30\/de-nye-kjorereglene-spania-kommer-med-for-2026\/","name":"De nye kj\u00f8rereglene Spania kommer med for 2026 - Nordnesrepublikken","isPartOf":{"@id":"https:\/\/nordnesrepublikken.no\/#website"},"primaryImageOfPage":{"@id":"https:\/\/nordnesrepublikken.no\/index.php\/2025\/12\/30\/de-nye-kjorereglene-spania-kommer-med-for-2026\/#primaryimage"},"image":{"@id":"https:\/\/nordnesrepublikken.no\/index.php\/2025\/12\/30\/de-nye-kjorereglene-spania-kommer-med-for-2026\/#primaryimage"},"thumbnailUrl":"https:\/\/nordnesrepublikken.no\/wp-content\/uploads\/2025\/12\/1767099011_De-nye-kjorereglene-Spania-kommer-med-for-2026.jpg","datePublished":"2025-12-30T12:50:10+00:00","dateModified":"2025-12-30T12:50:12+00:00","breadcrumb":{"@id":"https:\/\/nordnesrepublikken.no\/index.php\/2025\/12\/30\/de-nye-kjorereglene-spania-kommer-med-for-2026\/#breadcrumb"},"inLanguage":"nb-NO","potentialAction":[{"@type":"ReadAction","target":["https:\/\/nordnesrepublikken.no\/index.php\/2025\/12\/30\/de-nye-kjorereglene-spania-kommer-med-for-2026\/"]}]},{"@type":"ImageObject","inLanguage":"nb-NO","@id":"https:\/\/nordnesrepublikken.no\/index.php\/2025\/12\/30\/de-nye-kjorereglene-spania-kommer-med-for-2026\/#primaryimage","url":"https:\/\/nordnesrepublikken.no\/wp-content\/uploads\/2025\/12\/1767099011_De-nye-kjorereglene-Spania-kommer-med-for-2026.jpg","contentUrl":"https:\/\/nordnesrepublikken.no\/wp-content\/uploads\/2025\/12\/1767099011_De-nye-kjorereglene-Spania-kommer-med-for-2026.jpg","width":1200,"height":800,"caption":"De nye kj\u00f8rereglene Spania kommer med for 2026"},{"@type":"BreadcrumbList","@id":"https:\/\/nordnesrepublikken.no\/index.php\/2025\/12\/30\/de-nye-kjorereglene-spania-kommer-med-for-2026\/#breadcrumb","itemListElement":[{"@type":"ListItem","position":1,"name":"Home","item":"https:\/\/nordnesrepublikken.no\/"},{"@type":"ListItem","position":2,"name":"De nye kj\u00f8rereglene Spania kommer med for 2026"}]},{"@type":"WebSite","@id":"https:\/\/nordnesrepublikken.no\/#website","url":"https:\/\/nordnesrepublikken.no\/","name":"Nordnesrepublikken","description":"Stemmer og Visjoner fra Republikkens Hjerte","publisher":{"@id":"https:\/\/nordnesrepublikken.no\/#organization"},"potentialAction":[{"@type":"SearchAction","target":{"@type":"EntryPoint","urlTemplate":"https:\/\/nordnesrepublikken.no\/?s={search_term_string}"},"query-input":{"@type":"PropertyValueSpecification","valueRequired":true,"valueName":"search_term_string"}}],"inLanguage":"nb-NO"},{"@type":"Organization","@id":"https:\/\/nordnesrepublikken.no\/#organization","name":"Nordnesrepublikken","url":"https:\/\/nordnesrepublikken.no\/","logo":{"@type":"ImageObject","inLanguage":"nb-NO","@id":"https:\/\/nordnesrepublikken.no\/#\/schema\/logo\/image\/","url":"https:\/\/nordnesrepublikken.no\/wp-content\/uploads\/2025\/02\/cropped-nordnesrepublikken-2.png","contentUrl":"https:\/\/nordnesrepublikken.no\/wp-content\/uploads\/2025\/02\/cropped-nordnesrepublikken-2.png","width":1248,"height":362,"caption":"Nordnesrepublikken"},"image":{"@id":"https:\/\/nordnesrepublikken.no\/#\/schema\/logo\/image\/"}},{"@type":"Person","@id":"https:\/\/nordnesrepublikken.no\/#\/schema\/person\/2e7e81935bab77882fffb79296240ff1","name":"Ole Andersen","image":{"@type":"ImageObject","inLanguage":"nb-NO","@id":"https:\/\/nordnesrepublikken.no\/#\/schema\/person\/image\/","url":"https:\/\/nordnesrepublikken.no\/wp-content\/uploads\/2025\/02\/nordnesrepublikken-2-2-150x150.jpg","contentUrl":"https:\/\/nordnesrepublikken.no\/wp-content\/uploads\/2025\/02\/nordnesrepublikken-2-2-150x150.jpg","caption":"Ole Andersen"},"description":"Ettersom jeg vokste opp i Oslo, har jeg alltid v\u00e6rt fascinert av ordenes kraft og deres evne til \u00e5 skape endringer. Etter \u00e5 ha fullf\u00f8rt min utdannelse i kommunikasjon ved Universitetet i Bergen, fikk jeg muligheten til \u00e5 jobbe innen ulike medier, der jeg har s\u00f8kt \u00e5 belyse viktige samfunnssp\u00f8rsm\u00e5l. I dag, som redakt\u00f8r for Nordnesrepublikken, pr\u00f8ver jeg \u00e5 forene min kj\u00e6rlighet for journalistikk med min lidenskap for innovasjon og eventyr.","sameAs":["https:\/\/nordnesrepublikken.no\/"]}]}},"_links":{"self":[{"href":"https:\/\/nordnesrepublikken.no\/index.php\/wp-json\/wp\/v2\/posts\/13332","targetHints":{"allow":["GET"]}}],"collection":[{"href":"https:\/\/nordnesrepublikken.no\/index.php\/wp-json\/wp\/v2\/posts"}],"about":[{"href":"https:\/\/nordnesrepublikken.no\/index.php\/wp-json\/wp\/v2\/types\/post"}],"author":[{"embeddable":true,"href":"https:\/\/nordnesrepublikken.no\/index.php\/wp-json\/wp\/v2\/users\/1"}],"replies":[{"embeddable":true,"href":"https:\/\/nordnesrepublikken.no\/index.php\/wp-json\/wp\/v2\/comments?post=13332"}],"version-history":[{"count":1,"href":"https:\/\/nordnesrepublikken.no\/index.php\/wp-json\/wp\/v2\/posts\/13332\/revisions"}],"predecessor-version":[{"id":13334,"href":"https:\/\/nordnesrepublikken.no\/index.php\/wp-json\/wp\/v2\/posts\/13332\/revisions\/13334"}],"wp:featuredmedia":[{"embeddable":true,"href":"https:\/\/nordnesrepublikken.no\/index.php\/wp-json\/wp\/v2\/media\/13333"}],"wp:attachment":[{"href":"https:\/\/nordnesrepublikken.no\/index.php\/wp-json\/wp\/v2\/media?parent=13332"}],"wp:term":[{"taxonomy":"category","embeddable":true,"href":"https:\/\/nordnesrepublikken.no\/index.php\/wp-json\/wp\/v2\/categories?post=13332"},{"taxonomy":"post_tag","embeddable":true,"href":"https:\/\/nordnesrepublikken.no\/index.php\/wp-json\/wp\/v2\/tags?post=13332"}],"curies":[{"name":"wp","href":"https:\/\/api.w.org\/{rel}","templated":true}]}}