{"id":13329,"date":"2025-12-30T11:51:46","date_gmt":"2025-12-30T10:51:46","guid":{"rendered":"https:\/\/nordnesrepublikken.no\/index.php\/2025\/12\/30\/arsakene-til-temperaturfallet\/"},"modified":"2025-12-30T11:51:49","modified_gmt":"2025-12-30T10:51:49","slug":"arsakene-til-temperaturfallet","status":"publish","type":"post","link":"https:\/\/nordnesrepublikken.no\/index.php\/2025\/12\/30\/arsakene-til-temperaturfallet\/","title":{"rendered":"\u00e5rsakene til temperaturfallet"},"content":{"rendered":"<div>\n<div class=\"cp_wrapper cp_wrapper--fw mb-30 mb-20@tablet\">\n<figure class=\"mm\"><picture class=\"img\" style=\"padding-top:56.25%\"><source  media=\"(min-width: 1024px)\"><source  media=\"(min-width: 768px)\"><\/source><\/source><\/picture><\/figure>\n<\/p><\/div>\n<p>2025 vil ende p\u00e5 en h\u00f8y tone <strong>Freddo<\/strong> og av <strong>frost<\/strong> i hele Italia: \u00e5rsaken til dette generelle temperaturfallet kan tilskrives en<strong>irrupsjon av kald luft som kommer fra Arktis<\/strong>som ogs\u00e5 vil involvere landet v\u00e5rt.<\/p>\n<p>Denne kaldfronten \u2013 som skal erstatte de siste dagenes h\u00f8ytrykk \u2013 vil f\u00f8re til<strong> temperaturer under null<\/strong> i store deler av halv\u00f8ya i l\u00f8pet av <strong>nytt\u00e5rsaften<\/strong>mellom 31. desember og 1. januar. En ny er imidlertid planlagt de f\u00f8rste dagene i januar <strong>Atlantisk forstyrrelse<\/strong> som vil f\u00f8re til utbredt nedb\u00f8r, spesielt i Nord-Italia og de tyrrenske regionene.<\/p>\n<p>S\u00e5 la oss se hva som venter oss de neste dagene og v\u00e6rsituasjonen i Italia i begynnelsen av det nye \u00e5ret.<\/p>\n<h2>Hva er \u00e5rsaken til at temperaturene synker<\/h2>\n<p>Som ogs\u00e5 synlig i kartet nedenfor, mellom 31. desember og 1. januar a<strong>irrupsjon av kald luft som kommer fra Arktis<\/strong>som fra Balkan vil n\u00e5 Italia og f\u00f8re til et betydelig temperaturfall i l\u00f8pet av nytt\u00e5rsaften, spesielt n\u00e5r det gjelder<strong> nordlige og Adriaterhavsregioner. <\/strong>I de tidlige timene 1. januar vil det for eksempel v\u00e6re topper i Abruzzo <strong>\u2013 10 \u00b0C<\/strong>mens i Trentino-Alto Adige og Basilicata vil termometeret falle til <strong>\u2013 4 \u00b0C, <\/strong>etterfulgt av <strong>\u2013 3 \u00b0C<\/strong> av Valle d&#8217;Aosta og Veneto.<\/p>\n<div class=\"cp_wrapper cp_wrapper--fw mb-50\">\n<figure class=\"mm\"><picture class=\"img\" style=\"padding-top:56.572769953052%\"><source  media=\"(min-width: 1024px)\"><source  media=\"(min-width: 768px)\"><img decoding=\"async\" loading=\"lazy\" src=\"https:\/\/nordnesrepublikken.no\/wp-content\/uploads\/2025\/12\/1767091905_922_arsakene-til-temperaturfallet.jpg\" alt=\"temperaturer-1-januar\" width=\"1704\" height=\"964\"\/><\/source><\/source><\/picture><\/figure>\n<\/p><\/div>\n<p>Denne massen av kald luft vil bryte gjennom <strong>skyve bort h\u00f8ytrykket<\/strong>som de siste dagene hadde garantert et stabilt og solrikt klima p\u00e5 store deler av halv\u00f8ya. I enkelte omr\u00e5der vil kulden ogs\u00e5 v\u00e6re ledsaget av sterk Grecale- og Tramontana-vind, med vindkast som if\u00f8lge prognosene kan n\u00e5 <strong>60-70 km\/t.<\/strong><\/p>\n<h2>V\u00e6rmeldingen for de neste dagene<\/h2>\n<p>Som fremhevet av eksperter, vil fallet i temperaturer for\u00e5rsaket av arktisk luft fortsatt ha <strong>kort varighet<\/strong>selv om det fortsatt er ventet ustabile v\u00e6rforhold de neste dagene. N\u00e6rmere bestemt i l\u00f8pet av natten til 31. desember <strong>temperaturen vil falle under null<\/strong> i store deler av Italia, med noen spredte skyer i nord og sentrum, mens det i s\u00f8r ventes lett regn p\u00e5 Sicilia, Calabria og Sardinia.<\/p>\n<p>For <strong>1. januar 2026<\/strong>Det er imidlertid ventet skyer i Nord-Italia, med lett regn i Liguria, Toscana og Lazio, mens det i s\u00f8r vil v\u00e6re stort sett sol.<\/p>\n<div class=\"cp_wrapper cp_wrapper--fw mb-50\">\n<figure class=\"mm\"><picture class=\"img\" style=\"padding-top:51.859723698193%\"><source  media=\"(min-width: 1024px)\"><source  media=\"(min-width: 768px)\"><img decoding=\"async\" loading=\"lazy\" src=\"https:\/\/nordnesrepublikken.no\/wp-content\/uploads\/2025\/12\/1767091906_694_arsakene-til-temperaturfallet.jpg\" alt=\"regn-3-januar\" width=\"1882\" height=\"976\" class=\"js-seedtag-img\"\/><\/source><\/source><\/picture><\/figure>\n<\/p><\/div>\n<p>I f\u00f8lge prognoser, mellom 2 og <strong>3. januar<\/strong> v\u00e6ret vil gjennomg\u00e5 en klar forverring p\u00e5 grunn av en ny atlantisk forstyrrelse, som det vil f\u00f8re med seg <strong>utbredt regn i Nord-Italia og sn\u00f8fall selv i lave h\u00f8yder, opp til 600\/700 meter.<\/strong><\/p>\n<\/p><\/div>\n","protected":false},"excerpt":{"rendered":"<p>2025 vil ende p\u00e5 en h\u00f8y tone Freddo og av frost i hele Italia: \u00e5rsaken<\/p>\n","protected":false},"author":1,"featured_media":13330,"comment_status":"closed","ping_status":"open","sticky":false,"template":"","format":"standard","meta":{"footnotes":""},"categories":[26],"tags":[1003,8776,117],"class_list":["post-13329","post","type-post","status-publish","format-standard","has-post-thumbnail","hentry","category-miljo","tag-arsakene","tag-temperaturfallet","tag-til","generate-columns","tablet-grid-50","mobile-grid-100","grid-parent","grid-33","resize-featured-image"],"yoast_head":"<!-- This site is optimized with the Yoast SEO plugin v24.4 - https:\/\/yoast.com\/wordpress\/plugins\/seo\/ -->\n<title>\u00e5rsakene til temperaturfallet - Nordnesrepublikken<\/title>\n<meta name=\"robots\" content=\"index, follow, max-snippet:-1, max-image-preview:large, max-video-preview:-1\" \/>\n<link rel=\"canonical\" href=\"https:\/\/nordnesrepublikken.no\/index.php\/2025\/12\/30\/arsakene-til-temperaturfallet\/\" \/>\n<meta property=\"og:locale\" content=\"nb_NO\" \/>\n<meta property=\"og:type\" content=\"article\" \/>\n<meta property=\"og:title\" content=\"\u00e5rsakene til temperaturfallet - Nordnesrepublikken\" \/>\n<meta property=\"og:description\" content=\"2025 vil ende p\u00e5 en h\u00f8y tone Freddo og av frost i hele Italia: \u00e5rsaken\" \/>\n<meta property=\"og:url\" content=\"https:\/\/nordnesrepublikken.no\/index.php\/2025\/12\/30\/arsakene-til-temperaturfallet\/\" \/>\n<meta property=\"og:site_name\" content=\"Nordnesrepublikken\" \/>\n<meta property=\"article:published_time\" content=\"2025-12-30T10:51:46+00:00\" \/>\n<meta property=\"article:modified_time\" content=\"2025-12-30T10:51:49+00:00\" \/>\n<meta property=\"og:image\" content=\"https:\/\/nordnesrepublikken.no\/wp-content\/uploads\/2025\/12\/1767091907_arsakene-til-temperaturfallet.jpg\" \/>\n\t<meta property=\"og:image:width\" content=\"1868\" \/>\n\t<meta property=\"og:image:height\" content=\"992\" \/>\n\t<meta property=\"og:image:type\" content=\"image\/jpeg\" \/>\n<meta name=\"author\" content=\"Ole Andersen\" \/>\n<meta name=\"twitter:card\" content=\"summary_large_image\" \/>\n<meta name=\"twitter:label1\" content=\"Skrevet av\" \/>\n\t<meta name=\"twitter:data1\" content=\"Ole Andersen\" \/>\n\t<meta name=\"twitter:label2\" content=\"Ansl. lesetid\" \/>\n\t<meta name=\"twitter:data2\" content=\"2 minutter\" \/>\n<script type=\"application\/ld+json\" class=\"yoast-schema-graph\">{\"@context\":\"https:\/\/schema.org\",\"@graph\":[{\"@type\":\"Article\",\"@id\":\"https:\/\/nordnesrepublikken.no\/index.php\/2025\/12\/30\/arsakene-til-temperaturfallet\/#article\",\"isPartOf\":{\"@id\":\"https:\/\/nordnesrepublikken.no\/index.php\/2025\/12\/30\/arsakene-til-temperaturfallet\/\"},\"author\":{\"name\":\"Ole Andersen\",\"@id\":\"https:\/\/nordnesrepublikken.no\/#\/schema\/person\/2e7e81935bab77882fffb79296240ff1\"},\"headline\":\"\u00e5rsakene til temperaturfallet\",\"datePublished\":\"2025-12-30T10:51:46+00:00\",\"dateModified\":\"2025-12-30T10:51:49+00:00\",\"mainEntityOfPage\":{\"@id\":\"https:\/\/nordnesrepublikken.no\/index.php\/2025\/12\/30\/arsakene-til-temperaturfallet\/\"},\"wordCount\":405,\"publisher\":{\"@id\":\"https:\/\/nordnesrepublikken.no\/#organization\"},\"image\":{\"@id\":\"https:\/\/nordnesrepublikken.no\/index.php\/2025\/12\/30\/arsakene-til-temperaturfallet\/#primaryimage\"},\"thumbnailUrl\":\"https:\/\/nordnesrepublikken.no\/wp-content\/uploads\/2025\/12\/1767091907_arsakene-til-temperaturfallet.jpg\",\"keywords\":[\"\u00e5rsakene\",\"temperaturfallet\",\"til\"],\"articleSection\":[\"Milj\u00f8\"],\"inLanguage\":\"nb-NO\"},{\"@type\":\"WebPage\",\"@id\":\"https:\/\/nordnesrepublikken.no\/index.php\/2025\/12\/30\/arsakene-til-temperaturfallet\/\",\"url\":\"https:\/\/nordnesrepublikken.no\/index.php\/2025\/12\/30\/arsakene-til-temperaturfallet\/\",\"name\":\"\u00e5rsakene til temperaturfallet - Nordnesrepublikken\",\"isPartOf\":{\"@id\":\"https:\/\/nordnesrepublikken.no\/#website\"},\"primaryImageOfPage\":{\"@id\":\"https:\/\/nordnesrepublikken.no\/index.php\/2025\/12\/30\/arsakene-til-temperaturfallet\/#primaryimage\"},\"image\":{\"@id\":\"https:\/\/nordnesrepublikken.no\/index.php\/2025\/12\/30\/arsakene-til-temperaturfallet\/#primaryimage\"},\"thumbnailUrl\":\"https:\/\/nordnesrepublikken.no\/wp-content\/uploads\/2025\/12\/1767091907_arsakene-til-temperaturfallet.jpg\",\"datePublished\":\"2025-12-30T10:51:46+00:00\",\"dateModified\":\"2025-12-30T10:51:49+00:00\",\"breadcrumb\":{\"@id\":\"https:\/\/nordnesrepublikken.no\/index.php\/2025\/12\/30\/arsakene-til-temperaturfallet\/#breadcrumb\"},\"inLanguage\":\"nb-NO\",\"potentialAction\":[{\"@type\":\"ReadAction\",\"target\":[\"https:\/\/nordnesrepublikken.no\/index.php\/2025\/12\/30\/arsakene-til-temperaturfallet\/\"]}]},{\"@type\":\"ImageObject\",\"inLanguage\":\"nb-NO\",\"@id\":\"https:\/\/nordnesrepublikken.no\/index.php\/2025\/12\/30\/arsakene-til-temperaturfallet\/#primaryimage\",\"url\":\"https:\/\/nordnesrepublikken.no\/wp-content\/uploads\/2025\/12\/1767091907_arsakene-til-temperaturfallet.jpg\",\"contentUrl\":\"https:\/\/nordnesrepublikken.no\/wp-content\/uploads\/2025\/12\/1767091907_arsakene-til-temperaturfallet.jpg\",\"width\":1868,\"height\":992,\"caption\":\"\u00e5rsakene til temperaturfallet\"},{\"@type\":\"BreadcrumbList\",\"@id\":\"https:\/\/nordnesrepublikken.no\/index.php\/2025\/12\/30\/arsakene-til-temperaturfallet\/#breadcrumb\",\"itemListElement\":[{\"@type\":\"ListItem\",\"position\":1,\"name\":\"Home\",\"item\":\"https:\/\/nordnesrepublikken.no\/\"},{\"@type\":\"ListItem\",\"position\":2,\"name\":\"\u00e5rsakene til temperaturfallet\"}]},{\"@type\":\"WebSite\",\"@id\":\"https:\/\/nordnesrepublikken.no\/#website\",\"url\":\"https:\/\/nordnesrepublikken.no\/\",\"name\":\"Nordnesrepublikken\",\"description\":\"Stemmer og Visjoner fra Republikkens Hjerte\",\"publisher\":{\"@id\":\"https:\/\/nordnesrepublikken.no\/#organization\"},\"potentialAction\":[{\"@type\":\"SearchAction\",\"target\":{\"@type\":\"EntryPoint\",\"urlTemplate\":\"https:\/\/nordnesrepublikken.no\/?s={search_term_string}\"},\"query-input\":{\"@type\":\"PropertyValueSpecification\",\"valueRequired\":true,\"valueName\":\"search_term_string\"}}],\"inLanguage\":\"nb-NO\"},{\"@type\":\"Organization\",\"@id\":\"https:\/\/nordnesrepublikken.no\/#organization\",\"name\":\"Nordnesrepublikken\",\"url\":\"https:\/\/nordnesrepublikken.no\/\",\"logo\":{\"@type\":\"ImageObject\",\"inLanguage\":\"nb-NO\",\"@id\":\"https:\/\/nordnesrepublikken.no\/#\/schema\/logo\/image\/\",\"url\":\"https:\/\/nordnesrepublikken.no\/wp-content\/uploads\/2025\/02\/cropped-nordnesrepublikken-2.png\",\"contentUrl\":\"https:\/\/nordnesrepublikken.no\/wp-content\/uploads\/2025\/02\/cropped-nordnesrepublikken-2.png\",\"width\":1248,\"height\":362,\"caption\":\"Nordnesrepublikken\"},\"image\":{\"@id\":\"https:\/\/nordnesrepublikken.no\/#\/schema\/logo\/image\/\"}},{\"@type\":\"Person\",\"@id\":\"https:\/\/nordnesrepublikken.no\/#\/schema\/person\/2e7e81935bab77882fffb79296240ff1\",\"name\":\"Ole Andersen\",\"image\":{\"@type\":\"ImageObject\",\"inLanguage\":\"nb-NO\",\"@id\":\"https:\/\/nordnesrepublikken.no\/#\/schema\/person\/image\/\",\"url\":\"https:\/\/nordnesrepublikken.no\/wp-content\/uploads\/2025\/02\/nordnesrepublikken-2-2-150x150.jpg\",\"contentUrl\":\"https:\/\/nordnesrepublikken.no\/wp-content\/uploads\/2025\/02\/nordnesrepublikken-2-2-150x150.jpg\",\"caption\":\"Ole Andersen\"},\"description\":\"Ettersom jeg vokste opp i Oslo, har jeg alltid v\u00e6rt fascinert av ordenes kraft og deres evne til \u00e5 skape endringer. Etter \u00e5 ha fullf\u00f8rt min utdannelse i kommunikasjon ved Universitetet i Bergen, fikk jeg muligheten til \u00e5 jobbe innen ulike medier, der jeg har s\u00f8kt \u00e5 belyse viktige samfunnssp\u00f8rsm\u00e5l. I dag, som redakt\u00f8r for Nordnesrepublikken, pr\u00f8ver jeg \u00e5 forene min kj\u00e6rlighet for journalistikk med min lidenskap for innovasjon og eventyr.\",\"sameAs\":[\"https:\/\/nordnesrepublikken.no\/\"]}]}<\/script>\n<!-- \/ Yoast SEO plugin. -->","yoast_head_json":{"title":"\u00e5rsakene til temperaturfallet - Nordnesrepublikken","robots":{"index":"index","follow":"follow","max-snippet":"max-snippet:-1","max-image-preview":"max-image-preview:large","max-video-preview":"max-video-preview:-1"},"canonical":"https:\/\/nordnesrepublikken.no\/index.php\/2025\/12\/30\/arsakene-til-temperaturfallet\/","og_locale":"nb_NO","og_type":"article","og_title":"\u00e5rsakene til temperaturfallet - Nordnesrepublikken","og_description":"2025 vil ende p\u00e5 en h\u00f8y tone Freddo og av frost i hele Italia: \u00e5rsaken","og_url":"https:\/\/nordnesrepublikken.no\/index.php\/2025\/12\/30\/arsakene-til-temperaturfallet\/","og_site_name":"Nordnesrepublikken","article_published_time":"2025-12-30T10:51:46+00:00","article_modified_time":"2025-12-30T10:51:49+00:00","og_image":[{"width":1868,"height":992,"url":"https:\/\/nordnesrepublikken.no\/wp-content\/uploads\/2025\/12\/1767091907_arsakene-til-temperaturfallet.jpg","type":"image\/jpeg"}],"author":"Ole Andersen","twitter_card":"summary_large_image","twitter_misc":{"Skrevet av":"Ole Andersen","Ansl. lesetid":"2 minutter"},"schema":{"@context":"https:\/\/schema.org","@graph":[{"@type":"Article","@id":"https:\/\/nordnesrepublikken.no\/index.php\/2025\/12\/30\/arsakene-til-temperaturfallet\/#article","isPartOf":{"@id":"https:\/\/nordnesrepublikken.no\/index.php\/2025\/12\/30\/arsakene-til-temperaturfallet\/"},"author":{"name":"Ole Andersen","@id":"https:\/\/nordnesrepublikken.no\/#\/schema\/person\/2e7e81935bab77882fffb79296240ff1"},"headline":"\u00e5rsakene til temperaturfallet","datePublished":"2025-12-30T10:51:46+00:00","dateModified":"2025-12-30T10:51:49+00:00","mainEntityOfPage":{"@id":"https:\/\/nordnesrepublikken.no\/index.php\/2025\/12\/30\/arsakene-til-temperaturfallet\/"},"wordCount":405,"publisher":{"@id":"https:\/\/nordnesrepublikken.no\/#organization"},"image":{"@id":"https:\/\/nordnesrepublikken.no\/index.php\/2025\/12\/30\/arsakene-til-temperaturfallet\/#primaryimage"},"thumbnailUrl":"https:\/\/nordnesrepublikken.no\/wp-content\/uploads\/2025\/12\/1767091907_arsakene-til-temperaturfallet.jpg","keywords":["\u00e5rsakene","temperaturfallet","til"],"articleSection":["Milj\u00f8"],"inLanguage":"nb-NO"},{"@type":"WebPage","@id":"https:\/\/nordnesrepublikken.no\/index.php\/2025\/12\/30\/arsakene-til-temperaturfallet\/","url":"https:\/\/nordnesrepublikken.no\/index.php\/2025\/12\/30\/arsakene-til-temperaturfallet\/","name":"\u00e5rsakene til temperaturfallet - Nordnesrepublikken","isPartOf":{"@id":"https:\/\/nordnesrepublikken.no\/#website"},"primaryImageOfPage":{"@id":"https:\/\/nordnesrepublikken.no\/index.php\/2025\/12\/30\/arsakene-til-temperaturfallet\/#primaryimage"},"image":{"@id":"https:\/\/nordnesrepublikken.no\/index.php\/2025\/12\/30\/arsakene-til-temperaturfallet\/#primaryimage"},"thumbnailUrl":"https:\/\/nordnesrepublikken.no\/wp-content\/uploads\/2025\/12\/1767091907_arsakene-til-temperaturfallet.jpg","datePublished":"2025-12-30T10:51:46+00:00","dateModified":"2025-12-30T10:51:49+00:00","breadcrumb":{"@id":"https:\/\/nordnesrepublikken.no\/index.php\/2025\/12\/30\/arsakene-til-temperaturfallet\/#breadcrumb"},"inLanguage":"nb-NO","potentialAction":[{"@type":"ReadAction","target":["https:\/\/nordnesrepublikken.no\/index.php\/2025\/12\/30\/arsakene-til-temperaturfallet\/"]}]},{"@type":"ImageObject","inLanguage":"nb-NO","@id":"https:\/\/nordnesrepublikken.no\/index.php\/2025\/12\/30\/arsakene-til-temperaturfallet\/#primaryimage","url":"https:\/\/nordnesrepublikken.no\/wp-content\/uploads\/2025\/12\/1767091907_arsakene-til-temperaturfallet.jpg","contentUrl":"https:\/\/nordnesrepublikken.no\/wp-content\/uploads\/2025\/12\/1767091907_arsakene-til-temperaturfallet.jpg","width":1868,"height":992,"caption":"\u00e5rsakene til temperaturfallet"},{"@type":"BreadcrumbList","@id":"https:\/\/nordnesrepublikken.no\/index.php\/2025\/12\/30\/arsakene-til-temperaturfallet\/#breadcrumb","itemListElement":[{"@type":"ListItem","position":1,"name":"Home","item":"https:\/\/nordnesrepublikken.no\/"},{"@type":"ListItem","position":2,"name":"\u00e5rsakene til temperaturfallet"}]},{"@type":"WebSite","@id":"https:\/\/nordnesrepublikken.no\/#website","url":"https:\/\/nordnesrepublikken.no\/","name":"Nordnesrepublikken","description":"Stemmer og Visjoner fra Republikkens Hjerte","publisher":{"@id":"https:\/\/nordnesrepublikken.no\/#organization"},"potentialAction":[{"@type":"SearchAction","target":{"@type":"EntryPoint","urlTemplate":"https:\/\/nordnesrepublikken.no\/?s={search_term_string}"},"query-input":{"@type":"PropertyValueSpecification","valueRequired":true,"valueName":"search_term_string"}}],"inLanguage":"nb-NO"},{"@type":"Organization","@id":"https:\/\/nordnesrepublikken.no\/#organization","name":"Nordnesrepublikken","url":"https:\/\/nordnesrepublikken.no\/","logo":{"@type":"ImageObject","inLanguage":"nb-NO","@id":"https:\/\/nordnesrepublikken.no\/#\/schema\/logo\/image\/","url":"https:\/\/nordnesrepublikken.no\/wp-content\/uploads\/2025\/02\/cropped-nordnesrepublikken-2.png","contentUrl":"https:\/\/nordnesrepublikken.no\/wp-content\/uploads\/2025\/02\/cropped-nordnesrepublikken-2.png","width":1248,"height":362,"caption":"Nordnesrepublikken"},"image":{"@id":"https:\/\/nordnesrepublikken.no\/#\/schema\/logo\/image\/"}},{"@type":"Person","@id":"https:\/\/nordnesrepublikken.no\/#\/schema\/person\/2e7e81935bab77882fffb79296240ff1","name":"Ole Andersen","image":{"@type":"ImageObject","inLanguage":"nb-NO","@id":"https:\/\/nordnesrepublikken.no\/#\/schema\/person\/image\/","url":"https:\/\/nordnesrepublikken.no\/wp-content\/uploads\/2025\/02\/nordnesrepublikken-2-2-150x150.jpg","contentUrl":"https:\/\/nordnesrepublikken.no\/wp-content\/uploads\/2025\/02\/nordnesrepublikken-2-2-150x150.jpg","caption":"Ole Andersen"},"description":"Ettersom jeg vokste opp i Oslo, har jeg alltid v\u00e6rt fascinert av ordenes kraft og deres evne til \u00e5 skape endringer. Etter \u00e5 ha fullf\u00f8rt min utdannelse i kommunikasjon ved Universitetet i Bergen, fikk jeg muligheten til \u00e5 jobbe innen ulike medier, der jeg har s\u00f8kt \u00e5 belyse viktige samfunnssp\u00f8rsm\u00e5l. I dag, som redakt\u00f8r for Nordnesrepublikken, pr\u00f8ver jeg \u00e5 forene min kj\u00e6rlighet for journalistikk med min lidenskap for innovasjon og eventyr.","sameAs":["https:\/\/nordnesrepublikken.no\/"]}]}},"_links":{"self":[{"href":"https:\/\/nordnesrepublikken.no\/index.php\/wp-json\/wp\/v2\/posts\/13329","targetHints":{"allow":["GET"]}}],"collection":[{"href":"https:\/\/nordnesrepublikken.no\/index.php\/wp-json\/wp\/v2\/posts"}],"about":[{"href":"https:\/\/nordnesrepublikken.no\/index.php\/wp-json\/wp\/v2\/types\/post"}],"author":[{"embeddable":true,"href":"https:\/\/nordnesrepublikken.no\/index.php\/wp-json\/wp\/v2\/users\/1"}],"replies":[{"embeddable":true,"href":"https:\/\/nordnesrepublikken.no\/index.php\/wp-json\/wp\/v2\/comments?post=13329"}],"version-history":[{"count":1,"href":"https:\/\/nordnesrepublikken.no\/index.php\/wp-json\/wp\/v2\/posts\/13329\/revisions"}],"predecessor-version":[{"id":13331,"href":"https:\/\/nordnesrepublikken.no\/index.php\/wp-json\/wp\/v2\/posts\/13329\/revisions\/13331"}],"wp:featuredmedia":[{"embeddable":true,"href":"https:\/\/nordnesrepublikken.no\/index.php\/wp-json\/wp\/v2\/media\/13330"}],"wp:attachment":[{"href":"https:\/\/nordnesrepublikken.no\/index.php\/wp-json\/wp\/v2\/media?parent=13329"}],"wp:term":[{"taxonomy":"category","embeddable":true,"href":"https:\/\/nordnesrepublikken.no\/index.php\/wp-json\/wp\/v2\/categories?post=13329"},{"taxonomy":"post_tag","embeddable":true,"href":"https:\/\/nordnesrepublikken.no\/index.php\/wp-json\/wp\/v2\/tags?post=13329"}],"curies":[{"name":"wp","href":"https:\/\/api.w.org\/{rel}","templated":true}]}}