{"id":13323,"date":"2025-12-30T07:51:47","date_gmt":"2025-12-30T06:51:47","guid":{"rendered":"https:\/\/nordnesrepublikken.no\/index.php\/2025\/12\/30\/nar-starter-salgene-og-hvorfor-er-de-i-januar\/"},"modified":"2025-12-30T07:51:56","modified_gmt":"2025-12-30T06:51:56","slug":"nar-starter-salgene-og-hvorfor-er-de-i-januar","status":"publish","type":"post","link":"https:\/\/nordnesrepublikken.no\/index.php\/2025\/12\/30\/nar-starter-salgene-og-hvorfor-er-de-i-januar\/","title":{"rendered":"N\u00e5r starter salgene og hvorfor er de i januar?"},"content":{"rendered":"<div>\n<div class=\"cp_wrapper cp_wrapper--fw mb-30 mb-20@tablet\">\n<figure class=\"mm\"><picture class=\"img\" style=\"padding-top:56.25%\"><source  media=\"(min-width: 1024px)\"><source  media=\"(min-width: 768px)\"><\/source><\/source><\/picture><\/figure>\n<\/p><\/div>\n<p>Hvert \u00e5r, i n\u00e6rheten av helligtrekonger, <strong>vintersalg<\/strong>. Med salg mener vi en bestemt periode p\u00e5 <strong>rabattsalg av varene<\/strong> av kommersielle aktiviteter, regulert ved lov og forutsett i to spesifikke \u00f8yeblikk av \u00e5ret: sommer og etter jul. Vintersalg <strong>de begynner den f\u00f8rste arbeidsdagen f\u00f8r helligtrekonger <\/strong>\u2013 i \u00e5r <strong>fra 2. januar<\/strong> \u2013 og generelt ha en varighet p\u00e5 <strong>60 dager \u2013 til ca. 31. mars \u2013<\/strong> selv om start- og sluttdatoen kan variere litt fra region til region. Men hvorfor skjer de nettopp i denne perioden?<\/p>\n<p>La oss se i denne artikkelen n\u00e5r praksisen med salg ble f\u00f8dt og hva de grunnleggende reglene for denne perioden er.<\/p>\n<h2>Salgets f\u00f8dsel under fascistisk tid<\/h2>\n<p>Fordi salg skjer <strong>akkurat i januar?<\/strong> F\u00f8rst og fremst m\u00e5 det sies at starten p\u00e5 vintersalget er lovregulert og satt til f\u00f8rste virkedag f\u00f8r helligtrekonger, med en varighet p\u00e5 ca. 60 dager. Men det var under fascismen, i <strong>1939<\/strong>som kunngj\u00f8res p\u00e5 <strong>f\u00f8rste lover<\/strong> \u00e5 regulere den s\u00e5kalte <strong>&laquo;ekstraordin\u00e6rt salg&raquo;<\/strong>.<\/p>\n<p>I det \u00f8yeblikket etableres de to salgskategoriene: ekstraordin\u00e6rt salg &#8211; dvs. salg &#8211; og avviklingssalg. I begge tilfeller ble de sett p\u00e5 som former for nedsalg, som en virksomhet fors\u00f8kte \u00e5 gj\u00f8re <strong>t\u00f8mmer alle varene deres p\u00e5 kort tid<\/strong> (eller de fleste av dem) takket v\u00e6re de rimelige prisene.<\/p>\n<p>N\u00e5r det gjelder salg, snakket man allerede den gang om salg av produkter som ble ansett for \u00e5 v\u00e6re sesongmessige: Den store forskjellen ligger i at det en gang i tiden ogs\u00e5 kunne foreg\u00e5 salg p\u00e5 forskjellige tider av \u00e5ret, mens loven n\u00e5 tydelig sl\u00e5r fast at det skal skje. <strong>i juli<\/strong> \u2013 for sommerperioden \u2013 f.eks<strong> i januar<\/strong> \u2013 for vinterperioden \u2013.<\/p>\n<h2>Regulering av balanser<\/h2>\n<p>Etter den fascistiske perioden, i <strong>1979<\/strong> det f\u00f8rste nasjonale lovforslaget om ekstraordin\u00e6rt salg kom, signert av Kristdemokratenes vara <strong>Aristide Tesini<\/strong>. If\u00f8lge Tesini <strong>regulering<\/strong> det var strengt n\u00f8dvendig fordi ekstraordin\u00e6re salg ofte ble administrert p\u00e5 en villedende m\u00e5te av handelsmenn, som implementerte illusorisk reklame ved \u00e5 erkl\u00e6re rabatter som faktisk ikke ble utf\u00f8rt.<\/p>\n<p>Lovforslaget ble senere signert i loven <strong>1980<\/strong> og vedtok at salget skulle holdes i to forskjellige perioder av \u00e5ret, i maksimalt fire uker. S\u00e5, i 1991, ble det satt to bestemte perioder for salgene: fra 7. januar til 7. mars og fra 10. juli til 10. september. Kort sagt, det er det <strong>siden 1991 har salgene offisielt funnet sted i januar m\u00e5ned.<\/strong><\/p>\n<p>I 1998 kom de siste endringene i loven, som fortsatt er i kraft: det ble faktisk fastsl\u00e5tt at de var <strong>enkelte regioner til \u00e5 bestemme sin egen dato<\/strong> av salgets start, mens de forblir i samme perioder av \u00e5ret, vinter og sommer.<\/p>\n<h2>Salget som sesongavslutning<\/h2>\n<p>I alle fall salg, kampanjesalg og ryddesalg <strong>de er ikke det samme<\/strong>. De <strong>salgsfremmende salg<\/strong> de kan ogs\u00e5 finnes p\u00e5 andre tider av \u00e5ret, men de er en strukturelt annen type salg. Faktisk er dette rabatter bare p\u00e5 noen <strong>spesifikke produkter<\/strong> og i begrensede perioder. N\u00e5r det gjelder <strong>avviklingssalg<\/strong>i stedet er dette rabattsalg som er tillatt i spesifikke situasjoner, som f.eks <strong>opph\u00f8r av kommersiell virksomhet<\/strong> eller overf\u00f8ring av selskapet til et annet sted.<\/p>\n<p>Til <strong>salg<\/strong>til slutt, betyr <strong>sesongsluttsalg<\/strong>dvs. salg som involverer sesongvarer som avskrives fordi de forble usolgte i referansesesongen. Det er av denne grunn at de finner sted n\u00f8yaktig i januar i vinterperioden (i juli i sommerperioden), og varene som vi vil finne rabatterte vil v\u00e6re de som er relatert til sesongen som nettopp er over. Ordet balanse, blant annet, bringer med seg dette konseptet: &laquo;balanse&raquo; indikerer faktisk <strong>forskjellen mellom inntekter og utgifter<\/strong>med henvisning til varene som har forblitt usolgte og som i stedet vil bli solgt takket v\u00e6re nedslagssalget.<\/p>\n<\/p><\/div>\n","protected":false},"excerpt":{"rendered":"<p>Hvert \u00e5r, i n\u00e6rheten av helligtrekonger, vintersalg. Med salg mener vi en bestemt periode p\u00e5<\/p>\n","protected":false},"author":1,"featured_media":13324,"comment_status":"closed","ping_status":"open","sticky":false,"template":"","format":"standard","meta":{"footnotes":""},"categories":[104],"tags":[101,6317,16,8774,2671],"class_list":["post-13323","post","type-post","status-publish","format-standard","has-post-thumbnail","hentry","category-samfunn","tag-hvorfor","tag-januar","tag-nar","tag-salgene","tag-starter","generate-columns","tablet-grid-50","mobile-grid-100","grid-parent","grid-33","resize-featured-image"],"yoast_head":"<!-- This site is optimized with the Yoast SEO plugin v24.4 - https:\/\/yoast.com\/wordpress\/plugins\/seo\/ -->\n<title>N\u00e5r starter salgene og hvorfor er de i januar? - Nordnesrepublikken<\/title>\n<meta name=\"robots\" content=\"index, follow, max-snippet:-1, max-image-preview:large, max-video-preview:-1\" \/>\n<link rel=\"canonical\" href=\"https:\/\/nordnesrepublikken.no\/index.php\/2025\/12\/30\/nar-starter-salgene-og-hvorfor-er-de-i-januar\/\" \/>\n<meta property=\"og:locale\" content=\"nb_NO\" \/>\n<meta property=\"og:type\" content=\"article\" \/>\n<meta property=\"og:title\" content=\"N\u00e5r starter salgene og hvorfor er de i januar? - Nordnesrepublikken\" \/>\n<meta property=\"og:description\" content=\"Hvert \u00e5r, i n\u00e6rheten av helligtrekonger, vintersalg. Med salg mener vi en bestemt periode p\u00e5\" \/>\n<meta property=\"og:url\" content=\"https:\/\/nordnesrepublikken.no\/index.php\/2025\/12\/30\/nar-starter-salgene-og-hvorfor-er-de-i-januar\/\" \/>\n<meta property=\"og:site_name\" content=\"Nordnesrepublikken\" \/>\n<meta property=\"article:published_time\" content=\"2025-12-30T06:51:47+00:00\" \/>\n<meta property=\"article:modified_time\" content=\"2025-12-30T06:51:56+00:00\" \/>\n<meta property=\"og:image\" content=\"https:\/\/nordnesrepublikken.no\/wp-content\/uploads\/2025\/12\/1767077508_Nar-starter-salgene-og-hvorfor-er-de-i-januar-scaled.jpg\" \/>\n\t<meta property=\"og:image:width\" content=\"2560\" \/>\n\t<meta property=\"og:image:height\" content=\"1707\" \/>\n\t<meta property=\"og:image:type\" content=\"image\/jpeg\" \/>\n<meta name=\"author\" content=\"Ole Andersen\" \/>\n<meta name=\"twitter:card\" content=\"summary_large_image\" \/>\n<meta name=\"twitter:label1\" content=\"Skrevet av\" \/>\n\t<meta name=\"twitter:data1\" content=\"Ole Andersen\" \/>\n\t<meta name=\"twitter:label2\" content=\"Ansl. lesetid\" \/>\n\t<meta name=\"twitter:data2\" content=\"3 minutter\" \/>\n<script type=\"application\/ld+json\" class=\"yoast-schema-graph\">{\"@context\":\"https:\/\/schema.org\",\"@graph\":[{\"@type\":\"Article\",\"@id\":\"https:\/\/nordnesrepublikken.no\/index.php\/2025\/12\/30\/nar-starter-salgene-og-hvorfor-er-de-i-januar\/#article\",\"isPartOf\":{\"@id\":\"https:\/\/nordnesrepublikken.no\/index.php\/2025\/12\/30\/nar-starter-salgene-og-hvorfor-er-de-i-januar\/\"},\"author\":{\"name\":\"Ole Andersen\",\"@id\":\"https:\/\/nordnesrepublikken.no\/#\/schema\/person\/2e7e81935bab77882fffb79296240ff1\"},\"headline\":\"N\u00e5r starter salgene og hvorfor er de i januar?\",\"datePublished\":\"2025-12-30T06:51:47+00:00\",\"dateModified\":\"2025-12-30T06:51:56+00:00\",\"mainEntityOfPage\":{\"@id\":\"https:\/\/nordnesrepublikken.no\/index.php\/2025\/12\/30\/nar-starter-salgene-og-hvorfor-er-de-i-januar\/\"},\"wordCount\":618,\"publisher\":{\"@id\":\"https:\/\/nordnesrepublikken.no\/#organization\"},\"image\":{\"@id\":\"https:\/\/nordnesrepublikken.no\/index.php\/2025\/12\/30\/nar-starter-salgene-og-hvorfor-er-de-i-januar\/#primaryimage\"},\"thumbnailUrl\":\"https:\/\/nordnesrepublikken.no\/wp-content\/uploads\/2025\/12\/1767077508_Nar-starter-salgene-og-hvorfor-er-de-i-januar-scaled.jpg\",\"keywords\":[\"hvorfor\",\"januar\",\"n\u00e5r\",\"salgene\",\"starter\"],\"articleSection\":[\"Samfunn\"],\"inLanguage\":\"nb-NO\"},{\"@type\":\"WebPage\",\"@id\":\"https:\/\/nordnesrepublikken.no\/index.php\/2025\/12\/30\/nar-starter-salgene-og-hvorfor-er-de-i-januar\/\",\"url\":\"https:\/\/nordnesrepublikken.no\/index.php\/2025\/12\/30\/nar-starter-salgene-og-hvorfor-er-de-i-januar\/\",\"name\":\"N\u00e5r starter salgene og hvorfor er de i januar? - Nordnesrepublikken\",\"isPartOf\":{\"@id\":\"https:\/\/nordnesrepublikken.no\/#website\"},\"primaryImageOfPage\":{\"@id\":\"https:\/\/nordnesrepublikken.no\/index.php\/2025\/12\/30\/nar-starter-salgene-og-hvorfor-er-de-i-januar\/#primaryimage\"},\"image\":{\"@id\":\"https:\/\/nordnesrepublikken.no\/index.php\/2025\/12\/30\/nar-starter-salgene-og-hvorfor-er-de-i-januar\/#primaryimage\"},\"thumbnailUrl\":\"https:\/\/nordnesrepublikken.no\/wp-content\/uploads\/2025\/12\/1767077508_Nar-starter-salgene-og-hvorfor-er-de-i-januar-scaled.jpg\",\"datePublished\":\"2025-12-30T06:51:47+00:00\",\"dateModified\":\"2025-12-30T06:51:56+00:00\",\"breadcrumb\":{\"@id\":\"https:\/\/nordnesrepublikken.no\/index.php\/2025\/12\/30\/nar-starter-salgene-og-hvorfor-er-de-i-januar\/#breadcrumb\"},\"inLanguage\":\"nb-NO\",\"potentialAction\":[{\"@type\":\"ReadAction\",\"target\":[\"https:\/\/nordnesrepublikken.no\/index.php\/2025\/12\/30\/nar-starter-salgene-og-hvorfor-er-de-i-januar\/\"]}]},{\"@type\":\"ImageObject\",\"inLanguage\":\"nb-NO\",\"@id\":\"https:\/\/nordnesrepublikken.no\/index.php\/2025\/12\/30\/nar-starter-salgene-og-hvorfor-er-de-i-januar\/#primaryimage\",\"url\":\"https:\/\/nordnesrepublikken.no\/wp-content\/uploads\/2025\/12\/1767077508_Nar-starter-salgene-og-hvorfor-er-de-i-januar-scaled.jpg\",\"contentUrl\":\"https:\/\/nordnesrepublikken.no\/wp-content\/uploads\/2025\/12\/1767077508_Nar-starter-salgene-og-hvorfor-er-de-i-januar-scaled.jpg\",\"width\":2560,\"height\":1707,\"caption\":\"N\u00e5r starter salgene og hvorfor er de i januar?\"},{\"@type\":\"BreadcrumbList\",\"@id\":\"https:\/\/nordnesrepublikken.no\/index.php\/2025\/12\/30\/nar-starter-salgene-og-hvorfor-er-de-i-januar\/#breadcrumb\",\"itemListElement\":[{\"@type\":\"ListItem\",\"position\":1,\"name\":\"Home\",\"item\":\"https:\/\/nordnesrepublikken.no\/\"},{\"@type\":\"ListItem\",\"position\":2,\"name\":\"N\u00e5r starter salgene og hvorfor er de i januar?\"}]},{\"@type\":\"WebSite\",\"@id\":\"https:\/\/nordnesrepublikken.no\/#website\",\"url\":\"https:\/\/nordnesrepublikken.no\/\",\"name\":\"Nordnesrepublikken\",\"description\":\"Stemmer og Visjoner fra Republikkens Hjerte\",\"publisher\":{\"@id\":\"https:\/\/nordnesrepublikken.no\/#organization\"},\"potentialAction\":[{\"@type\":\"SearchAction\",\"target\":{\"@type\":\"EntryPoint\",\"urlTemplate\":\"https:\/\/nordnesrepublikken.no\/?s={search_term_string}\"},\"query-input\":{\"@type\":\"PropertyValueSpecification\",\"valueRequired\":true,\"valueName\":\"search_term_string\"}}],\"inLanguage\":\"nb-NO\"},{\"@type\":\"Organization\",\"@id\":\"https:\/\/nordnesrepublikken.no\/#organization\",\"name\":\"Nordnesrepublikken\",\"url\":\"https:\/\/nordnesrepublikken.no\/\",\"logo\":{\"@type\":\"ImageObject\",\"inLanguage\":\"nb-NO\",\"@id\":\"https:\/\/nordnesrepublikken.no\/#\/schema\/logo\/image\/\",\"url\":\"https:\/\/nordnesrepublikken.no\/wp-content\/uploads\/2025\/02\/cropped-nordnesrepublikken-2.png\",\"contentUrl\":\"https:\/\/nordnesrepublikken.no\/wp-content\/uploads\/2025\/02\/cropped-nordnesrepublikken-2.png\",\"width\":1248,\"height\":362,\"caption\":\"Nordnesrepublikken\"},\"image\":{\"@id\":\"https:\/\/nordnesrepublikken.no\/#\/schema\/logo\/image\/\"}},{\"@type\":\"Person\",\"@id\":\"https:\/\/nordnesrepublikken.no\/#\/schema\/person\/2e7e81935bab77882fffb79296240ff1\",\"name\":\"Ole Andersen\",\"image\":{\"@type\":\"ImageObject\",\"inLanguage\":\"nb-NO\",\"@id\":\"https:\/\/nordnesrepublikken.no\/#\/schema\/person\/image\/\",\"url\":\"https:\/\/nordnesrepublikken.no\/wp-content\/uploads\/2025\/02\/nordnesrepublikken-2-2-150x150.jpg\",\"contentUrl\":\"https:\/\/nordnesrepublikken.no\/wp-content\/uploads\/2025\/02\/nordnesrepublikken-2-2-150x150.jpg\",\"caption\":\"Ole Andersen\"},\"description\":\"Ettersom jeg vokste opp i Oslo, har jeg alltid v\u00e6rt fascinert av ordenes kraft og deres evne til \u00e5 skape endringer. Etter \u00e5 ha fullf\u00f8rt min utdannelse i kommunikasjon ved Universitetet i Bergen, fikk jeg muligheten til \u00e5 jobbe innen ulike medier, der jeg har s\u00f8kt \u00e5 belyse viktige samfunnssp\u00f8rsm\u00e5l. I dag, som redakt\u00f8r for Nordnesrepublikken, pr\u00f8ver jeg \u00e5 forene min kj\u00e6rlighet for journalistikk med min lidenskap for innovasjon og eventyr.\",\"sameAs\":[\"https:\/\/nordnesrepublikken.no\/\"]}]}<\/script>\n<!-- \/ Yoast SEO plugin. -->","yoast_head_json":{"title":"N\u00e5r starter salgene og hvorfor er de i januar? - Nordnesrepublikken","robots":{"index":"index","follow":"follow","max-snippet":"max-snippet:-1","max-image-preview":"max-image-preview:large","max-video-preview":"max-video-preview:-1"},"canonical":"https:\/\/nordnesrepublikken.no\/index.php\/2025\/12\/30\/nar-starter-salgene-og-hvorfor-er-de-i-januar\/","og_locale":"nb_NO","og_type":"article","og_title":"N\u00e5r starter salgene og hvorfor er de i januar? - Nordnesrepublikken","og_description":"Hvert \u00e5r, i n\u00e6rheten av helligtrekonger, vintersalg. Med salg mener vi en bestemt periode p\u00e5","og_url":"https:\/\/nordnesrepublikken.no\/index.php\/2025\/12\/30\/nar-starter-salgene-og-hvorfor-er-de-i-januar\/","og_site_name":"Nordnesrepublikken","article_published_time":"2025-12-30T06:51:47+00:00","article_modified_time":"2025-12-30T06:51:56+00:00","og_image":[{"width":2560,"height":1707,"url":"https:\/\/nordnesrepublikken.no\/wp-content\/uploads\/2025\/12\/1767077508_Nar-starter-salgene-og-hvorfor-er-de-i-januar-scaled.jpg","type":"image\/jpeg"}],"author":"Ole Andersen","twitter_card":"summary_large_image","twitter_misc":{"Skrevet av":"Ole Andersen","Ansl. lesetid":"3 minutter"},"schema":{"@context":"https:\/\/schema.org","@graph":[{"@type":"Article","@id":"https:\/\/nordnesrepublikken.no\/index.php\/2025\/12\/30\/nar-starter-salgene-og-hvorfor-er-de-i-januar\/#article","isPartOf":{"@id":"https:\/\/nordnesrepublikken.no\/index.php\/2025\/12\/30\/nar-starter-salgene-og-hvorfor-er-de-i-januar\/"},"author":{"name":"Ole Andersen","@id":"https:\/\/nordnesrepublikken.no\/#\/schema\/person\/2e7e81935bab77882fffb79296240ff1"},"headline":"N\u00e5r starter salgene og hvorfor er de i januar?","datePublished":"2025-12-30T06:51:47+00:00","dateModified":"2025-12-30T06:51:56+00:00","mainEntityOfPage":{"@id":"https:\/\/nordnesrepublikken.no\/index.php\/2025\/12\/30\/nar-starter-salgene-og-hvorfor-er-de-i-januar\/"},"wordCount":618,"publisher":{"@id":"https:\/\/nordnesrepublikken.no\/#organization"},"image":{"@id":"https:\/\/nordnesrepublikken.no\/index.php\/2025\/12\/30\/nar-starter-salgene-og-hvorfor-er-de-i-januar\/#primaryimage"},"thumbnailUrl":"https:\/\/nordnesrepublikken.no\/wp-content\/uploads\/2025\/12\/1767077508_Nar-starter-salgene-og-hvorfor-er-de-i-januar-scaled.jpg","keywords":["hvorfor","januar","n\u00e5r","salgene","starter"],"articleSection":["Samfunn"],"inLanguage":"nb-NO"},{"@type":"WebPage","@id":"https:\/\/nordnesrepublikken.no\/index.php\/2025\/12\/30\/nar-starter-salgene-og-hvorfor-er-de-i-januar\/","url":"https:\/\/nordnesrepublikken.no\/index.php\/2025\/12\/30\/nar-starter-salgene-og-hvorfor-er-de-i-januar\/","name":"N\u00e5r starter salgene og hvorfor er de i januar? - Nordnesrepublikken","isPartOf":{"@id":"https:\/\/nordnesrepublikken.no\/#website"},"primaryImageOfPage":{"@id":"https:\/\/nordnesrepublikken.no\/index.php\/2025\/12\/30\/nar-starter-salgene-og-hvorfor-er-de-i-januar\/#primaryimage"},"image":{"@id":"https:\/\/nordnesrepublikken.no\/index.php\/2025\/12\/30\/nar-starter-salgene-og-hvorfor-er-de-i-januar\/#primaryimage"},"thumbnailUrl":"https:\/\/nordnesrepublikken.no\/wp-content\/uploads\/2025\/12\/1767077508_Nar-starter-salgene-og-hvorfor-er-de-i-januar-scaled.jpg","datePublished":"2025-12-30T06:51:47+00:00","dateModified":"2025-12-30T06:51:56+00:00","breadcrumb":{"@id":"https:\/\/nordnesrepublikken.no\/index.php\/2025\/12\/30\/nar-starter-salgene-og-hvorfor-er-de-i-januar\/#breadcrumb"},"inLanguage":"nb-NO","potentialAction":[{"@type":"ReadAction","target":["https:\/\/nordnesrepublikken.no\/index.php\/2025\/12\/30\/nar-starter-salgene-og-hvorfor-er-de-i-januar\/"]}]},{"@type":"ImageObject","inLanguage":"nb-NO","@id":"https:\/\/nordnesrepublikken.no\/index.php\/2025\/12\/30\/nar-starter-salgene-og-hvorfor-er-de-i-januar\/#primaryimage","url":"https:\/\/nordnesrepublikken.no\/wp-content\/uploads\/2025\/12\/1767077508_Nar-starter-salgene-og-hvorfor-er-de-i-januar-scaled.jpg","contentUrl":"https:\/\/nordnesrepublikken.no\/wp-content\/uploads\/2025\/12\/1767077508_Nar-starter-salgene-og-hvorfor-er-de-i-januar-scaled.jpg","width":2560,"height":1707,"caption":"N\u00e5r starter salgene og hvorfor er de i januar?"},{"@type":"BreadcrumbList","@id":"https:\/\/nordnesrepublikken.no\/index.php\/2025\/12\/30\/nar-starter-salgene-og-hvorfor-er-de-i-januar\/#breadcrumb","itemListElement":[{"@type":"ListItem","position":1,"name":"Home","item":"https:\/\/nordnesrepublikken.no\/"},{"@type":"ListItem","position":2,"name":"N\u00e5r starter salgene og hvorfor er de i januar?"}]},{"@type":"WebSite","@id":"https:\/\/nordnesrepublikken.no\/#website","url":"https:\/\/nordnesrepublikken.no\/","name":"Nordnesrepublikken","description":"Stemmer og Visjoner fra Republikkens Hjerte","publisher":{"@id":"https:\/\/nordnesrepublikken.no\/#organization"},"potentialAction":[{"@type":"SearchAction","target":{"@type":"EntryPoint","urlTemplate":"https:\/\/nordnesrepublikken.no\/?s={search_term_string}"},"query-input":{"@type":"PropertyValueSpecification","valueRequired":true,"valueName":"search_term_string"}}],"inLanguage":"nb-NO"},{"@type":"Organization","@id":"https:\/\/nordnesrepublikken.no\/#organization","name":"Nordnesrepublikken","url":"https:\/\/nordnesrepublikken.no\/","logo":{"@type":"ImageObject","inLanguage":"nb-NO","@id":"https:\/\/nordnesrepublikken.no\/#\/schema\/logo\/image\/","url":"https:\/\/nordnesrepublikken.no\/wp-content\/uploads\/2025\/02\/cropped-nordnesrepublikken-2.png","contentUrl":"https:\/\/nordnesrepublikken.no\/wp-content\/uploads\/2025\/02\/cropped-nordnesrepublikken-2.png","width":1248,"height":362,"caption":"Nordnesrepublikken"},"image":{"@id":"https:\/\/nordnesrepublikken.no\/#\/schema\/logo\/image\/"}},{"@type":"Person","@id":"https:\/\/nordnesrepublikken.no\/#\/schema\/person\/2e7e81935bab77882fffb79296240ff1","name":"Ole Andersen","image":{"@type":"ImageObject","inLanguage":"nb-NO","@id":"https:\/\/nordnesrepublikken.no\/#\/schema\/person\/image\/","url":"https:\/\/nordnesrepublikken.no\/wp-content\/uploads\/2025\/02\/nordnesrepublikken-2-2-150x150.jpg","contentUrl":"https:\/\/nordnesrepublikken.no\/wp-content\/uploads\/2025\/02\/nordnesrepublikken-2-2-150x150.jpg","caption":"Ole Andersen"},"description":"Ettersom jeg vokste opp i Oslo, har jeg alltid v\u00e6rt fascinert av ordenes kraft og deres evne til \u00e5 skape endringer. Etter \u00e5 ha fullf\u00f8rt min utdannelse i kommunikasjon ved Universitetet i Bergen, fikk jeg muligheten til \u00e5 jobbe innen ulike medier, der jeg har s\u00f8kt \u00e5 belyse viktige samfunnssp\u00f8rsm\u00e5l. I dag, som redakt\u00f8r for Nordnesrepublikken, pr\u00f8ver jeg \u00e5 forene min kj\u00e6rlighet for journalistikk med min lidenskap for innovasjon og eventyr.","sameAs":["https:\/\/nordnesrepublikken.no\/"]}]}},"_links":{"self":[{"href":"https:\/\/nordnesrepublikken.no\/index.php\/wp-json\/wp\/v2\/posts\/13323","targetHints":{"allow":["GET"]}}],"collection":[{"href":"https:\/\/nordnesrepublikken.no\/index.php\/wp-json\/wp\/v2\/posts"}],"about":[{"href":"https:\/\/nordnesrepublikken.no\/index.php\/wp-json\/wp\/v2\/types\/post"}],"author":[{"embeddable":true,"href":"https:\/\/nordnesrepublikken.no\/index.php\/wp-json\/wp\/v2\/users\/1"}],"replies":[{"embeddable":true,"href":"https:\/\/nordnesrepublikken.no\/index.php\/wp-json\/wp\/v2\/comments?post=13323"}],"version-history":[{"count":1,"href":"https:\/\/nordnesrepublikken.no\/index.php\/wp-json\/wp\/v2\/posts\/13323\/revisions"}],"predecessor-version":[{"id":13325,"href":"https:\/\/nordnesrepublikken.no\/index.php\/wp-json\/wp\/v2\/posts\/13323\/revisions\/13325"}],"wp:featuredmedia":[{"embeddable":true,"href":"https:\/\/nordnesrepublikken.no\/index.php\/wp-json\/wp\/v2\/media\/13324"}],"wp:attachment":[{"href":"https:\/\/nordnesrepublikken.no\/index.php\/wp-json\/wp\/v2\/media?parent=13323"}],"wp:term":[{"taxonomy":"category","embeddable":true,"href":"https:\/\/nordnesrepublikken.no\/index.php\/wp-json\/wp\/v2\/categories?post=13323"},{"taxonomy":"post_tag","embeddable":true,"href":"https:\/\/nordnesrepublikken.no\/index.php\/wp-json\/wp\/v2\/tags?post=13323"}],"curies":[{"name":"wp","href":"https:\/\/api.w.org\/{rel}","templated":true}]}}