{"id":13314,"date":"2025-12-29T14:51:21","date_gmt":"2025-12-29T13:51:21","guid":{"rendered":"https:\/\/nordnesrepublikken.no\/index.php\/2025\/12\/29\/etna-vulkanens-eruptive-aktivitet-fortsetter-gult-varsel-utstedt\/"},"modified":"2025-12-29T14:51:23","modified_gmt":"2025-12-29T13:51:23","slug":"etna-vulkanens-eruptive-aktivitet-fortsetter-gult-varsel-utstedt","status":"publish","type":"post","link":"https:\/\/nordnesrepublikken.no\/index.php\/2025\/12\/29\/etna-vulkanens-eruptive-aktivitet-fortsetter-gult-varsel-utstedt\/","title":{"rendered":"Etna, vulkanens eruptive aktivitet fortsetter: gult varsel utstedt"},"content":{"rendered":"<div>\n<div class=\"cp_wrapper cp_wrapper--fw mb-30 mb-20@tablet\">\n<figure class=\"mm\"><picture class=\"img\" style=\"padding-top:56.25%\"><source  media=\"(min-width: 1024px)\"><source  media=\"(min-width: 768px)\"><\/source><\/source><\/picture><\/figure>\n<\/p><\/div>\n<p>DE&#8217;<strong>Etna<\/strong> startet et nytt utbrudd, som begynte p\u00e5 <strong>24. desember<\/strong> og p\u00e5g\u00e5r fortsatt. Som ogs\u00e5 bekreftet av pressemeldingene publisert av<strong>INGV Etna-observatoriet<\/strong>det handler om <strong>en strombolisk aktivitet<\/strong> som for tiden hovedsakelig p\u00e5virker en av ventilene som \u00e5pnet p\u00e5 den h\u00f8ye \u00f8stlige flanken av <strong>Voragine-krateret.<\/strong> Dette f\u00f8dte f\u00f8rst <strong>askeutslipp,<\/strong> danner en sky og deretter presset av vinden mot den vestlige siden av vulkanen &#8211; ogs\u00e5 synlig i Carolina Leones video. Arrangementet var ogs\u00e5 preget av <strong>lavafontener,<\/strong> hvis h\u00f8yde n\u00e5dde <strong>rundt hundre meter<\/strong>. Ogs\u00e5 verdt \u00e5 nevne er en liten en <strong>lavastr\u00f8mmen<\/strong> omtrent lang <strong>1,8 km<\/strong> \u00f8stover, mot Valle del Bove, som ser ut til \u00e5 ha stoppet i g\u00e5r morges med bare noen f\u00e5 flekker som fortsatt gl\u00f8der langs stien.<\/p>\n<div class=\"cp_wrapper cp_wrapper--fw mb-50\">\n<figure class=\"mm\"><picture class=\"img\" style=\"padding-top:56.25%\"><source  media=\"(min-width: 1024px)\"><source  media=\"(min-width: 768px)\"><img decoding=\"async\" loading=\"lazy\" src=\"https:\/\/nordnesrepublikken.no\/wp-content\/uploads\/2025\/12\/1767016280_282_Etna-vulkanens-eruptive-aktivitet-fortsetter-gult-varsel-utstedt.jpg\" alt=\"Etna utbrudd\" width=\"1600\" height=\"900\"\/><\/source><\/source><\/picture><\/figure>\n<\/p><\/div>\n<p>Ogs\u00e5 den <strong>krater<\/strong> <strong>av Nord-\u00d8st<\/strong>rundt 18.48 <strong>27. desember<\/strong>ble p\u00e5virket av <strong>ulike eksplosjoner<\/strong> \u2013 med lavafontener som de siste dagene til og med har n\u00e5dd <strong>400-500 meter<\/strong> \u2013 og askedrag, til tross for at INGV-nettverket ikke har registrert noen spesielle tegn p\u00e5 aktivitet de siste timene. Videre bekrefter INGV at amplituden til den vulkanske skjelvingen n\u00e5 er nesten stabil, til tross for at den har lagt seg p\u00e5 h\u00f8ye verdier.<\/p>\n<div class=\"cp_wrapper cp_wrapper--fw mb-50\">\n<figure class=\"mm\"><picture class=\"img\" style=\"padding-top:38.212815990594%\"><source  media=\"(min-width: 1024px)\"><source  media=\"(min-width: 768px)\"><img decoding=\"async\" loading=\"lazy\" src=\"https:\/\/nordnesrepublikken.no\/wp-content\/uploads\/2025\/12\/1767016281_852_Etna-vulkanens-eruptive-aktivitet-fortsetter-gult-varsel-utstedt.jpg\" alt=\"Etna utbrudd\" width=\"1701\" height=\"650\" class=\"js-seedtag-img\"\/><\/source><\/source><\/picture><\/figure>\n<\/p><\/div>\n<p>Av alle disse grunnene <strong>Sivil beskyttelse<\/strong>i en pressemelding fra <strong>27. desember<\/strong>utstedte han <strong>varselet<\/strong> <strong>gul<\/strong>: dette inneb\u00e6rer \u00e5 styrke vulkanoverv\u00e5kingssystemet og informasjonskoblingen mellom det vitenskapelige samfunnet og de andre komponentene og operasjonelle strukturene til National Civil Protection Service.<\/p>\n<p>Etna er imidlertid fortsatt en av de mest aktive vulkanene i Europa: det siste utbruddet med st\u00f8rre intensitet dateres tilbake til 2. juni 2025, da en del av <strong>S\u00f8r\u00f8st-krateret kollapset<\/strong>.<\/p>\n<\/p><\/div>\n","protected":false},"excerpt":{"rendered":"<p>DE&#8217;Etna startet et nytt utbrudd, som begynte p\u00e5 24. desember og p\u00e5g\u00e5r fortsatt. Som ogs\u00e5<\/p>\n","protected":false},"author":1,"featured_media":13315,"comment_status":"closed","ping_status":"open","sticky":false,"template":"","format":"standard","meta":{"footnotes":""},"categories":[24],"tags":[3256,8771,3394,305,8772,7580,4997,8770],"class_list":["post-13314","post","type-post","status-publish","format-standard","has-post-thumbnail","hentry","category-vitenskap","tag-aktivitet","tag-eruptive","tag-etna","tag-fortsetter","tag-gult","tag-utstedt","tag-varsel","tag-vulkanens","generate-columns","tablet-grid-50","mobile-grid-100","grid-parent","grid-33","resize-featured-image"],"yoast_head":"<!-- This site is optimized with the Yoast SEO plugin v24.4 - https:\/\/yoast.com\/wordpress\/plugins\/seo\/ -->\n<title>Etna, vulkanens eruptive aktivitet fortsetter: gult varsel utstedt - Nordnesrepublikken<\/title>\n<meta name=\"robots\" content=\"index, follow, max-snippet:-1, max-image-preview:large, max-video-preview:-1\" \/>\n<link rel=\"canonical\" href=\"https:\/\/nordnesrepublikken.no\/index.php\/2025\/12\/29\/etna-vulkanens-eruptive-aktivitet-fortsetter-gult-varsel-utstedt\/\" \/>\n<meta property=\"og:locale\" content=\"nb_NO\" \/>\n<meta property=\"og:type\" content=\"article\" \/>\n<meta property=\"og:title\" content=\"Etna, vulkanens eruptive aktivitet fortsetter: gult varsel utstedt - Nordnesrepublikken\" \/>\n<meta property=\"og:description\" content=\"DE&#8217;Etna startet et nytt utbrudd, som begynte p\u00e5 24. desember og p\u00e5g\u00e5r fortsatt. Som ogs\u00e5\" \/>\n<meta property=\"og:url\" content=\"https:\/\/nordnesrepublikken.no\/index.php\/2025\/12\/29\/etna-vulkanens-eruptive-aktivitet-fortsetter-gult-varsel-utstedt\/\" \/>\n<meta property=\"og:site_name\" content=\"Nordnesrepublikken\" \/>\n<meta property=\"article:published_time\" content=\"2025-12-29T13:51:21+00:00\" \/>\n<meta property=\"article:modified_time\" content=\"2025-12-29T13:51:23+00:00\" \/>\n<meta property=\"og:image\" content=\"https:\/\/nordnesrepublikken.no\/wp-content\/uploads\/2025\/12\/1767016281_Etna-vulkanens-eruptive-aktivitet-fortsetter-gult-varsel-utstedt.jpg\" \/>\n\t<meta property=\"og:image:width\" content=\"2549\" \/>\n\t<meta property=\"og:image:height\" content=\"1491\" \/>\n\t<meta property=\"og:image:type\" content=\"image\/jpeg\" \/>\n<meta name=\"author\" content=\"Ole Andersen\" \/>\n<meta name=\"twitter:card\" content=\"summary_large_image\" \/>\n<meta name=\"twitter:label1\" content=\"Skrevet av\" \/>\n\t<meta name=\"twitter:data1\" content=\"Ole Andersen\" \/>\n\t<meta name=\"twitter:label2\" content=\"Ansl. lesetid\" \/>\n\t<meta name=\"twitter:data2\" content=\"1 minutt\" \/>\n<script type=\"application\/ld+json\" class=\"yoast-schema-graph\">{\"@context\":\"https:\/\/schema.org\",\"@graph\":[{\"@type\":\"Article\",\"@id\":\"https:\/\/nordnesrepublikken.no\/index.php\/2025\/12\/29\/etna-vulkanens-eruptive-aktivitet-fortsetter-gult-varsel-utstedt\/#article\",\"isPartOf\":{\"@id\":\"https:\/\/nordnesrepublikken.no\/index.php\/2025\/12\/29\/etna-vulkanens-eruptive-aktivitet-fortsetter-gult-varsel-utstedt\/\"},\"author\":{\"name\":\"Ole Andersen\",\"@id\":\"https:\/\/nordnesrepublikken.no\/#\/schema\/person\/2e7e81935bab77882fffb79296240ff1\"},\"headline\":\"Etna, vulkanens eruptive aktivitet fortsetter: gult varsel utstedt\",\"datePublished\":\"2025-12-29T13:51:21+00:00\",\"dateModified\":\"2025-12-29T13:51:23+00:00\",\"mainEntityOfPage\":{\"@id\":\"https:\/\/nordnesrepublikken.no\/index.php\/2025\/12\/29\/etna-vulkanens-eruptive-aktivitet-fortsetter-gult-varsel-utstedt\/\"},\"wordCount\":271,\"publisher\":{\"@id\":\"https:\/\/nordnesrepublikken.no\/#organization\"},\"image\":{\"@id\":\"https:\/\/nordnesrepublikken.no\/index.php\/2025\/12\/29\/etna-vulkanens-eruptive-aktivitet-fortsetter-gult-varsel-utstedt\/#primaryimage\"},\"thumbnailUrl\":\"https:\/\/nordnesrepublikken.no\/wp-content\/uploads\/2025\/12\/1767016281_Etna-vulkanens-eruptive-aktivitet-fortsetter-gult-varsel-utstedt.jpg\",\"keywords\":[\"aktivitet\",\"eruptive\",\"Etna\",\"fortsetter\",\"gult\",\"utstedt\",\"varsel\",\"vulkanens\"],\"articleSection\":[\"Vitenskap\"],\"inLanguage\":\"nb-NO\"},{\"@type\":\"WebPage\",\"@id\":\"https:\/\/nordnesrepublikken.no\/index.php\/2025\/12\/29\/etna-vulkanens-eruptive-aktivitet-fortsetter-gult-varsel-utstedt\/\",\"url\":\"https:\/\/nordnesrepublikken.no\/index.php\/2025\/12\/29\/etna-vulkanens-eruptive-aktivitet-fortsetter-gult-varsel-utstedt\/\",\"name\":\"Etna, vulkanens eruptive aktivitet fortsetter: gult varsel utstedt - Nordnesrepublikken\",\"isPartOf\":{\"@id\":\"https:\/\/nordnesrepublikken.no\/#website\"},\"primaryImageOfPage\":{\"@id\":\"https:\/\/nordnesrepublikken.no\/index.php\/2025\/12\/29\/etna-vulkanens-eruptive-aktivitet-fortsetter-gult-varsel-utstedt\/#primaryimage\"},\"image\":{\"@id\":\"https:\/\/nordnesrepublikken.no\/index.php\/2025\/12\/29\/etna-vulkanens-eruptive-aktivitet-fortsetter-gult-varsel-utstedt\/#primaryimage\"},\"thumbnailUrl\":\"https:\/\/nordnesrepublikken.no\/wp-content\/uploads\/2025\/12\/1767016281_Etna-vulkanens-eruptive-aktivitet-fortsetter-gult-varsel-utstedt.jpg\",\"datePublished\":\"2025-12-29T13:51:21+00:00\",\"dateModified\":\"2025-12-29T13:51:23+00:00\",\"breadcrumb\":{\"@id\":\"https:\/\/nordnesrepublikken.no\/index.php\/2025\/12\/29\/etna-vulkanens-eruptive-aktivitet-fortsetter-gult-varsel-utstedt\/#breadcrumb\"},\"inLanguage\":\"nb-NO\",\"potentialAction\":[{\"@type\":\"ReadAction\",\"target\":[\"https:\/\/nordnesrepublikken.no\/index.php\/2025\/12\/29\/etna-vulkanens-eruptive-aktivitet-fortsetter-gult-varsel-utstedt\/\"]}]},{\"@type\":\"ImageObject\",\"inLanguage\":\"nb-NO\",\"@id\":\"https:\/\/nordnesrepublikken.no\/index.php\/2025\/12\/29\/etna-vulkanens-eruptive-aktivitet-fortsetter-gult-varsel-utstedt\/#primaryimage\",\"url\":\"https:\/\/nordnesrepublikken.no\/wp-content\/uploads\/2025\/12\/1767016281_Etna-vulkanens-eruptive-aktivitet-fortsetter-gult-varsel-utstedt.jpg\",\"contentUrl\":\"https:\/\/nordnesrepublikken.no\/wp-content\/uploads\/2025\/12\/1767016281_Etna-vulkanens-eruptive-aktivitet-fortsetter-gult-varsel-utstedt.jpg\",\"width\":2549,\"height\":1491,\"caption\":\"Etna, vulkanens eruptive aktivitet fortsetter: gult varsel utstedt\"},{\"@type\":\"BreadcrumbList\",\"@id\":\"https:\/\/nordnesrepublikken.no\/index.php\/2025\/12\/29\/etna-vulkanens-eruptive-aktivitet-fortsetter-gult-varsel-utstedt\/#breadcrumb\",\"itemListElement\":[{\"@type\":\"ListItem\",\"position\":1,\"name\":\"Home\",\"item\":\"https:\/\/nordnesrepublikken.no\/\"},{\"@type\":\"ListItem\",\"position\":2,\"name\":\"Etna, vulkanens eruptive aktivitet fortsetter: gult varsel utstedt\"}]},{\"@type\":\"WebSite\",\"@id\":\"https:\/\/nordnesrepublikken.no\/#website\",\"url\":\"https:\/\/nordnesrepublikken.no\/\",\"name\":\"Nordnesrepublikken\",\"description\":\"Stemmer og Visjoner fra Republikkens Hjerte\",\"publisher\":{\"@id\":\"https:\/\/nordnesrepublikken.no\/#organization\"},\"potentialAction\":[{\"@type\":\"SearchAction\",\"target\":{\"@type\":\"EntryPoint\",\"urlTemplate\":\"https:\/\/nordnesrepublikken.no\/?s={search_term_string}\"},\"query-input\":{\"@type\":\"PropertyValueSpecification\",\"valueRequired\":true,\"valueName\":\"search_term_string\"}}],\"inLanguage\":\"nb-NO\"},{\"@type\":\"Organization\",\"@id\":\"https:\/\/nordnesrepublikken.no\/#organization\",\"name\":\"Nordnesrepublikken\",\"url\":\"https:\/\/nordnesrepublikken.no\/\",\"logo\":{\"@type\":\"ImageObject\",\"inLanguage\":\"nb-NO\",\"@id\":\"https:\/\/nordnesrepublikken.no\/#\/schema\/logo\/image\/\",\"url\":\"https:\/\/nordnesrepublikken.no\/wp-content\/uploads\/2025\/02\/cropped-nordnesrepublikken-2.png\",\"contentUrl\":\"https:\/\/nordnesrepublikken.no\/wp-content\/uploads\/2025\/02\/cropped-nordnesrepublikken-2.png\",\"width\":1248,\"height\":362,\"caption\":\"Nordnesrepublikken\"},\"image\":{\"@id\":\"https:\/\/nordnesrepublikken.no\/#\/schema\/logo\/image\/\"}},{\"@type\":\"Person\",\"@id\":\"https:\/\/nordnesrepublikken.no\/#\/schema\/person\/2e7e81935bab77882fffb79296240ff1\",\"name\":\"Ole Andersen\",\"image\":{\"@type\":\"ImageObject\",\"inLanguage\":\"nb-NO\",\"@id\":\"https:\/\/nordnesrepublikken.no\/#\/schema\/person\/image\/\",\"url\":\"https:\/\/nordnesrepublikken.no\/wp-content\/uploads\/2025\/02\/nordnesrepublikken-2-2-150x150.jpg\",\"contentUrl\":\"https:\/\/nordnesrepublikken.no\/wp-content\/uploads\/2025\/02\/nordnesrepublikken-2-2-150x150.jpg\",\"caption\":\"Ole Andersen\"},\"description\":\"Ettersom jeg vokste opp i Oslo, har jeg alltid v\u00e6rt fascinert av ordenes kraft og deres evne til \u00e5 skape endringer. Etter \u00e5 ha fullf\u00f8rt min utdannelse i kommunikasjon ved Universitetet i Bergen, fikk jeg muligheten til \u00e5 jobbe innen ulike medier, der jeg har s\u00f8kt \u00e5 belyse viktige samfunnssp\u00f8rsm\u00e5l. I dag, som redakt\u00f8r for Nordnesrepublikken, pr\u00f8ver jeg \u00e5 forene min kj\u00e6rlighet for journalistikk med min lidenskap for innovasjon og eventyr.\",\"sameAs\":[\"https:\/\/nordnesrepublikken.no\/\"]}]}<\/script>\n<!-- \/ Yoast SEO plugin. -->","yoast_head_json":{"title":"Etna, vulkanens eruptive aktivitet fortsetter: gult varsel utstedt - Nordnesrepublikken","robots":{"index":"index","follow":"follow","max-snippet":"max-snippet:-1","max-image-preview":"max-image-preview:large","max-video-preview":"max-video-preview:-1"},"canonical":"https:\/\/nordnesrepublikken.no\/index.php\/2025\/12\/29\/etna-vulkanens-eruptive-aktivitet-fortsetter-gult-varsel-utstedt\/","og_locale":"nb_NO","og_type":"article","og_title":"Etna, vulkanens eruptive aktivitet fortsetter: gult varsel utstedt - Nordnesrepublikken","og_description":"DE&#8217;Etna startet et nytt utbrudd, som begynte p\u00e5 24. desember og p\u00e5g\u00e5r fortsatt. Som ogs\u00e5","og_url":"https:\/\/nordnesrepublikken.no\/index.php\/2025\/12\/29\/etna-vulkanens-eruptive-aktivitet-fortsetter-gult-varsel-utstedt\/","og_site_name":"Nordnesrepublikken","article_published_time":"2025-12-29T13:51:21+00:00","article_modified_time":"2025-12-29T13:51:23+00:00","og_image":[{"width":2549,"height":1491,"url":"https:\/\/nordnesrepublikken.no\/wp-content\/uploads\/2025\/12\/1767016281_Etna-vulkanens-eruptive-aktivitet-fortsetter-gult-varsel-utstedt.jpg","type":"image\/jpeg"}],"author":"Ole Andersen","twitter_card":"summary_large_image","twitter_misc":{"Skrevet av":"Ole Andersen","Ansl. lesetid":"1 minutt"},"schema":{"@context":"https:\/\/schema.org","@graph":[{"@type":"Article","@id":"https:\/\/nordnesrepublikken.no\/index.php\/2025\/12\/29\/etna-vulkanens-eruptive-aktivitet-fortsetter-gult-varsel-utstedt\/#article","isPartOf":{"@id":"https:\/\/nordnesrepublikken.no\/index.php\/2025\/12\/29\/etna-vulkanens-eruptive-aktivitet-fortsetter-gult-varsel-utstedt\/"},"author":{"name":"Ole Andersen","@id":"https:\/\/nordnesrepublikken.no\/#\/schema\/person\/2e7e81935bab77882fffb79296240ff1"},"headline":"Etna, vulkanens eruptive aktivitet fortsetter: gult varsel utstedt","datePublished":"2025-12-29T13:51:21+00:00","dateModified":"2025-12-29T13:51:23+00:00","mainEntityOfPage":{"@id":"https:\/\/nordnesrepublikken.no\/index.php\/2025\/12\/29\/etna-vulkanens-eruptive-aktivitet-fortsetter-gult-varsel-utstedt\/"},"wordCount":271,"publisher":{"@id":"https:\/\/nordnesrepublikken.no\/#organization"},"image":{"@id":"https:\/\/nordnesrepublikken.no\/index.php\/2025\/12\/29\/etna-vulkanens-eruptive-aktivitet-fortsetter-gult-varsel-utstedt\/#primaryimage"},"thumbnailUrl":"https:\/\/nordnesrepublikken.no\/wp-content\/uploads\/2025\/12\/1767016281_Etna-vulkanens-eruptive-aktivitet-fortsetter-gult-varsel-utstedt.jpg","keywords":["aktivitet","eruptive","Etna","fortsetter","gult","utstedt","varsel","vulkanens"],"articleSection":["Vitenskap"],"inLanguage":"nb-NO"},{"@type":"WebPage","@id":"https:\/\/nordnesrepublikken.no\/index.php\/2025\/12\/29\/etna-vulkanens-eruptive-aktivitet-fortsetter-gult-varsel-utstedt\/","url":"https:\/\/nordnesrepublikken.no\/index.php\/2025\/12\/29\/etna-vulkanens-eruptive-aktivitet-fortsetter-gult-varsel-utstedt\/","name":"Etna, vulkanens eruptive aktivitet fortsetter: gult varsel utstedt - Nordnesrepublikken","isPartOf":{"@id":"https:\/\/nordnesrepublikken.no\/#website"},"primaryImageOfPage":{"@id":"https:\/\/nordnesrepublikken.no\/index.php\/2025\/12\/29\/etna-vulkanens-eruptive-aktivitet-fortsetter-gult-varsel-utstedt\/#primaryimage"},"image":{"@id":"https:\/\/nordnesrepublikken.no\/index.php\/2025\/12\/29\/etna-vulkanens-eruptive-aktivitet-fortsetter-gult-varsel-utstedt\/#primaryimage"},"thumbnailUrl":"https:\/\/nordnesrepublikken.no\/wp-content\/uploads\/2025\/12\/1767016281_Etna-vulkanens-eruptive-aktivitet-fortsetter-gult-varsel-utstedt.jpg","datePublished":"2025-12-29T13:51:21+00:00","dateModified":"2025-12-29T13:51:23+00:00","breadcrumb":{"@id":"https:\/\/nordnesrepublikken.no\/index.php\/2025\/12\/29\/etna-vulkanens-eruptive-aktivitet-fortsetter-gult-varsel-utstedt\/#breadcrumb"},"inLanguage":"nb-NO","potentialAction":[{"@type":"ReadAction","target":["https:\/\/nordnesrepublikken.no\/index.php\/2025\/12\/29\/etna-vulkanens-eruptive-aktivitet-fortsetter-gult-varsel-utstedt\/"]}]},{"@type":"ImageObject","inLanguage":"nb-NO","@id":"https:\/\/nordnesrepublikken.no\/index.php\/2025\/12\/29\/etna-vulkanens-eruptive-aktivitet-fortsetter-gult-varsel-utstedt\/#primaryimage","url":"https:\/\/nordnesrepublikken.no\/wp-content\/uploads\/2025\/12\/1767016281_Etna-vulkanens-eruptive-aktivitet-fortsetter-gult-varsel-utstedt.jpg","contentUrl":"https:\/\/nordnesrepublikken.no\/wp-content\/uploads\/2025\/12\/1767016281_Etna-vulkanens-eruptive-aktivitet-fortsetter-gult-varsel-utstedt.jpg","width":2549,"height":1491,"caption":"Etna, vulkanens eruptive aktivitet fortsetter: gult varsel utstedt"},{"@type":"BreadcrumbList","@id":"https:\/\/nordnesrepublikken.no\/index.php\/2025\/12\/29\/etna-vulkanens-eruptive-aktivitet-fortsetter-gult-varsel-utstedt\/#breadcrumb","itemListElement":[{"@type":"ListItem","position":1,"name":"Home","item":"https:\/\/nordnesrepublikken.no\/"},{"@type":"ListItem","position":2,"name":"Etna, vulkanens eruptive aktivitet fortsetter: gult varsel utstedt"}]},{"@type":"WebSite","@id":"https:\/\/nordnesrepublikken.no\/#website","url":"https:\/\/nordnesrepublikken.no\/","name":"Nordnesrepublikken","description":"Stemmer og Visjoner fra Republikkens Hjerte","publisher":{"@id":"https:\/\/nordnesrepublikken.no\/#organization"},"potentialAction":[{"@type":"SearchAction","target":{"@type":"EntryPoint","urlTemplate":"https:\/\/nordnesrepublikken.no\/?s={search_term_string}"},"query-input":{"@type":"PropertyValueSpecification","valueRequired":true,"valueName":"search_term_string"}}],"inLanguage":"nb-NO"},{"@type":"Organization","@id":"https:\/\/nordnesrepublikken.no\/#organization","name":"Nordnesrepublikken","url":"https:\/\/nordnesrepublikken.no\/","logo":{"@type":"ImageObject","inLanguage":"nb-NO","@id":"https:\/\/nordnesrepublikken.no\/#\/schema\/logo\/image\/","url":"https:\/\/nordnesrepublikken.no\/wp-content\/uploads\/2025\/02\/cropped-nordnesrepublikken-2.png","contentUrl":"https:\/\/nordnesrepublikken.no\/wp-content\/uploads\/2025\/02\/cropped-nordnesrepublikken-2.png","width":1248,"height":362,"caption":"Nordnesrepublikken"},"image":{"@id":"https:\/\/nordnesrepublikken.no\/#\/schema\/logo\/image\/"}},{"@type":"Person","@id":"https:\/\/nordnesrepublikken.no\/#\/schema\/person\/2e7e81935bab77882fffb79296240ff1","name":"Ole Andersen","image":{"@type":"ImageObject","inLanguage":"nb-NO","@id":"https:\/\/nordnesrepublikken.no\/#\/schema\/person\/image\/","url":"https:\/\/nordnesrepublikken.no\/wp-content\/uploads\/2025\/02\/nordnesrepublikken-2-2-150x150.jpg","contentUrl":"https:\/\/nordnesrepublikken.no\/wp-content\/uploads\/2025\/02\/nordnesrepublikken-2-2-150x150.jpg","caption":"Ole Andersen"},"description":"Ettersom jeg vokste opp i Oslo, har jeg alltid v\u00e6rt fascinert av ordenes kraft og deres evne til \u00e5 skape endringer. Etter \u00e5 ha fullf\u00f8rt min utdannelse i kommunikasjon ved Universitetet i Bergen, fikk jeg muligheten til \u00e5 jobbe innen ulike medier, der jeg har s\u00f8kt \u00e5 belyse viktige samfunnssp\u00f8rsm\u00e5l. I dag, som redakt\u00f8r for Nordnesrepublikken, pr\u00f8ver jeg \u00e5 forene min kj\u00e6rlighet for journalistikk med min lidenskap for innovasjon og eventyr.","sameAs":["https:\/\/nordnesrepublikken.no\/"]}]}},"_links":{"self":[{"href":"https:\/\/nordnesrepublikken.no\/index.php\/wp-json\/wp\/v2\/posts\/13314","targetHints":{"allow":["GET"]}}],"collection":[{"href":"https:\/\/nordnesrepublikken.no\/index.php\/wp-json\/wp\/v2\/posts"}],"about":[{"href":"https:\/\/nordnesrepublikken.no\/index.php\/wp-json\/wp\/v2\/types\/post"}],"author":[{"embeddable":true,"href":"https:\/\/nordnesrepublikken.no\/index.php\/wp-json\/wp\/v2\/users\/1"}],"replies":[{"embeddable":true,"href":"https:\/\/nordnesrepublikken.no\/index.php\/wp-json\/wp\/v2\/comments?post=13314"}],"version-history":[{"count":1,"href":"https:\/\/nordnesrepublikken.no\/index.php\/wp-json\/wp\/v2\/posts\/13314\/revisions"}],"predecessor-version":[{"id":13316,"href":"https:\/\/nordnesrepublikken.no\/index.php\/wp-json\/wp\/v2\/posts\/13314\/revisions\/13316"}],"wp:featuredmedia":[{"embeddable":true,"href":"https:\/\/nordnesrepublikken.no\/index.php\/wp-json\/wp\/v2\/media\/13315"}],"wp:attachment":[{"href":"https:\/\/nordnesrepublikken.no\/index.php\/wp-json\/wp\/v2\/media?parent=13314"}],"wp:term":[{"taxonomy":"category","embeddable":true,"href":"https:\/\/nordnesrepublikken.no\/index.php\/wp-json\/wp\/v2\/categories?post=13314"},{"taxonomy":"post_tag","embeddable":true,"href":"https:\/\/nordnesrepublikken.no\/index.php\/wp-json\/wp\/v2\/tags?post=13314"}],"curies":[{"name":"wp","href":"https:\/\/api.w.org\/{rel}","templated":true}]}}