{"id":13308,"date":"2025-12-29T11:50:46","date_gmt":"2025-12-29T10:50:46","guid":{"rendered":"https:\/\/nordnesrepublikken.no\/index.php\/2025\/12\/29\/kollisjon-under-flyging-mellom-to-helikoptre-i-new-jersey-hva-vi-vet-om-dynamikken-videoen\/"},"modified":"2025-12-29T11:50:49","modified_gmt":"2025-12-29T10:50:49","slug":"kollisjon-under-flyging-mellom-to-helikoptre-i-new-jersey-hva-vi-vet-om-dynamikken-videoen","status":"publish","type":"post","link":"https:\/\/nordnesrepublikken.no\/index.php\/2025\/12\/29\/kollisjon-under-flyging-mellom-to-helikoptre-i-new-jersey-hva-vi-vet-om-dynamikken-videoen\/","title":{"rendered":"Kollisjon under flyging mellom to helikoptre i New Jersey, hva vi vet om dynamikken: videoen"},"content":{"rendered":"<div>\n<div class=\"cp_wrapper cp_wrapper--fw mb-30 mb-20@tablet\">\n<figure class=\"mm\"><picture class=\"img\" style=\"padding-top:56.25%\"><source  media=\"(min-width: 1024px)\"><source  media=\"(min-width: 768px)\"><\/source><\/source><\/picture><\/figure>\n<\/p><\/div>\n<p><strong>To helikoptre kolliderte <\/strong>mens de fl\u00f8y i himmelen i New Jersey: if\u00f8lge det som ble rapportert av FAA (Federal Aviation Administration), skjedde kollisjonen mellom et helikopter<strong> Enstrom F-28A<\/strong> og et helikopter <strong>Enstrom 280C<\/strong>kort vei fra den kommunale flyplassen til <strong>Hammonton<\/strong>en by med 15 000 innbyggere som ligger 56 km fra Philadelphia. Ulykken skjedde rundt klokken 11.25 (17.25 i Italia) i g\u00e5r, s\u00f8ndag 28. desember. De reiste ombord i helikoptre<strong> de to respektive pilotene:<\/strong> den f\u00f8rste d\u00f8de, mens den andre ble alvorlig skadet og ble umiddelbart fraktet til sykehus.<\/p>\n<p>I f\u00f8lge vitneforklaringer fra noen tilstedev\u00e6rende begynte et av de to helikoptrene umiddelbart etter sammenst\u00f8tet \u00e5 skyte <strong>sl\u00e5 p\u00e5 seg selv:<\/strong> flyet kan v\u00e6re &laquo;<strong>kom inn i livet<\/strong>\u201d \u2013 som oppst\u00e5r n\u00e5r et fly f\u00e5r en asymmetrisk stopp \u2013 f\u00f8r den styrter i bakken, men <strong>offisiell dynamikk<\/strong> er enn\u00e5 ikke avklart. Begge helikoptrene fors\u00f8kte umiddelbart en krasjlanding: etter sammenst\u00f8tet ble det ene helikopteret oppslukt av flammer.<\/p>\n<p>For \u00f8yeblikket er<strong>\u00c5rsakene til ulykken er forel\u00f8pig ikke kommunisert<\/strong> av myndighetene, selv om meteorologiske \u00e5rsaker ser ut til \u00e5 ha v\u00e6rt utelukket, gitt at sikten var god: FAA og NTSB \u00e5pnet unders\u00f8kelser, samlet inn data om flyruten, samt flyvedlikeholdsposter og kommunikasjon med flykontroll. Som ogs\u00e5 synlig i videoen av <em>Reuters<\/em>ble omr\u00e5dene rundt stengt for befolkningen for \u00e5 la n\u00f8detatene gripe inn.<\/p>\n<\/p><\/div>\n","protected":false},"excerpt":{"rendered":"<p>To helikoptre kolliderte mens de fl\u00f8y i himmelen i New Jersey: if\u00f8lge det som ble<\/p>\n","protected":false},"author":1,"featured_media":13309,"comment_status":"closed","ping_status":"open","sticky":false,"template":"","format":"standard","meta":{"footnotes":""},"categories":[104],"tags":[1889,8764,6196,144,8765,8763,212,73,2433],"class_list":["post-13308","post","type-post","status-publish","format-standard","has-post-thumbnail","hentry","category-samfunn","tag-dynamikken","tag-flyging","tag-helikoptre","tag-hva","tag-jersey","tag-kollisjon","tag-mellom","tag-vet","tag-videoen","generate-columns","tablet-grid-50","mobile-grid-100","grid-parent","grid-33","resize-featured-image"],"yoast_head":"<!-- This site is optimized with the Yoast SEO plugin v24.4 - https:\/\/yoast.com\/wordpress\/plugins\/seo\/ -->\n<title>Kollisjon under flyging mellom to helikoptre i New Jersey, hva vi vet om dynamikken: videoen - Nordnesrepublikken<\/title>\n<meta name=\"robots\" content=\"index, follow, max-snippet:-1, max-image-preview:large, max-video-preview:-1\" \/>\n<link rel=\"canonical\" href=\"https:\/\/nordnesrepublikken.no\/index.php\/2025\/12\/29\/kollisjon-under-flyging-mellom-to-helikoptre-i-new-jersey-hva-vi-vet-om-dynamikken-videoen\/\" \/>\n<meta property=\"og:locale\" content=\"nb_NO\" \/>\n<meta property=\"og:type\" content=\"article\" \/>\n<meta property=\"og:title\" content=\"Kollisjon under flyging mellom to helikoptre i New Jersey, hva vi vet om dynamikken: videoen - Nordnesrepublikken\" \/>\n<meta property=\"og:description\" content=\"To helikoptre kolliderte mens de fl\u00f8y i himmelen i New Jersey: if\u00f8lge det som ble\" \/>\n<meta property=\"og:url\" content=\"https:\/\/nordnesrepublikken.no\/index.php\/2025\/12\/29\/kollisjon-under-flyging-mellom-to-helikoptre-i-new-jersey-hva-vi-vet-om-dynamikken-videoen\/\" \/>\n<meta property=\"og:site_name\" content=\"Nordnesrepublikken\" \/>\n<meta property=\"article:published_time\" content=\"2025-12-29T10:50:46+00:00\" \/>\n<meta property=\"article:modified_time\" content=\"2025-12-29T10:50:49+00:00\" \/>\n<meta property=\"og:image\" content=\"https:\/\/nordnesrepublikken.no\/wp-content\/uploads\/2025\/12\/1767005446_Kollisjon-under-flyging-mellom-to-helikoptre-i-New-Jersey-hva-scaled.jpg\" \/>\n\t<meta property=\"og:image:width\" content=\"2560\" \/>\n\t<meta property=\"og:image:height\" content=\"1318\" \/>\n\t<meta property=\"og:image:type\" content=\"image\/jpeg\" \/>\n<meta name=\"author\" content=\"Ole Andersen\" \/>\n<meta name=\"twitter:card\" content=\"summary_large_image\" \/>\n<meta name=\"twitter:label1\" content=\"Skrevet av\" \/>\n\t<meta name=\"twitter:data1\" content=\"Ole Andersen\" \/>\n\t<meta name=\"twitter:label2\" content=\"Ansl. lesetid\" \/>\n\t<meta name=\"twitter:data2\" content=\"1 minutt\" \/>\n<script type=\"application\/ld+json\" class=\"yoast-schema-graph\">{\"@context\":\"https:\/\/schema.org\",\"@graph\":[{\"@type\":\"Article\",\"@id\":\"https:\/\/nordnesrepublikken.no\/index.php\/2025\/12\/29\/kollisjon-under-flyging-mellom-to-helikoptre-i-new-jersey-hva-vi-vet-om-dynamikken-videoen\/#article\",\"isPartOf\":{\"@id\":\"https:\/\/nordnesrepublikken.no\/index.php\/2025\/12\/29\/kollisjon-under-flyging-mellom-to-helikoptre-i-new-jersey-hva-vi-vet-om-dynamikken-videoen\/\"},\"author\":{\"name\":\"Ole Andersen\",\"@id\":\"https:\/\/nordnesrepublikken.no\/#\/schema\/person\/2e7e81935bab77882fffb79296240ff1\"},\"headline\":\"Kollisjon under flyging mellom to helikoptre i New Jersey, hva vi vet om dynamikken: videoen\",\"datePublished\":\"2025-12-29T10:50:46+00:00\",\"dateModified\":\"2025-12-29T10:50:49+00:00\",\"mainEntityOfPage\":{\"@id\":\"https:\/\/nordnesrepublikken.no\/index.php\/2025\/12\/29\/kollisjon-under-flyging-mellom-to-helikoptre-i-new-jersey-hva-vi-vet-om-dynamikken-videoen\/\"},\"wordCount\":242,\"publisher\":{\"@id\":\"https:\/\/nordnesrepublikken.no\/#organization\"},\"image\":{\"@id\":\"https:\/\/nordnesrepublikken.no\/index.php\/2025\/12\/29\/kollisjon-under-flyging-mellom-to-helikoptre-i-new-jersey-hva-vi-vet-om-dynamikken-videoen\/#primaryimage\"},\"thumbnailUrl\":\"https:\/\/nordnesrepublikken.no\/wp-content\/uploads\/2025\/12\/1767005446_Kollisjon-under-flyging-mellom-to-helikoptre-i-New-Jersey-hva-scaled.jpg\",\"keywords\":[\"dynamikken\",\"flyging\",\"helikoptre\",\"Hva\",\"Jersey\",\"Kollisjon\",\"mellom\",\"vet\",\"videoen\"],\"articleSection\":[\"Samfunn\"],\"inLanguage\":\"nb-NO\"},{\"@type\":\"WebPage\",\"@id\":\"https:\/\/nordnesrepublikken.no\/index.php\/2025\/12\/29\/kollisjon-under-flyging-mellom-to-helikoptre-i-new-jersey-hva-vi-vet-om-dynamikken-videoen\/\",\"url\":\"https:\/\/nordnesrepublikken.no\/index.php\/2025\/12\/29\/kollisjon-under-flyging-mellom-to-helikoptre-i-new-jersey-hva-vi-vet-om-dynamikken-videoen\/\",\"name\":\"Kollisjon under flyging mellom to helikoptre i New Jersey, hva vi vet om dynamikken: videoen - Nordnesrepublikken\",\"isPartOf\":{\"@id\":\"https:\/\/nordnesrepublikken.no\/#website\"},\"primaryImageOfPage\":{\"@id\":\"https:\/\/nordnesrepublikken.no\/index.php\/2025\/12\/29\/kollisjon-under-flyging-mellom-to-helikoptre-i-new-jersey-hva-vi-vet-om-dynamikken-videoen\/#primaryimage\"},\"image\":{\"@id\":\"https:\/\/nordnesrepublikken.no\/index.php\/2025\/12\/29\/kollisjon-under-flyging-mellom-to-helikoptre-i-new-jersey-hva-vi-vet-om-dynamikken-videoen\/#primaryimage\"},\"thumbnailUrl\":\"https:\/\/nordnesrepublikken.no\/wp-content\/uploads\/2025\/12\/1767005446_Kollisjon-under-flyging-mellom-to-helikoptre-i-New-Jersey-hva-scaled.jpg\",\"datePublished\":\"2025-12-29T10:50:46+00:00\",\"dateModified\":\"2025-12-29T10:50:49+00:00\",\"breadcrumb\":{\"@id\":\"https:\/\/nordnesrepublikken.no\/index.php\/2025\/12\/29\/kollisjon-under-flyging-mellom-to-helikoptre-i-new-jersey-hva-vi-vet-om-dynamikken-videoen\/#breadcrumb\"},\"inLanguage\":\"nb-NO\",\"potentialAction\":[{\"@type\":\"ReadAction\",\"target\":[\"https:\/\/nordnesrepublikken.no\/index.php\/2025\/12\/29\/kollisjon-under-flyging-mellom-to-helikoptre-i-new-jersey-hva-vi-vet-om-dynamikken-videoen\/\"]}]},{\"@type\":\"ImageObject\",\"inLanguage\":\"nb-NO\",\"@id\":\"https:\/\/nordnesrepublikken.no\/index.php\/2025\/12\/29\/kollisjon-under-flyging-mellom-to-helikoptre-i-new-jersey-hva-vi-vet-om-dynamikken-videoen\/#primaryimage\",\"url\":\"https:\/\/nordnesrepublikken.no\/wp-content\/uploads\/2025\/12\/1767005446_Kollisjon-under-flyging-mellom-to-helikoptre-i-New-Jersey-hva-scaled.jpg\",\"contentUrl\":\"https:\/\/nordnesrepublikken.no\/wp-content\/uploads\/2025\/12\/1767005446_Kollisjon-under-flyging-mellom-to-helikoptre-i-New-Jersey-hva-scaled.jpg\",\"width\":2560,\"height\":1318,\"caption\":\"Kollisjon under flyging mellom to helikoptre i New Jersey, hva vi vet om dynamikken: videoen\"},{\"@type\":\"BreadcrumbList\",\"@id\":\"https:\/\/nordnesrepublikken.no\/index.php\/2025\/12\/29\/kollisjon-under-flyging-mellom-to-helikoptre-i-new-jersey-hva-vi-vet-om-dynamikken-videoen\/#breadcrumb\",\"itemListElement\":[{\"@type\":\"ListItem\",\"position\":1,\"name\":\"Home\",\"item\":\"https:\/\/nordnesrepublikken.no\/\"},{\"@type\":\"ListItem\",\"position\":2,\"name\":\"Kollisjon under flyging mellom to helikoptre i New Jersey, hva vi vet om dynamikken: videoen\"}]},{\"@type\":\"WebSite\",\"@id\":\"https:\/\/nordnesrepublikken.no\/#website\",\"url\":\"https:\/\/nordnesrepublikken.no\/\",\"name\":\"Nordnesrepublikken\",\"description\":\"Stemmer og Visjoner fra Republikkens Hjerte\",\"publisher\":{\"@id\":\"https:\/\/nordnesrepublikken.no\/#organization\"},\"potentialAction\":[{\"@type\":\"SearchAction\",\"target\":{\"@type\":\"EntryPoint\",\"urlTemplate\":\"https:\/\/nordnesrepublikken.no\/?s={search_term_string}\"},\"query-input\":{\"@type\":\"PropertyValueSpecification\",\"valueRequired\":true,\"valueName\":\"search_term_string\"}}],\"inLanguage\":\"nb-NO\"},{\"@type\":\"Organization\",\"@id\":\"https:\/\/nordnesrepublikken.no\/#organization\",\"name\":\"Nordnesrepublikken\",\"url\":\"https:\/\/nordnesrepublikken.no\/\",\"logo\":{\"@type\":\"ImageObject\",\"inLanguage\":\"nb-NO\",\"@id\":\"https:\/\/nordnesrepublikken.no\/#\/schema\/logo\/image\/\",\"url\":\"https:\/\/nordnesrepublikken.no\/wp-content\/uploads\/2025\/02\/cropped-nordnesrepublikken-2.png\",\"contentUrl\":\"https:\/\/nordnesrepublikken.no\/wp-content\/uploads\/2025\/02\/cropped-nordnesrepublikken-2.png\",\"width\":1248,\"height\":362,\"caption\":\"Nordnesrepublikken\"},\"image\":{\"@id\":\"https:\/\/nordnesrepublikken.no\/#\/schema\/logo\/image\/\"}},{\"@type\":\"Person\",\"@id\":\"https:\/\/nordnesrepublikken.no\/#\/schema\/person\/2e7e81935bab77882fffb79296240ff1\",\"name\":\"Ole Andersen\",\"image\":{\"@type\":\"ImageObject\",\"inLanguage\":\"nb-NO\",\"@id\":\"https:\/\/nordnesrepublikken.no\/#\/schema\/person\/image\/\",\"url\":\"https:\/\/nordnesrepublikken.no\/wp-content\/uploads\/2025\/02\/nordnesrepublikken-2-2-150x150.jpg\",\"contentUrl\":\"https:\/\/nordnesrepublikken.no\/wp-content\/uploads\/2025\/02\/nordnesrepublikken-2-2-150x150.jpg\",\"caption\":\"Ole Andersen\"},\"description\":\"Ettersom jeg vokste opp i Oslo, har jeg alltid v\u00e6rt fascinert av ordenes kraft og deres evne til \u00e5 skape endringer. Etter \u00e5 ha fullf\u00f8rt min utdannelse i kommunikasjon ved Universitetet i Bergen, fikk jeg muligheten til \u00e5 jobbe innen ulike medier, der jeg har s\u00f8kt \u00e5 belyse viktige samfunnssp\u00f8rsm\u00e5l. I dag, som redakt\u00f8r for Nordnesrepublikken, pr\u00f8ver jeg \u00e5 forene min kj\u00e6rlighet for journalistikk med min lidenskap for innovasjon og eventyr.\",\"sameAs\":[\"https:\/\/nordnesrepublikken.no\/\"]}]}<\/script>\n<!-- \/ Yoast SEO plugin. -->","yoast_head_json":{"title":"Kollisjon under flyging mellom to helikoptre i New Jersey, hva vi vet om dynamikken: videoen - Nordnesrepublikken","robots":{"index":"index","follow":"follow","max-snippet":"max-snippet:-1","max-image-preview":"max-image-preview:large","max-video-preview":"max-video-preview:-1"},"canonical":"https:\/\/nordnesrepublikken.no\/index.php\/2025\/12\/29\/kollisjon-under-flyging-mellom-to-helikoptre-i-new-jersey-hva-vi-vet-om-dynamikken-videoen\/","og_locale":"nb_NO","og_type":"article","og_title":"Kollisjon under flyging mellom to helikoptre i New Jersey, hva vi vet om dynamikken: videoen - Nordnesrepublikken","og_description":"To helikoptre kolliderte mens de fl\u00f8y i himmelen i New Jersey: if\u00f8lge det som ble","og_url":"https:\/\/nordnesrepublikken.no\/index.php\/2025\/12\/29\/kollisjon-under-flyging-mellom-to-helikoptre-i-new-jersey-hva-vi-vet-om-dynamikken-videoen\/","og_site_name":"Nordnesrepublikken","article_published_time":"2025-12-29T10:50:46+00:00","article_modified_time":"2025-12-29T10:50:49+00:00","og_image":[{"width":2560,"height":1318,"url":"https:\/\/nordnesrepublikken.no\/wp-content\/uploads\/2025\/12\/1767005446_Kollisjon-under-flyging-mellom-to-helikoptre-i-New-Jersey-hva-scaled.jpg","type":"image\/jpeg"}],"author":"Ole Andersen","twitter_card":"summary_large_image","twitter_misc":{"Skrevet av":"Ole Andersen","Ansl. lesetid":"1 minutt"},"schema":{"@context":"https:\/\/schema.org","@graph":[{"@type":"Article","@id":"https:\/\/nordnesrepublikken.no\/index.php\/2025\/12\/29\/kollisjon-under-flyging-mellom-to-helikoptre-i-new-jersey-hva-vi-vet-om-dynamikken-videoen\/#article","isPartOf":{"@id":"https:\/\/nordnesrepublikken.no\/index.php\/2025\/12\/29\/kollisjon-under-flyging-mellom-to-helikoptre-i-new-jersey-hva-vi-vet-om-dynamikken-videoen\/"},"author":{"name":"Ole Andersen","@id":"https:\/\/nordnesrepublikken.no\/#\/schema\/person\/2e7e81935bab77882fffb79296240ff1"},"headline":"Kollisjon under flyging mellom to helikoptre i New Jersey, hva vi vet om dynamikken: videoen","datePublished":"2025-12-29T10:50:46+00:00","dateModified":"2025-12-29T10:50:49+00:00","mainEntityOfPage":{"@id":"https:\/\/nordnesrepublikken.no\/index.php\/2025\/12\/29\/kollisjon-under-flyging-mellom-to-helikoptre-i-new-jersey-hva-vi-vet-om-dynamikken-videoen\/"},"wordCount":242,"publisher":{"@id":"https:\/\/nordnesrepublikken.no\/#organization"},"image":{"@id":"https:\/\/nordnesrepublikken.no\/index.php\/2025\/12\/29\/kollisjon-under-flyging-mellom-to-helikoptre-i-new-jersey-hva-vi-vet-om-dynamikken-videoen\/#primaryimage"},"thumbnailUrl":"https:\/\/nordnesrepublikken.no\/wp-content\/uploads\/2025\/12\/1767005446_Kollisjon-under-flyging-mellom-to-helikoptre-i-New-Jersey-hva-scaled.jpg","keywords":["dynamikken","flyging","helikoptre","Hva","Jersey","Kollisjon","mellom","vet","videoen"],"articleSection":["Samfunn"],"inLanguage":"nb-NO"},{"@type":"WebPage","@id":"https:\/\/nordnesrepublikken.no\/index.php\/2025\/12\/29\/kollisjon-under-flyging-mellom-to-helikoptre-i-new-jersey-hva-vi-vet-om-dynamikken-videoen\/","url":"https:\/\/nordnesrepublikken.no\/index.php\/2025\/12\/29\/kollisjon-under-flyging-mellom-to-helikoptre-i-new-jersey-hva-vi-vet-om-dynamikken-videoen\/","name":"Kollisjon under flyging mellom to helikoptre i New Jersey, hva vi vet om dynamikken: videoen - Nordnesrepublikken","isPartOf":{"@id":"https:\/\/nordnesrepublikken.no\/#website"},"primaryImageOfPage":{"@id":"https:\/\/nordnesrepublikken.no\/index.php\/2025\/12\/29\/kollisjon-under-flyging-mellom-to-helikoptre-i-new-jersey-hva-vi-vet-om-dynamikken-videoen\/#primaryimage"},"image":{"@id":"https:\/\/nordnesrepublikken.no\/index.php\/2025\/12\/29\/kollisjon-under-flyging-mellom-to-helikoptre-i-new-jersey-hva-vi-vet-om-dynamikken-videoen\/#primaryimage"},"thumbnailUrl":"https:\/\/nordnesrepublikken.no\/wp-content\/uploads\/2025\/12\/1767005446_Kollisjon-under-flyging-mellom-to-helikoptre-i-New-Jersey-hva-scaled.jpg","datePublished":"2025-12-29T10:50:46+00:00","dateModified":"2025-12-29T10:50:49+00:00","breadcrumb":{"@id":"https:\/\/nordnesrepublikken.no\/index.php\/2025\/12\/29\/kollisjon-under-flyging-mellom-to-helikoptre-i-new-jersey-hva-vi-vet-om-dynamikken-videoen\/#breadcrumb"},"inLanguage":"nb-NO","potentialAction":[{"@type":"ReadAction","target":["https:\/\/nordnesrepublikken.no\/index.php\/2025\/12\/29\/kollisjon-under-flyging-mellom-to-helikoptre-i-new-jersey-hva-vi-vet-om-dynamikken-videoen\/"]}]},{"@type":"ImageObject","inLanguage":"nb-NO","@id":"https:\/\/nordnesrepublikken.no\/index.php\/2025\/12\/29\/kollisjon-under-flyging-mellom-to-helikoptre-i-new-jersey-hva-vi-vet-om-dynamikken-videoen\/#primaryimage","url":"https:\/\/nordnesrepublikken.no\/wp-content\/uploads\/2025\/12\/1767005446_Kollisjon-under-flyging-mellom-to-helikoptre-i-New-Jersey-hva-scaled.jpg","contentUrl":"https:\/\/nordnesrepublikken.no\/wp-content\/uploads\/2025\/12\/1767005446_Kollisjon-under-flyging-mellom-to-helikoptre-i-New-Jersey-hva-scaled.jpg","width":2560,"height":1318,"caption":"Kollisjon under flyging mellom to helikoptre i New Jersey, hva vi vet om dynamikken: videoen"},{"@type":"BreadcrumbList","@id":"https:\/\/nordnesrepublikken.no\/index.php\/2025\/12\/29\/kollisjon-under-flyging-mellom-to-helikoptre-i-new-jersey-hva-vi-vet-om-dynamikken-videoen\/#breadcrumb","itemListElement":[{"@type":"ListItem","position":1,"name":"Home","item":"https:\/\/nordnesrepublikken.no\/"},{"@type":"ListItem","position":2,"name":"Kollisjon under flyging mellom to helikoptre i New Jersey, hva vi vet om dynamikken: videoen"}]},{"@type":"WebSite","@id":"https:\/\/nordnesrepublikken.no\/#website","url":"https:\/\/nordnesrepublikken.no\/","name":"Nordnesrepublikken","description":"Stemmer og Visjoner fra Republikkens Hjerte","publisher":{"@id":"https:\/\/nordnesrepublikken.no\/#organization"},"potentialAction":[{"@type":"SearchAction","target":{"@type":"EntryPoint","urlTemplate":"https:\/\/nordnesrepublikken.no\/?s={search_term_string}"},"query-input":{"@type":"PropertyValueSpecification","valueRequired":true,"valueName":"search_term_string"}}],"inLanguage":"nb-NO"},{"@type":"Organization","@id":"https:\/\/nordnesrepublikken.no\/#organization","name":"Nordnesrepublikken","url":"https:\/\/nordnesrepublikken.no\/","logo":{"@type":"ImageObject","inLanguage":"nb-NO","@id":"https:\/\/nordnesrepublikken.no\/#\/schema\/logo\/image\/","url":"https:\/\/nordnesrepublikken.no\/wp-content\/uploads\/2025\/02\/cropped-nordnesrepublikken-2.png","contentUrl":"https:\/\/nordnesrepublikken.no\/wp-content\/uploads\/2025\/02\/cropped-nordnesrepublikken-2.png","width":1248,"height":362,"caption":"Nordnesrepublikken"},"image":{"@id":"https:\/\/nordnesrepublikken.no\/#\/schema\/logo\/image\/"}},{"@type":"Person","@id":"https:\/\/nordnesrepublikken.no\/#\/schema\/person\/2e7e81935bab77882fffb79296240ff1","name":"Ole Andersen","image":{"@type":"ImageObject","inLanguage":"nb-NO","@id":"https:\/\/nordnesrepublikken.no\/#\/schema\/person\/image\/","url":"https:\/\/nordnesrepublikken.no\/wp-content\/uploads\/2025\/02\/nordnesrepublikken-2-2-150x150.jpg","contentUrl":"https:\/\/nordnesrepublikken.no\/wp-content\/uploads\/2025\/02\/nordnesrepublikken-2-2-150x150.jpg","caption":"Ole Andersen"},"description":"Ettersom jeg vokste opp i Oslo, har jeg alltid v\u00e6rt fascinert av ordenes kraft og deres evne til \u00e5 skape endringer. Etter \u00e5 ha fullf\u00f8rt min utdannelse i kommunikasjon ved Universitetet i Bergen, fikk jeg muligheten til \u00e5 jobbe innen ulike medier, der jeg har s\u00f8kt \u00e5 belyse viktige samfunnssp\u00f8rsm\u00e5l. I dag, som redakt\u00f8r for Nordnesrepublikken, pr\u00f8ver jeg \u00e5 forene min kj\u00e6rlighet for journalistikk med min lidenskap for innovasjon og eventyr.","sameAs":["https:\/\/nordnesrepublikken.no\/"]}]}},"_links":{"self":[{"href":"https:\/\/nordnesrepublikken.no\/index.php\/wp-json\/wp\/v2\/posts\/13308","targetHints":{"allow":["GET"]}}],"collection":[{"href":"https:\/\/nordnesrepublikken.no\/index.php\/wp-json\/wp\/v2\/posts"}],"about":[{"href":"https:\/\/nordnesrepublikken.no\/index.php\/wp-json\/wp\/v2\/types\/post"}],"author":[{"embeddable":true,"href":"https:\/\/nordnesrepublikken.no\/index.php\/wp-json\/wp\/v2\/users\/1"}],"replies":[{"embeddable":true,"href":"https:\/\/nordnesrepublikken.no\/index.php\/wp-json\/wp\/v2\/comments?post=13308"}],"version-history":[{"count":1,"href":"https:\/\/nordnesrepublikken.no\/index.php\/wp-json\/wp\/v2\/posts\/13308\/revisions"}],"predecessor-version":[{"id":13310,"href":"https:\/\/nordnesrepublikken.no\/index.php\/wp-json\/wp\/v2\/posts\/13308\/revisions\/13310"}],"wp:featuredmedia":[{"embeddable":true,"href":"https:\/\/nordnesrepublikken.no\/index.php\/wp-json\/wp\/v2\/media\/13309"}],"wp:attachment":[{"href":"https:\/\/nordnesrepublikken.no\/index.php\/wp-json\/wp\/v2\/media?parent=13308"}],"wp:term":[{"taxonomy":"category","embeddable":true,"href":"https:\/\/nordnesrepublikken.no\/index.php\/wp-json\/wp\/v2\/categories?post=13308"},{"taxonomy":"post_tag","embeddable":true,"href":"https:\/\/nordnesrepublikken.no\/index.php\/wp-json\/wp\/v2\/tags?post=13308"}],"curies":[{"name":"wp","href":"https:\/\/api.w.org\/{rel}","templated":true}]}}