{"id":13294,"date":"2025-12-29T00:51:08","date_gmt":"2025-12-28T23:51:08","guid":{"rendered":"https:\/\/nordnesrepublikken.no\/index.php\/2025\/12\/29\/hva-indikerer-denne-apne-krukken-om-kosmetikk-og-hvorfor-er-den-viktig\/"},"modified":"2025-12-29T00:51:14","modified_gmt":"2025-12-28T23:51:14","slug":"hva-indikerer-denne-apne-krukken-om-kosmetikk-og-hvorfor-er-den-viktig","status":"publish","type":"post","link":"https:\/\/nordnesrepublikken.no\/index.php\/2025\/12\/29\/hva-indikerer-denne-apne-krukken-om-kosmetikk-og-hvorfor-er-den-viktig\/","title":{"rendered":"Hva indikerer denne \u00e5pne krukken om kosmetikk og hvorfor er den viktig"},"content":{"rendered":"<div>\n<div class=\"cp_wrapper cp_wrapper--fw mb-30 mb-20@tablet\">\n<figure class=\"mm\"><picture class=\"img\" style=\"padding-top:56.25%\"><source  media=\"(min-width: 1024px)\"><source  media=\"(min-width: 768px)\"><\/source><\/source><\/picture><\/figure>\n<\/p><\/div>\n<p>Du kjenner bildet av en <strong>\u00e5pen krukke<\/strong> p\u00e5 favorittkremen eller -rensen din? Inne er det vanligvis skrevet guder <strong>tall<\/strong>. Men hva er de og hva er de for? Det handler om <b>PAO<\/b>, <em>Periode etter \u00e5pning<\/em>dvs. den maksimale perioden etter \u00e5pning der produktet fortsatt er trygt \u00e5 bruke. Faktisk, n\u00e5r de fortsatt er forseglet, har mange kosmetikk utmerket holdbarhet, men n\u00e5r de <strong>la oss \u00e5pne<\/strong> komme i kontakt med det ytre milj\u00f8, med hendene v\u00e5re ofte fulle av bakterier og kan <b>nedbrytes, blir forurenset eller mister effektivitet<\/b>. Dette er grunnen til at PAO er satt inn i stedet for utl\u00f8psdatoen: for \u00e5 definere den, m\u00e5 bedrifter utf\u00f8re ulike tester med tanke p\u00e5 stabiliteten til konserveringsmidlene, typen og normale bruksforhold for produktet og en rekke andre variabler.<\/p>\n<h2>Hvilke kosmetiske produkter har PAO grafisk symbol<\/h2>\n<p>Premiss: ikke all kosmetikk har utmerket holdbarhet. For \u00e5 forst\u00e5 noe m\u00e5 vi vende oss til <b>Forordning (EF) 1223\/2009<\/b>den europeiske reguleringsbibelen for kosmetikk, som etablerer felles regler for hele EU ang\u00e5ende sammensetning, sikkerhet, merking, varslinger, <b>forbud mot farlige stoffer<\/b>sikkerhetsvurderingsforpliktelser og s\u00e5 videre. Forskriften krever generelt angivelse av <b>minimum holdbarhetsdato<\/b> p\u00e5 kosmetikk: det vil si datoen da det ville v\u00e6re best \u00e5 bruke kremen din (fremdeles u\u00e5pnet), forutsatt at du har den<b> lagret under passende forhold<\/b>.<\/p>\n<p>Men hvis denne datoen <b>over 30 m\u00e5neder<\/b>da er det ikke lenger n\u00f8dvendig, men forbrukerne m\u00e5 informeres om hva som skjer n\u00e5r kremen eller aftershave \u00e5pnes! Det er der PAO kommer inn, alts\u00e5<b> perioden etter \u00e5pning hvor produktet forblir trygt <\/b>og representerer ikke en risiko for helsen v\u00e5r.<\/p>\n<p>Det er ofte representert med en <b>\u00e5pen krukke<\/b> med et tall og en M skrevet inni eller ved siden av (for eksempel &laquo;6M&raquo; eller &laquo;12M&raquo;) for \u00e5 angi maksimalt antall m\u00e5neder du kan bruke produktet uten risiko. N\u00e5 er sp\u00f8rsm\u00e5let: husker du hvor lenge siden du \u00e5pnet solkremen, aftershave eller den splitter nye leppestiften med en iriserende farge som s\u00e5 ble glemt? Kanskje det er p\u00e5 tide \u00e5 g\u00e5 og sjekke det ut.<\/p>\n<div class=\"cp_wrapper cp_wrapper--fw mb-50\">\n<figure class=\"mm\"><picture class=\"img\" style=\"padding-top:55.813953488372%\"><source  media=\"(min-width: 1024px)\"><source  media=\"(min-width: 768px)\"><img decoding=\"async\" loading=\"lazy\" src=\"https:\/\/nordnesrepublikken.no\/wp-content\/uploads\/2025\/12\/1766965868_260_Hva-indikerer-denne-apne-krukken-om-kosmetikk-og-hvorfor-er.jpg\" alt=\"Bilde\" width=\"1376\" height=\"768\"\/><\/source><\/source><\/picture><\/figure>\n<\/p><\/div>\n<h2>Hva skjer med en \u00e5pnet kosmetikk<\/h2>\n<p>Det ironiske svaret: livet. \u00d8nsket \u00e5 v\u00e6re presis og vitenskapelig korrekt, en gang \u00e5pnet, v\u00e5r kosmetikk <b>kommer i kontakt med det ytre milj\u00f8<\/b> og gjennomg\u00e5r ulike nedbrytningsprosesser. Oksygenet som er tilstede i luften kan indusere oksidasjonsprosesser, bryte ned molekylene som finnes i produktet, eventuelt fett kan harske og en hel rekke kjemisk-fysiske nedbrytninger kan oppst\u00e5 som i beste fall <b>redusere effektiviteten<\/b> av favorittkremen din. I verste fall <b>kan for\u00e5rsake irritasjon og skade p\u00e5 huden<\/b>.<\/p>\n<p>Videre kan det v\u00e6re forurenset av <b>mikroorganismer <\/b>som p\u00e5virker kvaliteten og sikkerheten deres, spesielt for de krukkede produktene der vi m\u00e5 &laquo;dyppe&raquo; fingeren hver gang for \u00e5 plukke dem opp og p\u00e5f\u00f8re dem (faktisk kan du noen ganger finne spesielle spatler for bruken, som vi imidlertid etterlater utenfor utsatt for milj\u00f8et, s\u00e5 problemet vedvarer).<\/p>\n<h2>Hvordan beregnes perioden etter \u00e5pning?<\/h2>\n<p>Det er ingen entydige indikasjoner, men selskaper er p\u00e5lagt \u00e5 f\u00f8lge ikke bare det europeiske direktivet, men ogs\u00e5 indikasjonene fra Scientific Committee on Consumer Safety (SCCS).<\/p>\n<p>F\u00f8rst av alt m\u00e5 produsentene utsette kosmetikken for ulike tester <b>mikrobiologiske, sikkerhets- og stabilitetstester <\/b>av den intakte pakken for \u00e5 evaluere minimum holdbarhet. Hvis den, som vi sa, overskrider 30 m\u00e5neder, begynner den virkelige utfordringen for kremen v\u00e5r, fordi produsentene m\u00e5 se om den holder seg stabil.<b> selv under forhold der en normal person ville brukt den! <\/b><\/p>\n<p>Den utsettes for <b>utfordringspr\u00f8ve<\/b>det vil si at den er spesielt lastet med bakterier for \u00e5 se om konserveringssystemet holder stand. Deretter blir det stresset til forskjellige milj\u00f8forhold: eksponering for lys, temperaturer, fuktighet. Evaluering er grunnleggende <b>hvor produktet p\u00e5f\u00f8res<\/b>hvor mange ganger om dagen, hvor lagres det potensielt av forbrukeren (p\u00e5 badet eller soverommet? Har han det i vesken eller lar han det ligge i bilen?), <b>hvem som bruker det<\/b> (en enkelt person eller hele familien, og derfor er det potensielt st\u00f8rre risiko for kontaminering?).<\/p>\n<h2>N\u00e5r PAO ikke er obligatorisk<\/h2>\n<p>Noen produkter er unntatt ikke bare fra minimumsholdbarheten, men ogs\u00e5 fra PAO. De er for eksempel jeg <b>produkter i trykkbeholdere<\/b>. Tenk p\u00e5 aerosol deodoranter, som fysisk ikke kan \u00e5pnes og <b>de kommer aldri i kontakt med det ytre milj\u00f8<\/b>derfor st\u00e5r de ikke i fare for \u00e5 bli forringet.<\/p>\n<p>En annen produktkategori som ikke krever PAO er produkter <b>engangs<\/b>slik som pr\u00f8ver eller hetteglass. I disse tilfellene, siden produktet m\u00e5 \u00e5pnes og brukes umiddelbart, gir det ingen mening \u00e5 angi en &laquo;utl\u00f8psdato&raquo; etter \u00e5pning.<\/p>\n<\/p><\/div>\n","protected":false},"excerpt":{"rendered":"<p>Du kjenner bildet av en \u00e5pen krukke p\u00e5 favorittkremen eller -rensen din? Inne er det<\/p>\n","protected":false},"author":1,"featured_media":13295,"comment_status":"closed","ping_status":"open","sticky":false,"template":"","format":"standard","meta":{"footnotes":""},"categories":[24],"tags":[518,74,1717,144,101,8754,2519,8755,395],"class_list":["post-13294","post","type-post","status-publish","format-standard","has-post-thumbnail","hentry","category-vitenskap","tag-apne","tag-den","tag-denne","tag-hva","tag-hvorfor","tag-indikerer","tag-kosmetikk","tag-krukken","tag-viktig","generate-columns","tablet-grid-50","mobile-grid-100","grid-parent","grid-33","resize-featured-image"],"yoast_head":"<!-- This site is optimized with the Yoast SEO plugin v24.4 - https:\/\/yoast.com\/wordpress\/plugins\/seo\/ -->\n<title>Hva indikerer denne \u00e5pne krukken om kosmetikk og hvorfor er den viktig - Nordnesrepublikken<\/title>\n<meta name=\"robots\" content=\"index, follow, max-snippet:-1, max-image-preview:large, max-video-preview:-1\" \/>\n<link rel=\"canonical\" href=\"https:\/\/nordnesrepublikken.no\/index.php\/2025\/12\/29\/hva-indikerer-denne-apne-krukken-om-kosmetikk-og-hvorfor-er-den-viktig\/\" \/>\n<meta property=\"og:locale\" content=\"nb_NO\" \/>\n<meta property=\"og:type\" content=\"article\" \/>\n<meta property=\"og:title\" content=\"Hva indikerer denne \u00e5pne krukken om kosmetikk og hvorfor er den viktig - Nordnesrepublikken\" \/>\n<meta property=\"og:description\" content=\"Du kjenner bildet av en \u00e5pen krukke p\u00e5 favorittkremen eller -rensen din? Inne er det\" \/>\n<meta property=\"og:url\" content=\"https:\/\/nordnesrepublikken.no\/index.php\/2025\/12\/29\/hva-indikerer-denne-apne-krukken-om-kosmetikk-og-hvorfor-er-den-viktig\/\" \/>\n<meta property=\"og:site_name\" content=\"Nordnesrepublikken\" \/>\n<meta property=\"article:published_time\" content=\"2025-12-28T23:51:08+00:00\" \/>\n<meta property=\"article:modified_time\" content=\"2025-12-28T23:51:14+00:00\" \/>\n<meta property=\"og:image\" content=\"https:\/\/nordnesrepublikken.no\/wp-content\/uploads\/2025\/12\/1766965869_Hva-indikerer-denne-apne-krukken-om-kosmetikk-og-hvorfor-er-scaled.jpg\" \/>\n\t<meta property=\"og:image:width\" content=\"2560\" \/>\n\t<meta property=\"og:image:height\" content=\"1920\" \/>\n\t<meta property=\"og:image:type\" content=\"image\/jpeg\" \/>\n<meta name=\"author\" content=\"Ole Andersen\" \/>\n<meta name=\"twitter:card\" content=\"summary_large_image\" \/>\n<meta name=\"twitter:label1\" content=\"Skrevet av\" \/>\n\t<meta name=\"twitter:data1\" content=\"Ole Andersen\" \/>\n\t<meta name=\"twitter:label2\" content=\"Ansl. lesetid\" \/>\n\t<meta name=\"twitter:data2\" content=\"4 minutter\" \/>\n<script type=\"application\/ld+json\" class=\"yoast-schema-graph\">{\"@context\":\"https:\/\/schema.org\",\"@graph\":[{\"@type\":\"Article\",\"@id\":\"https:\/\/nordnesrepublikken.no\/index.php\/2025\/12\/29\/hva-indikerer-denne-apne-krukken-om-kosmetikk-og-hvorfor-er-den-viktig\/#article\",\"isPartOf\":{\"@id\":\"https:\/\/nordnesrepublikken.no\/index.php\/2025\/12\/29\/hva-indikerer-denne-apne-krukken-om-kosmetikk-og-hvorfor-er-den-viktig\/\"},\"author\":{\"name\":\"Ole Andersen\",\"@id\":\"https:\/\/nordnesrepublikken.no\/#\/schema\/person\/2e7e81935bab77882fffb79296240ff1\"},\"headline\":\"Hva indikerer denne \u00e5pne krukken om kosmetikk og hvorfor er den viktig\",\"datePublished\":\"2025-12-28T23:51:08+00:00\",\"dateModified\":\"2025-12-28T23:51:14+00:00\",\"mainEntityOfPage\":{\"@id\":\"https:\/\/nordnesrepublikken.no\/index.php\/2025\/12\/29\/hva-indikerer-denne-apne-krukken-om-kosmetikk-og-hvorfor-er-den-viktig\/\"},\"wordCount\":755,\"publisher\":{\"@id\":\"https:\/\/nordnesrepublikken.no\/#organization\"},\"image\":{\"@id\":\"https:\/\/nordnesrepublikken.no\/index.php\/2025\/12\/29\/hva-indikerer-denne-apne-krukken-om-kosmetikk-og-hvorfor-er-den-viktig\/#primaryimage\"},\"thumbnailUrl\":\"https:\/\/nordnesrepublikken.no\/wp-content\/uploads\/2025\/12\/1766965869_Hva-indikerer-denne-apne-krukken-om-kosmetikk-og-hvorfor-er-scaled.jpg\",\"keywords\":[\"\u00e5pne\",\"den\",\"denne\",\"Hva\",\"hvorfor\",\"indikerer\",\"kosmetikk\",\"krukken\",\"viktig\"],\"articleSection\":[\"Vitenskap\"],\"inLanguage\":\"nb-NO\"},{\"@type\":\"WebPage\",\"@id\":\"https:\/\/nordnesrepublikken.no\/index.php\/2025\/12\/29\/hva-indikerer-denne-apne-krukken-om-kosmetikk-og-hvorfor-er-den-viktig\/\",\"url\":\"https:\/\/nordnesrepublikken.no\/index.php\/2025\/12\/29\/hva-indikerer-denne-apne-krukken-om-kosmetikk-og-hvorfor-er-den-viktig\/\",\"name\":\"Hva indikerer denne \u00e5pne krukken om kosmetikk og hvorfor er den viktig - Nordnesrepublikken\",\"isPartOf\":{\"@id\":\"https:\/\/nordnesrepublikken.no\/#website\"},\"primaryImageOfPage\":{\"@id\":\"https:\/\/nordnesrepublikken.no\/index.php\/2025\/12\/29\/hva-indikerer-denne-apne-krukken-om-kosmetikk-og-hvorfor-er-den-viktig\/#primaryimage\"},\"image\":{\"@id\":\"https:\/\/nordnesrepublikken.no\/index.php\/2025\/12\/29\/hva-indikerer-denne-apne-krukken-om-kosmetikk-og-hvorfor-er-den-viktig\/#primaryimage\"},\"thumbnailUrl\":\"https:\/\/nordnesrepublikken.no\/wp-content\/uploads\/2025\/12\/1766965869_Hva-indikerer-denne-apne-krukken-om-kosmetikk-og-hvorfor-er-scaled.jpg\",\"datePublished\":\"2025-12-28T23:51:08+00:00\",\"dateModified\":\"2025-12-28T23:51:14+00:00\",\"breadcrumb\":{\"@id\":\"https:\/\/nordnesrepublikken.no\/index.php\/2025\/12\/29\/hva-indikerer-denne-apne-krukken-om-kosmetikk-og-hvorfor-er-den-viktig\/#breadcrumb\"},\"inLanguage\":\"nb-NO\",\"potentialAction\":[{\"@type\":\"ReadAction\",\"target\":[\"https:\/\/nordnesrepublikken.no\/index.php\/2025\/12\/29\/hva-indikerer-denne-apne-krukken-om-kosmetikk-og-hvorfor-er-den-viktig\/\"]}]},{\"@type\":\"ImageObject\",\"inLanguage\":\"nb-NO\",\"@id\":\"https:\/\/nordnesrepublikken.no\/index.php\/2025\/12\/29\/hva-indikerer-denne-apne-krukken-om-kosmetikk-og-hvorfor-er-den-viktig\/#primaryimage\",\"url\":\"https:\/\/nordnesrepublikken.no\/wp-content\/uploads\/2025\/12\/1766965869_Hva-indikerer-denne-apne-krukken-om-kosmetikk-og-hvorfor-er-scaled.jpg\",\"contentUrl\":\"https:\/\/nordnesrepublikken.no\/wp-content\/uploads\/2025\/12\/1766965869_Hva-indikerer-denne-apne-krukken-om-kosmetikk-og-hvorfor-er-scaled.jpg\",\"width\":2560,\"height\":1920,\"caption\":\"Hva indikerer denne \u00e5pne krukken om kosmetikk og hvorfor er den viktig\"},{\"@type\":\"BreadcrumbList\",\"@id\":\"https:\/\/nordnesrepublikken.no\/index.php\/2025\/12\/29\/hva-indikerer-denne-apne-krukken-om-kosmetikk-og-hvorfor-er-den-viktig\/#breadcrumb\",\"itemListElement\":[{\"@type\":\"ListItem\",\"position\":1,\"name\":\"Home\",\"item\":\"https:\/\/nordnesrepublikken.no\/\"},{\"@type\":\"ListItem\",\"position\":2,\"name\":\"Hva indikerer denne \u00e5pne krukken om kosmetikk og hvorfor er den viktig\"}]},{\"@type\":\"WebSite\",\"@id\":\"https:\/\/nordnesrepublikken.no\/#website\",\"url\":\"https:\/\/nordnesrepublikken.no\/\",\"name\":\"Nordnesrepublikken\",\"description\":\"Stemmer og Visjoner fra Republikkens Hjerte\",\"publisher\":{\"@id\":\"https:\/\/nordnesrepublikken.no\/#organization\"},\"potentialAction\":[{\"@type\":\"SearchAction\",\"target\":{\"@type\":\"EntryPoint\",\"urlTemplate\":\"https:\/\/nordnesrepublikken.no\/?s={search_term_string}\"},\"query-input\":{\"@type\":\"PropertyValueSpecification\",\"valueRequired\":true,\"valueName\":\"search_term_string\"}}],\"inLanguage\":\"nb-NO\"},{\"@type\":\"Organization\",\"@id\":\"https:\/\/nordnesrepublikken.no\/#organization\",\"name\":\"Nordnesrepublikken\",\"url\":\"https:\/\/nordnesrepublikken.no\/\",\"logo\":{\"@type\":\"ImageObject\",\"inLanguage\":\"nb-NO\",\"@id\":\"https:\/\/nordnesrepublikken.no\/#\/schema\/logo\/image\/\",\"url\":\"https:\/\/nordnesrepublikken.no\/wp-content\/uploads\/2025\/02\/cropped-nordnesrepublikken-2.png\",\"contentUrl\":\"https:\/\/nordnesrepublikken.no\/wp-content\/uploads\/2025\/02\/cropped-nordnesrepublikken-2.png\",\"width\":1248,\"height\":362,\"caption\":\"Nordnesrepublikken\"},\"image\":{\"@id\":\"https:\/\/nordnesrepublikken.no\/#\/schema\/logo\/image\/\"}},{\"@type\":\"Person\",\"@id\":\"https:\/\/nordnesrepublikken.no\/#\/schema\/person\/2e7e81935bab77882fffb79296240ff1\",\"name\":\"Ole Andersen\",\"image\":{\"@type\":\"ImageObject\",\"inLanguage\":\"nb-NO\",\"@id\":\"https:\/\/nordnesrepublikken.no\/#\/schema\/person\/image\/\",\"url\":\"https:\/\/nordnesrepublikken.no\/wp-content\/uploads\/2025\/02\/nordnesrepublikken-2-2-150x150.jpg\",\"contentUrl\":\"https:\/\/nordnesrepublikken.no\/wp-content\/uploads\/2025\/02\/nordnesrepublikken-2-2-150x150.jpg\",\"caption\":\"Ole Andersen\"},\"description\":\"Ettersom jeg vokste opp i Oslo, har jeg alltid v\u00e6rt fascinert av ordenes kraft og deres evne til \u00e5 skape endringer. Etter \u00e5 ha fullf\u00f8rt min utdannelse i kommunikasjon ved Universitetet i Bergen, fikk jeg muligheten til \u00e5 jobbe innen ulike medier, der jeg har s\u00f8kt \u00e5 belyse viktige samfunnssp\u00f8rsm\u00e5l. I dag, som redakt\u00f8r for Nordnesrepublikken, pr\u00f8ver jeg \u00e5 forene min kj\u00e6rlighet for journalistikk med min lidenskap for innovasjon og eventyr.\",\"sameAs\":[\"https:\/\/nordnesrepublikken.no\/\"]}]}<\/script>\n<!-- \/ Yoast SEO plugin. -->","yoast_head_json":{"title":"Hva indikerer denne \u00e5pne krukken om kosmetikk og hvorfor er den viktig - Nordnesrepublikken","robots":{"index":"index","follow":"follow","max-snippet":"max-snippet:-1","max-image-preview":"max-image-preview:large","max-video-preview":"max-video-preview:-1"},"canonical":"https:\/\/nordnesrepublikken.no\/index.php\/2025\/12\/29\/hva-indikerer-denne-apne-krukken-om-kosmetikk-og-hvorfor-er-den-viktig\/","og_locale":"nb_NO","og_type":"article","og_title":"Hva indikerer denne \u00e5pne krukken om kosmetikk og hvorfor er den viktig - Nordnesrepublikken","og_description":"Du kjenner bildet av en \u00e5pen krukke p\u00e5 favorittkremen eller -rensen din? Inne er det","og_url":"https:\/\/nordnesrepublikken.no\/index.php\/2025\/12\/29\/hva-indikerer-denne-apne-krukken-om-kosmetikk-og-hvorfor-er-den-viktig\/","og_site_name":"Nordnesrepublikken","article_published_time":"2025-12-28T23:51:08+00:00","article_modified_time":"2025-12-28T23:51:14+00:00","og_image":[{"width":2560,"height":1920,"url":"https:\/\/nordnesrepublikken.no\/wp-content\/uploads\/2025\/12\/1766965869_Hva-indikerer-denne-apne-krukken-om-kosmetikk-og-hvorfor-er-scaled.jpg","type":"image\/jpeg"}],"author":"Ole Andersen","twitter_card":"summary_large_image","twitter_misc":{"Skrevet av":"Ole Andersen","Ansl. lesetid":"4 minutter"},"schema":{"@context":"https:\/\/schema.org","@graph":[{"@type":"Article","@id":"https:\/\/nordnesrepublikken.no\/index.php\/2025\/12\/29\/hva-indikerer-denne-apne-krukken-om-kosmetikk-og-hvorfor-er-den-viktig\/#article","isPartOf":{"@id":"https:\/\/nordnesrepublikken.no\/index.php\/2025\/12\/29\/hva-indikerer-denne-apne-krukken-om-kosmetikk-og-hvorfor-er-den-viktig\/"},"author":{"name":"Ole Andersen","@id":"https:\/\/nordnesrepublikken.no\/#\/schema\/person\/2e7e81935bab77882fffb79296240ff1"},"headline":"Hva indikerer denne \u00e5pne krukken om kosmetikk og hvorfor er den viktig","datePublished":"2025-12-28T23:51:08+00:00","dateModified":"2025-12-28T23:51:14+00:00","mainEntityOfPage":{"@id":"https:\/\/nordnesrepublikken.no\/index.php\/2025\/12\/29\/hva-indikerer-denne-apne-krukken-om-kosmetikk-og-hvorfor-er-den-viktig\/"},"wordCount":755,"publisher":{"@id":"https:\/\/nordnesrepublikken.no\/#organization"},"image":{"@id":"https:\/\/nordnesrepublikken.no\/index.php\/2025\/12\/29\/hva-indikerer-denne-apne-krukken-om-kosmetikk-og-hvorfor-er-den-viktig\/#primaryimage"},"thumbnailUrl":"https:\/\/nordnesrepublikken.no\/wp-content\/uploads\/2025\/12\/1766965869_Hva-indikerer-denne-apne-krukken-om-kosmetikk-og-hvorfor-er-scaled.jpg","keywords":["\u00e5pne","den","denne","Hva","hvorfor","indikerer","kosmetikk","krukken","viktig"],"articleSection":["Vitenskap"],"inLanguage":"nb-NO"},{"@type":"WebPage","@id":"https:\/\/nordnesrepublikken.no\/index.php\/2025\/12\/29\/hva-indikerer-denne-apne-krukken-om-kosmetikk-og-hvorfor-er-den-viktig\/","url":"https:\/\/nordnesrepublikken.no\/index.php\/2025\/12\/29\/hva-indikerer-denne-apne-krukken-om-kosmetikk-og-hvorfor-er-den-viktig\/","name":"Hva indikerer denne \u00e5pne krukken om kosmetikk og hvorfor er den viktig - Nordnesrepublikken","isPartOf":{"@id":"https:\/\/nordnesrepublikken.no\/#website"},"primaryImageOfPage":{"@id":"https:\/\/nordnesrepublikken.no\/index.php\/2025\/12\/29\/hva-indikerer-denne-apne-krukken-om-kosmetikk-og-hvorfor-er-den-viktig\/#primaryimage"},"image":{"@id":"https:\/\/nordnesrepublikken.no\/index.php\/2025\/12\/29\/hva-indikerer-denne-apne-krukken-om-kosmetikk-og-hvorfor-er-den-viktig\/#primaryimage"},"thumbnailUrl":"https:\/\/nordnesrepublikken.no\/wp-content\/uploads\/2025\/12\/1766965869_Hva-indikerer-denne-apne-krukken-om-kosmetikk-og-hvorfor-er-scaled.jpg","datePublished":"2025-12-28T23:51:08+00:00","dateModified":"2025-12-28T23:51:14+00:00","breadcrumb":{"@id":"https:\/\/nordnesrepublikken.no\/index.php\/2025\/12\/29\/hva-indikerer-denne-apne-krukken-om-kosmetikk-og-hvorfor-er-den-viktig\/#breadcrumb"},"inLanguage":"nb-NO","potentialAction":[{"@type":"ReadAction","target":["https:\/\/nordnesrepublikken.no\/index.php\/2025\/12\/29\/hva-indikerer-denne-apne-krukken-om-kosmetikk-og-hvorfor-er-den-viktig\/"]}]},{"@type":"ImageObject","inLanguage":"nb-NO","@id":"https:\/\/nordnesrepublikken.no\/index.php\/2025\/12\/29\/hva-indikerer-denne-apne-krukken-om-kosmetikk-og-hvorfor-er-den-viktig\/#primaryimage","url":"https:\/\/nordnesrepublikken.no\/wp-content\/uploads\/2025\/12\/1766965869_Hva-indikerer-denne-apne-krukken-om-kosmetikk-og-hvorfor-er-scaled.jpg","contentUrl":"https:\/\/nordnesrepublikken.no\/wp-content\/uploads\/2025\/12\/1766965869_Hva-indikerer-denne-apne-krukken-om-kosmetikk-og-hvorfor-er-scaled.jpg","width":2560,"height":1920,"caption":"Hva indikerer denne \u00e5pne krukken om kosmetikk og hvorfor er den viktig"},{"@type":"BreadcrumbList","@id":"https:\/\/nordnesrepublikken.no\/index.php\/2025\/12\/29\/hva-indikerer-denne-apne-krukken-om-kosmetikk-og-hvorfor-er-den-viktig\/#breadcrumb","itemListElement":[{"@type":"ListItem","position":1,"name":"Home","item":"https:\/\/nordnesrepublikken.no\/"},{"@type":"ListItem","position":2,"name":"Hva indikerer denne \u00e5pne krukken om kosmetikk og hvorfor er den viktig"}]},{"@type":"WebSite","@id":"https:\/\/nordnesrepublikken.no\/#website","url":"https:\/\/nordnesrepublikken.no\/","name":"Nordnesrepublikken","description":"Stemmer og Visjoner fra Republikkens Hjerte","publisher":{"@id":"https:\/\/nordnesrepublikken.no\/#organization"},"potentialAction":[{"@type":"SearchAction","target":{"@type":"EntryPoint","urlTemplate":"https:\/\/nordnesrepublikken.no\/?s={search_term_string}"},"query-input":{"@type":"PropertyValueSpecification","valueRequired":true,"valueName":"search_term_string"}}],"inLanguage":"nb-NO"},{"@type":"Organization","@id":"https:\/\/nordnesrepublikken.no\/#organization","name":"Nordnesrepublikken","url":"https:\/\/nordnesrepublikken.no\/","logo":{"@type":"ImageObject","inLanguage":"nb-NO","@id":"https:\/\/nordnesrepublikken.no\/#\/schema\/logo\/image\/","url":"https:\/\/nordnesrepublikken.no\/wp-content\/uploads\/2025\/02\/cropped-nordnesrepublikken-2.png","contentUrl":"https:\/\/nordnesrepublikken.no\/wp-content\/uploads\/2025\/02\/cropped-nordnesrepublikken-2.png","width":1248,"height":362,"caption":"Nordnesrepublikken"},"image":{"@id":"https:\/\/nordnesrepublikken.no\/#\/schema\/logo\/image\/"}},{"@type":"Person","@id":"https:\/\/nordnesrepublikken.no\/#\/schema\/person\/2e7e81935bab77882fffb79296240ff1","name":"Ole Andersen","image":{"@type":"ImageObject","inLanguage":"nb-NO","@id":"https:\/\/nordnesrepublikken.no\/#\/schema\/person\/image\/","url":"https:\/\/nordnesrepublikken.no\/wp-content\/uploads\/2025\/02\/nordnesrepublikken-2-2-150x150.jpg","contentUrl":"https:\/\/nordnesrepublikken.no\/wp-content\/uploads\/2025\/02\/nordnesrepublikken-2-2-150x150.jpg","caption":"Ole Andersen"},"description":"Ettersom jeg vokste opp i Oslo, har jeg alltid v\u00e6rt fascinert av ordenes kraft og deres evne til \u00e5 skape endringer. Etter \u00e5 ha fullf\u00f8rt min utdannelse i kommunikasjon ved Universitetet i Bergen, fikk jeg muligheten til \u00e5 jobbe innen ulike medier, der jeg har s\u00f8kt \u00e5 belyse viktige samfunnssp\u00f8rsm\u00e5l. I dag, som redakt\u00f8r for Nordnesrepublikken, pr\u00f8ver jeg \u00e5 forene min kj\u00e6rlighet for journalistikk med min lidenskap for innovasjon og eventyr.","sameAs":["https:\/\/nordnesrepublikken.no\/"]}]}},"_links":{"self":[{"href":"https:\/\/nordnesrepublikken.no\/index.php\/wp-json\/wp\/v2\/posts\/13294","targetHints":{"allow":["GET"]}}],"collection":[{"href":"https:\/\/nordnesrepublikken.no\/index.php\/wp-json\/wp\/v2\/posts"}],"about":[{"href":"https:\/\/nordnesrepublikken.no\/index.php\/wp-json\/wp\/v2\/types\/post"}],"author":[{"embeddable":true,"href":"https:\/\/nordnesrepublikken.no\/index.php\/wp-json\/wp\/v2\/users\/1"}],"replies":[{"embeddable":true,"href":"https:\/\/nordnesrepublikken.no\/index.php\/wp-json\/wp\/v2\/comments?post=13294"}],"version-history":[{"count":1,"href":"https:\/\/nordnesrepublikken.no\/index.php\/wp-json\/wp\/v2\/posts\/13294\/revisions"}],"predecessor-version":[{"id":13296,"href":"https:\/\/nordnesrepublikken.no\/index.php\/wp-json\/wp\/v2\/posts\/13294\/revisions\/13296"}],"wp:featuredmedia":[{"embeddable":true,"href":"https:\/\/nordnesrepublikken.no\/index.php\/wp-json\/wp\/v2\/media\/13295"}],"wp:attachment":[{"href":"https:\/\/nordnesrepublikken.no\/index.php\/wp-json\/wp\/v2\/media?parent=13294"}],"wp:term":[{"taxonomy":"category","embeddable":true,"href":"https:\/\/nordnesrepublikken.no\/index.php\/wp-json\/wp\/v2\/categories?post=13294"},{"taxonomy":"post_tag","embeddable":true,"href":"https:\/\/nordnesrepublikken.no\/index.php\/wp-json\/wp\/v2\/tags?post=13294"}],"curies":[{"name":"wp","href":"https:\/\/api.w.org\/{rel}","templated":true}]}}