{"id":13291,"date":"2025-12-28T21:51:27","date_gmt":"2025-12-28T20:51:27","guid":{"rendered":"https:\/\/nordnesrepublikken.no\/index.php\/2025\/12\/28\/rangeringen-av-de-beste-regionene\/"},"modified":"2025-12-28T21:51:32","modified_gmt":"2025-12-28T20:51:32","slug":"rangeringen-av-de-beste-regionene","status":"publish","type":"post","link":"https:\/\/nordnesrepublikken.no\/index.php\/2025\/12\/28\/rangeringen-av-de-beste-regionene\/","title":{"rendered":"rangeringen av de beste regionene"},"content":{"rendered":"<div>\n<div class=\"cp_wrapper cp_wrapper--fw mb-30 mb-20@tablet\">\n<figure class=\"mm\"><picture class=\"img\" style=\"padding-top:56.25%\"><source  media=\"(min-width: 1024px)\"><source  media=\"(min-width: 768px)\"><\/source><\/source><\/picture><\/figure>\n<\/p><\/div>\n<p>Tallene fra den siste ISPRA-rapporten forteller oss at i <strong>Italia<\/strong> der <strong>avfallssortering<\/strong> overskredet (66,6 %) for andre \u00e5r p\u00e5 rad m\u00e5let p\u00e5 65 % satt av nasjonale og europeiske forskrifter: <strong>to tredjedeler av det kommunale avfallet som produseres av italienere har blitt sortert<\/strong>tilsvarende over 19,5 millioner tonn i l\u00f8pet av et enkelt \u00e5r. I f\u00f8lge 2023-data er det i s\u00f8r den provinsen hvor det skiller seg minst, Palermo, mens Bologna er p\u00e5 f\u00f8rsteplass blant de store byene.<\/p>\n<h2>Rangeringen av regionene som gj\u00f8r avfallssortering best<\/h2>\n<p>I 2023 ble <strong>avfallssortering<\/strong> n\u00e5dde<strong> 66,6 % av avfallet produsert av italienere,<\/strong> med en vekst p\u00e5 1,4 poeng sammenlignet med \u00e5ret f\u00f8r. I praksis er det likevel kun \u00e9n avfallspose av tre som havner i den usorterte s\u00f8ppelkassen.<\/p>\n<p>Men det er en <strong>sterk territoriell forskjell<\/strong>: bare 68 provinser overskrider m\u00e5let p\u00e5 65 % satt av 2012-lovgivningen, hvorav 40 er i nord, og bare 13 i sentrum og 15 i s\u00f8r. <strong>Nord, <\/strong>faktisk er det det mest dydige omr\u00e5det: <strong>mer enn 7 avfall av 10 (73 %)<\/strong> er differensierte. I hodet er <strong>Veneto<\/strong> (som overstiger 77%), og fremfor alt provinsen Treviso (nesten 90%). Men alle de nordlige regionene overskrider m\u00e5let, med det eneste unntaket av Liguria (58%).<\/p>\n<p>I <strong>Senter<\/strong> og inn <strong>Middag,<\/strong> i stedet stopper den separate renovasjonskvoten hhv <strong>62 % og 59 %<\/strong>. Lazio og alle regionene i S\u00f8r-Italia, bortsett fra Sardinia, treffer ikke m\u00e5let. Den italienske provinsen hvor <strong>skiller seg mindre<\/strong> Og <strong>Palermo,<\/strong> med bare <strong>37 %<\/strong>: litt over \u00e9n pose av tre.<\/p>\n<p>Selv om <strong>mellomrom<\/strong> geografiske forblir store, ja <strong>sakte reduseres<\/strong> takket v\u00e6re fremgangen i S\u00f8r. Faktisk, mellom 2019 og 2023 var det nettopp regionene i S\u00f8r som registrerte den st\u00f8rste veksten i separat avfallsinnsamling.<\/p>\n<p>Dataene forteller oss det ogs\u00e5 <strong>blant de store byene<\/strong> (over 200 000 innbyggere) <strong>Bologna skiller seg ut<\/strong>som i 2023 overgikk <strong>73 %<\/strong>og ble den f\u00f8rste store italienske byen som konsekvent oversteg m\u00e5let p\u00e5 65 %.<\/p>\n<p>Men hva havner i gjenvinningsdunkene? I henhold til lovgivningen er avfallstypene som kan sorteres:<\/p>\n<ul>\n<li>\u00f8kologisk (v\u00e5tt og gr\u00f8nt)<\/li>\n<li>emballasje (plast, papir, papp, glass, metall og tre)<\/li>\n<li>store gjenstander sendt til gjenvinning<\/li>\n<li>del av bygge- og riveavfall<\/li>\n<li>gaterenseavfall sendt til gjenvinning<\/li>\n<li>tekstilavfall<\/li>\n<li>selektive samlinger (legemidler, batterier, maling, blekk, vegetabilske oljer og mineraloljer, etc.)<\/li>\n<li>avfall av elektrisk og elektronisk utstyr (WEEE)<\/li>\n<li>andre fraksjoner samlet opp separat og sendt til utvinning<\/li>\n<\/ul>\n<p>I Italia, bortenfor <strong>en tredjedel av separat avfallsinnsamling<\/strong> best\u00e5r av<strong>organisk,<\/strong> best\u00e5r hovedsakelig av kj\u00f8kken- og kantineavfall, men ogs\u00e5 fra vedlikehold av gr\u00f8ntomr\u00e5der, hager og parker. Deretter f\u00f8lger papir og papp, glass og plastemballasje.<\/p>\n<p>EN <strong>voksende sektor<\/strong> det er det av <strong>resirkulering av tekstilavfall<\/strong>: fra 1. januar 2022 er separat innsamling obligatorisk i Italia, i p\u00e5vente av europeiske direktiver. Imidlertid er det fortsatt ikke nok gjenvinningsanlegg dedikert til tekstiler til \u00e5 kunne oppfylle denne forpliktelsen fullt ut.<\/p>\n<h2>Sammenligningen mellom Italia og Europa<\/h2>\n<p>Sammenlignet med Europa, ang\u00e5ende separat innsamling av avfall <strong>Italia gj\u00f8r det bra p\u00e5 ulike felt<\/strong>. I 2022 ble kommunalt avfall h\u00e5ndtert p\u00e5 f\u00f8lgende m\u00e5te i EU:<\/p>\n<ul>\n<li>31 % begynte \u00e5 resirkulere de t\u00f8rre fraksjonene<\/li>\n<li>26 % energigjenvinning eller forbrenning<\/li>\n<li>19 % kompostering og aerob\/anaerob ford\u00f8yelse<\/li>\n<li>24 % deponert p\u00e5 deponi.<\/li>\n<\/ul>\n<p>DE&#8217;<strong>Italia ligger over EU-gjennomsnittet<\/strong> i resirkulering av t\u00f8rre fraksjoner (32 %) og i kompostering og anaerob\/aerob ford\u00f8yelse (26 %). Det er det i stedet <strong>under gjennomsnittet<\/strong> for <strong>energigjenvinning<\/strong> og forbrenning (22%) og lo <strong>deponering p\u00e5 deponi<\/strong> eller andre operasjoner (20 %).<\/p>\n<p>DE&#8217;<strong>Europa<\/strong> og deretter <strong>invadert av emballasje:<\/strong> nesten 80 millioner tonn per \u00e5r, tilsvarende 177,8 kg per innbygger: 40 % er papir og papp, 20 % plast, 19 % glass, 16 % tre, 5 % metall. Av disse er kun en del resirkulert. For eksempel ble det i 2023 generert gjennomsnittlig 35,3 kg plastemballasjeavfall for hver person som bor i EU. Av disse ble kun 14,8 kg resirkulert. Innen plastgjenvinning stopper Italia midt p\u00e5 tabellen, i underkant av 50 %, men fortsatt over EU-gjennomsnittet.<\/p>\n<p>Samlet sett <strong>resirkulering av emballasjeavfall i Italia<\/strong> det er imidlertid p\u00e5 niv\u00e5er av <strong>Europeisk fortreffelighet<\/strong>: I 2023 med 75,3 % har den allerede overskredet EU-m\u00e5let p\u00e5 70 % innen 2030.<\/p>\n<p>Ogs\u00e5 <strong>Italia er ledende i Europa innen resirkulering av spesialavfall<\/strong> med en prosentandel p\u00e5 72 % av de som ble produsert i 2022.<\/p>\n<p>Kort sagt, n\u00e5r det gjelder separat innsamling av avfall, er Italia ganske godt posisjonert i Europa. Og hver eneste daglige gest med \u00e5 differensiere riktig bidrar til \u00e5 opprettholde denne fordelen.<\/p>\n<\/p><\/div>\n","protected":false},"excerpt":{"rendered":"<p>Tallene fra den siste ISPRA-rapporten forteller oss at i Italia der avfallssortering overskredet (66,6 %)<\/p>\n","protected":false},"author":1,"featured_media":13292,"comment_status":"closed","ping_status":"open","sticky":false,"template":"","format":"standard","meta":{"footnotes":""},"categories":[104],"tags":[542,1094,6793],"class_list":["post-13291","post","type-post","status-publish","format-standard","has-post-thumbnail","hentry","category-samfunn","tag-beste","tag-rangeringen","tag-regionene","generate-columns","tablet-grid-50","mobile-grid-100","grid-parent","grid-33","resize-featured-image"],"yoast_head":"<!-- This site is optimized with the Yoast SEO plugin v24.4 - https:\/\/yoast.com\/wordpress\/plugins\/seo\/ -->\n<title>rangeringen av de beste regionene - Nordnesrepublikken<\/title>\n<meta name=\"robots\" content=\"index, follow, max-snippet:-1, max-image-preview:large, max-video-preview:-1\" \/>\n<link rel=\"canonical\" href=\"https:\/\/nordnesrepublikken.no\/index.php\/2025\/12\/28\/rangeringen-av-de-beste-regionene\/\" \/>\n<meta property=\"og:locale\" content=\"nb_NO\" \/>\n<meta property=\"og:type\" content=\"article\" \/>\n<meta property=\"og:title\" content=\"rangeringen av de beste regionene - Nordnesrepublikken\" \/>\n<meta property=\"og:description\" content=\"Tallene fra den siste ISPRA-rapporten forteller oss at i Italia der avfallssortering overskredet (66,6 %)\" \/>\n<meta property=\"og:url\" content=\"https:\/\/nordnesrepublikken.no\/index.php\/2025\/12\/28\/rangeringen-av-de-beste-regionene\/\" \/>\n<meta property=\"og:site_name\" content=\"Nordnesrepublikken\" \/>\n<meta property=\"article:published_time\" content=\"2025-12-28T20:51:27+00:00\" \/>\n<meta property=\"article:modified_time\" content=\"2025-12-28T20:51:32+00:00\" \/>\n<meta property=\"og:image\" content=\"https:\/\/nordnesrepublikken.no\/wp-content\/uploads\/2025\/12\/1766955087_rangeringen-av-de-beste-regionene-scaled.jpg\" \/>\n\t<meta property=\"og:image:width\" content=\"2560\" \/>\n\t<meta property=\"og:image:height\" content=\"1396\" \/>\n\t<meta property=\"og:image:type\" content=\"image\/jpeg\" \/>\n<meta name=\"author\" content=\"Ole Andersen\" \/>\n<meta name=\"twitter:card\" content=\"summary_large_image\" \/>\n<meta name=\"twitter:label1\" content=\"Skrevet av\" \/>\n\t<meta name=\"twitter:data1\" content=\"Ole Andersen\" \/>\n\t<meta name=\"twitter:label2\" content=\"Ansl. lesetid\" \/>\n\t<meta name=\"twitter:data2\" content=\"3 minutter\" \/>\n<script type=\"application\/ld+json\" class=\"yoast-schema-graph\">{\"@context\":\"https:\/\/schema.org\",\"@graph\":[{\"@type\":\"Article\",\"@id\":\"https:\/\/nordnesrepublikken.no\/index.php\/2025\/12\/28\/rangeringen-av-de-beste-regionene\/#article\",\"isPartOf\":{\"@id\":\"https:\/\/nordnesrepublikken.no\/index.php\/2025\/12\/28\/rangeringen-av-de-beste-regionene\/\"},\"author\":{\"name\":\"Ole Andersen\",\"@id\":\"https:\/\/nordnesrepublikken.no\/#\/schema\/person\/2e7e81935bab77882fffb79296240ff1\"},\"headline\":\"rangeringen av de beste regionene\",\"datePublished\":\"2025-12-28T20:51:27+00:00\",\"dateModified\":\"2025-12-28T20:51:32+00:00\",\"mainEntityOfPage\":{\"@id\":\"https:\/\/nordnesrepublikken.no\/index.php\/2025\/12\/28\/rangeringen-av-de-beste-regionene\/\"},\"wordCount\":690,\"publisher\":{\"@id\":\"https:\/\/nordnesrepublikken.no\/#organization\"},\"image\":{\"@id\":\"https:\/\/nordnesrepublikken.no\/index.php\/2025\/12\/28\/rangeringen-av-de-beste-regionene\/#primaryimage\"},\"thumbnailUrl\":\"https:\/\/nordnesrepublikken.no\/wp-content\/uploads\/2025\/12\/1766955087_rangeringen-av-de-beste-regionene-scaled.jpg\",\"keywords\":[\"Beste\",\"rangeringen\",\"regionene\"],\"articleSection\":[\"Samfunn\"],\"inLanguage\":\"nb-NO\"},{\"@type\":\"WebPage\",\"@id\":\"https:\/\/nordnesrepublikken.no\/index.php\/2025\/12\/28\/rangeringen-av-de-beste-regionene\/\",\"url\":\"https:\/\/nordnesrepublikken.no\/index.php\/2025\/12\/28\/rangeringen-av-de-beste-regionene\/\",\"name\":\"rangeringen av de beste regionene - Nordnesrepublikken\",\"isPartOf\":{\"@id\":\"https:\/\/nordnesrepublikken.no\/#website\"},\"primaryImageOfPage\":{\"@id\":\"https:\/\/nordnesrepublikken.no\/index.php\/2025\/12\/28\/rangeringen-av-de-beste-regionene\/#primaryimage\"},\"image\":{\"@id\":\"https:\/\/nordnesrepublikken.no\/index.php\/2025\/12\/28\/rangeringen-av-de-beste-regionene\/#primaryimage\"},\"thumbnailUrl\":\"https:\/\/nordnesrepublikken.no\/wp-content\/uploads\/2025\/12\/1766955087_rangeringen-av-de-beste-regionene-scaled.jpg\",\"datePublished\":\"2025-12-28T20:51:27+00:00\",\"dateModified\":\"2025-12-28T20:51:32+00:00\",\"breadcrumb\":{\"@id\":\"https:\/\/nordnesrepublikken.no\/index.php\/2025\/12\/28\/rangeringen-av-de-beste-regionene\/#breadcrumb\"},\"inLanguage\":\"nb-NO\",\"potentialAction\":[{\"@type\":\"ReadAction\",\"target\":[\"https:\/\/nordnesrepublikken.no\/index.php\/2025\/12\/28\/rangeringen-av-de-beste-regionene\/\"]}]},{\"@type\":\"ImageObject\",\"inLanguage\":\"nb-NO\",\"@id\":\"https:\/\/nordnesrepublikken.no\/index.php\/2025\/12\/28\/rangeringen-av-de-beste-regionene\/#primaryimage\",\"url\":\"https:\/\/nordnesrepublikken.no\/wp-content\/uploads\/2025\/12\/1766955087_rangeringen-av-de-beste-regionene-scaled.jpg\",\"contentUrl\":\"https:\/\/nordnesrepublikken.no\/wp-content\/uploads\/2025\/12\/1766955087_rangeringen-av-de-beste-regionene-scaled.jpg\",\"width\":2560,\"height\":1396,\"caption\":\"rangeringen av de beste regionene\"},{\"@type\":\"BreadcrumbList\",\"@id\":\"https:\/\/nordnesrepublikken.no\/index.php\/2025\/12\/28\/rangeringen-av-de-beste-regionene\/#breadcrumb\",\"itemListElement\":[{\"@type\":\"ListItem\",\"position\":1,\"name\":\"Home\",\"item\":\"https:\/\/nordnesrepublikken.no\/\"},{\"@type\":\"ListItem\",\"position\":2,\"name\":\"rangeringen av de beste regionene\"}]},{\"@type\":\"WebSite\",\"@id\":\"https:\/\/nordnesrepublikken.no\/#website\",\"url\":\"https:\/\/nordnesrepublikken.no\/\",\"name\":\"Nordnesrepublikken\",\"description\":\"Stemmer og Visjoner fra Republikkens Hjerte\",\"publisher\":{\"@id\":\"https:\/\/nordnesrepublikken.no\/#organization\"},\"potentialAction\":[{\"@type\":\"SearchAction\",\"target\":{\"@type\":\"EntryPoint\",\"urlTemplate\":\"https:\/\/nordnesrepublikken.no\/?s={search_term_string}\"},\"query-input\":{\"@type\":\"PropertyValueSpecification\",\"valueRequired\":true,\"valueName\":\"search_term_string\"}}],\"inLanguage\":\"nb-NO\"},{\"@type\":\"Organization\",\"@id\":\"https:\/\/nordnesrepublikken.no\/#organization\",\"name\":\"Nordnesrepublikken\",\"url\":\"https:\/\/nordnesrepublikken.no\/\",\"logo\":{\"@type\":\"ImageObject\",\"inLanguage\":\"nb-NO\",\"@id\":\"https:\/\/nordnesrepublikken.no\/#\/schema\/logo\/image\/\",\"url\":\"https:\/\/nordnesrepublikken.no\/wp-content\/uploads\/2025\/02\/cropped-nordnesrepublikken-2.png\",\"contentUrl\":\"https:\/\/nordnesrepublikken.no\/wp-content\/uploads\/2025\/02\/cropped-nordnesrepublikken-2.png\",\"width\":1248,\"height\":362,\"caption\":\"Nordnesrepublikken\"},\"image\":{\"@id\":\"https:\/\/nordnesrepublikken.no\/#\/schema\/logo\/image\/\"}},{\"@type\":\"Person\",\"@id\":\"https:\/\/nordnesrepublikken.no\/#\/schema\/person\/2e7e81935bab77882fffb79296240ff1\",\"name\":\"Ole Andersen\",\"image\":{\"@type\":\"ImageObject\",\"inLanguage\":\"nb-NO\",\"@id\":\"https:\/\/nordnesrepublikken.no\/#\/schema\/person\/image\/\",\"url\":\"https:\/\/nordnesrepublikken.no\/wp-content\/uploads\/2025\/02\/nordnesrepublikken-2-2-150x150.jpg\",\"contentUrl\":\"https:\/\/nordnesrepublikken.no\/wp-content\/uploads\/2025\/02\/nordnesrepublikken-2-2-150x150.jpg\",\"caption\":\"Ole Andersen\"},\"description\":\"Ettersom jeg vokste opp i Oslo, har jeg alltid v\u00e6rt fascinert av ordenes kraft og deres evne til \u00e5 skape endringer. Etter \u00e5 ha fullf\u00f8rt min utdannelse i kommunikasjon ved Universitetet i Bergen, fikk jeg muligheten til \u00e5 jobbe innen ulike medier, der jeg har s\u00f8kt \u00e5 belyse viktige samfunnssp\u00f8rsm\u00e5l. I dag, som redakt\u00f8r for Nordnesrepublikken, pr\u00f8ver jeg \u00e5 forene min kj\u00e6rlighet for journalistikk med min lidenskap for innovasjon og eventyr.\",\"sameAs\":[\"https:\/\/nordnesrepublikken.no\/\"]}]}<\/script>\n<!-- \/ Yoast SEO plugin. -->","yoast_head_json":{"title":"rangeringen av de beste regionene - Nordnesrepublikken","robots":{"index":"index","follow":"follow","max-snippet":"max-snippet:-1","max-image-preview":"max-image-preview:large","max-video-preview":"max-video-preview:-1"},"canonical":"https:\/\/nordnesrepublikken.no\/index.php\/2025\/12\/28\/rangeringen-av-de-beste-regionene\/","og_locale":"nb_NO","og_type":"article","og_title":"rangeringen av de beste regionene - Nordnesrepublikken","og_description":"Tallene fra den siste ISPRA-rapporten forteller oss at i Italia der avfallssortering overskredet (66,6 %)","og_url":"https:\/\/nordnesrepublikken.no\/index.php\/2025\/12\/28\/rangeringen-av-de-beste-regionene\/","og_site_name":"Nordnesrepublikken","article_published_time":"2025-12-28T20:51:27+00:00","article_modified_time":"2025-12-28T20:51:32+00:00","og_image":[{"width":2560,"height":1396,"url":"https:\/\/nordnesrepublikken.no\/wp-content\/uploads\/2025\/12\/1766955087_rangeringen-av-de-beste-regionene-scaled.jpg","type":"image\/jpeg"}],"author":"Ole Andersen","twitter_card":"summary_large_image","twitter_misc":{"Skrevet av":"Ole Andersen","Ansl. lesetid":"3 minutter"},"schema":{"@context":"https:\/\/schema.org","@graph":[{"@type":"Article","@id":"https:\/\/nordnesrepublikken.no\/index.php\/2025\/12\/28\/rangeringen-av-de-beste-regionene\/#article","isPartOf":{"@id":"https:\/\/nordnesrepublikken.no\/index.php\/2025\/12\/28\/rangeringen-av-de-beste-regionene\/"},"author":{"name":"Ole Andersen","@id":"https:\/\/nordnesrepublikken.no\/#\/schema\/person\/2e7e81935bab77882fffb79296240ff1"},"headline":"rangeringen av de beste regionene","datePublished":"2025-12-28T20:51:27+00:00","dateModified":"2025-12-28T20:51:32+00:00","mainEntityOfPage":{"@id":"https:\/\/nordnesrepublikken.no\/index.php\/2025\/12\/28\/rangeringen-av-de-beste-regionene\/"},"wordCount":690,"publisher":{"@id":"https:\/\/nordnesrepublikken.no\/#organization"},"image":{"@id":"https:\/\/nordnesrepublikken.no\/index.php\/2025\/12\/28\/rangeringen-av-de-beste-regionene\/#primaryimage"},"thumbnailUrl":"https:\/\/nordnesrepublikken.no\/wp-content\/uploads\/2025\/12\/1766955087_rangeringen-av-de-beste-regionene-scaled.jpg","keywords":["Beste","rangeringen","regionene"],"articleSection":["Samfunn"],"inLanguage":"nb-NO"},{"@type":"WebPage","@id":"https:\/\/nordnesrepublikken.no\/index.php\/2025\/12\/28\/rangeringen-av-de-beste-regionene\/","url":"https:\/\/nordnesrepublikken.no\/index.php\/2025\/12\/28\/rangeringen-av-de-beste-regionene\/","name":"rangeringen av de beste regionene - Nordnesrepublikken","isPartOf":{"@id":"https:\/\/nordnesrepublikken.no\/#website"},"primaryImageOfPage":{"@id":"https:\/\/nordnesrepublikken.no\/index.php\/2025\/12\/28\/rangeringen-av-de-beste-regionene\/#primaryimage"},"image":{"@id":"https:\/\/nordnesrepublikken.no\/index.php\/2025\/12\/28\/rangeringen-av-de-beste-regionene\/#primaryimage"},"thumbnailUrl":"https:\/\/nordnesrepublikken.no\/wp-content\/uploads\/2025\/12\/1766955087_rangeringen-av-de-beste-regionene-scaled.jpg","datePublished":"2025-12-28T20:51:27+00:00","dateModified":"2025-12-28T20:51:32+00:00","breadcrumb":{"@id":"https:\/\/nordnesrepublikken.no\/index.php\/2025\/12\/28\/rangeringen-av-de-beste-regionene\/#breadcrumb"},"inLanguage":"nb-NO","potentialAction":[{"@type":"ReadAction","target":["https:\/\/nordnesrepublikken.no\/index.php\/2025\/12\/28\/rangeringen-av-de-beste-regionene\/"]}]},{"@type":"ImageObject","inLanguage":"nb-NO","@id":"https:\/\/nordnesrepublikken.no\/index.php\/2025\/12\/28\/rangeringen-av-de-beste-regionene\/#primaryimage","url":"https:\/\/nordnesrepublikken.no\/wp-content\/uploads\/2025\/12\/1766955087_rangeringen-av-de-beste-regionene-scaled.jpg","contentUrl":"https:\/\/nordnesrepublikken.no\/wp-content\/uploads\/2025\/12\/1766955087_rangeringen-av-de-beste-regionene-scaled.jpg","width":2560,"height":1396,"caption":"rangeringen av de beste regionene"},{"@type":"BreadcrumbList","@id":"https:\/\/nordnesrepublikken.no\/index.php\/2025\/12\/28\/rangeringen-av-de-beste-regionene\/#breadcrumb","itemListElement":[{"@type":"ListItem","position":1,"name":"Home","item":"https:\/\/nordnesrepublikken.no\/"},{"@type":"ListItem","position":2,"name":"rangeringen av de beste regionene"}]},{"@type":"WebSite","@id":"https:\/\/nordnesrepublikken.no\/#website","url":"https:\/\/nordnesrepublikken.no\/","name":"Nordnesrepublikken","description":"Stemmer og Visjoner fra Republikkens Hjerte","publisher":{"@id":"https:\/\/nordnesrepublikken.no\/#organization"},"potentialAction":[{"@type":"SearchAction","target":{"@type":"EntryPoint","urlTemplate":"https:\/\/nordnesrepublikken.no\/?s={search_term_string}"},"query-input":{"@type":"PropertyValueSpecification","valueRequired":true,"valueName":"search_term_string"}}],"inLanguage":"nb-NO"},{"@type":"Organization","@id":"https:\/\/nordnesrepublikken.no\/#organization","name":"Nordnesrepublikken","url":"https:\/\/nordnesrepublikken.no\/","logo":{"@type":"ImageObject","inLanguage":"nb-NO","@id":"https:\/\/nordnesrepublikken.no\/#\/schema\/logo\/image\/","url":"https:\/\/nordnesrepublikken.no\/wp-content\/uploads\/2025\/02\/cropped-nordnesrepublikken-2.png","contentUrl":"https:\/\/nordnesrepublikken.no\/wp-content\/uploads\/2025\/02\/cropped-nordnesrepublikken-2.png","width":1248,"height":362,"caption":"Nordnesrepublikken"},"image":{"@id":"https:\/\/nordnesrepublikken.no\/#\/schema\/logo\/image\/"}},{"@type":"Person","@id":"https:\/\/nordnesrepublikken.no\/#\/schema\/person\/2e7e81935bab77882fffb79296240ff1","name":"Ole Andersen","image":{"@type":"ImageObject","inLanguage":"nb-NO","@id":"https:\/\/nordnesrepublikken.no\/#\/schema\/person\/image\/","url":"https:\/\/nordnesrepublikken.no\/wp-content\/uploads\/2025\/02\/nordnesrepublikken-2-2-150x150.jpg","contentUrl":"https:\/\/nordnesrepublikken.no\/wp-content\/uploads\/2025\/02\/nordnesrepublikken-2-2-150x150.jpg","caption":"Ole Andersen"},"description":"Ettersom jeg vokste opp i Oslo, har jeg alltid v\u00e6rt fascinert av ordenes kraft og deres evne til \u00e5 skape endringer. Etter \u00e5 ha fullf\u00f8rt min utdannelse i kommunikasjon ved Universitetet i Bergen, fikk jeg muligheten til \u00e5 jobbe innen ulike medier, der jeg har s\u00f8kt \u00e5 belyse viktige samfunnssp\u00f8rsm\u00e5l. I dag, som redakt\u00f8r for Nordnesrepublikken, pr\u00f8ver jeg \u00e5 forene min kj\u00e6rlighet for journalistikk med min lidenskap for innovasjon og eventyr.","sameAs":["https:\/\/nordnesrepublikken.no\/"]}]}},"_links":{"self":[{"href":"https:\/\/nordnesrepublikken.no\/index.php\/wp-json\/wp\/v2\/posts\/13291","targetHints":{"allow":["GET"]}}],"collection":[{"href":"https:\/\/nordnesrepublikken.no\/index.php\/wp-json\/wp\/v2\/posts"}],"about":[{"href":"https:\/\/nordnesrepublikken.no\/index.php\/wp-json\/wp\/v2\/types\/post"}],"author":[{"embeddable":true,"href":"https:\/\/nordnesrepublikken.no\/index.php\/wp-json\/wp\/v2\/users\/1"}],"replies":[{"embeddable":true,"href":"https:\/\/nordnesrepublikken.no\/index.php\/wp-json\/wp\/v2\/comments?post=13291"}],"version-history":[{"count":1,"href":"https:\/\/nordnesrepublikken.no\/index.php\/wp-json\/wp\/v2\/posts\/13291\/revisions"}],"predecessor-version":[{"id":13293,"href":"https:\/\/nordnesrepublikken.no\/index.php\/wp-json\/wp\/v2\/posts\/13291\/revisions\/13293"}],"wp:featuredmedia":[{"embeddable":true,"href":"https:\/\/nordnesrepublikken.no\/index.php\/wp-json\/wp\/v2\/media\/13292"}],"wp:attachment":[{"href":"https:\/\/nordnesrepublikken.no\/index.php\/wp-json\/wp\/v2\/media?parent=13291"}],"wp:term":[{"taxonomy":"category","embeddable":true,"href":"https:\/\/nordnesrepublikken.no\/index.php\/wp-json\/wp\/v2\/categories?post=13291"},{"taxonomy":"post_tag","embeddable":true,"href":"https:\/\/nordnesrepublikken.no\/index.php\/wp-json\/wp\/v2\/tags?post=13291"}],"curies":[{"name":"wp","href":"https:\/\/api.w.org\/{rel}","templated":true}]}}