{"id":13288,"date":"2025-12-28T18:51:27","date_gmt":"2025-12-28T17:51:27","guid":{"rendered":"https:\/\/nordnesrepublikken.no\/index.php\/2025\/12\/28\/hvordan-kina-beveget-seg-fra-kreftlandsbyer-til-lederskap-mot-netto-null\/"},"modified":"2025-12-28T18:51:33","modified_gmt":"2025-12-28T17:51:33","slug":"hvordan-kina-beveget-seg-fra-kreftlandsbyer-til-lederskap-mot-netto-null","status":"publish","type":"post","link":"https:\/\/nordnesrepublikken.no\/index.php\/2025\/12\/28\/hvordan-kina-beveget-seg-fra-kreftlandsbyer-til-lederskap-mot-netto-null\/","title":{"rendered":"Hvordan Kina beveget seg fra kreftlandsbyer til lederskap mot netto null"},"content":{"rendered":"<div>\n<div class=\"cp_wrapper cp_wrapper--fw mb-30 mb-20@tablet\">\n<figure class=\"mm\"><picture class=\"img\" style=\"padding-top:56.25%\"><source  media=\"(min-width: 1024px)\"><source  media=\"(min-width: 768px)\"><\/source><\/source><\/picture><\/figure>\n<\/p><\/div>\n<p>Ved utgangen av 2025 er Kina ikke bare en \u00f8konomisk supermakt, men sannsynligvis ogs\u00e5 nasjonen som vil v\u00e6re den f\u00f8rste til \u00e5 oppn\u00e5 karbonn\u00f8ytralitet: det som virker som et paradoks (\u00e5 \u00f8ke BNP og samtidig bekjempe klimaendringer) <strong>det er et resultat av hundrevis av protester <\/strong>(ender ofte med politivold, vilk\u00e5rlige arrestasjoner og myndighetenes sensur) at <strong>markerte tidlig p\u00e5 2000-tallet.<\/strong><\/p>\n<p>For \u00e5 forst\u00e5 veien som f\u00f8rte til at Beijing inkluderte beskyttelse av menneskers helse og milj\u00f8 p\u00e5 sin regjeringsagenda, m\u00e5 vi huske p\u00e5 <strong>noen viktige \u00f8yeblikk: <\/strong>Stockholm 1972, protestene som fant sted mellom 2006 og 2014, Paris 2015 og den kinesiske Airpocalypse, Covid-19-epidemien i 2020.<\/p>\n<h2>1972 finner FNs konferanse om menneskelig milj\u00f8 sted i Stockholm<\/h2>\n<p>Sveriges hovedstad vert <strong>den f\u00f8rste internasjonale samlingen<\/strong> organisert av FN for \u00e5 diskutere milj\u00f8 og menneskerettigheter.<\/p>\n<p>113 nasjoner, inkludert Kina, diskuterer i flere dager sp\u00f8rsm\u00e5lene som ryster opinionen: beskyttelse av menneskers helse, av planeten (det er fortsatt ingen omtale av global oppvarming), faren knyttet til atomeksplosjoner (som stammer fra b\u00e5de krigshandlinger og fra \u00f8velser), den rovdriften som utviklede land har til utviklingsland, etc.<\/p>\n<div class=\"cp_wrapper cp_wrapper--fw mb-50\">\n<figure class=\"mm\"><picture class=\"img\" style=\"padding-top:62.75%\"><source  media=\"(min-width: 1024px)\"><source  media=\"(min-width: 768px)\"><img decoding=\"async\" loading=\"lazy\" src=\"https:\/\/nordnesrepublikken.no\/wp-content\/uploads\/2025\/12\/1766944285_864_Hvordan-Kina-beveget-seg-fra-kreftlandsbyer-til-lederskap-mot-netto.jpg\" alt=\"Bilde\" width=\"1600\" height=\"1004\"\/><\/source><\/source><\/picture><\/figure>\n<\/p><\/div>\n<p>Det er nesten en politimann <em>ante littram<\/em>og slutter med <strong>signeringen av FNs erkl\u00e6ring om menneskelig milj\u00f8<\/strong>grunnlagt p\u00e5 <strong>26 prinsipper knyttet til menneskerettigheter og ansvar i forhold til milj\u00f8et<\/strong> og en handlingsplan delt inn i 109 anbefalinger.<\/p>\n<p>For det kinesiske folk er erkl\u00e6ringen ikke bare en d\u00f8d bokstav, og <strong>begynne \u00e5 bruke press<\/strong> slik at undertegnede prinsipper anvendes, men den \u00f8konomiske boomen, muligheten for \u00e5 utvikle egen \u00f8konomi og skj\u00e6re ut viktige deler av det globale markedet <strong>de presser Beijing til \u00e5 presse milj\u00f8- og sosiale sp\u00f8rsm\u00e5l inn i et hj\u00f8rne.<\/strong><\/p>\n<h2>2006\u20132014 krever Kreftlandsbyer rettferdighet<\/h2>\n<p>Over 30 \u00e5r med ukontrollert \u00f8konomisk vekst har f\u00f8rt til f\u00f8dselen av det som vil bli kalt<strong><em>  Kreftlandsbyer<\/em><\/strong>det vil si samfunn i tilknytning til kjemiske anlegg som produserer eller behandler sv\u00e6rt giftige og kreftfremkallende stoffer og hvor kreftratene er de h\u00f8yeste i landet.<\/p>\n<p>Blant l\u00f8sningene som produseres der er<strong> paraxylen (PX)<\/strong>et petrokjemisk derivat som er mye brukt til produksjon av syntetiske stoffer og plastmateriale for \u00e5 pakke flasker og andre beholdere. Gitt sin utbredte bruk over hele verden, har Kina g\u00e5tt frem for \u00e5 ta viktige markedsandeler, <strong>\u00e5 bli den fjerde st\u00f8rste PX-leverand\u00f8ren i verden<\/strong>.<\/p>\n<p>Tusenvis av innbyggere g\u00e5r ut i gatene if\u00f8rt gassmasker og svingende bannere etter \u00e5 ha sendt <strong>s\u00e5 mange tekstmeldinger som mulig<\/strong> til venner og slektninger, f\u00f8r<strong> Regjeringen blokkerer kommunikasjon<\/strong>fors\u00f8ker \u00e5 demme opp for folkelige protester med sensur.<br \/>Bysymbolet for disse f\u00f8rste protestene (2006-2007) er <strong>Xiamen<\/strong>et rikt havnesenter som ligger i den \u00f8stlige provinsen Fujian, som skulle v\u00e6re vert for et viktig anlegg for produksjon av PX. If\u00f8lge uttalelser fra kinesiske myndigheter p\u00e5 den tiden, kunne anlegget ha <strong>doble BNP<\/strong> av Xiamen, ma <strong>innbyggerne foretrakk \u00e5 ivareta sin helse<\/strong>blokkerer definitivt prosjektet.<\/p>\n<p>Den f\u00f8rste suksessen ga opphav til andre popul\u00e6re marsjer, som ble motarbeidet av volden fra det kinesiske politiet (som fors\u00f8kte \u00e5 sl\u00e5 ned oppt\u00f8yene med bruk av t\u00e5regass og elektriske batonger p\u00e5 mengden, som endte med massearrestasjoner), som spredte seg som en ild i t\u00f8rt gress over hele Kina, og slo rot spesielt i kystbyer (som Xiamen), de rikeste, men ogs\u00e5 de mest \u00f8konomiske farene utsatt for hensynsl\u00f8s vekst.<\/p>\n<p>Siden 2010 <strong>milj\u00f8protester begynner \u00e5 \u00f8ke<\/strong> eksponentielt (<strong>+120 % sammenlignet med tidligere \u00e5r<\/strong>der de heteste temaene var knyttet til arbeidernes rettigheter og forsvar av privat eiendom mot statlige ekspropriasjoner), som involverer tusenvis av mennesker og blokkerer de viktigste byene for kinesisk utvikling og handel; i tre\u00e5rsperioden 2011 \u2013 2013, spesielt, <strong>samfunnene i Dalian, Ningbo og Kunming uttrykker sin bekymring<\/strong> og deres dissens mot Beijings \u00f8nske om \u00e5 sette profitt f\u00f8rst.<\/p>\n<div class=\"cp_wrapper cp_wrapper--fw mb-50\">\n<figure class=\"mm\"><picture class=\"img\" style=\"padding-top:60%\"><source  media=\"(min-width: 1024px)\"><source  media=\"(min-width: 768px)\"><img decoding=\"async\" loading=\"lazy\" src=\"https:\/\/nordnesrepublikken.no\/wp-content\/uploads\/2025\/12\/1766944286_776_Hvordan-Kina-beveget-seg-fra-kreftlandsbyer-til-lederskap-mot-netto.jpg\" alt=\"Bilde\" width=\"460\" height=\"276\" class=\"js-seedtag-img\"\/><\/source><\/source><\/picture><\/figure>\n<\/p><\/div>\n<p>Det m\u00e5 regjeringen ta til etterretning <strong>Milj\u00f8vern har blitt en av de viktigste bekymringene for kinesiske borgere<\/strong> (bare nest etter statlig korrupsjon); i 2013 anerkjente Milj\u00f8verndepartementet formelt eksistensen av <em>Kreftlandsbyer<\/em>. Dette er nesten 200 sm\u00e5 bysentre invadert av fabrikker og kjemiske anlegg, som slipper ut giftige stoffer til luft og vann uten kontroll fra lokale myndigheter; frekvensen av mage- og tarmkreft i disse omr\u00e5dene er den h\u00f8yeste i Kina, og <strong>befolkningen har ikke lenger til hensikt \u00e5 d\u00f8, bokstavelig talt, i BNPs navn.<\/strong><\/p>\n<p>Til slutt, i denne avgj\u00f8rende tidsperioden, <strong>Beijing var vertskap for OL <\/strong>(2008, den av de 130 verdensrekordene i sv\u00f8mming), og viser verden et rent ansikt (bokstavelig talt) b\u00e5de n\u00e5r det gjelder milj\u00f8forurensning og sosial undertrykkelse. De mest forurensende fabrikkene er midlertidig stengt for \u00e5 la vestlige idrettsut\u00f8vere trene utend\u00f8rs, og protestene ender ikke lenger i blodsutgytelse.<\/p>\n<p>For det kinesiske folk er det et bevis p\u00e5 at regjeringen <strong>han har midlene<\/strong> \u00e5 beskytte milj\u00f8et og befolkningen, <strong>men ikke viljen<\/strong> \u00e5 gj\u00f8re det.<\/p>\n<h2>2015, Paris-avtalene og den kinesiske Airpocalypse<\/h2>\n<p>Mens Paris er vertskap for <strong>COP21<\/strong>den <em>Partskonferansen<\/em> som han plasserte <strong>en milep\u00e6l<\/strong> i kampen mot klimaendringene, dvs <strong>Paris-avtaler<\/strong>ogs\u00e5 signert og ratifisert av Kina, er i Beijing<strong> Airpocalypse-varsel<\/strong> etter den tredje dagen med skyh\u00f8y smog, med et tykt gr\u00e5aktig teppe som omslutter hovedstaden.<\/p>\n<p>Smog har n\u00e5dd s\u00e5 h\u00f8ye niv\u00e5er at den nesten fullstendig har blokkert den nord\u00f8stlige delen av landet, med luftkvalitetskontrollenheter som registrerer alarmerende niv\u00e5er av svevest\u00f8v: vi er <strong>over 200 mikrogram per kubikkmeter<\/strong>hvor Verdens helseorganisasjon (WHO) anbefaler <strong>ikke overstige 25 mikrogram<\/strong> per kubikkmeter.<br \/>Totalt er nesten 30 store kinesiske byer (inkludert Beijing, Dingzhou og Xinji) tvunget til \u00e5 iverksette n\u00f8dtiltak for \u00e5 begrense skaden: vekslende bilskilttrafikk, skoler og kontorer stengt, fabrikker \u00e5pner bare hvis det er n\u00f8dvendig.<\/p>\n<div class=\"cp_wrapper cp_wrapper--fw mb-50\">\n<figure class=\"mm\"><picture class=\"img\" style=\"padding-top:72.013017201302%\"><source  media=\"(min-width: 1024px)\"><source  media=\"(min-width: 768px)\"><img decoding=\"async\" loading=\"lazy\" src=\"https:\/\/nordnesrepublikken.no\/wp-content\/uploads\/2025\/12\/1766944286_437_Hvordan-Kina-beveget-seg-fra-kreftlandsbyer-til-lederskap-mot-netto.jpg\" alt=\"Bilde\" width=\"2151\" height=\"1549\"\/><\/source><\/source><\/picture><\/figure>\n<\/p><\/div>\n<p>Myndighetene snakker om <strong>over 300 millioner mennesker i fare<\/strong>p\u00e5 grunn av de giftige niv\u00e5ene i luften: teppet av smog som omsluttet det nord\u00f8stlige Kina i flere dager, og skapte effekten <em>Airpocalypse<\/em>var s\u00e5 tykk at den til og med ble fotografert av NASA-satellitter (i motsetning til Den kinesiske mur, som ikke er synlig fra verdensrommet).<\/p>\n<p>2015 er ogs\u00e5 \u00e5ret for dokumentaren Under the Dome, som viser de \u00f8deleggende effektene av smog p\u00e5 folks helse og milj\u00f8: videoen, som du finner p\u00e5 YouTube, ble publisert 1. mars 2015 av den unders\u00f8kende journalisten <strong>Chai Jing<\/strong>og inn <strong>48 timer f\u00f8r regjeringens sensur ble det sett av over 200 millioner mennesker<\/strong> p\u00e5 kinesiske videoportaler som <em>Youku<\/em> Og<em> Tencent<\/em>.<\/p>\n<p>Befolkningen begynner \u00e5 protestere igjen, klar over b\u00e5de skaden knyttet til forurensning og den formelle forpliktelsen fra deres regjering. Til tross for de som hevder at protester er nyttel\u00f8st, innser Beijing det <strong>han kan ikke styre et land i oppr\u00f8r<\/strong>og begynner \u00e5 inkludere investeringer i fornybare energikilder, prim\u00e6rt solcelle- og vindkraft p\u00e5 land, og energieffektiviseringsprosjekter for \u00e5 redusere sine klimagassutslipp i sine \u00f8konomiske utviklingsplaner.<\/p>\n<h2>Nedstengningen p\u00e5 grunn av Covid-19 og reduksjon av klimaendrende utslipp<\/h2>\n<p>Hvor kynisk det enn kan v\u00e6re \u00e5 si det, har Covid-19 tillatt Kina <strong>trykk p\u00e5 en gigantisk tilbakestillingsknapp<\/strong>stopper det frenetiske produksjonstempoet og klimagassutslippene, og starter nesten fra bunnen av.<\/p>\n<p>Sammen med India, hvor det for f\u00f8rste gang p\u00e5 nesten 30 \u00e5r <strong>vi kunne se profilen til Himalaya igjen<\/strong>er Folkerepublikken Kina en av nasjonene som har satt mest pris p\u00e5 det drastiske fallet i luftforurensning p\u00e5 grunn av nedstengninger, det vil si total blokkering av nesten alle menneskelige aktiviteter.<\/p>\n<div class=\"cp_wrapper cp_wrapper--fw mb-50\">\n<figure class=\"mm\"><picture class=\"img\" style=\"padding-top:75.651041666667%\"><source  media=\"(min-width: 1024px)\"><source  media=\"(min-width: 768px)\"><img decoding=\"async\" loading=\"lazy\" src=\"https:\/\/nordnesrepublikken.no\/wp-content\/uploads\/2025\/12\/1766944287_892_Hvordan-Kina-beveget-seg-fra-kreftlandsbyer-til-lederskap-mot-netto.jpg\" alt=\"Luftkvalitet i Kina under nedstengningen i 2020\" width=\"1536\" height=\"1162\" class=\"js-seedtag-img\"\/><\/source><\/source><\/picture><\/figure>\n<\/p><\/div>\n<p>Satellittbilder viste luftkvaliteten i mange kinesiske byer <strong>en reduksjon i milj\u00f8gifter som er nesten umulig \u00e5 tro<\/strong>slik at innbyggere og myndigheter kan se f\u00f8rsteh\u00e5nds <strong>hvordan fremtidens Kina vil bli<\/strong>der \u00f8konomisk vekst ikke vil ha \u00f8deleggelse av milj\u00f8et som en bieffekt.<\/p>\n<p>I september 2020 erkl\u00e6rte president Xi Jinping offisielt den kinesiske regjeringens \u00f8nske om \u00e5<strong> oppn\u00e5 karbonn\u00f8ytralitet innen 2060<\/strong>peker <strong>2030 som maksimumspunktet for klimaendrende utslipp<\/strong> produsert av Kina, eller snarere som \u00f8yeblikket der fossilt brensel definitivt vil begynne \u00e5 vike for fornybare energikilder.<\/p>\n<div class=\"cp_wrapper  mb-50   \">\n<div class=\"cbx\">\n<div class=\"cbx__collection\">\n<p>Milj\u00f8- og energisikkerhetsdepartementet<\/p>\n<\/p><\/div>\n<div class=\"cbx__collection\">\n<p>World Resources Institute<\/p>\n<\/p><\/div>\n<\/p><\/div>\n<\/div><\/div>\n","protected":false},"excerpt":{"rendered":"<p>Ved utgangen av 2025 er Kina ikke bare en \u00f8konomisk supermakt, men sannsynligvis ogs\u00e5 nasjonen<\/p>\n","protected":false},"author":1,"featured_media":13289,"comment_status":"closed","ping_status":"open","sticky":false,"template":"","format":"standard","meta":{"footnotes":""},"categories":[26],"tags":[8751,125,112,365,8752,8753,152,661,4845,96,117],"class_list":["post-13288","post","type-post","status-publish","format-standard","has-post-thumbnail","hentry","category-miljo","tag-beveget","tag-fra","tag-hvordan","tag-kina","tag-kreftlandsbyer","tag-lederskap","tag-mot","tag-netto","tag-null","tag-seg","tag-til","generate-columns","tablet-grid-50","mobile-grid-100","grid-parent","grid-33","resize-featured-image"],"yoast_head":"<!-- This site is optimized with the Yoast SEO plugin v24.4 - https:\/\/yoast.com\/wordpress\/plugins\/seo\/ -->\n<title>Hvordan Kina beveget seg fra kreftlandsbyer til lederskap mot netto null - Nordnesrepublikken<\/title>\n<meta name=\"robots\" content=\"index, follow, max-snippet:-1, max-image-preview:large, max-video-preview:-1\" \/>\n<link rel=\"canonical\" href=\"https:\/\/nordnesrepublikken.no\/index.php\/2025\/12\/28\/hvordan-kina-beveget-seg-fra-kreftlandsbyer-til-lederskap-mot-netto-null\/\" \/>\n<meta property=\"og:locale\" content=\"nb_NO\" \/>\n<meta property=\"og:type\" content=\"article\" \/>\n<meta property=\"og:title\" content=\"Hvordan Kina beveget seg fra kreftlandsbyer til lederskap mot netto null - Nordnesrepublikken\" \/>\n<meta property=\"og:description\" content=\"Ved utgangen av 2025 er Kina ikke bare en \u00f8konomisk supermakt, men sannsynligvis ogs\u00e5 nasjonen\" \/>\n<meta property=\"og:url\" content=\"https:\/\/nordnesrepublikken.no\/index.php\/2025\/12\/28\/hvordan-kina-beveget-seg-fra-kreftlandsbyer-til-lederskap-mot-netto-null\/\" \/>\n<meta property=\"og:site_name\" content=\"Nordnesrepublikken\" \/>\n<meta property=\"article:published_time\" content=\"2025-12-28T17:51:27+00:00\" \/>\n<meta property=\"article:modified_time\" content=\"2025-12-28T17:51:33+00:00\" \/>\n<meta property=\"og:image\" content=\"https:\/\/nordnesrepublikken.no\/wp-content\/uploads\/2025\/12\/1766944289_Hvordan-Kina-beveget-seg-fra-kreftlandsbyer-til-lederskap-mot-netto-scaled.jpg\" \/>\n\t<meta property=\"og:image:width\" content=\"2560\" \/>\n\t<meta property=\"og:image:height\" content=\"1707\" \/>\n\t<meta property=\"og:image:type\" content=\"image\/jpeg\" \/>\n<meta name=\"author\" content=\"Ole Andersen\" \/>\n<meta name=\"twitter:card\" content=\"summary_large_image\" \/>\n<meta name=\"twitter:label1\" content=\"Skrevet av\" \/>\n\t<meta name=\"twitter:data1\" content=\"Ole Andersen\" \/>\n\t<meta name=\"twitter:label2\" content=\"Ansl. lesetid\" \/>\n\t<meta name=\"twitter:data2\" content=\"6 minutter\" \/>\n<script type=\"application\/ld+json\" class=\"yoast-schema-graph\">{\"@context\":\"https:\/\/schema.org\",\"@graph\":[{\"@type\":\"Article\",\"@id\":\"https:\/\/nordnesrepublikken.no\/index.php\/2025\/12\/28\/hvordan-kina-beveget-seg-fra-kreftlandsbyer-til-lederskap-mot-netto-null\/#article\",\"isPartOf\":{\"@id\":\"https:\/\/nordnesrepublikken.no\/index.php\/2025\/12\/28\/hvordan-kina-beveget-seg-fra-kreftlandsbyer-til-lederskap-mot-netto-null\/\"},\"author\":{\"name\":\"Ole Andersen\",\"@id\":\"https:\/\/nordnesrepublikken.no\/#\/schema\/person\/2e7e81935bab77882fffb79296240ff1\"},\"headline\":\"Hvordan Kina beveget seg fra kreftlandsbyer til lederskap mot netto null\",\"datePublished\":\"2025-12-28T17:51:27+00:00\",\"dateModified\":\"2025-12-28T17:51:33+00:00\",\"mainEntityOfPage\":{\"@id\":\"https:\/\/nordnesrepublikken.no\/index.php\/2025\/12\/28\/hvordan-kina-beveget-seg-fra-kreftlandsbyer-til-lederskap-mot-netto-null\/\"},\"wordCount\":1272,\"publisher\":{\"@id\":\"https:\/\/nordnesrepublikken.no\/#organization\"},\"image\":{\"@id\":\"https:\/\/nordnesrepublikken.no\/index.php\/2025\/12\/28\/hvordan-kina-beveget-seg-fra-kreftlandsbyer-til-lederskap-mot-netto-null\/#primaryimage\"},\"thumbnailUrl\":\"https:\/\/nordnesrepublikken.no\/wp-content\/uploads\/2025\/12\/1766944289_Hvordan-Kina-beveget-seg-fra-kreftlandsbyer-til-lederskap-mot-netto-scaled.jpg\",\"keywords\":[\"beveget\",\"fra\",\"Hvordan\",\"Kina\",\"kreftlandsbyer\",\"lederskap\",\"mot\",\"netto\",\"null\",\"seg\",\"til\"],\"articleSection\":[\"Milj\u00f8\"],\"inLanguage\":\"nb-NO\"},{\"@type\":\"WebPage\",\"@id\":\"https:\/\/nordnesrepublikken.no\/index.php\/2025\/12\/28\/hvordan-kina-beveget-seg-fra-kreftlandsbyer-til-lederskap-mot-netto-null\/\",\"url\":\"https:\/\/nordnesrepublikken.no\/index.php\/2025\/12\/28\/hvordan-kina-beveget-seg-fra-kreftlandsbyer-til-lederskap-mot-netto-null\/\",\"name\":\"Hvordan Kina beveget seg fra kreftlandsbyer til lederskap mot netto null - Nordnesrepublikken\",\"isPartOf\":{\"@id\":\"https:\/\/nordnesrepublikken.no\/#website\"},\"primaryImageOfPage\":{\"@id\":\"https:\/\/nordnesrepublikken.no\/index.php\/2025\/12\/28\/hvordan-kina-beveget-seg-fra-kreftlandsbyer-til-lederskap-mot-netto-null\/#primaryimage\"},\"image\":{\"@id\":\"https:\/\/nordnesrepublikken.no\/index.php\/2025\/12\/28\/hvordan-kina-beveget-seg-fra-kreftlandsbyer-til-lederskap-mot-netto-null\/#primaryimage\"},\"thumbnailUrl\":\"https:\/\/nordnesrepublikken.no\/wp-content\/uploads\/2025\/12\/1766944289_Hvordan-Kina-beveget-seg-fra-kreftlandsbyer-til-lederskap-mot-netto-scaled.jpg\",\"datePublished\":\"2025-12-28T17:51:27+00:00\",\"dateModified\":\"2025-12-28T17:51:33+00:00\",\"breadcrumb\":{\"@id\":\"https:\/\/nordnesrepublikken.no\/index.php\/2025\/12\/28\/hvordan-kina-beveget-seg-fra-kreftlandsbyer-til-lederskap-mot-netto-null\/#breadcrumb\"},\"inLanguage\":\"nb-NO\",\"potentialAction\":[{\"@type\":\"ReadAction\",\"target\":[\"https:\/\/nordnesrepublikken.no\/index.php\/2025\/12\/28\/hvordan-kina-beveget-seg-fra-kreftlandsbyer-til-lederskap-mot-netto-null\/\"]}]},{\"@type\":\"ImageObject\",\"inLanguage\":\"nb-NO\",\"@id\":\"https:\/\/nordnesrepublikken.no\/index.php\/2025\/12\/28\/hvordan-kina-beveget-seg-fra-kreftlandsbyer-til-lederskap-mot-netto-null\/#primaryimage\",\"url\":\"https:\/\/nordnesrepublikken.no\/wp-content\/uploads\/2025\/12\/1766944289_Hvordan-Kina-beveget-seg-fra-kreftlandsbyer-til-lederskap-mot-netto-scaled.jpg\",\"contentUrl\":\"https:\/\/nordnesrepublikken.no\/wp-content\/uploads\/2025\/12\/1766944289_Hvordan-Kina-beveget-seg-fra-kreftlandsbyer-til-lederskap-mot-netto-scaled.jpg\",\"width\":2560,\"height\":1707,\"caption\":\"Hvordan Kina beveget seg fra kreftlandsbyer til lederskap mot netto null\"},{\"@type\":\"BreadcrumbList\",\"@id\":\"https:\/\/nordnesrepublikken.no\/index.php\/2025\/12\/28\/hvordan-kina-beveget-seg-fra-kreftlandsbyer-til-lederskap-mot-netto-null\/#breadcrumb\",\"itemListElement\":[{\"@type\":\"ListItem\",\"position\":1,\"name\":\"Home\",\"item\":\"https:\/\/nordnesrepublikken.no\/\"},{\"@type\":\"ListItem\",\"position\":2,\"name\":\"Hvordan Kina beveget seg fra kreftlandsbyer til lederskap mot netto null\"}]},{\"@type\":\"WebSite\",\"@id\":\"https:\/\/nordnesrepublikken.no\/#website\",\"url\":\"https:\/\/nordnesrepublikken.no\/\",\"name\":\"Nordnesrepublikken\",\"description\":\"Stemmer og Visjoner fra Republikkens Hjerte\",\"publisher\":{\"@id\":\"https:\/\/nordnesrepublikken.no\/#organization\"},\"potentialAction\":[{\"@type\":\"SearchAction\",\"target\":{\"@type\":\"EntryPoint\",\"urlTemplate\":\"https:\/\/nordnesrepublikken.no\/?s={search_term_string}\"},\"query-input\":{\"@type\":\"PropertyValueSpecification\",\"valueRequired\":true,\"valueName\":\"search_term_string\"}}],\"inLanguage\":\"nb-NO\"},{\"@type\":\"Organization\",\"@id\":\"https:\/\/nordnesrepublikken.no\/#organization\",\"name\":\"Nordnesrepublikken\",\"url\":\"https:\/\/nordnesrepublikken.no\/\",\"logo\":{\"@type\":\"ImageObject\",\"inLanguage\":\"nb-NO\",\"@id\":\"https:\/\/nordnesrepublikken.no\/#\/schema\/logo\/image\/\",\"url\":\"https:\/\/nordnesrepublikken.no\/wp-content\/uploads\/2025\/02\/cropped-nordnesrepublikken-2.png\",\"contentUrl\":\"https:\/\/nordnesrepublikken.no\/wp-content\/uploads\/2025\/02\/cropped-nordnesrepublikken-2.png\",\"width\":1248,\"height\":362,\"caption\":\"Nordnesrepublikken\"},\"image\":{\"@id\":\"https:\/\/nordnesrepublikken.no\/#\/schema\/logo\/image\/\"}},{\"@type\":\"Person\",\"@id\":\"https:\/\/nordnesrepublikken.no\/#\/schema\/person\/2e7e81935bab77882fffb79296240ff1\",\"name\":\"Ole Andersen\",\"image\":{\"@type\":\"ImageObject\",\"inLanguage\":\"nb-NO\",\"@id\":\"https:\/\/nordnesrepublikken.no\/#\/schema\/person\/image\/\",\"url\":\"https:\/\/nordnesrepublikken.no\/wp-content\/uploads\/2025\/02\/nordnesrepublikken-2-2-150x150.jpg\",\"contentUrl\":\"https:\/\/nordnesrepublikken.no\/wp-content\/uploads\/2025\/02\/nordnesrepublikken-2-2-150x150.jpg\",\"caption\":\"Ole Andersen\"},\"description\":\"Ettersom jeg vokste opp i Oslo, har jeg alltid v\u00e6rt fascinert av ordenes kraft og deres evne til \u00e5 skape endringer. Etter \u00e5 ha fullf\u00f8rt min utdannelse i kommunikasjon ved Universitetet i Bergen, fikk jeg muligheten til \u00e5 jobbe innen ulike medier, der jeg har s\u00f8kt \u00e5 belyse viktige samfunnssp\u00f8rsm\u00e5l. I dag, som redakt\u00f8r for Nordnesrepublikken, pr\u00f8ver jeg \u00e5 forene min kj\u00e6rlighet for journalistikk med min lidenskap for innovasjon og eventyr.\",\"sameAs\":[\"https:\/\/nordnesrepublikken.no\/\"]}]}<\/script>\n<!-- \/ Yoast SEO plugin. -->","yoast_head_json":{"title":"Hvordan Kina beveget seg fra kreftlandsbyer til lederskap mot netto null - Nordnesrepublikken","robots":{"index":"index","follow":"follow","max-snippet":"max-snippet:-1","max-image-preview":"max-image-preview:large","max-video-preview":"max-video-preview:-1"},"canonical":"https:\/\/nordnesrepublikken.no\/index.php\/2025\/12\/28\/hvordan-kina-beveget-seg-fra-kreftlandsbyer-til-lederskap-mot-netto-null\/","og_locale":"nb_NO","og_type":"article","og_title":"Hvordan Kina beveget seg fra kreftlandsbyer til lederskap mot netto null - Nordnesrepublikken","og_description":"Ved utgangen av 2025 er Kina ikke bare en \u00f8konomisk supermakt, men sannsynligvis ogs\u00e5 nasjonen","og_url":"https:\/\/nordnesrepublikken.no\/index.php\/2025\/12\/28\/hvordan-kina-beveget-seg-fra-kreftlandsbyer-til-lederskap-mot-netto-null\/","og_site_name":"Nordnesrepublikken","article_published_time":"2025-12-28T17:51:27+00:00","article_modified_time":"2025-12-28T17:51:33+00:00","og_image":[{"width":2560,"height":1707,"url":"https:\/\/nordnesrepublikken.no\/wp-content\/uploads\/2025\/12\/1766944289_Hvordan-Kina-beveget-seg-fra-kreftlandsbyer-til-lederskap-mot-netto-scaled.jpg","type":"image\/jpeg"}],"author":"Ole Andersen","twitter_card":"summary_large_image","twitter_misc":{"Skrevet av":"Ole Andersen","Ansl. lesetid":"6 minutter"},"schema":{"@context":"https:\/\/schema.org","@graph":[{"@type":"Article","@id":"https:\/\/nordnesrepublikken.no\/index.php\/2025\/12\/28\/hvordan-kina-beveget-seg-fra-kreftlandsbyer-til-lederskap-mot-netto-null\/#article","isPartOf":{"@id":"https:\/\/nordnesrepublikken.no\/index.php\/2025\/12\/28\/hvordan-kina-beveget-seg-fra-kreftlandsbyer-til-lederskap-mot-netto-null\/"},"author":{"name":"Ole Andersen","@id":"https:\/\/nordnesrepublikken.no\/#\/schema\/person\/2e7e81935bab77882fffb79296240ff1"},"headline":"Hvordan Kina beveget seg fra kreftlandsbyer til lederskap mot netto null","datePublished":"2025-12-28T17:51:27+00:00","dateModified":"2025-12-28T17:51:33+00:00","mainEntityOfPage":{"@id":"https:\/\/nordnesrepublikken.no\/index.php\/2025\/12\/28\/hvordan-kina-beveget-seg-fra-kreftlandsbyer-til-lederskap-mot-netto-null\/"},"wordCount":1272,"publisher":{"@id":"https:\/\/nordnesrepublikken.no\/#organization"},"image":{"@id":"https:\/\/nordnesrepublikken.no\/index.php\/2025\/12\/28\/hvordan-kina-beveget-seg-fra-kreftlandsbyer-til-lederskap-mot-netto-null\/#primaryimage"},"thumbnailUrl":"https:\/\/nordnesrepublikken.no\/wp-content\/uploads\/2025\/12\/1766944289_Hvordan-Kina-beveget-seg-fra-kreftlandsbyer-til-lederskap-mot-netto-scaled.jpg","keywords":["beveget","fra","Hvordan","Kina","kreftlandsbyer","lederskap","mot","netto","null","seg","til"],"articleSection":["Milj\u00f8"],"inLanguage":"nb-NO"},{"@type":"WebPage","@id":"https:\/\/nordnesrepublikken.no\/index.php\/2025\/12\/28\/hvordan-kina-beveget-seg-fra-kreftlandsbyer-til-lederskap-mot-netto-null\/","url":"https:\/\/nordnesrepublikken.no\/index.php\/2025\/12\/28\/hvordan-kina-beveget-seg-fra-kreftlandsbyer-til-lederskap-mot-netto-null\/","name":"Hvordan Kina beveget seg fra kreftlandsbyer til lederskap mot netto null - Nordnesrepublikken","isPartOf":{"@id":"https:\/\/nordnesrepublikken.no\/#website"},"primaryImageOfPage":{"@id":"https:\/\/nordnesrepublikken.no\/index.php\/2025\/12\/28\/hvordan-kina-beveget-seg-fra-kreftlandsbyer-til-lederskap-mot-netto-null\/#primaryimage"},"image":{"@id":"https:\/\/nordnesrepublikken.no\/index.php\/2025\/12\/28\/hvordan-kina-beveget-seg-fra-kreftlandsbyer-til-lederskap-mot-netto-null\/#primaryimage"},"thumbnailUrl":"https:\/\/nordnesrepublikken.no\/wp-content\/uploads\/2025\/12\/1766944289_Hvordan-Kina-beveget-seg-fra-kreftlandsbyer-til-lederskap-mot-netto-scaled.jpg","datePublished":"2025-12-28T17:51:27+00:00","dateModified":"2025-12-28T17:51:33+00:00","breadcrumb":{"@id":"https:\/\/nordnesrepublikken.no\/index.php\/2025\/12\/28\/hvordan-kina-beveget-seg-fra-kreftlandsbyer-til-lederskap-mot-netto-null\/#breadcrumb"},"inLanguage":"nb-NO","potentialAction":[{"@type":"ReadAction","target":["https:\/\/nordnesrepublikken.no\/index.php\/2025\/12\/28\/hvordan-kina-beveget-seg-fra-kreftlandsbyer-til-lederskap-mot-netto-null\/"]}]},{"@type":"ImageObject","inLanguage":"nb-NO","@id":"https:\/\/nordnesrepublikken.no\/index.php\/2025\/12\/28\/hvordan-kina-beveget-seg-fra-kreftlandsbyer-til-lederskap-mot-netto-null\/#primaryimage","url":"https:\/\/nordnesrepublikken.no\/wp-content\/uploads\/2025\/12\/1766944289_Hvordan-Kina-beveget-seg-fra-kreftlandsbyer-til-lederskap-mot-netto-scaled.jpg","contentUrl":"https:\/\/nordnesrepublikken.no\/wp-content\/uploads\/2025\/12\/1766944289_Hvordan-Kina-beveget-seg-fra-kreftlandsbyer-til-lederskap-mot-netto-scaled.jpg","width":2560,"height":1707,"caption":"Hvordan Kina beveget seg fra kreftlandsbyer til lederskap mot netto null"},{"@type":"BreadcrumbList","@id":"https:\/\/nordnesrepublikken.no\/index.php\/2025\/12\/28\/hvordan-kina-beveget-seg-fra-kreftlandsbyer-til-lederskap-mot-netto-null\/#breadcrumb","itemListElement":[{"@type":"ListItem","position":1,"name":"Home","item":"https:\/\/nordnesrepublikken.no\/"},{"@type":"ListItem","position":2,"name":"Hvordan Kina beveget seg fra kreftlandsbyer til lederskap mot netto null"}]},{"@type":"WebSite","@id":"https:\/\/nordnesrepublikken.no\/#website","url":"https:\/\/nordnesrepublikken.no\/","name":"Nordnesrepublikken","description":"Stemmer og Visjoner fra Republikkens Hjerte","publisher":{"@id":"https:\/\/nordnesrepublikken.no\/#organization"},"potentialAction":[{"@type":"SearchAction","target":{"@type":"EntryPoint","urlTemplate":"https:\/\/nordnesrepublikken.no\/?s={search_term_string}"},"query-input":{"@type":"PropertyValueSpecification","valueRequired":true,"valueName":"search_term_string"}}],"inLanguage":"nb-NO"},{"@type":"Organization","@id":"https:\/\/nordnesrepublikken.no\/#organization","name":"Nordnesrepublikken","url":"https:\/\/nordnesrepublikken.no\/","logo":{"@type":"ImageObject","inLanguage":"nb-NO","@id":"https:\/\/nordnesrepublikken.no\/#\/schema\/logo\/image\/","url":"https:\/\/nordnesrepublikken.no\/wp-content\/uploads\/2025\/02\/cropped-nordnesrepublikken-2.png","contentUrl":"https:\/\/nordnesrepublikken.no\/wp-content\/uploads\/2025\/02\/cropped-nordnesrepublikken-2.png","width":1248,"height":362,"caption":"Nordnesrepublikken"},"image":{"@id":"https:\/\/nordnesrepublikken.no\/#\/schema\/logo\/image\/"}},{"@type":"Person","@id":"https:\/\/nordnesrepublikken.no\/#\/schema\/person\/2e7e81935bab77882fffb79296240ff1","name":"Ole Andersen","image":{"@type":"ImageObject","inLanguage":"nb-NO","@id":"https:\/\/nordnesrepublikken.no\/#\/schema\/person\/image\/","url":"https:\/\/nordnesrepublikken.no\/wp-content\/uploads\/2025\/02\/nordnesrepublikken-2-2-150x150.jpg","contentUrl":"https:\/\/nordnesrepublikken.no\/wp-content\/uploads\/2025\/02\/nordnesrepublikken-2-2-150x150.jpg","caption":"Ole Andersen"},"description":"Ettersom jeg vokste opp i Oslo, har jeg alltid v\u00e6rt fascinert av ordenes kraft og deres evne til \u00e5 skape endringer. Etter \u00e5 ha fullf\u00f8rt min utdannelse i kommunikasjon ved Universitetet i Bergen, fikk jeg muligheten til \u00e5 jobbe innen ulike medier, der jeg har s\u00f8kt \u00e5 belyse viktige samfunnssp\u00f8rsm\u00e5l. I dag, som redakt\u00f8r for Nordnesrepublikken, pr\u00f8ver jeg \u00e5 forene min kj\u00e6rlighet for journalistikk med min lidenskap for innovasjon og eventyr.","sameAs":["https:\/\/nordnesrepublikken.no\/"]}]}},"_links":{"self":[{"href":"https:\/\/nordnesrepublikken.no\/index.php\/wp-json\/wp\/v2\/posts\/13288","targetHints":{"allow":["GET"]}}],"collection":[{"href":"https:\/\/nordnesrepublikken.no\/index.php\/wp-json\/wp\/v2\/posts"}],"about":[{"href":"https:\/\/nordnesrepublikken.no\/index.php\/wp-json\/wp\/v2\/types\/post"}],"author":[{"embeddable":true,"href":"https:\/\/nordnesrepublikken.no\/index.php\/wp-json\/wp\/v2\/users\/1"}],"replies":[{"embeddable":true,"href":"https:\/\/nordnesrepublikken.no\/index.php\/wp-json\/wp\/v2\/comments?post=13288"}],"version-history":[{"count":1,"href":"https:\/\/nordnesrepublikken.no\/index.php\/wp-json\/wp\/v2\/posts\/13288\/revisions"}],"predecessor-version":[{"id":13290,"href":"https:\/\/nordnesrepublikken.no\/index.php\/wp-json\/wp\/v2\/posts\/13288\/revisions\/13290"}],"wp:featuredmedia":[{"embeddable":true,"href":"https:\/\/nordnesrepublikken.no\/index.php\/wp-json\/wp\/v2\/media\/13289"}],"wp:attachment":[{"href":"https:\/\/nordnesrepublikken.no\/index.php\/wp-json\/wp\/v2\/media?parent=13288"}],"wp:term":[{"taxonomy":"category","embeddable":true,"href":"https:\/\/nordnesrepublikken.no\/index.php\/wp-json\/wp\/v2\/categories?post=13288"},{"taxonomy":"post_tag","embeddable":true,"href":"https:\/\/nordnesrepublikken.no\/index.php\/wp-json\/wp\/v2\/tags?post=13288"}],"curies":[{"name":"wp","href":"https:\/\/api.w.org\/{rel}","templated":true}]}}