{"id":13216,"date":"2025-12-26T00:51:21","date_gmt":"2025-12-25T23:51:21","guid":{"rendered":"https:\/\/nordnesrepublikken.no\/index.php\/2025\/12\/26\/hvorfor-fredssymbolet-har-den-formen-og-hva-det-betyr\/"},"modified":"2025-12-26T00:51:24","modified_gmt":"2025-12-25T23:51:24","slug":"hvorfor-fredssymbolet-har-den-formen-og-hva-det-betyr","status":"publish","type":"post","link":"https:\/\/nordnesrepublikken.no\/index.php\/2025\/12\/26\/hvorfor-fredssymbolet-har-den-formen-og-hva-det-betyr\/","title":{"rendered":"Hvorfor fredssymbolet har den formen og hva det betyr"},"content":{"rendered":"<div>\n<div class=\"cp_wrapper cp_wrapper--fw mb-30 mb-20@tablet\">\n<figure class=\"mm\"><picture class=\"img\" style=\"padding-top:56.25%\"><source  media=\"(min-width: 1024px)\"><source  media=\"(min-width: 768px)\"><\/source><\/source><\/picture><\/figure>\n<\/p><\/div>\n<p>Tre linjer inne i en sirkel: den <strong>symbol p\u00e5 fred <\/strong>(\u262e) er absolutt <strong>en av de mest gjenkjennelige<\/strong>men ikke alle vet opprinnelsen. Til tross for hva vi kanskje tror, \u200b\u200bble dette ikke f\u00f8dt som et symbol p\u00e5 fred, men for bevegelsen for fred <strong>atomnedrustning<\/strong> p\u00e5 60-tallet.<\/p>\n<h2>Historie og opprinnelse: hvem oppfant det og n\u00e5r<\/h2>\n<p>Symbolet ble offisielt f\u00f8dt p\u00e5 <strong>21. februar 1958<\/strong> fra h\u00e5nden til <strong>Gerald Holtom,<\/strong> Britisk illustrat\u00f8r og grafisk designer, som jobbet med en logo for <em>Britisk kampanje for atomnedrustning<\/em> (CND), det vil si den engelske kampanjen som promoterte <strong>atomnedrustning<\/strong>: Det hadde g\u00e5tt noen \u00e5r siden eksplosjonene i Hiroshima og Nagasaki og det anspente klimaet under den kalde krigen gjorde ikke annet enn \u00e5 \u00f8ke frykten for et nytt angrep av denne typen.<\/p>\n<p>I de \u00e5rene var det derfor mange <strong>fredelige protester<\/strong> p\u00e5 gatene i byene og nettopp for en av disse \u2013 den p\u00e5 Londons Trafalgar Square \u2013 ble det besluttet \u00e5 lage et symbol for bevegelsen som kunne viftes p\u00e5 flagg og reklametavler.<\/p>\n<h2>Betydningen av formen til fredssymbolet<\/h2>\n<p>Den dag i dag er det ikke kjent n\u00f8yaktig hva Holtoms id\u00e9 var, gitt at han i \u00e5renes l\u00f8p selv fortalte <strong>forskjellige versjoner<\/strong> av samme historie.<br \/>Den f\u00f8rste av disse hevder at symbolet ikke er noe mer enn en stilisert versjon som kombinerer bokstavene <strong>Ingen<\/strong> Og <strong>D<\/strong> i <strong>trafikklys alfabetet<\/strong> \u2013 det vil si det alfabetet som produseres ved bevegelse av flagg og vanligvis brukes i marinen \u2013 innenfor en sirkel. Disse to bokstavene, representert i bildet nedenfor, ville st\u00e5 for <strong>&laquo;Atomnedrustning&raquo;<\/strong> \u2013 det vil si atomnedrustning.<\/p>\n<div class=\"cp_wrapper cp_wrapper--fw mb-50\">\n<figure class=\"mm\"><picture class=\"img\" style=\"padding-top:58.493526873284%\"><source  media=\"(min-width: 1024px)\"><source  media=\"(min-width: 768px)\"><img decoding=\"async\" loading=\"lazy\" src=\"https:\/\/nordnesrepublikken.no\/wp-content\/uploads\/2025\/12\/1766706681_359_Hvorfor-fredssymbolet-har-den-formen-og-hva-det-betyr.jpg\" alt=\"Bilde\" width=\"2549\" height=\"1491\"\/><\/source><\/source><\/picture><\/figure>\n<\/p><\/div>\n<p>Den andre historien forteller oss i stedet at disse tre linjene ikke ville v\u00e6re noe mer enn den stiliserte versjonen av en person med armene \u00e5pne nedover, som et tegn p\u00e5 overgivelse.<br \/>Uansett hva den sanne opprinnelsen er, er det interessant \u00e5 merke seg hvordan planen p\u00e5 kort tid gikk fra \u00e5 v\u00e6re n\u00e6rt knyttet til antinuklearisme til \u00e5 bli en<strong> symbol p\u00e5 fred for hele generasjoner<\/strong>.<\/p>\n<p>I virkeligheten er det andre symboler p\u00e5 fred, fra <strong>due med en olivengren<\/strong>opp til det samme <strong>flagg<\/strong> av fred, regnbuefarge.<\/p>\n<\/p><\/div>\n","protected":false},"excerpt":{"rendered":"<p>Tre linjer inne i en sirkel: den symbol p\u00e5 fred (\u262e) er absolutt en av<\/p>\n","protected":false},"author":1,"featured_media":13217,"comment_status":"closed","ping_status":"open","sticky":false,"template":"","format":"standard","meta":{"footnotes":""},"categories":[104],"tags":[186,74,66,1746,8699,179,144,101],"class_list":["post-13216","post","type-post","status-publish","format-standard","has-post-thumbnail","hentry","category-samfunn","tag-betyr","tag-den","tag-det","tag-formen","tag-fredssymbolet","tag-har","tag-hva","tag-hvorfor","generate-columns","tablet-grid-50","mobile-grid-100","grid-parent","grid-33","resize-featured-image"],"yoast_head":"<!-- This site is optimized with the Yoast SEO plugin v24.4 - https:\/\/yoast.com\/wordpress\/plugins\/seo\/ -->\n<title>Hvorfor fredssymbolet har den formen og hva det betyr - Nordnesrepublikken<\/title>\n<meta name=\"robots\" content=\"index, follow, max-snippet:-1, max-image-preview:large, max-video-preview:-1\" \/>\n<link rel=\"canonical\" href=\"https:\/\/nordnesrepublikken.no\/index.php\/2025\/12\/26\/hvorfor-fredssymbolet-har-den-formen-og-hva-det-betyr\/\" \/>\n<meta property=\"og:locale\" content=\"nb_NO\" \/>\n<meta property=\"og:type\" content=\"article\" \/>\n<meta property=\"og:title\" content=\"Hvorfor fredssymbolet har den formen og hva det betyr - Nordnesrepublikken\" \/>\n<meta property=\"og:description\" content=\"Tre linjer inne i en sirkel: den symbol p\u00e5 fred (\u262e) er absolutt en av\" \/>\n<meta property=\"og:url\" content=\"https:\/\/nordnesrepublikken.no\/index.php\/2025\/12\/26\/hvorfor-fredssymbolet-har-den-formen-og-hva-det-betyr\/\" \/>\n<meta property=\"og:site_name\" content=\"Nordnesrepublikken\" \/>\n<meta property=\"article:published_time\" content=\"2025-12-25T23:51:21+00:00\" \/>\n<meta property=\"article:modified_time\" content=\"2025-12-25T23:51:24+00:00\" \/>\n<meta property=\"og:image\" content=\"https:\/\/nordnesrepublikken.no\/wp-content\/uploads\/2025\/12\/1766706682_Hvorfor-fredssymbolet-har-den-formen-og-hva-det-betyr.jpg\" \/>\n\t<meta property=\"og:image:width\" content=\"2549\" \/>\n\t<meta property=\"og:image:height\" content=\"1491\" \/>\n\t<meta property=\"og:image:type\" content=\"image\/jpeg\" \/>\n<meta name=\"author\" content=\"Ole Andersen\" \/>\n<meta name=\"twitter:card\" content=\"summary_large_image\" \/>\n<meta name=\"twitter:label1\" content=\"Skrevet av\" \/>\n\t<meta name=\"twitter:data1\" content=\"Ole Andersen\" \/>\n\t<meta name=\"twitter:label2\" content=\"Ansl. lesetid\" \/>\n\t<meta name=\"twitter:data2\" content=\"2 minutter\" \/>\n<script type=\"application\/ld+json\" class=\"yoast-schema-graph\">{\"@context\":\"https:\/\/schema.org\",\"@graph\":[{\"@type\":\"Article\",\"@id\":\"https:\/\/nordnesrepublikken.no\/index.php\/2025\/12\/26\/hvorfor-fredssymbolet-har-den-formen-og-hva-det-betyr\/#article\",\"isPartOf\":{\"@id\":\"https:\/\/nordnesrepublikken.no\/index.php\/2025\/12\/26\/hvorfor-fredssymbolet-har-den-formen-og-hva-det-betyr\/\"},\"author\":{\"name\":\"Ole Andersen\",\"@id\":\"https:\/\/nordnesrepublikken.no\/#\/schema\/person\/2e7e81935bab77882fffb79296240ff1\"},\"headline\":\"Hvorfor fredssymbolet har den formen og hva det betyr\",\"datePublished\":\"2025-12-25T23:51:21+00:00\",\"dateModified\":\"2025-12-25T23:51:24+00:00\",\"mainEntityOfPage\":{\"@id\":\"https:\/\/nordnesrepublikken.no\/index.php\/2025\/12\/26\/hvorfor-fredssymbolet-har-den-formen-og-hva-det-betyr\/\"},\"wordCount\":354,\"publisher\":{\"@id\":\"https:\/\/nordnesrepublikken.no\/#organization\"},\"image\":{\"@id\":\"https:\/\/nordnesrepublikken.no\/index.php\/2025\/12\/26\/hvorfor-fredssymbolet-har-den-formen-og-hva-det-betyr\/#primaryimage\"},\"thumbnailUrl\":\"https:\/\/nordnesrepublikken.no\/wp-content\/uploads\/2025\/12\/1766706682_Hvorfor-fredssymbolet-har-den-formen-og-hva-det-betyr.jpg\",\"keywords\":[\"betyr\",\"den\",\"Det\",\"formen\",\"fredssymbolet\",\"har\",\"Hva\",\"hvorfor\"],\"articleSection\":[\"Samfunn\"],\"inLanguage\":\"nb-NO\"},{\"@type\":\"WebPage\",\"@id\":\"https:\/\/nordnesrepublikken.no\/index.php\/2025\/12\/26\/hvorfor-fredssymbolet-har-den-formen-og-hva-det-betyr\/\",\"url\":\"https:\/\/nordnesrepublikken.no\/index.php\/2025\/12\/26\/hvorfor-fredssymbolet-har-den-formen-og-hva-det-betyr\/\",\"name\":\"Hvorfor fredssymbolet har den formen og hva det betyr - Nordnesrepublikken\",\"isPartOf\":{\"@id\":\"https:\/\/nordnesrepublikken.no\/#website\"},\"primaryImageOfPage\":{\"@id\":\"https:\/\/nordnesrepublikken.no\/index.php\/2025\/12\/26\/hvorfor-fredssymbolet-har-den-formen-og-hva-det-betyr\/#primaryimage\"},\"image\":{\"@id\":\"https:\/\/nordnesrepublikken.no\/index.php\/2025\/12\/26\/hvorfor-fredssymbolet-har-den-formen-og-hva-det-betyr\/#primaryimage\"},\"thumbnailUrl\":\"https:\/\/nordnesrepublikken.no\/wp-content\/uploads\/2025\/12\/1766706682_Hvorfor-fredssymbolet-har-den-formen-og-hva-det-betyr.jpg\",\"datePublished\":\"2025-12-25T23:51:21+00:00\",\"dateModified\":\"2025-12-25T23:51:24+00:00\",\"breadcrumb\":{\"@id\":\"https:\/\/nordnesrepublikken.no\/index.php\/2025\/12\/26\/hvorfor-fredssymbolet-har-den-formen-og-hva-det-betyr\/#breadcrumb\"},\"inLanguage\":\"nb-NO\",\"potentialAction\":[{\"@type\":\"ReadAction\",\"target\":[\"https:\/\/nordnesrepublikken.no\/index.php\/2025\/12\/26\/hvorfor-fredssymbolet-har-den-formen-og-hva-det-betyr\/\"]}]},{\"@type\":\"ImageObject\",\"inLanguage\":\"nb-NO\",\"@id\":\"https:\/\/nordnesrepublikken.no\/index.php\/2025\/12\/26\/hvorfor-fredssymbolet-har-den-formen-og-hva-det-betyr\/#primaryimage\",\"url\":\"https:\/\/nordnesrepublikken.no\/wp-content\/uploads\/2025\/12\/1766706682_Hvorfor-fredssymbolet-har-den-formen-og-hva-det-betyr.jpg\",\"contentUrl\":\"https:\/\/nordnesrepublikken.no\/wp-content\/uploads\/2025\/12\/1766706682_Hvorfor-fredssymbolet-har-den-formen-og-hva-det-betyr.jpg\",\"width\":2549,\"height\":1491,\"caption\":\"Hvorfor fredssymbolet har den formen og hva det betyr\"},{\"@type\":\"BreadcrumbList\",\"@id\":\"https:\/\/nordnesrepublikken.no\/index.php\/2025\/12\/26\/hvorfor-fredssymbolet-har-den-formen-og-hva-det-betyr\/#breadcrumb\",\"itemListElement\":[{\"@type\":\"ListItem\",\"position\":1,\"name\":\"Home\",\"item\":\"https:\/\/nordnesrepublikken.no\/\"},{\"@type\":\"ListItem\",\"position\":2,\"name\":\"Hvorfor fredssymbolet har den formen og hva det betyr\"}]},{\"@type\":\"WebSite\",\"@id\":\"https:\/\/nordnesrepublikken.no\/#website\",\"url\":\"https:\/\/nordnesrepublikken.no\/\",\"name\":\"Nordnesrepublikken\",\"description\":\"Stemmer og Visjoner fra Republikkens Hjerte\",\"publisher\":{\"@id\":\"https:\/\/nordnesrepublikken.no\/#organization\"},\"potentialAction\":[{\"@type\":\"SearchAction\",\"target\":{\"@type\":\"EntryPoint\",\"urlTemplate\":\"https:\/\/nordnesrepublikken.no\/?s={search_term_string}\"},\"query-input\":{\"@type\":\"PropertyValueSpecification\",\"valueRequired\":true,\"valueName\":\"search_term_string\"}}],\"inLanguage\":\"nb-NO\"},{\"@type\":\"Organization\",\"@id\":\"https:\/\/nordnesrepublikken.no\/#organization\",\"name\":\"Nordnesrepublikken\",\"url\":\"https:\/\/nordnesrepublikken.no\/\",\"logo\":{\"@type\":\"ImageObject\",\"inLanguage\":\"nb-NO\",\"@id\":\"https:\/\/nordnesrepublikken.no\/#\/schema\/logo\/image\/\",\"url\":\"https:\/\/nordnesrepublikken.no\/wp-content\/uploads\/2025\/02\/cropped-nordnesrepublikken-2.png\",\"contentUrl\":\"https:\/\/nordnesrepublikken.no\/wp-content\/uploads\/2025\/02\/cropped-nordnesrepublikken-2.png\",\"width\":1248,\"height\":362,\"caption\":\"Nordnesrepublikken\"},\"image\":{\"@id\":\"https:\/\/nordnesrepublikken.no\/#\/schema\/logo\/image\/\"}},{\"@type\":\"Person\",\"@id\":\"https:\/\/nordnesrepublikken.no\/#\/schema\/person\/2e7e81935bab77882fffb79296240ff1\",\"name\":\"Ole Andersen\",\"image\":{\"@type\":\"ImageObject\",\"inLanguage\":\"nb-NO\",\"@id\":\"https:\/\/nordnesrepublikken.no\/#\/schema\/person\/image\/\",\"url\":\"https:\/\/nordnesrepublikken.no\/wp-content\/uploads\/2025\/02\/nordnesrepublikken-2-2-150x150.jpg\",\"contentUrl\":\"https:\/\/nordnesrepublikken.no\/wp-content\/uploads\/2025\/02\/nordnesrepublikken-2-2-150x150.jpg\",\"caption\":\"Ole Andersen\"},\"description\":\"Ettersom jeg vokste opp i Oslo, har jeg alltid v\u00e6rt fascinert av ordenes kraft og deres evne til \u00e5 skape endringer. Etter \u00e5 ha fullf\u00f8rt min utdannelse i kommunikasjon ved Universitetet i Bergen, fikk jeg muligheten til \u00e5 jobbe innen ulike medier, der jeg har s\u00f8kt \u00e5 belyse viktige samfunnssp\u00f8rsm\u00e5l. I dag, som redakt\u00f8r for Nordnesrepublikken, pr\u00f8ver jeg \u00e5 forene min kj\u00e6rlighet for journalistikk med min lidenskap for innovasjon og eventyr.\",\"sameAs\":[\"https:\/\/nordnesrepublikken.no\/\"]}]}<\/script>\n<!-- \/ Yoast SEO plugin. -->","yoast_head_json":{"title":"Hvorfor fredssymbolet har den formen og hva det betyr - Nordnesrepublikken","robots":{"index":"index","follow":"follow","max-snippet":"max-snippet:-1","max-image-preview":"max-image-preview:large","max-video-preview":"max-video-preview:-1"},"canonical":"https:\/\/nordnesrepublikken.no\/index.php\/2025\/12\/26\/hvorfor-fredssymbolet-har-den-formen-og-hva-det-betyr\/","og_locale":"nb_NO","og_type":"article","og_title":"Hvorfor fredssymbolet har den formen og hva det betyr - Nordnesrepublikken","og_description":"Tre linjer inne i en sirkel: den symbol p\u00e5 fred (\u262e) er absolutt en av","og_url":"https:\/\/nordnesrepublikken.no\/index.php\/2025\/12\/26\/hvorfor-fredssymbolet-har-den-formen-og-hva-det-betyr\/","og_site_name":"Nordnesrepublikken","article_published_time":"2025-12-25T23:51:21+00:00","article_modified_time":"2025-12-25T23:51:24+00:00","og_image":[{"width":2549,"height":1491,"url":"https:\/\/nordnesrepublikken.no\/wp-content\/uploads\/2025\/12\/1766706682_Hvorfor-fredssymbolet-har-den-formen-og-hva-det-betyr.jpg","type":"image\/jpeg"}],"author":"Ole Andersen","twitter_card":"summary_large_image","twitter_misc":{"Skrevet av":"Ole Andersen","Ansl. lesetid":"2 minutter"},"schema":{"@context":"https:\/\/schema.org","@graph":[{"@type":"Article","@id":"https:\/\/nordnesrepublikken.no\/index.php\/2025\/12\/26\/hvorfor-fredssymbolet-har-den-formen-og-hva-det-betyr\/#article","isPartOf":{"@id":"https:\/\/nordnesrepublikken.no\/index.php\/2025\/12\/26\/hvorfor-fredssymbolet-har-den-formen-og-hva-det-betyr\/"},"author":{"name":"Ole Andersen","@id":"https:\/\/nordnesrepublikken.no\/#\/schema\/person\/2e7e81935bab77882fffb79296240ff1"},"headline":"Hvorfor fredssymbolet har den formen og hva det betyr","datePublished":"2025-12-25T23:51:21+00:00","dateModified":"2025-12-25T23:51:24+00:00","mainEntityOfPage":{"@id":"https:\/\/nordnesrepublikken.no\/index.php\/2025\/12\/26\/hvorfor-fredssymbolet-har-den-formen-og-hva-det-betyr\/"},"wordCount":354,"publisher":{"@id":"https:\/\/nordnesrepublikken.no\/#organization"},"image":{"@id":"https:\/\/nordnesrepublikken.no\/index.php\/2025\/12\/26\/hvorfor-fredssymbolet-har-den-formen-og-hva-det-betyr\/#primaryimage"},"thumbnailUrl":"https:\/\/nordnesrepublikken.no\/wp-content\/uploads\/2025\/12\/1766706682_Hvorfor-fredssymbolet-har-den-formen-og-hva-det-betyr.jpg","keywords":["betyr","den","Det","formen","fredssymbolet","har","Hva","hvorfor"],"articleSection":["Samfunn"],"inLanguage":"nb-NO"},{"@type":"WebPage","@id":"https:\/\/nordnesrepublikken.no\/index.php\/2025\/12\/26\/hvorfor-fredssymbolet-har-den-formen-og-hva-det-betyr\/","url":"https:\/\/nordnesrepublikken.no\/index.php\/2025\/12\/26\/hvorfor-fredssymbolet-har-den-formen-og-hva-det-betyr\/","name":"Hvorfor fredssymbolet har den formen og hva det betyr - Nordnesrepublikken","isPartOf":{"@id":"https:\/\/nordnesrepublikken.no\/#website"},"primaryImageOfPage":{"@id":"https:\/\/nordnesrepublikken.no\/index.php\/2025\/12\/26\/hvorfor-fredssymbolet-har-den-formen-og-hva-det-betyr\/#primaryimage"},"image":{"@id":"https:\/\/nordnesrepublikken.no\/index.php\/2025\/12\/26\/hvorfor-fredssymbolet-har-den-formen-og-hva-det-betyr\/#primaryimage"},"thumbnailUrl":"https:\/\/nordnesrepublikken.no\/wp-content\/uploads\/2025\/12\/1766706682_Hvorfor-fredssymbolet-har-den-formen-og-hva-det-betyr.jpg","datePublished":"2025-12-25T23:51:21+00:00","dateModified":"2025-12-25T23:51:24+00:00","breadcrumb":{"@id":"https:\/\/nordnesrepublikken.no\/index.php\/2025\/12\/26\/hvorfor-fredssymbolet-har-den-formen-og-hva-det-betyr\/#breadcrumb"},"inLanguage":"nb-NO","potentialAction":[{"@type":"ReadAction","target":["https:\/\/nordnesrepublikken.no\/index.php\/2025\/12\/26\/hvorfor-fredssymbolet-har-den-formen-og-hva-det-betyr\/"]}]},{"@type":"ImageObject","inLanguage":"nb-NO","@id":"https:\/\/nordnesrepublikken.no\/index.php\/2025\/12\/26\/hvorfor-fredssymbolet-har-den-formen-og-hva-det-betyr\/#primaryimage","url":"https:\/\/nordnesrepublikken.no\/wp-content\/uploads\/2025\/12\/1766706682_Hvorfor-fredssymbolet-har-den-formen-og-hva-det-betyr.jpg","contentUrl":"https:\/\/nordnesrepublikken.no\/wp-content\/uploads\/2025\/12\/1766706682_Hvorfor-fredssymbolet-har-den-formen-og-hva-det-betyr.jpg","width":2549,"height":1491,"caption":"Hvorfor fredssymbolet har den formen og hva det betyr"},{"@type":"BreadcrumbList","@id":"https:\/\/nordnesrepublikken.no\/index.php\/2025\/12\/26\/hvorfor-fredssymbolet-har-den-formen-og-hva-det-betyr\/#breadcrumb","itemListElement":[{"@type":"ListItem","position":1,"name":"Home","item":"https:\/\/nordnesrepublikken.no\/"},{"@type":"ListItem","position":2,"name":"Hvorfor fredssymbolet har den formen og hva det betyr"}]},{"@type":"WebSite","@id":"https:\/\/nordnesrepublikken.no\/#website","url":"https:\/\/nordnesrepublikken.no\/","name":"Nordnesrepublikken","description":"Stemmer og Visjoner fra Republikkens Hjerte","publisher":{"@id":"https:\/\/nordnesrepublikken.no\/#organization"},"potentialAction":[{"@type":"SearchAction","target":{"@type":"EntryPoint","urlTemplate":"https:\/\/nordnesrepublikken.no\/?s={search_term_string}"},"query-input":{"@type":"PropertyValueSpecification","valueRequired":true,"valueName":"search_term_string"}}],"inLanguage":"nb-NO"},{"@type":"Organization","@id":"https:\/\/nordnesrepublikken.no\/#organization","name":"Nordnesrepublikken","url":"https:\/\/nordnesrepublikken.no\/","logo":{"@type":"ImageObject","inLanguage":"nb-NO","@id":"https:\/\/nordnesrepublikken.no\/#\/schema\/logo\/image\/","url":"https:\/\/nordnesrepublikken.no\/wp-content\/uploads\/2025\/02\/cropped-nordnesrepublikken-2.png","contentUrl":"https:\/\/nordnesrepublikken.no\/wp-content\/uploads\/2025\/02\/cropped-nordnesrepublikken-2.png","width":1248,"height":362,"caption":"Nordnesrepublikken"},"image":{"@id":"https:\/\/nordnesrepublikken.no\/#\/schema\/logo\/image\/"}},{"@type":"Person","@id":"https:\/\/nordnesrepublikken.no\/#\/schema\/person\/2e7e81935bab77882fffb79296240ff1","name":"Ole Andersen","image":{"@type":"ImageObject","inLanguage":"nb-NO","@id":"https:\/\/nordnesrepublikken.no\/#\/schema\/person\/image\/","url":"https:\/\/nordnesrepublikken.no\/wp-content\/uploads\/2025\/02\/nordnesrepublikken-2-2-150x150.jpg","contentUrl":"https:\/\/nordnesrepublikken.no\/wp-content\/uploads\/2025\/02\/nordnesrepublikken-2-2-150x150.jpg","caption":"Ole Andersen"},"description":"Ettersom jeg vokste opp i Oslo, har jeg alltid v\u00e6rt fascinert av ordenes kraft og deres evne til \u00e5 skape endringer. Etter \u00e5 ha fullf\u00f8rt min utdannelse i kommunikasjon ved Universitetet i Bergen, fikk jeg muligheten til \u00e5 jobbe innen ulike medier, der jeg har s\u00f8kt \u00e5 belyse viktige samfunnssp\u00f8rsm\u00e5l. I dag, som redakt\u00f8r for Nordnesrepublikken, pr\u00f8ver jeg \u00e5 forene min kj\u00e6rlighet for journalistikk med min lidenskap for innovasjon og eventyr.","sameAs":["https:\/\/nordnesrepublikken.no\/"]}]}},"_links":{"self":[{"href":"https:\/\/nordnesrepublikken.no\/index.php\/wp-json\/wp\/v2\/posts\/13216","targetHints":{"allow":["GET"]}}],"collection":[{"href":"https:\/\/nordnesrepublikken.no\/index.php\/wp-json\/wp\/v2\/posts"}],"about":[{"href":"https:\/\/nordnesrepublikken.no\/index.php\/wp-json\/wp\/v2\/types\/post"}],"author":[{"embeddable":true,"href":"https:\/\/nordnesrepublikken.no\/index.php\/wp-json\/wp\/v2\/users\/1"}],"replies":[{"embeddable":true,"href":"https:\/\/nordnesrepublikken.no\/index.php\/wp-json\/wp\/v2\/comments?post=13216"}],"version-history":[{"count":1,"href":"https:\/\/nordnesrepublikken.no\/index.php\/wp-json\/wp\/v2\/posts\/13216\/revisions"}],"predecessor-version":[{"id":13218,"href":"https:\/\/nordnesrepublikken.no\/index.php\/wp-json\/wp\/v2\/posts\/13216\/revisions\/13218"}],"wp:featuredmedia":[{"embeddable":true,"href":"https:\/\/nordnesrepublikken.no\/index.php\/wp-json\/wp\/v2\/media\/13217"}],"wp:attachment":[{"href":"https:\/\/nordnesrepublikken.no\/index.php\/wp-json\/wp\/v2\/media?parent=13216"}],"wp:term":[{"taxonomy":"category","embeddable":true,"href":"https:\/\/nordnesrepublikken.no\/index.php\/wp-json\/wp\/v2\/categories?post=13216"},{"taxonomy":"post_tag","embeddable":true,"href":"https:\/\/nordnesrepublikken.no\/index.php\/wp-json\/wp\/v2\/tags?post=13216"}],"curies":[{"name":"wp","href":"https:\/\/api.w.org\/{rel}","templated":true}]}}