{"id":13198,"date":"2025-12-25T10:51:45","date_gmt":"2025-12-25T09:51:45","guid":{"rendered":"https:\/\/nordnesrepublikken.no\/index.php\/2025\/12\/25\/opprinnelse-betydning-og-tradisjoner-i-italia-og-rundt-om-i-verden\/"},"modified":"2025-12-25T10:51:47","modified_gmt":"2025-12-25T09:51:47","slug":"opprinnelse-betydning-og-tradisjoner-i-italia-og-rundt-om-i-verden","status":"publish","type":"post","link":"https:\/\/nordnesrepublikken.no\/index.php\/2025\/12\/25\/opprinnelse-betydning-og-tradisjoner-i-italia-og-rundt-om-i-verden\/","title":{"rendered":"opprinnelse, betydning og tradisjoner i Italia og rundt om i verden"},"content":{"rendered":"<div>\n<div class=\"cp_wrapper cp_wrapper--fw mb-30 mb-20@tablet\">\n<figure class=\"mm\"><picture class=\"img\" style=\"padding-top:56.25%\"><source  media=\"(min-width: 1024px)\"><source  media=\"(min-width: 768px)\"><\/source><\/source><\/picture><\/figure>\n<\/p><\/div>\n<p>De <strong>jul<\/strong> det er en kristen h\u00f8ytid som inntreffer 25. desember og feirer Jesu f\u00f8dsel. I det liturgiske \u00e5ret f\u00f8res det av<strong>advent<\/strong> og markerer starten p\u00e5 juleh\u00f8ytiden, som avsluttes med<strong>Helligtrekonger<\/strong> den 6. januar.<\/p>\n<p>Det er en av de mest utbredte religi\u00f8se og kulturelle feiringene i verden, opprinnelig opprettet for \u00e5 feire f\u00f8dselen som er fortalt i evangeliene i Det nye testamente og som i henhold til den kristne tro fant sted i Betlehem. I dag, til tross for at han er en <strong>helligdag i mange land<\/strong>jul er fremfor alt forbundet med sekul\u00e6re og kommersielle skikker.<\/p>\n<h2>Opprinnelsen til h\u00f8ytiden og etymologien til ordet jul<\/h2>\n<p>Opprinnelsen til feiringen av julen er usikker. Som vi vet, i henhold til kristen tradisjon feirer jubileet den<strong> Jesu f\u00f8dsel<\/strong>f\u00f8dt i Betlehem 25. desember. Og, ikke overraskende, er ordet jul en forkortelse for <em><strong>d\u00f8r Natalis Christi<\/strong><\/em>det vil si \u00abdagen for Kristi f\u00f8dsel\u00bb. Problemet er at fra et historisk synspunkt er datoen for Jesu f\u00f8dsel langt fra klar. Evangeliene nevner det faktisk ikke, og i de f\u00f8rste \u00e5rhundrene av den kristne \u00e6ra anerkjente samfunnene forskjellige datoer, inkludert 6. januar.<\/p>\n<p>25. desember som offisiell dato for jul, sertifisert for f\u00f8rste gang <strong>i Roma i \u00e5r 336<\/strong>ble vanlig bruk bare i<strong> 5. \u00e5rhundre<\/strong>.<\/p>\n<h2>Julens betydning og valget av 25. desember<\/h2>\n<p>Mest sannsynlig kommer derfor valget av denne datoen fra hedenske kulter. Spesielt romerne pleide \u00e5 feire 25. desember <em><strong>Dies Natalis solis invicti<\/strong><\/em>eller dagen for f\u00f8dselen til den &laquo;uovervinnelige solen&raquo;, betraktet som den beskyttende guddomen til keisermakten og feiret i det \u00f8yeblikket av \u00e5ret hvor varigheten av dagslyset begynte \u00e5 \u00f8ke, umiddelbart etter vintersolverv.<\/p>\n<p>Ikke alle er imidlertid enige i denne teorien: noen intellektuelle hevder at valget av datoen var <strong>utviklet i en kristen kontekst,<\/strong> uten tilknytning til hedenske kulter. Andre forskere sporer opprinnelsen til julen til den j\u00f8diske lysfesten, den <em><strong>Hanukkah<\/strong><\/em>som feirer innvielsen av et nytt alter i Jerusalems tempel. Jul, if\u00f8lge denne tolkningen, ville v\u00e6re den kristne versjonen av en j\u00f8disk h\u00f8ytid, slik det skjer med p\u00e5ske og andre feiringer som &laquo;overgikk&raquo; fra j\u00f8dedommen til kristendommen.<\/p>\n<h2>Diffusjon i Italia og rundt om i verden<\/h2>\n<p>Som nevnt var det fra 400-tallet og utover at julefeiringen begynte \u00e5 feste seg, og p\u00e5virket ogs\u00e5 den liturgiske kalenderen. I 567 fastslo Council of Tours at &laquo;<strong>Juletid\u00bb varte i tolv dager<\/strong>fra 25. desember til 5. januar, og kobler dermed til helligtrekonger. Derav opprinnelsen til dagens juleferie.<\/p>\n<p>Ettersom tiden gikk spredte feiringen av jul seg over hele den kristne verden, og det samme gjorde de tilh\u00f8rende tradisjonene, inkludert <strong>barnehage<\/strong>f\u00f8dt p\u00e5 1200-tallet i Assisi, og det av<strong>tre,<\/strong> fra 1400- til 1500-tallet i Europa.<\/p>\n<p>Siden middelalderen har vanen med \u00e5 utveksle gaver ogs\u00e5 spredt seg blant de rikeste menneskene, en tradisjon som opprinnelig fant sted 6. desember, dagen for <strong>Saint Nicholas<\/strong>en figur som ville inspirere det av <strong>Julenissen<\/strong>.<\/p>\n<p>Men hvordan kom vi til den n\u00e5v\u00e6rende julen? F\u00f8rst p\u00e5 1800-tallet ble 25. desember en familiefokusert h\u00f8ytid, ogs\u00e5 takket v\u00e6re forfattere som bl.a. <strong>Charles Dickens<\/strong> Og <strong>Washington Irving<\/strong>som i sine arbeider beskrev jubileet i termer som ligner p\u00e5 dagens. P\u00e5 1900-tallet, med utviklingen av massesamfunnet og globaliseringen, fikk julen utseendet til en overveiende kommersiell og forbrukeristisk feiring.<\/p>\n<h2>Jul i dag<\/h2>\n<p>I dag feires jul <strong>i nesten alle land i verden,<\/strong> inkludert mange av de der kristendommen ikke er den r\u00e5dende religionen.<\/p>\n<div class=\"cp_wrapper cp_wrapper--fw mb-50\">\n<figure class=\"mm\"><picture class=\"img\" style=\"padding-top:51.4%\"><source  media=\"(min-width: 1024px)\"><source  media=\"(min-width: 768px)\"><img decoding=\"async\" loading=\"lazy\" src=\"https:\/\/nordnesrepublikken.no\/wp-content\/uploads\/2025\/12\/1766656305_929_opprinnelse-betydning-og-tradisjoner-i-Italia-og-rundt-om-i.jpg\" alt=\"christmas-map.svg\" width=\"1000\" height=\"514\"\/><\/source><\/source><\/picture><\/figure>\n<\/p><\/div>\n<p>Jubileet har ikke mistet sin religi\u00f8se betydning og er dagen da kirker registrerer st\u00f8rst tilstedev\u00e6relse av troende. Det er imidlertid en anledning ogs\u00e5 oppleves som <strong>\u00f8yeblikk for sosialisering og forbruk<\/strong>. Faktisk, if\u00f8lge en unders\u00f8kelse fra Altroconsumo, til julen 2025 vil gjennomsnittsutgiftene til italienerne v\u00e6re ca. <strong>600 euro<\/strong>fordelt p\u00e5 middager, korte ferier og gaver.<\/p>\n<\/p><\/div>\n","protected":false},"excerpt":{"rendered":"<p>De jul det er en kristen h\u00f8ytid som inntreffer 25. desember og feirer Jesu f\u00f8dsel.<\/p>\n","protected":false},"author":1,"featured_media":13199,"comment_status":"closed","ping_status":"open","sticky":false,"template":"","format":"standard","meta":{"footnotes":""},"categories":[104],"tags":[1578,437,1480,2693,3864,598],"class_list":["post-13198","post","type-post","status-publish","format-standard","has-post-thumbnail","hentry","category-samfunn","tag-betydning","tag-italia","tag-opprinnelse","tag-rundt","tag-tradisjoner","tag-verden","generate-columns","tablet-grid-50","mobile-grid-100","grid-parent","grid-33","resize-featured-image"],"yoast_head":"<!-- This site is optimized with the Yoast SEO plugin v24.4 - https:\/\/yoast.com\/wordpress\/plugins\/seo\/ -->\n<title>opprinnelse, betydning og tradisjoner i Italia og rundt om i verden - Nordnesrepublikken<\/title>\n<meta name=\"robots\" content=\"index, follow, max-snippet:-1, max-image-preview:large, max-video-preview:-1\" \/>\n<link rel=\"canonical\" href=\"https:\/\/nordnesrepublikken.no\/index.php\/2025\/12\/25\/opprinnelse-betydning-og-tradisjoner-i-italia-og-rundt-om-i-verden\/\" \/>\n<meta property=\"og:locale\" content=\"nb_NO\" \/>\n<meta property=\"og:type\" content=\"article\" \/>\n<meta property=\"og:title\" content=\"opprinnelse, betydning og tradisjoner i Italia og rundt om i verden - Nordnesrepublikken\" \/>\n<meta property=\"og:description\" content=\"De jul det er en kristen h\u00f8ytid som inntreffer 25. desember og feirer Jesu f\u00f8dsel.\" \/>\n<meta property=\"og:url\" content=\"https:\/\/nordnesrepublikken.no\/index.php\/2025\/12\/25\/opprinnelse-betydning-og-tradisjoner-i-italia-og-rundt-om-i-verden\/\" \/>\n<meta property=\"og:site_name\" content=\"Nordnesrepublikken\" \/>\n<meta property=\"article:published_time\" content=\"2025-12-25T09:51:45+00:00\" \/>\n<meta property=\"article:modified_time\" content=\"2025-12-25T09:51:47+00:00\" \/>\n<meta property=\"og:image\" content=\"https:\/\/nordnesrepublikken.no\/wp-content\/uploads\/2025\/12\/1766656306_opprinnelse-betydning-og-tradisjoner-i-Italia-og-rundt-om-i.jpg\" \/>\n\t<meta property=\"og:image:width\" content=\"1376\" \/>\n\t<meta property=\"og:image:height\" content=\"768\" \/>\n\t<meta property=\"og:image:type\" content=\"image\/jpeg\" \/>\n<meta name=\"author\" content=\"Ole Andersen\" \/>\n<meta name=\"twitter:card\" content=\"summary_large_image\" \/>\n<meta name=\"twitter:label1\" content=\"Skrevet av\" \/>\n\t<meta name=\"twitter:data1\" content=\"Ole Andersen\" \/>\n\t<meta name=\"twitter:label2\" content=\"Ansl. lesetid\" \/>\n\t<meta name=\"twitter:data2\" content=\"3 minutter\" \/>\n<script type=\"application\/ld+json\" class=\"yoast-schema-graph\">{\"@context\":\"https:\/\/schema.org\",\"@graph\":[{\"@type\":\"Article\",\"@id\":\"https:\/\/nordnesrepublikken.no\/index.php\/2025\/12\/25\/opprinnelse-betydning-og-tradisjoner-i-italia-og-rundt-om-i-verden\/#article\",\"isPartOf\":{\"@id\":\"https:\/\/nordnesrepublikken.no\/index.php\/2025\/12\/25\/opprinnelse-betydning-og-tradisjoner-i-italia-og-rundt-om-i-verden\/\"},\"author\":{\"name\":\"Ole Andersen\",\"@id\":\"https:\/\/nordnesrepublikken.no\/#\/schema\/person\/2e7e81935bab77882fffb79296240ff1\"},\"headline\":\"opprinnelse, betydning og tradisjoner i Italia og rundt om i verden\",\"datePublished\":\"2025-12-25T09:51:45+00:00\",\"dateModified\":\"2025-12-25T09:51:47+00:00\",\"mainEntityOfPage\":{\"@id\":\"https:\/\/nordnesrepublikken.no\/index.php\/2025\/12\/25\/opprinnelse-betydning-og-tradisjoner-i-italia-og-rundt-om-i-verden\/\"},\"wordCount\":628,\"publisher\":{\"@id\":\"https:\/\/nordnesrepublikken.no\/#organization\"},\"image\":{\"@id\":\"https:\/\/nordnesrepublikken.no\/index.php\/2025\/12\/25\/opprinnelse-betydning-og-tradisjoner-i-italia-og-rundt-om-i-verden\/#primaryimage\"},\"thumbnailUrl\":\"https:\/\/nordnesrepublikken.no\/wp-content\/uploads\/2025\/12\/1766656306_opprinnelse-betydning-og-tradisjoner-i-Italia-og-rundt-om-i.jpg\",\"keywords\":[\"betydning\",\"Italia\",\"Opprinnelse\",\"rundt\",\"tradisjoner\",\"verden\"],\"articleSection\":[\"Samfunn\"],\"inLanguage\":\"nb-NO\"},{\"@type\":\"WebPage\",\"@id\":\"https:\/\/nordnesrepublikken.no\/index.php\/2025\/12\/25\/opprinnelse-betydning-og-tradisjoner-i-italia-og-rundt-om-i-verden\/\",\"url\":\"https:\/\/nordnesrepublikken.no\/index.php\/2025\/12\/25\/opprinnelse-betydning-og-tradisjoner-i-italia-og-rundt-om-i-verden\/\",\"name\":\"opprinnelse, betydning og tradisjoner i Italia og rundt om i verden - Nordnesrepublikken\",\"isPartOf\":{\"@id\":\"https:\/\/nordnesrepublikken.no\/#website\"},\"primaryImageOfPage\":{\"@id\":\"https:\/\/nordnesrepublikken.no\/index.php\/2025\/12\/25\/opprinnelse-betydning-og-tradisjoner-i-italia-og-rundt-om-i-verden\/#primaryimage\"},\"image\":{\"@id\":\"https:\/\/nordnesrepublikken.no\/index.php\/2025\/12\/25\/opprinnelse-betydning-og-tradisjoner-i-italia-og-rundt-om-i-verden\/#primaryimage\"},\"thumbnailUrl\":\"https:\/\/nordnesrepublikken.no\/wp-content\/uploads\/2025\/12\/1766656306_opprinnelse-betydning-og-tradisjoner-i-Italia-og-rundt-om-i.jpg\",\"datePublished\":\"2025-12-25T09:51:45+00:00\",\"dateModified\":\"2025-12-25T09:51:47+00:00\",\"breadcrumb\":{\"@id\":\"https:\/\/nordnesrepublikken.no\/index.php\/2025\/12\/25\/opprinnelse-betydning-og-tradisjoner-i-italia-og-rundt-om-i-verden\/#breadcrumb\"},\"inLanguage\":\"nb-NO\",\"potentialAction\":[{\"@type\":\"ReadAction\",\"target\":[\"https:\/\/nordnesrepublikken.no\/index.php\/2025\/12\/25\/opprinnelse-betydning-og-tradisjoner-i-italia-og-rundt-om-i-verden\/\"]}]},{\"@type\":\"ImageObject\",\"inLanguage\":\"nb-NO\",\"@id\":\"https:\/\/nordnesrepublikken.no\/index.php\/2025\/12\/25\/opprinnelse-betydning-og-tradisjoner-i-italia-og-rundt-om-i-verden\/#primaryimage\",\"url\":\"https:\/\/nordnesrepublikken.no\/wp-content\/uploads\/2025\/12\/1766656306_opprinnelse-betydning-og-tradisjoner-i-Italia-og-rundt-om-i.jpg\",\"contentUrl\":\"https:\/\/nordnesrepublikken.no\/wp-content\/uploads\/2025\/12\/1766656306_opprinnelse-betydning-og-tradisjoner-i-Italia-og-rundt-om-i.jpg\",\"width\":1376,\"height\":768,\"caption\":\"opprinnelse, betydning og tradisjoner i Italia og rundt om i verden\"},{\"@type\":\"BreadcrumbList\",\"@id\":\"https:\/\/nordnesrepublikken.no\/index.php\/2025\/12\/25\/opprinnelse-betydning-og-tradisjoner-i-italia-og-rundt-om-i-verden\/#breadcrumb\",\"itemListElement\":[{\"@type\":\"ListItem\",\"position\":1,\"name\":\"Home\",\"item\":\"https:\/\/nordnesrepublikken.no\/\"},{\"@type\":\"ListItem\",\"position\":2,\"name\":\"opprinnelse, betydning og tradisjoner i Italia og rundt om i verden\"}]},{\"@type\":\"WebSite\",\"@id\":\"https:\/\/nordnesrepublikken.no\/#website\",\"url\":\"https:\/\/nordnesrepublikken.no\/\",\"name\":\"Nordnesrepublikken\",\"description\":\"Stemmer og Visjoner fra Republikkens Hjerte\",\"publisher\":{\"@id\":\"https:\/\/nordnesrepublikken.no\/#organization\"},\"potentialAction\":[{\"@type\":\"SearchAction\",\"target\":{\"@type\":\"EntryPoint\",\"urlTemplate\":\"https:\/\/nordnesrepublikken.no\/?s={search_term_string}\"},\"query-input\":{\"@type\":\"PropertyValueSpecification\",\"valueRequired\":true,\"valueName\":\"search_term_string\"}}],\"inLanguage\":\"nb-NO\"},{\"@type\":\"Organization\",\"@id\":\"https:\/\/nordnesrepublikken.no\/#organization\",\"name\":\"Nordnesrepublikken\",\"url\":\"https:\/\/nordnesrepublikken.no\/\",\"logo\":{\"@type\":\"ImageObject\",\"inLanguage\":\"nb-NO\",\"@id\":\"https:\/\/nordnesrepublikken.no\/#\/schema\/logo\/image\/\",\"url\":\"https:\/\/nordnesrepublikken.no\/wp-content\/uploads\/2025\/02\/cropped-nordnesrepublikken-2.png\",\"contentUrl\":\"https:\/\/nordnesrepublikken.no\/wp-content\/uploads\/2025\/02\/cropped-nordnesrepublikken-2.png\",\"width\":1248,\"height\":362,\"caption\":\"Nordnesrepublikken\"},\"image\":{\"@id\":\"https:\/\/nordnesrepublikken.no\/#\/schema\/logo\/image\/\"}},{\"@type\":\"Person\",\"@id\":\"https:\/\/nordnesrepublikken.no\/#\/schema\/person\/2e7e81935bab77882fffb79296240ff1\",\"name\":\"Ole Andersen\",\"image\":{\"@type\":\"ImageObject\",\"inLanguage\":\"nb-NO\",\"@id\":\"https:\/\/nordnesrepublikken.no\/#\/schema\/person\/image\/\",\"url\":\"https:\/\/nordnesrepublikken.no\/wp-content\/uploads\/2025\/02\/nordnesrepublikken-2-2-150x150.jpg\",\"contentUrl\":\"https:\/\/nordnesrepublikken.no\/wp-content\/uploads\/2025\/02\/nordnesrepublikken-2-2-150x150.jpg\",\"caption\":\"Ole Andersen\"},\"description\":\"Ettersom jeg vokste opp i Oslo, har jeg alltid v\u00e6rt fascinert av ordenes kraft og deres evne til \u00e5 skape endringer. Etter \u00e5 ha fullf\u00f8rt min utdannelse i kommunikasjon ved Universitetet i Bergen, fikk jeg muligheten til \u00e5 jobbe innen ulike medier, der jeg har s\u00f8kt \u00e5 belyse viktige samfunnssp\u00f8rsm\u00e5l. I dag, som redakt\u00f8r for Nordnesrepublikken, pr\u00f8ver jeg \u00e5 forene min kj\u00e6rlighet for journalistikk med min lidenskap for innovasjon og eventyr.\",\"sameAs\":[\"https:\/\/nordnesrepublikken.no\/\"]}]}<\/script>\n<!-- \/ Yoast SEO plugin. -->","yoast_head_json":{"title":"opprinnelse, betydning og tradisjoner i Italia og rundt om i verden - Nordnesrepublikken","robots":{"index":"index","follow":"follow","max-snippet":"max-snippet:-1","max-image-preview":"max-image-preview:large","max-video-preview":"max-video-preview:-1"},"canonical":"https:\/\/nordnesrepublikken.no\/index.php\/2025\/12\/25\/opprinnelse-betydning-og-tradisjoner-i-italia-og-rundt-om-i-verden\/","og_locale":"nb_NO","og_type":"article","og_title":"opprinnelse, betydning og tradisjoner i Italia og rundt om i verden - Nordnesrepublikken","og_description":"De jul det er en kristen h\u00f8ytid som inntreffer 25. desember og feirer Jesu f\u00f8dsel.","og_url":"https:\/\/nordnesrepublikken.no\/index.php\/2025\/12\/25\/opprinnelse-betydning-og-tradisjoner-i-italia-og-rundt-om-i-verden\/","og_site_name":"Nordnesrepublikken","article_published_time":"2025-12-25T09:51:45+00:00","article_modified_time":"2025-12-25T09:51:47+00:00","og_image":[{"width":1376,"height":768,"url":"https:\/\/nordnesrepublikken.no\/wp-content\/uploads\/2025\/12\/1766656306_opprinnelse-betydning-og-tradisjoner-i-Italia-og-rundt-om-i.jpg","type":"image\/jpeg"}],"author":"Ole Andersen","twitter_card":"summary_large_image","twitter_misc":{"Skrevet av":"Ole Andersen","Ansl. lesetid":"3 minutter"},"schema":{"@context":"https:\/\/schema.org","@graph":[{"@type":"Article","@id":"https:\/\/nordnesrepublikken.no\/index.php\/2025\/12\/25\/opprinnelse-betydning-og-tradisjoner-i-italia-og-rundt-om-i-verden\/#article","isPartOf":{"@id":"https:\/\/nordnesrepublikken.no\/index.php\/2025\/12\/25\/opprinnelse-betydning-og-tradisjoner-i-italia-og-rundt-om-i-verden\/"},"author":{"name":"Ole Andersen","@id":"https:\/\/nordnesrepublikken.no\/#\/schema\/person\/2e7e81935bab77882fffb79296240ff1"},"headline":"opprinnelse, betydning og tradisjoner i Italia og rundt om i verden","datePublished":"2025-12-25T09:51:45+00:00","dateModified":"2025-12-25T09:51:47+00:00","mainEntityOfPage":{"@id":"https:\/\/nordnesrepublikken.no\/index.php\/2025\/12\/25\/opprinnelse-betydning-og-tradisjoner-i-italia-og-rundt-om-i-verden\/"},"wordCount":628,"publisher":{"@id":"https:\/\/nordnesrepublikken.no\/#organization"},"image":{"@id":"https:\/\/nordnesrepublikken.no\/index.php\/2025\/12\/25\/opprinnelse-betydning-og-tradisjoner-i-italia-og-rundt-om-i-verden\/#primaryimage"},"thumbnailUrl":"https:\/\/nordnesrepublikken.no\/wp-content\/uploads\/2025\/12\/1766656306_opprinnelse-betydning-og-tradisjoner-i-Italia-og-rundt-om-i.jpg","keywords":["betydning","Italia","Opprinnelse","rundt","tradisjoner","verden"],"articleSection":["Samfunn"],"inLanguage":"nb-NO"},{"@type":"WebPage","@id":"https:\/\/nordnesrepublikken.no\/index.php\/2025\/12\/25\/opprinnelse-betydning-og-tradisjoner-i-italia-og-rundt-om-i-verden\/","url":"https:\/\/nordnesrepublikken.no\/index.php\/2025\/12\/25\/opprinnelse-betydning-og-tradisjoner-i-italia-og-rundt-om-i-verden\/","name":"opprinnelse, betydning og tradisjoner i Italia og rundt om i verden - Nordnesrepublikken","isPartOf":{"@id":"https:\/\/nordnesrepublikken.no\/#website"},"primaryImageOfPage":{"@id":"https:\/\/nordnesrepublikken.no\/index.php\/2025\/12\/25\/opprinnelse-betydning-og-tradisjoner-i-italia-og-rundt-om-i-verden\/#primaryimage"},"image":{"@id":"https:\/\/nordnesrepublikken.no\/index.php\/2025\/12\/25\/opprinnelse-betydning-og-tradisjoner-i-italia-og-rundt-om-i-verden\/#primaryimage"},"thumbnailUrl":"https:\/\/nordnesrepublikken.no\/wp-content\/uploads\/2025\/12\/1766656306_opprinnelse-betydning-og-tradisjoner-i-Italia-og-rundt-om-i.jpg","datePublished":"2025-12-25T09:51:45+00:00","dateModified":"2025-12-25T09:51:47+00:00","breadcrumb":{"@id":"https:\/\/nordnesrepublikken.no\/index.php\/2025\/12\/25\/opprinnelse-betydning-og-tradisjoner-i-italia-og-rundt-om-i-verden\/#breadcrumb"},"inLanguage":"nb-NO","potentialAction":[{"@type":"ReadAction","target":["https:\/\/nordnesrepublikken.no\/index.php\/2025\/12\/25\/opprinnelse-betydning-og-tradisjoner-i-italia-og-rundt-om-i-verden\/"]}]},{"@type":"ImageObject","inLanguage":"nb-NO","@id":"https:\/\/nordnesrepublikken.no\/index.php\/2025\/12\/25\/opprinnelse-betydning-og-tradisjoner-i-italia-og-rundt-om-i-verden\/#primaryimage","url":"https:\/\/nordnesrepublikken.no\/wp-content\/uploads\/2025\/12\/1766656306_opprinnelse-betydning-og-tradisjoner-i-Italia-og-rundt-om-i.jpg","contentUrl":"https:\/\/nordnesrepublikken.no\/wp-content\/uploads\/2025\/12\/1766656306_opprinnelse-betydning-og-tradisjoner-i-Italia-og-rundt-om-i.jpg","width":1376,"height":768,"caption":"opprinnelse, betydning og tradisjoner i Italia og rundt om i verden"},{"@type":"BreadcrumbList","@id":"https:\/\/nordnesrepublikken.no\/index.php\/2025\/12\/25\/opprinnelse-betydning-og-tradisjoner-i-italia-og-rundt-om-i-verden\/#breadcrumb","itemListElement":[{"@type":"ListItem","position":1,"name":"Home","item":"https:\/\/nordnesrepublikken.no\/"},{"@type":"ListItem","position":2,"name":"opprinnelse, betydning og tradisjoner i Italia og rundt om i verden"}]},{"@type":"WebSite","@id":"https:\/\/nordnesrepublikken.no\/#website","url":"https:\/\/nordnesrepublikken.no\/","name":"Nordnesrepublikken","description":"Stemmer og Visjoner fra Republikkens Hjerte","publisher":{"@id":"https:\/\/nordnesrepublikken.no\/#organization"},"potentialAction":[{"@type":"SearchAction","target":{"@type":"EntryPoint","urlTemplate":"https:\/\/nordnesrepublikken.no\/?s={search_term_string}"},"query-input":{"@type":"PropertyValueSpecification","valueRequired":true,"valueName":"search_term_string"}}],"inLanguage":"nb-NO"},{"@type":"Organization","@id":"https:\/\/nordnesrepublikken.no\/#organization","name":"Nordnesrepublikken","url":"https:\/\/nordnesrepublikken.no\/","logo":{"@type":"ImageObject","inLanguage":"nb-NO","@id":"https:\/\/nordnesrepublikken.no\/#\/schema\/logo\/image\/","url":"https:\/\/nordnesrepublikken.no\/wp-content\/uploads\/2025\/02\/cropped-nordnesrepublikken-2.png","contentUrl":"https:\/\/nordnesrepublikken.no\/wp-content\/uploads\/2025\/02\/cropped-nordnesrepublikken-2.png","width":1248,"height":362,"caption":"Nordnesrepublikken"},"image":{"@id":"https:\/\/nordnesrepublikken.no\/#\/schema\/logo\/image\/"}},{"@type":"Person","@id":"https:\/\/nordnesrepublikken.no\/#\/schema\/person\/2e7e81935bab77882fffb79296240ff1","name":"Ole Andersen","image":{"@type":"ImageObject","inLanguage":"nb-NO","@id":"https:\/\/nordnesrepublikken.no\/#\/schema\/person\/image\/","url":"https:\/\/nordnesrepublikken.no\/wp-content\/uploads\/2025\/02\/nordnesrepublikken-2-2-150x150.jpg","contentUrl":"https:\/\/nordnesrepublikken.no\/wp-content\/uploads\/2025\/02\/nordnesrepublikken-2-2-150x150.jpg","caption":"Ole Andersen"},"description":"Ettersom jeg vokste opp i Oslo, har jeg alltid v\u00e6rt fascinert av ordenes kraft og deres evne til \u00e5 skape endringer. Etter \u00e5 ha fullf\u00f8rt min utdannelse i kommunikasjon ved Universitetet i Bergen, fikk jeg muligheten til \u00e5 jobbe innen ulike medier, der jeg har s\u00f8kt \u00e5 belyse viktige samfunnssp\u00f8rsm\u00e5l. I dag, som redakt\u00f8r for Nordnesrepublikken, pr\u00f8ver jeg \u00e5 forene min kj\u00e6rlighet for journalistikk med min lidenskap for innovasjon og eventyr.","sameAs":["https:\/\/nordnesrepublikken.no\/"]}]}},"_links":{"self":[{"href":"https:\/\/nordnesrepublikken.no\/index.php\/wp-json\/wp\/v2\/posts\/13198","targetHints":{"allow":["GET"]}}],"collection":[{"href":"https:\/\/nordnesrepublikken.no\/index.php\/wp-json\/wp\/v2\/posts"}],"about":[{"href":"https:\/\/nordnesrepublikken.no\/index.php\/wp-json\/wp\/v2\/types\/post"}],"author":[{"embeddable":true,"href":"https:\/\/nordnesrepublikken.no\/index.php\/wp-json\/wp\/v2\/users\/1"}],"replies":[{"embeddable":true,"href":"https:\/\/nordnesrepublikken.no\/index.php\/wp-json\/wp\/v2\/comments?post=13198"}],"version-history":[{"count":1,"href":"https:\/\/nordnesrepublikken.no\/index.php\/wp-json\/wp\/v2\/posts\/13198\/revisions"}],"predecessor-version":[{"id":13200,"href":"https:\/\/nordnesrepublikken.no\/index.php\/wp-json\/wp\/v2\/posts\/13198\/revisions\/13200"}],"wp:featuredmedia":[{"embeddable":true,"href":"https:\/\/nordnesrepublikken.no\/index.php\/wp-json\/wp\/v2\/media\/13199"}],"wp:attachment":[{"href":"https:\/\/nordnesrepublikken.no\/index.php\/wp-json\/wp\/v2\/media?parent=13198"}],"wp:term":[{"taxonomy":"category","embeddable":true,"href":"https:\/\/nordnesrepublikken.no\/index.php\/wp-json\/wp\/v2\/categories?post=13198"},{"taxonomy":"post_tag","embeddable":true,"href":"https:\/\/nordnesrepublikken.no\/index.php\/wp-json\/wp\/v2\/tags?post=13198"}],"curies":[{"name":"wp","href":"https:\/\/api.w.org\/{rel}","templated":true}]}}