{"id":13189,"date":"2025-12-25T04:51:14","date_gmt":"2025-12-25T03:51:14","guid":{"rendered":"https:\/\/nordnesrepublikken.no\/index.php\/2025\/12\/25\/hvorfor-hater-noen-mennesker-julen-hva-det-egentlig-betyr-a-vaere-en-grinch\/"},"modified":"2025-12-25T04:51:17","modified_gmt":"2025-12-25T03:51:17","slug":"hvorfor-hater-noen-mennesker-julen-hva-det-egentlig-betyr-a-vaere-en-grinch","status":"publish","type":"post","link":"https:\/\/nordnesrepublikken.no\/index.php\/2025\/12\/25\/hvorfor-hater-noen-mennesker-julen-hva-det-egentlig-betyr-a-vaere-en-grinch\/","title":{"rendered":"Hvorfor hater noen mennesker julen? Hva det egentlig betyr \u00e5 v\u00e6re en &laquo;grinch&raquo;"},"content":{"rendered":"<div>\n<div class=\"cp_wrapper cp_wrapper--fw mb-30 mb-20@tablet\">\n<figure class=\"mm\"><picture class=\"img\" style=\"padding-top:56.25%\"><source  media=\"(min-width: 1024px)\"><source  media=\"(min-width: 768px)\"><\/source><\/source><\/picture><\/figure>\n<\/p><\/div>\n<p>V\u00e6r en <strong>Grinch<\/strong> det betyr \u00e5 ikke elske julen og f\u00f8le irritasjon, ubehag eller tristhet p\u00e5 h\u00f8ytider. For noen er det bare en<strong>karaktertilb\u00f8yelighet<\/strong>for andre er det et mer komplekst sett med f\u00f8lelser, knyttet til <strong>stress<\/strong>, <strong>angst<\/strong>, <strong>sosialt press<\/strong>sesongmessig melankoli og, i noen tilfeller, til og med en avvisning av julekonsumentisme. Hver begynnelsen av desember er verden fylt med lys, juletreet er forberedt, julesanger h\u00f8res p\u00e5 gaten, p\u00e5 TV sender de <em>Mamma jeg savnet flyet<\/em>skynder vi oss \u00e5 kj\u00f8pe gaver og organisere familielunsjer. For mange er det den mest fantastiske tiden p\u00e5 \u00e5ret. For andre &#8230; definitivt ikke.<\/p>\n<p>De som lider av den s\u00e5kalte <strong>&laquo;Grinch syndrom&raquo;<\/strong>med henvisning til navnebroren <strong>Dr. Seuss karakter<\/strong>pr\u00f8v i juletiden<strong> irritasjon, f\u00f8lelsesmessig tretthet og angst<\/strong>. H\u00f8ytiden, med deres konnotasjon av <strong>obligatorisk lykke<\/strong>forsterke det som ofte skjules i l\u00f8pet av \u00e5ret: bekymringer, melankoli, sosialt press og familieforventninger som er vanskelige \u00e5 h\u00e5ndtere. Denne tilstanden &#8211; mye mer utbredt enn du tror &#8211; er sammenvevd med<em><strong>Holiday Blues<\/strong>,<\/em> De <em><strong>Christmas Blues<\/strong><\/em>jeg <strong>sesongmessige affektive lidelser<\/strong> og selv med<strong>\u00f8ko-angst<\/strong> (spenning knyttet til avfall i desember).<\/p>\n<h2><strong>Hvem er Grinchen, Dr. Seuss&#8217; karakter<\/strong><\/h2>\n<p>De<strong> Grinch<\/strong>ble f\u00f8dt i 1957, fra historien om <strong>Dr. Seuss <\/strong><em>Hvordan Grinchen stjal julen<\/em>. Det beskrives som en <strong>gr\u00f8nn, lodden skapning<\/strong> med et evig rynket blikk med en <strong>hjerte &laquo;to st\u00f8rrelser mindre&raquo;<\/strong>. Han lever <strong>isolert<\/strong> p\u00e5 <strong>Mount Crumpit<\/strong>et steinete fjell med utsikt over byen <strong>Whoville<\/strong>et punkt hvor han feirer julen uten \u00e5 bli p\u00e5virket av den.<\/p>\n<p>Hans aversjon mot julen er ikke et enkelt innfall: det er en dypt rotfestet, nesten visceral f\u00f8lelse. Lyden fra sangene, den st\u00f8yende latteren fra innbyggerne i Whoville, galskapen for dekorasjonene og hastverket med \u00e5 forberede seg blir for ham <strong>daglig tortur<\/strong>. Denne ferien, for Grinchen, er ikke en gledelig begivenhet, men tiden p\u00e5 \u00e5ret n\u00e5r <strong>hans ensomhet resonerer h\u00f8yere<\/strong>.<\/p>\n<div class=\"cp_wrapper cp_wrapper--fw mb-50\">\n<figure class=\"mm\"><picture class=\"img\" style=\"padding-top:54.244928625094%\"><source  media=\"(min-width: 1024px)\"><source  media=\"(min-width: 768px)\"><img decoding=\"async\" loading=\"lazy\" src=\"https:\/\/nordnesrepublikken.no\/wp-content\/uploads\/2025\/12\/1766634674_95_Hvorfor-hater-noen-mennesker-julen-Hva-det-egentlig-betyr-a.jpg\" alt=\"Wikipedia, Skjermbilde Copyrighted, hentet fra filmen &quot;Grinchen&quot;\" width=\"1331\" height=\"722\"\/><\/source><\/source><\/picture><\/figure>\n<\/p><\/div>\n<p>Mellom sinne, ironi og desperat besluttsomhet bestemmer han seg for det <strong>&laquo;stjele julen&raquo;<\/strong>: han sniker seg inn i hjemmene, tar bort gaver, dekorasjoner, mat og til og med godteri. Han er overbevist om at ved \u00e5 eliminere alt som materielt representerer julen, vil han klare det <strong>sl\u00e5 av <\/strong>Ogs\u00e5<strong> folks glede<\/strong>. Likevel, til tross for hans fors\u00f8k, synger, klemmer og feirer innbyggerne i byen, og finner <strong>f\u00f8lelse av feiring uten noe materiell<\/strong>. Takket v\u00e6re denne delte lykke <strong>hjertet av Grinchen<\/strong><strong> utvides med &laquo;tre st\u00f8rrelser&raquo;<\/strong>.<\/p>\n<p>I filmen <em>Grinch<\/em> fra 2000, regissert av Ron Howard og med hovedrollen i den ikoniske <strong>Jim Carrey<\/strong>f\u00e5r karakteren ytterligere psykologisk dybde. Hans idiosynkrasier, misantropi og til og med komedien hans blir toppen av isfjellet til en fortid som best\u00e5r av <strong>utelukkelse og misforst\u00e5elser<\/strong>forvandler det til <strong>symbol <\/strong>av de som lever h\u00f8ytidene i grepet av en<strong> et virvar av negative f\u00f8lelser<\/strong>: irritasjon, melankoli, ensomhet, som skjuler et aldri tilst\u00e5tt \u00f8nske om \u00e5 h\u00f8re til.<\/p>\n<h2><strong>Hva er Grinch syndrom<\/strong><\/h2>\n<p>Hvem bor sammen med &laquo;<strong>Grinch syndrom&raquo;<\/strong> han misliker ikke bare julen, men a <strong>sett med f\u00f8lelser<\/strong> som dukker opp til overflaten n\u00e5r samfunnet ser ut til \u00e5 kreve en viss type \u00ablykke for enhver pris\u00bb. Blant de vanligste f\u00f8lelsene finner vi:<\/p>\n<ul>\n<li><strong>Irritabilitet<\/strong> mot kollektiv eufori, oppfattet som uautentisk eller overdreven;<\/li>\n<li><strong>Angst<\/strong> <strong>sosial<\/strong> for tvungen interaksjon med familie og bekjente;<\/li>\n<li><strong>Melonkoli<\/strong> <strong>Og<\/strong> <strong>tristhet<\/strong>det \u00e5 ikke kunne oppleve julen som et gledes\u00f8yeblikk kan bringe frem f\u00f8lelser av ensomhet, nostalgi og indre refleksjoner;<\/li>\n<li><strong>Sans<\/strong> <strong>Av<\/strong> <strong>utilstrekkelighet<\/strong> n\u00e5r du oppfatter at du ikke &laquo;lever opp&raquo; til dine festlige forventninger, fremhever en f\u00f8lelse av tomhet og en p\u00e5f\u00f8lgende mangel p\u00e5 energi og tretthet;<\/li>\n<li><strong>Ut\u00e5lmodighet<\/strong> mot sensorisk overbelastning: musikk, markeder, lys, folkemengder og kontinuerlige hendelser blir gjenstander for irritasjon og spenning;<\/li>\n<li><strong>Stress<\/strong> <strong>\u00f8konomisk<\/strong> for gaver og uunng\u00e5elige utgifter.<\/li>\n<\/ul>\n<p>Kombinasjonen av disse erfaringene kan ogs\u00e5 f\u00f8re til <strong>lange perioder med s\u00f8vnl\u00f8shet<\/strong>, <strong>nedstemthet og psykisk lidelse<\/strong>. P\u00e5 et atferdsmessig niv\u00e5 er det ikke sjelden mulig \u00e5 observere en ekte <strong>sosial retrett<\/strong>. Demonstrasjoner av kollektiv glede blir uutholdelige, juledekorasjoner og tradisjoner mister all sjarm og blir symboler p\u00e5 u\u00f8nsket sosialt press. Konsekvensen er at det ofte foretrekkes <strong>aktivt unng\u00e5 feriehendelser<\/strong>med <strong>tendens til isolasjon<\/strong> og \u2013 i ekstreme tilfeller \u2013 a <strong>aggressiv oppf\u00f8rsel<\/strong>.<\/p>\n<h2><strong>Bakgrunnen til en Grinch<\/strong><\/h2>\n<p>En av hovedfaktorene til Grinch-syndromet er <strong>Julesosiale press<\/strong>. I desember ser det ut til \u00e5 v\u00e6re den uskrevne regelen: <strong>&laquo;Det er jul, du m\u00e5 v\u00e6re glad!&raquo;<\/strong>. N\u00e5r stemningen ikke er p\u00e5 linje med denne forventningen, f\u00f8ler personen seg &laquo;feil&raquo;, utilstrekkelig, malplassert og kan oppleve <strong>ubehag, skyldf\u00f8lelse og irritabilitet<\/strong>.<\/p>\n<p>Dessuten er det ikke alle som er heldige nok til \u00e5 ha en samlet familie (og, for \u00e5 si det sant, noen har ikke en i det hele tatt): \u00e5 tvangstreffe slektninger som du har ul\u00f8ste konflikter eller spenninger med, eller \u00e5 m\u00e5tte innse at du blir alene, kan generere en <strong>dyp f\u00f8lelse av tomhet og sterkt f\u00f8lelsesmessig stress<\/strong>.<\/p>\n<p>Ferier inneb\u00e6rer en<strong> plutselig brudd i rutinen<\/strong>. N\u00e5r arbeidet stopper, g\u00e5r aktiviteten ned og fritiden \u00f8ker, <strong>f\u00f8lelsene<\/strong> vanligvis dekket av vanvidd <strong>de har plass til \u00e5 dukke opp<\/strong> og det betyr ikke at de er hyggelige.<\/p>\n<p>Til slutt, <strong>moderne jul<\/strong>for noen mennesker, er fremfor alt en<strong> konsentrasjon av h\u00f8ye utgifter<\/strong>obligatoriske gaver og matsvinn. Hvem har en <strong>\u00f8kologisk f\u00f8lsomhet<\/strong> h\u00f8y kan oppleve <strong>\u00f8ko-angst<\/strong> Jul: et \u00f8kende ubehag mot forurensning, negativ milj\u00f8p\u00e5virkning og forbrukeroverbelastning. Deres \u00abnei\u00bb til jul er ikke en f\u00f8lelsesmessig avvisning, men en holdning til en modell som de ikke f\u00f8ler er etisk b\u00e6rekraftig.<\/p>\n<h2><strong>Forskjellen mellom Grinch og Grinch syndrom<\/strong><\/h2>\n<p>I vanlig spr\u00e5kbruk brukes det \u00e5 v\u00e6re en Grinch for \u00e5 beskrive <strong>hvem som helst<\/strong> <strong>du elsker ikke julen<\/strong> eller du ikke deltar i feiringen, uten at du n\u00f8dvendigvis lider av en medisinsk tilstand. Det er nesten en konfidensiell m\u00e5te \u00e5 ringe noen som ikke liker dekorasjoner og feiringer, og foretrekker en rolig desember.<\/p>\n<p>Der<strong> &laquo;Grinch syndrom&raquo;<\/strong>selv om det ikke representerer en fullverdig psykologisk lidelse, bringer det med seg en kombinasjon av stress, avvisning, angst, emosjonell skj\u00f8rhet og sosialt press som gj\u00f8r julen til en slitsom eller smertefull tid. Poenget er ikke \u00abjeg liker ikke jul\u00bb, men <strong>\u00abJulen gj\u00f8r meg lidelse\u00bb<\/strong>.<\/p>\n<p>I denne forbindelse p\u00e5peker noen spesialister hvordan &laquo;Grinch-syndromet&raquo; ofte kan v\u00e6re sammenvevd med:<\/p>\n<ul>\n<li><strong>&laquo;Ferieblues&raquo; <\/strong>(eller til og med til <em>Juleblues<\/em>), et psykopatologisk bilde hvis symptomer er f\u00f8lelser av vedvarende tristhet, nedgang i selvtillit, endringer i appetitt og s\u00f8vn, som i betydelig grad p\u00e5virker individets liv i l\u00f8pet av ferien;<\/li>\n<li><strong>Sesongbetinget affektiv lidelse (SAD)<\/strong>det vil si tilbakevendende depressive lidelser som oppst\u00e5r med reduksjonen i dagslys, typisk for vinterm\u00e5nedene.<\/li>\n<\/ul>\n<p>Mens Grinch-syndromet hovedsakelig dreier seg om irritasjon, irritasjon og avvisning av julen, presenterer Holiday Blues eller SAD seg hovedsakelig som melankoli, tristhet og et fall i hum\u00f8ret. Verken &laquo;Grinch-syndromet&raquo;, eller Holiday Blues og SAD vises i Diagnostic and Statistical Manual of Mental Disorders-DSM V, derfor er de ikke reelle diagnostiserbare lidelser, men snarere tilstander som<strong> sv\u00e6rt ofte setter de seg fast i sin kliniske manifestasjon<\/strong>.<\/p>\n<p>Kort oppsummert er det ingen tilfeldighet at det i juletiden er en \u00f8kning og<strong>forverring av noen psykopatologiske fenomener<\/strong> som depresjon, angst, rusmisbruk, antikonservativ atferd.<\/p>\n<\/p><\/div>\n","protected":false},"excerpt":{"rendered":"<p>V\u00e6r en Grinch det betyr \u00e5 ikke elske julen og f\u00f8le irritasjon, ubehag eller tristhet<\/p>\n","protected":false},"author":1,"featured_media":13190,"comment_status":"closed","ping_status":"open","sticky":false,"template":"","format":"standard","meta":{"footnotes":""},"categories":[104],"tags":[186,66,1452,8689,2165,144,101,6971,36,676,290],"class_list":["post-13189","post","type-post","status-publish","format-standard","has-post-thumbnail","hentry","category-samfunn","tag-betyr","tag-det","tag-egentlig","tag-grinch","tag-hater","tag-hva","tag-hvorfor","tag-julen","tag-mennesker","tag-noen","tag-vaere","generate-columns","tablet-grid-50","mobile-grid-100","grid-parent","grid-33","resize-featured-image"],"yoast_head":"<!-- This site is optimized with the Yoast SEO plugin v24.4 - https:\/\/yoast.com\/wordpress\/plugins\/seo\/ -->\n<title>Hvorfor hater noen mennesker julen? Hva det egentlig betyr \u00e5 v\u00e6re en &quot;grinch&quot; - Nordnesrepublikken<\/title>\n<meta name=\"robots\" content=\"index, follow, max-snippet:-1, max-image-preview:large, max-video-preview:-1\" \/>\n<link rel=\"canonical\" href=\"https:\/\/nordnesrepublikken.no\/index.php\/2025\/12\/25\/hvorfor-hater-noen-mennesker-julen-hva-det-egentlig-betyr-a-vaere-en-grinch\/\" \/>\n<meta property=\"og:locale\" content=\"nb_NO\" \/>\n<meta property=\"og:type\" content=\"article\" \/>\n<meta property=\"og:title\" content=\"Hvorfor hater noen mennesker julen? Hva det egentlig betyr \u00e5 v\u00e6re en &quot;grinch&quot; - Nordnesrepublikken\" \/>\n<meta property=\"og:description\" content=\"V\u00e6r en Grinch det betyr \u00e5 ikke elske julen og f\u00f8le irritasjon, ubehag eller tristhet\" \/>\n<meta property=\"og:url\" content=\"https:\/\/nordnesrepublikken.no\/index.php\/2025\/12\/25\/hvorfor-hater-noen-mennesker-julen-hva-det-egentlig-betyr-a-vaere-en-grinch\/\" \/>\n<meta property=\"og:site_name\" content=\"Nordnesrepublikken\" \/>\n<meta property=\"article:published_time\" content=\"2025-12-25T03:51:14+00:00\" \/>\n<meta property=\"article:modified_time\" content=\"2025-12-25T03:51:17+00:00\" \/>\n<meta property=\"og:image\" content=\"https:\/\/nordnesrepublikken.no\/wp-content\/uploads\/2025\/12\/1766634675_Hvorfor-hater-noen-mennesker-julen-Hva-det-egentlig-betyr-a.jpg\" \/>\n\t<meta property=\"og:image:width\" content=\"1890\" \/>\n\t<meta property=\"og:image:height\" content=\"1063\" \/>\n\t<meta property=\"og:image:type\" content=\"image\/jpeg\" \/>\n<meta name=\"author\" content=\"Ole Andersen\" \/>\n<meta name=\"twitter:card\" content=\"summary_large_image\" \/>\n<meta name=\"twitter:label1\" content=\"Skrevet av\" \/>\n\t<meta name=\"twitter:data1\" content=\"Ole Andersen\" \/>\n\t<meta name=\"twitter:label2\" content=\"Ansl. lesetid\" \/>\n\t<meta name=\"twitter:data2\" content=\"6 minutter\" \/>\n<script type=\"application\/ld+json\" class=\"yoast-schema-graph\">{\"@context\":\"https:\/\/schema.org\",\"@graph\":[{\"@type\":\"Article\",\"@id\":\"https:\/\/nordnesrepublikken.no\/index.php\/2025\/12\/25\/hvorfor-hater-noen-mennesker-julen-hva-det-egentlig-betyr-a-vaere-en-grinch\/#article\",\"isPartOf\":{\"@id\":\"https:\/\/nordnesrepublikken.no\/index.php\/2025\/12\/25\/hvorfor-hater-noen-mennesker-julen-hva-det-egentlig-betyr-a-vaere-en-grinch\/\"},\"author\":{\"name\":\"Ole Andersen\",\"@id\":\"https:\/\/nordnesrepublikken.no\/#\/schema\/person\/2e7e81935bab77882fffb79296240ff1\"},\"headline\":\"Hvorfor hater noen mennesker julen? Hva det egentlig betyr \u00e5 v\u00e6re en &laquo;grinch&raquo;\",\"datePublished\":\"2025-12-25T03:51:14+00:00\",\"dateModified\":\"2025-12-25T03:51:17+00:00\",\"mainEntityOfPage\":{\"@id\":\"https:\/\/nordnesrepublikken.no\/index.php\/2025\/12\/25\/hvorfor-hater-noen-mennesker-julen-hva-det-egentlig-betyr-a-vaere-en-grinch\/\"},\"wordCount\":1207,\"publisher\":{\"@id\":\"https:\/\/nordnesrepublikken.no\/#organization\"},\"image\":{\"@id\":\"https:\/\/nordnesrepublikken.no\/index.php\/2025\/12\/25\/hvorfor-hater-noen-mennesker-julen-hva-det-egentlig-betyr-a-vaere-en-grinch\/#primaryimage\"},\"thumbnailUrl\":\"https:\/\/nordnesrepublikken.no\/wp-content\/uploads\/2025\/12\/1766634675_Hvorfor-hater-noen-mennesker-julen-Hva-det-egentlig-betyr-a.jpg\",\"keywords\":[\"betyr\",\"Det\",\"egentlig\",\"grinch\",\"hater\",\"Hva\",\"hvorfor\",\"julen\",\"mennesker\",\"noen\",\"v\u00e6re\"],\"articleSection\":[\"Samfunn\"],\"inLanguage\":\"nb-NO\"},{\"@type\":\"WebPage\",\"@id\":\"https:\/\/nordnesrepublikken.no\/index.php\/2025\/12\/25\/hvorfor-hater-noen-mennesker-julen-hva-det-egentlig-betyr-a-vaere-en-grinch\/\",\"url\":\"https:\/\/nordnesrepublikken.no\/index.php\/2025\/12\/25\/hvorfor-hater-noen-mennesker-julen-hva-det-egentlig-betyr-a-vaere-en-grinch\/\",\"name\":\"Hvorfor hater noen mennesker julen? Hva det egentlig betyr \u00e5 v\u00e6re en \\\"grinch\\\" - Nordnesrepublikken\",\"isPartOf\":{\"@id\":\"https:\/\/nordnesrepublikken.no\/#website\"},\"primaryImageOfPage\":{\"@id\":\"https:\/\/nordnesrepublikken.no\/index.php\/2025\/12\/25\/hvorfor-hater-noen-mennesker-julen-hva-det-egentlig-betyr-a-vaere-en-grinch\/#primaryimage\"},\"image\":{\"@id\":\"https:\/\/nordnesrepublikken.no\/index.php\/2025\/12\/25\/hvorfor-hater-noen-mennesker-julen-hva-det-egentlig-betyr-a-vaere-en-grinch\/#primaryimage\"},\"thumbnailUrl\":\"https:\/\/nordnesrepublikken.no\/wp-content\/uploads\/2025\/12\/1766634675_Hvorfor-hater-noen-mennesker-julen-Hva-det-egentlig-betyr-a.jpg\",\"datePublished\":\"2025-12-25T03:51:14+00:00\",\"dateModified\":\"2025-12-25T03:51:17+00:00\",\"breadcrumb\":{\"@id\":\"https:\/\/nordnesrepublikken.no\/index.php\/2025\/12\/25\/hvorfor-hater-noen-mennesker-julen-hva-det-egentlig-betyr-a-vaere-en-grinch\/#breadcrumb\"},\"inLanguage\":\"nb-NO\",\"potentialAction\":[{\"@type\":\"ReadAction\",\"target\":[\"https:\/\/nordnesrepublikken.no\/index.php\/2025\/12\/25\/hvorfor-hater-noen-mennesker-julen-hva-det-egentlig-betyr-a-vaere-en-grinch\/\"]}]},{\"@type\":\"ImageObject\",\"inLanguage\":\"nb-NO\",\"@id\":\"https:\/\/nordnesrepublikken.no\/index.php\/2025\/12\/25\/hvorfor-hater-noen-mennesker-julen-hva-det-egentlig-betyr-a-vaere-en-grinch\/#primaryimage\",\"url\":\"https:\/\/nordnesrepublikken.no\/wp-content\/uploads\/2025\/12\/1766634675_Hvorfor-hater-noen-mennesker-julen-Hva-det-egentlig-betyr-a.jpg\",\"contentUrl\":\"https:\/\/nordnesrepublikken.no\/wp-content\/uploads\/2025\/12\/1766634675_Hvorfor-hater-noen-mennesker-julen-Hva-det-egentlig-betyr-a.jpg\",\"width\":1890,\"height\":1063,\"caption\":\"Hvorfor hater noen mennesker julen? Hva det egentlig betyr \u00e5 v\u00e6re en \\\"grinch\\\"\"},{\"@type\":\"BreadcrumbList\",\"@id\":\"https:\/\/nordnesrepublikken.no\/index.php\/2025\/12\/25\/hvorfor-hater-noen-mennesker-julen-hva-det-egentlig-betyr-a-vaere-en-grinch\/#breadcrumb\",\"itemListElement\":[{\"@type\":\"ListItem\",\"position\":1,\"name\":\"Home\",\"item\":\"https:\/\/nordnesrepublikken.no\/\"},{\"@type\":\"ListItem\",\"position\":2,\"name\":\"Hvorfor hater noen mennesker julen? Hva det egentlig betyr \u00e5 v\u00e6re en &laquo;grinch&raquo;\"}]},{\"@type\":\"WebSite\",\"@id\":\"https:\/\/nordnesrepublikken.no\/#website\",\"url\":\"https:\/\/nordnesrepublikken.no\/\",\"name\":\"Nordnesrepublikken\",\"description\":\"Stemmer og Visjoner fra Republikkens Hjerte\",\"publisher\":{\"@id\":\"https:\/\/nordnesrepublikken.no\/#organization\"},\"potentialAction\":[{\"@type\":\"SearchAction\",\"target\":{\"@type\":\"EntryPoint\",\"urlTemplate\":\"https:\/\/nordnesrepublikken.no\/?s={search_term_string}\"},\"query-input\":{\"@type\":\"PropertyValueSpecification\",\"valueRequired\":true,\"valueName\":\"search_term_string\"}}],\"inLanguage\":\"nb-NO\"},{\"@type\":\"Organization\",\"@id\":\"https:\/\/nordnesrepublikken.no\/#organization\",\"name\":\"Nordnesrepublikken\",\"url\":\"https:\/\/nordnesrepublikken.no\/\",\"logo\":{\"@type\":\"ImageObject\",\"inLanguage\":\"nb-NO\",\"@id\":\"https:\/\/nordnesrepublikken.no\/#\/schema\/logo\/image\/\",\"url\":\"https:\/\/nordnesrepublikken.no\/wp-content\/uploads\/2025\/02\/cropped-nordnesrepublikken-2.png\",\"contentUrl\":\"https:\/\/nordnesrepublikken.no\/wp-content\/uploads\/2025\/02\/cropped-nordnesrepublikken-2.png\",\"width\":1248,\"height\":362,\"caption\":\"Nordnesrepublikken\"},\"image\":{\"@id\":\"https:\/\/nordnesrepublikken.no\/#\/schema\/logo\/image\/\"}},{\"@type\":\"Person\",\"@id\":\"https:\/\/nordnesrepublikken.no\/#\/schema\/person\/2e7e81935bab77882fffb79296240ff1\",\"name\":\"Ole Andersen\",\"image\":{\"@type\":\"ImageObject\",\"inLanguage\":\"nb-NO\",\"@id\":\"https:\/\/nordnesrepublikken.no\/#\/schema\/person\/image\/\",\"url\":\"https:\/\/nordnesrepublikken.no\/wp-content\/uploads\/2025\/02\/nordnesrepublikken-2-2-150x150.jpg\",\"contentUrl\":\"https:\/\/nordnesrepublikken.no\/wp-content\/uploads\/2025\/02\/nordnesrepublikken-2-2-150x150.jpg\",\"caption\":\"Ole Andersen\"},\"description\":\"Ettersom jeg vokste opp i Oslo, har jeg alltid v\u00e6rt fascinert av ordenes kraft og deres evne til \u00e5 skape endringer. Etter \u00e5 ha fullf\u00f8rt min utdannelse i kommunikasjon ved Universitetet i Bergen, fikk jeg muligheten til \u00e5 jobbe innen ulike medier, der jeg har s\u00f8kt \u00e5 belyse viktige samfunnssp\u00f8rsm\u00e5l. I dag, som redakt\u00f8r for Nordnesrepublikken, pr\u00f8ver jeg \u00e5 forene min kj\u00e6rlighet for journalistikk med min lidenskap for innovasjon og eventyr.\",\"sameAs\":[\"https:\/\/nordnesrepublikken.no\/\"]}]}<\/script>\n<!-- \/ Yoast SEO plugin. -->","yoast_head_json":{"title":"Hvorfor hater noen mennesker julen? Hva det egentlig betyr \u00e5 v\u00e6re en \"grinch\" - Nordnesrepublikken","robots":{"index":"index","follow":"follow","max-snippet":"max-snippet:-1","max-image-preview":"max-image-preview:large","max-video-preview":"max-video-preview:-1"},"canonical":"https:\/\/nordnesrepublikken.no\/index.php\/2025\/12\/25\/hvorfor-hater-noen-mennesker-julen-hva-det-egentlig-betyr-a-vaere-en-grinch\/","og_locale":"nb_NO","og_type":"article","og_title":"Hvorfor hater noen mennesker julen? Hva det egentlig betyr \u00e5 v\u00e6re en \"grinch\" - Nordnesrepublikken","og_description":"V\u00e6r en Grinch det betyr \u00e5 ikke elske julen og f\u00f8le irritasjon, ubehag eller tristhet","og_url":"https:\/\/nordnesrepublikken.no\/index.php\/2025\/12\/25\/hvorfor-hater-noen-mennesker-julen-hva-det-egentlig-betyr-a-vaere-en-grinch\/","og_site_name":"Nordnesrepublikken","article_published_time":"2025-12-25T03:51:14+00:00","article_modified_time":"2025-12-25T03:51:17+00:00","og_image":[{"width":1890,"height":1063,"url":"https:\/\/nordnesrepublikken.no\/wp-content\/uploads\/2025\/12\/1766634675_Hvorfor-hater-noen-mennesker-julen-Hva-det-egentlig-betyr-a.jpg","type":"image\/jpeg"}],"author":"Ole Andersen","twitter_card":"summary_large_image","twitter_misc":{"Skrevet av":"Ole Andersen","Ansl. lesetid":"6 minutter"},"schema":{"@context":"https:\/\/schema.org","@graph":[{"@type":"Article","@id":"https:\/\/nordnesrepublikken.no\/index.php\/2025\/12\/25\/hvorfor-hater-noen-mennesker-julen-hva-det-egentlig-betyr-a-vaere-en-grinch\/#article","isPartOf":{"@id":"https:\/\/nordnesrepublikken.no\/index.php\/2025\/12\/25\/hvorfor-hater-noen-mennesker-julen-hva-det-egentlig-betyr-a-vaere-en-grinch\/"},"author":{"name":"Ole Andersen","@id":"https:\/\/nordnesrepublikken.no\/#\/schema\/person\/2e7e81935bab77882fffb79296240ff1"},"headline":"Hvorfor hater noen mennesker julen? Hva det egentlig betyr \u00e5 v\u00e6re en &laquo;grinch&raquo;","datePublished":"2025-12-25T03:51:14+00:00","dateModified":"2025-12-25T03:51:17+00:00","mainEntityOfPage":{"@id":"https:\/\/nordnesrepublikken.no\/index.php\/2025\/12\/25\/hvorfor-hater-noen-mennesker-julen-hva-det-egentlig-betyr-a-vaere-en-grinch\/"},"wordCount":1207,"publisher":{"@id":"https:\/\/nordnesrepublikken.no\/#organization"},"image":{"@id":"https:\/\/nordnesrepublikken.no\/index.php\/2025\/12\/25\/hvorfor-hater-noen-mennesker-julen-hva-det-egentlig-betyr-a-vaere-en-grinch\/#primaryimage"},"thumbnailUrl":"https:\/\/nordnesrepublikken.no\/wp-content\/uploads\/2025\/12\/1766634675_Hvorfor-hater-noen-mennesker-julen-Hva-det-egentlig-betyr-a.jpg","keywords":["betyr","Det","egentlig","grinch","hater","Hva","hvorfor","julen","mennesker","noen","v\u00e6re"],"articleSection":["Samfunn"],"inLanguage":"nb-NO"},{"@type":"WebPage","@id":"https:\/\/nordnesrepublikken.no\/index.php\/2025\/12\/25\/hvorfor-hater-noen-mennesker-julen-hva-det-egentlig-betyr-a-vaere-en-grinch\/","url":"https:\/\/nordnesrepublikken.no\/index.php\/2025\/12\/25\/hvorfor-hater-noen-mennesker-julen-hva-det-egentlig-betyr-a-vaere-en-grinch\/","name":"Hvorfor hater noen mennesker julen? Hva det egentlig betyr \u00e5 v\u00e6re en \"grinch\" - Nordnesrepublikken","isPartOf":{"@id":"https:\/\/nordnesrepublikken.no\/#website"},"primaryImageOfPage":{"@id":"https:\/\/nordnesrepublikken.no\/index.php\/2025\/12\/25\/hvorfor-hater-noen-mennesker-julen-hva-det-egentlig-betyr-a-vaere-en-grinch\/#primaryimage"},"image":{"@id":"https:\/\/nordnesrepublikken.no\/index.php\/2025\/12\/25\/hvorfor-hater-noen-mennesker-julen-hva-det-egentlig-betyr-a-vaere-en-grinch\/#primaryimage"},"thumbnailUrl":"https:\/\/nordnesrepublikken.no\/wp-content\/uploads\/2025\/12\/1766634675_Hvorfor-hater-noen-mennesker-julen-Hva-det-egentlig-betyr-a.jpg","datePublished":"2025-12-25T03:51:14+00:00","dateModified":"2025-12-25T03:51:17+00:00","breadcrumb":{"@id":"https:\/\/nordnesrepublikken.no\/index.php\/2025\/12\/25\/hvorfor-hater-noen-mennesker-julen-hva-det-egentlig-betyr-a-vaere-en-grinch\/#breadcrumb"},"inLanguage":"nb-NO","potentialAction":[{"@type":"ReadAction","target":["https:\/\/nordnesrepublikken.no\/index.php\/2025\/12\/25\/hvorfor-hater-noen-mennesker-julen-hva-det-egentlig-betyr-a-vaere-en-grinch\/"]}]},{"@type":"ImageObject","inLanguage":"nb-NO","@id":"https:\/\/nordnesrepublikken.no\/index.php\/2025\/12\/25\/hvorfor-hater-noen-mennesker-julen-hva-det-egentlig-betyr-a-vaere-en-grinch\/#primaryimage","url":"https:\/\/nordnesrepublikken.no\/wp-content\/uploads\/2025\/12\/1766634675_Hvorfor-hater-noen-mennesker-julen-Hva-det-egentlig-betyr-a.jpg","contentUrl":"https:\/\/nordnesrepublikken.no\/wp-content\/uploads\/2025\/12\/1766634675_Hvorfor-hater-noen-mennesker-julen-Hva-det-egentlig-betyr-a.jpg","width":1890,"height":1063,"caption":"Hvorfor hater noen mennesker julen? Hva det egentlig betyr \u00e5 v\u00e6re en \"grinch\""},{"@type":"BreadcrumbList","@id":"https:\/\/nordnesrepublikken.no\/index.php\/2025\/12\/25\/hvorfor-hater-noen-mennesker-julen-hva-det-egentlig-betyr-a-vaere-en-grinch\/#breadcrumb","itemListElement":[{"@type":"ListItem","position":1,"name":"Home","item":"https:\/\/nordnesrepublikken.no\/"},{"@type":"ListItem","position":2,"name":"Hvorfor hater noen mennesker julen? Hva det egentlig betyr \u00e5 v\u00e6re en &laquo;grinch&raquo;"}]},{"@type":"WebSite","@id":"https:\/\/nordnesrepublikken.no\/#website","url":"https:\/\/nordnesrepublikken.no\/","name":"Nordnesrepublikken","description":"Stemmer og Visjoner fra Republikkens Hjerte","publisher":{"@id":"https:\/\/nordnesrepublikken.no\/#organization"},"potentialAction":[{"@type":"SearchAction","target":{"@type":"EntryPoint","urlTemplate":"https:\/\/nordnesrepublikken.no\/?s={search_term_string}"},"query-input":{"@type":"PropertyValueSpecification","valueRequired":true,"valueName":"search_term_string"}}],"inLanguage":"nb-NO"},{"@type":"Organization","@id":"https:\/\/nordnesrepublikken.no\/#organization","name":"Nordnesrepublikken","url":"https:\/\/nordnesrepublikken.no\/","logo":{"@type":"ImageObject","inLanguage":"nb-NO","@id":"https:\/\/nordnesrepublikken.no\/#\/schema\/logo\/image\/","url":"https:\/\/nordnesrepublikken.no\/wp-content\/uploads\/2025\/02\/cropped-nordnesrepublikken-2.png","contentUrl":"https:\/\/nordnesrepublikken.no\/wp-content\/uploads\/2025\/02\/cropped-nordnesrepublikken-2.png","width":1248,"height":362,"caption":"Nordnesrepublikken"},"image":{"@id":"https:\/\/nordnesrepublikken.no\/#\/schema\/logo\/image\/"}},{"@type":"Person","@id":"https:\/\/nordnesrepublikken.no\/#\/schema\/person\/2e7e81935bab77882fffb79296240ff1","name":"Ole Andersen","image":{"@type":"ImageObject","inLanguage":"nb-NO","@id":"https:\/\/nordnesrepublikken.no\/#\/schema\/person\/image\/","url":"https:\/\/nordnesrepublikken.no\/wp-content\/uploads\/2025\/02\/nordnesrepublikken-2-2-150x150.jpg","contentUrl":"https:\/\/nordnesrepublikken.no\/wp-content\/uploads\/2025\/02\/nordnesrepublikken-2-2-150x150.jpg","caption":"Ole Andersen"},"description":"Ettersom jeg vokste opp i Oslo, har jeg alltid v\u00e6rt fascinert av ordenes kraft og deres evne til \u00e5 skape endringer. Etter \u00e5 ha fullf\u00f8rt min utdannelse i kommunikasjon ved Universitetet i Bergen, fikk jeg muligheten til \u00e5 jobbe innen ulike medier, der jeg har s\u00f8kt \u00e5 belyse viktige samfunnssp\u00f8rsm\u00e5l. I dag, som redakt\u00f8r for Nordnesrepublikken, pr\u00f8ver jeg \u00e5 forene min kj\u00e6rlighet for journalistikk med min lidenskap for innovasjon og eventyr.","sameAs":["https:\/\/nordnesrepublikken.no\/"]}]}},"_links":{"self":[{"href":"https:\/\/nordnesrepublikken.no\/index.php\/wp-json\/wp\/v2\/posts\/13189","targetHints":{"allow":["GET"]}}],"collection":[{"href":"https:\/\/nordnesrepublikken.no\/index.php\/wp-json\/wp\/v2\/posts"}],"about":[{"href":"https:\/\/nordnesrepublikken.no\/index.php\/wp-json\/wp\/v2\/types\/post"}],"author":[{"embeddable":true,"href":"https:\/\/nordnesrepublikken.no\/index.php\/wp-json\/wp\/v2\/users\/1"}],"replies":[{"embeddable":true,"href":"https:\/\/nordnesrepublikken.no\/index.php\/wp-json\/wp\/v2\/comments?post=13189"}],"version-history":[{"count":1,"href":"https:\/\/nordnesrepublikken.no\/index.php\/wp-json\/wp\/v2\/posts\/13189\/revisions"}],"predecessor-version":[{"id":13191,"href":"https:\/\/nordnesrepublikken.no\/index.php\/wp-json\/wp\/v2\/posts\/13189\/revisions\/13191"}],"wp:featuredmedia":[{"embeddable":true,"href":"https:\/\/nordnesrepublikken.no\/index.php\/wp-json\/wp\/v2\/media\/13190"}],"wp:attachment":[{"href":"https:\/\/nordnesrepublikken.no\/index.php\/wp-json\/wp\/v2\/media?parent=13189"}],"wp:term":[{"taxonomy":"category","embeddable":true,"href":"https:\/\/nordnesrepublikken.no\/index.php\/wp-json\/wp\/v2\/categories?post=13189"},{"taxonomy":"post_tag","embeddable":true,"href":"https:\/\/nordnesrepublikken.no\/index.php\/wp-json\/wp\/v2\/tags?post=13189"}],"curies":[{"name":"wp","href":"https:\/\/api.w.org\/{rel}","templated":true}]}}