{"id":13183,"date":"2025-12-25T01:51:25","date_gmt":"2025-12-25T00:51:25","guid":{"rendered":"https:\/\/nordnesrepublikken.no\/index.php\/2025\/12\/25\/hva-kom-forst-appelsinen-eller-mandarinen-opprinnelsen-til-sitrusfruktene-vi-spiser-i-dag\/"},"modified":"2025-12-25T01:51:27","modified_gmt":"2025-12-25T00:51:27","slug":"hva-kom-forst-appelsinen-eller-mandarinen-opprinnelsen-til-sitrusfruktene-vi-spiser-i-dag","status":"publish","type":"post","link":"https:\/\/nordnesrepublikken.no\/index.php\/2025\/12\/25\/hva-kom-forst-appelsinen-eller-mandarinen-opprinnelsen-til-sitrusfruktene-vi-spiser-i-dag\/","title":{"rendered":"Hva kom f\u00f8rst, appelsinen eller mandarinen? Opprinnelsen til sitrusfruktene vi spiser i dag"},"content":{"rendered":"<div>\n<div class=\"cp_wrapper cp_wrapper--fw mb-30 mb-20@tablet\">\n<figure class=\"mm\"><picture class=\"img\" style=\"padding-top:56.25%\"><source  media=\"(min-width: 1024px)\"><source  media=\"(min-width: 768px)\"><\/source><\/source><\/picture><\/figure>\n<\/p><\/div>\n<p>Svarte du oransje? Feil! Det riktige svaret er mandarin. Faktisk, <strong>mandarin<\/strong> (<em>Citrus reticulata<\/em>),<strong> pomelo <\/strong>(<em>Sitrusmaksima<\/em>) Og<strong> seder <\/strong>(<em>Citrus medica<\/em>) er de tre forfedres sitrusfrukter som alle de andre ble avledet fra gjennom kryss. Vi tar ofte for gitt at frukt som appelsiner eller sitroner er &laquo;naturprodukter&raquo; som alltid har eksistert. Virkeligheten, dukket opp takket v\u00e6re moderne <strong>genomiske analyser <\/strong>ogs\u00e5 publisert i det prestisjetunge magasinet <em>Natur<\/em>er mye mer overraskende: de aller fleste sitrusfrukter vi finner i supermarkedet er ikke rene arter, men resultatet av \u00e5rtusener av <strong>kryss<\/strong>, <strong>hybridiseringer<\/strong> Og <strong>menneskelige utvalg<\/strong>.<\/p>\n<p>Citrus-slekten har sin opprinnelse rundt <b>8 millioner \u00e5r siden<\/b> (sen miocen) i en region mellom det nord\u00f8stlige India, det nordlige Myanmar og Yunnan (nordvest-Kina). Her, som svar p\u00e5 en klimaendring som gjorde milj\u00f8et t\u00f8rrere, divergerte de tre <b>forfedres sitrusfrukter<\/b> som alle de andre stammer fra:. Sitrusfruktene ble deretter demontert og satt sammen igjen p\u00e5 genetisk niv\u00e5 med kirurgisk presisjon. Spesielt et stort arbeid publisert i tidsskriftet Nature viste at flertallet av dyrkede sitrusfrukter stammer fra tre hovedforfedre:<\/p>\n<ul>\n<li>De <strong>mandarin <\/strong>(<em>Citrus reticulata<\/em>): opprinnelig fra Kina, den har en sukkerholdig smak og en tynn hud som er lett \u00e5 fjerne.<\/li>\n<li>De<b> pomelo <\/b>(<em>Sitrusmaksima<\/em>): hjemmeh\u00f8rende i det s\u00f8r\u00f8stlige Kina og Malaysia. Det er en stor frukt med en robust struktur.<\/li>\n<li>De<b> seder <\/b>(<em>Citrus medica<\/em>): en eldgammel frukt, hjemmeh\u00f8rende i det nord\u00f8stlige India og Burma, nesten blottet for fruktkj\u00f8tt og laget kun av hvitt skall (albedo).<\/li>\n<\/ul>\n<p>Alt det andre, dvs. s\u00f8t appelsin, sitron, grapefrukt, klementin, klementin, oppst\u00e5r fra p\u00e5f\u00f8lgende krysninger mellom disse tre stammene. Slik ble de f\u00f8dt:<\/p>\n<ul>\n<li><strong>TIL<\/strong><b>s\u00f8t rasjon <\/b>(<em>Sitrus \u00d7 sinensis<\/em>): oransje er resultatet av en gammel krysning mellom en <strong>pomelo<\/strong> og a <strong>mandarin<\/strong>. Det er imidlertid ikke et 50\/50 kryss. DNA-analyser viser at appelsinen er et resultat av en gjenkryss, sannsynligvis ble en pomelo\/mandarin-hybrid krysset igjen med en mandarin.<\/li>\n<li><strong>DE<\/strong><b>imon <\/b>(<em>Sitrus limon)<\/em>: det er teknisk sett en hybrid mellom <strong>seder<\/strong> (som ga den sin langstrakte form og tykke svor) og<strong>bitter appelsin <\/strong>(<em>Sitrus aurantium<\/em>).<\/li>\n<li><strong>P<\/strong><b>ompelm <\/b>(<em>Citrus paradisi<\/em>): ble f\u00f8dt fra en krysning mellom s\u00f8t appelsin og pomelo.<\/li>\n<li><strong>Clementine<\/strong>:det er en krysning mellom en mandarin og en s\u00f8t appelsin, derfor har den en &laquo;touch&raquo; av pomelo.<\/li>\n<li><strong><strong>Mandarin appelsin <\/strong><\/strong>(tangor): det er ogs\u00e5 en hybrid mellom mandarin og appelsin, men stammer fra heterogene kryss.<\/li>\n<\/ul>\n<p>En annen studie p\u00e5 <em>Naturgenetikk<\/em> fant den genetiske &laquo;\u00e5rsaken&raquo; til forskjellen mellom sitrusfrukter og andre frukter. Genuttrykk <strong>PH4 <\/strong>den er avgj\u00f8rende for mengden sitronsyre i frukten og f\u00f8lgelig for dens smak. Disse mengdene varierer fra sitrusfrukt til sitrusfrukt, sm\u00e5 konsentrasjoner av sitronsyre gir appelsiner syrlighet samtidig som de opprettholder en s\u00f8t smak, mens st\u00f8rre mengder gir sitroner en sterk syre.<\/p>\n<\/p><\/div>\n","protected":false},"excerpt":{"rendered":"<p>Svarte du oransje? Feil! Det riktige svaret er mandarin. Faktisk, mandarin (Citrus reticulata), pomelo (Sitrusmaksima)<\/p>\n","protected":false},"author":1,"featured_media":13184,"comment_status":"closed","ping_status":"open","sticky":false,"template":"","format":"standard","meta":{"footnotes":""},"categories":[24],"tags":[8685,568,1156,5719,144,3912,8686,2162,8687,5482,117],"class_list":["post-13183","post","type-post","status-publish","format-standard","has-post-thumbnail","hentry","category-vitenskap","tag-appelsinen","tag-dag","tag-eller","tag-forst","tag-hva","tag-kom","tag-mandarinen","tag-opprinnelsen","tag-sitrusfruktene","tag-spiser","tag-til","generate-columns","tablet-grid-50","mobile-grid-100","grid-parent","grid-33","resize-featured-image"],"yoast_head":"<!-- This site is optimized with the Yoast SEO plugin v24.4 - https:\/\/yoast.com\/wordpress\/plugins\/seo\/ -->\n<title>Hva kom f\u00f8rst, appelsinen eller mandarinen? Opprinnelsen til sitrusfruktene vi spiser i dag - Nordnesrepublikken<\/title>\n<meta name=\"robots\" content=\"index, follow, max-snippet:-1, max-image-preview:large, max-video-preview:-1\" \/>\n<link rel=\"canonical\" href=\"https:\/\/nordnesrepublikken.no\/index.php\/2025\/12\/25\/hva-kom-forst-appelsinen-eller-mandarinen-opprinnelsen-til-sitrusfruktene-vi-spiser-i-dag\/\" \/>\n<meta property=\"og:locale\" content=\"nb_NO\" \/>\n<meta property=\"og:type\" content=\"article\" \/>\n<meta property=\"og:title\" content=\"Hva kom f\u00f8rst, appelsinen eller mandarinen? Opprinnelsen til sitrusfruktene vi spiser i dag - Nordnesrepublikken\" \/>\n<meta property=\"og:description\" content=\"Svarte du oransje? Feil! Det riktige svaret er mandarin. Faktisk, mandarin (Citrus reticulata), pomelo (Sitrusmaksima)\" \/>\n<meta property=\"og:url\" content=\"https:\/\/nordnesrepublikken.no\/index.php\/2025\/12\/25\/hva-kom-forst-appelsinen-eller-mandarinen-opprinnelsen-til-sitrusfruktene-vi-spiser-i-dag\/\" \/>\n<meta property=\"og:site_name\" content=\"Nordnesrepublikken\" \/>\n<meta property=\"article:published_time\" content=\"2025-12-25T00:51:25+00:00\" \/>\n<meta property=\"article:modified_time\" content=\"2025-12-25T00:51:27+00:00\" \/>\n<meta property=\"og:image\" content=\"https:\/\/nordnesrepublikken.no\/wp-content\/uploads\/2025\/12\/1766623886_Hva-kom-forst-appelsinen-eller-mandarinen-Opprinnelsen-til-sitrusfruktene-vi.jpg\" \/>\n\t<meta property=\"og:image:width\" content=\"1280\" \/>\n\t<meta property=\"og:image:height\" content=\"720\" \/>\n\t<meta property=\"og:image:type\" content=\"image\/jpeg\" \/>\n<meta name=\"author\" content=\"Ole Andersen\" \/>\n<meta name=\"twitter:card\" content=\"summary_large_image\" \/>\n<meta name=\"twitter:label1\" content=\"Skrevet av\" \/>\n\t<meta name=\"twitter:data1\" content=\"Ole Andersen\" \/>\n\t<meta name=\"twitter:label2\" content=\"Ansl. lesetid\" \/>\n\t<meta name=\"twitter:data2\" content=\"2 minutter\" \/>\n<script type=\"application\/ld+json\" class=\"yoast-schema-graph\">{\"@context\":\"https:\/\/schema.org\",\"@graph\":[{\"@type\":\"Article\",\"@id\":\"https:\/\/nordnesrepublikken.no\/index.php\/2025\/12\/25\/hva-kom-forst-appelsinen-eller-mandarinen-opprinnelsen-til-sitrusfruktene-vi-spiser-i-dag\/#article\",\"isPartOf\":{\"@id\":\"https:\/\/nordnesrepublikken.no\/index.php\/2025\/12\/25\/hva-kom-forst-appelsinen-eller-mandarinen-opprinnelsen-til-sitrusfruktene-vi-spiser-i-dag\/\"},\"author\":{\"name\":\"Ole Andersen\",\"@id\":\"https:\/\/nordnesrepublikken.no\/#\/schema\/person\/2e7e81935bab77882fffb79296240ff1\"},\"headline\":\"Hva kom f\u00f8rst, appelsinen eller mandarinen? Opprinnelsen til sitrusfruktene vi spiser i dag\",\"datePublished\":\"2025-12-25T00:51:25+00:00\",\"dateModified\":\"2025-12-25T00:51:27+00:00\",\"mainEntityOfPage\":{\"@id\":\"https:\/\/nordnesrepublikken.no\/index.php\/2025\/12\/25\/hva-kom-forst-appelsinen-eller-mandarinen-opprinnelsen-til-sitrusfruktene-vi-spiser-i-dag\/\"},\"wordCount\":468,\"publisher\":{\"@id\":\"https:\/\/nordnesrepublikken.no\/#organization\"},\"image\":{\"@id\":\"https:\/\/nordnesrepublikken.no\/index.php\/2025\/12\/25\/hva-kom-forst-appelsinen-eller-mandarinen-opprinnelsen-til-sitrusfruktene-vi-spiser-i-dag\/#primaryimage\"},\"thumbnailUrl\":\"https:\/\/nordnesrepublikken.no\/wp-content\/uploads\/2025\/12\/1766623886_Hva-kom-forst-appelsinen-eller-mandarinen-Opprinnelsen-til-sitrusfruktene-vi.jpg\",\"keywords\":[\"appelsinen\",\"dag\",\"eller\",\"f\u00f8rst\",\"Hva\",\"kom\",\"mandarinen\",\"Opprinnelsen\",\"sitrusfruktene\",\"spiser\",\"til\"],\"articleSection\":[\"Vitenskap\"],\"inLanguage\":\"nb-NO\"},{\"@type\":\"WebPage\",\"@id\":\"https:\/\/nordnesrepublikken.no\/index.php\/2025\/12\/25\/hva-kom-forst-appelsinen-eller-mandarinen-opprinnelsen-til-sitrusfruktene-vi-spiser-i-dag\/\",\"url\":\"https:\/\/nordnesrepublikken.no\/index.php\/2025\/12\/25\/hva-kom-forst-appelsinen-eller-mandarinen-opprinnelsen-til-sitrusfruktene-vi-spiser-i-dag\/\",\"name\":\"Hva kom f\u00f8rst, appelsinen eller mandarinen? Opprinnelsen til sitrusfruktene vi spiser i dag - Nordnesrepublikken\",\"isPartOf\":{\"@id\":\"https:\/\/nordnesrepublikken.no\/#website\"},\"primaryImageOfPage\":{\"@id\":\"https:\/\/nordnesrepublikken.no\/index.php\/2025\/12\/25\/hva-kom-forst-appelsinen-eller-mandarinen-opprinnelsen-til-sitrusfruktene-vi-spiser-i-dag\/#primaryimage\"},\"image\":{\"@id\":\"https:\/\/nordnesrepublikken.no\/index.php\/2025\/12\/25\/hva-kom-forst-appelsinen-eller-mandarinen-opprinnelsen-til-sitrusfruktene-vi-spiser-i-dag\/#primaryimage\"},\"thumbnailUrl\":\"https:\/\/nordnesrepublikken.no\/wp-content\/uploads\/2025\/12\/1766623886_Hva-kom-forst-appelsinen-eller-mandarinen-Opprinnelsen-til-sitrusfruktene-vi.jpg\",\"datePublished\":\"2025-12-25T00:51:25+00:00\",\"dateModified\":\"2025-12-25T00:51:27+00:00\",\"breadcrumb\":{\"@id\":\"https:\/\/nordnesrepublikken.no\/index.php\/2025\/12\/25\/hva-kom-forst-appelsinen-eller-mandarinen-opprinnelsen-til-sitrusfruktene-vi-spiser-i-dag\/#breadcrumb\"},\"inLanguage\":\"nb-NO\",\"potentialAction\":[{\"@type\":\"ReadAction\",\"target\":[\"https:\/\/nordnesrepublikken.no\/index.php\/2025\/12\/25\/hva-kom-forst-appelsinen-eller-mandarinen-opprinnelsen-til-sitrusfruktene-vi-spiser-i-dag\/\"]}]},{\"@type\":\"ImageObject\",\"inLanguage\":\"nb-NO\",\"@id\":\"https:\/\/nordnesrepublikken.no\/index.php\/2025\/12\/25\/hva-kom-forst-appelsinen-eller-mandarinen-opprinnelsen-til-sitrusfruktene-vi-spiser-i-dag\/#primaryimage\",\"url\":\"https:\/\/nordnesrepublikken.no\/wp-content\/uploads\/2025\/12\/1766623886_Hva-kom-forst-appelsinen-eller-mandarinen-Opprinnelsen-til-sitrusfruktene-vi.jpg\",\"contentUrl\":\"https:\/\/nordnesrepublikken.no\/wp-content\/uploads\/2025\/12\/1766623886_Hva-kom-forst-appelsinen-eller-mandarinen-Opprinnelsen-til-sitrusfruktene-vi.jpg\",\"width\":1280,\"height\":720,\"caption\":\"Hva kom f\u00f8rst, appelsinen eller mandarinen? Opprinnelsen til sitrusfruktene vi spiser i dag\"},{\"@type\":\"BreadcrumbList\",\"@id\":\"https:\/\/nordnesrepublikken.no\/index.php\/2025\/12\/25\/hva-kom-forst-appelsinen-eller-mandarinen-opprinnelsen-til-sitrusfruktene-vi-spiser-i-dag\/#breadcrumb\",\"itemListElement\":[{\"@type\":\"ListItem\",\"position\":1,\"name\":\"Home\",\"item\":\"https:\/\/nordnesrepublikken.no\/\"},{\"@type\":\"ListItem\",\"position\":2,\"name\":\"Hva kom f\u00f8rst, appelsinen eller mandarinen? Opprinnelsen til sitrusfruktene vi spiser i dag\"}]},{\"@type\":\"WebSite\",\"@id\":\"https:\/\/nordnesrepublikken.no\/#website\",\"url\":\"https:\/\/nordnesrepublikken.no\/\",\"name\":\"Nordnesrepublikken\",\"description\":\"Stemmer og Visjoner fra Republikkens Hjerte\",\"publisher\":{\"@id\":\"https:\/\/nordnesrepublikken.no\/#organization\"},\"potentialAction\":[{\"@type\":\"SearchAction\",\"target\":{\"@type\":\"EntryPoint\",\"urlTemplate\":\"https:\/\/nordnesrepublikken.no\/?s={search_term_string}\"},\"query-input\":{\"@type\":\"PropertyValueSpecification\",\"valueRequired\":true,\"valueName\":\"search_term_string\"}}],\"inLanguage\":\"nb-NO\"},{\"@type\":\"Organization\",\"@id\":\"https:\/\/nordnesrepublikken.no\/#organization\",\"name\":\"Nordnesrepublikken\",\"url\":\"https:\/\/nordnesrepublikken.no\/\",\"logo\":{\"@type\":\"ImageObject\",\"inLanguage\":\"nb-NO\",\"@id\":\"https:\/\/nordnesrepublikken.no\/#\/schema\/logo\/image\/\",\"url\":\"https:\/\/nordnesrepublikken.no\/wp-content\/uploads\/2025\/02\/cropped-nordnesrepublikken-2.png\",\"contentUrl\":\"https:\/\/nordnesrepublikken.no\/wp-content\/uploads\/2025\/02\/cropped-nordnesrepublikken-2.png\",\"width\":1248,\"height\":362,\"caption\":\"Nordnesrepublikken\"},\"image\":{\"@id\":\"https:\/\/nordnesrepublikken.no\/#\/schema\/logo\/image\/\"}},{\"@type\":\"Person\",\"@id\":\"https:\/\/nordnesrepublikken.no\/#\/schema\/person\/2e7e81935bab77882fffb79296240ff1\",\"name\":\"Ole Andersen\",\"image\":{\"@type\":\"ImageObject\",\"inLanguage\":\"nb-NO\",\"@id\":\"https:\/\/nordnesrepublikken.no\/#\/schema\/person\/image\/\",\"url\":\"https:\/\/nordnesrepublikken.no\/wp-content\/uploads\/2025\/02\/nordnesrepublikken-2-2-150x150.jpg\",\"contentUrl\":\"https:\/\/nordnesrepublikken.no\/wp-content\/uploads\/2025\/02\/nordnesrepublikken-2-2-150x150.jpg\",\"caption\":\"Ole Andersen\"},\"description\":\"Ettersom jeg vokste opp i Oslo, har jeg alltid v\u00e6rt fascinert av ordenes kraft og deres evne til \u00e5 skape endringer. Etter \u00e5 ha fullf\u00f8rt min utdannelse i kommunikasjon ved Universitetet i Bergen, fikk jeg muligheten til \u00e5 jobbe innen ulike medier, der jeg har s\u00f8kt \u00e5 belyse viktige samfunnssp\u00f8rsm\u00e5l. I dag, som redakt\u00f8r for Nordnesrepublikken, pr\u00f8ver jeg \u00e5 forene min kj\u00e6rlighet for journalistikk med min lidenskap for innovasjon og eventyr.\",\"sameAs\":[\"https:\/\/nordnesrepublikken.no\/\"]}]}<\/script>\n<!-- \/ Yoast SEO plugin. -->","yoast_head_json":{"title":"Hva kom f\u00f8rst, appelsinen eller mandarinen? Opprinnelsen til sitrusfruktene vi spiser i dag - Nordnesrepublikken","robots":{"index":"index","follow":"follow","max-snippet":"max-snippet:-1","max-image-preview":"max-image-preview:large","max-video-preview":"max-video-preview:-1"},"canonical":"https:\/\/nordnesrepublikken.no\/index.php\/2025\/12\/25\/hva-kom-forst-appelsinen-eller-mandarinen-opprinnelsen-til-sitrusfruktene-vi-spiser-i-dag\/","og_locale":"nb_NO","og_type":"article","og_title":"Hva kom f\u00f8rst, appelsinen eller mandarinen? Opprinnelsen til sitrusfruktene vi spiser i dag - Nordnesrepublikken","og_description":"Svarte du oransje? Feil! Det riktige svaret er mandarin. Faktisk, mandarin (Citrus reticulata), pomelo (Sitrusmaksima)","og_url":"https:\/\/nordnesrepublikken.no\/index.php\/2025\/12\/25\/hva-kom-forst-appelsinen-eller-mandarinen-opprinnelsen-til-sitrusfruktene-vi-spiser-i-dag\/","og_site_name":"Nordnesrepublikken","article_published_time":"2025-12-25T00:51:25+00:00","article_modified_time":"2025-12-25T00:51:27+00:00","og_image":[{"width":1280,"height":720,"url":"https:\/\/nordnesrepublikken.no\/wp-content\/uploads\/2025\/12\/1766623886_Hva-kom-forst-appelsinen-eller-mandarinen-Opprinnelsen-til-sitrusfruktene-vi.jpg","type":"image\/jpeg"}],"author":"Ole Andersen","twitter_card":"summary_large_image","twitter_misc":{"Skrevet av":"Ole Andersen","Ansl. lesetid":"2 minutter"},"schema":{"@context":"https:\/\/schema.org","@graph":[{"@type":"Article","@id":"https:\/\/nordnesrepublikken.no\/index.php\/2025\/12\/25\/hva-kom-forst-appelsinen-eller-mandarinen-opprinnelsen-til-sitrusfruktene-vi-spiser-i-dag\/#article","isPartOf":{"@id":"https:\/\/nordnesrepublikken.no\/index.php\/2025\/12\/25\/hva-kom-forst-appelsinen-eller-mandarinen-opprinnelsen-til-sitrusfruktene-vi-spiser-i-dag\/"},"author":{"name":"Ole Andersen","@id":"https:\/\/nordnesrepublikken.no\/#\/schema\/person\/2e7e81935bab77882fffb79296240ff1"},"headline":"Hva kom f\u00f8rst, appelsinen eller mandarinen? Opprinnelsen til sitrusfruktene vi spiser i dag","datePublished":"2025-12-25T00:51:25+00:00","dateModified":"2025-12-25T00:51:27+00:00","mainEntityOfPage":{"@id":"https:\/\/nordnesrepublikken.no\/index.php\/2025\/12\/25\/hva-kom-forst-appelsinen-eller-mandarinen-opprinnelsen-til-sitrusfruktene-vi-spiser-i-dag\/"},"wordCount":468,"publisher":{"@id":"https:\/\/nordnesrepublikken.no\/#organization"},"image":{"@id":"https:\/\/nordnesrepublikken.no\/index.php\/2025\/12\/25\/hva-kom-forst-appelsinen-eller-mandarinen-opprinnelsen-til-sitrusfruktene-vi-spiser-i-dag\/#primaryimage"},"thumbnailUrl":"https:\/\/nordnesrepublikken.no\/wp-content\/uploads\/2025\/12\/1766623886_Hva-kom-forst-appelsinen-eller-mandarinen-Opprinnelsen-til-sitrusfruktene-vi.jpg","keywords":["appelsinen","dag","eller","f\u00f8rst","Hva","kom","mandarinen","Opprinnelsen","sitrusfruktene","spiser","til"],"articleSection":["Vitenskap"],"inLanguage":"nb-NO"},{"@type":"WebPage","@id":"https:\/\/nordnesrepublikken.no\/index.php\/2025\/12\/25\/hva-kom-forst-appelsinen-eller-mandarinen-opprinnelsen-til-sitrusfruktene-vi-spiser-i-dag\/","url":"https:\/\/nordnesrepublikken.no\/index.php\/2025\/12\/25\/hva-kom-forst-appelsinen-eller-mandarinen-opprinnelsen-til-sitrusfruktene-vi-spiser-i-dag\/","name":"Hva kom f\u00f8rst, appelsinen eller mandarinen? Opprinnelsen til sitrusfruktene vi spiser i dag - Nordnesrepublikken","isPartOf":{"@id":"https:\/\/nordnesrepublikken.no\/#website"},"primaryImageOfPage":{"@id":"https:\/\/nordnesrepublikken.no\/index.php\/2025\/12\/25\/hva-kom-forst-appelsinen-eller-mandarinen-opprinnelsen-til-sitrusfruktene-vi-spiser-i-dag\/#primaryimage"},"image":{"@id":"https:\/\/nordnesrepublikken.no\/index.php\/2025\/12\/25\/hva-kom-forst-appelsinen-eller-mandarinen-opprinnelsen-til-sitrusfruktene-vi-spiser-i-dag\/#primaryimage"},"thumbnailUrl":"https:\/\/nordnesrepublikken.no\/wp-content\/uploads\/2025\/12\/1766623886_Hva-kom-forst-appelsinen-eller-mandarinen-Opprinnelsen-til-sitrusfruktene-vi.jpg","datePublished":"2025-12-25T00:51:25+00:00","dateModified":"2025-12-25T00:51:27+00:00","breadcrumb":{"@id":"https:\/\/nordnesrepublikken.no\/index.php\/2025\/12\/25\/hva-kom-forst-appelsinen-eller-mandarinen-opprinnelsen-til-sitrusfruktene-vi-spiser-i-dag\/#breadcrumb"},"inLanguage":"nb-NO","potentialAction":[{"@type":"ReadAction","target":["https:\/\/nordnesrepublikken.no\/index.php\/2025\/12\/25\/hva-kom-forst-appelsinen-eller-mandarinen-opprinnelsen-til-sitrusfruktene-vi-spiser-i-dag\/"]}]},{"@type":"ImageObject","inLanguage":"nb-NO","@id":"https:\/\/nordnesrepublikken.no\/index.php\/2025\/12\/25\/hva-kom-forst-appelsinen-eller-mandarinen-opprinnelsen-til-sitrusfruktene-vi-spiser-i-dag\/#primaryimage","url":"https:\/\/nordnesrepublikken.no\/wp-content\/uploads\/2025\/12\/1766623886_Hva-kom-forst-appelsinen-eller-mandarinen-Opprinnelsen-til-sitrusfruktene-vi.jpg","contentUrl":"https:\/\/nordnesrepublikken.no\/wp-content\/uploads\/2025\/12\/1766623886_Hva-kom-forst-appelsinen-eller-mandarinen-Opprinnelsen-til-sitrusfruktene-vi.jpg","width":1280,"height":720,"caption":"Hva kom f\u00f8rst, appelsinen eller mandarinen? Opprinnelsen til sitrusfruktene vi spiser i dag"},{"@type":"BreadcrumbList","@id":"https:\/\/nordnesrepublikken.no\/index.php\/2025\/12\/25\/hva-kom-forst-appelsinen-eller-mandarinen-opprinnelsen-til-sitrusfruktene-vi-spiser-i-dag\/#breadcrumb","itemListElement":[{"@type":"ListItem","position":1,"name":"Home","item":"https:\/\/nordnesrepublikken.no\/"},{"@type":"ListItem","position":2,"name":"Hva kom f\u00f8rst, appelsinen eller mandarinen? Opprinnelsen til sitrusfruktene vi spiser i dag"}]},{"@type":"WebSite","@id":"https:\/\/nordnesrepublikken.no\/#website","url":"https:\/\/nordnesrepublikken.no\/","name":"Nordnesrepublikken","description":"Stemmer og Visjoner fra Republikkens Hjerte","publisher":{"@id":"https:\/\/nordnesrepublikken.no\/#organization"},"potentialAction":[{"@type":"SearchAction","target":{"@type":"EntryPoint","urlTemplate":"https:\/\/nordnesrepublikken.no\/?s={search_term_string}"},"query-input":{"@type":"PropertyValueSpecification","valueRequired":true,"valueName":"search_term_string"}}],"inLanguage":"nb-NO"},{"@type":"Organization","@id":"https:\/\/nordnesrepublikken.no\/#organization","name":"Nordnesrepublikken","url":"https:\/\/nordnesrepublikken.no\/","logo":{"@type":"ImageObject","inLanguage":"nb-NO","@id":"https:\/\/nordnesrepublikken.no\/#\/schema\/logo\/image\/","url":"https:\/\/nordnesrepublikken.no\/wp-content\/uploads\/2025\/02\/cropped-nordnesrepublikken-2.png","contentUrl":"https:\/\/nordnesrepublikken.no\/wp-content\/uploads\/2025\/02\/cropped-nordnesrepublikken-2.png","width":1248,"height":362,"caption":"Nordnesrepublikken"},"image":{"@id":"https:\/\/nordnesrepublikken.no\/#\/schema\/logo\/image\/"}},{"@type":"Person","@id":"https:\/\/nordnesrepublikken.no\/#\/schema\/person\/2e7e81935bab77882fffb79296240ff1","name":"Ole Andersen","image":{"@type":"ImageObject","inLanguage":"nb-NO","@id":"https:\/\/nordnesrepublikken.no\/#\/schema\/person\/image\/","url":"https:\/\/nordnesrepublikken.no\/wp-content\/uploads\/2025\/02\/nordnesrepublikken-2-2-150x150.jpg","contentUrl":"https:\/\/nordnesrepublikken.no\/wp-content\/uploads\/2025\/02\/nordnesrepublikken-2-2-150x150.jpg","caption":"Ole Andersen"},"description":"Ettersom jeg vokste opp i Oslo, har jeg alltid v\u00e6rt fascinert av ordenes kraft og deres evne til \u00e5 skape endringer. Etter \u00e5 ha fullf\u00f8rt min utdannelse i kommunikasjon ved Universitetet i Bergen, fikk jeg muligheten til \u00e5 jobbe innen ulike medier, der jeg har s\u00f8kt \u00e5 belyse viktige samfunnssp\u00f8rsm\u00e5l. I dag, som redakt\u00f8r for Nordnesrepublikken, pr\u00f8ver jeg \u00e5 forene min kj\u00e6rlighet for journalistikk med min lidenskap for innovasjon og eventyr.","sameAs":["https:\/\/nordnesrepublikken.no\/"]}]}},"_links":{"self":[{"href":"https:\/\/nordnesrepublikken.no\/index.php\/wp-json\/wp\/v2\/posts\/13183","targetHints":{"allow":["GET"]}}],"collection":[{"href":"https:\/\/nordnesrepublikken.no\/index.php\/wp-json\/wp\/v2\/posts"}],"about":[{"href":"https:\/\/nordnesrepublikken.no\/index.php\/wp-json\/wp\/v2\/types\/post"}],"author":[{"embeddable":true,"href":"https:\/\/nordnesrepublikken.no\/index.php\/wp-json\/wp\/v2\/users\/1"}],"replies":[{"embeddable":true,"href":"https:\/\/nordnesrepublikken.no\/index.php\/wp-json\/wp\/v2\/comments?post=13183"}],"version-history":[{"count":1,"href":"https:\/\/nordnesrepublikken.no\/index.php\/wp-json\/wp\/v2\/posts\/13183\/revisions"}],"predecessor-version":[{"id":13185,"href":"https:\/\/nordnesrepublikken.no\/index.php\/wp-json\/wp\/v2\/posts\/13183\/revisions\/13185"}],"wp:featuredmedia":[{"embeddable":true,"href":"https:\/\/nordnesrepublikken.no\/index.php\/wp-json\/wp\/v2\/media\/13184"}],"wp:attachment":[{"href":"https:\/\/nordnesrepublikken.no\/index.php\/wp-json\/wp\/v2\/media?parent=13183"}],"wp:term":[{"taxonomy":"category","embeddable":true,"href":"https:\/\/nordnesrepublikken.no\/index.php\/wp-json\/wp\/v2\/categories?post=13183"},{"taxonomy":"post_tag","embeddable":true,"href":"https:\/\/nordnesrepublikken.no\/index.php\/wp-json\/wp\/v2\/tags?post=13183"}],"curies":[{"name":"wp","href":"https:\/\/api.w.org\/{rel}","templated":true}]}}