{"id":13180,"date":"2025-12-24T22:51:26","date_gmt":"2025-12-24T21:51:26","guid":{"rendered":"https:\/\/nordnesrepublikken.no\/index.php\/2025\/12\/24\/hva-skjedde-egentlig-under-julevapenhvilen-i-1914\/"},"modified":"2025-12-24T22:51:27","modified_gmt":"2025-12-24T21:51:27","slug":"hva-skjedde-egentlig-under-julevapenhvilen-i-1914","status":"publish","type":"post","link":"https:\/\/nordnesrepublikken.no\/index.php\/2025\/12\/24\/hva-skjedde-egentlig-under-julevapenhvilen-i-1914\/","title":{"rendered":"Hva skjedde egentlig under julev\u00e5penhvilen i 1914"},"content":{"rendered":"<div>\n<div class=\"cp_wrapper cp_wrapper--fw mb-30 mb-20@tablet\">\n<figure class=\"mm\"><picture class=\"img\" style=\"padding-top:56.25%\"><source  media=\"(min-width: 1024px)\"><source  media=\"(min-width: 768px)\"><\/source><\/source><\/picture><\/figure>\n<\/p><\/div>\n<p>P\u00e5 slutten av 1914 hadde sammenst\u00f8tene for\u00e5rsaket av f\u00f8rste verdenskrig allerede for\u00e5rsaket mange d\u00f8dsfall: hundretusener. D\u00f8delig bev\u00e6pning som maskingev\u00e6r gjorde dype inntrykk, og h\u00e6rene p\u00e5 vestfronten satt fast i en <strong>utmattende posisjonskrig<\/strong>.<\/p>\n<p>I dette scenariet skjedde et sett med spontane episoder mellom 24. og 26. desember som gikk over i historien med uttrykk for <strong>Julev\u00e5penhvile<\/strong>. Med varierende grad av deltakelse var det en rekke avbrudd i kampene \u2013 <strong>verken bestilt eller programmert<\/strong> \u2013 som da tillot noen soldater, n\u00e6rmere bestemt engelskmennene og tyskerne, til <strong>snakke og utveksle hilsener og gaver<\/strong>.<\/p>\n<p>Mange anser det som det vakreste juleeventyret, sammenlignet med et <strong>mirakel<\/strong>.<\/p>\n<h2>Julen 1914: tiden for v\u00e5penhvilen<\/h2>\n<p>Mellom <strong>24. og 26. desember 1914<\/strong> det var en <strong>spontan v\u00e5penhvile<\/strong> erkl\u00e6rt av soldatene, franske, engelske og tyske, som kom ut i det fri p\u00e5 begge fronter og m\u00f8ttes i ingenmannsland. De snakket med hverandre, h\u00e5ndhilste, klemte hverandre, begravde de falne fra de to sidene.<\/p>\n<p>Etter uker med kraftig regn, <strong>v\u00e5penhvilen p\u00e5virket mange krigere p\u00e5 vestfronten<\/strong>spesielt i sektorene der skyttergravene var n\u00e6rmere og soldatene var mer slitne, <strong>mest mellom Frankrike og Belgia<\/strong>.<\/p>\n<p>De mest huskede tiln\u00e6rmingene fant sted p\u00e5 en klar, men iskald natt i den belgiske regionen Flandern, <strong>n\u00e6r byen Ypres<\/strong>hvor grupper av tyske soldater tente brystningene til festningsverkene sine med stearinlys plassert p\u00e5 sm\u00e5 dekorerte grantr\u00e6r, og sang julesanger som<em> Still natt<\/em>og deretter vise skilt med ordene &laquo;Du skyter ikke, vi skyter ikke&raquo; (&laquo;Du skyter ikke, vi skyter ikke&raquo;) eller &laquo;God jul!&raquo;.<\/p>\n<p>Engelskmennene sang <strong>svar julesanger<\/strong>hvordan <em>De<\/em> <em>F\u00f8rst Noel<\/em>og etter den gjensidige invitasjonen om \u00e5 etablere ubev\u00e6pnet kontakt ankom vi m\u00f8ter 25. desember, komplett med <strong>utveksling av<\/strong> <strong>hverdagslige gjenstander<\/strong>sjokolade, alkohol og til og med uniformsknapper.<\/p>\n<p><strong>Til tross for spr\u00e5kbarrierene<\/strong>kommunikasjonen skjedde gjennom manuelle bevegelser, visning av bilder eller takket v\u00e6re sjeldne tyske tolker som, etter \u00e5 ha jobbet i England, kunne litt engelsk. Det var de ogs\u00e5 <strong>likene av de falne som ble liggende p\u00e5 bakken ble gravlagt<\/strong> i det s\u00e5kalte ingenmannslandet: det ubesatte omr\u00e5det foran skyttergravene og gjort farlig p\u00e5 grunn av den konstante risikoen for \u00e5 bli truffet.<\/p>\n<div class=\"cp_wrapper cp_wrapper--fw mb-50\">\n<figure class=\"mm\"><picture class=\"img\" style=\"padding-top:56.25%\"><source  media=\"(min-width: 1024px)\"><source  media=\"(min-width: 768px)\"><img decoding=\"async\" loading=\"lazy\" src=\"https:\/\/nordnesrepublikken.no\/wp-content\/uploads\/2025\/12\/1766613086_258_Hva-skjedde-egentlig-under-julevapenhvilen-i-1914.jpg\" alt=\"Julev\u00e5penhvile 1914\" width=\"960\" height=\"540\"\/><\/source><\/source><\/picture><\/figure>\n<\/p><\/div>\n<p><strong>Nesten 50 km lang<\/strong>i omtrent to tredjedeler av omr\u00e5det kontrollert av den britiske ekspedisjonsstyrken, sendt til Frankrike og Belgia for \u00e5 avvise den tyske fremrykningen, var det lignende tilfeller, men ikke de samme og kanskje bare i noen f\u00e5 timer.<\/p>\n<p>Mange tusen soldater passerte <strong>minst en dag uten \u00e5 m\u00e5tte skyte eller bli siktet<\/strong>selv om det er veldig komplekst \u00e5 vite hvor mange som faktisk m\u00f8tte soldatene fra de motsatte skyttergravene. Det som skjedde i n\u00e6rheten av Ypres, derimot, <strong>det var ikke en isolert hendelse<\/strong> og til og med franske og belgiske soldater deltok til slutt i den uvanlige suspenderingen av fiendtlighetene.<\/p>\n<h2>Et kort pusterom mellom sigarer, sigaretter og fotball<\/h2>\n<p>P\u00e5 <strong>Julev\u00e5penhvile<\/strong> de er tilgjengelige i dag <strong>ganske interessante kilder<\/strong>. Det britiske arkivet for dokumenter av historisk betydning, <strong>Nasjonalarkivet (TNA)<\/strong>gjort tilgjengelig transkripsjonen av en offisiell rapport fra en brigadekommando (5. divisjon, 15. brigade). Forfatteren, som henvendte seg til hovedkvarteret, beskrev et &laquo;uformelt m\u00f8te&raquo; som fant sted 25. desember 1914 mellom rundt 200 britiske soldater og et &laquo;enda st\u00f8rre antall tyskere&raquo;.<\/p>\n<p>Det sto: &laquo;Omtrent kl. 14.00 dukket en tysk offiser eller underoffiser opp og n\u00e6rmet seg skyttergravene v\u00e5re med en sigarboks. Det ble ikke skutt ild mot ham, og en eller to av v\u00e5re menn gikk ham i m\u00f8te. Andre, tyske og engelske, sluttet seg til, og snart var det mange menn i rommet mellom skyttergravene, n\u00e6rmere enn fra de tyske skyttergravene og tok imot hverandre og tok imot hverandre. sigarer og sigaretter osv.&raquo;<\/p>\n<p>I f\u00f8lge noen rekonstruksjoner, mellom tyskerne og engelskmennene <strong>det var ogs\u00e5 fotballkamper<\/strong>. Hendelser innhyllet i en nesten legendarisk aura, etter \u00e5 ha ikke blitt fullstendig bekreftet av vitnesbyrd med kryssreferanser. I de p\u00e5f\u00f8lgende dagene rapporterte noen sportskamper i siste liten <strong>utnytter<\/strong> <strong>jorden mindre gj\u00f8rmete enn vanlig<\/strong>med baller laget av bundne filler eller ved \u00e5 sparke tomme matbeholdere.<\/p>\n<p><strong>Omstendighetene i 1914<\/strong>for det meste minimert eller stilnet av tyske aviser og franske aviser, <strong>vakte oppmerksomhet fra den angelsaksiske presse<\/strong>amerikansk og engelsk. Hot dukket de opp <strong>nyheter, kommentarer og<\/strong> <strong>brev fra soldater<\/strong> sendt til familiemedlemmer. I en av disse, publisert 1. januar 1915 i <em>Bedfordshire Times og Independent<\/em>sa en korporal: &laquo;N\u00e5, hvem ville tro det hvis de ikke hadde sett det med egne \u00f8yne? Det er vanskelig \u00e5 tro selv for oss.&raquo;<\/p>\n<h2>Hva julev\u00e5penhvilen forteller oss om f\u00f8rste verdenskrig<\/h2>\n<p>De milit\u00e6re myndighetene ser p\u00e5 &laquo;forbr\u00f8dring&raquo; mellom soldater som en stor risiko for disiplin, <strong>de ble skremt av det som skjedde<\/strong>. Reaksjonen var derfor hard: ikke-fiendtlige tiln\u00e6rminger ble ansett som strengt straffbare forbrytelser, <strong>som et svik<\/strong>og nyhetene som sirkulerte var<strong> blokkert eller blankt avvist<\/strong>. Noen involverte soldater ble flyttet til andre omr\u00e5der, ofte fjerne, for \u00e5 kjempe mot menn de ikke kjente.<\/p>\n<p>Derfra og videre <strong>det var ikke lenger noe som ligner p\u00e5 v\u00e5penhvilen i 1914<\/strong> og krigen \u2013 sv\u00e6rt forskjellig fra konfliktene p\u00e5 det nittende \u00e5rhundre \u2013 rystet hele kontinentet. Faktisk, med etterp\u00e5klokskap, er den improviserte v\u00e5penhvilen ikke s\u00e6rlig nyttig for \u00e5 forst\u00e5 hva f\u00f8rste verdenskrig egentlig var. Det viser, om noe, hva det ikke var.<\/p>\n<p><strong>Historikeren Enzo Traverso<\/strong> han observerte at f\u00f8rste verdenskrig var &laquo;f\u00f8dselsattesten&raquo; for en europeisk borgerkrig som varte i hele f\u00f8rste halvdel av det tjuende \u00e5rhundre (frem til andre verdenskrig). Og videre <strong>&laquo;flyktig v\u00e5penhvile&raquo;<\/strong> fra 1914 skrev han: &laquo;I de f\u00f8lgende \u00e5rene ville disse m\u00f8tene ikke bli gjentatt. Krigen hadde forvandlet seg til en konflikt mellom folk, nasjoner og sivilisasjoner; den fikk n\u00e5 alle mulige betydninger, bortsett fra et sammenst\u00f8t mellom stridende med respekt for hverandre&raquo;.<\/p>\n<p>Videre b\u00f8r det huskes at etter 1914, <strong>kjemiske v\u00e5pen begynte \u00e5 bli brukt<\/strong>med bruk av gasser som slippes ut i luften for \u00e5 skape giftige skyer; og dette til tross for at to Haag-konvensjoner (1899 og 1907) allerede har forbudt slike l\u00f8sninger for krigsform\u00e5l. I april 1915, i byen Ypres, beordret de tyske milit\u00e6rlederne bruk av giftig gass.<\/p>\n<div class=\"cp_wrapper cp_wrapper--fw mb-50\">\n<figure class=\"mm\"><picture class=\"img\" style=\"padding-top:151.5625%\"><source  media=\"(min-width: 1024px)\"><source  media=\"(min-width: 768px)\"><img decoding=\"async\" loading=\"lazy\" src=\"https:\/\/nordnesrepublikken.no\/wp-content\/uploads\/2025\/12\/1766613086_849_Hva-skjedde-egentlig-under-julevapenhvilen-i-1914.jpg\" alt=\"Bilde\" width=\"640\" height=\"970\" class=\"js-seedtag-img\"\/><\/source><\/source><\/picture><\/figure>\n<\/p><\/div>\n<p>S\u00e5 rett p\u00e5 vestfronten, <strong>bare noen m\u00e5neder etter julev\u00e5penhvilen ble konflikten ogs\u00e5 kjemisk krigf\u00f8ring<\/strong>tvinge soldater til \u00e5 bruke gassmasker, terrorisere sine samtidige og ytterligere \u00e5pne d\u00f8ren til en <strong>vold uten sidestykke, n\u00e6rt knyttet til vestlig modernitet.<\/strong><\/p>\n<div class=\"cp_wrapper  mb-50   \">\n<div class=\"cbx\">\n<div class=\"cbx__collection\">\n<p>HOVEDKILDER<\/p>\n<div class=\"cbx__sources\">\n<p>Norman Stone, Den f\u00f8rste verdenskrig. En kort historie, Feltrinelli, Milano 2007.<\/p>\n<p>E. Traverso, ild og jern. Den europeiske borgerkrigen 1914-1945, Il Mulino, Bologna 2008.<\/p>\n<p>M. Isnenghi, G. Rochat, Den store krigen, Il Mulino, Bologna 2008.<\/p>\n<p>R. Romanelli, tjuende \u00e5rhundre. Samtidshistorietimer (Vol. 2), Il Mulino, Bologna 2014.<\/p>\n<p>                                                                                KN McDaniel, Commemorating the Christmas Truce: A Critical Thinking Approach for Popular History, i The History Teacher,, Vol. 49, nr. 1 (november 2015), s. 89-100.<\/p><\/div>\n<\/p><\/div>\n<\/p><\/div>\n<\/div><\/div>\n","protected":false},"excerpt":{"rendered":"<p>P\u00e5 slutten av 1914 hadde sammenst\u00f8tene for\u00e5rsaket av f\u00f8rste verdenskrig allerede for\u00e5rsaket mange d\u00f8dsfall: hundretusener.<\/p>\n","protected":false},"author":1,"featured_media":13181,"comment_status":"closed","ping_status":"open","sticky":false,"template":"","format":"standard","meta":{"footnotes":""},"categories":[104],"tags":[1452,144,8684,325],"class_list":["post-13180","post","type-post","status-publish","format-standard","has-post-thumbnail","hentry","category-samfunn","tag-egentlig","tag-hva","tag-julevapenhvilen","tag-skjedde","generate-columns","tablet-grid-50","mobile-grid-100","grid-parent","grid-33"],"yoast_head":"<!-- This site is optimized with the Yoast SEO plugin v24.4 - https:\/\/yoast.com\/wordpress\/plugins\/seo\/ -->\n<title>Hva skjedde egentlig under julev\u00e5penhvilen i 1914 - Nordnesrepublikken<\/title>\n<meta name=\"robots\" content=\"index, follow, max-snippet:-1, max-image-preview:large, max-video-preview:-1\" \/>\n<link rel=\"canonical\" href=\"https:\/\/nordnesrepublikken.no\/index.php\/2025\/12\/24\/hva-skjedde-egentlig-under-julevapenhvilen-i-1914\/\" \/>\n<meta property=\"og:locale\" content=\"nb_NO\" \/>\n<meta property=\"og:type\" content=\"article\" \/>\n<meta property=\"og:title\" content=\"Hva skjedde egentlig under julev\u00e5penhvilen i 1914 - Nordnesrepublikken\" \/>\n<meta property=\"og:description\" content=\"P\u00e5 slutten av 1914 hadde sammenst\u00f8tene for\u00e5rsaket av f\u00f8rste verdenskrig allerede for\u00e5rsaket mange d\u00f8dsfall: hundretusener.\" \/>\n<meta property=\"og:url\" content=\"https:\/\/nordnesrepublikken.no\/index.php\/2025\/12\/24\/hva-skjedde-egentlig-under-julevapenhvilen-i-1914\/\" \/>\n<meta property=\"og:site_name\" content=\"Nordnesrepublikken\" \/>\n<meta property=\"article:published_time\" content=\"2025-12-24T21:51:26+00:00\" \/>\n<meta property=\"article:modified_time\" content=\"2025-12-24T21:51:27+00:00\" \/>\n<meta property=\"og:image\" content=\"https:\/\/nordnesrepublikken.no\/wp-content\/uploads\/2025\/12\/1766613087_Hva-skjedde-egentlig-under-julevapenhvilen-i-1914.jpg\" \/>\n\t<meta property=\"og:image:width\" content=\"800\" \/>\n\t<meta property=\"og:image:height\" content=\"499\" \/>\n\t<meta property=\"og:image:type\" content=\"image\/jpeg\" \/>\n<meta name=\"author\" content=\"Ole Andersen\" \/>\n<meta name=\"twitter:card\" content=\"summary_large_image\" \/>\n<meta name=\"twitter:label1\" content=\"Skrevet av\" \/>\n\t<meta name=\"twitter:data1\" content=\"Ole Andersen\" \/>\n\t<meta name=\"twitter:label2\" content=\"Ansl. lesetid\" \/>\n\t<meta name=\"twitter:data2\" content=\"6 minutter\" \/>\n<script type=\"application\/ld+json\" class=\"yoast-schema-graph\">{\"@context\":\"https:\/\/schema.org\",\"@graph\":[{\"@type\":\"Article\",\"@id\":\"https:\/\/nordnesrepublikken.no\/index.php\/2025\/12\/24\/hva-skjedde-egentlig-under-julevapenhvilen-i-1914\/#article\",\"isPartOf\":{\"@id\":\"https:\/\/nordnesrepublikken.no\/index.php\/2025\/12\/24\/hva-skjedde-egentlig-under-julevapenhvilen-i-1914\/\"},\"author\":{\"name\":\"Ole Andersen\",\"@id\":\"https:\/\/nordnesrepublikken.no\/#\/schema\/person\/2e7e81935bab77882fffb79296240ff1\"},\"headline\":\"Hva skjedde egentlig under julev\u00e5penhvilen i 1914\",\"datePublished\":\"2025-12-24T21:51:26+00:00\",\"dateModified\":\"2025-12-24T21:51:27+00:00\",\"mainEntityOfPage\":{\"@id\":\"https:\/\/nordnesrepublikken.no\/index.php\/2025\/12\/24\/hva-skjedde-egentlig-under-julevapenhvilen-i-1914\/\"},\"wordCount\":1107,\"publisher\":{\"@id\":\"https:\/\/nordnesrepublikken.no\/#organization\"},\"image\":{\"@id\":\"https:\/\/nordnesrepublikken.no\/index.php\/2025\/12\/24\/hva-skjedde-egentlig-under-julevapenhvilen-i-1914\/#primaryimage\"},\"thumbnailUrl\":\"https:\/\/nordnesrepublikken.no\/wp-content\/uploads\/2025\/12\/1766613087_Hva-skjedde-egentlig-under-julevapenhvilen-i-1914.jpg\",\"keywords\":[\"egentlig\",\"Hva\",\"julev\u00e5penhvilen\",\"skjedde\"],\"articleSection\":[\"Samfunn\"],\"inLanguage\":\"nb-NO\"},{\"@type\":\"WebPage\",\"@id\":\"https:\/\/nordnesrepublikken.no\/index.php\/2025\/12\/24\/hva-skjedde-egentlig-under-julevapenhvilen-i-1914\/\",\"url\":\"https:\/\/nordnesrepublikken.no\/index.php\/2025\/12\/24\/hva-skjedde-egentlig-under-julevapenhvilen-i-1914\/\",\"name\":\"Hva skjedde egentlig under julev\u00e5penhvilen i 1914 - Nordnesrepublikken\",\"isPartOf\":{\"@id\":\"https:\/\/nordnesrepublikken.no\/#website\"},\"primaryImageOfPage\":{\"@id\":\"https:\/\/nordnesrepublikken.no\/index.php\/2025\/12\/24\/hva-skjedde-egentlig-under-julevapenhvilen-i-1914\/#primaryimage\"},\"image\":{\"@id\":\"https:\/\/nordnesrepublikken.no\/index.php\/2025\/12\/24\/hva-skjedde-egentlig-under-julevapenhvilen-i-1914\/#primaryimage\"},\"thumbnailUrl\":\"https:\/\/nordnesrepublikken.no\/wp-content\/uploads\/2025\/12\/1766613087_Hva-skjedde-egentlig-under-julevapenhvilen-i-1914.jpg\",\"datePublished\":\"2025-12-24T21:51:26+00:00\",\"dateModified\":\"2025-12-24T21:51:27+00:00\",\"breadcrumb\":{\"@id\":\"https:\/\/nordnesrepublikken.no\/index.php\/2025\/12\/24\/hva-skjedde-egentlig-under-julevapenhvilen-i-1914\/#breadcrumb\"},\"inLanguage\":\"nb-NO\",\"potentialAction\":[{\"@type\":\"ReadAction\",\"target\":[\"https:\/\/nordnesrepublikken.no\/index.php\/2025\/12\/24\/hva-skjedde-egentlig-under-julevapenhvilen-i-1914\/\"]}]},{\"@type\":\"ImageObject\",\"inLanguage\":\"nb-NO\",\"@id\":\"https:\/\/nordnesrepublikken.no\/index.php\/2025\/12\/24\/hva-skjedde-egentlig-under-julevapenhvilen-i-1914\/#primaryimage\",\"url\":\"https:\/\/nordnesrepublikken.no\/wp-content\/uploads\/2025\/12\/1766613087_Hva-skjedde-egentlig-under-julevapenhvilen-i-1914.jpg\",\"contentUrl\":\"https:\/\/nordnesrepublikken.no\/wp-content\/uploads\/2025\/12\/1766613087_Hva-skjedde-egentlig-under-julevapenhvilen-i-1914.jpg\",\"width\":800,\"height\":499,\"caption\":\"Hva skjedde egentlig under julev\u00e5penhvilen i 1914\"},{\"@type\":\"BreadcrumbList\",\"@id\":\"https:\/\/nordnesrepublikken.no\/index.php\/2025\/12\/24\/hva-skjedde-egentlig-under-julevapenhvilen-i-1914\/#breadcrumb\",\"itemListElement\":[{\"@type\":\"ListItem\",\"position\":1,\"name\":\"Home\",\"item\":\"https:\/\/nordnesrepublikken.no\/\"},{\"@type\":\"ListItem\",\"position\":2,\"name\":\"Hva skjedde egentlig under julev\u00e5penhvilen i 1914\"}]},{\"@type\":\"WebSite\",\"@id\":\"https:\/\/nordnesrepublikken.no\/#website\",\"url\":\"https:\/\/nordnesrepublikken.no\/\",\"name\":\"Nordnesrepublikken\",\"description\":\"Stemmer og Visjoner fra Republikkens Hjerte\",\"publisher\":{\"@id\":\"https:\/\/nordnesrepublikken.no\/#organization\"},\"potentialAction\":[{\"@type\":\"SearchAction\",\"target\":{\"@type\":\"EntryPoint\",\"urlTemplate\":\"https:\/\/nordnesrepublikken.no\/?s={search_term_string}\"},\"query-input\":{\"@type\":\"PropertyValueSpecification\",\"valueRequired\":true,\"valueName\":\"search_term_string\"}}],\"inLanguage\":\"nb-NO\"},{\"@type\":\"Organization\",\"@id\":\"https:\/\/nordnesrepublikken.no\/#organization\",\"name\":\"Nordnesrepublikken\",\"url\":\"https:\/\/nordnesrepublikken.no\/\",\"logo\":{\"@type\":\"ImageObject\",\"inLanguage\":\"nb-NO\",\"@id\":\"https:\/\/nordnesrepublikken.no\/#\/schema\/logo\/image\/\",\"url\":\"https:\/\/nordnesrepublikken.no\/wp-content\/uploads\/2025\/02\/cropped-nordnesrepublikken-2.png\",\"contentUrl\":\"https:\/\/nordnesrepublikken.no\/wp-content\/uploads\/2025\/02\/cropped-nordnesrepublikken-2.png\",\"width\":1248,\"height\":362,\"caption\":\"Nordnesrepublikken\"},\"image\":{\"@id\":\"https:\/\/nordnesrepublikken.no\/#\/schema\/logo\/image\/\"}},{\"@type\":\"Person\",\"@id\":\"https:\/\/nordnesrepublikken.no\/#\/schema\/person\/2e7e81935bab77882fffb79296240ff1\",\"name\":\"Ole Andersen\",\"image\":{\"@type\":\"ImageObject\",\"inLanguage\":\"nb-NO\",\"@id\":\"https:\/\/nordnesrepublikken.no\/#\/schema\/person\/image\/\",\"url\":\"https:\/\/nordnesrepublikken.no\/wp-content\/uploads\/2025\/02\/nordnesrepublikken-2-2-150x150.jpg\",\"contentUrl\":\"https:\/\/nordnesrepublikken.no\/wp-content\/uploads\/2025\/02\/nordnesrepublikken-2-2-150x150.jpg\",\"caption\":\"Ole Andersen\"},\"description\":\"Ettersom jeg vokste opp i Oslo, har jeg alltid v\u00e6rt fascinert av ordenes kraft og deres evne til \u00e5 skape endringer. Etter \u00e5 ha fullf\u00f8rt min utdannelse i kommunikasjon ved Universitetet i Bergen, fikk jeg muligheten til \u00e5 jobbe innen ulike medier, der jeg har s\u00f8kt \u00e5 belyse viktige samfunnssp\u00f8rsm\u00e5l. I dag, som redakt\u00f8r for Nordnesrepublikken, pr\u00f8ver jeg \u00e5 forene min kj\u00e6rlighet for journalistikk med min lidenskap for innovasjon og eventyr.\",\"sameAs\":[\"https:\/\/nordnesrepublikken.no\/\"]}]}<\/script>\n<!-- \/ Yoast SEO plugin. -->","yoast_head_json":{"title":"Hva skjedde egentlig under julev\u00e5penhvilen i 1914 - Nordnesrepublikken","robots":{"index":"index","follow":"follow","max-snippet":"max-snippet:-1","max-image-preview":"max-image-preview:large","max-video-preview":"max-video-preview:-1"},"canonical":"https:\/\/nordnesrepublikken.no\/index.php\/2025\/12\/24\/hva-skjedde-egentlig-under-julevapenhvilen-i-1914\/","og_locale":"nb_NO","og_type":"article","og_title":"Hva skjedde egentlig under julev\u00e5penhvilen i 1914 - Nordnesrepublikken","og_description":"P\u00e5 slutten av 1914 hadde sammenst\u00f8tene for\u00e5rsaket av f\u00f8rste verdenskrig allerede for\u00e5rsaket mange d\u00f8dsfall: hundretusener.","og_url":"https:\/\/nordnesrepublikken.no\/index.php\/2025\/12\/24\/hva-skjedde-egentlig-under-julevapenhvilen-i-1914\/","og_site_name":"Nordnesrepublikken","article_published_time":"2025-12-24T21:51:26+00:00","article_modified_time":"2025-12-24T21:51:27+00:00","og_image":[{"width":800,"height":499,"url":"https:\/\/nordnesrepublikken.no\/wp-content\/uploads\/2025\/12\/1766613087_Hva-skjedde-egentlig-under-julevapenhvilen-i-1914.jpg","type":"image\/jpeg"}],"author":"Ole Andersen","twitter_card":"summary_large_image","twitter_misc":{"Skrevet av":"Ole Andersen","Ansl. lesetid":"6 minutter"},"schema":{"@context":"https:\/\/schema.org","@graph":[{"@type":"Article","@id":"https:\/\/nordnesrepublikken.no\/index.php\/2025\/12\/24\/hva-skjedde-egentlig-under-julevapenhvilen-i-1914\/#article","isPartOf":{"@id":"https:\/\/nordnesrepublikken.no\/index.php\/2025\/12\/24\/hva-skjedde-egentlig-under-julevapenhvilen-i-1914\/"},"author":{"name":"Ole Andersen","@id":"https:\/\/nordnesrepublikken.no\/#\/schema\/person\/2e7e81935bab77882fffb79296240ff1"},"headline":"Hva skjedde egentlig under julev\u00e5penhvilen i 1914","datePublished":"2025-12-24T21:51:26+00:00","dateModified":"2025-12-24T21:51:27+00:00","mainEntityOfPage":{"@id":"https:\/\/nordnesrepublikken.no\/index.php\/2025\/12\/24\/hva-skjedde-egentlig-under-julevapenhvilen-i-1914\/"},"wordCount":1107,"publisher":{"@id":"https:\/\/nordnesrepublikken.no\/#organization"},"image":{"@id":"https:\/\/nordnesrepublikken.no\/index.php\/2025\/12\/24\/hva-skjedde-egentlig-under-julevapenhvilen-i-1914\/#primaryimage"},"thumbnailUrl":"https:\/\/nordnesrepublikken.no\/wp-content\/uploads\/2025\/12\/1766613087_Hva-skjedde-egentlig-under-julevapenhvilen-i-1914.jpg","keywords":["egentlig","Hva","julev\u00e5penhvilen","skjedde"],"articleSection":["Samfunn"],"inLanguage":"nb-NO"},{"@type":"WebPage","@id":"https:\/\/nordnesrepublikken.no\/index.php\/2025\/12\/24\/hva-skjedde-egentlig-under-julevapenhvilen-i-1914\/","url":"https:\/\/nordnesrepublikken.no\/index.php\/2025\/12\/24\/hva-skjedde-egentlig-under-julevapenhvilen-i-1914\/","name":"Hva skjedde egentlig under julev\u00e5penhvilen i 1914 - Nordnesrepublikken","isPartOf":{"@id":"https:\/\/nordnesrepublikken.no\/#website"},"primaryImageOfPage":{"@id":"https:\/\/nordnesrepublikken.no\/index.php\/2025\/12\/24\/hva-skjedde-egentlig-under-julevapenhvilen-i-1914\/#primaryimage"},"image":{"@id":"https:\/\/nordnesrepublikken.no\/index.php\/2025\/12\/24\/hva-skjedde-egentlig-under-julevapenhvilen-i-1914\/#primaryimage"},"thumbnailUrl":"https:\/\/nordnesrepublikken.no\/wp-content\/uploads\/2025\/12\/1766613087_Hva-skjedde-egentlig-under-julevapenhvilen-i-1914.jpg","datePublished":"2025-12-24T21:51:26+00:00","dateModified":"2025-12-24T21:51:27+00:00","breadcrumb":{"@id":"https:\/\/nordnesrepublikken.no\/index.php\/2025\/12\/24\/hva-skjedde-egentlig-under-julevapenhvilen-i-1914\/#breadcrumb"},"inLanguage":"nb-NO","potentialAction":[{"@type":"ReadAction","target":["https:\/\/nordnesrepublikken.no\/index.php\/2025\/12\/24\/hva-skjedde-egentlig-under-julevapenhvilen-i-1914\/"]}]},{"@type":"ImageObject","inLanguage":"nb-NO","@id":"https:\/\/nordnesrepublikken.no\/index.php\/2025\/12\/24\/hva-skjedde-egentlig-under-julevapenhvilen-i-1914\/#primaryimage","url":"https:\/\/nordnesrepublikken.no\/wp-content\/uploads\/2025\/12\/1766613087_Hva-skjedde-egentlig-under-julevapenhvilen-i-1914.jpg","contentUrl":"https:\/\/nordnesrepublikken.no\/wp-content\/uploads\/2025\/12\/1766613087_Hva-skjedde-egentlig-under-julevapenhvilen-i-1914.jpg","width":800,"height":499,"caption":"Hva skjedde egentlig under julev\u00e5penhvilen i 1914"},{"@type":"BreadcrumbList","@id":"https:\/\/nordnesrepublikken.no\/index.php\/2025\/12\/24\/hva-skjedde-egentlig-under-julevapenhvilen-i-1914\/#breadcrumb","itemListElement":[{"@type":"ListItem","position":1,"name":"Home","item":"https:\/\/nordnesrepublikken.no\/"},{"@type":"ListItem","position":2,"name":"Hva skjedde egentlig under julev\u00e5penhvilen i 1914"}]},{"@type":"WebSite","@id":"https:\/\/nordnesrepublikken.no\/#website","url":"https:\/\/nordnesrepublikken.no\/","name":"Nordnesrepublikken","description":"Stemmer og Visjoner fra Republikkens Hjerte","publisher":{"@id":"https:\/\/nordnesrepublikken.no\/#organization"},"potentialAction":[{"@type":"SearchAction","target":{"@type":"EntryPoint","urlTemplate":"https:\/\/nordnesrepublikken.no\/?s={search_term_string}"},"query-input":{"@type":"PropertyValueSpecification","valueRequired":true,"valueName":"search_term_string"}}],"inLanguage":"nb-NO"},{"@type":"Organization","@id":"https:\/\/nordnesrepublikken.no\/#organization","name":"Nordnesrepublikken","url":"https:\/\/nordnesrepublikken.no\/","logo":{"@type":"ImageObject","inLanguage":"nb-NO","@id":"https:\/\/nordnesrepublikken.no\/#\/schema\/logo\/image\/","url":"https:\/\/nordnesrepublikken.no\/wp-content\/uploads\/2025\/02\/cropped-nordnesrepublikken-2.png","contentUrl":"https:\/\/nordnesrepublikken.no\/wp-content\/uploads\/2025\/02\/cropped-nordnesrepublikken-2.png","width":1248,"height":362,"caption":"Nordnesrepublikken"},"image":{"@id":"https:\/\/nordnesrepublikken.no\/#\/schema\/logo\/image\/"}},{"@type":"Person","@id":"https:\/\/nordnesrepublikken.no\/#\/schema\/person\/2e7e81935bab77882fffb79296240ff1","name":"Ole Andersen","image":{"@type":"ImageObject","inLanguage":"nb-NO","@id":"https:\/\/nordnesrepublikken.no\/#\/schema\/person\/image\/","url":"https:\/\/nordnesrepublikken.no\/wp-content\/uploads\/2025\/02\/nordnesrepublikken-2-2-150x150.jpg","contentUrl":"https:\/\/nordnesrepublikken.no\/wp-content\/uploads\/2025\/02\/nordnesrepublikken-2-2-150x150.jpg","caption":"Ole Andersen"},"description":"Ettersom jeg vokste opp i Oslo, har jeg alltid v\u00e6rt fascinert av ordenes kraft og deres evne til \u00e5 skape endringer. Etter \u00e5 ha fullf\u00f8rt min utdannelse i kommunikasjon ved Universitetet i Bergen, fikk jeg muligheten til \u00e5 jobbe innen ulike medier, der jeg har s\u00f8kt \u00e5 belyse viktige samfunnssp\u00f8rsm\u00e5l. I dag, som redakt\u00f8r for Nordnesrepublikken, pr\u00f8ver jeg \u00e5 forene min kj\u00e6rlighet for journalistikk med min lidenskap for innovasjon og eventyr.","sameAs":["https:\/\/nordnesrepublikken.no\/"]}]}},"_links":{"self":[{"href":"https:\/\/nordnesrepublikken.no\/index.php\/wp-json\/wp\/v2\/posts\/13180","targetHints":{"allow":["GET"]}}],"collection":[{"href":"https:\/\/nordnesrepublikken.no\/index.php\/wp-json\/wp\/v2\/posts"}],"about":[{"href":"https:\/\/nordnesrepublikken.no\/index.php\/wp-json\/wp\/v2\/types\/post"}],"author":[{"embeddable":true,"href":"https:\/\/nordnesrepublikken.no\/index.php\/wp-json\/wp\/v2\/users\/1"}],"replies":[{"embeddable":true,"href":"https:\/\/nordnesrepublikken.no\/index.php\/wp-json\/wp\/v2\/comments?post=13180"}],"version-history":[{"count":1,"href":"https:\/\/nordnesrepublikken.no\/index.php\/wp-json\/wp\/v2\/posts\/13180\/revisions"}],"predecessor-version":[{"id":13182,"href":"https:\/\/nordnesrepublikken.no\/index.php\/wp-json\/wp\/v2\/posts\/13180\/revisions\/13182"}],"wp:featuredmedia":[{"embeddable":true,"href":"https:\/\/nordnesrepublikken.no\/index.php\/wp-json\/wp\/v2\/media\/13181"}],"wp:attachment":[{"href":"https:\/\/nordnesrepublikken.no\/index.php\/wp-json\/wp\/v2\/media?parent=13180"}],"wp:term":[{"taxonomy":"category","embeddable":true,"href":"https:\/\/nordnesrepublikken.no\/index.php\/wp-json\/wp\/v2\/categories?post=13180"},{"taxonomy":"post_tag","embeddable":true,"href":"https:\/\/nordnesrepublikken.no\/index.php\/wp-json\/wp\/v2\/tags?post=13180"}],"curies":[{"name":"wp","href":"https:\/\/api.w.org\/{rel}","templated":true}]}}