{"id":13177,"date":"2025-12-24T21:51:31","date_gmt":"2025-12-24T20:51:31","guid":{"rendered":"https:\/\/nordnesrepublikken.no\/index.php\/2025\/12\/24\/palatial-bor-sentralt-i-malaga-i-en-av-de-mest-ettertraktede-boligene-i-spania\/"},"modified":"2025-12-24T21:51:32","modified_gmt":"2025-12-24T20:51:32","slug":"palatial-bor-sentralt-i-malaga-i-en-av-de-mest-ettertraktede-boligene-i-spania","status":"publish","type":"post","link":"https:\/\/nordnesrepublikken.no\/index.php\/2025\/12\/24\/palatial-bor-sentralt-i-malaga-i-en-av-de-mest-ettertraktede-boligene-i-spania\/","title":{"rendered":"Palatial bor sentralt i Malaga i en av de mest ettertraktede boligene i Spania"},"content":{"rendered":"<div class=\"wordpress-content\">\n                    <!-- Article Start --><\/p>\n<p class=\"p1\">Hvordan kunne du tenke deg \u00e5 v\u00e5kne opp i et av de syv soverommene i ditt historiske palasslige hjem, for \u00e5 \u00e5pne vindusskodder og finne deg selv foran Malaga katedral? Vel, du kunne ha gjort det, men noen har nettopp knipset den lille dr\u00f8mmen for den nette summen av \u20ac3,2.<\/p>\n<p class=\"p1\">Det ikoniske Palacio Zea-Salvatierra har nettopp blitt solgt for litt mer enn det, noe som gj\u00f8r det til et av de mest prestisjefylte eiendomstilbudene i Malaga sentrum p\u00e5 lenge. Det lille barokke palasset fra 1600-tallet, som ligger rett overfor Malaga-katedralen p\u00e5 Calle C\u00edster, kombinerer \u00e5rhundrer med historie med overd\u00e5dig moderne livsstil og har tiltrukket seg husnettlesere som s\u00f8ker en del av Spanias arkitektoniske arv. Faktisk, p\u00e5 bare to \u00e5r steg prisantydningen med en kul million.<\/p>\n<h2>Palatslig perle med h\u00f8yt tak utsmykket av intrikate trepaneler<\/h2>\n<p class=\"p1\">Salget, meglet av Berkshire Hathaway Malaga, en spesialist p\u00e5 eksklusive eiendommer, viser den varige appellen til historiske boliger i den andalusiske byens travle historiske sentrum. Jos\u00e9 Carlos Romero, eiendomsmegleren som la til rette for handelen, beskrev eiendommen som en &laquo;palassaktig perle&raquo; med h\u00f8ye tak utsmykket av intrikate trepaneler, kjent som artesonados. &laquo;Enest\u00e5ende luksusbolig i et barokk herskapshus i sentrum av Malaga,&raquo; sa Romeros.<\/p>\n<div class=\"sra_unit\"><link rel=\"stylesheet\" id=\"block-sra\" href=\"https:\/\/euroweeklynews.com\/wp-content\/plugins\/snack-related-articles\/dist\/css\/snack-related.min.css?250312-193541\" type=\"text\/css\" media=\"all\">\n<\/div>\n<\/p>\n<p class=\"p1\">Boligen dekker 378 kvadratmeter, og har syv soverom, tre komplette bad og to ekstra toaletter. Hvert rom er naturlig ventilert gjennom balkonger som \u00e5pner utover, og sikrer en lys og luftig atmosf\u00e6re mens atmosf\u00e6ren forblir kj\u00f8lig om sommeren. I hjertet av hjemmet ligger en tradisjonell andalusisk uteplass, pyntet med elegante korintiske s\u00f8yler og grasi\u00f8se buer, og fungerer som et rolig sentralt knutepunkt. Oppsettet inkluderer romslige salonger for underholdning, et 30 kvadratmeter stort bibliotek ideelt for vitenskapelige sysler eller stille refleksjon, og et velutstyrt kj\u00f8kken. En \u00f8vre mesanin for \u00e5 kartlegge eiendommen din, med ett soverom, en koselig stue og et komplett bad.<\/p>\n<p class=\"p1\">Interi\u00f8rinnredningen snakker om eieren av dette hjemmet som en ekstremt spesiell person, og inneholder antikke stykker som fint bearbeidede treelementer, billedvev som snakker om \u00e5rhundrer med fascinerende historier, og unike m\u00f8bler spredt utover. Komfortable lenestoler og sofaer inviterer til avslapning, mens innebygde garderober og ekstra oppbevaringsplasser gir praktiske moderne innslag.<\/p>\n<figure id=\"attachment_556963\" aria-describedby=\"caption-attachment-556963\" style=\"width: 1024px\" class=\"wp-caption aligncenter\"><img loading=\"lazy\" decoding=\"async\" class=\"wp-image-556963 size-large\" src=\"https:\/\/nordnesrepublikken.no\/wp-content\/uploads\/2025\/12\/1766609491_535_Palatial-bor-sentralt-i-Malaga-i-en-av-de-mest.jpg\" alt=\"rom\" width=\"1024\" height=\"630\"  ><figcaption id=\"caption-attachment-556963\" class=\"wp-caption-text\">Dr\u00f8mmehjem, uts\u00f8kt beliggenhet.<br \/>Kreditt: bhhsmalaga<\/figcaption><\/figure>\n<h2>Historiens hus i sentrum av Malaga<\/h2>\n<p class=\"p1\">Bygget p\u00e5 slutten av 1600-tallet av Do\u00f1a Mar\u00eda Salvatierra, enken etter kaptein Blas de Zea Merino, fungerte palasset opprinnelig som en adelsbolig, og fasaden viser stolt familiens v\u00e5penskjold. Under dronning Isabel IIs regjeringstid p\u00e5 1800-tallet huset det Malagas Cabildo, eller bystyret, og overlevde et angrep under revolusjonen i 1868. Senere fungerte det som byens postkontor inn p\u00e5 1900-tallet.<\/p>\n<p class=\"p1\">Selv om det ikke er den dyreste i Malaga i dag, hvor villaer i eksklusive distrikter som El Limonar kan f\u00e5 opptil 5 millioner euro eller mer, viser Palacio Zea-Salvatierras prislapp p\u00e5 3,2 millioner euro premien p\u00e5 historiske eiendommer i det historiske sentrum. Gjennomsnittsprisene her ligger rundt \u20ac4500-\u20ac6000 per kvadratmeter, drevet av ettersp\u00f8rselen etter renoverte omr\u00e5der n\u00e6r landemerker som katedralen og Picasso-museet.<\/p>\n<p class=\"p1\">Det er ingen ord om hvem som har kj\u00f8pt det enn\u00e5, men salget kommer under en ny boom p\u00e5 eiendomsscenen i Malaga, hovedsakelig presset av internasjonale kj\u00f8pere og byens kulturelle renessanse. Bygningen b\u00e6rer ikke bare med seg \u00e5rhundrer av Spanias historie, men Spania, men ogs\u00e5 dette neste kapittelet i en ny tidsalder av luksushjem.<\/p>\n<p>                    <!-- Originally published at https:\/\/euroweeklynews.com\/2025\/12\/24\/palatial-living-in-central-malaga-in-one-of-the-most-sought-after-homes-in-spain\/ on 24 Dec 2025 at 17:51 by Adam Woodward --><br \/>\n                    <!-- Article End -->\n                <\/div>\n","protected":false},"excerpt":{"rendered":"<p>Hvordan kunne du tenke deg \u00e5 v\u00e5kne opp i et av de syv soverommene i<\/p>\n","protected":false},"author":1,"featured_media":13178,"comment_status":"closed","ping_status":"open","sticky":false,"template":"","format":"standard","meta":{"footnotes":""},"categories":[105],"tags":[8683,1629,6437,1569,167,8681,8682,529],"class_list":["post-13177","post","type-post","status-publish","format-standard","has-post-thumbnail","hentry","category-livsstil","tag-boligene","tag-bor","tag-ettertraktede","tag-malaga","tag-mest","tag-palatial","tag-sentralt","tag-spania","generate-columns","tablet-grid-50","mobile-grid-100","grid-parent","grid-33","resize-featured-image"],"yoast_head":"<!-- This site is optimized with the Yoast SEO plugin v24.4 - https:\/\/yoast.com\/wordpress\/plugins\/seo\/ -->\n<title>Palatial bor sentralt i Malaga i en av de mest ettertraktede boligene i Spania - Nordnesrepublikken<\/title>\n<meta name=\"robots\" content=\"index, follow, max-snippet:-1, max-image-preview:large, max-video-preview:-1\" \/>\n<link rel=\"canonical\" href=\"https:\/\/nordnesrepublikken.no\/index.php\/2025\/12\/24\/palatial-bor-sentralt-i-malaga-i-en-av-de-mest-ettertraktede-boligene-i-spania\/\" \/>\n<meta property=\"og:locale\" content=\"nb_NO\" \/>\n<meta property=\"og:type\" content=\"article\" \/>\n<meta property=\"og:title\" content=\"Palatial bor sentralt i Malaga i en av de mest ettertraktede boligene i Spania - Nordnesrepublikken\" \/>\n<meta property=\"og:description\" content=\"Hvordan kunne du tenke deg \u00e5 v\u00e5kne opp i et av de syv soverommene i\" \/>\n<meta property=\"og:url\" content=\"https:\/\/nordnesrepublikken.no\/index.php\/2025\/12\/24\/palatial-bor-sentralt-i-malaga-i-en-av-de-mest-ettertraktede-boligene-i-spania\/\" \/>\n<meta property=\"og:site_name\" content=\"Nordnesrepublikken\" \/>\n<meta property=\"article:published_time\" content=\"2025-12-24T20:51:31+00:00\" \/>\n<meta property=\"article:modified_time\" content=\"2025-12-24T20:51:32+00:00\" \/>\n<meta property=\"og:image\" content=\"https:\/\/nordnesrepublikken.no\/wp-content\/uploads\/2025\/12\/1766609491_Palatial-bor-sentralt-i-Malaga-i-en-av-de-mest.jpg\" \/>\n\t<meta property=\"og:image:width\" content=\"1200\" \/>\n\t<meta property=\"og:image:height\" content=\"793\" \/>\n\t<meta property=\"og:image:type\" content=\"image\/jpeg\" \/>\n<meta name=\"author\" content=\"Ole Andersen\" \/>\n<meta name=\"twitter:card\" content=\"summary_large_image\" \/>\n<meta name=\"twitter:label1\" content=\"Skrevet av\" \/>\n\t<meta name=\"twitter:data1\" content=\"Ole Andersen\" \/>\n\t<meta name=\"twitter:label2\" content=\"Ansl. lesetid\" \/>\n\t<meta name=\"twitter:data2\" content=\"3 minutter\" \/>\n<script type=\"application\/ld+json\" class=\"yoast-schema-graph\">{\"@context\":\"https:\/\/schema.org\",\"@graph\":[{\"@type\":\"Article\",\"@id\":\"https:\/\/nordnesrepublikken.no\/index.php\/2025\/12\/24\/palatial-bor-sentralt-i-malaga-i-en-av-de-mest-ettertraktede-boligene-i-spania\/#article\",\"isPartOf\":{\"@id\":\"https:\/\/nordnesrepublikken.no\/index.php\/2025\/12\/24\/palatial-bor-sentralt-i-malaga-i-en-av-de-mest-ettertraktede-boligene-i-spania\/\"},\"author\":{\"name\":\"Ole Andersen\",\"@id\":\"https:\/\/nordnesrepublikken.no\/#\/schema\/person\/2e7e81935bab77882fffb79296240ff1\"},\"headline\":\"Palatial bor sentralt i Malaga i en av de mest ettertraktede boligene i Spania\",\"datePublished\":\"2025-12-24T20:51:31+00:00\",\"dateModified\":\"2025-12-24T20:51:32+00:00\",\"mainEntityOfPage\":{\"@id\":\"https:\/\/nordnesrepublikken.no\/index.php\/2025\/12\/24\/palatial-bor-sentralt-i-malaga-i-en-av-de-mest-ettertraktede-boligene-i-spania\/\"},\"wordCount\":567,\"publisher\":{\"@id\":\"https:\/\/nordnesrepublikken.no\/#organization\"},\"image\":{\"@id\":\"https:\/\/nordnesrepublikken.no\/index.php\/2025\/12\/24\/palatial-bor-sentralt-i-malaga-i-en-av-de-mest-ettertraktede-boligene-i-spania\/#primaryimage\"},\"thumbnailUrl\":\"https:\/\/nordnesrepublikken.no\/wp-content\/uploads\/2025\/12\/1766609491_Palatial-bor-sentralt-i-Malaga-i-en-av-de-mest.jpg\",\"keywords\":[\"boligene\",\"b\u00f8r\",\"ettertraktede\",\"Malaga\",\"mest\",\"Palatial\",\"sentralt\",\"Spania\"],\"articleSection\":[\"Livsstil\"],\"inLanguage\":\"nb-NO\"},{\"@type\":\"WebPage\",\"@id\":\"https:\/\/nordnesrepublikken.no\/index.php\/2025\/12\/24\/palatial-bor-sentralt-i-malaga-i-en-av-de-mest-ettertraktede-boligene-i-spania\/\",\"url\":\"https:\/\/nordnesrepublikken.no\/index.php\/2025\/12\/24\/palatial-bor-sentralt-i-malaga-i-en-av-de-mest-ettertraktede-boligene-i-spania\/\",\"name\":\"Palatial bor sentralt i Malaga i en av de mest ettertraktede boligene i Spania - Nordnesrepublikken\",\"isPartOf\":{\"@id\":\"https:\/\/nordnesrepublikken.no\/#website\"},\"primaryImageOfPage\":{\"@id\":\"https:\/\/nordnesrepublikken.no\/index.php\/2025\/12\/24\/palatial-bor-sentralt-i-malaga-i-en-av-de-mest-ettertraktede-boligene-i-spania\/#primaryimage\"},\"image\":{\"@id\":\"https:\/\/nordnesrepublikken.no\/index.php\/2025\/12\/24\/palatial-bor-sentralt-i-malaga-i-en-av-de-mest-ettertraktede-boligene-i-spania\/#primaryimage\"},\"thumbnailUrl\":\"https:\/\/nordnesrepublikken.no\/wp-content\/uploads\/2025\/12\/1766609491_Palatial-bor-sentralt-i-Malaga-i-en-av-de-mest.jpg\",\"datePublished\":\"2025-12-24T20:51:31+00:00\",\"dateModified\":\"2025-12-24T20:51:32+00:00\",\"breadcrumb\":{\"@id\":\"https:\/\/nordnesrepublikken.no\/index.php\/2025\/12\/24\/palatial-bor-sentralt-i-malaga-i-en-av-de-mest-ettertraktede-boligene-i-spania\/#breadcrumb\"},\"inLanguage\":\"nb-NO\",\"potentialAction\":[{\"@type\":\"ReadAction\",\"target\":[\"https:\/\/nordnesrepublikken.no\/index.php\/2025\/12\/24\/palatial-bor-sentralt-i-malaga-i-en-av-de-mest-ettertraktede-boligene-i-spania\/\"]}]},{\"@type\":\"ImageObject\",\"inLanguage\":\"nb-NO\",\"@id\":\"https:\/\/nordnesrepublikken.no\/index.php\/2025\/12\/24\/palatial-bor-sentralt-i-malaga-i-en-av-de-mest-ettertraktede-boligene-i-spania\/#primaryimage\",\"url\":\"https:\/\/nordnesrepublikken.no\/wp-content\/uploads\/2025\/12\/1766609491_Palatial-bor-sentralt-i-Malaga-i-en-av-de-mest.jpg\",\"contentUrl\":\"https:\/\/nordnesrepublikken.no\/wp-content\/uploads\/2025\/12\/1766609491_Palatial-bor-sentralt-i-Malaga-i-en-av-de-mest.jpg\",\"width\":1200,\"height\":793,\"caption\":\"Palatial bor sentralt i Malaga i en av de mest ettertraktede boligene i Spania\"},{\"@type\":\"BreadcrumbList\",\"@id\":\"https:\/\/nordnesrepublikken.no\/index.php\/2025\/12\/24\/palatial-bor-sentralt-i-malaga-i-en-av-de-mest-ettertraktede-boligene-i-spania\/#breadcrumb\",\"itemListElement\":[{\"@type\":\"ListItem\",\"position\":1,\"name\":\"Home\",\"item\":\"https:\/\/nordnesrepublikken.no\/\"},{\"@type\":\"ListItem\",\"position\":2,\"name\":\"Palatial bor sentralt i Malaga i en av de mest ettertraktede boligene i Spania\"}]},{\"@type\":\"WebSite\",\"@id\":\"https:\/\/nordnesrepublikken.no\/#website\",\"url\":\"https:\/\/nordnesrepublikken.no\/\",\"name\":\"Nordnesrepublikken\",\"description\":\"Stemmer og Visjoner fra Republikkens Hjerte\",\"publisher\":{\"@id\":\"https:\/\/nordnesrepublikken.no\/#organization\"},\"potentialAction\":[{\"@type\":\"SearchAction\",\"target\":{\"@type\":\"EntryPoint\",\"urlTemplate\":\"https:\/\/nordnesrepublikken.no\/?s={search_term_string}\"},\"query-input\":{\"@type\":\"PropertyValueSpecification\",\"valueRequired\":true,\"valueName\":\"search_term_string\"}}],\"inLanguage\":\"nb-NO\"},{\"@type\":\"Organization\",\"@id\":\"https:\/\/nordnesrepublikken.no\/#organization\",\"name\":\"Nordnesrepublikken\",\"url\":\"https:\/\/nordnesrepublikken.no\/\",\"logo\":{\"@type\":\"ImageObject\",\"inLanguage\":\"nb-NO\",\"@id\":\"https:\/\/nordnesrepublikken.no\/#\/schema\/logo\/image\/\",\"url\":\"https:\/\/nordnesrepublikken.no\/wp-content\/uploads\/2025\/02\/cropped-nordnesrepublikken-2.png\",\"contentUrl\":\"https:\/\/nordnesrepublikken.no\/wp-content\/uploads\/2025\/02\/cropped-nordnesrepublikken-2.png\",\"width\":1248,\"height\":362,\"caption\":\"Nordnesrepublikken\"},\"image\":{\"@id\":\"https:\/\/nordnesrepublikken.no\/#\/schema\/logo\/image\/\"}},{\"@type\":\"Person\",\"@id\":\"https:\/\/nordnesrepublikken.no\/#\/schema\/person\/2e7e81935bab77882fffb79296240ff1\",\"name\":\"Ole Andersen\",\"image\":{\"@type\":\"ImageObject\",\"inLanguage\":\"nb-NO\",\"@id\":\"https:\/\/nordnesrepublikken.no\/#\/schema\/person\/image\/\",\"url\":\"https:\/\/nordnesrepublikken.no\/wp-content\/uploads\/2025\/02\/nordnesrepublikken-2-2-150x150.jpg\",\"contentUrl\":\"https:\/\/nordnesrepublikken.no\/wp-content\/uploads\/2025\/02\/nordnesrepublikken-2-2-150x150.jpg\",\"caption\":\"Ole Andersen\"},\"description\":\"Ettersom jeg vokste opp i Oslo, har jeg alltid v\u00e6rt fascinert av ordenes kraft og deres evne til \u00e5 skape endringer. Etter \u00e5 ha fullf\u00f8rt min utdannelse i kommunikasjon ved Universitetet i Bergen, fikk jeg muligheten til \u00e5 jobbe innen ulike medier, der jeg har s\u00f8kt \u00e5 belyse viktige samfunnssp\u00f8rsm\u00e5l. I dag, som redakt\u00f8r for Nordnesrepublikken, pr\u00f8ver jeg \u00e5 forene min kj\u00e6rlighet for journalistikk med min lidenskap for innovasjon og eventyr.\",\"sameAs\":[\"https:\/\/nordnesrepublikken.no\/\"]}]}<\/script>\n<!-- \/ Yoast SEO plugin. -->","yoast_head_json":{"title":"Palatial bor sentralt i Malaga i en av de mest ettertraktede boligene i Spania - Nordnesrepublikken","robots":{"index":"index","follow":"follow","max-snippet":"max-snippet:-1","max-image-preview":"max-image-preview:large","max-video-preview":"max-video-preview:-1"},"canonical":"https:\/\/nordnesrepublikken.no\/index.php\/2025\/12\/24\/palatial-bor-sentralt-i-malaga-i-en-av-de-mest-ettertraktede-boligene-i-spania\/","og_locale":"nb_NO","og_type":"article","og_title":"Palatial bor sentralt i Malaga i en av de mest ettertraktede boligene i Spania - Nordnesrepublikken","og_description":"Hvordan kunne du tenke deg \u00e5 v\u00e5kne opp i et av de syv soverommene i","og_url":"https:\/\/nordnesrepublikken.no\/index.php\/2025\/12\/24\/palatial-bor-sentralt-i-malaga-i-en-av-de-mest-ettertraktede-boligene-i-spania\/","og_site_name":"Nordnesrepublikken","article_published_time":"2025-12-24T20:51:31+00:00","article_modified_time":"2025-12-24T20:51:32+00:00","og_image":[{"width":1200,"height":793,"url":"https:\/\/nordnesrepublikken.no\/wp-content\/uploads\/2025\/12\/1766609491_Palatial-bor-sentralt-i-Malaga-i-en-av-de-mest.jpg","type":"image\/jpeg"}],"author":"Ole Andersen","twitter_card":"summary_large_image","twitter_misc":{"Skrevet av":"Ole Andersen","Ansl. lesetid":"3 minutter"},"schema":{"@context":"https:\/\/schema.org","@graph":[{"@type":"Article","@id":"https:\/\/nordnesrepublikken.no\/index.php\/2025\/12\/24\/palatial-bor-sentralt-i-malaga-i-en-av-de-mest-ettertraktede-boligene-i-spania\/#article","isPartOf":{"@id":"https:\/\/nordnesrepublikken.no\/index.php\/2025\/12\/24\/palatial-bor-sentralt-i-malaga-i-en-av-de-mest-ettertraktede-boligene-i-spania\/"},"author":{"name":"Ole Andersen","@id":"https:\/\/nordnesrepublikken.no\/#\/schema\/person\/2e7e81935bab77882fffb79296240ff1"},"headline":"Palatial bor sentralt i Malaga i en av de mest ettertraktede boligene i Spania","datePublished":"2025-12-24T20:51:31+00:00","dateModified":"2025-12-24T20:51:32+00:00","mainEntityOfPage":{"@id":"https:\/\/nordnesrepublikken.no\/index.php\/2025\/12\/24\/palatial-bor-sentralt-i-malaga-i-en-av-de-mest-ettertraktede-boligene-i-spania\/"},"wordCount":567,"publisher":{"@id":"https:\/\/nordnesrepublikken.no\/#organization"},"image":{"@id":"https:\/\/nordnesrepublikken.no\/index.php\/2025\/12\/24\/palatial-bor-sentralt-i-malaga-i-en-av-de-mest-ettertraktede-boligene-i-spania\/#primaryimage"},"thumbnailUrl":"https:\/\/nordnesrepublikken.no\/wp-content\/uploads\/2025\/12\/1766609491_Palatial-bor-sentralt-i-Malaga-i-en-av-de-mest.jpg","keywords":["boligene","b\u00f8r","ettertraktede","Malaga","mest","Palatial","sentralt","Spania"],"articleSection":["Livsstil"],"inLanguage":"nb-NO"},{"@type":"WebPage","@id":"https:\/\/nordnesrepublikken.no\/index.php\/2025\/12\/24\/palatial-bor-sentralt-i-malaga-i-en-av-de-mest-ettertraktede-boligene-i-spania\/","url":"https:\/\/nordnesrepublikken.no\/index.php\/2025\/12\/24\/palatial-bor-sentralt-i-malaga-i-en-av-de-mest-ettertraktede-boligene-i-spania\/","name":"Palatial bor sentralt i Malaga i en av de mest ettertraktede boligene i Spania - Nordnesrepublikken","isPartOf":{"@id":"https:\/\/nordnesrepublikken.no\/#website"},"primaryImageOfPage":{"@id":"https:\/\/nordnesrepublikken.no\/index.php\/2025\/12\/24\/palatial-bor-sentralt-i-malaga-i-en-av-de-mest-ettertraktede-boligene-i-spania\/#primaryimage"},"image":{"@id":"https:\/\/nordnesrepublikken.no\/index.php\/2025\/12\/24\/palatial-bor-sentralt-i-malaga-i-en-av-de-mest-ettertraktede-boligene-i-spania\/#primaryimage"},"thumbnailUrl":"https:\/\/nordnesrepublikken.no\/wp-content\/uploads\/2025\/12\/1766609491_Palatial-bor-sentralt-i-Malaga-i-en-av-de-mest.jpg","datePublished":"2025-12-24T20:51:31+00:00","dateModified":"2025-12-24T20:51:32+00:00","breadcrumb":{"@id":"https:\/\/nordnesrepublikken.no\/index.php\/2025\/12\/24\/palatial-bor-sentralt-i-malaga-i-en-av-de-mest-ettertraktede-boligene-i-spania\/#breadcrumb"},"inLanguage":"nb-NO","potentialAction":[{"@type":"ReadAction","target":["https:\/\/nordnesrepublikken.no\/index.php\/2025\/12\/24\/palatial-bor-sentralt-i-malaga-i-en-av-de-mest-ettertraktede-boligene-i-spania\/"]}]},{"@type":"ImageObject","inLanguage":"nb-NO","@id":"https:\/\/nordnesrepublikken.no\/index.php\/2025\/12\/24\/palatial-bor-sentralt-i-malaga-i-en-av-de-mest-ettertraktede-boligene-i-spania\/#primaryimage","url":"https:\/\/nordnesrepublikken.no\/wp-content\/uploads\/2025\/12\/1766609491_Palatial-bor-sentralt-i-Malaga-i-en-av-de-mest.jpg","contentUrl":"https:\/\/nordnesrepublikken.no\/wp-content\/uploads\/2025\/12\/1766609491_Palatial-bor-sentralt-i-Malaga-i-en-av-de-mest.jpg","width":1200,"height":793,"caption":"Palatial bor sentralt i Malaga i en av de mest ettertraktede boligene i Spania"},{"@type":"BreadcrumbList","@id":"https:\/\/nordnesrepublikken.no\/index.php\/2025\/12\/24\/palatial-bor-sentralt-i-malaga-i-en-av-de-mest-ettertraktede-boligene-i-spania\/#breadcrumb","itemListElement":[{"@type":"ListItem","position":1,"name":"Home","item":"https:\/\/nordnesrepublikken.no\/"},{"@type":"ListItem","position":2,"name":"Palatial bor sentralt i Malaga i en av de mest ettertraktede boligene i Spania"}]},{"@type":"WebSite","@id":"https:\/\/nordnesrepublikken.no\/#website","url":"https:\/\/nordnesrepublikken.no\/","name":"Nordnesrepublikken","description":"Stemmer og Visjoner fra Republikkens Hjerte","publisher":{"@id":"https:\/\/nordnesrepublikken.no\/#organization"},"potentialAction":[{"@type":"SearchAction","target":{"@type":"EntryPoint","urlTemplate":"https:\/\/nordnesrepublikken.no\/?s={search_term_string}"},"query-input":{"@type":"PropertyValueSpecification","valueRequired":true,"valueName":"search_term_string"}}],"inLanguage":"nb-NO"},{"@type":"Organization","@id":"https:\/\/nordnesrepublikken.no\/#organization","name":"Nordnesrepublikken","url":"https:\/\/nordnesrepublikken.no\/","logo":{"@type":"ImageObject","inLanguage":"nb-NO","@id":"https:\/\/nordnesrepublikken.no\/#\/schema\/logo\/image\/","url":"https:\/\/nordnesrepublikken.no\/wp-content\/uploads\/2025\/02\/cropped-nordnesrepublikken-2.png","contentUrl":"https:\/\/nordnesrepublikken.no\/wp-content\/uploads\/2025\/02\/cropped-nordnesrepublikken-2.png","width":1248,"height":362,"caption":"Nordnesrepublikken"},"image":{"@id":"https:\/\/nordnesrepublikken.no\/#\/schema\/logo\/image\/"}},{"@type":"Person","@id":"https:\/\/nordnesrepublikken.no\/#\/schema\/person\/2e7e81935bab77882fffb79296240ff1","name":"Ole Andersen","image":{"@type":"ImageObject","inLanguage":"nb-NO","@id":"https:\/\/nordnesrepublikken.no\/#\/schema\/person\/image\/","url":"https:\/\/nordnesrepublikken.no\/wp-content\/uploads\/2025\/02\/nordnesrepublikken-2-2-150x150.jpg","contentUrl":"https:\/\/nordnesrepublikken.no\/wp-content\/uploads\/2025\/02\/nordnesrepublikken-2-2-150x150.jpg","caption":"Ole Andersen"},"description":"Ettersom jeg vokste opp i Oslo, har jeg alltid v\u00e6rt fascinert av ordenes kraft og deres evne til \u00e5 skape endringer. Etter \u00e5 ha fullf\u00f8rt min utdannelse i kommunikasjon ved Universitetet i Bergen, fikk jeg muligheten til \u00e5 jobbe innen ulike medier, der jeg har s\u00f8kt \u00e5 belyse viktige samfunnssp\u00f8rsm\u00e5l. I dag, som redakt\u00f8r for Nordnesrepublikken, pr\u00f8ver jeg \u00e5 forene min kj\u00e6rlighet for journalistikk med min lidenskap for innovasjon og eventyr.","sameAs":["https:\/\/nordnesrepublikken.no\/"]}]}},"_links":{"self":[{"href":"https:\/\/nordnesrepublikken.no\/index.php\/wp-json\/wp\/v2\/posts\/13177","targetHints":{"allow":["GET"]}}],"collection":[{"href":"https:\/\/nordnesrepublikken.no\/index.php\/wp-json\/wp\/v2\/posts"}],"about":[{"href":"https:\/\/nordnesrepublikken.no\/index.php\/wp-json\/wp\/v2\/types\/post"}],"author":[{"embeddable":true,"href":"https:\/\/nordnesrepublikken.no\/index.php\/wp-json\/wp\/v2\/users\/1"}],"replies":[{"embeddable":true,"href":"https:\/\/nordnesrepublikken.no\/index.php\/wp-json\/wp\/v2\/comments?post=13177"}],"version-history":[{"count":1,"href":"https:\/\/nordnesrepublikken.no\/index.php\/wp-json\/wp\/v2\/posts\/13177\/revisions"}],"predecessor-version":[{"id":13179,"href":"https:\/\/nordnesrepublikken.no\/index.php\/wp-json\/wp\/v2\/posts\/13177\/revisions\/13179"}],"wp:featuredmedia":[{"embeddable":true,"href":"https:\/\/nordnesrepublikken.no\/index.php\/wp-json\/wp\/v2\/media\/13178"}],"wp:attachment":[{"href":"https:\/\/nordnesrepublikken.no\/index.php\/wp-json\/wp\/v2\/media?parent=13177"}],"wp:term":[{"taxonomy":"category","embeddable":true,"href":"https:\/\/nordnesrepublikken.no\/index.php\/wp-json\/wp\/v2\/categories?post=13177"},{"taxonomy":"post_tag","embeddable":true,"href":"https:\/\/nordnesrepublikken.no\/index.php\/wp-json\/wp\/v2\/tags?post=13177"}],"curies":[{"name":"wp","href":"https:\/\/api.w.org\/{rel}","templated":true}]}}