{"id":13159,"date":"2025-12-24T08:52:02","date_gmt":"2025-12-24T07:52:02","guid":{"rendered":"https:\/\/nordnesrepublikken.no\/index.php\/2025\/12\/24\/fortell-meg-hva-du-kaller-peanotter-sa-skal-jeg-fortelle-deg-hvilken-region-du-kommer-fra\/"},"modified":"2025-12-24T08:52:04","modified_gmt":"2025-12-24T07:52:04","slug":"fortell-meg-hva-du-kaller-peanotter-sa-skal-jeg-fortelle-deg-hvilken-region-du-kommer-fra","status":"publish","type":"post","link":"https:\/\/nordnesrepublikken.no\/index.php\/2025\/12\/24\/fortell-meg-hva-du-kaller-peanotter-sa-skal-jeg-fortelle-deg-hvilken-region-du-kommer-fra\/","title":{"rendered":"Fortell meg hva du kaller pean\u00f8tter, s\u00e5 skal jeg fortelle deg hvilken region du kommer fra"},"content":{"rendered":"<div>\n<div class=\"cp_wrapper cp_wrapper--fw mb-30 mb-20@tablet\">\n<figure class=\"mm\"><picture class=\"img\" style=\"padding-top:56.25%\"><source  media=\"(min-width: 1024px)\"><source  media=\"(min-width: 768px)\"><\/source><\/source><\/picture><\/figure>\n<\/p><\/div>\n<p>Selv under <strong>julen 2025<\/strong> vil vises p\u00e5 italienske bord <strong>amerikanske pean\u00f8tter<\/strong>: ogs\u00e5 kjent som pean\u00f8tter, disse fr\u00f8ene av <em>Arachis hypogaea <\/em>(en plante hjemmeh\u00f8rende i Mellom-Amerika) har f\u00e5tt forskjellige navn i hele Italia &#8211; fra &laquo;<strong>titjobs<\/strong>&raquo; til &laquo;<strong>nuceller<\/strong>\u201d \u2013, takket v\u00e6re dialektvariasjonene som er overlevert gjennom generasjonene La oss derfor krysse Italia for \u00e5 oppdage alle m\u00e5tene pean\u00f8tter kalles p\u00e5 i de forskjellige regionene.<\/p>\n<p>Liten nysgjerrighet: til tross for hva du kanskje tror, \u200b\u200ber ikke pean\u00f8tter en del av <strong>t\u00f8rkede n\u00f8tter<\/strong>: fra et botanisk synspunkt tilh\u00f8rer de faktisk dei-familien <strong>belgfrukter<\/strong> (<em>Leguminosae)<\/em>akkurat som b\u00f8nner eller linser.<\/p>\n<h2>Titjobs, i Lombardia<\/h2>\n<p>Begrepet &laquo;<strong>titjobs<\/strong>\u201d for \u00e5 indikere pean\u00f8tter er spesielt <strong>utbredt i Lombardia<\/strong> (spesielt i provinsene Varese, Como, Monza Brianza og Milano), men ogs\u00e5 i en del av kantonen Ticino, i Sveits.<\/p>\n<p>Opprinnelsen til dette navnet har \u00e5 gj\u00f8re med <strong>introduksjonen av pean\u00f8tter i Europa<\/strong>som skjedde rundt 1500-tallet av <strong><em>conquistadorer<\/em> spanjoler<\/strong>som hadde kolonisert S\u00f8r-Amerika, hvor planten kommer fra.<\/p>\n<h2>The bagigi, i Veneto<\/h2>\n<p>Hvis du er i en av de 7 provinsene i <strong>Veneto<\/strong>da er det sannsynlig at du i stedet for pean\u00f8tter vil bli tilbudt &laquo;<strong>bagigi<\/strong>Dette avslutter drift<strong> fra arabisk <em>hab-haziz<\/em><\/strong>men brukt feil: det arabiske ordet indikerer i virkeligheten ikke pean\u00f8ttplanten, men en spiselig knoll som ligner p\u00e5 en valn\u00f8tt og omd\u00f8pt i Spania til <em>chufa <\/em>(hvorfra gr\u00f8nnsaksdrikken kjent som <em>horchata, <\/em>utbredt spesielt i Valencia-regionen).<\/p>\n<h2>Scachetti, i Emilia-Romagna<\/h2>\n<p>G\u00e5r ned til Emilia-Romagna, her kalles pean\u00f8tter &laquo;<strong>chequetti<\/strong>\u201d: begrepet avledes <strong>fra fransk \u00ab<em>cacahu\u00e8te<\/em>\u00bb<\/strong> \u2013 ogs\u00e5 brukt p\u00e5 spansk for \u00e5 indikere, faktisk, den amerikanske pean\u00f8tten \u2013 som over tid gradvis ble italienskisert, f\u00f8rst som &laquo;<em>caccaetti<\/em>&raquo; og deretter ta navnet p\u00e5 &laquo;<em>chequetti<\/em>&laquo;.<\/p>\n<h2>Nucelline, i Campania<\/h2>\n<p>For \u00e5 lukke denne listen <strong>Campania<\/strong>hvor pean\u00f8tter kalles &laquo;<strong>nuceller<\/strong>I dette tilfellet er opprinnelsen til navnet ganske tydelig: det er faktisk en diminutiv av &laquo;valn\u00f8tt&raquo;, mer utbredt i sin form <strong>dialekt<\/strong> Av <strong>\u00ab<em>&#8216;Og<\/em> <em>nucell&raquo;<\/em><\/strong> enn i den italienske versjonen av &laquo;nucelle&raquo;.<\/p>\n<h2>Calacausi, p\u00e5 Sicilia<\/h2>\n<p>P\u00e5 Sicilia, og mer spesifikt i Catania, har amerikanske pean\u00f8tter tatt p\u00e5 seg navnet &laquo;<strong>calacausi<\/strong>&laquo;: bokstavelig talt betyr dette begrepet &laquo;<em>buksehenger<\/em>\u201d (\u00e5rsakene er bukser p\u00e5 Catania-dialekt), selv om opprinnelsen ikke er helt klar og det er det <strong>forskjellige teorier om det<\/strong>. Spesielt vil begrepet calacausi v\u00e6re knyttet til det faktum at pean\u00f8tter m\u00e5 skrelles for \u00e5 kunne spises og derfor <strong>privat<\/strong> av ens egen <strong>kle<\/strong>alts\u00e5 et skall, sammenlignet med bukser.<\/p>\n<p>En annen forklaring, kanskje mer leken, sporer begrepet calacausi til en p\u00e5st\u00e5tt avf\u00f8ringseffekt av pean\u00f8tter som, hvis spist i overkant, ville for\u00e5rsake den uunng\u00e5elige gesten av &laquo;<strong>senk buksene<\/strong>&raquo; for \u00e5 g\u00e5 p\u00e5 do.<\/p>\n<\/p><\/div>\n","protected":false},"excerpt":{"rendered":"<p>Selv under julen 2025 vil vises p\u00e5 italienske bord amerikanske pean\u00f8tter: ogs\u00e5 kjent som pean\u00f8tter,<\/p>\n","protected":false},"author":1,"featured_media":13160,"comment_status":"closed","ping_status":"open","sticky":false,"template":"","format":"standard","meta":{"footnotes":""},"categories":[104],"tags":[586,8669,4679,125,144,1181,813,709,1046,2455,8670,8671,1472,741],"class_list":["post-13159","post","type-post","status-publish","format-standard","has-post-thumbnail","hentry","category-samfunn","tag-deg","tag-fortell","tag-fortelle","tag-fra","tag-hva","tag-hvilken","tag-jeg","tag-kaller","tag-kommer","tag-meg","tag-peanotter","tag-region","tag-sa","tag-skal","generate-columns","tablet-grid-50","mobile-grid-100","grid-parent","grid-33","resize-featured-image"],"yoast_head":"<!-- This site is optimized with the Yoast SEO plugin v24.4 - https:\/\/yoast.com\/wordpress\/plugins\/seo\/ -->\n<title>Fortell meg hva du kaller pean\u00f8tter, s\u00e5 skal jeg fortelle deg hvilken region du kommer fra - Nordnesrepublikken<\/title>\n<meta name=\"robots\" content=\"index, follow, max-snippet:-1, max-image-preview:large, max-video-preview:-1\" \/>\n<link rel=\"canonical\" href=\"https:\/\/nordnesrepublikken.no\/index.php\/2025\/12\/24\/fortell-meg-hva-du-kaller-peanotter-sa-skal-jeg-fortelle-deg-hvilken-region-du-kommer-fra\/\" \/>\n<meta property=\"og:locale\" content=\"nb_NO\" \/>\n<meta property=\"og:type\" content=\"article\" \/>\n<meta property=\"og:title\" content=\"Fortell meg hva du kaller pean\u00f8tter, s\u00e5 skal jeg fortelle deg hvilken region du kommer fra - Nordnesrepublikken\" \/>\n<meta property=\"og:description\" content=\"Selv under julen 2025 vil vises p\u00e5 italienske bord amerikanske pean\u00f8tter: ogs\u00e5 kjent som pean\u00f8tter,\" \/>\n<meta property=\"og:url\" content=\"https:\/\/nordnesrepublikken.no\/index.php\/2025\/12\/24\/fortell-meg-hva-du-kaller-peanotter-sa-skal-jeg-fortelle-deg-hvilken-region-du-kommer-fra\/\" \/>\n<meta property=\"og:site_name\" content=\"Nordnesrepublikken\" \/>\n<meta property=\"article:published_time\" content=\"2025-12-24T07:52:02+00:00\" \/>\n<meta property=\"article:modified_time\" content=\"2025-12-24T07:52:04+00:00\" \/>\n<meta property=\"og:image\" content=\"https:\/\/nordnesrepublikken.no\/wp-content\/uploads\/2025\/12\/1766562723_Fortell-meg-hva-du-kaller-peanotter-sa-skal-jeg-fortelle.jpg\" \/>\n\t<meta property=\"og:image:width\" content=\"1376\" \/>\n\t<meta property=\"og:image:height\" content=\"768\" \/>\n\t<meta property=\"og:image:type\" content=\"image\/jpeg\" \/>\n<meta name=\"author\" content=\"Ole Andersen\" \/>\n<meta name=\"twitter:card\" content=\"summary_large_image\" \/>\n<meta name=\"twitter:label1\" content=\"Skrevet av\" \/>\n\t<meta name=\"twitter:data1\" content=\"Ole Andersen\" \/>\n\t<meta name=\"twitter:label2\" content=\"Ansl. lesetid\" \/>\n\t<meta name=\"twitter:data2\" content=\"2 minutter\" \/>\n<script type=\"application\/ld+json\" class=\"yoast-schema-graph\">{\"@context\":\"https:\/\/schema.org\",\"@graph\":[{\"@type\":\"Article\",\"@id\":\"https:\/\/nordnesrepublikken.no\/index.php\/2025\/12\/24\/fortell-meg-hva-du-kaller-peanotter-sa-skal-jeg-fortelle-deg-hvilken-region-du-kommer-fra\/#article\",\"isPartOf\":{\"@id\":\"https:\/\/nordnesrepublikken.no\/index.php\/2025\/12\/24\/fortell-meg-hva-du-kaller-peanotter-sa-skal-jeg-fortelle-deg-hvilken-region-du-kommer-fra\/\"},\"author\":{\"name\":\"Ole Andersen\",\"@id\":\"https:\/\/nordnesrepublikken.no\/#\/schema\/person\/2e7e81935bab77882fffb79296240ff1\"},\"headline\":\"Fortell meg hva du kaller pean\u00f8tter, s\u00e5 skal jeg fortelle deg hvilken region du kommer fra\",\"datePublished\":\"2025-12-24T07:52:02+00:00\",\"dateModified\":\"2025-12-24T07:52:04+00:00\",\"mainEntityOfPage\":{\"@id\":\"https:\/\/nordnesrepublikken.no\/index.php\/2025\/12\/24\/fortell-meg-hva-du-kaller-peanotter-sa-skal-jeg-fortelle-deg-hvilken-region-du-kommer-fra\/\"},\"wordCount\":458,\"publisher\":{\"@id\":\"https:\/\/nordnesrepublikken.no\/#organization\"},\"image\":{\"@id\":\"https:\/\/nordnesrepublikken.no\/index.php\/2025\/12\/24\/fortell-meg-hva-du-kaller-peanotter-sa-skal-jeg-fortelle-deg-hvilken-region-du-kommer-fra\/#primaryimage\"},\"thumbnailUrl\":\"https:\/\/nordnesrepublikken.no\/wp-content\/uploads\/2025\/12\/1766562723_Fortell-meg-hva-du-kaller-peanotter-sa-skal-jeg-fortelle.jpg\",\"keywords\":[\"deg\",\"Fortell\",\"fortelle\",\"fra\",\"Hva\",\"hvilken\",\"jeg\",\"kaller\",\"kommer\",\"meg\",\"pean\u00f8tter\",\"region\",\"s\u00e5\",\"skal\"],\"articleSection\":[\"Samfunn\"],\"inLanguage\":\"nb-NO\"},{\"@type\":\"WebPage\",\"@id\":\"https:\/\/nordnesrepublikken.no\/index.php\/2025\/12\/24\/fortell-meg-hva-du-kaller-peanotter-sa-skal-jeg-fortelle-deg-hvilken-region-du-kommer-fra\/\",\"url\":\"https:\/\/nordnesrepublikken.no\/index.php\/2025\/12\/24\/fortell-meg-hva-du-kaller-peanotter-sa-skal-jeg-fortelle-deg-hvilken-region-du-kommer-fra\/\",\"name\":\"Fortell meg hva du kaller pean\u00f8tter, s\u00e5 skal jeg fortelle deg hvilken region du kommer fra - Nordnesrepublikken\",\"isPartOf\":{\"@id\":\"https:\/\/nordnesrepublikken.no\/#website\"},\"primaryImageOfPage\":{\"@id\":\"https:\/\/nordnesrepublikken.no\/index.php\/2025\/12\/24\/fortell-meg-hva-du-kaller-peanotter-sa-skal-jeg-fortelle-deg-hvilken-region-du-kommer-fra\/#primaryimage\"},\"image\":{\"@id\":\"https:\/\/nordnesrepublikken.no\/index.php\/2025\/12\/24\/fortell-meg-hva-du-kaller-peanotter-sa-skal-jeg-fortelle-deg-hvilken-region-du-kommer-fra\/#primaryimage\"},\"thumbnailUrl\":\"https:\/\/nordnesrepublikken.no\/wp-content\/uploads\/2025\/12\/1766562723_Fortell-meg-hva-du-kaller-peanotter-sa-skal-jeg-fortelle.jpg\",\"datePublished\":\"2025-12-24T07:52:02+00:00\",\"dateModified\":\"2025-12-24T07:52:04+00:00\",\"breadcrumb\":{\"@id\":\"https:\/\/nordnesrepublikken.no\/index.php\/2025\/12\/24\/fortell-meg-hva-du-kaller-peanotter-sa-skal-jeg-fortelle-deg-hvilken-region-du-kommer-fra\/#breadcrumb\"},\"inLanguage\":\"nb-NO\",\"potentialAction\":[{\"@type\":\"ReadAction\",\"target\":[\"https:\/\/nordnesrepublikken.no\/index.php\/2025\/12\/24\/fortell-meg-hva-du-kaller-peanotter-sa-skal-jeg-fortelle-deg-hvilken-region-du-kommer-fra\/\"]}]},{\"@type\":\"ImageObject\",\"inLanguage\":\"nb-NO\",\"@id\":\"https:\/\/nordnesrepublikken.no\/index.php\/2025\/12\/24\/fortell-meg-hva-du-kaller-peanotter-sa-skal-jeg-fortelle-deg-hvilken-region-du-kommer-fra\/#primaryimage\",\"url\":\"https:\/\/nordnesrepublikken.no\/wp-content\/uploads\/2025\/12\/1766562723_Fortell-meg-hva-du-kaller-peanotter-sa-skal-jeg-fortelle.jpg\",\"contentUrl\":\"https:\/\/nordnesrepublikken.no\/wp-content\/uploads\/2025\/12\/1766562723_Fortell-meg-hva-du-kaller-peanotter-sa-skal-jeg-fortelle.jpg\",\"width\":1376,\"height\":768,\"caption\":\"Fortell meg hva du kaller pean\u00f8tter, s\u00e5 skal jeg fortelle deg hvilken region du kommer fra\"},{\"@type\":\"BreadcrumbList\",\"@id\":\"https:\/\/nordnesrepublikken.no\/index.php\/2025\/12\/24\/fortell-meg-hva-du-kaller-peanotter-sa-skal-jeg-fortelle-deg-hvilken-region-du-kommer-fra\/#breadcrumb\",\"itemListElement\":[{\"@type\":\"ListItem\",\"position\":1,\"name\":\"Home\",\"item\":\"https:\/\/nordnesrepublikken.no\/\"},{\"@type\":\"ListItem\",\"position\":2,\"name\":\"Fortell meg hva du kaller pean\u00f8tter, s\u00e5 skal jeg fortelle deg hvilken region du kommer fra\"}]},{\"@type\":\"WebSite\",\"@id\":\"https:\/\/nordnesrepublikken.no\/#website\",\"url\":\"https:\/\/nordnesrepublikken.no\/\",\"name\":\"Nordnesrepublikken\",\"description\":\"Stemmer og Visjoner fra Republikkens Hjerte\",\"publisher\":{\"@id\":\"https:\/\/nordnesrepublikken.no\/#organization\"},\"potentialAction\":[{\"@type\":\"SearchAction\",\"target\":{\"@type\":\"EntryPoint\",\"urlTemplate\":\"https:\/\/nordnesrepublikken.no\/?s={search_term_string}\"},\"query-input\":{\"@type\":\"PropertyValueSpecification\",\"valueRequired\":true,\"valueName\":\"search_term_string\"}}],\"inLanguage\":\"nb-NO\"},{\"@type\":\"Organization\",\"@id\":\"https:\/\/nordnesrepublikken.no\/#organization\",\"name\":\"Nordnesrepublikken\",\"url\":\"https:\/\/nordnesrepublikken.no\/\",\"logo\":{\"@type\":\"ImageObject\",\"inLanguage\":\"nb-NO\",\"@id\":\"https:\/\/nordnesrepublikken.no\/#\/schema\/logo\/image\/\",\"url\":\"https:\/\/nordnesrepublikken.no\/wp-content\/uploads\/2025\/02\/cropped-nordnesrepublikken-2.png\",\"contentUrl\":\"https:\/\/nordnesrepublikken.no\/wp-content\/uploads\/2025\/02\/cropped-nordnesrepublikken-2.png\",\"width\":1248,\"height\":362,\"caption\":\"Nordnesrepublikken\"},\"image\":{\"@id\":\"https:\/\/nordnesrepublikken.no\/#\/schema\/logo\/image\/\"}},{\"@type\":\"Person\",\"@id\":\"https:\/\/nordnesrepublikken.no\/#\/schema\/person\/2e7e81935bab77882fffb79296240ff1\",\"name\":\"Ole Andersen\",\"image\":{\"@type\":\"ImageObject\",\"inLanguage\":\"nb-NO\",\"@id\":\"https:\/\/nordnesrepublikken.no\/#\/schema\/person\/image\/\",\"url\":\"https:\/\/nordnesrepublikken.no\/wp-content\/uploads\/2025\/02\/nordnesrepublikken-2-2-150x150.jpg\",\"contentUrl\":\"https:\/\/nordnesrepublikken.no\/wp-content\/uploads\/2025\/02\/nordnesrepublikken-2-2-150x150.jpg\",\"caption\":\"Ole Andersen\"},\"description\":\"Ettersom jeg vokste opp i Oslo, har jeg alltid v\u00e6rt fascinert av ordenes kraft og deres evne til \u00e5 skape endringer. Etter \u00e5 ha fullf\u00f8rt min utdannelse i kommunikasjon ved Universitetet i Bergen, fikk jeg muligheten til \u00e5 jobbe innen ulike medier, der jeg har s\u00f8kt \u00e5 belyse viktige samfunnssp\u00f8rsm\u00e5l. I dag, som redakt\u00f8r for Nordnesrepublikken, pr\u00f8ver jeg \u00e5 forene min kj\u00e6rlighet for journalistikk med min lidenskap for innovasjon og eventyr.\",\"sameAs\":[\"https:\/\/nordnesrepublikken.no\/\"]}]}<\/script>\n<!-- \/ Yoast SEO plugin. -->","yoast_head_json":{"title":"Fortell meg hva du kaller pean\u00f8tter, s\u00e5 skal jeg fortelle deg hvilken region du kommer fra - Nordnesrepublikken","robots":{"index":"index","follow":"follow","max-snippet":"max-snippet:-1","max-image-preview":"max-image-preview:large","max-video-preview":"max-video-preview:-1"},"canonical":"https:\/\/nordnesrepublikken.no\/index.php\/2025\/12\/24\/fortell-meg-hva-du-kaller-peanotter-sa-skal-jeg-fortelle-deg-hvilken-region-du-kommer-fra\/","og_locale":"nb_NO","og_type":"article","og_title":"Fortell meg hva du kaller pean\u00f8tter, s\u00e5 skal jeg fortelle deg hvilken region du kommer fra - Nordnesrepublikken","og_description":"Selv under julen 2025 vil vises p\u00e5 italienske bord amerikanske pean\u00f8tter: ogs\u00e5 kjent som pean\u00f8tter,","og_url":"https:\/\/nordnesrepublikken.no\/index.php\/2025\/12\/24\/fortell-meg-hva-du-kaller-peanotter-sa-skal-jeg-fortelle-deg-hvilken-region-du-kommer-fra\/","og_site_name":"Nordnesrepublikken","article_published_time":"2025-12-24T07:52:02+00:00","article_modified_time":"2025-12-24T07:52:04+00:00","og_image":[{"width":1376,"height":768,"url":"https:\/\/nordnesrepublikken.no\/wp-content\/uploads\/2025\/12\/1766562723_Fortell-meg-hva-du-kaller-peanotter-sa-skal-jeg-fortelle.jpg","type":"image\/jpeg"}],"author":"Ole Andersen","twitter_card":"summary_large_image","twitter_misc":{"Skrevet av":"Ole Andersen","Ansl. lesetid":"2 minutter"},"schema":{"@context":"https:\/\/schema.org","@graph":[{"@type":"Article","@id":"https:\/\/nordnesrepublikken.no\/index.php\/2025\/12\/24\/fortell-meg-hva-du-kaller-peanotter-sa-skal-jeg-fortelle-deg-hvilken-region-du-kommer-fra\/#article","isPartOf":{"@id":"https:\/\/nordnesrepublikken.no\/index.php\/2025\/12\/24\/fortell-meg-hva-du-kaller-peanotter-sa-skal-jeg-fortelle-deg-hvilken-region-du-kommer-fra\/"},"author":{"name":"Ole Andersen","@id":"https:\/\/nordnesrepublikken.no\/#\/schema\/person\/2e7e81935bab77882fffb79296240ff1"},"headline":"Fortell meg hva du kaller pean\u00f8tter, s\u00e5 skal jeg fortelle deg hvilken region du kommer fra","datePublished":"2025-12-24T07:52:02+00:00","dateModified":"2025-12-24T07:52:04+00:00","mainEntityOfPage":{"@id":"https:\/\/nordnesrepublikken.no\/index.php\/2025\/12\/24\/fortell-meg-hva-du-kaller-peanotter-sa-skal-jeg-fortelle-deg-hvilken-region-du-kommer-fra\/"},"wordCount":458,"publisher":{"@id":"https:\/\/nordnesrepublikken.no\/#organization"},"image":{"@id":"https:\/\/nordnesrepublikken.no\/index.php\/2025\/12\/24\/fortell-meg-hva-du-kaller-peanotter-sa-skal-jeg-fortelle-deg-hvilken-region-du-kommer-fra\/#primaryimage"},"thumbnailUrl":"https:\/\/nordnesrepublikken.no\/wp-content\/uploads\/2025\/12\/1766562723_Fortell-meg-hva-du-kaller-peanotter-sa-skal-jeg-fortelle.jpg","keywords":["deg","Fortell","fortelle","fra","Hva","hvilken","jeg","kaller","kommer","meg","pean\u00f8tter","region","s\u00e5","skal"],"articleSection":["Samfunn"],"inLanguage":"nb-NO"},{"@type":"WebPage","@id":"https:\/\/nordnesrepublikken.no\/index.php\/2025\/12\/24\/fortell-meg-hva-du-kaller-peanotter-sa-skal-jeg-fortelle-deg-hvilken-region-du-kommer-fra\/","url":"https:\/\/nordnesrepublikken.no\/index.php\/2025\/12\/24\/fortell-meg-hva-du-kaller-peanotter-sa-skal-jeg-fortelle-deg-hvilken-region-du-kommer-fra\/","name":"Fortell meg hva du kaller pean\u00f8tter, s\u00e5 skal jeg fortelle deg hvilken region du kommer fra - Nordnesrepublikken","isPartOf":{"@id":"https:\/\/nordnesrepublikken.no\/#website"},"primaryImageOfPage":{"@id":"https:\/\/nordnesrepublikken.no\/index.php\/2025\/12\/24\/fortell-meg-hva-du-kaller-peanotter-sa-skal-jeg-fortelle-deg-hvilken-region-du-kommer-fra\/#primaryimage"},"image":{"@id":"https:\/\/nordnesrepublikken.no\/index.php\/2025\/12\/24\/fortell-meg-hva-du-kaller-peanotter-sa-skal-jeg-fortelle-deg-hvilken-region-du-kommer-fra\/#primaryimage"},"thumbnailUrl":"https:\/\/nordnesrepublikken.no\/wp-content\/uploads\/2025\/12\/1766562723_Fortell-meg-hva-du-kaller-peanotter-sa-skal-jeg-fortelle.jpg","datePublished":"2025-12-24T07:52:02+00:00","dateModified":"2025-12-24T07:52:04+00:00","breadcrumb":{"@id":"https:\/\/nordnesrepublikken.no\/index.php\/2025\/12\/24\/fortell-meg-hva-du-kaller-peanotter-sa-skal-jeg-fortelle-deg-hvilken-region-du-kommer-fra\/#breadcrumb"},"inLanguage":"nb-NO","potentialAction":[{"@type":"ReadAction","target":["https:\/\/nordnesrepublikken.no\/index.php\/2025\/12\/24\/fortell-meg-hva-du-kaller-peanotter-sa-skal-jeg-fortelle-deg-hvilken-region-du-kommer-fra\/"]}]},{"@type":"ImageObject","inLanguage":"nb-NO","@id":"https:\/\/nordnesrepublikken.no\/index.php\/2025\/12\/24\/fortell-meg-hva-du-kaller-peanotter-sa-skal-jeg-fortelle-deg-hvilken-region-du-kommer-fra\/#primaryimage","url":"https:\/\/nordnesrepublikken.no\/wp-content\/uploads\/2025\/12\/1766562723_Fortell-meg-hva-du-kaller-peanotter-sa-skal-jeg-fortelle.jpg","contentUrl":"https:\/\/nordnesrepublikken.no\/wp-content\/uploads\/2025\/12\/1766562723_Fortell-meg-hva-du-kaller-peanotter-sa-skal-jeg-fortelle.jpg","width":1376,"height":768,"caption":"Fortell meg hva du kaller pean\u00f8tter, s\u00e5 skal jeg fortelle deg hvilken region du kommer fra"},{"@type":"BreadcrumbList","@id":"https:\/\/nordnesrepublikken.no\/index.php\/2025\/12\/24\/fortell-meg-hva-du-kaller-peanotter-sa-skal-jeg-fortelle-deg-hvilken-region-du-kommer-fra\/#breadcrumb","itemListElement":[{"@type":"ListItem","position":1,"name":"Home","item":"https:\/\/nordnesrepublikken.no\/"},{"@type":"ListItem","position":2,"name":"Fortell meg hva du kaller pean\u00f8tter, s\u00e5 skal jeg fortelle deg hvilken region du kommer fra"}]},{"@type":"WebSite","@id":"https:\/\/nordnesrepublikken.no\/#website","url":"https:\/\/nordnesrepublikken.no\/","name":"Nordnesrepublikken","description":"Stemmer og Visjoner fra Republikkens Hjerte","publisher":{"@id":"https:\/\/nordnesrepublikken.no\/#organization"},"potentialAction":[{"@type":"SearchAction","target":{"@type":"EntryPoint","urlTemplate":"https:\/\/nordnesrepublikken.no\/?s={search_term_string}"},"query-input":{"@type":"PropertyValueSpecification","valueRequired":true,"valueName":"search_term_string"}}],"inLanguage":"nb-NO"},{"@type":"Organization","@id":"https:\/\/nordnesrepublikken.no\/#organization","name":"Nordnesrepublikken","url":"https:\/\/nordnesrepublikken.no\/","logo":{"@type":"ImageObject","inLanguage":"nb-NO","@id":"https:\/\/nordnesrepublikken.no\/#\/schema\/logo\/image\/","url":"https:\/\/nordnesrepublikken.no\/wp-content\/uploads\/2025\/02\/cropped-nordnesrepublikken-2.png","contentUrl":"https:\/\/nordnesrepublikken.no\/wp-content\/uploads\/2025\/02\/cropped-nordnesrepublikken-2.png","width":1248,"height":362,"caption":"Nordnesrepublikken"},"image":{"@id":"https:\/\/nordnesrepublikken.no\/#\/schema\/logo\/image\/"}},{"@type":"Person","@id":"https:\/\/nordnesrepublikken.no\/#\/schema\/person\/2e7e81935bab77882fffb79296240ff1","name":"Ole Andersen","image":{"@type":"ImageObject","inLanguage":"nb-NO","@id":"https:\/\/nordnesrepublikken.no\/#\/schema\/person\/image\/","url":"https:\/\/nordnesrepublikken.no\/wp-content\/uploads\/2025\/02\/nordnesrepublikken-2-2-150x150.jpg","contentUrl":"https:\/\/nordnesrepublikken.no\/wp-content\/uploads\/2025\/02\/nordnesrepublikken-2-2-150x150.jpg","caption":"Ole Andersen"},"description":"Ettersom jeg vokste opp i Oslo, har jeg alltid v\u00e6rt fascinert av ordenes kraft og deres evne til \u00e5 skape endringer. Etter \u00e5 ha fullf\u00f8rt min utdannelse i kommunikasjon ved Universitetet i Bergen, fikk jeg muligheten til \u00e5 jobbe innen ulike medier, der jeg har s\u00f8kt \u00e5 belyse viktige samfunnssp\u00f8rsm\u00e5l. I dag, som redakt\u00f8r for Nordnesrepublikken, pr\u00f8ver jeg \u00e5 forene min kj\u00e6rlighet for journalistikk med min lidenskap for innovasjon og eventyr.","sameAs":["https:\/\/nordnesrepublikken.no\/"]}]}},"_links":{"self":[{"href":"https:\/\/nordnesrepublikken.no\/index.php\/wp-json\/wp\/v2\/posts\/13159","targetHints":{"allow":["GET"]}}],"collection":[{"href":"https:\/\/nordnesrepublikken.no\/index.php\/wp-json\/wp\/v2\/posts"}],"about":[{"href":"https:\/\/nordnesrepublikken.no\/index.php\/wp-json\/wp\/v2\/types\/post"}],"author":[{"embeddable":true,"href":"https:\/\/nordnesrepublikken.no\/index.php\/wp-json\/wp\/v2\/users\/1"}],"replies":[{"embeddable":true,"href":"https:\/\/nordnesrepublikken.no\/index.php\/wp-json\/wp\/v2\/comments?post=13159"}],"version-history":[{"count":1,"href":"https:\/\/nordnesrepublikken.no\/index.php\/wp-json\/wp\/v2\/posts\/13159\/revisions"}],"predecessor-version":[{"id":13161,"href":"https:\/\/nordnesrepublikken.no\/index.php\/wp-json\/wp\/v2\/posts\/13159\/revisions\/13161"}],"wp:featuredmedia":[{"embeddable":true,"href":"https:\/\/nordnesrepublikken.no\/index.php\/wp-json\/wp\/v2\/media\/13160"}],"wp:attachment":[{"href":"https:\/\/nordnesrepublikken.no\/index.php\/wp-json\/wp\/v2\/media?parent=13159"}],"wp:term":[{"taxonomy":"category","embeddable":true,"href":"https:\/\/nordnesrepublikken.no\/index.php\/wp-json\/wp\/v2\/categories?post=13159"},{"taxonomy":"post_tag","embeddable":true,"href":"https:\/\/nordnesrepublikken.no\/index.php\/wp-json\/wp\/v2\/tags?post=13159"}],"curies":[{"name":"wp","href":"https:\/\/api.w.org\/{rel}","templated":true}]}}