{"id":13150,"date":"2025-12-24T02:50:38","date_gmt":"2025-12-24T01:50:38","guid":{"rendered":"https:\/\/nordnesrepublikken.no\/index.php\/2025\/12\/24\/7-praktiske-mater-a-bruke-geminis-nano-banana-pro-som-en-personlig-grafisk-designer\/"},"modified":"2025-12-24T02:50:41","modified_gmt":"2025-12-24T01:50:41","slug":"7-praktiske-mater-a-bruke-geminis-nano-banana-pro-som-en-personlig-grafisk-designer","status":"publish","type":"post","link":"https:\/\/nordnesrepublikken.no\/index.php\/2025\/12\/24\/7-praktiske-mater-a-bruke-geminis-nano-banana-pro-som-en-personlig-grafisk-designer\/","title":{"rendered":"7 praktiske m\u00e5ter \u00e5 bruke Geminis Nano Banana Pro som en personlig grafisk designer"},"content":{"rendered":"<div>\n<div class=\"cp_wrapper cp_wrapper--fw mb-30 mb-20@tablet\">\n<figure class=\"mm\"><picture class=\"img\" style=\"padding-top:56.25%\"><source  media=\"(min-width: 1024px)\"><source  media=\"(min-width: 768px)\"><\/source><\/source><\/picture><\/figure>\n<\/p><\/div>\n<p>Basert p\u00e5 arkitekturen til Gemini 3, den nye modellen<em> tekst-til-bilde<\/em> <strong>Nano Banana Pro <\/strong>av Google har demonstrert det enorme evolusjonsspranget som Mountain View-giganten har klart \u00e5 ta. Selv om det er et kraftig verkt\u00f8y, m\u00e5 du l\u00e6re \u00e5 bruke det godt for \u00e5 bruke det effektivt. I denne dybdeanalysen vil vi gi deg <strong>7 praktiske tips for \u00e5 bruke Nano Banana Pro som grafisk designer<\/strong> <strong>personlig<\/strong>. Vi vil derfor ta utgangspunkt i noen &laquo;grunnregler&raquo; for \u00e5 bygge en <strong>effektiv foresp\u00f8rsel<\/strong>dvs. en tekstinngang som kan tillate modellen \u00e5 lage et utdatabilde som er like mye i tr\u00e5d med ideen vi hadde i begynnelsen. S\u00e5, i den andre delen av artikkelen, vil vi vise deg noen praktiske eksempler p\u00e5 hva du kan gj\u00f8re med Nano Banana Pro. <em>La oss g\u00e5!<\/em><\/p>\n<p> <!-- SUMMARY --><\/p>\n<div class=\"cp_wrapper mb-20 mb-40@desktop\">\n<div class=\"smy\" data-sticky-btn-text=\"\">\n<p>Hvordan bygge effektive meldinger for Googles Nano Banana Pro<\/p>\n<\/div>\n<\/div>\n<h2 id=\"come-costruire-un-prompt-efficace-per-gemini\">Hvordan bygge en effektiv foresp\u00f8rsel for Nano Banana Pro<\/h2>\n<p>La oss ta en n\u00e6rmere titt <strong>7 tips for \u00e5 bygge en effektiv prompt for Nano Banana Pro<\/strong>.<\/p>\n<h3 id=\"definire-argomento-e-stile-dellimmagine-di-output\">Definer emnet og stilen til utdatabildet<\/h3>\n<p>For \u00e5 f\u00e5 resultater som ikke virker tilfeldige, m\u00e5 du mate Nano Banana Pro en <strong>ledetekst som n\u00f8yaktig definerer emnet og stilen til utdatabildet<\/strong> som vi \u00f8nsker \u00e5 oppn\u00e5. Vi m\u00e5 definere klart <strong>tema<\/strong> (hvem eller hva, med spesifikke detaljer), den <strong>komposisjon<\/strong> (skuddet, for eksempel en amerikansk plan eller en lav vinkel), den<strong>handling<\/strong> (hva skjer i scenen), den <strong>posisjon<\/strong> (derfor milj\u00f8konteksten) og det <strong>stil<\/strong> (fotorealisme, akvarell, 90-tallsestetikk, og s\u00e5 videre). Jo mer analytiske vi er i beskrivelsen, jo mindre vil modellens feilmargin v\u00e6re ved \u00e5 oversette ideen v\u00e5r til piksler.<\/p>\n<h3 id=\"dirigere-la-luce-e-lottica-come-un-direttore-della-fotografia\">Direkte lys og optikk som en kinematograf<\/h3>\n<p>En av konkurransefordelene til denne modellen er forst\u00e5elsen av de tekniske parametrene til fotografering. La oss derfor ikke begrense oss til \u00e5 be om et bilde som har &laquo;et vakkert lys&raquo;. La oss g\u00e5 mer spesifikt ved \u00e5 fortelle modellen hvordan <strong>direkte lys og optikk<\/strong>. Vi kan instruere Nano Banana Pro til \u00e5 simulere en liten dybdeskarphet (ved \u00e5 bruke begreper som <em>f<\/em>\/1.8 for \u00e5 f\u00e5 en uskarp bakgrunn, den s\u00e5kalte bokeh-effekten) eller for \u00e5 bruke den gyldne timen til \u00e5 lage lange, varme skygger. Ved \u00e5 definere fargegraderingen (for eksempel bl\u00e5gr\u00f8nne og oransje toner som er typiske for kino) kan du f\u00e5 et bilde med en &laquo;stemning&raquo; som allerede er etterprodusert og, antagelig, klar for profesjonell bruk.<\/p>\n<h3 id=\"integrare-il-testo-con-precisione-tipografica\">Integrer tekst med typografisk presisjon<\/h3>\n<p>Historisk har AI-er slitt med \u00e5 skrive tekst p\u00e5 bilder riktig. Over tid har situasjonen blitt bedre, og mye. Som en avansert modell lar Nano Banana Pro deg sette inn titler og slagord direkte inn i bildet ved \u00e5 g\u00e5 til<strong> integrere tekst med typografisk presisjon<\/strong>. For \u00e5 gj\u00f8re dette, skriv teksten i anf\u00f8rselstegn og spesifiser fonten (for eksempel en fet sans-serif, eller en font uten &laquo;serifs&raquo; i \u200b\u200benden av bokstavene). Denne funksjonen er viktig for \u00e5 lage plakater, produktetiketter eller brukergrensesnitt (UI), etc.<\/p>\n<h3 id=\"sfruttare-la-logica-e-la-conoscenza-del-mondo-reale\">Utnytt logikk og kunnskap fra den virkelige verden<\/h3>\n<p>Takket v\u00e6re Gemini 3-motoren er ikke systemet begrenset til \u00e5 kunne \u00abresonnere\u00bb. Av denne grunn er det mulig <strong>utnytte logikk og kunnskap fra den virkelige verden<\/strong> for \u00e5 oppn\u00e5 ultrarealistisk produksjon. Vi kan be ham lage n\u00f8yaktige vitenskapelige diagrammer eller infografikk som f\u00f8lger logiske sekvenser, for eksempel Fibonacci-serien. Hvis vi trenger \u00e5 skildre et tverrsnitt av et objekt eller en kompleks prosess (som \u00e5 lage te), vil AI bruke databasen sin for \u00e5 sikre at bildet ikke bare er estetisk tiltalende, men ogs\u00e5 faktisk korrekt. Derfor, n\u00e5r du skriver en melding, ta hensyn til det faktum at Nano Banana Pro er i stand til \u00e5 forst\u00e5 betydningen av komplekse komposisjoner, som har relevans for den virkelige verden.<\/p>\n<h3 id=\"gestire-la-coerenza-del-brand-e-dei-personaggi\">Administrer merkevare- og karakterkonsistens<\/h3>\n<p>\u00c5 skape en visuell identitet krever enhetlighet. Nano Banana Pro lar oss <strong>last opp opptil 14 referansebilder<\/strong> \u00e5 opprettholde likheten til flere karakterer i forskjellige scener eller \u00e5 bruke en logo p\u00e5 ulike gjenstander (kl\u00e6r, emballasje, skrivesaker) samtidig som teksturer og naturlig lys bevares. Denne sammensl\u00e5ingsevnen gj\u00f8r AI til en editor som er i stand til \u00e5 skape helheter <em>merkesett<\/em>. Ta ogs\u00e5 hensyn til dette aspektet n\u00e5r du oppretter foresp\u00f8rselen.<\/p>\n<h3 id=\"editing-avanzato-e-trasformazione-delle-immagini\">Avansert redigering og bildetransformasjon<\/h3>\n<p>Du trenger ikke n\u00f8dvendigvis \u00e5 bruke Nano Banana Pro for \u00e5 lage bilder som starter &laquo;fra bunnen av&raquo;. Vi kan <strong>handle p\u00e5 eksisterende bilder ved \u00e5 gi direkte redigeringsinstruksjoner<\/strong>: bytt ut bakgrunnen med en urban skyline ved solnedgang, fjern forstyrrende gjenstander som elektriske ledninger eller veiskilt, eller utf\u00f8r en estetisk touch-up som opprettholder hudens naturlige tekstur samtidig som du unng\u00e5r den &laquo;plastiske&raquo; effekten som er typisk for mindre avanserte modeller. Det er et virkelig automatisert postproduksjonsverk som respekterer samspillet til det originale lyset.<\/p>\n<h3 id=\"adattare-il-formato-per-ogni-piattaforma\">Tilpass formatet for hver plattform<\/h3>\n<p>En grafisk designer vet at innhold for Instagram ikke kan ha samme proporsjoner som en reklametavle. Med Nano Banana Pro kan vi definere lerretet ved \u00e5 stille inn \u00f8nsket sideforhold: <strong>9:16<\/strong> for vertikale historier, <strong>21.9<\/strong> for et ultrabredt filmaktig utseende eller <strong>1:1<\/strong> for firkantede stolper. Modellen genererer h\u00f8yoppl\u00f8selige filer (fra 1K opp til 4K), og sikrer klarhet som tillater utskrift eller bruk p\u00e5 store skjermer uten tap av kvalitet.<\/p>\n<p><strong>Note:<\/strong> Selv om Nano Banana Pro er en noe avansert AI-modell, m\u00e5 vi alltid huske at sm\u00e5 detaljer eller komplekse stavem\u00e5ter kan kreve menneskelig tilsyn.<\/p>\n<h2 id=\"esempi-di-come-usare-gemini-come-un-graphic-designer-ai\">Eksempler p\u00e5 hvordan du bruker Gemini som AI-grafisk designer<\/h2>\n<p>La oss n\u00e5 pr\u00f8ve \u00e5 omsette forslagene vi har gitt i de foreg\u00e5ende avsnittene til praksis ved \u00e5 analysere noen av dem <strong>eksempler p\u00e5 hvordan du bruker Gemini som AI-grafisk designer<\/strong>. Vi gjentar at det vi foresl\u00e5r er enkle eksempler: Tilpass dem basert p\u00e5 hva du har tenkt \u00e5 trekke ut fra modellen.<\/p>\n<h3 id=\"fotografia-di-prodotto\">Produktfotografering<\/h3>\n<p><em>Lag et svart krus med Geopop-logoen trykt p\u00e5. Det m\u00e5 v\u00e6re p\u00e5 en vulkanstrand med svart sand, skjell og sm\u00e5 svovelkrystaller spredt rundt; naturlig morgenlys f\/1.8 for en liten dybdeskarphet som gj\u00f8r den marine bakgrunnen litt uskarp.<\/em><\/p>\n<div class=\"cp_wrapper cp_wrapper--fw mb-50\">\n<figure class=\"mm\"><picture class=\"img\" style=\"padding-top:53.856562922869%\"><source  media=\"(min-width: 1024px)\"><source  media=\"(min-width: 768px)\"><img decoding=\"async\" loading=\"lazy\" src=\"https:\/\/nordnesrepublikken.no\/wp-content\/uploads\/2025\/12\/1766541037_112_7-praktiske-mater-a-bruke-Geminis-Nano-Banana-Pro-som.jpg\" alt=\"Bilde\" width=\"1478\" height=\"796\"\/><\/source><\/source><\/picture><\/figure>\n<\/p><\/div>\n<h3 id=\"identita-del-marchio\">Merkeidentitet<\/h3>\n<p><em>Lag et h\u00f8yoppl\u00f8selig bilde som viser Geopop-logoen p\u00e5 en f\u00f8rsteklasses gr\u00e5 genser b\u00e5ret av en forsker i et futuristisk laboratorium; aquagr\u00f8nne neonlys og kromreflekser.<\/em><\/p>\n<div class=\"cp_wrapper cp_wrapper--fw mb-50\">\n<figure class=\"mm\"><picture class=\"img\" style=\"padding-top:57.142857142857%\"><source  media=\"(min-width: 1024px)\"><source  media=\"(min-width: 768px)\"><img decoding=\"async\" loading=\"lazy\" src=\"https:\/\/nordnesrepublikken.no\/wp-content\/uploads\/2025\/12\/1766541038_811_7-praktiske-mater-a-bruke-Geminis-Nano-Banana-Pro-som.jpg\" alt=\"Bilde\" width=\"1344\" height=\"768\" class=\"js-seedtag-img\"\/><\/source><\/source><\/picture><\/figure>\n<\/p><\/div>\n<h3 id=\"infografica\">Infografikk<\/h3>\n<p><em>Design en strukturert infografikk med tittelen &laquo;Jordens geologiske utvikling.&raquo; Den bruker en vertikal tidslinje med minimale ikoner for hver epoke, lesbar sans-serif tekst og en jordn\u00e6r og magma oransje fargepalett.<\/em><\/p>\n<div class=\"cp_wrapper cp_wrapper--fw mb-50\">\n<figure class=\"mm\"><picture class=\"img\" style=\"padding-top:100%\"><source  media=\"(min-width: 1024px)\"><source  media=\"(min-width: 768px)\"><img decoding=\"async\" loading=\"lazy\" src=\"https:\/\/nordnesrepublikken.no\/wp-content\/uploads\/2025\/12\/1766541038_632_7-praktiske-mater-a-bruke-Geminis-Nano-Banana-Pro-som.jpg\" alt=\"Bilde\" width=\"1024\" height=\"1024\"\/><\/source><\/source><\/picture><\/figure>\n<\/p><\/div>\n<h3 id=\"stile-manga-anime\">Manga\/anime-stil<\/h3>\n<p><em>Lag en grafisk illustrasjon i romanstil av en vitenskapsformidler som skyter gul energi fra \u00f8ynene mens han holder et nettbrett; ordet &#8216;GEOPOP&#8217; er gjengitt i 3D med gl\u00f8dende lavatekstur i forgrunnen.<\/em><\/p>\n<div class=\"cp_wrapper cp_wrapper--fw mb-50\">\n<figure class=\"mm\"><picture class=\"img\" style=\"padding-top:54.545454545455%\"><source  media=\"(min-width: 1024px)\"><source  media=\"(min-width: 768px)\"><img decoding=\"async\" loading=\"lazy\" src=\"https:\/\/nordnesrepublikken.no\/wp-content\/uploads\/2025\/12\/1766541038_105_7-praktiske-mater-a-bruke-Geminis-Nano-Banana-Pro-som.jpg\" alt=\"Bilde\" width=\"1408\" height=\"768\" class=\"js-seedtag-img\"\/><\/source><\/source><\/picture><\/figure>\n<\/p><\/div>\n<\/p><\/div>\n","protected":false},"excerpt":{"rendered":"<p>Basert p\u00e5 arkitekturen til Gemini 3, den nye modellen tekst-til-bilde Nano Banana Pro av Google<\/p>\n","protected":false},"author":1,"featured_media":13151,"comment_status":"closed","ping_status":"open","sticky":false,"template":"","format":"standard","meta":{"footnotes":""},"categories":[25],"tags":[5839,402,8664,8661,8663,8477,5838,8662,1144,7880,31],"class_list":["post-13150","post","type-post","status-publish","format-standard","has-post-thumbnail","hentry","category-teknologi","tag-banana","tag-bruke","tag-designer","tag-geminis","tag-grafisk","tag-mater","tag-nano","tag-personlig","tag-praktiske","tag-pro","tag-som","generate-columns","tablet-grid-50","mobile-grid-100","grid-parent","grid-33","resize-featured-image"],"yoast_head":"<!-- This site is optimized with the Yoast SEO plugin v24.4 - https:\/\/yoast.com\/wordpress\/plugins\/seo\/ -->\n<title>7 praktiske m\u00e5ter \u00e5 bruke Geminis Nano Banana Pro som en personlig grafisk designer - Nordnesrepublikken<\/title>\n<meta name=\"robots\" content=\"index, follow, max-snippet:-1, max-image-preview:large, max-video-preview:-1\" \/>\n<link rel=\"canonical\" href=\"https:\/\/nordnesrepublikken.no\/index.php\/2025\/12\/24\/7-praktiske-mater-a-bruke-geminis-nano-banana-pro-som-en-personlig-grafisk-designer\/\" \/>\n<meta property=\"og:locale\" content=\"nb_NO\" \/>\n<meta property=\"og:type\" content=\"article\" \/>\n<meta property=\"og:title\" content=\"7 praktiske m\u00e5ter \u00e5 bruke Geminis Nano Banana Pro som en personlig grafisk designer - Nordnesrepublikken\" \/>\n<meta property=\"og:description\" content=\"Basert p\u00e5 arkitekturen til Gemini 3, den nye modellen tekst-til-bilde Nano Banana Pro av Google\" \/>\n<meta property=\"og:url\" content=\"https:\/\/nordnesrepublikken.no\/index.php\/2025\/12\/24\/7-praktiske-mater-a-bruke-geminis-nano-banana-pro-som-en-personlig-grafisk-designer\/\" \/>\n<meta property=\"og:site_name\" content=\"Nordnesrepublikken\" \/>\n<meta property=\"article:published_time\" content=\"2025-12-24T01:50:38+00:00\" \/>\n<meta property=\"article:modified_time\" content=\"2025-12-24T01:50:41+00:00\" \/>\n<meta property=\"og:image\" content=\"https:\/\/nordnesrepublikken.no\/wp-content\/uploads\/2025\/12\/1766541038_7-praktiske-mater-a-bruke-Geminis-Nano-Banana-Pro-som.jpg\" \/>\n\t<meta property=\"og:image:width\" content=\"2106\" \/>\n\t<meta property=\"og:image:height\" content=\"1412\" \/>\n\t<meta property=\"og:image:type\" content=\"image\/jpeg\" \/>\n<meta name=\"author\" content=\"Ole Andersen\" \/>\n<meta name=\"twitter:card\" content=\"summary_large_image\" \/>\n<meta name=\"twitter:label1\" content=\"Skrevet av\" \/>\n\t<meta name=\"twitter:data1\" content=\"Ole Andersen\" \/>\n\t<meta name=\"twitter:label2\" content=\"Ansl. lesetid\" \/>\n\t<meta name=\"twitter:data2\" content=\"5 minutter\" \/>\n<script type=\"application\/ld+json\" class=\"yoast-schema-graph\">{\"@context\":\"https:\/\/schema.org\",\"@graph\":[{\"@type\":\"Article\",\"@id\":\"https:\/\/nordnesrepublikken.no\/index.php\/2025\/12\/24\/7-praktiske-mater-a-bruke-geminis-nano-banana-pro-som-en-personlig-grafisk-designer\/#article\",\"isPartOf\":{\"@id\":\"https:\/\/nordnesrepublikken.no\/index.php\/2025\/12\/24\/7-praktiske-mater-a-bruke-geminis-nano-banana-pro-som-en-personlig-grafisk-designer\/\"},\"author\":{\"name\":\"Ole Andersen\",\"@id\":\"https:\/\/nordnesrepublikken.no\/#\/schema\/person\/2e7e81935bab77882fffb79296240ff1\"},\"headline\":\"7 praktiske m\u00e5ter \u00e5 bruke Geminis Nano Banana Pro som en personlig grafisk designer\",\"datePublished\":\"2025-12-24T01:50:38+00:00\",\"dateModified\":\"2025-12-24T01:50:41+00:00\",\"mainEntityOfPage\":{\"@id\":\"https:\/\/nordnesrepublikken.no\/index.php\/2025\/12\/24\/7-praktiske-mater-a-bruke-geminis-nano-banana-pro-som-en-personlig-grafisk-designer\/\"},\"wordCount\":1059,\"publisher\":{\"@id\":\"https:\/\/nordnesrepublikken.no\/#organization\"},\"image\":{\"@id\":\"https:\/\/nordnesrepublikken.no\/index.php\/2025\/12\/24\/7-praktiske-mater-a-bruke-geminis-nano-banana-pro-som-en-personlig-grafisk-designer\/#primaryimage\"},\"thumbnailUrl\":\"https:\/\/nordnesrepublikken.no\/wp-content\/uploads\/2025\/12\/1766541038_7-praktiske-mater-a-bruke-Geminis-Nano-Banana-Pro-som.jpg\",\"keywords\":[\"Banana\",\"bruke\",\"designer\",\"Geminis\",\"grafisk\",\"m\u00e5ter\",\"Nano\",\"personlig\",\"praktiske\",\"Pro\",\"som\"],\"articleSection\":[\"Teknologi\"],\"inLanguage\":\"nb-NO\"},{\"@type\":\"WebPage\",\"@id\":\"https:\/\/nordnesrepublikken.no\/index.php\/2025\/12\/24\/7-praktiske-mater-a-bruke-geminis-nano-banana-pro-som-en-personlig-grafisk-designer\/\",\"url\":\"https:\/\/nordnesrepublikken.no\/index.php\/2025\/12\/24\/7-praktiske-mater-a-bruke-geminis-nano-banana-pro-som-en-personlig-grafisk-designer\/\",\"name\":\"7 praktiske m\u00e5ter \u00e5 bruke Geminis Nano Banana Pro som en personlig grafisk designer - Nordnesrepublikken\",\"isPartOf\":{\"@id\":\"https:\/\/nordnesrepublikken.no\/#website\"},\"primaryImageOfPage\":{\"@id\":\"https:\/\/nordnesrepublikken.no\/index.php\/2025\/12\/24\/7-praktiske-mater-a-bruke-geminis-nano-banana-pro-som-en-personlig-grafisk-designer\/#primaryimage\"},\"image\":{\"@id\":\"https:\/\/nordnesrepublikken.no\/index.php\/2025\/12\/24\/7-praktiske-mater-a-bruke-geminis-nano-banana-pro-som-en-personlig-grafisk-designer\/#primaryimage\"},\"thumbnailUrl\":\"https:\/\/nordnesrepublikken.no\/wp-content\/uploads\/2025\/12\/1766541038_7-praktiske-mater-a-bruke-Geminis-Nano-Banana-Pro-som.jpg\",\"datePublished\":\"2025-12-24T01:50:38+00:00\",\"dateModified\":\"2025-12-24T01:50:41+00:00\",\"breadcrumb\":{\"@id\":\"https:\/\/nordnesrepublikken.no\/index.php\/2025\/12\/24\/7-praktiske-mater-a-bruke-geminis-nano-banana-pro-som-en-personlig-grafisk-designer\/#breadcrumb\"},\"inLanguage\":\"nb-NO\",\"potentialAction\":[{\"@type\":\"ReadAction\",\"target\":[\"https:\/\/nordnesrepublikken.no\/index.php\/2025\/12\/24\/7-praktiske-mater-a-bruke-geminis-nano-banana-pro-som-en-personlig-grafisk-designer\/\"]}]},{\"@type\":\"ImageObject\",\"inLanguage\":\"nb-NO\",\"@id\":\"https:\/\/nordnesrepublikken.no\/index.php\/2025\/12\/24\/7-praktiske-mater-a-bruke-geminis-nano-banana-pro-som-en-personlig-grafisk-designer\/#primaryimage\",\"url\":\"https:\/\/nordnesrepublikken.no\/wp-content\/uploads\/2025\/12\/1766541038_7-praktiske-mater-a-bruke-Geminis-Nano-Banana-Pro-som.jpg\",\"contentUrl\":\"https:\/\/nordnesrepublikken.no\/wp-content\/uploads\/2025\/12\/1766541038_7-praktiske-mater-a-bruke-Geminis-Nano-Banana-Pro-som.jpg\",\"width\":2106,\"height\":1412,\"caption\":\"7 praktiske m\u00e5ter \u00e5 bruke Geminis Nano Banana Pro som en personlig grafisk designer\"},{\"@type\":\"BreadcrumbList\",\"@id\":\"https:\/\/nordnesrepublikken.no\/index.php\/2025\/12\/24\/7-praktiske-mater-a-bruke-geminis-nano-banana-pro-som-en-personlig-grafisk-designer\/#breadcrumb\",\"itemListElement\":[{\"@type\":\"ListItem\",\"position\":1,\"name\":\"Home\",\"item\":\"https:\/\/nordnesrepublikken.no\/\"},{\"@type\":\"ListItem\",\"position\":2,\"name\":\"7 praktiske m\u00e5ter \u00e5 bruke Geminis Nano Banana Pro som en personlig grafisk designer\"}]},{\"@type\":\"WebSite\",\"@id\":\"https:\/\/nordnesrepublikken.no\/#website\",\"url\":\"https:\/\/nordnesrepublikken.no\/\",\"name\":\"Nordnesrepublikken\",\"description\":\"Stemmer og Visjoner fra Republikkens Hjerte\",\"publisher\":{\"@id\":\"https:\/\/nordnesrepublikken.no\/#organization\"},\"potentialAction\":[{\"@type\":\"SearchAction\",\"target\":{\"@type\":\"EntryPoint\",\"urlTemplate\":\"https:\/\/nordnesrepublikken.no\/?s={search_term_string}\"},\"query-input\":{\"@type\":\"PropertyValueSpecification\",\"valueRequired\":true,\"valueName\":\"search_term_string\"}}],\"inLanguage\":\"nb-NO\"},{\"@type\":\"Organization\",\"@id\":\"https:\/\/nordnesrepublikken.no\/#organization\",\"name\":\"Nordnesrepublikken\",\"url\":\"https:\/\/nordnesrepublikken.no\/\",\"logo\":{\"@type\":\"ImageObject\",\"inLanguage\":\"nb-NO\",\"@id\":\"https:\/\/nordnesrepublikken.no\/#\/schema\/logo\/image\/\",\"url\":\"https:\/\/nordnesrepublikken.no\/wp-content\/uploads\/2025\/02\/cropped-nordnesrepublikken-2.png\",\"contentUrl\":\"https:\/\/nordnesrepublikken.no\/wp-content\/uploads\/2025\/02\/cropped-nordnesrepublikken-2.png\",\"width\":1248,\"height\":362,\"caption\":\"Nordnesrepublikken\"},\"image\":{\"@id\":\"https:\/\/nordnesrepublikken.no\/#\/schema\/logo\/image\/\"}},{\"@type\":\"Person\",\"@id\":\"https:\/\/nordnesrepublikken.no\/#\/schema\/person\/2e7e81935bab77882fffb79296240ff1\",\"name\":\"Ole Andersen\",\"image\":{\"@type\":\"ImageObject\",\"inLanguage\":\"nb-NO\",\"@id\":\"https:\/\/nordnesrepublikken.no\/#\/schema\/person\/image\/\",\"url\":\"https:\/\/nordnesrepublikken.no\/wp-content\/uploads\/2025\/02\/nordnesrepublikken-2-2-150x150.jpg\",\"contentUrl\":\"https:\/\/nordnesrepublikken.no\/wp-content\/uploads\/2025\/02\/nordnesrepublikken-2-2-150x150.jpg\",\"caption\":\"Ole Andersen\"},\"description\":\"Ettersom jeg vokste opp i Oslo, har jeg alltid v\u00e6rt fascinert av ordenes kraft og deres evne til \u00e5 skape endringer. Etter \u00e5 ha fullf\u00f8rt min utdannelse i kommunikasjon ved Universitetet i Bergen, fikk jeg muligheten til \u00e5 jobbe innen ulike medier, der jeg har s\u00f8kt \u00e5 belyse viktige samfunnssp\u00f8rsm\u00e5l. I dag, som redakt\u00f8r for Nordnesrepublikken, pr\u00f8ver jeg \u00e5 forene min kj\u00e6rlighet for journalistikk med min lidenskap for innovasjon og eventyr.\",\"sameAs\":[\"https:\/\/nordnesrepublikken.no\/\"]}]}<\/script>\n<!-- \/ Yoast SEO plugin. -->","yoast_head_json":{"title":"7 praktiske m\u00e5ter \u00e5 bruke Geminis Nano Banana Pro som en personlig grafisk designer - Nordnesrepublikken","robots":{"index":"index","follow":"follow","max-snippet":"max-snippet:-1","max-image-preview":"max-image-preview:large","max-video-preview":"max-video-preview:-1"},"canonical":"https:\/\/nordnesrepublikken.no\/index.php\/2025\/12\/24\/7-praktiske-mater-a-bruke-geminis-nano-banana-pro-som-en-personlig-grafisk-designer\/","og_locale":"nb_NO","og_type":"article","og_title":"7 praktiske m\u00e5ter \u00e5 bruke Geminis Nano Banana Pro som en personlig grafisk designer - Nordnesrepublikken","og_description":"Basert p\u00e5 arkitekturen til Gemini 3, den nye modellen tekst-til-bilde Nano Banana Pro av Google","og_url":"https:\/\/nordnesrepublikken.no\/index.php\/2025\/12\/24\/7-praktiske-mater-a-bruke-geminis-nano-banana-pro-som-en-personlig-grafisk-designer\/","og_site_name":"Nordnesrepublikken","article_published_time":"2025-12-24T01:50:38+00:00","article_modified_time":"2025-12-24T01:50:41+00:00","og_image":[{"width":2106,"height":1412,"url":"https:\/\/nordnesrepublikken.no\/wp-content\/uploads\/2025\/12\/1766541038_7-praktiske-mater-a-bruke-Geminis-Nano-Banana-Pro-som.jpg","type":"image\/jpeg"}],"author":"Ole Andersen","twitter_card":"summary_large_image","twitter_misc":{"Skrevet av":"Ole Andersen","Ansl. lesetid":"5 minutter"},"schema":{"@context":"https:\/\/schema.org","@graph":[{"@type":"Article","@id":"https:\/\/nordnesrepublikken.no\/index.php\/2025\/12\/24\/7-praktiske-mater-a-bruke-geminis-nano-banana-pro-som-en-personlig-grafisk-designer\/#article","isPartOf":{"@id":"https:\/\/nordnesrepublikken.no\/index.php\/2025\/12\/24\/7-praktiske-mater-a-bruke-geminis-nano-banana-pro-som-en-personlig-grafisk-designer\/"},"author":{"name":"Ole Andersen","@id":"https:\/\/nordnesrepublikken.no\/#\/schema\/person\/2e7e81935bab77882fffb79296240ff1"},"headline":"7 praktiske m\u00e5ter \u00e5 bruke Geminis Nano Banana Pro som en personlig grafisk designer","datePublished":"2025-12-24T01:50:38+00:00","dateModified":"2025-12-24T01:50:41+00:00","mainEntityOfPage":{"@id":"https:\/\/nordnesrepublikken.no\/index.php\/2025\/12\/24\/7-praktiske-mater-a-bruke-geminis-nano-banana-pro-som-en-personlig-grafisk-designer\/"},"wordCount":1059,"publisher":{"@id":"https:\/\/nordnesrepublikken.no\/#organization"},"image":{"@id":"https:\/\/nordnesrepublikken.no\/index.php\/2025\/12\/24\/7-praktiske-mater-a-bruke-geminis-nano-banana-pro-som-en-personlig-grafisk-designer\/#primaryimage"},"thumbnailUrl":"https:\/\/nordnesrepublikken.no\/wp-content\/uploads\/2025\/12\/1766541038_7-praktiske-mater-a-bruke-Geminis-Nano-Banana-Pro-som.jpg","keywords":["Banana","bruke","designer","Geminis","grafisk","m\u00e5ter","Nano","personlig","praktiske","Pro","som"],"articleSection":["Teknologi"],"inLanguage":"nb-NO"},{"@type":"WebPage","@id":"https:\/\/nordnesrepublikken.no\/index.php\/2025\/12\/24\/7-praktiske-mater-a-bruke-geminis-nano-banana-pro-som-en-personlig-grafisk-designer\/","url":"https:\/\/nordnesrepublikken.no\/index.php\/2025\/12\/24\/7-praktiske-mater-a-bruke-geminis-nano-banana-pro-som-en-personlig-grafisk-designer\/","name":"7 praktiske m\u00e5ter \u00e5 bruke Geminis Nano Banana Pro som en personlig grafisk designer - Nordnesrepublikken","isPartOf":{"@id":"https:\/\/nordnesrepublikken.no\/#website"},"primaryImageOfPage":{"@id":"https:\/\/nordnesrepublikken.no\/index.php\/2025\/12\/24\/7-praktiske-mater-a-bruke-geminis-nano-banana-pro-som-en-personlig-grafisk-designer\/#primaryimage"},"image":{"@id":"https:\/\/nordnesrepublikken.no\/index.php\/2025\/12\/24\/7-praktiske-mater-a-bruke-geminis-nano-banana-pro-som-en-personlig-grafisk-designer\/#primaryimage"},"thumbnailUrl":"https:\/\/nordnesrepublikken.no\/wp-content\/uploads\/2025\/12\/1766541038_7-praktiske-mater-a-bruke-Geminis-Nano-Banana-Pro-som.jpg","datePublished":"2025-12-24T01:50:38+00:00","dateModified":"2025-12-24T01:50:41+00:00","breadcrumb":{"@id":"https:\/\/nordnesrepublikken.no\/index.php\/2025\/12\/24\/7-praktiske-mater-a-bruke-geminis-nano-banana-pro-som-en-personlig-grafisk-designer\/#breadcrumb"},"inLanguage":"nb-NO","potentialAction":[{"@type":"ReadAction","target":["https:\/\/nordnesrepublikken.no\/index.php\/2025\/12\/24\/7-praktiske-mater-a-bruke-geminis-nano-banana-pro-som-en-personlig-grafisk-designer\/"]}]},{"@type":"ImageObject","inLanguage":"nb-NO","@id":"https:\/\/nordnesrepublikken.no\/index.php\/2025\/12\/24\/7-praktiske-mater-a-bruke-geminis-nano-banana-pro-som-en-personlig-grafisk-designer\/#primaryimage","url":"https:\/\/nordnesrepublikken.no\/wp-content\/uploads\/2025\/12\/1766541038_7-praktiske-mater-a-bruke-Geminis-Nano-Banana-Pro-som.jpg","contentUrl":"https:\/\/nordnesrepublikken.no\/wp-content\/uploads\/2025\/12\/1766541038_7-praktiske-mater-a-bruke-Geminis-Nano-Banana-Pro-som.jpg","width":2106,"height":1412,"caption":"7 praktiske m\u00e5ter \u00e5 bruke Geminis Nano Banana Pro som en personlig grafisk designer"},{"@type":"BreadcrumbList","@id":"https:\/\/nordnesrepublikken.no\/index.php\/2025\/12\/24\/7-praktiske-mater-a-bruke-geminis-nano-banana-pro-som-en-personlig-grafisk-designer\/#breadcrumb","itemListElement":[{"@type":"ListItem","position":1,"name":"Home","item":"https:\/\/nordnesrepublikken.no\/"},{"@type":"ListItem","position":2,"name":"7 praktiske m\u00e5ter \u00e5 bruke Geminis Nano Banana Pro som en personlig grafisk designer"}]},{"@type":"WebSite","@id":"https:\/\/nordnesrepublikken.no\/#website","url":"https:\/\/nordnesrepublikken.no\/","name":"Nordnesrepublikken","description":"Stemmer og Visjoner fra Republikkens Hjerte","publisher":{"@id":"https:\/\/nordnesrepublikken.no\/#organization"},"potentialAction":[{"@type":"SearchAction","target":{"@type":"EntryPoint","urlTemplate":"https:\/\/nordnesrepublikken.no\/?s={search_term_string}"},"query-input":{"@type":"PropertyValueSpecification","valueRequired":true,"valueName":"search_term_string"}}],"inLanguage":"nb-NO"},{"@type":"Organization","@id":"https:\/\/nordnesrepublikken.no\/#organization","name":"Nordnesrepublikken","url":"https:\/\/nordnesrepublikken.no\/","logo":{"@type":"ImageObject","inLanguage":"nb-NO","@id":"https:\/\/nordnesrepublikken.no\/#\/schema\/logo\/image\/","url":"https:\/\/nordnesrepublikken.no\/wp-content\/uploads\/2025\/02\/cropped-nordnesrepublikken-2.png","contentUrl":"https:\/\/nordnesrepublikken.no\/wp-content\/uploads\/2025\/02\/cropped-nordnesrepublikken-2.png","width":1248,"height":362,"caption":"Nordnesrepublikken"},"image":{"@id":"https:\/\/nordnesrepublikken.no\/#\/schema\/logo\/image\/"}},{"@type":"Person","@id":"https:\/\/nordnesrepublikken.no\/#\/schema\/person\/2e7e81935bab77882fffb79296240ff1","name":"Ole Andersen","image":{"@type":"ImageObject","inLanguage":"nb-NO","@id":"https:\/\/nordnesrepublikken.no\/#\/schema\/person\/image\/","url":"https:\/\/nordnesrepublikken.no\/wp-content\/uploads\/2025\/02\/nordnesrepublikken-2-2-150x150.jpg","contentUrl":"https:\/\/nordnesrepublikken.no\/wp-content\/uploads\/2025\/02\/nordnesrepublikken-2-2-150x150.jpg","caption":"Ole Andersen"},"description":"Ettersom jeg vokste opp i Oslo, har jeg alltid v\u00e6rt fascinert av ordenes kraft og deres evne til \u00e5 skape endringer. Etter \u00e5 ha fullf\u00f8rt min utdannelse i kommunikasjon ved Universitetet i Bergen, fikk jeg muligheten til \u00e5 jobbe innen ulike medier, der jeg har s\u00f8kt \u00e5 belyse viktige samfunnssp\u00f8rsm\u00e5l. I dag, som redakt\u00f8r for Nordnesrepublikken, pr\u00f8ver jeg \u00e5 forene min kj\u00e6rlighet for journalistikk med min lidenskap for innovasjon og eventyr.","sameAs":["https:\/\/nordnesrepublikken.no\/"]}]}},"_links":{"self":[{"href":"https:\/\/nordnesrepublikken.no\/index.php\/wp-json\/wp\/v2\/posts\/13150","targetHints":{"allow":["GET"]}}],"collection":[{"href":"https:\/\/nordnesrepublikken.no\/index.php\/wp-json\/wp\/v2\/posts"}],"about":[{"href":"https:\/\/nordnesrepublikken.no\/index.php\/wp-json\/wp\/v2\/types\/post"}],"author":[{"embeddable":true,"href":"https:\/\/nordnesrepublikken.no\/index.php\/wp-json\/wp\/v2\/users\/1"}],"replies":[{"embeddable":true,"href":"https:\/\/nordnesrepublikken.no\/index.php\/wp-json\/wp\/v2\/comments?post=13150"}],"version-history":[{"count":1,"href":"https:\/\/nordnesrepublikken.no\/index.php\/wp-json\/wp\/v2\/posts\/13150\/revisions"}],"predecessor-version":[{"id":13152,"href":"https:\/\/nordnesrepublikken.no\/index.php\/wp-json\/wp\/v2\/posts\/13150\/revisions\/13152"}],"wp:featuredmedia":[{"embeddable":true,"href":"https:\/\/nordnesrepublikken.no\/index.php\/wp-json\/wp\/v2\/media\/13151"}],"wp:attachment":[{"href":"https:\/\/nordnesrepublikken.no\/index.php\/wp-json\/wp\/v2\/media?parent=13150"}],"wp:term":[{"taxonomy":"category","embeddable":true,"href":"https:\/\/nordnesrepublikken.no\/index.php\/wp-json\/wp\/v2\/categories?post=13150"},{"taxonomy":"post_tag","embeddable":true,"href":"https:\/\/nordnesrepublikken.no\/index.php\/wp-json\/wp\/v2\/tags?post=13150"}],"curies":[{"name":"wp","href":"https:\/\/api.w.org\/{rel}","templated":true}]}}