{"id":13144,"date":"2025-12-24T00:51:17","date_gmt":"2025-12-23T23:51:17","guid":{"rendered":"https:\/\/nordnesrepublikken.no\/index.php\/2025\/12\/24\/elche-forbereder-seg-pa-at-den-levende-julekrybben-kommer-tilbake\/"},"modified":"2025-12-24T00:51:19","modified_gmt":"2025-12-23T23:51:19","slug":"elche-forbereder-seg-pa-at-den-levende-julekrybben-kommer-tilbake","status":"publish","type":"post","link":"https:\/\/nordnesrepublikken.no\/index.php\/2025\/12\/24\/elche-forbereder-seg-pa-at-den-levende-julekrybben-kommer-tilbake\/","title":{"rendered":"Elche forbereder seg p\u00e5 at den levende julekrybben kommer tilbake"},"content":{"rendered":"<p><\/p>\n<div class=\"wordpress-content\">\n                    <!-- Article Start --><\/p>\n<p><span style=\"font-weight: 400\">ELCHE-byr\u00e5det, gjennom sin avdeling for festligheter, samt Association of Residents of Elche, fullf\u00f8rer forberedelsene til innvielsen av den tradisjonelle Levende Nativity Scene, som er satt til \u00e5 gj\u00f8re comeback 25. desember, juledag, klokken 11:30 i Hort del Xocolater. Samlingen, som har blitt symbolsk for julesesongen i det skinnende Costa Blanca-knutepunktet, vil forvandle plassen til en historisk landsby, med aktiviteter ved siden av som innbyggerne kan delta i.<\/span><\/p>\n<h2>Et etterlengtet prosjekt med spennende nye tilskudd til \u00e5rets utgave<\/h2>\n<p><span style=\"font-weight: 400\">Nesten 45 personer fra beboerforeningen i Elche samarbeider om prosjektet i \u00e5r, for \u00e5 bringe den tradisjonelle julekrybben til live. Rekreasjonen, som krever enorm omsorg, innsats og oppmerksomhet p\u00e5 detaljer, fungerer som en m\u00e5te for innbyggerne i Elche \u00e5 fordype seg i historien til ikke bare julen, men byen deres, og har blitt en mark\u00f8r for h\u00f8ytiden i kommunen. <\/span><\/p>\n<p><span style=\"font-weight: 400\">I tillegg vil \u00e5rets scene inneholde flere nye tillegg; korte forestillinger vil bli lagt til visningen, dukker vil v\u00e6re tilgjengelig for barna \u00e5 leke med, den romerske leiren og Herodes palass vil bli utvidet, det vil v\u00e6re nye og praktiske workshops \u00e5 ta del i, og lokale og dyktige h\u00e5ndverkere vil jobbe med espartogress, keramikk og smedarbeid.<\/span><\/p>\n<div class=\"sra_unit\"><link rel=\"stylesheet\" id=\"block-sra\" href=\"https:\/\/euroweeklynews.com\/wp-content\/plugins\/snack-related-articles\/dist\/css\/snack-related.min.css?250312-193541\" type=\"text\/css\" media=\"all\">\n<\/div>\n<h2>Fjor\u00e5rets suksess: En festlig begivenhet som kombinerer skuespillerdyktighet og oppslukende historiefortelling<\/h2>\n<p><span style=\"font-weight: 400\">Elche&#8217;s Living Nativity Scene er en gratis og offentlig begivenhet, satt blant de <\/span><i><span style=\"font-weight: 400\">palmeral,<\/span><\/i><span style=\"font-weight: 400\">  eller palmelund, i Elche. Den gjenskaper livet i Betlehem rundt Jesu f\u00f8dsel med levende skuespillere, kostymer, periodescener og tematiske omr\u00e5der, inkludert en romersk leir, Herodes palass, marked, taverna og barnesone. <\/span><\/p>\n<p><span style=\"font-weight: 400\">Fjor\u00e5rets utgave, som ble holdt fra 25. desember 2024 til 6. januar 2025, inneholdt mer enn 40 personer fra Historical-Artistic Settlers Association of Elche, en lokal kulturell forening som promoterer historiske og teatralske gjenskapninger i byen, og skildret scener p\u00e5 tvers av flere omgivelser, inkludert Herodes&#8217; smedbutikk, en butikk, et marked, kastanjestativ, klesvask ved en fontene og den tradisjonelle krybben.<\/span><\/p>\n<p><span style=\"font-weight: 400\">Levende teaterrepresentasjoner ble det bankende hjertet i attraksjonen og ga turister og innbyggere en oppslukende opplevelse med juletema som satte Elches lokale skuespillertalenter i s\u00f8kelyset.<\/span><\/p>\n<p><span style=\"font-weight: 400\">Alt i alt gj\u00f8r Elche seg klar til \u00e5 \u00f8nske h\u00f8ytiden velkommen p\u00e5 en stor m\u00e5te, med denne spesielle og unike begivenheten som fremhever byens dedikasjon til skuespillkunsten og oppslukende historiefortelling. Med liveopptredener, planlagte arrangementer og en interaktiv konstruert verden, vil Elche&#8217;s Living Nativity-scener garantert v\u00e6re h\u00f8ytidens h\u00f8ydepunkt for mange lokale innbyggere.<\/span><\/p>\n<p>                    <!-- Originally published at https:\/\/euroweeklynews.com\/2025\/12\/17\/elche-prepares-for-the-return-of-its-living-nativity-scene\/ on 17 Dec 2025 at 14:42 by Natascha Rivera --><br \/>\n                    <!-- Article End -->\n                <\/div>\n","protected":false},"excerpt":{"rendered":"<p>ELCHE-byr\u00e5det, gjennom sin avdeling for festligheter, samt Association of Residents of Elche, fullf\u00f8rer forberedelsene til<\/p>\n","protected":false},"author":1,"featured_media":13145,"comment_status":"closed","ping_status":"open","sticky":false,"template":"","format":"standard","meta":{"footnotes":""},"categories":[105],"tags":[74,8657,4025,8658,1046,2652,81,96,825],"class_list":["post-13144","post","type-post","status-publish","format-standard","has-post-thumbnail","hentry","category-livsstil","tag-den","tag-elche","tag-forbereder","tag-julekrybben","tag-kommer","tag-levende","tag-pa","tag-seg","tag-tilbake","generate-columns","tablet-grid-50","mobile-grid-100","grid-parent","grid-33","resize-featured-image"],"yoast_head":"<!-- This site is optimized with the Yoast SEO plugin v24.4 - https:\/\/yoast.com\/wordpress\/plugins\/seo\/ -->\n<title>Elche forbereder seg p\u00e5 at den levende julekrybben kommer tilbake - Nordnesrepublikken<\/title>\n<meta name=\"robots\" content=\"index, follow, max-snippet:-1, max-image-preview:large, max-video-preview:-1\" \/>\n<link rel=\"canonical\" href=\"https:\/\/nordnesrepublikken.no\/index.php\/2025\/12\/24\/elche-forbereder-seg-pa-at-den-levende-julekrybben-kommer-tilbake\/\" \/>\n<meta property=\"og:locale\" content=\"nb_NO\" \/>\n<meta property=\"og:type\" content=\"article\" \/>\n<meta property=\"og:title\" content=\"Elche forbereder seg p\u00e5 at den levende julekrybben kommer tilbake - Nordnesrepublikken\" \/>\n<meta property=\"og:description\" content=\"ELCHE-byr\u00e5det, gjennom sin avdeling for festligheter, samt Association of Residents of Elche, fullf\u00f8rer forberedelsene til\" \/>\n<meta property=\"og:url\" content=\"https:\/\/nordnesrepublikken.no\/index.php\/2025\/12\/24\/elche-forbereder-seg-pa-at-den-levende-julekrybben-kommer-tilbake\/\" \/>\n<meta property=\"og:site_name\" content=\"Nordnesrepublikken\" \/>\n<meta property=\"article:published_time\" content=\"2025-12-23T23:51:17+00:00\" \/>\n<meta property=\"article:modified_time\" content=\"2025-12-23T23:51:19+00:00\" \/>\n<meta property=\"og:image\" content=\"https:\/\/nordnesrepublikken.no\/wp-content\/uploads\/2025\/12\/1766533878_Elche-forbereder-seg-pa-at-den-levende-julekrybben-kommer-tilbake.jpg\" \/>\n\t<meta property=\"og:image:width\" content=\"1170\" \/>\n\t<meta property=\"og:image:height\" content=\"659\" \/>\n\t<meta property=\"og:image:type\" content=\"image\/jpeg\" \/>\n<meta name=\"author\" content=\"Ole Andersen\" \/>\n<meta name=\"twitter:card\" content=\"summary_large_image\" \/>\n<meta name=\"twitter:label1\" content=\"Skrevet av\" \/>\n\t<meta name=\"twitter:data1\" content=\"Ole Andersen\" \/>\n\t<meta name=\"twitter:label2\" content=\"Ansl. lesetid\" \/>\n\t<meta name=\"twitter:data2\" content=\"2 minutter\" \/>\n<script type=\"application\/ld+json\" class=\"yoast-schema-graph\">{\"@context\":\"https:\/\/schema.org\",\"@graph\":[{\"@type\":\"Article\",\"@id\":\"https:\/\/nordnesrepublikken.no\/index.php\/2025\/12\/24\/elche-forbereder-seg-pa-at-den-levende-julekrybben-kommer-tilbake\/#article\",\"isPartOf\":{\"@id\":\"https:\/\/nordnesrepublikken.no\/index.php\/2025\/12\/24\/elche-forbereder-seg-pa-at-den-levende-julekrybben-kommer-tilbake\/\"},\"author\":{\"name\":\"Ole Andersen\",\"@id\":\"https:\/\/nordnesrepublikken.no\/#\/schema\/person\/2e7e81935bab77882fffb79296240ff1\"},\"headline\":\"Elche forbereder seg p\u00e5 at den levende julekrybben kommer tilbake\",\"datePublished\":\"2025-12-23T23:51:17+00:00\",\"dateModified\":\"2025-12-23T23:51:19+00:00\",\"mainEntityOfPage\":{\"@id\":\"https:\/\/nordnesrepublikken.no\/index.php\/2025\/12\/24\/elche-forbereder-seg-pa-at-den-levende-julekrybben-kommer-tilbake\/\"},\"wordCount\":403,\"publisher\":{\"@id\":\"https:\/\/nordnesrepublikken.no\/#organization\"},\"image\":{\"@id\":\"https:\/\/nordnesrepublikken.no\/index.php\/2025\/12\/24\/elche-forbereder-seg-pa-at-den-levende-julekrybben-kommer-tilbake\/#primaryimage\"},\"thumbnailUrl\":\"https:\/\/nordnesrepublikken.no\/wp-content\/uploads\/2025\/12\/1766533878_Elche-forbereder-seg-pa-at-den-levende-julekrybben-kommer-tilbake.jpg\",\"keywords\":[\"den\",\"Elche\",\"forbereder\",\"julekrybben\",\"kommer\",\"levende\",\"p\u00e5\",\"seg\",\"tilbake\"],\"articleSection\":[\"Livsstil\"],\"inLanguage\":\"nb-NO\"},{\"@type\":\"WebPage\",\"@id\":\"https:\/\/nordnesrepublikken.no\/index.php\/2025\/12\/24\/elche-forbereder-seg-pa-at-den-levende-julekrybben-kommer-tilbake\/\",\"url\":\"https:\/\/nordnesrepublikken.no\/index.php\/2025\/12\/24\/elche-forbereder-seg-pa-at-den-levende-julekrybben-kommer-tilbake\/\",\"name\":\"Elche forbereder seg p\u00e5 at den levende julekrybben kommer tilbake - Nordnesrepublikken\",\"isPartOf\":{\"@id\":\"https:\/\/nordnesrepublikken.no\/#website\"},\"primaryImageOfPage\":{\"@id\":\"https:\/\/nordnesrepublikken.no\/index.php\/2025\/12\/24\/elche-forbereder-seg-pa-at-den-levende-julekrybben-kommer-tilbake\/#primaryimage\"},\"image\":{\"@id\":\"https:\/\/nordnesrepublikken.no\/index.php\/2025\/12\/24\/elche-forbereder-seg-pa-at-den-levende-julekrybben-kommer-tilbake\/#primaryimage\"},\"thumbnailUrl\":\"https:\/\/nordnesrepublikken.no\/wp-content\/uploads\/2025\/12\/1766533878_Elche-forbereder-seg-pa-at-den-levende-julekrybben-kommer-tilbake.jpg\",\"datePublished\":\"2025-12-23T23:51:17+00:00\",\"dateModified\":\"2025-12-23T23:51:19+00:00\",\"breadcrumb\":{\"@id\":\"https:\/\/nordnesrepublikken.no\/index.php\/2025\/12\/24\/elche-forbereder-seg-pa-at-den-levende-julekrybben-kommer-tilbake\/#breadcrumb\"},\"inLanguage\":\"nb-NO\",\"potentialAction\":[{\"@type\":\"ReadAction\",\"target\":[\"https:\/\/nordnesrepublikken.no\/index.php\/2025\/12\/24\/elche-forbereder-seg-pa-at-den-levende-julekrybben-kommer-tilbake\/\"]}]},{\"@type\":\"ImageObject\",\"inLanguage\":\"nb-NO\",\"@id\":\"https:\/\/nordnesrepublikken.no\/index.php\/2025\/12\/24\/elche-forbereder-seg-pa-at-den-levende-julekrybben-kommer-tilbake\/#primaryimage\",\"url\":\"https:\/\/nordnesrepublikken.no\/wp-content\/uploads\/2025\/12\/1766533878_Elche-forbereder-seg-pa-at-den-levende-julekrybben-kommer-tilbake.jpg\",\"contentUrl\":\"https:\/\/nordnesrepublikken.no\/wp-content\/uploads\/2025\/12\/1766533878_Elche-forbereder-seg-pa-at-den-levende-julekrybben-kommer-tilbake.jpg\",\"width\":1170,\"height\":659,\"caption\":\"Elche forbereder seg p\u00e5 at den levende julekrybben kommer tilbake\"},{\"@type\":\"BreadcrumbList\",\"@id\":\"https:\/\/nordnesrepublikken.no\/index.php\/2025\/12\/24\/elche-forbereder-seg-pa-at-den-levende-julekrybben-kommer-tilbake\/#breadcrumb\",\"itemListElement\":[{\"@type\":\"ListItem\",\"position\":1,\"name\":\"Home\",\"item\":\"https:\/\/nordnesrepublikken.no\/\"},{\"@type\":\"ListItem\",\"position\":2,\"name\":\"Elche forbereder seg p\u00e5 at den levende julekrybben kommer tilbake\"}]},{\"@type\":\"WebSite\",\"@id\":\"https:\/\/nordnesrepublikken.no\/#website\",\"url\":\"https:\/\/nordnesrepublikken.no\/\",\"name\":\"Nordnesrepublikken\",\"description\":\"Stemmer og Visjoner fra Republikkens Hjerte\",\"publisher\":{\"@id\":\"https:\/\/nordnesrepublikken.no\/#organization\"},\"potentialAction\":[{\"@type\":\"SearchAction\",\"target\":{\"@type\":\"EntryPoint\",\"urlTemplate\":\"https:\/\/nordnesrepublikken.no\/?s={search_term_string}\"},\"query-input\":{\"@type\":\"PropertyValueSpecification\",\"valueRequired\":true,\"valueName\":\"search_term_string\"}}],\"inLanguage\":\"nb-NO\"},{\"@type\":\"Organization\",\"@id\":\"https:\/\/nordnesrepublikken.no\/#organization\",\"name\":\"Nordnesrepublikken\",\"url\":\"https:\/\/nordnesrepublikken.no\/\",\"logo\":{\"@type\":\"ImageObject\",\"inLanguage\":\"nb-NO\",\"@id\":\"https:\/\/nordnesrepublikken.no\/#\/schema\/logo\/image\/\",\"url\":\"https:\/\/nordnesrepublikken.no\/wp-content\/uploads\/2025\/02\/cropped-nordnesrepublikken-2.png\",\"contentUrl\":\"https:\/\/nordnesrepublikken.no\/wp-content\/uploads\/2025\/02\/cropped-nordnesrepublikken-2.png\",\"width\":1248,\"height\":362,\"caption\":\"Nordnesrepublikken\"},\"image\":{\"@id\":\"https:\/\/nordnesrepublikken.no\/#\/schema\/logo\/image\/\"}},{\"@type\":\"Person\",\"@id\":\"https:\/\/nordnesrepublikken.no\/#\/schema\/person\/2e7e81935bab77882fffb79296240ff1\",\"name\":\"Ole Andersen\",\"image\":{\"@type\":\"ImageObject\",\"inLanguage\":\"nb-NO\",\"@id\":\"https:\/\/nordnesrepublikken.no\/#\/schema\/person\/image\/\",\"url\":\"https:\/\/nordnesrepublikken.no\/wp-content\/uploads\/2025\/02\/nordnesrepublikken-2-2-150x150.jpg\",\"contentUrl\":\"https:\/\/nordnesrepublikken.no\/wp-content\/uploads\/2025\/02\/nordnesrepublikken-2-2-150x150.jpg\",\"caption\":\"Ole Andersen\"},\"description\":\"Ettersom jeg vokste opp i Oslo, har jeg alltid v\u00e6rt fascinert av ordenes kraft og deres evne til \u00e5 skape endringer. Etter \u00e5 ha fullf\u00f8rt min utdannelse i kommunikasjon ved Universitetet i Bergen, fikk jeg muligheten til \u00e5 jobbe innen ulike medier, der jeg har s\u00f8kt \u00e5 belyse viktige samfunnssp\u00f8rsm\u00e5l. I dag, som redakt\u00f8r for Nordnesrepublikken, pr\u00f8ver jeg \u00e5 forene min kj\u00e6rlighet for journalistikk med min lidenskap for innovasjon og eventyr.\",\"sameAs\":[\"https:\/\/nordnesrepublikken.no\/\"]}]}<\/script>\n<!-- \/ Yoast SEO plugin. -->","yoast_head_json":{"title":"Elche forbereder seg p\u00e5 at den levende julekrybben kommer tilbake - Nordnesrepublikken","robots":{"index":"index","follow":"follow","max-snippet":"max-snippet:-1","max-image-preview":"max-image-preview:large","max-video-preview":"max-video-preview:-1"},"canonical":"https:\/\/nordnesrepublikken.no\/index.php\/2025\/12\/24\/elche-forbereder-seg-pa-at-den-levende-julekrybben-kommer-tilbake\/","og_locale":"nb_NO","og_type":"article","og_title":"Elche forbereder seg p\u00e5 at den levende julekrybben kommer tilbake - Nordnesrepublikken","og_description":"ELCHE-byr\u00e5det, gjennom sin avdeling for festligheter, samt Association of Residents of Elche, fullf\u00f8rer forberedelsene til","og_url":"https:\/\/nordnesrepublikken.no\/index.php\/2025\/12\/24\/elche-forbereder-seg-pa-at-den-levende-julekrybben-kommer-tilbake\/","og_site_name":"Nordnesrepublikken","article_published_time":"2025-12-23T23:51:17+00:00","article_modified_time":"2025-12-23T23:51:19+00:00","og_image":[{"width":1170,"height":659,"url":"https:\/\/nordnesrepublikken.no\/wp-content\/uploads\/2025\/12\/1766533878_Elche-forbereder-seg-pa-at-den-levende-julekrybben-kommer-tilbake.jpg","type":"image\/jpeg"}],"author":"Ole Andersen","twitter_card":"summary_large_image","twitter_misc":{"Skrevet av":"Ole Andersen","Ansl. lesetid":"2 minutter"},"schema":{"@context":"https:\/\/schema.org","@graph":[{"@type":"Article","@id":"https:\/\/nordnesrepublikken.no\/index.php\/2025\/12\/24\/elche-forbereder-seg-pa-at-den-levende-julekrybben-kommer-tilbake\/#article","isPartOf":{"@id":"https:\/\/nordnesrepublikken.no\/index.php\/2025\/12\/24\/elche-forbereder-seg-pa-at-den-levende-julekrybben-kommer-tilbake\/"},"author":{"name":"Ole Andersen","@id":"https:\/\/nordnesrepublikken.no\/#\/schema\/person\/2e7e81935bab77882fffb79296240ff1"},"headline":"Elche forbereder seg p\u00e5 at den levende julekrybben kommer tilbake","datePublished":"2025-12-23T23:51:17+00:00","dateModified":"2025-12-23T23:51:19+00:00","mainEntityOfPage":{"@id":"https:\/\/nordnesrepublikken.no\/index.php\/2025\/12\/24\/elche-forbereder-seg-pa-at-den-levende-julekrybben-kommer-tilbake\/"},"wordCount":403,"publisher":{"@id":"https:\/\/nordnesrepublikken.no\/#organization"},"image":{"@id":"https:\/\/nordnesrepublikken.no\/index.php\/2025\/12\/24\/elche-forbereder-seg-pa-at-den-levende-julekrybben-kommer-tilbake\/#primaryimage"},"thumbnailUrl":"https:\/\/nordnesrepublikken.no\/wp-content\/uploads\/2025\/12\/1766533878_Elche-forbereder-seg-pa-at-den-levende-julekrybben-kommer-tilbake.jpg","keywords":["den","Elche","forbereder","julekrybben","kommer","levende","p\u00e5","seg","tilbake"],"articleSection":["Livsstil"],"inLanguage":"nb-NO"},{"@type":"WebPage","@id":"https:\/\/nordnesrepublikken.no\/index.php\/2025\/12\/24\/elche-forbereder-seg-pa-at-den-levende-julekrybben-kommer-tilbake\/","url":"https:\/\/nordnesrepublikken.no\/index.php\/2025\/12\/24\/elche-forbereder-seg-pa-at-den-levende-julekrybben-kommer-tilbake\/","name":"Elche forbereder seg p\u00e5 at den levende julekrybben kommer tilbake - Nordnesrepublikken","isPartOf":{"@id":"https:\/\/nordnesrepublikken.no\/#website"},"primaryImageOfPage":{"@id":"https:\/\/nordnesrepublikken.no\/index.php\/2025\/12\/24\/elche-forbereder-seg-pa-at-den-levende-julekrybben-kommer-tilbake\/#primaryimage"},"image":{"@id":"https:\/\/nordnesrepublikken.no\/index.php\/2025\/12\/24\/elche-forbereder-seg-pa-at-den-levende-julekrybben-kommer-tilbake\/#primaryimage"},"thumbnailUrl":"https:\/\/nordnesrepublikken.no\/wp-content\/uploads\/2025\/12\/1766533878_Elche-forbereder-seg-pa-at-den-levende-julekrybben-kommer-tilbake.jpg","datePublished":"2025-12-23T23:51:17+00:00","dateModified":"2025-12-23T23:51:19+00:00","breadcrumb":{"@id":"https:\/\/nordnesrepublikken.no\/index.php\/2025\/12\/24\/elche-forbereder-seg-pa-at-den-levende-julekrybben-kommer-tilbake\/#breadcrumb"},"inLanguage":"nb-NO","potentialAction":[{"@type":"ReadAction","target":["https:\/\/nordnesrepublikken.no\/index.php\/2025\/12\/24\/elche-forbereder-seg-pa-at-den-levende-julekrybben-kommer-tilbake\/"]}]},{"@type":"ImageObject","inLanguage":"nb-NO","@id":"https:\/\/nordnesrepublikken.no\/index.php\/2025\/12\/24\/elche-forbereder-seg-pa-at-den-levende-julekrybben-kommer-tilbake\/#primaryimage","url":"https:\/\/nordnesrepublikken.no\/wp-content\/uploads\/2025\/12\/1766533878_Elche-forbereder-seg-pa-at-den-levende-julekrybben-kommer-tilbake.jpg","contentUrl":"https:\/\/nordnesrepublikken.no\/wp-content\/uploads\/2025\/12\/1766533878_Elche-forbereder-seg-pa-at-den-levende-julekrybben-kommer-tilbake.jpg","width":1170,"height":659,"caption":"Elche forbereder seg p\u00e5 at den levende julekrybben kommer tilbake"},{"@type":"BreadcrumbList","@id":"https:\/\/nordnesrepublikken.no\/index.php\/2025\/12\/24\/elche-forbereder-seg-pa-at-den-levende-julekrybben-kommer-tilbake\/#breadcrumb","itemListElement":[{"@type":"ListItem","position":1,"name":"Home","item":"https:\/\/nordnesrepublikken.no\/"},{"@type":"ListItem","position":2,"name":"Elche forbereder seg p\u00e5 at den levende julekrybben kommer tilbake"}]},{"@type":"WebSite","@id":"https:\/\/nordnesrepublikken.no\/#website","url":"https:\/\/nordnesrepublikken.no\/","name":"Nordnesrepublikken","description":"Stemmer og Visjoner fra Republikkens Hjerte","publisher":{"@id":"https:\/\/nordnesrepublikken.no\/#organization"},"potentialAction":[{"@type":"SearchAction","target":{"@type":"EntryPoint","urlTemplate":"https:\/\/nordnesrepublikken.no\/?s={search_term_string}"},"query-input":{"@type":"PropertyValueSpecification","valueRequired":true,"valueName":"search_term_string"}}],"inLanguage":"nb-NO"},{"@type":"Organization","@id":"https:\/\/nordnesrepublikken.no\/#organization","name":"Nordnesrepublikken","url":"https:\/\/nordnesrepublikken.no\/","logo":{"@type":"ImageObject","inLanguage":"nb-NO","@id":"https:\/\/nordnesrepublikken.no\/#\/schema\/logo\/image\/","url":"https:\/\/nordnesrepublikken.no\/wp-content\/uploads\/2025\/02\/cropped-nordnesrepublikken-2.png","contentUrl":"https:\/\/nordnesrepublikken.no\/wp-content\/uploads\/2025\/02\/cropped-nordnesrepublikken-2.png","width":1248,"height":362,"caption":"Nordnesrepublikken"},"image":{"@id":"https:\/\/nordnesrepublikken.no\/#\/schema\/logo\/image\/"}},{"@type":"Person","@id":"https:\/\/nordnesrepublikken.no\/#\/schema\/person\/2e7e81935bab77882fffb79296240ff1","name":"Ole Andersen","image":{"@type":"ImageObject","inLanguage":"nb-NO","@id":"https:\/\/nordnesrepublikken.no\/#\/schema\/person\/image\/","url":"https:\/\/nordnesrepublikken.no\/wp-content\/uploads\/2025\/02\/nordnesrepublikken-2-2-150x150.jpg","contentUrl":"https:\/\/nordnesrepublikken.no\/wp-content\/uploads\/2025\/02\/nordnesrepublikken-2-2-150x150.jpg","caption":"Ole Andersen"},"description":"Ettersom jeg vokste opp i Oslo, har jeg alltid v\u00e6rt fascinert av ordenes kraft og deres evne til \u00e5 skape endringer. Etter \u00e5 ha fullf\u00f8rt min utdannelse i kommunikasjon ved Universitetet i Bergen, fikk jeg muligheten til \u00e5 jobbe innen ulike medier, der jeg har s\u00f8kt \u00e5 belyse viktige samfunnssp\u00f8rsm\u00e5l. I dag, som redakt\u00f8r for Nordnesrepublikken, pr\u00f8ver jeg \u00e5 forene min kj\u00e6rlighet for journalistikk med min lidenskap for innovasjon og eventyr.","sameAs":["https:\/\/nordnesrepublikken.no\/"]}]}},"_links":{"self":[{"href":"https:\/\/nordnesrepublikken.no\/index.php\/wp-json\/wp\/v2\/posts\/13144","targetHints":{"allow":["GET"]}}],"collection":[{"href":"https:\/\/nordnesrepublikken.no\/index.php\/wp-json\/wp\/v2\/posts"}],"about":[{"href":"https:\/\/nordnesrepublikken.no\/index.php\/wp-json\/wp\/v2\/types\/post"}],"author":[{"embeddable":true,"href":"https:\/\/nordnesrepublikken.no\/index.php\/wp-json\/wp\/v2\/users\/1"}],"replies":[{"embeddable":true,"href":"https:\/\/nordnesrepublikken.no\/index.php\/wp-json\/wp\/v2\/comments?post=13144"}],"version-history":[{"count":1,"href":"https:\/\/nordnesrepublikken.no\/index.php\/wp-json\/wp\/v2\/posts\/13144\/revisions"}],"predecessor-version":[{"id":13146,"href":"https:\/\/nordnesrepublikken.no\/index.php\/wp-json\/wp\/v2\/posts\/13144\/revisions\/13146"}],"wp:featuredmedia":[{"embeddable":true,"href":"https:\/\/nordnesrepublikken.no\/index.php\/wp-json\/wp\/v2\/media\/13145"}],"wp:attachment":[{"href":"https:\/\/nordnesrepublikken.no\/index.php\/wp-json\/wp\/v2\/media?parent=13144"}],"wp:term":[{"taxonomy":"category","embeddable":true,"href":"https:\/\/nordnesrepublikken.no\/index.php\/wp-json\/wp\/v2\/categories?post=13144"},{"taxonomy":"post_tag","embeddable":true,"href":"https:\/\/nordnesrepublikken.no\/index.php\/wp-json\/wp\/v2\/tags?post=13144"}],"curies":[{"name":"wp","href":"https:\/\/api.w.org\/{rel}","templated":true}]}}