{"id":13141,"date":"2025-12-23T22:52:31","date_gmt":"2025-12-23T21:52:31","guid":{"rendered":"https:\/\/nordnesrepublikken.no\/index.php\/2025\/12\/23\/japan-gjenapner-kashiwazaki-kariwa-det-storste-atomkraftverket-i-verden-15-ar-etter-fukushima\/"},"modified":"2025-12-23T22:52:32","modified_gmt":"2025-12-23T21:52:32","slug":"japan-gjenapner-kashiwazaki-kariwa-det-storste-atomkraftverket-i-verden-15-ar-etter-fukushima","status":"publish","type":"post","link":"https:\/\/nordnesrepublikken.no\/index.php\/2025\/12\/23\/japan-gjenapner-kashiwazaki-kariwa-det-storste-atomkraftverket-i-verden-15-ar-etter-fukushima\/","title":{"rendered":"Japan gjen\u00e5pner Kashiwazaki-Kariwa, det st\u00f8rste atomkraftverket i verden, 15 \u00e5r etter Fukushima"},"content":{"rendered":"<div>\n<div class=\"cp_wrapper cp_wrapper--fw mb-30 mb-20@tablet\">\n<figure class=\"mm\"><picture class=\"img\" style=\"padding-top:56.25%\"><source  media=\"(min-width: 1024px)\"><source  media=\"(min-width: 768px)\"><\/source><\/source><\/picture><\/figure>\n<\/p><\/div>\n<p>De <strong>Japan<\/strong> bekreftet gjen\u00e5pningen av <strong>kjernekraftverk<\/strong> Av <strong>Kashiwazaki-Kariwa<\/strong>den st\u00f8rste i verden, nesten 15 \u00e5r etter jordskjelvet med styrke 8,9 i Fukushima \u2013 og den resulterende tsunamien \u2013 som f\u00f8rte til at myndighetene stoppet det. I f\u00f8lge det som ble rapportert av den japanske kringkasteren NHK, inneb\u00e6rer avgj\u00f8relsen, godkjent av parlamentet i Niigata-prefekturen, \u00e5 sette <strong>reaktor nr. 6 er i drift<\/strong> ved<strong> 20. januar<\/strong> 2026. Da vil anlegget offisielt bli det f\u00f8rste atomkraftverket som drives av <em>Tokyo Electric Power Company<\/em> (TEPCO) for \u00e5 gjenoppta driften etter Fukushima-atomkatastrofen.<\/p>\n<p>Kashiwazaki-Kariwa kjernekraftverk ligger p\u00e5 hoved\u00f8ya i Japan, Honshu, omtrent 300 km fra Tokyo: det er et av<strong> 54 reaktorer stengte etter jordskjelvet i 2011<\/strong>som for\u00e5rsaket Fukushima-katastrofen. Siden den gang har Japan restartet bare 14 atomreaktorer som fortsatt er i drift, da de fors\u00f8ker \u00e5 redusere sin avhengighet av fossilt brensel.<\/p>\n<h2>Fordi Kashiwazaki-Kariwa-anlegget var stengt<\/h2>\n<p>I virkeligheten led atomkraftverket Kashiwazaki-Kariwa flere i god tid f\u00f8r 2011, b\u00e5de knyttet til noen tekniske vanskeligheter, men fremfor alt p\u00e5 grunn av <strong>mange jordskjelv<\/strong> som skjedde i omr\u00e5det. Spesielt i oktober 2004 ble Niigata Prefecture rammet av en <strong>Jordskjelv med styrke 6,9:<\/strong> til tross for intensiteten av jordskjelvet, ved den anledningen anlegget <strong>gjorde motstand<\/strong> veldig bra, med bare \u00e9n reaktor midlertidig stoppet etter et etterskjelv som aktiverte n\u00f8dsystemet.<\/p>\n<p>I juli 2007, men<strong> et jordskjelv med en styrke p\u00e5 6,6 med episenter i Ch\u016betsu<\/strong> for\u00e5rsaket flere <strong>skader<\/strong> til kraftverket, inkludert en alvorlig brann i en av de elektriske generatorene og lekkasjer av radioaktivt materiale, selv om det er ekstremt begrenset: i det \u00f8yeblikket ble anlegget midlertidig stengt, slik at det kunne gjennomg\u00e5 n\u00f8dvendige reparasjoner.<\/p>\n<p>Vendepunktet var nettopp i 2011, da<strong> Fukushima-katastrofen<\/strong> presset japanske myndigheter til \u00e5 blokkere 54 kraftverk over hele landet. Etter ulykken gjennomf\u00f8rte Det internasjonale atomenergibyr\u00e5et (IAEA) en grundig inspeksjon av Kashiwazaki-Kariwa-anlegget, og bekreftet at anlegget ikke hadde f\u00e5tt noen skade: i 2017 hadde den japanske kjernefysiske reguleringsmyndigheten <strong>erkl\u00e6rt reaktor 6 og 7 sikre<\/strong>som sikrer overholdelse av de strengeste sikkerhetsstandardene som ble introdusert etter Fukushima-katastrofen.<\/p>\n<p>Ikke desto mindre tok det nesten 15 \u00e5r \u00e5 f\u00e5 godkjenning for gjen\u00e5pningen, takket v\u00e6re <strong>sikkerhetshensyn<\/strong> og den sterke <strong>folkelig opposisjon.<\/strong><\/p>\n<h2>Egenskapene til det st\u00f8rste atomkraftverket i verden<\/h2>\n<p>Som forventet er atomkraftverket Kashiwazaki-Kariwa det st\u00f8rste i verden: det hever seg over <strong>et omr\u00e5de p\u00e5 4,2 km<sup>2<\/sup><\/strong>som ligger mellom byene Kashiwazaki og Kariwa i Niigata Prefecture, p\u00e5 kysten av <strong>Japans hav<\/strong>. I drift kan anlegget generere 8 212 MW kraft, og levere str\u00f8m til omtrent 16 millioner hjem (nesten halvparten av italienske hjem, if\u00f8lge de siste ISTAT-dataene).<\/p>\n<p>Samlet sett er kraftstasjonen utstyrt med <strong>syv reaktorer<\/strong>: fem reaktorer av <strong>2<sup>til<\/sup> BWR type generasjon<\/strong> (Boiling Water Reactor), som produserer <strong>1.100 MW hver<\/strong>og to reaktorer p\u00e5 3<sup>til<\/sup> generasjon <strong>ABWR<\/strong> (Advanced Boiling Water Reactor), som de produserer <strong>1.356 MW<\/strong> hver, den f\u00f8rste i sitt slag som ble installert hvor som helst i verden.<\/p>\n<\/p><\/div>\n","protected":false},"excerpt":{"rendered":"<p>De Japan bekreftet gjen\u00e5pningen av kjernekraftverk Av Kashiwazaki-Kariwaden st\u00f8rste i verden, nesten 15 \u00e5r etter<\/p>\n","protected":false},"author":1,"featured_media":13142,"comment_status":"closed","ping_status":"open","sticky":false,"template":"","format":"standard","meta":{"footnotes":""},"categories":[26],"tags":[595,906,66,92,8656,4758,772,8655,349,598],"class_list":["post-13141","post","type-post","status-publish","format-standard","has-post-thumbnail","hentry","category-miljo","tag-ar","tag-atomkraftverket","tag-det","tag-etter","tag-fukushima","tag-gjenapner","tag-japan","tag-kashiwazakikariwa","tag-storste","tag-verden","generate-columns","tablet-grid-50","mobile-grid-100","grid-parent","grid-33","resize-featured-image"],"yoast_head":"<!-- This site is optimized with the Yoast SEO plugin v24.4 - https:\/\/yoast.com\/wordpress\/plugins\/seo\/ -->\n<title>Japan gjen\u00e5pner Kashiwazaki-Kariwa, det st\u00f8rste atomkraftverket i verden, 15 \u00e5r etter Fukushima - Nordnesrepublikken<\/title>\n<meta name=\"robots\" content=\"index, follow, max-snippet:-1, max-image-preview:large, max-video-preview:-1\" \/>\n<link rel=\"canonical\" href=\"https:\/\/nordnesrepublikken.no\/index.php\/2025\/12\/23\/japan-gjenapner-kashiwazaki-kariwa-det-storste-atomkraftverket-i-verden-15-ar-etter-fukushima\/\" \/>\n<meta property=\"og:locale\" content=\"nb_NO\" \/>\n<meta property=\"og:type\" content=\"article\" \/>\n<meta property=\"og:title\" content=\"Japan gjen\u00e5pner Kashiwazaki-Kariwa, det st\u00f8rste atomkraftverket i verden, 15 \u00e5r etter Fukushima - Nordnesrepublikken\" \/>\n<meta property=\"og:description\" content=\"De Japan bekreftet gjen\u00e5pningen av kjernekraftverk Av Kashiwazaki-Kariwaden st\u00f8rste i verden, nesten 15 \u00e5r etter\" \/>\n<meta property=\"og:url\" content=\"https:\/\/nordnesrepublikken.no\/index.php\/2025\/12\/23\/japan-gjenapner-kashiwazaki-kariwa-det-storste-atomkraftverket-i-verden-15-ar-etter-fukushima\/\" \/>\n<meta property=\"og:site_name\" content=\"Nordnesrepublikken\" \/>\n<meta property=\"article:published_time\" content=\"2025-12-23T21:52:31+00:00\" \/>\n<meta property=\"article:modified_time\" content=\"2025-12-23T21:52:32+00:00\" \/>\n<meta property=\"og:image\" content=\"https:\/\/nordnesrepublikken.no\/wp-content\/uploads\/2025\/12\/1766526752_Japan-gjenapner-Kashiwazaki-Kariwa-det-storste-atomkraftverket-i-verden-15-ar.jpg\" \/>\n\t<meta property=\"og:image:width\" content=\"1200\" \/>\n\t<meta property=\"og:image:height\" content=\"720\" \/>\n\t<meta property=\"og:image:type\" content=\"image\/jpeg\" \/>\n<meta name=\"author\" content=\"Ole Andersen\" \/>\n<meta name=\"twitter:card\" content=\"summary_large_image\" \/>\n<meta name=\"twitter:label1\" content=\"Skrevet av\" \/>\n\t<meta name=\"twitter:data1\" content=\"Ole Andersen\" \/>\n\t<meta name=\"twitter:label2\" content=\"Ansl. lesetid\" \/>\n\t<meta name=\"twitter:data2\" content=\"2 minutter\" \/>\n<script type=\"application\/ld+json\" class=\"yoast-schema-graph\">{\"@context\":\"https:\/\/schema.org\",\"@graph\":[{\"@type\":\"Article\",\"@id\":\"https:\/\/nordnesrepublikken.no\/index.php\/2025\/12\/23\/japan-gjenapner-kashiwazaki-kariwa-det-storste-atomkraftverket-i-verden-15-ar-etter-fukushima\/#article\",\"isPartOf\":{\"@id\":\"https:\/\/nordnesrepublikken.no\/index.php\/2025\/12\/23\/japan-gjenapner-kashiwazaki-kariwa-det-storste-atomkraftverket-i-verden-15-ar-etter-fukushima\/\"},\"author\":{\"name\":\"Ole Andersen\",\"@id\":\"https:\/\/nordnesrepublikken.no\/#\/schema\/person\/2e7e81935bab77882fffb79296240ff1\"},\"headline\":\"Japan gjen\u00e5pner Kashiwazaki-Kariwa, det st\u00f8rste atomkraftverket i verden, 15 \u00e5r etter Fukushima\",\"datePublished\":\"2025-12-23T21:52:31+00:00\",\"dateModified\":\"2025-12-23T21:52:32+00:00\",\"mainEntityOfPage\":{\"@id\":\"https:\/\/nordnesrepublikken.no\/index.php\/2025\/12\/23\/japan-gjenapner-kashiwazaki-kariwa-det-storste-atomkraftverket-i-verden-15-ar-etter-fukushima\/\"},\"wordCount\":476,\"publisher\":{\"@id\":\"https:\/\/nordnesrepublikken.no\/#organization\"},\"image\":{\"@id\":\"https:\/\/nordnesrepublikken.no\/index.php\/2025\/12\/23\/japan-gjenapner-kashiwazaki-kariwa-det-storste-atomkraftverket-i-verden-15-ar-etter-fukushima\/#primaryimage\"},\"thumbnailUrl\":\"https:\/\/nordnesrepublikken.no\/wp-content\/uploads\/2025\/12\/1766526752_Japan-gjenapner-Kashiwazaki-Kariwa-det-storste-atomkraftverket-i-verden-15-ar.jpg\",\"keywords\":[\"\u00e5r\",\"atomkraftverket\",\"Det\",\"Etter\",\"Fukushima\",\"gjen\u00e5pner\",\"Japan\",\"KashiwazakiKariwa\",\"st\u00f8rste\",\"verden\"],\"articleSection\":[\"Milj\u00f8\"],\"inLanguage\":\"nb-NO\"},{\"@type\":\"WebPage\",\"@id\":\"https:\/\/nordnesrepublikken.no\/index.php\/2025\/12\/23\/japan-gjenapner-kashiwazaki-kariwa-det-storste-atomkraftverket-i-verden-15-ar-etter-fukushima\/\",\"url\":\"https:\/\/nordnesrepublikken.no\/index.php\/2025\/12\/23\/japan-gjenapner-kashiwazaki-kariwa-det-storste-atomkraftverket-i-verden-15-ar-etter-fukushima\/\",\"name\":\"Japan gjen\u00e5pner Kashiwazaki-Kariwa, det st\u00f8rste atomkraftverket i verden, 15 \u00e5r etter Fukushima - Nordnesrepublikken\",\"isPartOf\":{\"@id\":\"https:\/\/nordnesrepublikken.no\/#website\"},\"primaryImageOfPage\":{\"@id\":\"https:\/\/nordnesrepublikken.no\/index.php\/2025\/12\/23\/japan-gjenapner-kashiwazaki-kariwa-det-storste-atomkraftverket-i-verden-15-ar-etter-fukushima\/#primaryimage\"},\"image\":{\"@id\":\"https:\/\/nordnesrepublikken.no\/index.php\/2025\/12\/23\/japan-gjenapner-kashiwazaki-kariwa-det-storste-atomkraftverket-i-verden-15-ar-etter-fukushima\/#primaryimage\"},\"thumbnailUrl\":\"https:\/\/nordnesrepublikken.no\/wp-content\/uploads\/2025\/12\/1766526752_Japan-gjenapner-Kashiwazaki-Kariwa-det-storste-atomkraftverket-i-verden-15-ar.jpg\",\"datePublished\":\"2025-12-23T21:52:31+00:00\",\"dateModified\":\"2025-12-23T21:52:32+00:00\",\"breadcrumb\":{\"@id\":\"https:\/\/nordnesrepublikken.no\/index.php\/2025\/12\/23\/japan-gjenapner-kashiwazaki-kariwa-det-storste-atomkraftverket-i-verden-15-ar-etter-fukushima\/#breadcrumb\"},\"inLanguage\":\"nb-NO\",\"potentialAction\":[{\"@type\":\"ReadAction\",\"target\":[\"https:\/\/nordnesrepublikken.no\/index.php\/2025\/12\/23\/japan-gjenapner-kashiwazaki-kariwa-det-storste-atomkraftverket-i-verden-15-ar-etter-fukushima\/\"]}]},{\"@type\":\"ImageObject\",\"inLanguage\":\"nb-NO\",\"@id\":\"https:\/\/nordnesrepublikken.no\/index.php\/2025\/12\/23\/japan-gjenapner-kashiwazaki-kariwa-det-storste-atomkraftverket-i-verden-15-ar-etter-fukushima\/#primaryimage\",\"url\":\"https:\/\/nordnesrepublikken.no\/wp-content\/uploads\/2025\/12\/1766526752_Japan-gjenapner-Kashiwazaki-Kariwa-det-storste-atomkraftverket-i-verden-15-ar.jpg\",\"contentUrl\":\"https:\/\/nordnesrepublikken.no\/wp-content\/uploads\/2025\/12\/1766526752_Japan-gjenapner-Kashiwazaki-Kariwa-det-storste-atomkraftverket-i-verden-15-ar.jpg\",\"width\":1200,\"height\":720,\"caption\":\"Japan gjen\u00e5pner Kashiwazaki-Kariwa, det st\u00f8rste atomkraftverket i verden, 15 \u00e5r etter Fukushima\"},{\"@type\":\"BreadcrumbList\",\"@id\":\"https:\/\/nordnesrepublikken.no\/index.php\/2025\/12\/23\/japan-gjenapner-kashiwazaki-kariwa-det-storste-atomkraftverket-i-verden-15-ar-etter-fukushima\/#breadcrumb\",\"itemListElement\":[{\"@type\":\"ListItem\",\"position\":1,\"name\":\"Home\",\"item\":\"https:\/\/nordnesrepublikken.no\/\"},{\"@type\":\"ListItem\",\"position\":2,\"name\":\"Japan gjen\u00e5pner Kashiwazaki-Kariwa, det st\u00f8rste atomkraftverket i verden, 15 \u00e5r etter Fukushima\"}]},{\"@type\":\"WebSite\",\"@id\":\"https:\/\/nordnesrepublikken.no\/#website\",\"url\":\"https:\/\/nordnesrepublikken.no\/\",\"name\":\"Nordnesrepublikken\",\"description\":\"Stemmer og Visjoner fra Republikkens Hjerte\",\"publisher\":{\"@id\":\"https:\/\/nordnesrepublikken.no\/#organization\"},\"potentialAction\":[{\"@type\":\"SearchAction\",\"target\":{\"@type\":\"EntryPoint\",\"urlTemplate\":\"https:\/\/nordnesrepublikken.no\/?s={search_term_string}\"},\"query-input\":{\"@type\":\"PropertyValueSpecification\",\"valueRequired\":true,\"valueName\":\"search_term_string\"}}],\"inLanguage\":\"nb-NO\"},{\"@type\":\"Organization\",\"@id\":\"https:\/\/nordnesrepublikken.no\/#organization\",\"name\":\"Nordnesrepublikken\",\"url\":\"https:\/\/nordnesrepublikken.no\/\",\"logo\":{\"@type\":\"ImageObject\",\"inLanguage\":\"nb-NO\",\"@id\":\"https:\/\/nordnesrepublikken.no\/#\/schema\/logo\/image\/\",\"url\":\"https:\/\/nordnesrepublikken.no\/wp-content\/uploads\/2025\/02\/cropped-nordnesrepublikken-2.png\",\"contentUrl\":\"https:\/\/nordnesrepublikken.no\/wp-content\/uploads\/2025\/02\/cropped-nordnesrepublikken-2.png\",\"width\":1248,\"height\":362,\"caption\":\"Nordnesrepublikken\"},\"image\":{\"@id\":\"https:\/\/nordnesrepublikken.no\/#\/schema\/logo\/image\/\"}},{\"@type\":\"Person\",\"@id\":\"https:\/\/nordnesrepublikken.no\/#\/schema\/person\/2e7e81935bab77882fffb79296240ff1\",\"name\":\"Ole Andersen\",\"image\":{\"@type\":\"ImageObject\",\"inLanguage\":\"nb-NO\",\"@id\":\"https:\/\/nordnesrepublikken.no\/#\/schema\/person\/image\/\",\"url\":\"https:\/\/nordnesrepublikken.no\/wp-content\/uploads\/2025\/02\/nordnesrepublikken-2-2-150x150.jpg\",\"contentUrl\":\"https:\/\/nordnesrepublikken.no\/wp-content\/uploads\/2025\/02\/nordnesrepublikken-2-2-150x150.jpg\",\"caption\":\"Ole Andersen\"},\"description\":\"Ettersom jeg vokste opp i Oslo, har jeg alltid v\u00e6rt fascinert av ordenes kraft og deres evne til \u00e5 skape endringer. Etter \u00e5 ha fullf\u00f8rt min utdannelse i kommunikasjon ved Universitetet i Bergen, fikk jeg muligheten til \u00e5 jobbe innen ulike medier, der jeg har s\u00f8kt \u00e5 belyse viktige samfunnssp\u00f8rsm\u00e5l. I dag, som redakt\u00f8r for Nordnesrepublikken, pr\u00f8ver jeg \u00e5 forene min kj\u00e6rlighet for journalistikk med min lidenskap for innovasjon og eventyr.\",\"sameAs\":[\"https:\/\/nordnesrepublikken.no\/\"]}]}<\/script>\n<!-- \/ Yoast SEO plugin. -->","yoast_head_json":{"title":"Japan gjen\u00e5pner Kashiwazaki-Kariwa, det st\u00f8rste atomkraftverket i verden, 15 \u00e5r etter Fukushima - Nordnesrepublikken","robots":{"index":"index","follow":"follow","max-snippet":"max-snippet:-1","max-image-preview":"max-image-preview:large","max-video-preview":"max-video-preview:-1"},"canonical":"https:\/\/nordnesrepublikken.no\/index.php\/2025\/12\/23\/japan-gjenapner-kashiwazaki-kariwa-det-storste-atomkraftverket-i-verden-15-ar-etter-fukushima\/","og_locale":"nb_NO","og_type":"article","og_title":"Japan gjen\u00e5pner Kashiwazaki-Kariwa, det st\u00f8rste atomkraftverket i verden, 15 \u00e5r etter Fukushima - Nordnesrepublikken","og_description":"De Japan bekreftet gjen\u00e5pningen av kjernekraftverk Av Kashiwazaki-Kariwaden st\u00f8rste i verden, nesten 15 \u00e5r etter","og_url":"https:\/\/nordnesrepublikken.no\/index.php\/2025\/12\/23\/japan-gjenapner-kashiwazaki-kariwa-det-storste-atomkraftverket-i-verden-15-ar-etter-fukushima\/","og_site_name":"Nordnesrepublikken","article_published_time":"2025-12-23T21:52:31+00:00","article_modified_time":"2025-12-23T21:52:32+00:00","og_image":[{"width":1200,"height":720,"url":"https:\/\/nordnesrepublikken.no\/wp-content\/uploads\/2025\/12\/1766526752_Japan-gjenapner-Kashiwazaki-Kariwa-det-storste-atomkraftverket-i-verden-15-ar.jpg","type":"image\/jpeg"}],"author":"Ole Andersen","twitter_card":"summary_large_image","twitter_misc":{"Skrevet av":"Ole Andersen","Ansl. lesetid":"2 minutter"},"schema":{"@context":"https:\/\/schema.org","@graph":[{"@type":"Article","@id":"https:\/\/nordnesrepublikken.no\/index.php\/2025\/12\/23\/japan-gjenapner-kashiwazaki-kariwa-det-storste-atomkraftverket-i-verden-15-ar-etter-fukushima\/#article","isPartOf":{"@id":"https:\/\/nordnesrepublikken.no\/index.php\/2025\/12\/23\/japan-gjenapner-kashiwazaki-kariwa-det-storste-atomkraftverket-i-verden-15-ar-etter-fukushima\/"},"author":{"name":"Ole Andersen","@id":"https:\/\/nordnesrepublikken.no\/#\/schema\/person\/2e7e81935bab77882fffb79296240ff1"},"headline":"Japan gjen\u00e5pner Kashiwazaki-Kariwa, det st\u00f8rste atomkraftverket i verden, 15 \u00e5r etter Fukushima","datePublished":"2025-12-23T21:52:31+00:00","dateModified":"2025-12-23T21:52:32+00:00","mainEntityOfPage":{"@id":"https:\/\/nordnesrepublikken.no\/index.php\/2025\/12\/23\/japan-gjenapner-kashiwazaki-kariwa-det-storste-atomkraftverket-i-verden-15-ar-etter-fukushima\/"},"wordCount":476,"publisher":{"@id":"https:\/\/nordnesrepublikken.no\/#organization"},"image":{"@id":"https:\/\/nordnesrepublikken.no\/index.php\/2025\/12\/23\/japan-gjenapner-kashiwazaki-kariwa-det-storste-atomkraftverket-i-verden-15-ar-etter-fukushima\/#primaryimage"},"thumbnailUrl":"https:\/\/nordnesrepublikken.no\/wp-content\/uploads\/2025\/12\/1766526752_Japan-gjenapner-Kashiwazaki-Kariwa-det-storste-atomkraftverket-i-verden-15-ar.jpg","keywords":["\u00e5r","atomkraftverket","Det","Etter","Fukushima","gjen\u00e5pner","Japan","KashiwazakiKariwa","st\u00f8rste","verden"],"articleSection":["Milj\u00f8"],"inLanguage":"nb-NO"},{"@type":"WebPage","@id":"https:\/\/nordnesrepublikken.no\/index.php\/2025\/12\/23\/japan-gjenapner-kashiwazaki-kariwa-det-storste-atomkraftverket-i-verden-15-ar-etter-fukushima\/","url":"https:\/\/nordnesrepublikken.no\/index.php\/2025\/12\/23\/japan-gjenapner-kashiwazaki-kariwa-det-storste-atomkraftverket-i-verden-15-ar-etter-fukushima\/","name":"Japan gjen\u00e5pner Kashiwazaki-Kariwa, det st\u00f8rste atomkraftverket i verden, 15 \u00e5r etter Fukushima - Nordnesrepublikken","isPartOf":{"@id":"https:\/\/nordnesrepublikken.no\/#website"},"primaryImageOfPage":{"@id":"https:\/\/nordnesrepublikken.no\/index.php\/2025\/12\/23\/japan-gjenapner-kashiwazaki-kariwa-det-storste-atomkraftverket-i-verden-15-ar-etter-fukushima\/#primaryimage"},"image":{"@id":"https:\/\/nordnesrepublikken.no\/index.php\/2025\/12\/23\/japan-gjenapner-kashiwazaki-kariwa-det-storste-atomkraftverket-i-verden-15-ar-etter-fukushima\/#primaryimage"},"thumbnailUrl":"https:\/\/nordnesrepublikken.no\/wp-content\/uploads\/2025\/12\/1766526752_Japan-gjenapner-Kashiwazaki-Kariwa-det-storste-atomkraftverket-i-verden-15-ar.jpg","datePublished":"2025-12-23T21:52:31+00:00","dateModified":"2025-12-23T21:52:32+00:00","breadcrumb":{"@id":"https:\/\/nordnesrepublikken.no\/index.php\/2025\/12\/23\/japan-gjenapner-kashiwazaki-kariwa-det-storste-atomkraftverket-i-verden-15-ar-etter-fukushima\/#breadcrumb"},"inLanguage":"nb-NO","potentialAction":[{"@type":"ReadAction","target":["https:\/\/nordnesrepublikken.no\/index.php\/2025\/12\/23\/japan-gjenapner-kashiwazaki-kariwa-det-storste-atomkraftverket-i-verden-15-ar-etter-fukushima\/"]}]},{"@type":"ImageObject","inLanguage":"nb-NO","@id":"https:\/\/nordnesrepublikken.no\/index.php\/2025\/12\/23\/japan-gjenapner-kashiwazaki-kariwa-det-storste-atomkraftverket-i-verden-15-ar-etter-fukushima\/#primaryimage","url":"https:\/\/nordnesrepublikken.no\/wp-content\/uploads\/2025\/12\/1766526752_Japan-gjenapner-Kashiwazaki-Kariwa-det-storste-atomkraftverket-i-verden-15-ar.jpg","contentUrl":"https:\/\/nordnesrepublikken.no\/wp-content\/uploads\/2025\/12\/1766526752_Japan-gjenapner-Kashiwazaki-Kariwa-det-storste-atomkraftverket-i-verden-15-ar.jpg","width":1200,"height":720,"caption":"Japan gjen\u00e5pner Kashiwazaki-Kariwa, det st\u00f8rste atomkraftverket i verden, 15 \u00e5r etter Fukushima"},{"@type":"BreadcrumbList","@id":"https:\/\/nordnesrepublikken.no\/index.php\/2025\/12\/23\/japan-gjenapner-kashiwazaki-kariwa-det-storste-atomkraftverket-i-verden-15-ar-etter-fukushima\/#breadcrumb","itemListElement":[{"@type":"ListItem","position":1,"name":"Home","item":"https:\/\/nordnesrepublikken.no\/"},{"@type":"ListItem","position":2,"name":"Japan gjen\u00e5pner Kashiwazaki-Kariwa, det st\u00f8rste atomkraftverket i verden, 15 \u00e5r etter Fukushima"}]},{"@type":"WebSite","@id":"https:\/\/nordnesrepublikken.no\/#website","url":"https:\/\/nordnesrepublikken.no\/","name":"Nordnesrepublikken","description":"Stemmer og Visjoner fra Republikkens Hjerte","publisher":{"@id":"https:\/\/nordnesrepublikken.no\/#organization"},"potentialAction":[{"@type":"SearchAction","target":{"@type":"EntryPoint","urlTemplate":"https:\/\/nordnesrepublikken.no\/?s={search_term_string}"},"query-input":{"@type":"PropertyValueSpecification","valueRequired":true,"valueName":"search_term_string"}}],"inLanguage":"nb-NO"},{"@type":"Organization","@id":"https:\/\/nordnesrepublikken.no\/#organization","name":"Nordnesrepublikken","url":"https:\/\/nordnesrepublikken.no\/","logo":{"@type":"ImageObject","inLanguage":"nb-NO","@id":"https:\/\/nordnesrepublikken.no\/#\/schema\/logo\/image\/","url":"https:\/\/nordnesrepublikken.no\/wp-content\/uploads\/2025\/02\/cropped-nordnesrepublikken-2.png","contentUrl":"https:\/\/nordnesrepublikken.no\/wp-content\/uploads\/2025\/02\/cropped-nordnesrepublikken-2.png","width":1248,"height":362,"caption":"Nordnesrepublikken"},"image":{"@id":"https:\/\/nordnesrepublikken.no\/#\/schema\/logo\/image\/"}},{"@type":"Person","@id":"https:\/\/nordnesrepublikken.no\/#\/schema\/person\/2e7e81935bab77882fffb79296240ff1","name":"Ole Andersen","image":{"@type":"ImageObject","inLanguage":"nb-NO","@id":"https:\/\/nordnesrepublikken.no\/#\/schema\/person\/image\/","url":"https:\/\/nordnesrepublikken.no\/wp-content\/uploads\/2025\/02\/nordnesrepublikken-2-2-150x150.jpg","contentUrl":"https:\/\/nordnesrepublikken.no\/wp-content\/uploads\/2025\/02\/nordnesrepublikken-2-2-150x150.jpg","caption":"Ole Andersen"},"description":"Ettersom jeg vokste opp i Oslo, har jeg alltid v\u00e6rt fascinert av ordenes kraft og deres evne til \u00e5 skape endringer. Etter \u00e5 ha fullf\u00f8rt min utdannelse i kommunikasjon ved Universitetet i Bergen, fikk jeg muligheten til \u00e5 jobbe innen ulike medier, der jeg har s\u00f8kt \u00e5 belyse viktige samfunnssp\u00f8rsm\u00e5l. I dag, som redakt\u00f8r for Nordnesrepublikken, pr\u00f8ver jeg \u00e5 forene min kj\u00e6rlighet for journalistikk med min lidenskap for innovasjon og eventyr.","sameAs":["https:\/\/nordnesrepublikken.no\/"]}]}},"_links":{"self":[{"href":"https:\/\/nordnesrepublikken.no\/index.php\/wp-json\/wp\/v2\/posts\/13141","targetHints":{"allow":["GET"]}}],"collection":[{"href":"https:\/\/nordnesrepublikken.no\/index.php\/wp-json\/wp\/v2\/posts"}],"about":[{"href":"https:\/\/nordnesrepublikken.no\/index.php\/wp-json\/wp\/v2\/types\/post"}],"author":[{"embeddable":true,"href":"https:\/\/nordnesrepublikken.no\/index.php\/wp-json\/wp\/v2\/users\/1"}],"replies":[{"embeddable":true,"href":"https:\/\/nordnesrepublikken.no\/index.php\/wp-json\/wp\/v2\/comments?post=13141"}],"version-history":[{"count":1,"href":"https:\/\/nordnesrepublikken.no\/index.php\/wp-json\/wp\/v2\/posts\/13141\/revisions"}],"predecessor-version":[{"id":13143,"href":"https:\/\/nordnesrepublikken.no\/index.php\/wp-json\/wp\/v2\/posts\/13141\/revisions\/13143"}],"wp:featuredmedia":[{"embeddable":true,"href":"https:\/\/nordnesrepublikken.no\/index.php\/wp-json\/wp\/v2\/media\/13142"}],"wp:attachment":[{"href":"https:\/\/nordnesrepublikken.no\/index.php\/wp-json\/wp\/v2\/media?parent=13141"}],"wp:term":[{"taxonomy":"category","embeddable":true,"href":"https:\/\/nordnesrepublikken.no\/index.php\/wp-json\/wp\/v2\/categories?post=13141"},{"taxonomy":"post_tag","embeddable":true,"href":"https:\/\/nordnesrepublikken.no\/index.php\/wp-json\/wp\/v2\/tags?post=13141"}],"curies":[{"name":"wp","href":"https:\/\/api.w.org\/{rel}","templated":true}]}}