{"id":13138,"date":"2025-12-23T21:51:19","date_gmt":"2025-12-23T20:51:19","guid":{"rendered":"https:\/\/nordnesrepublikken.no\/index.php\/2025\/12\/23\/vitenskapsdialoger-med-stefano-gandelli\/"},"modified":"2025-12-23T21:51:20","modified_gmt":"2025-12-23T20:51:20","slug":"vitenskapsdialoger-med-stefano-gandelli","status":"publish","type":"post","link":"https:\/\/nordnesrepublikken.no\/index.php\/2025\/12\/23\/vitenskapsdialoger-med-stefano-gandelli\/","title":{"rendered":"Vitenskapsdialoger med Stefano Gandelli"},"content":{"rendered":"<div>\n<div class=\"cp_wrapper cp_wrapper--fw mb-30 mb-20@tablet\">\n<figure class=\"mm\"><picture class=\"img\" style=\"padding-top:56.25%\"><source  media=\"(min-width: 1024px)\"><source  media=\"(min-width: 768px)\"><\/source><\/source><\/picture><\/figure>\n<\/p><\/div>\n<div class=\"fbx \">\n<div class=\"fbx__content\">\n<p>\t\t\tDu ser p\u00e5 <strong>Vitenskapsdialoger<\/strong> Ikke g\u00e5 glipp av mer innhold fra <span>Geopop<\/span>\n\t\t<\/p>\n<\/p><\/div>\n<div class=\"fbx__image\">\n<picture class=\"img  img--static-mode \">\n<p>  <img decoding=\"async\" loading=\"lazy\" src=\"https:\/\/nordnesrepublikken.no\/wp-content\/uploads\/2025\/12\/1766523079_759_Vitenskapsdialoger-med-Stefano-Gandelli.jpg\" alt=\"Bilde\" width=\"1920\" height=\"1080\"\/>\n<\/picture>\n\t<\/div>\n<\/div>\n<p>I denne nye episoden av <strong>Vitenskapsdialoger<\/strong> vi tok en prat med en av pilarene i Geopop-teamet: <b>Stefano Gandelli<\/b>. De som har fulgt kanalen siden oppstarten vet at prosjektet opprinnelig ble f\u00f8dt som \u00abPop Geology\u00bb og Stefano var et av de aller f\u00f8rste medlemmene som ble med p\u00e5 eventyret. Men hva driver en geolog til \u00e5 bli forfatter og <strong>popularizer<\/strong>? Vi gikk tilbake til historien og oppdaget at det ligger mye mer bak studiet av bergarter enn vi tror: fra det &laquo;visuelle&raquo; universitetsvalget til filosofiske refleksjoner over v\u00e5r plass i universet.<\/p>\n<p>Man tror ofte at vitenskapelig lidenskap er kj\u00e6rlighet ved f\u00f8rste blikk, men for Stefano var det nesten et valg <strong>utelukkelse<\/strong>. Under videreg\u00e5ende var han overbevist om at veien hans var der <strong>biologi<\/strong>men virkningen med laboratoriet var skuffende: for mikroskopisk og abstrakt. Geologi vant fordi det er en vitenskap <b>visuelt og h\u00e5ndgripelig<\/b>: i stedet for \u00e5 forestille oss usynlige ting under mikroskopet, studerer vi fjell, vulkaner og Jorden i all sin storhet.<\/p>\n<p>Det er en myte \u00e5 avlive, kanskje skylden p\u00e5 <strong>Jurassic Park<\/strong>: Geologen bruker ikke all sin tid p\u00e5 \u00e5 lete etter T-rex. Stefano spesialiserte seg for eksempel p\u00e5 <b>gruvesektoren<\/b>: studere hvor metallene og ressursene vi bruker hver dag kommer fra. Og for videospillfans, ja, bildet av utgravningen kommer ogs\u00e5 fra <b>Minecraft<\/b> og hans kjente <b>diamanthakker<\/b>selv om Stefano innr\u00f8mmer at den virkelige opplevelsen med hakken i h\u00e5nden bare skjedde \u00e9n gang p\u00e5 universitetet og er veldig forskjellig fra den virtuelle.<\/p>\n<p>Det er et fascinerende felt fordi det gir en n\u00f8kkel til \u00e5 forst\u00e5 hvordan verden fungerer: ofte er det faktisk mineralressurser som ligger bak dynamikken til makt og internasjonale geopolitiske balanser.<\/p>\n<p>I tillegg til teknikk, l\u00e6rer geologi noe grunnleggende p\u00e5 et menneskelig niv\u00e5: <strong>prospekt<\/strong>. \u00c5 l\u00e6re \u00e5 lese landskapet betyr \u00e5 vite at fjellet vi ser p\u00e5 i dag en gang var en havbunn.<\/p>\n<p>Dette hjelper oss \u00e5 forst\u00e5 <strong>hvor kort menneskelig tid er sammenlignet med geologisk tid<\/strong>. Hvis vi tenker p\u00e5 jordens historie, var vi der et \u00f8yeblikk: en bevissthet som hjelper oss \u00e5 &laquo;nedbemanne&raquo; og ikke ta oss selv for seri\u00f8st, og minner oss om at vi bare passerer p\u00e5 denne planeten.<\/p>\n<\/p><\/div>\n","protected":false},"excerpt":{"rendered":"<p>Du ser p\u00e5 Vitenskapsdialoger Ikke g\u00e5 glipp av mer innhold fra Geopop I denne nye<\/p>\n","protected":false},"author":1,"featured_media":13139,"comment_status":"closed","ping_status":"open","sticky":false,"template":"","format":"standard","meta":{"footnotes":""},"categories":[24],"tags":[8654,79,8653,8652],"class_list":["post-13138","post","type-post","status-publish","format-standard","has-post-thumbnail","hentry","category-vitenskap","tag-gandelli","tag-med","tag-stefano","tag-vitenskapsdialoger","generate-columns","tablet-grid-50","mobile-grid-100","grid-parent","grid-33","resize-featured-image"],"yoast_head":"<!-- This site is optimized with the Yoast SEO plugin v24.4 - https:\/\/yoast.com\/wordpress\/plugins\/seo\/ -->\n<title>Vitenskapsdialoger med Stefano Gandelli - Nordnesrepublikken<\/title>\n<meta name=\"robots\" content=\"index, follow, max-snippet:-1, max-image-preview:large, max-video-preview:-1\" \/>\n<link rel=\"canonical\" href=\"https:\/\/nordnesrepublikken.no\/index.php\/2025\/12\/23\/vitenskapsdialoger-med-stefano-gandelli\/\" \/>\n<meta property=\"og:locale\" content=\"nb_NO\" \/>\n<meta property=\"og:type\" content=\"article\" \/>\n<meta property=\"og:title\" content=\"Vitenskapsdialoger med Stefano Gandelli - Nordnesrepublikken\" \/>\n<meta property=\"og:description\" content=\"Du ser p\u00e5 Vitenskapsdialoger Ikke g\u00e5 glipp av mer innhold fra Geopop I denne nye\" \/>\n<meta property=\"og:url\" content=\"https:\/\/nordnesrepublikken.no\/index.php\/2025\/12\/23\/vitenskapsdialoger-med-stefano-gandelli\/\" \/>\n<meta property=\"og:site_name\" content=\"Nordnesrepublikken\" \/>\n<meta property=\"article:published_time\" content=\"2025-12-23T20:51:19+00:00\" \/>\n<meta property=\"article:modified_time\" content=\"2025-12-23T20:51:20+00:00\" \/>\n<meta property=\"og:image\" content=\"https:\/\/nordnesrepublikken.no\/wp-content\/uploads\/2025\/12\/1766523079_Vitenskapsdialoger-med-Stefano-Gandelli.jpg\" \/>\n\t<meta property=\"og:image:width\" content=\"1280\" \/>\n\t<meta property=\"og:image:height\" content=\"720\" \/>\n\t<meta property=\"og:image:type\" content=\"image\/jpeg\" \/>\n<meta name=\"author\" content=\"Ole Andersen\" \/>\n<meta name=\"twitter:card\" content=\"summary_large_image\" \/>\n<meta name=\"twitter:label1\" content=\"Skrevet av\" \/>\n\t<meta name=\"twitter:data1\" content=\"Ole Andersen\" \/>\n\t<meta name=\"twitter:label2\" content=\"Ansl. lesetid\" \/>\n\t<meta name=\"twitter:data2\" content=\"2 minutter\" \/>\n<script type=\"application\/ld+json\" class=\"yoast-schema-graph\">{\"@context\":\"https:\/\/schema.org\",\"@graph\":[{\"@type\":\"Article\",\"@id\":\"https:\/\/nordnesrepublikken.no\/index.php\/2025\/12\/23\/vitenskapsdialoger-med-stefano-gandelli\/#article\",\"isPartOf\":{\"@id\":\"https:\/\/nordnesrepublikken.no\/index.php\/2025\/12\/23\/vitenskapsdialoger-med-stefano-gandelli\/\"},\"author\":{\"name\":\"Ole Andersen\",\"@id\":\"https:\/\/nordnesrepublikken.no\/#\/schema\/person\/2e7e81935bab77882fffb79296240ff1\"},\"headline\":\"Vitenskapsdialoger med Stefano Gandelli\",\"datePublished\":\"2025-12-23T20:51:19+00:00\",\"dateModified\":\"2025-12-23T20:51:20+00:00\",\"mainEntityOfPage\":{\"@id\":\"https:\/\/nordnesrepublikken.no\/index.php\/2025\/12\/23\/vitenskapsdialoger-med-stefano-gandelli\/\"},\"wordCount\":373,\"publisher\":{\"@id\":\"https:\/\/nordnesrepublikken.no\/#organization\"},\"image\":{\"@id\":\"https:\/\/nordnesrepublikken.no\/index.php\/2025\/12\/23\/vitenskapsdialoger-med-stefano-gandelli\/#primaryimage\"},\"thumbnailUrl\":\"https:\/\/nordnesrepublikken.no\/wp-content\/uploads\/2025\/12\/1766523079_Vitenskapsdialoger-med-Stefano-Gandelli.jpg\",\"keywords\":[\"Gandelli\",\"med\",\"Stefano\",\"Vitenskapsdialoger\"],\"articleSection\":[\"Vitenskap\"],\"inLanguage\":\"nb-NO\"},{\"@type\":\"WebPage\",\"@id\":\"https:\/\/nordnesrepublikken.no\/index.php\/2025\/12\/23\/vitenskapsdialoger-med-stefano-gandelli\/\",\"url\":\"https:\/\/nordnesrepublikken.no\/index.php\/2025\/12\/23\/vitenskapsdialoger-med-stefano-gandelli\/\",\"name\":\"Vitenskapsdialoger med Stefano Gandelli - Nordnesrepublikken\",\"isPartOf\":{\"@id\":\"https:\/\/nordnesrepublikken.no\/#website\"},\"primaryImageOfPage\":{\"@id\":\"https:\/\/nordnesrepublikken.no\/index.php\/2025\/12\/23\/vitenskapsdialoger-med-stefano-gandelli\/#primaryimage\"},\"image\":{\"@id\":\"https:\/\/nordnesrepublikken.no\/index.php\/2025\/12\/23\/vitenskapsdialoger-med-stefano-gandelli\/#primaryimage\"},\"thumbnailUrl\":\"https:\/\/nordnesrepublikken.no\/wp-content\/uploads\/2025\/12\/1766523079_Vitenskapsdialoger-med-Stefano-Gandelli.jpg\",\"datePublished\":\"2025-12-23T20:51:19+00:00\",\"dateModified\":\"2025-12-23T20:51:20+00:00\",\"breadcrumb\":{\"@id\":\"https:\/\/nordnesrepublikken.no\/index.php\/2025\/12\/23\/vitenskapsdialoger-med-stefano-gandelli\/#breadcrumb\"},\"inLanguage\":\"nb-NO\",\"potentialAction\":[{\"@type\":\"ReadAction\",\"target\":[\"https:\/\/nordnesrepublikken.no\/index.php\/2025\/12\/23\/vitenskapsdialoger-med-stefano-gandelli\/\"]}]},{\"@type\":\"ImageObject\",\"inLanguage\":\"nb-NO\",\"@id\":\"https:\/\/nordnesrepublikken.no\/index.php\/2025\/12\/23\/vitenskapsdialoger-med-stefano-gandelli\/#primaryimage\",\"url\":\"https:\/\/nordnesrepublikken.no\/wp-content\/uploads\/2025\/12\/1766523079_Vitenskapsdialoger-med-Stefano-Gandelli.jpg\",\"contentUrl\":\"https:\/\/nordnesrepublikken.no\/wp-content\/uploads\/2025\/12\/1766523079_Vitenskapsdialoger-med-Stefano-Gandelli.jpg\",\"width\":1280,\"height\":720,\"caption\":\"DIALOGHIDISCIENZA-THUMBVIDEO-ORIZZONTALE_clean_rev1\"},{\"@type\":\"BreadcrumbList\",\"@id\":\"https:\/\/nordnesrepublikken.no\/index.php\/2025\/12\/23\/vitenskapsdialoger-med-stefano-gandelli\/#breadcrumb\",\"itemListElement\":[{\"@type\":\"ListItem\",\"position\":1,\"name\":\"Home\",\"item\":\"https:\/\/nordnesrepublikken.no\/\"},{\"@type\":\"ListItem\",\"position\":2,\"name\":\"Vitenskapsdialoger med Stefano Gandelli\"}]},{\"@type\":\"WebSite\",\"@id\":\"https:\/\/nordnesrepublikken.no\/#website\",\"url\":\"https:\/\/nordnesrepublikken.no\/\",\"name\":\"Nordnesrepublikken\",\"description\":\"Stemmer og Visjoner fra Republikkens Hjerte\",\"publisher\":{\"@id\":\"https:\/\/nordnesrepublikken.no\/#organization\"},\"potentialAction\":[{\"@type\":\"SearchAction\",\"target\":{\"@type\":\"EntryPoint\",\"urlTemplate\":\"https:\/\/nordnesrepublikken.no\/?s={search_term_string}\"},\"query-input\":{\"@type\":\"PropertyValueSpecification\",\"valueRequired\":true,\"valueName\":\"search_term_string\"}}],\"inLanguage\":\"nb-NO\"},{\"@type\":\"Organization\",\"@id\":\"https:\/\/nordnesrepublikken.no\/#organization\",\"name\":\"Nordnesrepublikken\",\"url\":\"https:\/\/nordnesrepublikken.no\/\",\"logo\":{\"@type\":\"ImageObject\",\"inLanguage\":\"nb-NO\",\"@id\":\"https:\/\/nordnesrepublikken.no\/#\/schema\/logo\/image\/\",\"url\":\"https:\/\/nordnesrepublikken.no\/wp-content\/uploads\/2025\/02\/cropped-nordnesrepublikken-2.png\",\"contentUrl\":\"https:\/\/nordnesrepublikken.no\/wp-content\/uploads\/2025\/02\/cropped-nordnesrepublikken-2.png\",\"width\":1248,\"height\":362,\"caption\":\"Nordnesrepublikken\"},\"image\":{\"@id\":\"https:\/\/nordnesrepublikken.no\/#\/schema\/logo\/image\/\"}},{\"@type\":\"Person\",\"@id\":\"https:\/\/nordnesrepublikken.no\/#\/schema\/person\/2e7e81935bab77882fffb79296240ff1\",\"name\":\"Ole Andersen\",\"image\":{\"@type\":\"ImageObject\",\"inLanguage\":\"nb-NO\",\"@id\":\"https:\/\/nordnesrepublikken.no\/#\/schema\/person\/image\/\",\"url\":\"https:\/\/nordnesrepublikken.no\/wp-content\/uploads\/2025\/02\/nordnesrepublikken-2-2-150x150.jpg\",\"contentUrl\":\"https:\/\/nordnesrepublikken.no\/wp-content\/uploads\/2025\/02\/nordnesrepublikken-2-2-150x150.jpg\",\"caption\":\"Ole Andersen\"},\"description\":\"Ettersom jeg vokste opp i Oslo, har jeg alltid v\u00e6rt fascinert av ordenes kraft og deres evne til \u00e5 skape endringer. Etter \u00e5 ha fullf\u00f8rt min utdannelse i kommunikasjon ved Universitetet i Bergen, fikk jeg muligheten til \u00e5 jobbe innen ulike medier, der jeg har s\u00f8kt \u00e5 belyse viktige samfunnssp\u00f8rsm\u00e5l. I dag, som redakt\u00f8r for Nordnesrepublikken, pr\u00f8ver jeg \u00e5 forene min kj\u00e6rlighet for journalistikk med min lidenskap for innovasjon og eventyr.\",\"sameAs\":[\"https:\/\/nordnesrepublikken.no\/\"]}]}<\/script>\n<!-- \/ Yoast SEO plugin. -->","yoast_head_json":{"title":"Vitenskapsdialoger med Stefano Gandelli - Nordnesrepublikken","robots":{"index":"index","follow":"follow","max-snippet":"max-snippet:-1","max-image-preview":"max-image-preview:large","max-video-preview":"max-video-preview:-1"},"canonical":"https:\/\/nordnesrepublikken.no\/index.php\/2025\/12\/23\/vitenskapsdialoger-med-stefano-gandelli\/","og_locale":"nb_NO","og_type":"article","og_title":"Vitenskapsdialoger med Stefano Gandelli - Nordnesrepublikken","og_description":"Du ser p\u00e5 Vitenskapsdialoger Ikke g\u00e5 glipp av mer innhold fra Geopop I denne nye","og_url":"https:\/\/nordnesrepublikken.no\/index.php\/2025\/12\/23\/vitenskapsdialoger-med-stefano-gandelli\/","og_site_name":"Nordnesrepublikken","article_published_time":"2025-12-23T20:51:19+00:00","article_modified_time":"2025-12-23T20:51:20+00:00","og_image":[{"width":1280,"height":720,"url":"https:\/\/nordnesrepublikken.no\/wp-content\/uploads\/2025\/12\/1766523079_Vitenskapsdialoger-med-Stefano-Gandelli.jpg","type":"image\/jpeg"}],"author":"Ole Andersen","twitter_card":"summary_large_image","twitter_misc":{"Skrevet av":"Ole Andersen","Ansl. lesetid":"2 minutter"},"schema":{"@context":"https:\/\/schema.org","@graph":[{"@type":"Article","@id":"https:\/\/nordnesrepublikken.no\/index.php\/2025\/12\/23\/vitenskapsdialoger-med-stefano-gandelli\/#article","isPartOf":{"@id":"https:\/\/nordnesrepublikken.no\/index.php\/2025\/12\/23\/vitenskapsdialoger-med-stefano-gandelli\/"},"author":{"name":"Ole Andersen","@id":"https:\/\/nordnesrepublikken.no\/#\/schema\/person\/2e7e81935bab77882fffb79296240ff1"},"headline":"Vitenskapsdialoger med Stefano Gandelli","datePublished":"2025-12-23T20:51:19+00:00","dateModified":"2025-12-23T20:51:20+00:00","mainEntityOfPage":{"@id":"https:\/\/nordnesrepublikken.no\/index.php\/2025\/12\/23\/vitenskapsdialoger-med-stefano-gandelli\/"},"wordCount":373,"publisher":{"@id":"https:\/\/nordnesrepublikken.no\/#organization"},"image":{"@id":"https:\/\/nordnesrepublikken.no\/index.php\/2025\/12\/23\/vitenskapsdialoger-med-stefano-gandelli\/#primaryimage"},"thumbnailUrl":"https:\/\/nordnesrepublikken.no\/wp-content\/uploads\/2025\/12\/1766523079_Vitenskapsdialoger-med-Stefano-Gandelli.jpg","keywords":["Gandelli","med","Stefano","Vitenskapsdialoger"],"articleSection":["Vitenskap"],"inLanguage":"nb-NO"},{"@type":"WebPage","@id":"https:\/\/nordnesrepublikken.no\/index.php\/2025\/12\/23\/vitenskapsdialoger-med-stefano-gandelli\/","url":"https:\/\/nordnesrepublikken.no\/index.php\/2025\/12\/23\/vitenskapsdialoger-med-stefano-gandelli\/","name":"Vitenskapsdialoger med Stefano Gandelli - Nordnesrepublikken","isPartOf":{"@id":"https:\/\/nordnesrepublikken.no\/#website"},"primaryImageOfPage":{"@id":"https:\/\/nordnesrepublikken.no\/index.php\/2025\/12\/23\/vitenskapsdialoger-med-stefano-gandelli\/#primaryimage"},"image":{"@id":"https:\/\/nordnesrepublikken.no\/index.php\/2025\/12\/23\/vitenskapsdialoger-med-stefano-gandelli\/#primaryimage"},"thumbnailUrl":"https:\/\/nordnesrepublikken.no\/wp-content\/uploads\/2025\/12\/1766523079_Vitenskapsdialoger-med-Stefano-Gandelli.jpg","datePublished":"2025-12-23T20:51:19+00:00","dateModified":"2025-12-23T20:51:20+00:00","breadcrumb":{"@id":"https:\/\/nordnesrepublikken.no\/index.php\/2025\/12\/23\/vitenskapsdialoger-med-stefano-gandelli\/#breadcrumb"},"inLanguage":"nb-NO","potentialAction":[{"@type":"ReadAction","target":["https:\/\/nordnesrepublikken.no\/index.php\/2025\/12\/23\/vitenskapsdialoger-med-stefano-gandelli\/"]}]},{"@type":"ImageObject","inLanguage":"nb-NO","@id":"https:\/\/nordnesrepublikken.no\/index.php\/2025\/12\/23\/vitenskapsdialoger-med-stefano-gandelli\/#primaryimage","url":"https:\/\/nordnesrepublikken.no\/wp-content\/uploads\/2025\/12\/1766523079_Vitenskapsdialoger-med-Stefano-Gandelli.jpg","contentUrl":"https:\/\/nordnesrepublikken.no\/wp-content\/uploads\/2025\/12\/1766523079_Vitenskapsdialoger-med-Stefano-Gandelli.jpg","width":1280,"height":720,"caption":"DIALOGHIDISCIENZA-THUMBVIDEO-ORIZZONTALE_clean_rev1"},{"@type":"BreadcrumbList","@id":"https:\/\/nordnesrepublikken.no\/index.php\/2025\/12\/23\/vitenskapsdialoger-med-stefano-gandelli\/#breadcrumb","itemListElement":[{"@type":"ListItem","position":1,"name":"Home","item":"https:\/\/nordnesrepublikken.no\/"},{"@type":"ListItem","position":2,"name":"Vitenskapsdialoger med Stefano Gandelli"}]},{"@type":"WebSite","@id":"https:\/\/nordnesrepublikken.no\/#website","url":"https:\/\/nordnesrepublikken.no\/","name":"Nordnesrepublikken","description":"Stemmer og Visjoner fra Republikkens Hjerte","publisher":{"@id":"https:\/\/nordnesrepublikken.no\/#organization"},"potentialAction":[{"@type":"SearchAction","target":{"@type":"EntryPoint","urlTemplate":"https:\/\/nordnesrepublikken.no\/?s={search_term_string}"},"query-input":{"@type":"PropertyValueSpecification","valueRequired":true,"valueName":"search_term_string"}}],"inLanguage":"nb-NO"},{"@type":"Organization","@id":"https:\/\/nordnesrepublikken.no\/#organization","name":"Nordnesrepublikken","url":"https:\/\/nordnesrepublikken.no\/","logo":{"@type":"ImageObject","inLanguage":"nb-NO","@id":"https:\/\/nordnesrepublikken.no\/#\/schema\/logo\/image\/","url":"https:\/\/nordnesrepublikken.no\/wp-content\/uploads\/2025\/02\/cropped-nordnesrepublikken-2.png","contentUrl":"https:\/\/nordnesrepublikken.no\/wp-content\/uploads\/2025\/02\/cropped-nordnesrepublikken-2.png","width":1248,"height":362,"caption":"Nordnesrepublikken"},"image":{"@id":"https:\/\/nordnesrepublikken.no\/#\/schema\/logo\/image\/"}},{"@type":"Person","@id":"https:\/\/nordnesrepublikken.no\/#\/schema\/person\/2e7e81935bab77882fffb79296240ff1","name":"Ole Andersen","image":{"@type":"ImageObject","inLanguage":"nb-NO","@id":"https:\/\/nordnesrepublikken.no\/#\/schema\/person\/image\/","url":"https:\/\/nordnesrepublikken.no\/wp-content\/uploads\/2025\/02\/nordnesrepublikken-2-2-150x150.jpg","contentUrl":"https:\/\/nordnesrepublikken.no\/wp-content\/uploads\/2025\/02\/nordnesrepublikken-2-2-150x150.jpg","caption":"Ole Andersen"},"description":"Ettersom jeg vokste opp i Oslo, har jeg alltid v\u00e6rt fascinert av ordenes kraft og deres evne til \u00e5 skape endringer. Etter \u00e5 ha fullf\u00f8rt min utdannelse i kommunikasjon ved Universitetet i Bergen, fikk jeg muligheten til \u00e5 jobbe innen ulike medier, der jeg har s\u00f8kt \u00e5 belyse viktige samfunnssp\u00f8rsm\u00e5l. I dag, som redakt\u00f8r for Nordnesrepublikken, pr\u00f8ver jeg \u00e5 forene min kj\u00e6rlighet for journalistikk med min lidenskap for innovasjon og eventyr.","sameAs":["https:\/\/nordnesrepublikken.no\/"]}]}},"_links":{"self":[{"href":"https:\/\/nordnesrepublikken.no\/index.php\/wp-json\/wp\/v2\/posts\/13138","targetHints":{"allow":["GET"]}}],"collection":[{"href":"https:\/\/nordnesrepublikken.no\/index.php\/wp-json\/wp\/v2\/posts"}],"about":[{"href":"https:\/\/nordnesrepublikken.no\/index.php\/wp-json\/wp\/v2\/types\/post"}],"author":[{"embeddable":true,"href":"https:\/\/nordnesrepublikken.no\/index.php\/wp-json\/wp\/v2\/users\/1"}],"replies":[{"embeddable":true,"href":"https:\/\/nordnesrepublikken.no\/index.php\/wp-json\/wp\/v2\/comments?post=13138"}],"version-history":[{"count":1,"href":"https:\/\/nordnesrepublikken.no\/index.php\/wp-json\/wp\/v2\/posts\/13138\/revisions"}],"predecessor-version":[{"id":13140,"href":"https:\/\/nordnesrepublikken.no\/index.php\/wp-json\/wp\/v2\/posts\/13138\/revisions\/13140"}],"wp:featuredmedia":[{"embeddable":true,"href":"https:\/\/nordnesrepublikken.no\/index.php\/wp-json\/wp\/v2\/media\/13139"}],"wp:attachment":[{"href":"https:\/\/nordnesrepublikken.no\/index.php\/wp-json\/wp\/v2\/media?parent=13138"}],"wp:term":[{"taxonomy":"category","embeddable":true,"href":"https:\/\/nordnesrepublikken.no\/index.php\/wp-json\/wp\/v2\/categories?post=13138"},{"taxonomy":"post_tag","embeddable":true,"href":"https:\/\/nordnesrepublikken.no\/index.php\/wp-json\/wp\/v2\/tags?post=13138"}],"curies":[{"name":"wp","href":"https:\/\/api.w.org\/{rel}","templated":true}]}}