{"id":12991,"date":"2025-12-19T20:51:23","date_gmt":"2025-12-19T19:51:23","guid":{"rendered":"https:\/\/nordnesrepublikken.no\/index.php\/2025\/12\/19\/jordens-helning-solhverv-og-jevndogn\/"},"modified":"2025-12-19T20:51:25","modified_gmt":"2025-12-19T19:51:25","slug":"jordens-helning-solhverv-og-jevndogn","status":"publish","type":"post","link":"https:\/\/nordnesrepublikken.no\/index.php\/2025\/12\/19\/jordens-helning-solhverv-og-jevndogn\/","title":{"rendered":"Jordens helning, solhverv og jevnd\u00f8gn"},"content":{"rendered":"<div>\n<div class=\"cp_wrapper cp_wrapper--fw mb-30 mb-20@tablet\">\n<figure class=\"mm\"><picture class=\"img\" style=\"padding-top:56.25%\"><source  media=\"(min-width: 1024px)\"><source  media=\"(min-width: 768px)\"><\/source><\/source><\/picture><\/figure>\n<\/p><\/div>\n<p><strong>V\u00e5r<\/strong>, <strong>sommer<\/strong>, <strong>falle<\/strong>, <strong>vinter<\/strong>. \u00c5rstidene er en slik del av hverdagen v\u00e5r at vi tar dem for gitt. Likevel er de ikke i det hele tatt \u00e5penbare. De eksisterer ikke p\u00e5 samme m\u00e5te overalt p\u00e5 <strong>Jord<\/strong>det har ikke alltid v\u00e6rt fire og uten dem ville v\u00e5r m\u00e5te \u00e5 m\u00e5le tid p\u00e5 \u2013 selv selve konseptet \u00ab\u00e5r\u00bb \u2013 v\u00e6rt en helt annen.<\/p>\n<h2>Hvorfor har vi \u00e5rstider?<\/h2>\n<p>For \u00e5 forst\u00e5 dette m\u00e5 vi ta et skritt tilbake. Langt bak: ca <strong>4 og en halv milliard \u00e5r siden<\/strong>.<\/p>\n<p>I f\u00f8lge en av de mest akkrediterte hypotesene, da jorden fortsatt var ung, fikk den et veldig voldsomt sammenst\u00f8t med et himmellegeme som var mer eller mindre p\u00e5 st\u00f8rrelse med Mars, en planetoid kalt <strong>Theia<\/strong>. Fra det sammenst\u00f8tet ble m\u00e5nen f\u00f8dt, men fremfor alt skjedde en annen grunnleggende ting: <strong>jorden vippet<\/strong>. I dag er jordens rotasjonsakse vippet ca <strong>23 og en halv grad<\/strong> med hensyn til planet til banen rundt solen. Og det er nettopp denne tilb\u00f8yeligheten \u2013 ikke avstanden fra solen \u2013 som er \u00e5rsaken til \u00e5rstidene.<\/p>\n<p>Jorden gj\u00f8r en hel omdreining rundt solen p\u00e5 omtrent et \u00e5r, men mens den beveger seg langs banen <strong>aksen forblir alltid orientert i samme retning<\/strong> i verdensrommet. Dette betyr at, avhengig av jordens posisjon langs banen, vippes den ene halvkulen mot solen og den andre vippes i motsatt retning.<br \/>N\u00e5r den nordlige halvkule vippes mot solen, dukker solen opp ved middagstid <strong>h\u00f8yest p\u00e5 himmelen<\/strong>. Seks m\u00e5neder senere, n\u00e5r jorden er p\u00e5 motsatt side av banen, ser det samme punktet p\u00e5 den nordlige halvkule solen <strong>mye lavere<\/strong>. Denne h\u00f8ydeforskjellen endrer alt.<\/p>\n<p>La oss forestille oss at solen sender 100 lysstr\u00e5ler mot jorden, og b\u00e6rer energi og varme.<br \/>Hvis solen st\u00e5r h\u00f8yt p\u00e5 himmelen, treffer disse str\u00e5lene bakken mer direkte og konsentrert. Hvis imidlertid solen st\u00e5r lavt, er de samme str\u00e5lene fordelt over en st\u00f8rre overflate. Resultatet er det <strong>samme energi varmer mindre<\/strong>. H\u00f8y sol betyr mer varme: <strong>sommer, <\/strong>Lav sol betyr mindre varme: <strong>vinter<\/strong>.<br \/>Mellom disse to ekstreme situasjonene er det mellomfaser, n\u00e5r jordaksen verken peker mot solen eller i motsatt retning: <strong>v\u00e5r og h\u00f8st<\/strong>.<\/p>\n<h2>N\u00e5r det er vinter her, er det sommer i Australia: hvordan fungerer det<\/h2>\n<p>P\u00e5 dette tidspunktet er konsekvensen nesten uunng\u00e5elig. Hvis den ene halvkulen vippes mot solen, er den andre n\u00f8dvendigvis vippet i motsatt retning. N\u00e5r det er sommer p\u00e5 den nordlige halvkule, f\u00e5r den mer lys og mer varme fordi den er orientert mot solen. Men dette betyr det <strong>den s\u00f8rlige halvkule mottar mindre lys og mindre varme<\/strong>: Det er vinter der. Seks m\u00e5neder senere er situasjonen snudd.<\/p>\n<p>Det samme gjelder mellom\u00e5rstider: n\u00e5r det er v\u00e5r p\u00e5 den nordlige halvkule, er det h\u00f8st p\u00e5 den s\u00f8rlige halvkule, og omvendt. \u00c5rstidene er derfor <strong>speilvendt<\/strong> mellom de to halvkulene, ganske enkelt fordi de deler den samme skr\u00e5aksen.<\/p>\n<h2>Hvorfor er det fire \u00e5rstider: v\u00e5r, sommer, h\u00f8st og vinter<\/h2>\n<p>Varmt, kaldt og to m\u00e5ter i mellom: s\u00e5 langt er alt klart. Men hvorfor bestemte vi oss for at det faktisk er fire sesonger? Og fremfor alt: <strong>n\u00e5r begynner de og n\u00e5r slutter de?<br \/><\/strong>Svaret er delvis astronomisk og delvis kulturelt.<br \/>N\u00f8kkel\u00f8yeblikkene er fire presise astronomiske hendelser: <strong>to solhverv og to jevnd\u00f8gn<\/strong>.<\/p>\n<h3>Solverv<\/h3>\n<p>De <strong>sommersolverv<\/strong> det er \u00f8yeblikket der, for en gitt halvkule, jordens akse er orientert p\u00e5 en mest mulig direkte m\u00e5te mot solen. P\u00e5 den nordlige halvkule <strong>20. eller 21. juni<\/strong> og det er dagen med <strong>flere timer med lys i \u00e5ret<\/strong>den der solen n\u00e5r sin maksimale h\u00f8yde p\u00e5 himmelen.<\/p>\n<div class=\"cp_wrapper cp_wrapper--fw mb-50\">\n<figure class=\"mm\"><picture class=\"img\" style=\"padding-top:65.641025641026%\"><source  media=\"(min-width: 1024px)\"><source  media=\"(min-width: 768px)\"><img decoding=\"async\" loading=\"lazy\" src=\"https:\/\/nordnesrepublikken.no\/wp-content\/uploads\/2025\/12\/1766173882_678_Jordens-helning-solhverv-og-jevndogn.jpg\" alt=\"Bilde\" width=\"1560\" height=\"1024\"\/><\/source><\/source><\/picture><\/figure>\n<\/p><\/div>\n<p>De <strong>vintersolverv<\/strong> det er motsatt: aksen peker s\u00e5 langt vekk fra solen som mulig. Det er dagen med <strong>f\u00e6rre timer med lys<\/strong>der solen forblir veldig lavt i horisonten.<\/p>\n<div class=\"cp_wrapper cp_wrapper--fw mb-50\">\n<figure class=\"mm\"><picture class=\"img\" style=\"padding-top:65.641025641026%\"><source  media=\"(min-width: 1024px)\"><source  media=\"(min-width: 768px)\"><img decoding=\"async\" loading=\"lazy\" src=\"https:\/\/nordnesrepublikken.no\/wp-content\/uploads\/2025\/12\/1766173882_778_Jordens-helning-solhverv-og-jevndogn.jpg\" alt=\"Bilde\" width=\"1560\" height=\"1024\" class=\"js-seedtag-img\"\/><\/source><\/source><\/picture><\/figure>\n<\/p><\/div>\n<p>Solverv er ikke &laquo;symbolske dager&raquo;: de er det <strong>presise \u00f8yeblikk<\/strong>som inntreffer p\u00e5 et veldefinert tidspunkt og som kan variere litt fra \u00e5r til \u00e5r.<\/p>\n<p>Under sommersolverv er solen midt p\u00e5 dagen <strong>senit<\/strong> langs en spesifikk parallell: den <strong>Kreftens vendekrets<\/strong>. Under vintersolverv skjer det samme p\u00e5 <strong>Steinbukkens vendekrets<\/strong>. Og det er nettopp derfor tropene eksisterer.<\/p>\n<h3>Jevnd\u00f8gnene<\/h3>\n<p>Mellom de to solverv er det <strong>jevnd\u00f8gn<\/strong>som oppst\u00e5r n\u00e5r jordaksen vipper verken mot eller bort fra solen. I disse \u00f8yeblikkene g\u00e5r linjen som skiller dag fra natt n\u00f8yaktig gjennom de to polene. Resultatet er det <strong>dag og natt varer nesten n\u00f8yaktig 12 timer overalt p\u00e5 jorden<\/strong>. Navnet &laquo;jevnd\u00f8gn&raquo; kommer fra det latinske aequa-nox, &laquo;lik natt&raquo;.<\/p>\n<p>P\u00e5 den nordlige halvkule markerer marsjevnd\u00f8gn begynnelsen p\u00e5 <strong>v\u00e5r<\/strong>at i september begynnelsen av<strong>falle<\/strong>. Vi har derfor fire veldefinerte astronomiske \u00f8yeblikk, og rundt disse har mennesket bygget den kulturelle inndelingen av de fire \u00e5rstidene.<\/p>\n<div class=\"cp_wrapper cp_wrapper--fw mb-50\">\n<figure class=\"mm\"><picture class=\"img\" style=\"padding-top:65.641025641026%\"><source  media=\"(min-width: 1024px)\"><source  media=\"(min-width: 768px)\"><img decoding=\"async\" loading=\"lazy\" src=\"https:\/\/nordnesrepublikken.no\/wp-content\/uploads\/2025\/12\/1766173883_721_Jordens-helning-solhverv-og-jevndogn.jpg\" alt=\"Bilde\" width=\"1560\" height=\"1024\"\/><\/source><\/source><\/picture><\/figure>\n<\/p><\/div>\n<h2>\u00c5rstider finnes ikke overalt: forklaringen<\/h2>\n<p>Hvis helningen p\u00e5 jorden er den samme for alle, hvorfor er ikke \u00e5rstidene like overalt? Fordi han <strong>Tilt-effekter endres dramatisk med breddegrad<\/strong>.<br \/>N\u00e6r ekvator st\u00e5r solen alltid veldig h\u00f8yt p\u00e5 himmelen ved middagstid, hele \u00e5ret. Lengden p\u00e5 dagen varierer veldig lite og temperaturen holder seg nesten konstant. Her er det ingen egentlige termiske \u00e5rstider. Det som virkelig endrer seg er <strong>regn<\/strong>. Varm, fuktig luft stiger opp, kondenserer og for\u00e5rsaker kraftig nedb\u00f8r. Dette regnb\u00e5ndet beveger seg gjennom hele \u00e5ret: n\u00e5r det passerer over et omr\u00e5de er det regntiden, n\u00e5r det beveger seg bort kommer den t\u00f8rre \u00e5rstiden.<br \/>P\u00e5 middels breddegrader (som Italia) gir helningen til jordaksen to veldig markante effekter:<\/p>\n<ul>\n<li>solen endrer h\u00f8yde mye mellom sommer og vinter;<\/li>\n<li>lengden p\u00e5 dagen varierer med flere timer.<\/li>\n<\/ul>\n<p>Disse variasjonene er nok til \u00e5 lage <strong>fire sv\u00e6rt forskjellige \u00e5rstider<\/strong>med klare forskjeller i temperatur, lys og biologiske sykluser.<br \/>I de polare omr\u00e5dene dominerer jordens helning alt. Her kan solen <strong>ikke oppst\u00e5 p\u00e5 m\u00e5neder<\/strong> (polarnatt) eller <strong>aldri satt<\/strong> (polardag). P\u00e5 disse stedene er det ingen fire \u00e5rstider slik vi forst\u00e5r dem. Det er ganske mange <strong>to store perioder<\/strong>: en dominert av lys og en av m\u00f8rke. Temperaturen avhenger nesten utelukkende av \u00e9n ting: <strong>om solen er der eller ikke. <\/strong><\/p>\n<\/p><\/div>\n","protected":false},"excerpt":{"rendered":"<p>V\u00e5r, sommer, falle, vinter. \u00c5rstidene er en slik del av hverdagen v\u00e5r at vi tar<\/p>\n","protected":false},"author":1,"featured_media":12992,"comment_status":"closed","ping_status":"open","sticky":false,"template":"","format":"standard","meta":{"footnotes":""},"categories":[104],"tags":[8538,8540,1783,8539],"class_list":["post-12991","post","type-post","status-publish","format-standard","has-post-thumbnail","hentry","category-samfunn","tag-helning","tag-jevndogn","tag-jordens","tag-solhverv","generate-columns","tablet-grid-50","mobile-grid-100","grid-parent","grid-33","resize-featured-image"],"yoast_head":"<!-- This site is optimized with the Yoast SEO plugin v24.4 - https:\/\/yoast.com\/wordpress\/plugins\/seo\/ -->\n<title>Jordens helning, solhverv og jevnd\u00f8gn - Nordnesrepublikken<\/title>\n<meta name=\"robots\" content=\"index, follow, max-snippet:-1, max-image-preview:large, max-video-preview:-1\" \/>\n<link rel=\"canonical\" href=\"https:\/\/nordnesrepublikken.no\/index.php\/2025\/12\/19\/jordens-helning-solhverv-og-jevndogn\/\" \/>\n<meta property=\"og:locale\" content=\"nb_NO\" \/>\n<meta property=\"og:type\" content=\"article\" \/>\n<meta property=\"og:title\" content=\"Jordens helning, solhverv og jevnd\u00f8gn - Nordnesrepublikken\" \/>\n<meta property=\"og:description\" content=\"V\u00e5r, sommer, falle, vinter. \u00c5rstidene er en slik del av hverdagen v\u00e5r at vi tar\" \/>\n<meta property=\"og:url\" content=\"https:\/\/nordnesrepublikken.no\/index.php\/2025\/12\/19\/jordens-helning-solhverv-og-jevndogn\/\" \/>\n<meta property=\"og:site_name\" content=\"Nordnesrepublikken\" \/>\n<meta property=\"article:published_time\" content=\"2025-12-19T19:51:23+00:00\" \/>\n<meta property=\"article:modified_time\" content=\"2025-12-19T19:51:25+00:00\" \/>\n<meta property=\"og:image\" content=\"https:\/\/nordnesrepublikken.no\/wp-content\/uploads\/2025\/12\/1766173884_Jordens-helning-solhverv-og-jevndogn.jpg\" \/>\n\t<meta property=\"og:image:width\" content=\"1280\" \/>\n\t<meta property=\"og:image:height\" content=\"720\" \/>\n\t<meta property=\"og:image:type\" content=\"image\/jpeg\" \/>\n<meta name=\"author\" content=\"Ole Andersen\" \/>\n<meta name=\"twitter:card\" content=\"summary_large_image\" \/>\n<meta name=\"twitter:label1\" content=\"Skrevet av\" \/>\n\t<meta name=\"twitter:data1\" content=\"Ole Andersen\" \/>\n\t<meta name=\"twitter:label2\" content=\"Ansl. lesetid\" \/>\n\t<meta name=\"twitter:data2\" content=\"5 minutter\" \/>\n<script type=\"application\/ld+json\" class=\"yoast-schema-graph\">{\"@context\":\"https:\/\/schema.org\",\"@graph\":[{\"@type\":\"Article\",\"@id\":\"https:\/\/nordnesrepublikken.no\/index.php\/2025\/12\/19\/jordens-helning-solhverv-og-jevndogn\/#article\",\"isPartOf\":{\"@id\":\"https:\/\/nordnesrepublikken.no\/index.php\/2025\/12\/19\/jordens-helning-solhverv-og-jevndogn\/\"},\"author\":{\"name\":\"Ole Andersen\",\"@id\":\"https:\/\/nordnesrepublikken.no\/#\/schema\/person\/2e7e81935bab77882fffb79296240ff1\"},\"headline\":\"Jordens helning, solhverv og jevnd\u00f8gn\",\"datePublished\":\"2025-12-19T19:51:23+00:00\",\"dateModified\":\"2025-12-19T19:51:25+00:00\",\"mainEntityOfPage\":{\"@id\":\"https:\/\/nordnesrepublikken.no\/index.php\/2025\/12\/19\/jordens-helning-solhverv-og-jevndogn\/\"},\"wordCount\":1031,\"publisher\":{\"@id\":\"https:\/\/nordnesrepublikken.no\/#organization\"},\"image\":{\"@id\":\"https:\/\/nordnesrepublikken.no\/index.php\/2025\/12\/19\/jordens-helning-solhverv-og-jevndogn\/#primaryimage\"},\"thumbnailUrl\":\"https:\/\/nordnesrepublikken.no\/wp-content\/uploads\/2025\/12\/1766173884_Jordens-helning-solhverv-og-jevndogn.jpg\",\"keywords\":[\"helning\",\"jevnd\u00f8gn\",\"jordens\",\"solhverv\"],\"articleSection\":[\"Samfunn\"],\"inLanguage\":\"nb-NO\"},{\"@type\":\"WebPage\",\"@id\":\"https:\/\/nordnesrepublikken.no\/index.php\/2025\/12\/19\/jordens-helning-solhverv-og-jevndogn\/\",\"url\":\"https:\/\/nordnesrepublikken.no\/index.php\/2025\/12\/19\/jordens-helning-solhverv-og-jevndogn\/\",\"name\":\"Jordens helning, solhverv og jevnd\u00f8gn - Nordnesrepublikken\",\"isPartOf\":{\"@id\":\"https:\/\/nordnesrepublikken.no\/#website\"},\"primaryImageOfPage\":{\"@id\":\"https:\/\/nordnesrepublikken.no\/index.php\/2025\/12\/19\/jordens-helning-solhverv-og-jevndogn\/#primaryimage\"},\"image\":{\"@id\":\"https:\/\/nordnesrepublikken.no\/index.php\/2025\/12\/19\/jordens-helning-solhverv-og-jevndogn\/#primaryimage\"},\"thumbnailUrl\":\"https:\/\/nordnesrepublikken.no\/wp-content\/uploads\/2025\/12\/1766173884_Jordens-helning-solhverv-og-jevndogn.jpg\",\"datePublished\":\"2025-12-19T19:51:23+00:00\",\"dateModified\":\"2025-12-19T19:51:25+00:00\",\"breadcrumb\":{\"@id\":\"https:\/\/nordnesrepublikken.no\/index.php\/2025\/12\/19\/jordens-helning-solhverv-og-jevndogn\/#breadcrumb\"},\"inLanguage\":\"nb-NO\",\"potentialAction\":[{\"@type\":\"ReadAction\",\"target\":[\"https:\/\/nordnesrepublikken.no\/index.php\/2025\/12\/19\/jordens-helning-solhverv-og-jevndogn\/\"]}]},{\"@type\":\"ImageObject\",\"inLanguage\":\"nb-NO\",\"@id\":\"https:\/\/nordnesrepublikken.no\/index.php\/2025\/12\/19\/jordens-helning-solhverv-og-jevndogn\/#primaryimage\",\"url\":\"https:\/\/nordnesrepublikken.no\/wp-content\/uploads\/2025\/12\/1766173884_Jordens-helning-solhverv-og-jevndogn.jpg\",\"contentUrl\":\"https:\/\/nordnesrepublikken.no\/wp-content\/uploads\/2025\/12\/1766173884_Jordens-helning-solhverv-og-jevndogn.jpg\",\"width\":1280,\"height\":720,\"caption\":\"Jordens helning, solhverv og jevnd\u00f8gn\"},{\"@type\":\"BreadcrumbList\",\"@id\":\"https:\/\/nordnesrepublikken.no\/index.php\/2025\/12\/19\/jordens-helning-solhverv-og-jevndogn\/#breadcrumb\",\"itemListElement\":[{\"@type\":\"ListItem\",\"position\":1,\"name\":\"Home\",\"item\":\"https:\/\/nordnesrepublikken.no\/\"},{\"@type\":\"ListItem\",\"position\":2,\"name\":\"Jordens helning, solhverv og jevnd\u00f8gn\"}]},{\"@type\":\"WebSite\",\"@id\":\"https:\/\/nordnesrepublikken.no\/#website\",\"url\":\"https:\/\/nordnesrepublikken.no\/\",\"name\":\"Nordnesrepublikken\",\"description\":\"Stemmer og Visjoner fra Republikkens Hjerte\",\"publisher\":{\"@id\":\"https:\/\/nordnesrepublikken.no\/#organization\"},\"potentialAction\":[{\"@type\":\"SearchAction\",\"target\":{\"@type\":\"EntryPoint\",\"urlTemplate\":\"https:\/\/nordnesrepublikken.no\/?s={search_term_string}\"},\"query-input\":{\"@type\":\"PropertyValueSpecification\",\"valueRequired\":true,\"valueName\":\"search_term_string\"}}],\"inLanguage\":\"nb-NO\"},{\"@type\":\"Organization\",\"@id\":\"https:\/\/nordnesrepublikken.no\/#organization\",\"name\":\"Nordnesrepublikken\",\"url\":\"https:\/\/nordnesrepublikken.no\/\",\"logo\":{\"@type\":\"ImageObject\",\"inLanguage\":\"nb-NO\",\"@id\":\"https:\/\/nordnesrepublikken.no\/#\/schema\/logo\/image\/\",\"url\":\"https:\/\/nordnesrepublikken.no\/wp-content\/uploads\/2025\/02\/cropped-nordnesrepublikken-2.png\",\"contentUrl\":\"https:\/\/nordnesrepublikken.no\/wp-content\/uploads\/2025\/02\/cropped-nordnesrepublikken-2.png\",\"width\":1248,\"height\":362,\"caption\":\"Nordnesrepublikken\"},\"image\":{\"@id\":\"https:\/\/nordnesrepublikken.no\/#\/schema\/logo\/image\/\"}},{\"@type\":\"Person\",\"@id\":\"https:\/\/nordnesrepublikken.no\/#\/schema\/person\/2e7e81935bab77882fffb79296240ff1\",\"name\":\"Ole Andersen\",\"image\":{\"@type\":\"ImageObject\",\"inLanguage\":\"nb-NO\",\"@id\":\"https:\/\/nordnesrepublikken.no\/#\/schema\/person\/image\/\",\"url\":\"https:\/\/nordnesrepublikken.no\/wp-content\/uploads\/2025\/02\/nordnesrepublikken-2-2-150x150.jpg\",\"contentUrl\":\"https:\/\/nordnesrepublikken.no\/wp-content\/uploads\/2025\/02\/nordnesrepublikken-2-2-150x150.jpg\",\"caption\":\"Ole Andersen\"},\"description\":\"Ettersom jeg vokste opp i Oslo, har jeg alltid v\u00e6rt fascinert av ordenes kraft og deres evne til \u00e5 skape endringer. Etter \u00e5 ha fullf\u00f8rt min utdannelse i kommunikasjon ved Universitetet i Bergen, fikk jeg muligheten til \u00e5 jobbe innen ulike medier, der jeg har s\u00f8kt \u00e5 belyse viktige samfunnssp\u00f8rsm\u00e5l. I dag, som redakt\u00f8r for Nordnesrepublikken, pr\u00f8ver jeg \u00e5 forene min kj\u00e6rlighet for journalistikk med min lidenskap for innovasjon og eventyr.\",\"sameAs\":[\"https:\/\/nordnesrepublikken.no\/\"]}]}<\/script>\n<!-- \/ Yoast SEO plugin. -->","yoast_head_json":{"title":"Jordens helning, solhverv og jevnd\u00f8gn - Nordnesrepublikken","robots":{"index":"index","follow":"follow","max-snippet":"max-snippet:-1","max-image-preview":"max-image-preview:large","max-video-preview":"max-video-preview:-1"},"canonical":"https:\/\/nordnesrepublikken.no\/index.php\/2025\/12\/19\/jordens-helning-solhverv-og-jevndogn\/","og_locale":"nb_NO","og_type":"article","og_title":"Jordens helning, solhverv og jevnd\u00f8gn - Nordnesrepublikken","og_description":"V\u00e5r, sommer, falle, vinter. \u00c5rstidene er en slik del av hverdagen v\u00e5r at vi tar","og_url":"https:\/\/nordnesrepublikken.no\/index.php\/2025\/12\/19\/jordens-helning-solhverv-og-jevndogn\/","og_site_name":"Nordnesrepublikken","article_published_time":"2025-12-19T19:51:23+00:00","article_modified_time":"2025-12-19T19:51:25+00:00","og_image":[{"width":1280,"height":720,"url":"https:\/\/nordnesrepublikken.no\/wp-content\/uploads\/2025\/12\/1766173884_Jordens-helning-solhverv-og-jevndogn.jpg","type":"image\/jpeg"}],"author":"Ole Andersen","twitter_card":"summary_large_image","twitter_misc":{"Skrevet av":"Ole Andersen","Ansl. lesetid":"5 minutter"},"schema":{"@context":"https:\/\/schema.org","@graph":[{"@type":"Article","@id":"https:\/\/nordnesrepublikken.no\/index.php\/2025\/12\/19\/jordens-helning-solhverv-og-jevndogn\/#article","isPartOf":{"@id":"https:\/\/nordnesrepublikken.no\/index.php\/2025\/12\/19\/jordens-helning-solhverv-og-jevndogn\/"},"author":{"name":"Ole Andersen","@id":"https:\/\/nordnesrepublikken.no\/#\/schema\/person\/2e7e81935bab77882fffb79296240ff1"},"headline":"Jordens helning, solhverv og jevnd\u00f8gn","datePublished":"2025-12-19T19:51:23+00:00","dateModified":"2025-12-19T19:51:25+00:00","mainEntityOfPage":{"@id":"https:\/\/nordnesrepublikken.no\/index.php\/2025\/12\/19\/jordens-helning-solhverv-og-jevndogn\/"},"wordCount":1031,"publisher":{"@id":"https:\/\/nordnesrepublikken.no\/#organization"},"image":{"@id":"https:\/\/nordnesrepublikken.no\/index.php\/2025\/12\/19\/jordens-helning-solhverv-og-jevndogn\/#primaryimage"},"thumbnailUrl":"https:\/\/nordnesrepublikken.no\/wp-content\/uploads\/2025\/12\/1766173884_Jordens-helning-solhverv-og-jevndogn.jpg","keywords":["helning","jevnd\u00f8gn","jordens","solhverv"],"articleSection":["Samfunn"],"inLanguage":"nb-NO"},{"@type":"WebPage","@id":"https:\/\/nordnesrepublikken.no\/index.php\/2025\/12\/19\/jordens-helning-solhverv-og-jevndogn\/","url":"https:\/\/nordnesrepublikken.no\/index.php\/2025\/12\/19\/jordens-helning-solhverv-og-jevndogn\/","name":"Jordens helning, solhverv og jevnd\u00f8gn - Nordnesrepublikken","isPartOf":{"@id":"https:\/\/nordnesrepublikken.no\/#website"},"primaryImageOfPage":{"@id":"https:\/\/nordnesrepublikken.no\/index.php\/2025\/12\/19\/jordens-helning-solhverv-og-jevndogn\/#primaryimage"},"image":{"@id":"https:\/\/nordnesrepublikken.no\/index.php\/2025\/12\/19\/jordens-helning-solhverv-og-jevndogn\/#primaryimage"},"thumbnailUrl":"https:\/\/nordnesrepublikken.no\/wp-content\/uploads\/2025\/12\/1766173884_Jordens-helning-solhverv-og-jevndogn.jpg","datePublished":"2025-12-19T19:51:23+00:00","dateModified":"2025-12-19T19:51:25+00:00","breadcrumb":{"@id":"https:\/\/nordnesrepublikken.no\/index.php\/2025\/12\/19\/jordens-helning-solhverv-og-jevndogn\/#breadcrumb"},"inLanguage":"nb-NO","potentialAction":[{"@type":"ReadAction","target":["https:\/\/nordnesrepublikken.no\/index.php\/2025\/12\/19\/jordens-helning-solhverv-og-jevndogn\/"]}]},{"@type":"ImageObject","inLanguage":"nb-NO","@id":"https:\/\/nordnesrepublikken.no\/index.php\/2025\/12\/19\/jordens-helning-solhverv-og-jevndogn\/#primaryimage","url":"https:\/\/nordnesrepublikken.no\/wp-content\/uploads\/2025\/12\/1766173884_Jordens-helning-solhverv-og-jevndogn.jpg","contentUrl":"https:\/\/nordnesrepublikken.no\/wp-content\/uploads\/2025\/12\/1766173884_Jordens-helning-solhverv-og-jevndogn.jpg","width":1280,"height":720,"caption":"Jordens helning, solhverv og jevnd\u00f8gn"},{"@type":"BreadcrumbList","@id":"https:\/\/nordnesrepublikken.no\/index.php\/2025\/12\/19\/jordens-helning-solhverv-og-jevndogn\/#breadcrumb","itemListElement":[{"@type":"ListItem","position":1,"name":"Home","item":"https:\/\/nordnesrepublikken.no\/"},{"@type":"ListItem","position":2,"name":"Jordens helning, solhverv og jevnd\u00f8gn"}]},{"@type":"WebSite","@id":"https:\/\/nordnesrepublikken.no\/#website","url":"https:\/\/nordnesrepublikken.no\/","name":"Nordnesrepublikken","description":"Stemmer og Visjoner fra Republikkens Hjerte","publisher":{"@id":"https:\/\/nordnesrepublikken.no\/#organization"},"potentialAction":[{"@type":"SearchAction","target":{"@type":"EntryPoint","urlTemplate":"https:\/\/nordnesrepublikken.no\/?s={search_term_string}"},"query-input":{"@type":"PropertyValueSpecification","valueRequired":true,"valueName":"search_term_string"}}],"inLanguage":"nb-NO"},{"@type":"Organization","@id":"https:\/\/nordnesrepublikken.no\/#organization","name":"Nordnesrepublikken","url":"https:\/\/nordnesrepublikken.no\/","logo":{"@type":"ImageObject","inLanguage":"nb-NO","@id":"https:\/\/nordnesrepublikken.no\/#\/schema\/logo\/image\/","url":"https:\/\/nordnesrepublikken.no\/wp-content\/uploads\/2025\/02\/cropped-nordnesrepublikken-2.png","contentUrl":"https:\/\/nordnesrepublikken.no\/wp-content\/uploads\/2025\/02\/cropped-nordnesrepublikken-2.png","width":1248,"height":362,"caption":"Nordnesrepublikken"},"image":{"@id":"https:\/\/nordnesrepublikken.no\/#\/schema\/logo\/image\/"}},{"@type":"Person","@id":"https:\/\/nordnesrepublikken.no\/#\/schema\/person\/2e7e81935bab77882fffb79296240ff1","name":"Ole Andersen","image":{"@type":"ImageObject","inLanguage":"nb-NO","@id":"https:\/\/nordnesrepublikken.no\/#\/schema\/person\/image\/","url":"https:\/\/nordnesrepublikken.no\/wp-content\/uploads\/2025\/02\/nordnesrepublikken-2-2-150x150.jpg","contentUrl":"https:\/\/nordnesrepublikken.no\/wp-content\/uploads\/2025\/02\/nordnesrepublikken-2-2-150x150.jpg","caption":"Ole Andersen"},"description":"Ettersom jeg vokste opp i Oslo, har jeg alltid v\u00e6rt fascinert av ordenes kraft og deres evne til \u00e5 skape endringer. Etter \u00e5 ha fullf\u00f8rt min utdannelse i kommunikasjon ved Universitetet i Bergen, fikk jeg muligheten til \u00e5 jobbe innen ulike medier, der jeg har s\u00f8kt \u00e5 belyse viktige samfunnssp\u00f8rsm\u00e5l. I dag, som redakt\u00f8r for Nordnesrepublikken, pr\u00f8ver jeg \u00e5 forene min kj\u00e6rlighet for journalistikk med min lidenskap for innovasjon og eventyr.","sameAs":["https:\/\/nordnesrepublikken.no\/"]}]}},"_links":{"self":[{"href":"https:\/\/nordnesrepublikken.no\/index.php\/wp-json\/wp\/v2\/posts\/12991","targetHints":{"allow":["GET"]}}],"collection":[{"href":"https:\/\/nordnesrepublikken.no\/index.php\/wp-json\/wp\/v2\/posts"}],"about":[{"href":"https:\/\/nordnesrepublikken.no\/index.php\/wp-json\/wp\/v2\/types\/post"}],"author":[{"embeddable":true,"href":"https:\/\/nordnesrepublikken.no\/index.php\/wp-json\/wp\/v2\/users\/1"}],"replies":[{"embeddable":true,"href":"https:\/\/nordnesrepublikken.no\/index.php\/wp-json\/wp\/v2\/comments?post=12991"}],"version-history":[{"count":1,"href":"https:\/\/nordnesrepublikken.no\/index.php\/wp-json\/wp\/v2\/posts\/12991\/revisions"}],"predecessor-version":[{"id":12993,"href":"https:\/\/nordnesrepublikken.no\/index.php\/wp-json\/wp\/v2\/posts\/12991\/revisions\/12993"}],"wp:featuredmedia":[{"embeddable":true,"href":"https:\/\/nordnesrepublikken.no\/index.php\/wp-json\/wp\/v2\/media\/12992"}],"wp:attachment":[{"href":"https:\/\/nordnesrepublikken.no\/index.php\/wp-json\/wp\/v2\/media?parent=12991"}],"wp:term":[{"taxonomy":"category","embeddable":true,"href":"https:\/\/nordnesrepublikken.no\/index.php\/wp-json\/wp\/v2\/categories?post=12991"},{"taxonomy":"post_tag","embeddable":true,"href":"https:\/\/nordnesrepublikken.no\/index.php\/wp-json\/wp\/v2\/tags?post=12991"}],"curies":[{"name":"wp","href":"https:\/\/api.w.org\/{rel}","templated":true}]}}