{"id":12970,"date":"2025-12-19T10:50:31","date_gmt":"2025-12-19T09:50:31","guid":{"rendered":"https:\/\/nordnesrepublikken.no\/index.php\/2025\/12\/19\/det-41-italienske-vitenskapelige-oppdraget-begynner\/"},"modified":"2025-12-19T10:50:33","modified_gmt":"2025-12-19T09:50:33","slug":"det-41-italienske-vitenskapelige-oppdraget-begynner","status":"publish","type":"post","link":"https:\/\/nordnesrepublikken.no\/index.php\/2025\/12\/19\/det-41-italienske-vitenskapelige-oppdraget-begynner\/","title":{"rendered":"det 41. italienske vitenskapelige oppdraget begynner"},"content":{"rendered":"<div>\n<div class=\"cp_wrapper cp_wrapper--fw mb-30 mb-20@tablet\">\n<figure class=\"mm\"><picture class=\"img\" style=\"padding-top:56.25%\"><source  media=\"(min-width: 1024px)\"><source  media=\"(min-width: 768px)\"><\/source><\/source><\/picture><\/figure>\n<\/p><\/div>\n<p>Der <strong>isbryter Laura Bassi<\/strong>den eneste italieneren som er i stand til \u00e5 operere ved polene, n\u00e5dde Mario Zucchelli-stasjonen i Antarktis for \u00e5 utf\u00f8re <strong>41. italiensk forskningsekspedisjon<\/strong>innenfor National Antarctic Research Program (PNRA). Oppdraget, som startet i oktober, vil vare <strong>fire m\u00e5neder<\/strong> og involverer aktiviteter som inkluderer transport av utvunne iskjerner, studiet av marine sedimenter og deres interaksjoner med is og hav, forvaltning av nettverket av marine observatorier og studiet av undervannsunders\u00f8kelser. Antarktis, takket v\u00e6re geografien til territoriet og isolasjonen, er en <strong>ideelt vitenskapelig laboratorium <\/strong>\u00e5 studere dynamikken som p\u00e5virker planeten v\u00e5r. Skipet er oppkalt etter vitenskapsmannen Laura Bassi, den f\u00f8rste kvinnen i verden som fikk et universitetsprofessorat.<\/p>\n<h2>Laura Bassi er i Antarktis: det er det 41. oppdraget<\/h2>\n<p>Italia utf\u00f8rer vitenskapelige oppdrag i Antarktis <strong>siden 1985<\/strong>med koordinering av<strong>AENEAS<\/strong> (Nasjonalt organ for ny teknologi, energi og b\u00e6rekraftig \u00f8konomisk utvikling), del <strong>CNR<\/strong> (Nasjonalt forskningsr\u00e5d) og<strong>OGS <\/strong>(National Institute of Oceanography and Experimental Geophysics).<\/p>\n<p>\u00c5rets misjon inkluderer <strong>to forskningskampanjer<\/strong>. Den f\u00f8rste, som varer i 25 dager, gjelder logistiske st\u00f8tteaktiviteter p\u00e5 Mario Zucchelli-stasjonen og <strong>overf\u00f8ring av iskjerner til Antarktis<\/strong> samlet over hele verden som en del av det internasjonale Ice Memory-initiativet, som har som m\u00e5l \u00e5 lage et arkiv med klimadata. Den andre, som vil vare i 58 dager fra og med 30. desember, vil bli dedikert til <strong>fem ulike forskningsprosjekter<\/strong>. Prosjektene inkluderer:<\/p>\n<ul>\n<li>de <strong>studie av prosessene som skjer i marine sedimenter<\/strong> etter deres avsetning p\u00e5 havbunnen;<\/li>\n<li>der <strong>rekonstruksjon av milj\u00f8- og klimautvikling<\/strong> starter fra pliocen p\u00e5 den kontinentale marginen til Sabrina-kysten, i <strong>S\u00f8r\u00f8st-Antarktis<\/strong>;<\/li>\n<li>de<strong>analyse av interaksjoner mellom is, hav og sedimenter i det \u00f8stlige Rosshavet<\/strong> \u00e5 forst\u00e5 hvordan innlandsisen reagerer p\u00e5 klimaendringer;<\/li>\n<li>der <strong>forvaltning av det marine observatorienettverket<\/strong>som gir data om havvann;<\/li>\n<li>de <strong>studie av undervannsunders\u00f8kelser<\/strong> observert i Rosshavet p\u00e5 dybder mellom 400 og 1200 m, i stand til \u00e5 p\u00e5virke havsirkulasjonen og v\u00e6re vert for bestemte organismer.<\/li>\n<\/ul>\n<div class=\"cp_wrapper cp_wrapper--fw mb-50\">\n<figure class=\"mm\"><picture class=\"img\" style=\"padding-top:56.140350877193%\"><source  media=\"(min-width: 1024px)\"><source  media=\"(min-width: 768px)\"><img decoding=\"async\" loading=\"lazy\" src=\"https:\/\/nordnesrepublikken.no\/wp-content\/uploads\/2025\/12\/1766137831_963_det-41-italienske-vitenskapelige-oppdraget-begynner.jpg\" alt=\"Bilde\" width=\"1140\" height=\"640\"\/><\/source><\/source><\/picture><\/figure>\n<\/p><\/div>\n<h2>Kjennetegn p\u00e5 Laura Bassi-isbryteren<\/h2>\n<p>Under de italienske oppdragene i Antarktis oppholder og opererer de involverte teknikerne og forskerne <strong>Concordia permanent stasjon<\/strong> og i <strong>Mario Zucchelli sommerferiested<\/strong>. Der <strong>Concord<\/strong> den ligger p\u00e5 3233 moh i det s\u00f8r\u00f8stlige Antarktis og er utstyrt med astronomiske, geofysiske og meteorologiske observatorier. Der <strong>Zucchelli<\/strong>brukt mellom midten av oktober og midten av februar, ligger p\u00e5 kysten av det s\u00f8rlige Antarktis, er vert for laboratorier og har land-, sj\u00f8- og lufttransport. Planleggingen og den logistiske organiseringen av aktivitetene ved de antarktiske stasjonene er betrodd ENEA, mens de vitenskapelige aktivitetene koordineres av CNR. OGS tar i stedet for seg teknisk og vitenskapelig forvaltning av <strong>isbryter Laura Bassi<\/strong>. Dette skipet er det eneste italienske skipet som er i stand til \u00e5 operere ved polene. OG <strong>80 lang og 17 bred<\/strong> og dens robusthet gj\u00f8r at den kan operere i isdekket hav uten \u00e5 risikere strukturelle skader. Dens form\u00e5l er <strong>st\u00f8tte vitenskapelig aktivitet og b\u00e6re tunge laster<\/strong> og fra i \u00e5r vil det takket v\u00e6re en modernisering gi bedre forhold for forskning og liv om bord.<\/p>\n<div class=\"cp_wrapper cp_wrapper--fw mb-50\">\n<figure class=\"mm\"><picture class=\"img\" style=\"padding-top:75%\"><source  media=\"(min-width: 1024px)\"><source  media=\"(min-width: 768px)\"><img decoding=\"async\" loading=\"lazy\" src=\"https:\/\/nordnesrepublikken.no\/wp-content\/uploads\/2025\/12\/1766137831_297_det-41-italienske-vitenskapelige-oppdraget-begynner.jpg\" alt=\"Bilde\" width=\"2560\" height=\"1920\" class=\"js-seedtag-img\"\/><\/source><\/source><\/picture><\/figure>\n<\/p><\/div>\n<\/p><\/div>\n","protected":false},"excerpt":{"rendered":"<p>Der isbryter Laura Bassiden eneste italieneren som er i stand til \u00e5 operere ved polene,<\/p>\n","protected":false},"author":1,"featured_media":12971,"comment_status":"closed","ping_status":"open","sticky":false,"template":"","format":"standard","meta":{"footnotes":""},"categories":[26],"tags":[6446,66,782,8528,2128],"class_list":["post-12970","post","type-post","status-publish","format-standard","has-post-thumbnail","hentry","category-miljo","tag-begynner","tag-det","tag-italienske","tag-oppdraget","tag-vitenskapelige","generate-columns","tablet-grid-50","mobile-grid-100","grid-parent","grid-33","resize-featured-image"],"yoast_head":"<!-- This site is optimized with the Yoast SEO plugin v24.4 - https:\/\/yoast.com\/wordpress\/plugins\/seo\/ -->\n<title>det 41. italienske vitenskapelige oppdraget begynner - Nordnesrepublikken<\/title>\n<meta name=\"robots\" content=\"index, follow, max-snippet:-1, max-image-preview:large, max-video-preview:-1\" \/>\n<link rel=\"canonical\" href=\"https:\/\/nordnesrepublikken.no\/index.php\/2025\/12\/19\/det-41-italienske-vitenskapelige-oppdraget-begynner\/\" \/>\n<meta property=\"og:locale\" content=\"nb_NO\" \/>\n<meta property=\"og:type\" content=\"article\" \/>\n<meta property=\"og:title\" content=\"det 41. italienske vitenskapelige oppdraget begynner - Nordnesrepublikken\" \/>\n<meta property=\"og:description\" content=\"Der isbryter Laura Bassiden eneste italieneren som er i stand til \u00e5 operere ved polene,\" \/>\n<meta property=\"og:url\" content=\"https:\/\/nordnesrepublikken.no\/index.php\/2025\/12\/19\/det-41-italienske-vitenskapelige-oppdraget-begynner\/\" \/>\n<meta property=\"og:site_name\" content=\"Nordnesrepublikken\" \/>\n<meta property=\"article:published_time\" content=\"2025-12-19T09:50:31+00:00\" \/>\n<meta property=\"article:modified_time\" content=\"2025-12-19T09:50:33+00:00\" \/>\n<meta property=\"og:image\" content=\"https:\/\/nordnesrepublikken.no\/wp-content\/uploads\/2025\/12\/1766137832_det-41-italienske-vitenskapelige-oppdraget-begynner.jpg\" \/>\n\t<meta property=\"og:image:width\" content=\"1140\" \/>\n\t<meta property=\"og:image:height\" content=\"640\" \/>\n\t<meta property=\"og:image:type\" content=\"image\/jpeg\" \/>\n<meta name=\"author\" content=\"Ole Andersen\" \/>\n<meta name=\"twitter:card\" content=\"summary_large_image\" \/>\n<meta name=\"twitter:label1\" content=\"Skrevet av\" \/>\n\t<meta name=\"twitter:data1\" content=\"Ole Andersen\" \/>\n\t<meta name=\"twitter:label2\" content=\"Ansl. lesetid\" \/>\n\t<meta name=\"twitter:data2\" content=\"2 minutter\" \/>\n<script type=\"application\/ld+json\" class=\"yoast-schema-graph\">{\"@context\":\"https:\/\/schema.org\",\"@graph\":[{\"@type\":\"Article\",\"@id\":\"https:\/\/nordnesrepublikken.no\/index.php\/2025\/12\/19\/det-41-italienske-vitenskapelige-oppdraget-begynner\/#article\",\"isPartOf\":{\"@id\":\"https:\/\/nordnesrepublikken.no\/index.php\/2025\/12\/19\/det-41-italienske-vitenskapelige-oppdraget-begynner\/\"},\"author\":{\"name\":\"Ole Andersen\",\"@id\":\"https:\/\/nordnesrepublikken.no\/#\/schema\/person\/2e7e81935bab77882fffb79296240ff1\"},\"headline\":\"det 41. italienske vitenskapelige oppdraget begynner\",\"datePublished\":\"2025-12-19T09:50:31+00:00\",\"dateModified\":\"2025-12-19T09:50:33+00:00\",\"mainEntityOfPage\":{\"@id\":\"https:\/\/nordnesrepublikken.no\/index.php\/2025\/12\/19\/det-41-italienske-vitenskapelige-oppdraget-begynner\/\"},\"wordCount\":494,\"publisher\":{\"@id\":\"https:\/\/nordnesrepublikken.no\/#organization\"},\"image\":{\"@id\":\"https:\/\/nordnesrepublikken.no\/index.php\/2025\/12\/19\/det-41-italienske-vitenskapelige-oppdraget-begynner\/#primaryimage\"},\"thumbnailUrl\":\"https:\/\/nordnesrepublikken.no\/wp-content\/uploads\/2025\/12\/1766137832_det-41-italienske-vitenskapelige-oppdraget-begynner.jpg\",\"keywords\":[\"begynner\",\"Det\",\"italienske\",\"oppdraget\",\"vitenskapelige\"],\"articleSection\":[\"Milj\u00f8\"],\"inLanguage\":\"nb-NO\"},{\"@type\":\"WebPage\",\"@id\":\"https:\/\/nordnesrepublikken.no\/index.php\/2025\/12\/19\/det-41-italienske-vitenskapelige-oppdraget-begynner\/\",\"url\":\"https:\/\/nordnesrepublikken.no\/index.php\/2025\/12\/19\/det-41-italienske-vitenskapelige-oppdraget-begynner\/\",\"name\":\"det 41. italienske vitenskapelige oppdraget begynner - Nordnesrepublikken\",\"isPartOf\":{\"@id\":\"https:\/\/nordnesrepublikken.no\/#website\"},\"primaryImageOfPage\":{\"@id\":\"https:\/\/nordnesrepublikken.no\/index.php\/2025\/12\/19\/det-41-italienske-vitenskapelige-oppdraget-begynner\/#primaryimage\"},\"image\":{\"@id\":\"https:\/\/nordnesrepublikken.no\/index.php\/2025\/12\/19\/det-41-italienske-vitenskapelige-oppdraget-begynner\/#primaryimage\"},\"thumbnailUrl\":\"https:\/\/nordnesrepublikken.no\/wp-content\/uploads\/2025\/12\/1766137832_det-41-italienske-vitenskapelige-oppdraget-begynner.jpg\",\"datePublished\":\"2025-12-19T09:50:31+00:00\",\"dateModified\":\"2025-12-19T09:50:33+00:00\",\"breadcrumb\":{\"@id\":\"https:\/\/nordnesrepublikken.no\/index.php\/2025\/12\/19\/det-41-italienske-vitenskapelige-oppdraget-begynner\/#breadcrumb\"},\"inLanguage\":\"nb-NO\",\"potentialAction\":[{\"@type\":\"ReadAction\",\"target\":[\"https:\/\/nordnesrepublikken.no\/index.php\/2025\/12\/19\/det-41-italienske-vitenskapelige-oppdraget-begynner\/\"]}]},{\"@type\":\"ImageObject\",\"inLanguage\":\"nb-NO\",\"@id\":\"https:\/\/nordnesrepublikken.no\/index.php\/2025\/12\/19\/det-41-italienske-vitenskapelige-oppdraget-begynner\/#primaryimage\",\"url\":\"https:\/\/nordnesrepublikken.no\/wp-content\/uploads\/2025\/12\/1766137832_det-41-italienske-vitenskapelige-oppdraget-begynner.jpg\",\"contentUrl\":\"https:\/\/nordnesrepublikken.no\/wp-content\/uploads\/2025\/12\/1766137832_det-41-italienske-vitenskapelige-oppdraget-begynner.jpg\",\"width\":1140,\"height\":640,\"caption\":\"det 41. italienske vitenskapelige oppdraget begynner\"},{\"@type\":\"BreadcrumbList\",\"@id\":\"https:\/\/nordnesrepublikken.no\/index.php\/2025\/12\/19\/det-41-italienske-vitenskapelige-oppdraget-begynner\/#breadcrumb\",\"itemListElement\":[{\"@type\":\"ListItem\",\"position\":1,\"name\":\"Home\",\"item\":\"https:\/\/nordnesrepublikken.no\/\"},{\"@type\":\"ListItem\",\"position\":2,\"name\":\"det 41. italienske vitenskapelige oppdraget begynner\"}]},{\"@type\":\"WebSite\",\"@id\":\"https:\/\/nordnesrepublikken.no\/#website\",\"url\":\"https:\/\/nordnesrepublikken.no\/\",\"name\":\"Nordnesrepublikken\",\"description\":\"Stemmer og Visjoner fra Republikkens Hjerte\",\"publisher\":{\"@id\":\"https:\/\/nordnesrepublikken.no\/#organization\"},\"potentialAction\":[{\"@type\":\"SearchAction\",\"target\":{\"@type\":\"EntryPoint\",\"urlTemplate\":\"https:\/\/nordnesrepublikken.no\/?s={search_term_string}\"},\"query-input\":{\"@type\":\"PropertyValueSpecification\",\"valueRequired\":true,\"valueName\":\"search_term_string\"}}],\"inLanguage\":\"nb-NO\"},{\"@type\":\"Organization\",\"@id\":\"https:\/\/nordnesrepublikken.no\/#organization\",\"name\":\"Nordnesrepublikken\",\"url\":\"https:\/\/nordnesrepublikken.no\/\",\"logo\":{\"@type\":\"ImageObject\",\"inLanguage\":\"nb-NO\",\"@id\":\"https:\/\/nordnesrepublikken.no\/#\/schema\/logo\/image\/\",\"url\":\"https:\/\/nordnesrepublikken.no\/wp-content\/uploads\/2025\/02\/cropped-nordnesrepublikken-2.png\",\"contentUrl\":\"https:\/\/nordnesrepublikken.no\/wp-content\/uploads\/2025\/02\/cropped-nordnesrepublikken-2.png\",\"width\":1248,\"height\":362,\"caption\":\"Nordnesrepublikken\"},\"image\":{\"@id\":\"https:\/\/nordnesrepublikken.no\/#\/schema\/logo\/image\/\"}},{\"@type\":\"Person\",\"@id\":\"https:\/\/nordnesrepublikken.no\/#\/schema\/person\/2e7e81935bab77882fffb79296240ff1\",\"name\":\"Ole Andersen\",\"image\":{\"@type\":\"ImageObject\",\"inLanguage\":\"nb-NO\",\"@id\":\"https:\/\/nordnesrepublikken.no\/#\/schema\/person\/image\/\",\"url\":\"https:\/\/nordnesrepublikken.no\/wp-content\/uploads\/2025\/02\/nordnesrepublikken-2-2-150x150.jpg\",\"contentUrl\":\"https:\/\/nordnesrepublikken.no\/wp-content\/uploads\/2025\/02\/nordnesrepublikken-2-2-150x150.jpg\",\"caption\":\"Ole Andersen\"},\"description\":\"Ettersom jeg vokste opp i Oslo, har jeg alltid v\u00e6rt fascinert av ordenes kraft og deres evne til \u00e5 skape endringer. Etter \u00e5 ha fullf\u00f8rt min utdannelse i kommunikasjon ved Universitetet i Bergen, fikk jeg muligheten til \u00e5 jobbe innen ulike medier, der jeg har s\u00f8kt \u00e5 belyse viktige samfunnssp\u00f8rsm\u00e5l. I dag, som redakt\u00f8r for Nordnesrepublikken, pr\u00f8ver jeg \u00e5 forene min kj\u00e6rlighet for journalistikk med min lidenskap for innovasjon og eventyr.\",\"sameAs\":[\"https:\/\/nordnesrepublikken.no\/\"]}]}<\/script>\n<!-- \/ Yoast SEO plugin. -->","yoast_head_json":{"title":"det 41. italienske vitenskapelige oppdraget begynner - Nordnesrepublikken","robots":{"index":"index","follow":"follow","max-snippet":"max-snippet:-1","max-image-preview":"max-image-preview:large","max-video-preview":"max-video-preview:-1"},"canonical":"https:\/\/nordnesrepublikken.no\/index.php\/2025\/12\/19\/det-41-italienske-vitenskapelige-oppdraget-begynner\/","og_locale":"nb_NO","og_type":"article","og_title":"det 41. italienske vitenskapelige oppdraget begynner - Nordnesrepublikken","og_description":"Der isbryter Laura Bassiden eneste italieneren som er i stand til \u00e5 operere ved polene,","og_url":"https:\/\/nordnesrepublikken.no\/index.php\/2025\/12\/19\/det-41-italienske-vitenskapelige-oppdraget-begynner\/","og_site_name":"Nordnesrepublikken","article_published_time":"2025-12-19T09:50:31+00:00","article_modified_time":"2025-12-19T09:50:33+00:00","og_image":[{"width":1140,"height":640,"url":"https:\/\/nordnesrepublikken.no\/wp-content\/uploads\/2025\/12\/1766137832_det-41-italienske-vitenskapelige-oppdraget-begynner.jpg","type":"image\/jpeg"}],"author":"Ole Andersen","twitter_card":"summary_large_image","twitter_misc":{"Skrevet av":"Ole Andersen","Ansl. lesetid":"2 minutter"},"schema":{"@context":"https:\/\/schema.org","@graph":[{"@type":"Article","@id":"https:\/\/nordnesrepublikken.no\/index.php\/2025\/12\/19\/det-41-italienske-vitenskapelige-oppdraget-begynner\/#article","isPartOf":{"@id":"https:\/\/nordnesrepublikken.no\/index.php\/2025\/12\/19\/det-41-italienske-vitenskapelige-oppdraget-begynner\/"},"author":{"name":"Ole Andersen","@id":"https:\/\/nordnesrepublikken.no\/#\/schema\/person\/2e7e81935bab77882fffb79296240ff1"},"headline":"det 41. italienske vitenskapelige oppdraget begynner","datePublished":"2025-12-19T09:50:31+00:00","dateModified":"2025-12-19T09:50:33+00:00","mainEntityOfPage":{"@id":"https:\/\/nordnesrepublikken.no\/index.php\/2025\/12\/19\/det-41-italienske-vitenskapelige-oppdraget-begynner\/"},"wordCount":494,"publisher":{"@id":"https:\/\/nordnesrepublikken.no\/#organization"},"image":{"@id":"https:\/\/nordnesrepublikken.no\/index.php\/2025\/12\/19\/det-41-italienske-vitenskapelige-oppdraget-begynner\/#primaryimage"},"thumbnailUrl":"https:\/\/nordnesrepublikken.no\/wp-content\/uploads\/2025\/12\/1766137832_det-41-italienske-vitenskapelige-oppdraget-begynner.jpg","keywords":["begynner","Det","italienske","oppdraget","vitenskapelige"],"articleSection":["Milj\u00f8"],"inLanguage":"nb-NO"},{"@type":"WebPage","@id":"https:\/\/nordnesrepublikken.no\/index.php\/2025\/12\/19\/det-41-italienske-vitenskapelige-oppdraget-begynner\/","url":"https:\/\/nordnesrepublikken.no\/index.php\/2025\/12\/19\/det-41-italienske-vitenskapelige-oppdraget-begynner\/","name":"det 41. italienske vitenskapelige oppdraget begynner - Nordnesrepublikken","isPartOf":{"@id":"https:\/\/nordnesrepublikken.no\/#website"},"primaryImageOfPage":{"@id":"https:\/\/nordnesrepublikken.no\/index.php\/2025\/12\/19\/det-41-italienske-vitenskapelige-oppdraget-begynner\/#primaryimage"},"image":{"@id":"https:\/\/nordnesrepublikken.no\/index.php\/2025\/12\/19\/det-41-italienske-vitenskapelige-oppdraget-begynner\/#primaryimage"},"thumbnailUrl":"https:\/\/nordnesrepublikken.no\/wp-content\/uploads\/2025\/12\/1766137832_det-41-italienske-vitenskapelige-oppdraget-begynner.jpg","datePublished":"2025-12-19T09:50:31+00:00","dateModified":"2025-12-19T09:50:33+00:00","breadcrumb":{"@id":"https:\/\/nordnesrepublikken.no\/index.php\/2025\/12\/19\/det-41-italienske-vitenskapelige-oppdraget-begynner\/#breadcrumb"},"inLanguage":"nb-NO","potentialAction":[{"@type":"ReadAction","target":["https:\/\/nordnesrepublikken.no\/index.php\/2025\/12\/19\/det-41-italienske-vitenskapelige-oppdraget-begynner\/"]}]},{"@type":"ImageObject","inLanguage":"nb-NO","@id":"https:\/\/nordnesrepublikken.no\/index.php\/2025\/12\/19\/det-41-italienske-vitenskapelige-oppdraget-begynner\/#primaryimage","url":"https:\/\/nordnesrepublikken.no\/wp-content\/uploads\/2025\/12\/1766137832_det-41-italienske-vitenskapelige-oppdraget-begynner.jpg","contentUrl":"https:\/\/nordnesrepublikken.no\/wp-content\/uploads\/2025\/12\/1766137832_det-41-italienske-vitenskapelige-oppdraget-begynner.jpg","width":1140,"height":640,"caption":"det 41. italienske vitenskapelige oppdraget begynner"},{"@type":"BreadcrumbList","@id":"https:\/\/nordnesrepublikken.no\/index.php\/2025\/12\/19\/det-41-italienske-vitenskapelige-oppdraget-begynner\/#breadcrumb","itemListElement":[{"@type":"ListItem","position":1,"name":"Home","item":"https:\/\/nordnesrepublikken.no\/"},{"@type":"ListItem","position":2,"name":"det 41. italienske vitenskapelige oppdraget begynner"}]},{"@type":"WebSite","@id":"https:\/\/nordnesrepublikken.no\/#website","url":"https:\/\/nordnesrepublikken.no\/","name":"Nordnesrepublikken","description":"Stemmer og Visjoner fra Republikkens Hjerte","publisher":{"@id":"https:\/\/nordnesrepublikken.no\/#organization"},"potentialAction":[{"@type":"SearchAction","target":{"@type":"EntryPoint","urlTemplate":"https:\/\/nordnesrepublikken.no\/?s={search_term_string}"},"query-input":{"@type":"PropertyValueSpecification","valueRequired":true,"valueName":"search_term_string"}}],"inLanguage":"nb-NO"},{"@type":"Organization","@id":"https:\/\/nordnesrepublikken.no\/#organization","name":"Nordnesrepublikken","url":"https:\/\/nordnesrepublikken.no\/","logo":{"@type":"ImageObject","inLanguage":"nb-NO","@id":"https:\/\/nordnesrepublikken.no\/#\/schema\/logo\/image\/","url":"https:\/\/nordnesrepublikken.no\/wp-content\/uploads\/2025\/02\/cropped-nordnesrepublikken-2.png","contentUrl":"https:\/\/nordnesrepublikken.no\/wp-content\/uploads\/2025\/02\/cropped-nordnesrepublikken-2.png","width":1248,"height":362,"caption":"Nordnesrepublikken"},"image":{"@id":"https:\/\/nordnesrepublikken.no\/#\/schema\/logo\/image\/"}},{"@type":"Person","@id":"https:\/\/nordnesrepublikken.no\/#\/schema\/person\/2e7e81935bab77882fffb79296240ff1","name":"Ole Andersen","image":{"@type":"ImageObject","inLanguage":"nb-NO","@id":"https:\/\/nordnesrepublikken.no\/#\/schema\/person\/image\/","url":"https:\/\/nordnesrepublikken.no\/wp-content\/uploads\/2025\/02\/nordnesrepublikken-2-2-150x150.jpg","contentUrl":"https:\/\/nordnesrepublikken.no\/wp-content\/uploads\/2025\/02\/nordnesrepublikken-2-2-150x150.jpg","caption":"Ole Andersen"},"description":"Ettersom jeg vokste opp i Oslo, har jeg alltid v\u00e6rt fascinert av ordenes kraft og deres evne til \u00e5 skape endringer. Etter \u00e5 ha fullf\u00f8rt min utdannelse i kommunikasjon ved Universitetet i Bergen, fikk jeg muligheten til \u00e5 jobbe innen ulike medier, der jeg har s\u00f8kt \u00e5 belyse viktige samfunnssp\u00f8rsm\u00e5l. I dag, som redakt\u00f8r for Nordnesrepublikken, pr\u00f8ver jeg \u00e5 forene min kj\u00e6rlighet for journalistikk med min lidenskap for innovasjon og eventyr.","sameAs":["https:\/\/nordnesrepublikken.no\/"]}]}},"_links":{"self":[{"href":"https:\/\/nordnesrepublikken.no\/index.php\/wp-json\/wp\/v2\/posts\/12970","targetHints":{"allow":["GET"]}}],"collection":[{"href":"https:\/\/nordnesrepublikken.no\/index.php\/wp-json\/wp\/v2\/posts"}],"about":[{"href":"https:\/\/nordnesrepublikken.no\/index.php\/wp-json\/wp\/v2\/types\/post"}],"author":[{"embeddable":true,"href":"https:\/\/nordnesrepublikken.no\/index.php\/wp-json\/wp\/v2\/users\/1"}],"replies":[{"embeddable":true,"href":"https:\/\/nordnesrepublikken.no\/index.php\/wp-json\/wp\/v2\/comments?post=12970"}],"version-history":[{"count":1,"href":"https:\/\/nordnesrepublikken.no\/index.php\/wp-json\/wp\/v2\/posts\/12970\/revisions"}],"predecessor-version":[{"id":12972,"href":"https:\/\/nordnesrepublikken.no\/index.php\/wp-json\/wp\/v2\/posts\/12970\/revisions\/12972"}],"wp:featuredmedia":[{"embeddable":true,"href":"https:\/\/nordnesrepublikken.no\/index.php\/wp-json\/wp\/v2\/media\/12971"}],"wp:attachment":[{"href":"https:\/\/nordnesrepublikken.no\/index.php\/wp-json\/wp\/v2\/media?parent=12970"}],"wp:term":[{"taxonomy":"category","embeddable":true,"href":"https:\/\/nordnesrepublikken.no\/index.php\/wp-json\/wp\/v2\/categories?post=12970"},{"taxonomy":"post_tag","embeddable":true,"href":"https:\/\/nordnesrepublikken.no\/index.php\/wp-json\/wp\/v2\/tags?post=12970"}],"curies":[{"name":"wp","href":"https:\/\/api.w.org\/{rel}","templated":true}]}}