{"id":12960,"date":"2025-12-18T23:50:58","date_gmt":"2025-12-18T22:50:58","guid":{"rendered":"https:\/\/nordnesrepublikken.no\/index.php\/2025\/12\/18\/den-flygende-skredderen-som-dode-ved-a-hoppe-fra-eiffeltarnet\/"},"modified":"2025-12-18T23:51:08","modified_gmt":"2025-12-18T22:51:08","slug":"den-flygende-skredderen-som-dode-ved-a-hoppe-fra-eiffeltarnet","status":"publish","type":"post","link":"https:\/\/nordnesrepublikken.no\/index.php\/2025\/12\/18\/den-flygende-skredderen-som-dode-ved-a-hoppe-fra-eiffeltarnet\/","title":{"rendered":"den &laquo;flygende skredderen&raquo; som d\u00f8de ved \u00e5 hoppe fra Eiffelt\u00e5rnet"},"content":{"rendered":"<div>\n<div class=\"cp_wrapper cp_wrapper--fw mb-30 mb-20@tablet\">\n<figure class=\"mm\"><picture class=\"img\" style=\"padding-top:56.25%\"><source  media=\"(min-width: 1024px)\"><source  media=\"(min-width: 768px)\"><\/source><\/source><\/picture><\/figure>\n<\/p><\/div>\n<p>I \u00e5rhundrer har menneskets dr\u00f8m v\u00e6rt \u00e5 fly, og <strong>Franz Reichelt<\/strong>, <strong>den &laquo;flygende skredderen&raquo; i Paris,<\/strong> var ikke forskjellig fra andre menn: i 1912 bygde han og hadde p\u00e5 seg en slags fallskjermdrakt som <strong>han hoppet fra Eiffelt\u00e5rnet<\/strong>. Oppfinnelsen fungerte imidlertid ikke, og Reichelt d\u00f8de momentant. Men for \u00e5 fortelle denne historien som i alle henseender er desidert utrolig, m\u00e5 vi ta noen skritt tilbake.<\/p>\n<p>Vi er p\u00e5 begynnelsen av det tjuende \u00e5rhundre, nettopp p\u00e5 begynnelsen av 1910-tallet. Franz Reichelt, en \u00f8sterriksk bohemsk skredder f\u00f8dt i 1878 med et velkjent moteatelier i Rue Gaillon (n\u00e6r Operaen), tar et sprang forbi meterene med stoff som omgir ham. Fascinert av fremskritt innen luftfart gjort av Wright-br\u00f8drene og de innen det nautiske feltet av Louis Bl\u00e9riot, bestemmer han seg for \u00e5 gi sitt bidrag til den milit\u00e6re saken og investere pengene sine i noe helt annet enn kl\u00e6rne som ble sydd til da: en <strong>fallskjermkjole<\/strong>.<\/p>\n<p>P\u00e5 den tiden var det faktisk et stort behov for \u00e5 finne et system som gjorde at piloter kunne komme seg til bakken uten \u00e5 bli skadet eller d\u00f8, i tilfelle de m\u00e5tte forlate flyene sine. Da i 1911<strong>Aero-Club de France<\/strong> (den eldste luftfartsforskningsinstitusjonen i Frankrike, som forfatteren Jules Verne ogs\u00e5 var medlem av) kunngjorde at den ville tilby Lalance-prisen <strong>10.000 franc<\/strong> som hadde funnet opp en sikker fallskjerm for piloter, f\u00f8lte Reichelt seg enda mer motivert, og ble opptatt.<\/p>\n<p>Skredderen begynte \u00e5 lage en serie fallskjermer integrert inne i en flyverdress, som han deretter hadde p\u00e5 seg mannekenger som igjen ble kastet ned fra vinduene i femte etasje i bygningen han bodde i. P\u00e5 et tidspunkt utviklet han til og med en gummiert drakt med innvendige stempler, men resultatet var fortsatt ikke det \u00f8nskede: Dummiene krasjet stadig i bakken, og Reichelt brakk til og med beinet mens han testet en av prototypene hans.<\/p>\n<p>Selv om den eldgamle institusjonen hadde beordret oppfinneren til \u00e5 avbryte prosjektene hans i denne forbindelse og ikke presentere noen fordi &laquo;de var for farlige&raquo;, stoppet ikke den sta skredderen, og klarte \u00e5 f\u00e5 tillatelse fra politiprefekten til \u00e5 bevise &laquo;suksessen&raquo; med oppfinnelsen hans direkte fra Eiffelt\u00e5rnet. Faktisk var han overbevist om at eksperimentene hans mislyktes fordi lanseringsh\u00f8yden ikke var tilstrekkelig. Kort sagt m\u00e5tte han hoppe fra enda h\u00f8yere h\u00f8yde.<\/p>\n<p>Ikke finne noen hindring i veien hans, om morgenen <strong>4. februar 1912<\/strong> den unge skredderen (han var bare 33 \u00e5r) dukket opp i f\u00f8rste etasje i t\u00e5rnet med fallskjermdressen med seg. Tilskuerne lurte p\u00e5 hvorfor han ikke hadde tatt med seg en av mannekengene sine, og ble overrasket over \u00e5 finne at skredderen hadde bestemt seg for \u00e5 sette seg i stedet for dem. Likevel var det ingen som stoppet ham.<\/p>\n<p>Reichelt tok p\u00e5 seg sin klumpete og ukomfortable kreasjon (som fikk ham til \u00e5 se ut som en enorm flaggermus), klatret opp p\u00e5 en krakk og hoppet s\u00e5, etter noen \u00f8yeblikks n\u00f8ling, av krakken og gikk over balustraden. Med den lange barten som bl\u00e5ste i vinden, fl\u00f8y han fallende mot bakken, med kluten surret rundt kroppen, og endte s\u00e5 med \u00e5 krasje i bakken og d\u00f8de momentant. P\u00e5 fortauet foran det mest kjente verket i Frankrike var det laget en liten <strong>krater<\/strong>. Inne, kroppen til den sta flygende skredderen, omgitt av en mengde tilskuere.<\/p>\n<p>Skredderoppfinnelsen \u2013 som \u00e5pnet bare kort tid f\u00f8r krasjen \u2013 hadde et stort problem, nemlig the <strong>enhetsbelastning<\/strong>som var detaljen som var fatal for ham: den veide <strong>70 kilo<\/strong> og den hadde noen desidert ikke ubetydelige tekniske mangler.<\/p>\n<p>Da noen spurte hvem som hadde gitt ham tillatelse til \u00e5 gj\u00f8re noe s\u00e5 dumt, begrunnet politiprefekten seg med at han ikke trodde skredderen ville ha hoppet selv, men at han ville ha ofret en mannequin.<\/p>\n<p>Vi lurte s\u00e5 p\u00e5 hva som hadde f\u00e5tt skredderen til \u00e5 gj\u00f8re en s\u00e5 absurd gest, og om han var klar over at han ville d\u00f8. Ingen vil noen gang vite motivasjonen bak dette bisarre foretaket, men faktum er at den flygende skredderen fortsatt huskes i dag: p\u00e5 toppen av listene <strong>dummeste d\u00f8dsfallene i historien<\/strong>.<\/p>\n<div class=\"cp_wrapper cp_wrapper--fw mb-50\">\n<figure class=\"mm\"><picture class=\"img\" style=\"padding-top:107.1875%\"><source  media=\"(min-width: 1024px)\"><source  media=\"(min-width: 768px)\"><img decoding=\"async\" loading=\"lazy\" src=\"https:\/\/nordnesrepublikken.no\/wp-content\/uploads\/2025\/12\/1766098258_818_den-flygende-skredderen-som-dode-ved-a-hoppe-fra-Eiffeltarnet.jpg\" alt=\"Bilde\" width=\"960\" height=\"1029\"\/><\/source><\/source><\/picture><\/figure>\n<\/p><\/div>\n<\/p><\/div>\n","protected":false},"excerpt":{"rendered":"<p>I \u00e5rhundrer har menneskets dr\u00f8m v\u00e6rt \u00e5 fly, og Franz Reichelt, den &laquo;flygende skredderen&raquo; i<\/p>\n","protected":false},"author":1,"featured_media":12961,"comment_status":"closed","ping_status":"open","sticky":false,"template":"","format":"standard","meta":{"footnotes":""},"categories":[104],"tags":[74,2470,8525,8523,125,2604,8524,31,231],"class_list":["post-12960","post","type-post","status-publish","format-standard","has-post-thumbnail","hentry","category-samfunn","tag-den","tag-dode","tag-eiffeltarnet","tag-flygende","tag-fra","tag-hoppe","tag-skredderen","tag-som","tag-ved","generate-columns","tablet-grid-50","mobile-grid-100","grid-parent","grid-33","resize-featured-image"],"yoast_head":"<!-- This site is optimized with the Yoast SEO plugin v24.4 - https:\/\/yoast.com\/wordpress\/plugins\/seo\/ -->\n<title>den &quot;flygende skredderen&quot; som d\u00f8de ved \u00e5 hoppe fra Eiffelt\u00e5rnet - Nordnesrepublikken<\/title>\n<meta name=\"robots\" content=\"index, follow, max-snippet:-1, max-image-preview:large, max-video-preview:-1\" \/>\n<link rel=\"canonical\" href=\"https:\/\/nordnesrepublikken.no\/index.php\/2025\/12\/18\/den-flygende-skredderen-som-dode-ved-a-hoppe-fra-eiffeltarnet\/\" \/>\n<meta property=\"og:locale\" content=\"nb_NO\" \/>\n<meta property=\"og:type\" content=\"article\" \/>\n<meta property=\"og:title\" content=\"den &quot;flygende skredderen&quot; som d\u00f8de ved \u00e5 hoppe fra Eiffelt\u00e5rnet - Nordnesrepublikken\" \/>\n<meta property=\"og:description\" content=\"I \u00e5rhundrer har menneskets dr\u00f8m v\u00e6rt \u00e5 fly, og Franz Reichelt, den &laquo;flygende skredderen&raquo; i\" \/>\n<meta property=\"og:url\" content=\"https:\/\/nordnesrepublikken.no\/index.php\/2025\/12\/18\/den-flygende-skredderen-som-dode-ved-a-hoppe-fra-eiffeltarnet\/\" \/>\n<meta property=\"og:site_name\" content=\"Nordnesrepublikken\" \/>\n<meta property=\"article:published_time\" content=\"2025-12-18T22:50:58+00:00\" \/>\n<meta property=\"article:modified_time\" content=\"2025-12-18T22:51:08+00:00\" \/>\n<meta property=\"og:image\" content=\"https:\/\/nordnesrepublikken.no\/wp-content\/uploads\/2025\/12\/1766098258_den-flygende-skredderen-som-dode-ved-a-hoppe-fra-Eiffeltarnet-scaled.jpg\" \/>\n\t<meta property=\"og:image:width\" content=\"2560\" \/>\n\t<meta property=\"og:image:height\" content=\"1440\" \/>\n\t<meta property=\"og:image:type\" content=\"image\/jpeg\" \/>\n<meta name=\"author\" content=\"Ole Andersen\" \/>\n<meta name=\"twitter:card\" content=\"summary_large_image\" \/>\n<meta name=\"twitter:label1\" content=\"Skrevet av\" \/>\n\t<meta name=\"twitter:data1\" content=\"Ole Andersen\" \/>\n\t<meta name=\"twitter:label2\" content=\"Ansl. lesetid\" \/>\n\t<meta name=\"twitter:data2\" content=\"3 minutter\" \/>\n<script type=\"application\/ld+json\" class=\"yoast-schema-graph\">{\"@context\":\"https:\/\/schema.org\",\"@graph\":[{\"@type\":\"Article\",\"@id\":\"https:\/\/nordnesrepublikken.no\/index.php\/2025\/12\/18\/den-flygende-skredderen-som-dode-ved-a-hoppe-fra-eiffeltarnet\/#article\",\"isPartOf\":{\"@id\":\"https:\/\/nordnesrepublikken.no\/index.php\/2025\/12\/18\/den-flygende-skredderen-som-dode-ved-a-hoppe-fra-eiffeltarnet\/\"},\"author\":{\"name\":\"Ole Andersen\",\"@id\":\"https:\/\/nordnesrepublikken.no\/#\/schema\/person\/2e7e81935bab77882fffb79296240ff1\"},\"headline\":\"den &laquo;flygende skredderen&raquo; som d\u00f8de ved \u00e5 hoppe fra Eiffelt\u00e5rnet\",\"datePublished\":\"2025-12-18T22:50:58+00:00\",\"dateModified\":\"2025-12-18T22:51:08+00:00\",\"mainEntityOfPage\":{\"@id\":\"https:\/\/nordnesrepublikken.no\/index.php\/2025\/12\/18\/den-flygende-skredderen-som-dode-ved-a-hoppe-fra-eiffeltarnet\/\"},\"wordCount\":684,\"publisher\":{\"@id\":\"https:\/\/nordnesrepublikken.no\/#organization\"},\"image\":{\"@id\":\"https:\/\/nordnesrepublikken.no\/index.php\/2025\/12\/18\/den-flygende-skredderen-som-dode-ved-a-hoppe-fra-eiffeltarnet\/#primaryimage\"},\"thumbnailUrl\":\"https:\/\/nordnesrepublikken.no\/wp-content\/uploads\/2025\/12\/1766098258_den-flygende-skredderen-som-dode-ved-a-hoppe-fra-Eiffeltarnet-scaled.jpg\",\"keywords\":[\"den\",\"d\u00f8de\",\"Eiffelt\u00e5rnet\",\"flygende\",\"fra\",\"hoppe\",\"skredderen\",\"som\",\"ved\"],\"articleSection\":[\"Samfunn\"],\"inLanguage\":\"nb-NO\"},{\"@type\":\"WebPage\",\"@id\":\"https:\/\/nordnesrepublikken.no\/index.php\/2025\/12\/18\/den-flygende-skredderen-som-dode-ved-a-hoppe-fra-eiffeltarnet\/\",\"url\":\"https:\/\/nordnesrepublikken.no\/index.php\/2025\/12\/18\/den-flygende-skredderen-som-dode-ved-a-hoppe-fra-eiffeltarnet\/\",\"name\":\"den \\\"flygende skredderen\\\" som d\u00f8de ved \u00e5 hoppe fra Eiffelt\u00e5rnet - Nordnesrepublikken\",\"isPartOf\":{\"@id\":\"https:\/\/nordnesrepublikken.no\/#website\"},\"primaryImageOfPage\":{\"@id\":\"https:\/\/nordnesrepublikken.no\/index.php\/2025\/12\/18\/den-flygende-skredderen-som-dode-ved-a-hoppe-fra-eiffeltarnet\/#primaryimage\"},\"image\":{\"@id\":\"https:\/\/nordnesrepublikken.no\/index.php\/2025\/12\/18\/den-flygende-skredderen-som-dode-ved-a-hoppe-fra-eiffeltarnet\/#primaryimage\"},\"thumbnailUrl\":\"https:\/\/nordnesrepublikken.no\/wp-content\/uploads\/2025\/12\/1766098258_den-flygende-skredderen-som-dode-ved-a-hoppe-fra-Eiffeltarnet-scaled.jpg\",\"datePublished\":\"2025-12-18T22:50:58+00:00\",\"dateModified\":\"2025-12-18T22:51:08+00:00\",\"breadcrumb\":{\"@id\":\"https:\/\/nordnesrepublikken.no\/index.php\/2025\/12\/18\/den-flygende-skredderen-som-dode-ved-a-hoppe-fra-eiffeltarnet\/#breadcrumb\"},\"inLanguage\":\"nb-NO\",\"potentialAction\":[{\"@type\":\"ReadAction\",\"target\":[\"https:\/\/nordnesrepublikken.no\/index.php\/2025\/12\/18\/den-flygende-skredderen-som-dode-ved-a-hoppe-fra-eiffeltarnet\/\"]}]},{\"@type\":\"ImageObject\",\"inLanguage\":\"nb-NO\",\"@id\":\"https:\/\/nordnesrepublikken.no\/index.php\/2025\/12\/18\/den-flygende-skredderen-som-dode-ved-a-hoppe-fra-eiffeltarnet\/#primaryimage\",\"url\":\"https:\/\/nordnesrepublikken.no\/wp-content\/uploads\/2025\/12\/1766098258_den-flygende-skredderen-som-dode-ved-a-hoppe-fra-Eiffeltarnet-scaled.jpg\",\"contentUrl\":\"https:\/\/nordnesrepublikken.no\/wp-content\/uploads\/2025\/12\/1766098258_den-flygende-skredderen-som-dode-ved-a-hoppe-fra-Eiffeltarnet-scaled.jpg\",\"width\":2560,\"height\":1440,\"caption\":\"den \\\"flygende skredderen\\\" som d\u00f8de ved \u00e5 hoppe fra Eiffelt\u00e5rnet\"},{\"@type\":\"BreadcrumbList\",\"@id\":\"https:\/\/nordnesrepublikken.no\/index.php\/2025\/12\/18\/den-flygende-skredderen-som-dode-ved-a-hoppe-fra-eiffeltarnet\/#breadcrumb\",\"itemListElement\":[{\"@type\":\"ListItem\",\"position\":1,\"name\":\"Home\",\"item\":\"https:\/\/nordnesrepublikken.no\/\"},{\"@type\":\"ListItem\",\"position\":2,\"name\":\"den &laquo;flygende skredderen&raquo; som d\u00f8de ved \u00e5 hoppe fra Eiffelt\u00e5rnet\"}]},{\"@type\":\"WebSite\",\"@id\":\"https:\/\/nordnesrepublikken.no\/#website\",\"url\":\"https:\/\/nordnesrepublikken.no\/\",\"name\":\"Nordnesrepublikken\",\"description\":\"Stemmer og Visjoner fra Republikkens Hjerte\",\"publisher\":{\"@id\":\"https:\/\/nordnesrepublikken.no\/#organization\"},\"potentialAction\":[{\"@type\":\"SearchAction\",\"target\":{\"@type\":\"EntryPoint\",\"urlTemplate\":\"https:\/\/nordnesrepublikken.no\/?s={search_term_string}\"},\"query-input\":{\"@type\":\"PropertyValueSpecification\",\"valueRequired\":true,\"valueName\":\"search_term_string\"}}],\"inLanguage\":\"nb-NO\"},{\"@type\":\"Organization\",\"@id\":\"https:\/\/nordnesrepublikken.no\/#organization\",\"name\":\"Nordnesrepublikken\",\"url\":\"https:\/\/nordnesrepublikken.no\/\",\"logo\":{\"@type\":\"ImageObject\",\"inLanguage\":\"nb-NO\",\"@id\":\"https:\/\/nordnesrepublikken.no\/#\/schema\/logo\/image\/\",\"url\":\"https:\/\/nordnesrepublikken.no\/wp-content\/uploads\/2025\/02\/cropped-nordnesrepublikken-2.png\",\"contentUrl\":\"https:\/\/nordnesrepublikken.no\/wp-content\/uploads\/2025\/02\/cropped-nordnesrepublikken-2.png\",\"width\":1248,\"height\":362,\"caption\":\"Nordnesrepublikken\"},\"image\":{\"@id\":\"https:\/\/nordnesrepublikken.no\/#\/schema\/logo\/image\/\"}},{\"@type\":\"Person\",\"@id\":\"https:\/\/nordnesrepublikken.no\/#\/schema\/person\/2e7e81935bab77882fffb79296240ff1\",\"name\":\"Ole Andersen\",\"image\":{\"@type\":\"ImageObject\",\"inLanguage\":\"nb-NO\",\"@id\":\"https:\/\/nordnesrepublikken.no\/#\/schema\/person\/image\/\",\"url\":\"https:\/\/nordnesrepublikken.no\/wp-content\/uploads\/2025\/02\/nordnesrepublikken-2-2-150x150.jpg\",\"contentUrl\":\"https:\/\/nordnesrepublikken.no\/wp-content\/uploads\/2025\/02\/nordnesrepublikken-2-2-150x150.jpg\",\"caption\":\"Ole Andersen\"},\"description\":\"Ettersom jeg vokste opp i Oslo, har jeg alltid v\u00e6rt fascinert av ordenes kraft og deres evne til \u00e5 skape endringer. Etter \u00e5 ha fullf\u00f8rt min utdannelse i kommunikasjon ved Universitetet i Bergen, fikk jeg muligheten til \u00e5 jobbe innen ulike medier, der jeg har s\u00f8kt \u00e5 belyse viktige samfunnssp\u00f8rsm\u00e5l. I dag, som redakt\u00f8r for Nordnesrepublikken, pr\u00f8ver jeg \u00e5 forene min kj\u00e6rlighet for journalistikk med min lidenskap for innovasjon og eventyr.\",\"sameAs\":[\"https:\/\/nordnesrepublikken.no\/\"]}]}<\/script>\n<!-- \/ Yoast SEO plugin. -->","yoast_head_json":{"title":"den \"flygende skredderen\" som d\u00f8de ved \u00e5 hoppe fra Eiffelt\u00e5rnet - Nordnesrepublikken","robots":{"index":"index","follow":"follow","max-snippet":"max-snippet:-1","max-image-preview":"max-image-preview:large","max-video-preview":"max-video-preview:-1"},"canonical":"https:\/\/nordnesrepublikken.no\/index.php\/2025\/12\/18\/den-flygende-skredderen-som-dode-ved-a-hoppe-fra-eiffeltarnet\/","og_locale":"nb_NO","og_type":"article","og_title":"den \"flygende skredderen\" som d\u00f8de ved \u00e5 hoppe fra Eiffelt\u00e5rnet - Nordnesrepublikken","og_description":"I \u00e5rhundrer har menneskets dr\u00f8m v\u00e6rt \u00e5 fly, og Franz Reichelt, den &laquo;flygende skredderen&raquo; i","og_url":"https:\/\/nordnesrepublikken.no\/index.php\/2025\/12\/18\/den-flygende-skredderen-som-dode-ved-a-hoppe-fra-eiffeltarnet\/","og_site_name":"Nordnesrepublikken","article_published_time":"2025-12-18T22:50:58+00:00","article_modified_time":"2025-12-18T22:51:08+00:00","og_image":[{"width":2560,"height":1440,"url":"https:\/\/nordnesrepublikken.no\/wp-content\/uploads\/2025\/12\/1766098258_den-flygende-skredderen-som-dode-ved-a-hoppe-fra-Eiffeltarnet-scaled.jpg","type":"image\/jpeg"}],"author":"Ole Andersen","twitter_card":"summary_large_image","twitter_misc":{"Skrevet av":"Ole Andersen","Ansl. lesetid":"3 minutter"},"schema":{"@context":"https:\/\/schema.org","@graph":[{"@type":"Article","@id":"https:\/\/nordnesrepublikken.no\/index.php\/2025\/12\/18\/den-flygende-skredderen-som-dode-ved-a-hoppe-fra-eiffeltarnet\/#article","isPartOf":{"@id":"https:\/\/nordnesrepublikken.no\/index.php\/2025\/12\/18\/den-flygende-skredderen-som-dode-ved-a-hoppe-fra-eiffeltarnet\/"},"author":{"name":"Ole Andersen","@id":"https:\/\/nordnesrepublikken.no\/#\/schema\/person\/2e7e81935bab77882fffb79296240ff1"},"headline":"den &laquo;flygende skredderen&raquo; som d\u00f8de ved \u00e5 hoppe fra Eiffelt\u00e5rnet","datePublished":"2025-12-18T22:50:58+00:00","dateModified":"2025-12-18T22:51:08+00:00","mainEntityOfPage":{"@id":"https:\/\/nordnesrepublikken.no\/index.php\/2025\/12\/18\/den-flygende-skredderen-som-dode-ved-a-hoppe-fra-eiffeltarnet\/"},"wordCount":684,"publisher":{"@id":"https:\/\/nordnesrepublikken.no\/#organization"},"image":{"@id":"https:\/\/nordnesrepublikken.no\/index.php\/2025\/12\/18\/den-flygende-skredderen-som-dode-ved-a-hoppe-fra-eiffeltarnet\/#primaryimage"},"thumbnailUrl":"https:\/\/nordnesrepublikken.no\/wp-content\/uploads\/2025\/12\/1766098258_den-flygende-skredderen-som-dode-ved-a-hoppe-fra-Eiffeltarnet-scaled.jpg","keywords":["den","d\u00f8de","Eiffelt\u00e5rnet","flygende","fra","hoppe","skredderen","som","ved"],"articleSection":["Samfunn"],"inLanguage":"nb-NO"},{"@type":"WebPage","@id":"https:\/\/nordnesrepublikken.no\/index.php\/2025\/12\/18\/den-flygende-skredderen-som-dode-ved-a-hoppe-fra-eiffeltarnet\/","url":"https:\/\/nordnesrepublikken.no\/index.php\/2025\/12\/18\/den-flygende-skredderen-som-dode-ved-a-hoppe-fra-eiffeltarnet\/","name":"den \"flygende skredderen\" som d\u00f8de ved \u00e5 hoppe fra Eiffelt\u00e5rnet - Nordnesrepublikken","isPartOf":{"@id":"https:\/\/nordnesrepublikken.no\/#website"},"primaryImageOfPage":{"@id":"https:\/\/nordnesrepublikken.no\/index.php\/2025\/12\/18\/den-flygende-skredderen-som-dode-ved-a-hoppe-fra-eiffeltarnet\/#primaryimage"},"image":{"@id":"https:\/\/nordnesrepublikken.no\/index.php\/2025\/12\/18\/den-flygende-skredderen-som-dode-ved-a-hoppe-fra-eiffeltarnet\/#primaryimage"},"thumbnailUrl":"https:\/\/nordnesrepublikken.no\/wp-content\/uploads\/2025\/12\/1766098258_den-flygende-skredderen-som-dode-ved-a-hoppe-fra-Eiffeltarnet-scaled.jpg","datePublished":"2025-12-18T22:50:58+00:00","dateModified":"2025-12-18T22:51:08+00:00","breadcrumb":{"@id":"https:\/\/nordnesrepublikken.no\/index.php\/2025\/12\/18\/den-flygende-skredderen-som-dode-ved-a-hoppe-fra-eiffeltarnet\/#breadcrumb"},"inLanguage":"nb-NO","potentialAction":[{"@type":"ReadAction","target":["https:\/\/nordnesrepublikken.no\/index.php\/2025\/12\/18\/den-flygende-skredderen-som-dode-ved-a-hoppe-fra-eiffeltarnet\/"]}]},{"@type":"ImageObject","inLanguage":"nb-NO","@id":"https:\/\/nordnesrepublikken.no\/index.php\/2025\/12\/18\/den-flygende-skredderen-som-dode-ved-a-hoppe-fra-eiffeltarnet\/#primaryimage","url":"https:\/\/nordnesrepublikken.no\/wp-content\/uploads\/2025\/12\/1766098258_den-flygende-skredderen-som-dode-ved-a-hoppe-fra-Eiffeltarnet-scaled.jpg","contentUrl":"https:\/\/nordnesrepublikken.no\/wp-content\/uploads\/2025\/12\/1766098258_den-flygende-skredderen-som-dode-ved-a-hoppe-fra-Eiffeltarnet-scaled.jpg","width":2560,"height":1440,"caption":"den \"flygende skredderen\" som d\u00f8de ved \u00e5 hoppe fra Eiffelt\u00e5rnet"},{"@type":"BreadcrumbList","@id":"https:\/\/nordnesrepublikken.no\/index.php\/2025\/12\/18\/den-flygende-skredderen-som-dode-ved-a-hoppe-fra-eiffeltarnet\/#breadcrumb","itemListElement":[{"@type":"ListItem","position":1,"name":"Home","item":"https:\/\/nordnesrepublikken.no\/"},{"@type":"ListItem","position":2,"name":"den &laquo;flygende skredderen&raquo; som d\u00f8de ved \u00e5 hoppe fra Eiffelt\u00e5rnet"}]},{"@type":"WebSite","@id":"https:\/\/nordnesrepublikken.no\/#website","url":"https:\/\/nordnesrepublikken.no\/","name":"Nordnesrepublikken","description":"Stemmer og Visjoner fra Republikkens Hjerte","publisher":{"@id":"https:\/\/nordnesrepublikken.no\/#organization"},"potentialAction":[{"@type":"SearchAction","target":{"@type":"EntryPoint","urlTemplate":"https:\/\/nordnesrepublikken.no\/?s={search_term_string}"},"query-input":{"@type":"PropertyValueSpecification","valueRequired":true,"valueName":"search_term_string"}}],"inLanguage":"nb-NO"},{"@type":"Organization","@id":"https:\/\/nordnesrepublikken.no\/#organization","name":"Nordnesrepublikken","url":"https:\/\/nordnesrepublikken.no\/","logo":{"@type":"ImageObject","inLanguage":"nb-NO","@id":"https:\/\/nordnesrepublikken.no\/#\/schema\/logo\/image\/","url":"https:\/\/nordnesrepublikken.no\/wp-content\/uploads\/2025\/02\/cropped-nordnesrepublikken-2.png","contentUrl":"https:\/\/nordnesrepublikken.no\/wp-content\/uploads\/2025\/02\/cropped-nordnesrepublikken-2.png","width":1248,"height":362,"caption":"Nordnesrepublikken"},"image":{"@id":"https:\/\/nordnesrepublikken.no\/#\/schema\/logo\/image\/"}},{"@type":"Person","@id":"https:\/\/nordnesrepublikken.no\/#\/schema\/person\/2e7e81935bab77882fffb79296240ff1","name":"Ole Andersen","image":{"@type":"ImageObject","inLanguage":"nb-NO","@id":"https:\/\/nordnesrepublikken.no\/#\/schema\/person\/image\/","url":"https:\/\/nordnesrepublikken.no\/wp-content\/uploads\/2025\/02\/nordnesrepublikken-2-2-150x150.jpg","contentUrl":"https:\/\/nordnesrepublikken.no\/wp-content\/uploads\/2025\/02\/nordnesrepublikken-2-2-150x150.jpg","caption":"Ole Andersen"},"description":"Ettersom jeg vokste opp i Oslo, har jeg alltid v\u00e6rt fascinert av ordenes kraft og deres evne til \u00e5 skape endringer. Etter \u00e5 ha fullf\u00f8rt min utdannelse i kommunikasjon ved Universitetet i Bergen, fikk jeg muligheten til \u00e5 jobbe innen ulike medier, der jeg har s\u00f8kt \u00e5 belyse viktige samfunnssp\u00f8rsm\u00e5l. I dag, som redakt\u00f8r for Nordnesrepublikken, pr\u00f8ver jeg \u00e5 forene min kj\u00e6rlighet for journalistikk med min lidenskap for innovasjon og eventyr.","sameAs":["https:\/\/nordnesrepublikken.no\/"]}]}},"_links":{"self":[{"href":"https:\/\/nordnesrepublikken.no\/index.php\/wp-json\/wp\/v2\/posts\/12960","targetHints":{"allow":["GET"]}}],"collection":[{"href":"https:\/\/nordnesrepublikken.no\/index.php\/wp-json\/wp\/v2\/posts"}],"about":[{"href":"https:\/\/nordnesrepublikken.no\/index.php\/wp-json\/wp\/v2\/types\/post"}],"author":[{"embeddable":true,"href":"https:\/\/nordnesrepublikken.no\/index.php\/wp-json\/wp\/v2\/users\/1"}],"replies":[{"embeddable":true,"href":"https:\/\/nordnesrepublikken.no\/index.php\/wp-json\/wp\/v2\/comments?post=12960"}],"version-history":[{"count":1,"href":"https:\/\/nordnesrepublikken.no\/index.php\/wp-json\/wp\/v2\/posts\/12960\/revisions"}],"predecessor-version":[{"id":12963,"href":"https:\/\/nordnesrepublikken.no\/index.php\/wp-json\/wp\/v2\/posts\/12960\/revisions\/12963"}],"wp:featuredmedia":[{"embeddable":true,"href":"https:\/\/nordnesrepublikken.no\/index.php\/wp-json\/wp\/v2\/media\/12961"}],"wp:attachment":[{"href":"https:\/\/nordnesrepublikken.no\/index.php\/wp-json\/wp\/v2\/media?parent=12960"}],"wp:term":[{"taxonomy":"category","embeddable":true,"href":"https:\/\/nordnesrepublikken.no\/index.php\/wp-json\/wp\/v2\/categories?post=12960"},{"taxonomy":"post_tag","embeddable":true,"href":"https:\/\/nordnesrepublikken.no\/index.php\/wp-json\/wp\/v2\/tags?post=12960"}],"curies":[{"name":"wp","href":"https:\/\/api.w.org\/{rel}","templated":true}]}}