{"id":12955,"date":"2025-12-18T21:50:38","date_gmt":"2025-12-18T20:50:38","guid":{"rendered":"https:\/\/nordnesrepublikken.no\/index.php\/2025\/12\/18\/forklaringen-pa-det-sjeldne-fenomenet-er-fysikk-ikke-kjemi\/"},"modified":"2025-12-18T21:50:40","modified_gmt":"2025-12-18T20:50:40","slug":"forklaringen-pa-det-sjeldne-fenomenet-er-fysikk-ikke-kjemi","status":"publish","type":"post","link":"https:\/\/nordnesrepublikken.no\/index.php\/2025\/12\/18\/forklaringen-pa-det-sjeldne-fenomenet-er-fysikk-ikke-kjemi\/","title":{"rendered":"forklaringen p\u00e5 det sjeldne fenomenet er fysikk, ikke kjemi"},"content":{"rendered":"<div>\n<div class=\"cp_wrapper cp_wrapper--fw mb-30 mb-20@tablet\">\n<figure class=\"mm\"><picture class=\"img\" style=\"padding-top:56.25%\"><source  media=\"(min-width: 1024px)\"><source  media=\"(min-width: 768px)\"><\/source><\/source><\/picture><\/figure>\n<\/p><\/div>\n<p>Bildene av. g\u00e5r verden rundt <strong>rosa t\u00e5ke<\/strong> som ved daggry i g\u00e5r dekket noen omr\u00e5der av <strong>Storbritannia<\/strong> s\u00f8rlige, opp til forstedene til London. I tillegg til fortryllelsen for et sjeldent og suggestivt fenomen, oppsto det ogs\u00e5 bekymringer om hva som kunne ha for\u00e5rsaket denne uvanlige fargen: i virkeligheten <strong>det er ikke et kjemisk fenomen<\/strong> (det var derfor ikke p\u00e5 grunn av spesielle stoffer i luften) men rent fysisk, noe som avhenger av hvordan sollyset interagerer med jordens atmosf\u00e6re f\u00f8rst og deretter med t\u00e5ken. For \u00e5 forenkle litt <strong>lys magenta\/lilla farge<\/strong> som overrasket engelskmennene i g\u00e5r morges er resultatet av summen <strong>av oransje-r\u00f8d<\/strong> p\u00e5 grunn av daggry og del <strong>hvit-bl\u00e5<\/strong> p\u00e5 grunn av t\u00e5ke.<\/p>\n<div class=\"cp_wrapper cp_wrapper--fw mb-50\">\n<figure class=\"mm\"><picture class=\"img\" style=\"padding-top:75%\"><source  media=\"(min-width: 1024px)\"><source  media=\"(min-width: 768px)\"><img decoding=\"async\" loading=\"lazy\" src=\"https:\/\/nordnesrepublikken.no\/wp-content\/uploads\/2025\/12\/1766091037_256_forklaringen-pa-det-sjeldne-fenomenet-er-fysikk-ikke-kjemi.jpg\" alt=\"rosa t\u00e5ke\" width=\"2048\" height=\"1536\"\/><\/source><\/source><\/picture><\/figure>\n<\/p><\/div>\n<p>Disse to fargene er igjen avhengig av at lyset er spredt med ulike mekanismer i luften og i t\u00e5ken. Luft, som er en blanding av gasser og derfor er sammensatt av bittesm\u00e5 molekyler, diffunderer lys gjennom en prosess som kalles p\u00e5 teknisk sjargong <strong>Rayleigh-spredning<\/strong>. Denne typen diffusjon avleder bl\u00e5tt lys mye mer enn r\u00f8dt lys, og dette resulterer i den bl\u00e5 fargen p\u00e5 himmelen, men ogs\u00e5 den r\u00f8de fargen p\u00e5 soloppganger og solnedganger. N\u00e5r solen er veldig lavt i horisonten, passerer den faktisk gjennom mye tykkere lag av atmosf\u00e6ren, og Rayleigh-spredning &laquo;trekker&raquo; flittig det bl\u00e5 fra sollyset, og lar hovedsakelig bare det r\u00f8de lyset passere gjennom.<\/p>\n<div class=\"cp_wrapper cp_wrapper--fw mb-50\">\n<figure class=\"mm\"><picture class=\"img\" style=\"padding-top:50.650557620818%\"><source  media=\"(min-width: 1024px)\"><source  media=\"(min-width: 768px)\"><img decoding=\"async\" loading=\"lazy\" src=\"https:\/\/nordnesrepublikken.no\/wp-content\/uploads\/2025\/12\/1766091038_885_forklaringen-pa-det-sjeldne-fenomenet-er-fysikk-ikke-kjemi.jpg\" alt=\"Rayleigh-spredning\" width=\"2152\" height=\"1090\" class=\"js-seedtag-img\"\/><\/source><\/source><\/picture><\/figure>\n<\/p><\/div>\n<p>La oss n\u00e5 si at vi har en soloppgang med en veldig r\u00f8dlig farge. Hva skjer hvis dette lyset, etter \u00e5 ha passert gjennom atmosf\u00e6ren, kommer inn i t\u00e5ken? Her griper en annen mekanisme for diffusjon av lys inn, <strong>Mie spredning<\/strong>. Dette er fordi t\u00e5ke ikke er en gass laget av mikroskopiske partikler, men en <strong>aerosol<\/strong> sammensatt av mye st\u00f8rre partikler. Med store partikler spres lyset ikke gjennom Rayleigh-spredning, men med Mie-spredning, som i stedet omhandler de forskjellige b\u00f8lgelengdene (dvs. &laquo;fargene&raquo;, s\u00e5 \u00e5 si) <em>mer eller mindre<\/em> p\u00e5 samme m\u00e5te. Den sprer med andre ord r\u00f8dt lys <em>mer eller mindre<\/em> som den bl\u00e5. Det er nettopp denne &laquo;demokratiske&raquo; spredningen av de ulike fargene som har en tendens til \u00e5 lage t\u00e5ke <strong>hvitaktig-gr\u00e5aktig<\/strong>: hvit er faktisk summen av alle farger.<\/p>\n<p>Du vil imidlertid legge merke til at jeg gjentok to ganger i kursiv \u00ab<em>mer eller mindre<\/em>\u00bb. Dette er fordi Mie-spredning i virkeligheten har en liten tendens til \u00e5 avvike r\u00f8dt lys mer enn bl\u00e5tt lys i gjennomsnitt. Dette er grunnen til at t\u00e5ken noen ganger, under de rette forholdene, blir preget av en <strong>bl\u00e5hvit farge<\/strong>. (Og det er samme grunn til at p\u00e5 Mars, hvor atmosf\u00e6ren er veldig st\u00f8vete og derfor har mange &laquo;store partikler&raquo;, er himmelen r\u00f8dlig og solnedgangen er bl\u00e5).<\/p>\n<p>N\u00e5, hva skjer hvis jeg blander en spesielt r\u00f8dlig farge av daggry med en spesielt hvitaktig-bl\u00e5 farge av t\u00e5ke? Det stemmer, jeg f\u00e5r en <strong>lys magenta<\/strong> som den som gjorde g\u00e5rsdagens engelske t\u00e5ke rosa. Forholdene for at denne spesielle fargeblandingen skal oppst\u00e5 er ikke hyppige, men de kan forekomme, slik som skjedde i g\u00e5r s\u00f8r i Storbritannia. Det er derfor ikke et sp\u00f8rsm\u00e5l om kjemi, men om <strong>fysikk<\/strong>!<\/p>\n<div class=\"cp_wrapper cp_wrapper--fw mb-50\">\n<figure class=\"mm\"><picture class=\"img\" style=\"padding-top:75%\"><source  media=\"(min-width: 1024px)\"><source  media=\"(min-width: 768px)\"><img decoding=\"async\" loading=\"lazy\" src=\"https:\/\/nordnesrepublikken.no\/wp-content\/uploads\/2025\/12\/1766091038_499_forklaringen-pa-det-sjeldne-fenomenet-er-fysikk-ikke-kjemi.jpg\" alt=\"rosa t\u00e5ke\" width=\"2048\" height=\"1536\"\/><\/source><\/source><\/picture><\/figure>\n<\/p><\/div>\n<\/p><\/div>\n","protected":false},"excerpt":{"rendered":"<p>Bildene av. g\u00e5r verden rundt rosa t\u00e5ke som ved daggry i g\u00e5r dekket noen omr\u00e5der<\/p>\n","protected":false},"author":1,"featured_media":12956,"comment_status":"closed","ping_status":"open","sticky":false,"template":"","format":"standard","meta":{"footnotes":""},"categories":[26],"tags":[66,1814,1292,5149,187,1073,81,145],"class_list":["post-12955","post","type-post","status-publish","format-standard","has-post-thumbnail","hentry","category-miljo","tag-det","tag-fenomenet","tag-forklaringen","tag-fysikk","tag-ikke","tag-kjemi","tag-pa","tag-sjeldne","generate-columns","tablet-grid-50","mobile-grid-100","grid-parent","grid-33"],"yoast_head":"<!-- This site is optimized with the Yoast SEO plugin v24.4 - https:\/\/yoast.com\/wordpress\/plugins\/seo\/ -->\n<title>forklaringen p\u00e5 det sjeldne fenomenet er fysikk, ikke kjemi - Nordnesrepublikken<\/title>\n<meta name=\"robots\" content=\"index, follow, max-snippet:-1, max-image-preview:large, max-video-preview:-1\" \/>\n<link rel=\"canonical\" href=\"https:\/\/nordnesrepublikken.no\/index.php\/2025\/12\/18\/forklaringen-pa-det-sjeldne-fenomenet-er-fysikk-ikke-kjemi\/\" \/>\n<meta property=\"og:locale\" content=\"nb_NO\" \/>\n<meta property=\"og:type\" content=\"article\" \/>\n<meta property=\"og:title\" content=\"forklaringen p\u00e5 det sjeldne fenomenet er fysikk, ikke kjemi - Nordnesrepublikken\" \/>\n<meta property=\"og:description\" content=\"Bildene av. g\u00e5r verden rundt rosa t\u00e5ke som ved daggry i g\u00e5r dekket noen omr\u00e5der\" \/>\n<meta property=\"og:url\" content=\"https:\/\/nordnesrepublikken.no\/index.php\/2025\/12\/18\/forklaringen-pa-det-sjeldne-fenomenet-er-fysikk-ikke-kjemi\/\" \/>\n<meta property=\"og:site_name\" content=\"Nordnesrepublikken\" \/>\n<meta property=\"article:published_time\" content=\"2025-12-18T20:50:38+00:00\" \/>\n<meta property=\"article:modified_time\" content=\"2025-12-18T20:50:40+00:00\" \/>\n<meta property=\"og:image\" content=\"https:\/\/nordnesrepublikken.no\/wp-content\/uploads\/2025\/12\/1766091039_forklaringen-pa-det-sjeldne-fenomenet-er-fysikk-ikke-kjemi.jpg\" \/>\n\t<meta property=\"og:image:width\" content=\"1920\" \/>\n\t<meta property=\"og:image:height\" content=\"1200\" \/>\n\t<meta property=\"og:image:type\" content=\"image\/jpeg\" \/>\n<meta name=\"author\" content=\"Ole Andersen\" \/>\n<meta name=\"twitter:card\" content=\"summary_large_image\" \/>\n<meta name=\"twitter:label1\" content=\"Skrevet av\" \/>\n\t<meta name=\"twitter:data1\" content=\"Ole Andersen\" \/>\n\t<meta name=\"twitter:label2\" content=\"Ansl. lesetid\" \/>\n\t<meta name=\"twitter:data2\" content=\"3 minutter\" \/>\n<script type=\"application\/ld+json\" class=\"yoast-schema-graph\">{\"@context\":\"https:\/\/schema.org\",\"@graph\":[{\"@type\":\"Article\",\"@id\":\"https:\/\/nordnesrepublikken.no\/index.php\/2025\/12\/18\/forklaringen-pa-det-sjeldne-fenomenet-er-fysikk-ikke-kjemi\/#article\",\"isPartOf\":{\"@id\":\"https:\/\/nordnesrepublikken.no\/index.php\/2025\/12\/18\/forklaringen-pa-det-sjeldne-fenomenet-er-fysikk-ikke-kjemi\/\"},\"author\":{\"name\":\"Ole Andersen\",\"@id\":\"https:\/\/nordnesrepublikken.no\/#\/schema\/person\/2e7e81935bab77882fffb79296240ff1\"},\"headline\":\"forklaringen p\u00e5 det sjeldne fenomenet er fysikk, ikke kjemi\",\"datePublished\":\"2025-12-18T20:50:38+00:00\",\"dateModified\":\"2025-12-18T20:50:40+00:00\",\"mainEntityOfPage\":{\"@id\":\"https:\/\/nordnesrepublikken.no\/index.php\/2025\/12\/18\/forklaringen-pa-det-sjeldne-fenomenet-er-fysikk-ikke-kjemi\/\"},\"wordCount\":548,\"publisher\":{\"@id\":\"https:\/\/nordnesrepublikken.no\/#organization\"},\"image\":{\"@id\":\"https:\/\/nordnesrepublikken.no\/index.php\/2025\/12\/18\/forklaringen-pa-det-sjeldne-fenomenet-er-fysikk-ikke-kjemi\/#primaryimage\"},\"thumbnailUrl\":\"https:\/\/nordnesrepublikken.no\/wp-content\/uploads\/2025\/12\/1766091039_forklaringen-pa-det-sjeldne-fenomenet-er-fysikk-ikke-kjemi.jpg\",\"keywords\":[\"Det\",\"fenomenet\",\"forklaringen\",\"fysikk\",\"ikke\",\"kjemi\",\"p\u00e5\",\"sjeldne\"],\"articleSection\":[\"Milj\u00f8\"],\"inLanguage\":\"nb-NO\"},{\"@type\":\"WebPage\",\"@id\":\"https:\/\/nordnesrepublikken.no\/index.php\/2025\/12\/18\/forklaringen-pa-det-sjeldne-fenomenet-er-fysikk-ikke-kjemi\/\",\"url\":\"https:\/\/nordnesrepublikken.no\/index.php\/2025\/12\/18\/forklaringen-pa-det-sjeldne-fenomenet-er-fysikk-ikke-kjemi\/\",\"name\":\"forklaringen p\u00e5 det sjeldne fenomenet er fysikk, ikke kjemi - Nordnesrepublikken\",\"isPartOf\":{\"@id\":\"https:\/\/nordnesrepublikken.no\/#website\"},\"primaryImageOfPage\":{\"@id\":\"https:\/\/nordnesrepublikken.no\/index.php\/2025\/12\/18\/forklaringen-pa-det-sjeldne-fenomenet-er-fysikk-ikke-kjemi\/#primaryimage\"},\"image\":{\"@id\":\"https:\/\/nordnesrepublikken.no\/index.php\/2025\/12\/18\/forklaringen-pa-det-sjeldne-fenomenet-er-fysikk-ikke-kjemi\/#primaryimage\"},\"thumbnailUrl\":\"https:\/\/nordnesrepublikken.no\/wp-content\/uploads\/2025\/12\/1766091039_forklaringen-pa-det-sjeldne-fenomenet-er-fysikk-ikke-kjemi.jpg\",\"datePublished\":\"2025-12-18T20:50:38+00:00\",\"dateModified\":\"2025-12-18T20:50:40+00:00\",\"breadcrumb\":{\"@id\":\"https:\/\/nordnesrepublikken.no\/index.php\/2025\/12\/18\/forklaringen-pa-det-sjeldne-fenomenet-er-fysikk-ikke-kjemi\/#breadcrumb\"},\"inLanguage\":\"nb-NO\",\"potentialAction\":[{\"@type\":\"ReadAction\",\"target\":[\"https:\/\/nordnesrepublikken.no\/index.php\/2025\/12\/18\/forklaringen-pa-det-sjeldne-fenomenet-er-fysikk-ikke-kjemi\/\"]}]},{\"@type\":\"ImageObject\",\"inLanguage\":\"nb-NO\",\"@id\":\"https:\/\/nordnesrepublikken.no\/index.php\/2025\/12\/18\/forklaringen-pa-det-sjeldne-fenomenet-er-fysikk-ikke-kjemi\/#primaryimage\",\"url\":\"https:\/\/nordnesrepublikken.no\/wp-content\/uploads\/2025\/12\/1766091039_forklaringen-pa-det-sjeldne-fenomenet-er-fysikk-ikke-kjemi.jpg\",\"contentUrl\":\"https:\/\/nordnesrepublikken.no\/wp-content\/uploads\/2025\/12\/1766091039_forklaringen-pa-det-sjeldne-fenomenet-er-fysikk-ikke-kjemi.jpg\",\"width\":1920,\"height\":1200,\"caption\":\"forklaringen p\u00e5 det sjeldne fenomenet er fysikk, ikke kjemi\"},{\"@type\":\"BreadcrumbList\",\"@id\":\"https:\/\/nordnesrepublikken.no\/index.php\/2025\/12\/18\/forklaringen-pa-det-sjeldne-fenomenet-er-fysikk-ikke-kjemi\/#breadcrumb\",\"itemListElement\":[{\"@type\":\"ListItem\",\"position\":1,\"name\":\"Home\",\"item\":\"https:\/\/nordnesrepublikken.no\/\"},{\"@type\":\"ListItem\",\"position\":2,\"name\":\"forklaringen p\u00e5 det sjeldne fenomenet er fysikk, ikke kjemi\"}]},{\"@type\":\"WebSite\",\"@id\":\"https:\/\/nordnesrepublikken.no\/#website\",\"url\":\"https:\/\/nordnesrepublikken.no\/\",\"name\":\"Nordnesrepublikken\",\"description\":\"Stemmer og Visjoner fra Republikkens Hjerte\",\"publisher\":{\"@id\":\"https:\/\/nordnesrepublikken.no\/#organization\"},\"potentialAction\":[{\"@type\":\"SearchAction\",\"target\":{\"@type\":\"EntryPoint\",\"urlTemplate\":\"https:\/\/nordnesrepublikken.no\/?s={search_term_string}\"},\"query-input\":{\"@type\":\"PropertyValueSpecification\",\"valueRequired\":true,\"valueName\":\"search_term_string\"}}],\"inLanguage\":\"nb-NO\"},{\"@type\":\"Organization\",\"@id\":\"https:\/\/nordnesrepublikken.no\/#organization\",\"name\":\"Nordnesrepublikken\",\"url\":\"https:\/\/nordnesrepublikken.no\/\",\"logo\":{\"@type\":\"ImageObject\",\"inLanguage\":\"nb-NO\",\"@id\":\"https:\/\/nordnesrepublikken.no\/#\/schema\/logo\/image\/\",\"url\":\"https:\/\/nordnesrepublikken.no\/wp-content\/uploads\/2025\/02\/cropped-nordnesrepublikken-2.png\",\"contentUrl\":\"https:\/\/nordnesrepublikken.no\/wp-content\/uploads\/2025\/02\/cropped-nordnesrepublikken-2.png\",\"width\":1248,\"height\":362,\"caption\":\"Nordnesrepublikken\"},\"image\":{\"@id\":\"https:\/\/nordnesrepublikken.no\/#\/schema\/logo\/image\/\"}},{\"@type\":\"Person\",\"@id\":\"https:\/\/nordnesrepublikken.no\/#\/schema\/person\/2e7e81935bab77882fffb79296240ff1\",\"name\":\"Ole Andersen\",\"image\":{\"@type\":\"ImageObject\",\"inLanguage\":\"nb-NO\",\"@id\":\"https:\/\/nordnesrepublikken.no\/#\/schema\/person\/image\/\",\"url\":\"https:\/\/nordnesrepublikken.no\/wp-content\/uploads\/2025\/02\/nordnesrepublikken-2-2-150x150.jpg\",\"contentUrl\":\"https:\/\/nordnesrepublikken.no\/wp-content\/uploads\/2025\/02\/nordnesrepublikken-2-2-150x150.jpg\",\"caption\":\"Ole Andersen\"},\"description\":\"Ettersom jeg vokste opp i Oslo, har jeg alltid v\u00e6rt fascinert av ordenes kraft og deres evne til \u00e5 skape endringer. Etter \u00e5 ha fullf\u00f8rt min utdannelse i kommunikasjon ved Universitetet i Bergen, fikk jeg muligheten til \u00e5 jobbe innen ulike medier, der jeg har s\u00f8kt \u00e5 belyse viktige samfunnssp\u00f8rsm\u00e5l. I dag, som redakt\u00f8r for Nordnesrepublikken, pr\u00f8ver jeg \u00e5 forene min kj\u00e6rlighet for journalistikk med min lidenskap for innovasjon og eventyr.\",\"sameAs\":[\"https:\/\/nordnesrepublikken.no\/\"]}]}<\/script>\n<!-- \/ Yoast SEO plugin. -->","yoast_head_json":{"title":"forklaringen p\u00e5 det sjeldne fenomenet er fysikk, ikke kjemi - Nordnesrepublikken","robots":{"index":"index","follow":"follow","max-snippet":"max-snippet:-1","max-image-preview":"max-image-preview:large","max-video-preview":"max-video-preview:-1"},"canonical":"https:\/\/nordnesrepublikken.no\/index.php\/2025\/12\/18\/forklaringen-pa-det-sjeldne-fenomenet-er-fysikk-ikke-kjemi\/","og_locale":"nb_NO","og_type":"article","og_title":"forklaringen p\u00e5 det sjeldne fenomenet er fysikk, ikke kjemi - Nordnesrepublikken","og_description":"Bildene av. g\u00e5r verden rundt rosa t\u00e5ke som ved daggry i g\u00e5r dekket noen omr\u00e5der","og_url":"https:\/\/nordnesrepublikken.no\/index.php\/2025\/12\/18\/forklaringen-pa-det-sjeldne-fenomenet-er-fysikk-ikke-kjemi\/","og_site_name":"Nordnesrepublikken","article_published_time":"2025-12-18T20:50:38+00:00","article_modified_time":"2025-12-18T20:50:40+00:00","og_image":[{"width":1920,"height":1200,"url":"https:\/\/nordnesrepublikken.no\/wp-content\/uploads\/2025\/12\/1766091039_forklaringen-pa-det-sjeldne-fenomenet-er-fysikk-ikke-kjemi.jpg","type":"image\/jpeg"}],"author":"Ole Andersen","twitter_card":"summary_large_image","twitter_misc":{"Skrevet av":"Ole Andersen","Ansl. lesetid":"3 minutter"},"schema":{"@context":"https:\/\/schema.org","@graph":[{"@type":"Article","@id":"https:\/\/nordnesrepublikken.no\/index.php\/2025\/12\/18\/forklaringen-pa-det-sjeldne-fenomenet-er-fysikk-ikke-kjemi\/#article","isPartOf":{"@id":"https:\/\/nordnesrepublikken.no\/index.php\/2025\/12\/18\/forklaringen-pa-det-sjeldne-fenomenet-er-fysikk-ikke-kjemi\/"},"author":{"name":"Ole Andersen","@id":"https:\/\/nordnesrepublikken.no\/#\/schema\/person\/2e7e81935bab77882fffb79296240ff1"},"headline":"forklaringen p\u00e5 det sjeldne fenomenet er fysikk, ikke kjemi","datePublished":"2025-12-18T20:50:38+00:00","dateModified":"2025-12-18T20:50:40+00:00","mainEntityOfPage":{"@id":"https:\/\/nordnesrepublikken.no\/index.php\/2025\/12\/18\/forklaringen-pa-det-sjeldne-fenomenet-er-fysikk-ikke-kjemi\/"},"wordCount":548,"publisher":{"@id":"https:\/\/nordnesrepublikken.no\/#organization"},"image":{"@id":"https:\/\/nordnesrepublikken.no\/index.php\/2025\/12\/18\/forklaringen-pa-det-sjeldne-fenomenet-er-fysikk-ikke-kjemi\/#primaryimage"},"thumbnailUrl":"https:\/\/nordnesrepublikken.no\/wp-content\/uploads\/2025\/12\/1766091039_forklaringen-pa-det-sjeldne-fenomenet-er-fysikk-ikke-kjemi.jpg","keywords":["Det","fenomenet","forklaringen","fysikk","ikke","kjemi","p\u00e5","sjeldne"],"articleSection":["Milj\u00f8"],"inLanguage":"nb-NO"},{"@type":"WebPage","@id":"https:\/\/nordnesrepublikken.no\/index.php\/2025\/12\/18\/forklaringen-pa-det-sjeldne-fenomenet-er-fysikk-ikke-kjemi\/","url":"https:\/\/nordnesrepublikken.no\/index.php\/2025\/12\/18\/forklaringen-pa-det-sjeldne-fenomenet-er-fysikk-ikke-kjemi\/","name":"forklaringen p\u00e5 det sjeldne fenomenet er fysikk, ikke kjemi - Nordnesrepublikken","isPartOf":{"@id":"https:\/\/nordnesrepublikken.no\/#website"},"primaryImageOfPage":{"@id":"https:\/\/nordnesrepublikken.no\/index.php\/2025\/12\/18\/forklaringen-pa-det-sjeldne-fenomenet-er-fysikk-ikke-kjemi\/#primaryimage"},"image":{"@id":"https:\/\/nordnesrepublikken.no\/index.php\/2025\/12\/18\/forklaringen-pa-det-sjeldne-fenomenet-er-fysikk-ikke-kjemi\/#primaryimage"},"thumbnailUrl":"https:\/\/nordnesrepublikken.no\/wp-content\/uploads\/2025\/12\/1766091039_forklaringen-pa-det-sjeldne-fenomenet-er-fysikk-ikke-kjemi.jpg","datePublished":"2025-12-18T20:50:38+00:00","dateModified":"2025-12-18T20:50:40+00:00","breadcrumb":{"@id":"https:\/\/nordnesrepublikken.no\/index.php\/2025\/12\/18\/forklaringen-pa-det-sjeldne-fenomenet-er-fysikk-ikke-kjemi\/#breadcrumb"},"inLanguage":"nb-NO","potentialAction":[{"@type":"ReadAction","target":["https:\/\/nordnesrepublikken.no\/index.php\/2025\/12\/18\/forklaringen-pa-det-sjeldne-fenomenet-er-fysikk-ikke-kjemi\/"]}]},{"@type":"ImageObject","inLanguage":"nb-NO","@id":"https:\/\/nordnesrepublikken.no\/index.php\/2025\/12\/18\/forklaringen-pa-det-sjeldne-fenomenet-er-fysikk-ikke-kjemi\/#primaryimage","url":"https:\/\/nordnesrepublikken.no\/wp-content\/uploads\/2025\/12\/1766091039_forklaringen-pa-det-sjeldne-fenomenet-er-fysikk-ikke-kjemi.jpg","contentUrl":"https:\/\/nordnesrepublikken.no\/wp-content\/uploads\/2025\/12\/1766091039_forklaringen-pa-det-sjeldne-fenomenet-er-fysikk-ikke-kjemi.jpg","width":1920,"height":1200,"caption":"forklaringen p\u00e5 det sjeldne fenomenet er fysikk, ikke kjemi"},{"@type":"BreadcrumbList","@id":"https:\/\/nordnesrepublikken.no\/index.php\/2025\/12\/18\/forklaringen-pa-det-sjeldne-fenomenet-er-fysikk-ikke-kjemi\/#breadcrumb","itemListElement":[{"@type":"ListItem","position":1,"name":"Home","item":"https:\/\/nordnesrepublikken.no\/"},{"@type":"ListItem","position":2,"name":"forklaringen p\u00e5 det sjeldne fenomenet er fysikk, ikke kjemi"}]},{"@type":"WebSite","@id":"https:\/\/nordnesrepublikken.no\/#website","url":"https:\/\/nordnesrepublikken.no\/","name":"Nordnesrepublikken","description":"Stemmer og Visjoner fra Republikkens Hjerte","publisher":{"@id":"https:\/\/nordnesrepublikken.no\/#organization"},"potentialAction":[{"@type":"SearchAction","target":{"@type":"EntryPoint","urlTemplate":"https:\/\/nordnesrepublikken.no\/?s={search_term_string}"},"query-input":{"@type":"PropertyValueSpecification","valueRequired":true,"valueName":"search_term_string"}}],"inLanguage":"nb-NO"},{"@type":"Organization","@id":"https:\/\/nordnesrepublikken.no\/#organization","name":"Nordnesrepublikken","url":"https:\/\/nordnesrepublikken.no\/","logo":{"@type":"ImageObject","inLanguage":"nb-NO","@id":"https:\/\/nordnesrepublikken.no\/#\/schema\/logo\/image\/","url":"https:\/\/nordnesrepublikken.no\/wp-content\/uploads\/2025\/02\/cropped-nordnesrepublikken-2.png","contentUrl":"https:\/\/nordnesrepublikken.no\/wp-content\/uploads\/2025\/02\/cropped-nordnesrepublikken-2.png","width":1248,"height":362,"caption":"Nordnesrepublikken"},"image":{"@id":"https:\/\/nordnesrepublikken.no\/#\/schema\/logo\/image\/"}},{"@type":"Person","@id":"https:\/\/nordnesrepublikken.no\/#\/schema\/person\/2e7e81935bab77882fffb79296240ff1","name":"Ole Andersen","image":{"@type":"ImageObject","inLanguage":"nb-NO","@id":"https:\/\/nordnesrepublikken.no\/#\/schema\/person\/image\/","url":"https:\/\/nordnesrepublikken.no\/wp-content\/uploads\/2025\/02\/nordnesrepublikken-2-2-150x150.jpg","contentUrl":"https:\/\/nordnesrepublikken.no\/wp-content\/uploads\/2025\/02\/nordnesrepublikken-2-2-150x150.jpg","caption":"Ole Andersen"},"description":"Ettersom jeg vokste opp i Oslo, har jeg alltid v\u00e6rt fascinert av ordenes kraft og deres evne til \u00e5 skape endringer. Etter \u00e5 ha fullf\u00f8rt min utdannelse i kommunikasjon ved Universitetet i Bergen, fikk jeg muligheten til \u00e5 jobbe innen ulike medier, der jeg har s\u00f8kt \u00e5 belyse viktige samfunnssp\u00f8rsm\u00e5l. I dag, som redakt\u00f8r for Nordnesrepublikken, pr\u00f8ver jeg \u00e5 forene min kj\u00e6rlighet for journalistikk med min lidenskap for innovasjon og eventyr.","sameAs":["https:\/\/nordnesrepublikken.no\/"]}]}},"_links":{"self":[{"href":"https:\/\/nordnesrepublikken.no\/index.php\/wp-json\/wp\/v2\/posts\/12955","targetHints":{"allow":["GET"]}}],"collection":[{"href":"https:\/\/nordnesrepublikken.no\/index.php\/wp-json\/wp\/v2\/posts"}],"about":[{"href":"https:\/\/nordnesrepublikken.no\/index.php\/wp-json\/wp\/v2\/types\/post"}],"author":[{"embeddable":true,"href":"https:\/\/nordnesrepublikken.no\/index.php\/wp-json\/wp\/v2\/users\/1"}],"replies":[{"embeddable":true,"href":"https:\/\/nordnesrepublikken.no\/index.php\/wp-json\/wp\/v2\/comments?post=12955"}],"version-history":[{"count":1,"href":"https:\/\/nordnesrepublikken.no\/index.php\/wp-json\/wp\/v2\/posts\/12955\/revisions"}],"predecessor-version":[{"id":12957,"href":"https:\/\/nordnesrepublikken.no\/index.php\/wp-json\/wp\/v2\/posts\/12955\/revisions\/12957"}],"wp:featuredmedia":[{"embeddable":true,"href":"https:\/\/nordnesrepublikken.no\/index.php\/wp-json\/wp\/v2\/media\/12956"}],"wp:attachment":[{"href":"https:\/\/nordnesrepublikken.no\/index.php\/wp-json\/wp\/v2\/media?parent=12955"}],"wp:term":[{"taxonomy":"category","embeddable":true,"href":"https:\/\/nordnesrepublikken.no\/index.php\/wp-json\/wp\/v2\/categories?post=12955"},{"taxonomy":"post_tag","embeddable":true,"href":"https:\/\/nordnesrepublikken.no\/index.php\/wp-json\/wp\/v2\/tags?post=12955"}],"curies":[{"name":"wp","href":"https:\/\/api.w.org\/{rel}","templated":true}]}}