{"id":12926,"date":"2025-12-18T04:51:37","date_gmt":"2025-12-18T03:51:37","guid":{"rendered":"https:\/\/nordnesrepublikken.no\/index.php\/2025\/12\/18\/for-forste-gang-vil-4-flaggbaerere-for-italia-paradere-ved-ol-i-cortina-i-milano-2026-hvem-er-de\/"},"modified":"2025-12-18T04:51:39","modified_gmt":"2025-12-18T03:51:39","slug":"for-forste-gang-vil-4-flaggbaerere-for-italia-paradere-ved-ol-i-cortina-i-milano-2026-hvem-er-de","status":"publish","type":"post","link":"https:\/\/nordnesrepublikken.no\/index.php\/2025\/12\/18\/for-forste-gang-vil-4-flaggbaerere-for-italia-paradere-ved-ol-i-cortina-i-milano-2026-hvem-er-de\/","title":{"rendered":"For f\u00f8rste gang vil 4 flaggb\u00e6rere for Italia paradere ved OL i Cortina i Milano 2026: hvem er de"},"content":{"rendered":"<div>\n<div class=\"cp_wrapper cp_wrapper--fw mb-30 mb-20@tablet\">\n<figure class=\"mm\"><picture class=\"img\" style=\"padding-top:56.25%\"><source  media=\"(min-width: 1024px)\"><source  media=\"(min-width: 768px)\"><\/source><\/source><\/picture><\/figure>\n<\/p><\/div>\n<p>For f\u00f8rste gang i historien til de olympiske leker, vel <b>fire idrettsut\u00f8vere<\/b> de vil flagge et enkelt land i l\u00f8pet av <strong>\u00e5pningsseremoni<\/strong>. 6. februar 2026, <b>Federica Brignone<\/b> (alpint), <b>Arianna Fontana<\/b> (kort spor), <b>Federico Pellegrino<\/b> (langrenn) e <b>Amos Mosaner<\/b> (curling) vil paradere i et unikt arrangement som vil finne sted mellom San Siro Stadium i Milano og Cortina d&#8217;Ampezzo. Som annonsert av presidenten for CONI,<strong> Luciano Buonfiglio<\/strong>Pellegrino og Fontana vil paradere i Lombardias hovedstad, mens Mosaner og Brignone i fjellene i provinsen Belluno.<\/p>\n<p> <!-- SUMMARY --><\/p>\n<div class=\"cp_wrapper mb-20 mb-40@desktop\">\n<div class=\"smy\" data-sticky-btn-text=\"\">\n<p>Her er de italienske flaggb\u00e6rerne ved vinter-OL<\/p>\n<\/div>\n<\/div>\n<h2 id=\"federica-brignone-sci-alpino\">Federica Brignone \u2013 alpint<\/h2>\n<p>&laquo;La Salle Tiger&raquo;, en milanesisk skil\u00f8per f\u00f8dt i 1990, men en Aosta-dal ved adopsjon, ankommer Milan Cortina &#8211; hennes femte OL etter Vancouver 2010, Sotsji 2014, PyeongChang 2018 og Beijing 2022 &#8211; med mange ukjente. Etter \u00e5 ha dominert ved \u00e5 vinne VM og verdensmedaljer, ble hun tvunget til \u00e5 stoppe p\u00e5 grunn av en <b>alvorlig skade p\u00e5 tibia og fibula<\/b>.<\/p>\n<p>Hun er en &laquo;kunstens datter&raquo; (moren hennes er den tidligere skil\u00f8peren Ninna Quario) og er en del av Gruppo Sportivo dei <b>Carabinieri<\/b>. Hun skrev historie som den f\u00f8rste italieneren noensinne som vant <b>Krystallkule<\/b> general (trofeet som bel\u00f8nner den sterkeste skil\u00f8peren i verden over hele sesongen).<\/p>\n<p>Federica kan skryte av en <b>s\u00f8lv<\/b> i storslal\u00e5m og a <b>bronse<\/b> i Kombinert i Beijing 2022, i tillegg til <b>bronse<\/b> i Giant p\u00e5 PyeongChang 2018.<\/p>\n<h2 id=\"arianna-fontana-short-track\">Arianna Fontana \u2013 Short Track<\/h2>\n<p>Allerede faneb\u00e6rer p\u00e5 PyeongChang 2018, Valtellina fra Sondrio er<strong>mest medaljerte italienske idrettsut\u00f8ver i historien <\/strong>av de olympiske vinterleker. Han seiret godt <b>11 olympiske medaljer<\/b>: 2 gull, 4 s\u00f8lv og 5 bronse. I Torino 2006, bare 15 \u00e5r og 10 m\u00e5neder, ble hun den yngste italienske olympiske medaljevinneren.<\/p>\n<p>Den i 2026 blir hans <b>sjette OL<\/b> p\u00e5f\u00f8lgende (2006, 2010, 2014, 2018, 2022, 2026).<\/p>\n<h2 id=\"federico-pellegrino-sci-di-fondo\">Federico Pellegrino \u2013 Langrenn<\/h2>\n<p>Pellegrino er et symbol p\u00e5 italiensk langrenn, og tar med seg stoltheten over <b>Gullflammer<\/b> (Statspolitiet) og Aostadalen. Faktisk vil han v\u00e6re den f\u00f8rste Fiamme Oro-atleten og den f\u00f8rste innf\u00f8dte i Aostadalen som er flaggb\u00e6rer i en vinter-OL-seremoni.<\/p>\n<p>Pellegrino, til hans <b>fjerde deltakelse<\/b> Olympic (2014, 2018, 2022, 2026), vant to olympiske s\u00f8lvmedaljer i sprintl\u00f8pet (PyeongChang 2018 og Beijing 2022) og to <b>Krystallkuler<\/b> av spesialiteter (sprint-VM).<\/p>\n<h2 id=\"amos-mosaner-curling\">Amos Mosaner \u2013 Curling<\/h2>\n<p>Innf\u00f8dte i Trento skrev historie i Beijing 2022 ved \u00e5 vinne en historisk <b>gull i mixed double<\/b> av curling sammen med <strong>Stefania Constantini<\/strong>. De to kan ogs\u00e5 skryte av en verdenstittel vunnet i 2025 i Canada.<\/p>\n<p>For ham er <b>f\u00f8rste idrettsut\u00f8ver fra Trentino<\/b> og den f\u00f8rste curlingut\u00f8veren som blir italiensk flaggb\u00e6rer vil v\u00e6re der <b>tredje OL<\/b>etter erfaringene fra 2018 og 2022.<\/p>\n<\/p><\/div>\n","protected":false},"excerpt":{"rendered":"<p>For f\u00f8rste gang i historien til de olympiske leker, vel fire idrettsut\u00f8vere de vil flagge<\/p>\n","protected":false},"author":1,"featured_media":12927,"comment_status":"closed","ping_status":"open","sticky":false,"template":"","format":"standard","meta":{"footnotes":""},"categories":[104],"tags":[8451,8505,67,677,99,437,2761,8506,231,149],"class_list":["post-12926","post","type-post","status-publish","format-standard","has-post-thumbnail","hentry","category-samfunn","tag-cortina","tag-flaggbaerere","tag-forste","tag-gang","tag-hvem","tag-italia","tag-milano","tag-paradere","tag-ved","tag-vil","generate-columns","tablet-grid-50","mobile-grid-100","grid-parent","grid-33","resize-featured-image"],"yoast_head":"<!-- This site is optimized with the Yoast SEO plugin v24.4 - https:\/\/yoast.com\/wordpress\/plugins\/seo\/ -->\n<title>For f\u00f8rste gang vil 4 flaggb\u00e6rere for Italia paradere ved OL i Cortina i Milano 2026: hvem er de - Nordnesrepublikken<\/title>\n<meta name=\"robots\" content=\"index, follow, max-snippet:-1, max-image-preview:large, max-video-preview:-1\" \/>\n<link rel=\"canonical\" href=\"https:\/\/nordnesrepublikken.no\/index.php\/2025\/12\/18\/for-forste-gang-vil-4-flaggbaerere-for-italia-paradere-ved-ol-i-cortina-i-milano-2026-hvem-er-de\/\" \/>\n<meta property=\"og:locale\" content=\"nb_NO\" \/>\n<meta property=\"og:type\" content=\"article\" \/>\n<meta property=\"og:title\" content=\"For f\u00f8rste gang vil 4 flaggb\u00e6rere for Italia paradere ved OL i Cortina i Milano 2026: hvem er de - Nordnesrepublikken\" \/>\n<meta property=\"og:description\" content=\"For f\u00f8rste gang i historien til de olympiske leker, vel fire idrettsut\u00f8vere de vil flagge\" \/>\n<meta property=\"og:url\" content=\"https:\/\/nordnesrepublikken.no\/index.php\/2025\/12\/18\/for-forste-gang-vil-4-flaggbaerere-for-italia-paradere-ved-ol-i-cortina-i-milano-2026-hvem-er-de\/\" \/>\n<meta property=\"og:site_name\" content=\"Nordnesrepublikken\" \/>\n<meta property=\"article:published_time\" content=\"2025-12-18T03:51:37+00:00\" \/>\n<meta property=\"article:modified_time\" content=\"2025-12-18T03:51:39+00:00\" \/>\n<meta property=\"og:image\" content=\"https:\/\/nordnesrepublikken.no\/wp-content\/uploads\/2025\/12\/1766029898_For-forste-gang-vil-4-flaggbaerere-for-Italia-paradere-ved.jpg\" \/>\n\t<meta property=\"og:image:width\" content=\"1280\" \/>\n\t<meta property=\"og:image:height\" content=\"720\" \/>\n\t<meta property=\"og:image:type\" content=\"image\/jpeg\" \/>\n<meta name=\"author\" content=\"Ole Andersen\" \/>\n<meta name=\"twitter:card\" content=\"summary_large_image\" \/>\n<meta name=\"twitter:label1\" content=\"Skrevet av\" \/>\n\t<meta name=\"twitter:data1\" content=\"Ole Andersen\" \/>\n\t<meta name=\"twitter:label2\" content=\"Ansl. lesetid\" \/>\n\t<meta name=\"twitter:data2\" content=\"2 minutter\" \/>\n<script type=\"application\/ld+json\" class=\"yoast-schema-graph\">{\"@context\":\"https:\/\/schema.org\",\"@graph\":[{\"@type\":\"Article\",\"@id\":\"https:\/\/nordnesrepublikken.no\/index.php\/2025\/12\/18\/for-forste-gang-vil-4-flaggbaerere-for-italia-paradere-ved-ol-i-cortina-i-milano-2026-hvem-er-de\/#article\",\"isPartOf\":{\"@id\":\"https:\/\/nordnesrepublikken.no\/index.php\/2025\/12\/18\/for-forste-gang-vil-4-flaggbaerere-for-italia-paradere-ved-ol-i-cortina-i-milano-2026-hvem-er-de\/\"},\"author\":{\"name\":\"Ole Andersen\",\"@id\":\"https:\/\/nordnesrepublikken.no\/#\/schema\/person\/2e7e81935bab77882fffb79296240ff1\"},\"headline\":\"For f\u00f8rste gang vil 4 flaggb\u00e6rere for Italia paradere ved OL i Cortina i Milano 2026: hvem er de\",\"datePublished\":\"2025-12-18T03:51:37+00:00\",\"dateModified\":\"2025-12-18T03:51:39+00:00\",\"mainEntityOfPage\":{\"@id\":\"https:\/\/nordnesrepublikken.no\/index.php\/2025\/12\/18\/for-forste-gang-vil-4-flaggbaerere-for-italia-paradere-ved-ol-i-cortina-i-milano-2026-hvem-er-de\/\"},\"wordCount\":433,\"publisher\":{\"@id\":\"https:\/\/nordnesrepublikken.no\/#organization\"},\"image\":{\"@id\":\"https:\/\/nordnesrepublikken.no\/index.php\/2025\/12\/18\/for-forste-gang-vil-4-flaggbaerere-for-italia-paradere-ved-ol-i-cortina-i-milano-2026-hvem-er-de\/#primaryimage\"},\"thumbnailUrl\":\"https:\/\/nordnesrepublikken.no\/wp-content\/uploads\/2025\/12\/1766029898_For-forste-gang-vil-4-flaggbaerere-for-Italia-paradere-ved.jpg\",\"keywords\":[\"Cortina\",\"flaggb\u00e6rere\",\"f\u00f8rste\",\"gang\",\"Hvem\",\"Italia\",\"Milano\",\"paradere\",\"ved\",\"vil\"],\"articleSection\":[\"Samfunn\"],\"inLanguage\":\"nb-NO\"},{\"@type\":\"WebPage\",\"@id\":\"https:\/\/nordnesrepublikken.no\/index.php\/2025\/12\/18\/for-forste-gang-vil-4-flaggbaerere-for-italia-paradere-ved-ol-i-cortina-i-milano-2026-hvem-er-de\/\",\"url\":\"https:\/\/nordnesrepublikken.no\/index.php\/2025\/12\/18\/for-forste-gang-vil-4-flaggbaerere-for-italia-paradere-ved-ol-i-cortina-i-milano-2026-hvem-er-de\/\",\"name\":\"For f\u00f8rste gang vil 4 flaggb\u00e6rere for Italia paradere ved OL i Cortina i Milano 2026: hvem er de - Nordnesrepublikken\",\"isPartOf\":{\"@id\":\"https:\/\/nordnesrepublikken.no\/#website\"},\"primaryImageOfPage\":{\"@id\":\"https:\/\/nordnesrepublikken.no\/index.php\/2025\/12\/18\/for-forste-gang-vil-4-flaggbaerere-for-italia-paradere-ved-ol-i-cortina-i-milano-2026-hvem-er-de\/#primaryimage\"},\"image\":{\"@id\":\"https:\/\/nordnesrepublikken.no\/index.php\/2025\/12\/18\/for-forste-gang-vil-4-flaggbaerere-for-italia-paradere-ved-ol-i-cortina-i-milano-2026-hvem-er-de\/#primaryimage\"},\"thumbnailUrl\":\"https:\/\/nordnesrepublikken.no\/wp-content\/uploads\/2025\/12\/1766029898_For-forste-gang-vil-4-flaggbaerere-for-Italia-paradere-ved.jpg\",\"datePublished\":\"2025-12-18T03:51:37+00:00\",\"dateModified\":\"2025-12-18T03:51:39+00:00\",\"breadcrumb\":{\"@id\":\"https:\/\/nordnesrepublikken.no\/index.php\/2025\/12\/18\/for-forste-gang-vil-4-flaggbaerere-for-italia-paradere-ved-ol-i-cortina-i-milano-2026-hvem-er-de\/#breadcrumb\"},\"inLanguage\":\"nb-NO\",\"potentialAction\":[{\"@type\":\"ReadAction\",\"target\":[\"https:\/\/nordnesrepublikken.no\/index.php\/2025\/12\/18\/for-forste-gang-vil-4-flaggbaerere-for-italia-paradere-ved-ol-i-cortina-i-milano-2026-hvem-er-de\/\"]}]},{\"@type\":\"ImageObject\",\"inLanguage\":\"nb-NO\",\"@id\":\"https:\/\/nordnesrepublikken.no\/index.php\/2025\/12\/18\/for-forste-gang-vil-4-flaggbaerere-for-italia-paradere-ved-ol-i-cortina-i-milano-2026-hvem-er-de\/#primaryimage\",\"url\":\"https:\/\/nordnesrepublikken.no\/wp-content\/uploads\/2025\/12\/1766029898_For-forste-gang-vil-4-flaggbaerere-for-Italia-paradere-ved.jpg\",\"contentUrl\":\"https:\/\/nordnesrepublikken.no\/wp-content\/uploads\/2025\/12\/1766029898_For-forste-gang-vil-4-flaggbaerere-for-Italia-paradere-ved.jpg\",\"width\":1280,\"height\":720,\"caption\":\"For f\u00f8rste gang vil 4 flaggb\u00e6rere for Italia paradere ved OL i Cortina i Milano 2026: hvem er de\"},{\"@type\":\"BreadcrumbList\",\"@id\":\"https:\/\/nordnesrepublikken.no\/index.php\/2025\/12\/18\/for-forste-gang-vil-4-flaggbaerere-for-italia-paradere-ved-ol-i-cortina-i-milano-2026-hvem-er-de\/#breadcrumb\",\"itemListElement\":[{\"@type\":\"ListItem\",\"position\":1,\"name\":\"Home\",\"item\":\"https:\/\/nordnesrepublikken.no\/\"},{\"@type\":\"ListItem\",\"position\":2,\"name\":\"For f\u00f8rste gang vil 4 flaggb\u00e6rere for Italia paradere ved OL i Cortina i Milano 2026: hvem er de\"}]},{\"@type\":\"WebSite\",\"@id\":\"https:\/\/nordnesrepublikken.no\/#website\",\"url\":\"https:\/\/nordnesrepublikken.no\/\",\"name\":\"Nordnesrepublikken\",\"description\":\"Stemmer og Visjoner fra Republikkens Hjerte\",\"publisher\":{\"@id\":\"https:\/\/nordnesrepublikken.no\/#organization\"},\"potentialAction\":[{\"@type\":\"SearchAction\",\"target\":{\"@type\":\"EntryPoint\",\"urlTemplate\":\"https:\/\/nordnesrepublikken.no\/?s={search_term_string}\"},\"query-input\":{\"@type\":\"PropertyValueSpecification\",\"valueRequired\":true,\"valueName\":\"search_term_string\"}}],\"inLanguage\":\"nb-NO\"},{\"@type\":\"Organization\",\"@id\":\"https:\/\/nordnesrepublikken.no\/#organization\",\"name\":\"Nordnesrepublikken\",\"url\":\"https:\/\/nordnesrepublikken.no\/\",\"logo\":{\"@type\":\"ImageObject\",\"inLanguage\":\"nb-NO\",\"@id\":\"https:\/\/nordnesrepublikken.no\/#\/schema\/logo\/image\/\",\"url\":\"https:\/\/nordnesrepublikken.no\/wp-content\/uploads\/2025\/02\/cropped-nordnesrepublikken-2.png\",\"contentUrl\":\"https:\/\/nordnesrepublikken.no\/wp-content\/uploads\/2025\/02\/cropped-nordnesrepublikken-2.png\",\"width\":1248,\"height\":362,\"caption\":\"Nordnesrepublikken\"},\"image\":{\"@id\":\"https:\/\/nordnesrepublikken.no\/#\/schema\/logo\/image\/\"}},{\"@type\":\"Person\",\"@id\":\"https:\/\/nordnesrepublikken.no\/#\/schema\/person\/2e7e81935bab77882fffb79296240ff1\",\"name\":\"Ole Andersen\",\"image\":{\"@type\":\"ImageObject\",\"inLanguage\":\"nb-NO\",\"@id\":\"https:\/\/nordnesrepublikken.no\/#\/schema\/person\/image\/\",\"url\":\"https:\/\/nordnesrepublikken.no\/wp-content\/uploads\/2025\/02\/nordnesrepublikken-2-2-150x150.jpg\",\"contentUrl\":\"https:\/\/nordnesrepublikken.no\/wp-content\/uploads\/2025\/02\/nordnesrepublikken-2-2-150x150.jpg\",\"caption\":\"Ole Andersen\"},\"description\":\"Ettersom jeg vokste opp i Oslo, har jeg alltid v\u00e6rt fascinert av ordenes kraft og deres evne til \u00e5 skape endringer. Etter \u00e5 ha fullf\u00f8rt min utdannelse i kommunikasjon ved Universitetet i Bergen, fikk jeg muligheten til \u00e5 jobbe innen ulike medier, der jeg har s\u00f8kt \u00e5 belyse viktige samfunnssp\u00f8rsm\u00e5l. I dag, som redakt\u00f8r for Nordnesrepublikken, pr\u00f8ver jeg \u00e5 forene min kj\u00e6rlighet for journalistikk med min lidenskap for innovasjon og eventyr.\",\"sameAs\":[\"https:\/\/nordnesrepublikken.no\/\"]}]}<\/script>\n<!-- \/ Yoast SEO plugin. -->","yoast_head_json":{"title":"For f\u00f8rste gang vil 4 flaggb\u00e6rere for Italia paradere ved OL i Cortina i Milano 2026: hvem er de - Nordnesrepublikken","robots":{"index":"index","follow":"follow","max-snippet":"max-snippet:-1","max-image-preview":"max-image-preview:large","max-video-preview":"max-video-preview:-1"},"canonical":"https:\/\/nordnesrepublikken.no\/index.php\/2025\/12\/18\/for-forste-gang-vil-4-flaggbaerere-for-italia-paradere-ved-ol-i-cortina-i-milano-2026-hvem-er-de\/","og_locale":"nb_NO","og_type":"article","og_title":"For f\u00f8rste gang vil 4 flaggb\u00e6rere for Italia paradere ved OL i Cortina i Milano 2026: hvem er de - Nordnesrepublikken","og_description":"For f\u00f8rste gang i historien til de olympiske leker, vel fire idrettsut\u00f8vere de vil flagge","og_url":"https:\/\/nordnesrepublikken.no\/index.php\/2025\/12\/18\/for-forste-gang-vil-4-flaggbaerere-for-italia-paradere-ved-ol-i-cortina-i-milano-2026-hvem-er-de\/","og_site_name":"Nordnesrepublikken","article_published_time":"2025-12-18T03:51:37+00:00","article_modified_time":"2025-12-18T03:51:39+00:00","og_image":[{"width":1280,"height":720,"url":"https:\/\/nordnesrepublikken.no\/wp-content\/uploads\/2025\/12\/1766029898_For-forste-gang-vil-4-flaggbaerere-for-Italia-paradere-ved.jpg","type":"image\/jpeg"}],"author":"Ole Andersen","twitter_card":"summary_large_image","twitter_misc":{"Skrevet av":"Ole Andersen","Ansl. lesetid":"2 minutter"},"schema":{"@context":"https:\/\/schema.org","@graph":[{"@type":"Article","@id":"https:\/\/nordnesrepublikken.no\/index.php\/2025\/12\/18\/for-forste-gang-vil-4-flaggbaerere-for-italia-paradere-ved-ol-i-cortina-i-milano-2026-hvem-er-de\/#article","isPartOf":{"@id":"https:\/\/nordnesrepublikken.no\/index.php\/2025\/12\/18\/for-forste-gang-vil-4-flaggbaerere-for-italia-paradere-ved-ol-i-cortina-i-milano-2026-hvem-er-de\/"},"author":{"name":"Ole Andersen","@id":"https:\/\/nordnesrepublikken.no\/#\/schema\/person\/2e7e81935bab77882fffb79296240ff1"},"headline":"For f\u00f8rste gang vil 4 flaggb\u00e6rere for Italia paradere ved OL i Cortina i Milano 2026: hvem er de","datePublished":"2025-12-18T03:51:37+00:00","dateModified":"2025-12-18T03:51:39+00:00","mainEntityOfPage":{"@id":"https:\/\/nordnesrepublikken.no\/index.php\/2025\/12\/18\/for-forste-gang-vil-4-flaggbaerere-for-italia-paradere-ved-ol-i-cortina-i-milano-2026-hvem-er-de\/"},"wordCount":433,"publisher":{"@id":"https:\/\/nordnesrepublikken.no\/#organization"},"image":{"@id":"https:\/\/nordnesrepublikken.no\/index.php\/2025\/12\/18\/for-forste-gang-vil-4-flaggbaerere-for-italia-paradere-ved-ol-i-cortina-i-milano-2026-hvem-er-de\/#primaryimage"},"thumbnailUrl":"https:\/\/nordnesrepublikken.no\/wp-content\/uploads\/2025\/12\/1766029898_For-forste-gang-vil-4-flaggbaerere-for-Italia-paradere-ved.jpg","keywords":["Cortina","flaggb\u00e6rere","f\u00f8rste","gang","Hvem","Italia","Milano","paradere","ved","vil"],"articleSection":["Samfunn"],"inLanguage":"nb-NO"},{"@type":"WebPage","@id":"https:\/\/nordnesrepublikken.no\/index.php\/2025\/12\/18\/for-forste-gang-vil-4-flaggbaerere-for-italia-paradere-ved-ol-i-cortina-i-milano-2026-hvem-er-de\/","url":"https:\/\/nordnesrepublikken.no\/index.php\/2025\/12\/18\/for-forste-gang-vil-4-flaggbaerere-for-italia-paradere-ved-ol-i-cortina-i-milano-2026-hvem-er-de\/","name":"For f\u00f8rste gang vil 4 flaggb\u00e6rere for Italia paradere ved OL i Cortina i Milano 2026: hvem er de - Nordnesrepublikken","isPartOf":{"@id":"https:\/\/nordnesrepublikken.no\/#website"},"primaryImageOfPage":{"@id":"https:\/\/nordnesrepublikken.no\/index.php\/2025\/12\/18\/for-forste-gang-vil-4-flaggbaerere-for-italia-paradere-ved-ol-i-cortina-i-milano-2026-hvem-er-de\/#primaryimage"},"image":{"@id":"https:\/\/nordnesrepublikken.no\/index.php\/2025\/12\/18\/for-forste-gang-vil-4-flaggbaerere-for-italia-paradere-ved-ol-i-cortina-i-milano-2026-hvem-er-de\/#primaryimage"},"thumbnailUrl":"https:\/\/nordnesrepublikken.no\/wp-content\/uploads\/2025\/12\/1766029898_For-forste-gang-vil-4-flaggbaerere-for-Italia-paradere-ved.jpg","datePublished":"2025-12-18T03:51:37+00:00","dateModified":"2025-12-18T03:51:39+00:00","breadcrumb":{"@id":"https:\/\/nordnesrepublikken.no\/index.php\/2025\/12\/18\/for-forste-gang-vil-4-flaggbaerere-for-italia-paradere-ved-ol-i-cortina-i-milano-2026-hvem-er-de\/#breadcrumb"},"inLanguage":"nb-NO","potentialAction":[{"@type":"ReadAction","target":["https:\/\/nordnesrepublikken.no\/index.php\/2025\/12\/18\/for-forste-gang-vil-4-flaggbaerere-for-italia-paradere-ved-ol-i-cortina-i-milano-2026-hvem-er-de\/"]}]},{"@type":"ImageObject","inLanguage":"nb-NO","@id":"https:\/\/nordnesrepublikken.no\/index.php\/2025\/12\/18\/for-forste-gang-vil-4-flaggbaerere-for-italia-paradere-ved-ol-i-cortina-i-milano-2026-hvem-er-de\/#primaryimage","url":"https:\/\/nordnesrepublikken.no\/wp-content\/uploads\/2025\/12\/1766029898_For-forste-gang-vil-4-flaggbaerere-for-Italia-paradere-ved.jpg","contentUrl":"https:\/\/nordnesrepublikken.no\/wp-content\/uploads\/2025\/12\/1766029898_For-forste-gang-vil-4-flaggbaerere-for-Italia-paradere-ved.jpg","width":1280,"height":720,"caption":"For f\u00f8rste gang vil 4 flaggb\u00e6rere for Italia paradere ved OL i Cortina i Milano 2026: hvem er de"},{"@type":"BreadcrumbList","@id":"https:\/\/nordnesrepublikken.no\/index.php\/2025\/12\/18\/for-forste-gang-vil-4-flaggbaerere-for-italia-paradere-ved-ol-i-cortina-i-milano-2026-hvem-er-de\/#breadcrumb","itemListElement":[{"@type":"ListItem","position":1,"name":"Home","item":"https:\/\/nordnesrepublikken.no\/"},{"@type":"ListItem","position":2,"name":"For f\u00f8rste gang vil 4 flaggb\u00e6rere for Italia paradere ved OL i Cortina i Milano 2026: hvem er de"}]},{"@type":"WebSite","@id":"https:\/\/nordnesrepublikken.no\/#website","url":"https:\/\/nordnesrepublikken.no\/","name":"Nordnesrepublikken","description":"Stemmer og Visjoner fra Republikkens Hjerte","publisher":{"@id":"https:\/\/nordnesrepublikken.no\/#organization"},"potentialAction":[{"@type":"SearchAction","target":{"@type":"EntryPoint","urlTemplate":"https:\/\/nordnesrepublikken.no\/?s={search_term_string}"},"query-input":{"@type":"PropertyValueSpecification","valueRequired":true,"valueName":"search_term_string"}}],"inLanguage":"nb-NO"},{"@type":"Organization","@id":"https:\/\/nordnesrepublikken.no\/#organization","name":"Nordnesrepublikken","url":"https:\/\/nordnesrepublikken.no\/","logo":{"@type":"ImageObject","inLanguage":"nb-NO","@id":"https:\/\/nordnesrepublikken.no\/#\/schema\/logo\/image\/","url":"https:\/\/nordnesrepublikken.no\/wp-content\/uploads\/2025\/02\/cropped-nordnesrepublikken-2.png","contentUrl":"https:\/\/nordnesrepublikken.no\/wp-content\/uploads\/2025\/02\/cropped-nordnesrepublikken-2.png","width":1248,"height":362,"caption":"Nordnesrepublikken"},"image":{"@id":"https:\/\/nordnesrepublikken.no\/#\/schema\/logo\/image\/"}},{"@type":"Person","@id":"https:\/\/nordnesrepublikken.no\/#\/schema\/person\/2e7e81935bab77882fffb79296240ff1","name":"Ole Andersen","image":{"@type":"ImageObject","inLanguage":"nb-NO","@id":"https:\/\/nordnesrepublikken.no\/#\/schema\/person\/image\/","url":"https:\/\/nordnesrepublikken.no\/wp-content\/uploads\/2025\/02\/nordnesrepublikken-2-2-150x150.jpg","contentUrl":"https:\/\/nordnesrepublikken.no\/wp-content\/uploads\/2025\/02\/nordnesrepublikken-2-2-150x150.jpg","caption":"Ole Andersen"},"description":"Ettersom jeg vokste opp i Oslo, har jeg alltid v\u00e6rt fascinert av ordenes kraft og deres evne til \u00e5 skape endringer. Etter \u00e5 ha fullf\u00f8rt min utdannelse i kommunikasjon ved Universitetet i Bergen, fikk jeg muligheten til \u00e5 jobbe innen ulike medier, der jeg har s\u00f8kt \u00e5 belyse viktige samfunnssp\u00f8rsm\u00e5l. I dag, som redakt\u00f8r for Nordnesrepublikken, pr\u00f8ver jeg \u00e5 forene min kj\u00e6rlighet for journalistikk med min lidenskap for innovasjon og eventyr.","sameAs":["https:\/\/nordnesrepublikken.no\/"]}]}},"_links":{"self":[{"href":"https:\/\/nordnesrepublikken.no\/index.php\/wp-json\/wp\/v2\/posts\/12926","targetHints":{"allow":["GET"]}}],"collection":[{"href":"https:\/\/nordnesrepublikken.no\/index.php\/wp-json\/wp\/v2\/posts"}],"about":[{"href":"https:\/\/nordnesrepublikken.no\/index.php\/wp-json\/wp\/v2\/types\/post"}],"author":[{"embeddable":true,"href":"https:\/\/nordnesrepublikken.no\/index.php\/wp-json\/wp\/v2\/users\/1"}],"replies":[{"embeddable":true,"href":"https:\/\/nordnesrepublikken.no\/index.php\/wp-json\/wp\/v2\/comments?post=12926"}],"version-history":[{"count":1,"href":"https:\/\/nordnesrepublikken.no\/index.php\/wp-json\/wp\/v2\/posts\/12926\/revisions"}],"predecessor-version":[{"id":12928,"href":"https:\/\/nordnesrepublikken.no\/index.php\/wp-json\/wp\/v2\/posts\/12926\/revisions\/12928"}],"wp:featuredmedia":[{"embeddable":true,"href":"https:\/\/nordnesrepublikken.no\/index.php\/wp-json\/wp\/v2\/media\/12927"}],"wp:attachment":[{"href":"https:\/\/nordnesrepublikken.no\/index.php\/wp-json\/wp\/v2\/media?parent=12926"}],"wp:term":[{"taxonomy":"category","embeddable":true,"href":"https:\/\/nordnesrepublikken.no\/index.php\/wp-json\/wp\/v2\/categories?post=12926"},{"taxonomy":"post_tag","embeddable":true,"href":"https:\/\/nordnesrepublikken.no\/index.php\/wp-json\/wp\/v2\/tags?post=12926"}],"curies":[{"name":"wp","href":"https:\/\/api.w.org\/{rel}","templated":true}]}}