{"id":12923,"date":"2025-12-18T03:52:27","date_gmt":"2025-12-18T02:52:27","guid":{"rendered":"https:\/\/nordnesrepublikken.no\/index.php\/2025\/12\/18\/bygg-et-liv-med-klar-visjon-spania-lanserer-plan-veo\/"},"modified":"2025-12-18T03:52:30","modified_gmt":"2025-12-18T02:52:30","slug":"bygg-et-liv-med-klar-visjon-spania-lanserer-plan-veo","status":"publish","type":"post","link":"https:\/\/nordnesrepublikken.no\/index.php\/2025\/12\/18\/bygg-et-liv-med-klar-visjon-spania-lanserer-plan-veo\/","title":{"rendered":"Bygg et liv med klar visjon: Spania lanserer Plan Veo"},"content":{"rendered":"<p><\/p>\n<div class=\"wordpress-content\">\n                    <!-- Article Start --><\/p>\n<p class=\"p1\">Den spanske regjeringen har lansert <i>Plan Veo<\/i>et program under Helsedepartementet for \u00e5 gi \u00f8konomisk st\u00f8tte til kj\u00f8p av briller og kontaktlinser til barn og unge. Initiativet er utformet for \u00e5 redusere barrierer for viktige synshjelpemidler og sikre tilgang til korrigerende briller for unge mennesker.<\/p>\n<p class=\"p1\">Planen tilbyr direkte \u00f8konomisk bistand p\u00e5 opptil \u20ac100 per kvalifisert barn per \u00e5r. For produkter som koster mindre enn \u20ac100, dekker programmet hele bel\u00f8pet; for dyrere briller eller linser betaler familier kun differansen. Tiltaket retter seg mot barn og unge opp til 16 \u00e5r som er registrert i det nasjonale helsevesenet.<\/p>\n<h2 class=\"p2\"><b>Kvalifisering og dekning<\/b><\/h2>\n<h3 class=\"p3\"><b>Hvem kan dra nytte og hva er inkludert<\/b><\/h3>\n<p class=\"p1\"><i>Plan Veo<\/i> gjelder barn med diagnostisert synsproblem som krever korrigerende briller. Kvalifiserte produkter inkluderer komplette brillesystemer, erstatningslinser, kontaktlinser og tilh\u00f8rende vedlikeholdsl\u00f8sninger for et \u00e5r. Optiske resepter kreves for \u00e5 f\u00e5 tilgang til programmet.<\/p>\n<div class=\"sra_unit\"><link rel=\"stylesheet\" id=\"block-sra\" href=\"https:\/\/euroweeklynews.com\/wp-content\/plugins\/snack-related-articles\/dist\/css\/snack-related.min.css?250312-193541\" type=\"text\/css\" media=\"all\">\n<\/div>\n<p class=\"p1\">Familier m\u00e5 bruke deltakende optiske etablissementer, som bekrefter kvalifisering, samler inn dokumentasjon og behandler s\u00f8knader. Dette sikrer at tilskuddet s\u00f8kes direkte p\u00e5 salgsstedet. Helsekort, identifikasjonsdokumenter og resepter er n\u00f8dvendig for registrering.<\/p>\n<h2 class=\"p2\"><b>Administrasjon og tilgang<\/b><\/h2>\n<h3 class=\"p3\"><b>Hvordan programmet fungerer<\/b><\/h3>\n<p class=\"p1\">Programmet er aktivt til 31. desember 2026, med kj\u00f8p gjort i det \u00e5ret kvalifisert for behandling til tidlig 2027. Deltakende optikkbutikker viser et identifiserende klistremerke og hjelper familier med \u00e5 fullf\u00f8re papirene.<\/p>\n<p class=\"p1\">S\u00f8knader sendes ikke inn online av familier; prosessen h\u00e5ndteres helt gjennom den optiske leverand\u00f8ren. Dette systemet er ment \u00e5 forenkle tilgangen og sikre n\u00f8yaktig verifisering av kvalifisering.<\/p>\n<h2 class=\"p2\"><b>Folkehelsekontekst<\/b><\/h2>\n<h3 class=\"p3\"><b>Regjeringens begrunnelse<\/b><\/h3>\n<p class=\"p1\"><i>Plan Veo<\/i> svarer p\u00e5 bekymringer om ukorrigerte synsproblemer hos barn i skolealder, som kan p\u00e5virke l\u00e6ring, sosial utvikling og selvf\u00f8lelse. Brytningsfeil som n\u00e6rsynthet, hypermetropi og astigmatisme er stadig mer utbredt.<\/p>\n<p class=\"p1\">Kostnader har tradisjonelt v\u00e6rt en barriere for \u00e5 f\u00e5 korrigerende linser, og programmet tar sikte p\u00e5 \u00e5 sikre at tilgang til riktig synspleie ikke er avhengig av familiens inntekt. Ved \u00e5 subsidiere briller s\u00f8ker regjeringen \u00e5 fremme rettferdig tilgang til helsetjenester og forhindre langsiktige ulemper blant barn med synsproblemer.<\/p>\n<h3 class=\"p3\"><b>Hva familier trenger \u00e5 vite<\/b><\/h3>\n<ul class=\"ul1\">\n<li class=\"li1\">Barn og ungdom opp til 16 \u00e5r som er registrert i det nasjonale helsevesenet er kvalifisert.<\/li>\n<li class=\"li1\">Programmet gir opptil \u20ac100 per \u00e5r for briller, linser eller kontaktlinser.<\/li>\n<li class=\"li1\">Deltakende optikkbutikker h\u00e5ndterer verifisering og s\u00f8knader direkte p\u00e5 salgsstedet.<\/li>\n<li class=\"li1\">Kj\u00f8p gjort i 2026 er kvalifisert, med behandling som strekker seg til begynnelsen av 2027.<\/li>\n<li class=\"li1\">Programmet er utviklet for \u00e5 forbedre tilgangen til synspleie og redusere \u00f8konomiske barrierer for familier.<\/li>\n<\/ul>\n<h2 class=\"p2\"><b>Finansiering og gjennomf\u00f8ring<\/b><\/h2>\n<h3 class=\"p3\"><b>Budsjett og logistikk<\/b><\/h3>\n<p class=\"p1\">Initiativet st\u00f8ttes av et budsjett p\u00e5 flere millioner euro bevilget til Helsedepartementets folkehelsebestemmelser. Minst \u20ac48,235 millioner er bevilget, med avtaler p\u00e5 plass med General of Opticians-Optometrists for \u00e5 administrere logistikk, refusjon og programadministrasjon.<\/p>\n<p class=\"p1\"><i>Plan Veo<\/i> representerer en betydelig utvidelse av folkehelsedekningen i Spania. Ved \u00e5 subsidiere optiske produkter for barn, er det i tr\u00e5d med bredere helsepolitiske m\u00e5l for \u00e5 integrere forebyggende omsorg, redusere ulikheter og sikre utvikling og utdanning av unge mennesker gjennom forbedret syn.<\/p>\n<p>                    <!-- Originally published at https:\/\/euroweeklynews.com\/2025\/12\/17\/building-a-life-with-clear-vision-spain-launches-plan-veo\/ on 17 Dec 2025 at 23:53 by Molly Grace --><br \/>\n                    <!-- Article End -->\n                <\/div>\n","protected":false},"excerpt":{"rendered":"<p>Den spanske regjeringen har lansert Plan Veoet program under Helsedepartementet for \u00e5 gi \u00f8konomisk st\u00f8tte<\/p>\n","protected":false},"author":1,"featured_media":12924,"comment_status":"closed","ping_status":"open","sticky":false,"template":"","format":"standard","meta":{"footnotes":""},"categories":[105],"tags":[8503,1240,417,2615,79,2430,529,4244,8504],"class_list":["post-12923","post","type-post","status-publish","format-standard","has-post-thumbnail","hentry","category-livsstil","tag-bygg","tag-klar","tag-lanserer","tag-liv","tag-med","tag-plan","tag-spania","tag-veo","tag-visjon","generate-columns","tablet-grid-50","mobile-grid-100","grid-parent","grid-33","resize-featured-image"],"yoast_head":"<!-- This site is optimized with the Yoast SEO plugin v24.4 - https:\/\/yoast.com\/wordpress\/plugins\/seo\/ -->\n<title>Bygg et liv med klar visjon: Spania lanserer Plan Veo - Nordnesrepublikken<\/title>\n<meta name=\"robots\" content=\"index, follow, max-snippet:-1, max-image-preview:large, max-video-preview:-1\" \/>\n<link rel=\"canonical\" href=\"https:\/\/nordnesrepublikken.no\/index.php\/2025\/12\/18\/bygg-et-liv-med-klar-visjon-spania-lanserer-plan-veo\/\" \/>\n<meta property=\"og:locale\" content=\"nb_NO\" \/>\n<meta property=\"og:type\" content=\"article\" \/>\n<meta property=\"og:title\" content=\"Bygg et liv med klar visjon: Spania lanserer Plan Veo - Nordnesrepublikken\" \/>\n<meta property=\"og:description\" content=\"Den spanske regjeringen har lansert Plan Veoet program under Helsedepartementet for \u00e5 gi \u00f8konomisk st\u00f8tte\" \/>\n<meta property=\"og:url\" content=\"https:\/\/nordnesrepublikken.no\/index.php\/2025\/12\/18\/bygg-et-liv-med-klar-visjon-spania-lanserer-plan-veo\/\" \/>\n<meta property=\"og:site_name\" content=\"Nordnesrepublikken\" \/>\n<meta property=\"article:published_time\" content=\"2025-12-18T02:52:27+00:00\" \/>\n<meta property=\"article:modified_time\" content=\"2025-12-18T02:52:30+00:00\" \/>\n<meta property=\"og:image\" content=\"https:\/\/nordnesrepublikken.no\/wp-content\/uploads\/2025\/12\/1766026347_Bygg-et-liv-med-klar-visjon-Spania-lanserer-Plan-Veo.png\" \/>\n\t<meta property=\"og:image:width\" content=\"1200\" \/>\n\t<meta property=\"og:image:height\" content=\"795\" \/>\n\t<meta property=\"og:image:type\" content=\"image\/png\" \/>\n<meta name=\"author\" content=\"Ole Andersen\" \/>\n<meta name=\"twitter:card\" content=\"summary_large_image\" \/>\n<meta name=\"twitter:label1\" content=\"Skrevet av\" \/>\n\t<meta name=\"twitter:data1\" content=\"Ole Andersen\" \/>\n\t<meta name=\"twitter:label2\" content=\"Ansl. lesetid\" \/>\n\t<meta name=\"twitter:data2\" content=\"2 minutter\" \/>\n<script type=\"application\/ld+json\" class=\"yoast-schema-graph\">{\"@context\":\"https:\/\/schema.org\",\"@graph\":[{\"@type\":\"Article\",\"@id\":\"https:\/\/nordnesrepublikken.no\/index.php\/2025\/12\/18\/bygg-et-liv-med-klar-visjon-spania-lanserer-plan-veo\/#article\",\"isPartOf\":{\"@id\":\"https:\/\/nordnesrepublikken.no\/index.php\/2025\/12\/18\/bygg-et-liv-med-klar-visjon-spania-lanserer-plan-veo\/\"},\"author\":{\"name\":\"Ole Andersen\",\"@id\":\"https:\/\/nordnesrepublikken.no\/#\/schema\/person\/2e7e81935bab77882fffb79296240ff1\"},\"headline\":\"Bygg et liv med klar visjon: Spania lanserer Plan Veo\",\"datePublished\":\"2025-12-18T02:52:27+00:00\",\"dateModified\":\"2025-12-18T02:52:30+00:00\",\"mainEntityOfPage\":{\"@id\":\"https:\/\/nordnesrepublikken.no\/index.php\/2025\/12\/18\/bygg-et-liv-med-klar-visjon-spania-lanserer-plan-veo\/\"},\"wordCount\":482,\"publisher\":{\"@id\":\"https:\/\/nordnesrepublikken.no\/#organization\"},\"image\":{\"@id\":\"https:\/\/nordnesrepublikken.no\/index.php\/2025\/12\/18\/bygg-et-liv-med-klar-visjon-spania-lanserer-plan-veo\/#primaryimage\"},\"thumbnailUrl\":\"https:\/\/nordnesrepublikken.no\/wp-content\/uploads\/2025\/12\/1766026347_Bygg-et-liv-med-klar-visjon-Spania-lanserer-Plan-Veo.png\",\"keywords\":[\"Bygg\",\"klar\",\"lanserer\",\"liv\",\"med\",\"plan\",\"Spania\",\"VEO\",\"visjon\"],\"articleSection\":[\"Livsstil\"],\"inLanguage\":\"nb-NO\"},{\"@type\":\"WebPage\",\"@id\":\"https:\/\/nordnesrepublikken.no\/index.php\/2025\/12\/18\/bygg-et-liv-med-klar-visjon-spania-lanserer-plan-veo\/\",\"url\":\"https:\/\/nordnesrepublikken.no\/index.php\/2025\/12\/18\/bygg-et-liv-med-klar-visjon-spania-lanserer-plan-veo\/\",\"name\":\"Bygg et liv med klar visjon: Spania lanserer Plan Veo - Nordnesrepublikken\",\"isPartOf\":{\"@id\":\"https:\/\/nordnesrepublikken.no\/#website\"},\"primaryImageOfPage\":{\"@id\":\"https:\/\/nordnesrepublikken.no\/index.php\/2025\/12\/18\/bygg-et-liv-med-klar-visjon-spania-lanserer-plan-veo\/#primaryimage\"},\"image\":{\"@id\":\"https:\/\/nordnesrepublikken.no\/index.php\/2025\/12\/18\/bygg-et-liv-med-klar-visjon-spania-lanserer-plan-veo\/#primaryimage\"},\"thumbnailUrl\":\"https:\/\/nordnesrepublikken.no\/wp-content\/uploads\/2025\/12\/1766026347_Bygg-et-liv-med-klar-visjon-Spania-lanserer-Plan-Veo.png\",\"datePublished\":\"2025-12-18T02:52:27+00:00\",\"dateModified\":\"2025-12-18T02:52:30+00:00\",\"breadcrumb\":{\"@id\":\"https:\/\/nordnesrepublikken.no\/index.php\/2025\/12\/18\/bygg-et-liv-med-klar-visjon-spania-lanserer-plan-veo\/#breadcrumb\"},\"inLanguage\":\"nb-NO\",\"potentialAction\":[{\"@type\":\"ReadAction\",\"target\":[\"https:\/\/nordnesrepublikken.no\/index.php\/2025\/12\/18\/bygg-et-liv-med-klar-visjon-spania-lanserer-plan-veo\/\"]}]},{\"@type\":\"ImageObject\",\"inLanguage\":\"nb-NO\",\"@id\":\"https:\/\/nordnesrepublikken.no\/index.php\/2025\/12\/18\/bygg-et-liv-med-klar-visjon-spania-lanserer-plan-veo\/#primaryimage\",\"url\":\"https:\/\/nordnesrepublikken.no\/wp-content\/uploads\/2025\/12\/1766026347_Bygg-et-liv-med-klar-visjon-Spania-lanserer-Plan-Veo.png\",\"contentUrl\":\"https:\/\/nordnesrepublikken.no\/wp-content\/uploads\/2025\/12\/1766026347_Bygg-et-liv-med-klar-visjon-Spania-lanserer-Plan-Veo.png\",\"width\":1200,\"height\":795,\"caption\":\"Bygg et liv med klar visjon: Spania lanserer Plan Veo\"},{\"@type\":\"BreadcrumbList\",\"@id\":\"https:\/\/nordnesrepublikken.no\/index.php\/2025\/12\/18\/bygg-et-liv-med-klar-visjon-spania-lanserer-plan-veo\/#breadcrumb\",\"itemListElement\":[{\"@type\":\"ListItem\",\"position\":1,\"name\":\"Home\",\"item\":\"https:\/\/nordnesrepublikken.no\/\"},{\"@type\":\"ListItem\",\"position\":2,\"name\":\"Bygg et liv med klar visjon: Spania lanserer Plan Veo\"}]},{\"@type\":\"WebSite\",\"@id\":\"https:\/\/nordnesrepublikken.no\/#website\",\"url\":\"https:\/\/nordnesrepublikken.no\/\",\"name\":\"Nordnesrepublikken\",\"description\":\"Stemmer og Visjoner fra Republikkens Hjerte\",\"publisher\":{\"@id\":\"https:\/\/nordnesrepublikken.no\/#organization\"},\"potentialAction\":[{\"@type\":\"SearchAction\",\"target\":{\"@type\":\"EntryPoint\",\"urlTemplate\":\"https:\/\/nordnesrepublikken.no\/?s={search_term_string}\"},\"query-input\":{\"@type\":\"PropertyValueSpecification\",\"valueRequired\":true,\"valueName\":\"search_term_string\"}}],\"inLanguage\":\"nb-NO\"},{\"@type\":\"Organization\",\"@id\":\"https:\/\/nordnesrepublikken.no\/#organization\",\"name\":\"Nordnesrepublikken\",\"url\":\"https:\/\/nordnesrepublikken.no\/\",\"logo\":{\"@type\":\"ImageObject\",\"inLanguage\":\"nb-NO\",\"@id\":\"https:\/\/nordnesrepublikken.no\/#\/schema\/logo\/image\/\",\"url\":\"https:\/\/nordnesrepublikken.no\/wp-content\/uploads\/2025\/02\/cropped-nordnesrepublikken-2.png\",\"contentUrl\":\"https:\/\/nordnesrepublikken.no\/wp-content\/uploads\/2025\/02\/cropped-nordnesrepublikken-2.png\",\"width\":1248,\"height\":362,\"caption\":\"Nordnesrepublikken\"},\"image\":{\"@id\":\"https:\/\/nordnesrepublikken.no\/#\/schema\/logo\/image\/\"}},{\"@type\":\"Person\",\"@id\":\"https:\/\/nordnesrepublikken.no\/#\/schema\/person\/2e7e81935bab77882fffb79296240ff1\",\"name\":\"Ole Andersen\",\"image\":{\"@type\":\"ImageObject\",\"inLanguage\":\"nb-NO\",\"@id\":\"https:\/\/nordnesrepublikken.no\/#\/schema\/person\/image\/\",\"url\":\"https:\/\/nordnesrepublikken.no\/wp-content\/uploads\/2025\/02\/nordnesrepublikken-2-2-150x150.jpg\",\"contentUrl\":\"https:\/\/nordnesrepublikken.no\/wp-content\/uploads\/2025\/02\/nordnesrepublikken-2-2-150x150.jpg\",\"caption\":\"Ole Andersen\"},\"description\":\"Ettersom jeg vokste opp i Oslo, har jeg alltid v\u00e6rt fascinert av ordenes kraft og deres evne til \u00e5 skape endringer. Etter \u00e5 ha fullf\u00f8rt min utdannelse i kommunikasjon ved Universitetet i Bergen, fikk jeg muligheten til \u00e5 jobbe innen ulike medier, der jeg har s\u00f8kt \u00e5 belyse viktige samfunnssp\u00f8rsm\u00e5l. I dag, som redakt\u00f8r for Nordnesrepublikken, pr\u00f8ver jeg \u00e5 forene min kj\u00e6rlighet for journalistikk med min lidenskap for innovasjon og eventyr.\",\"sameAs\":[\"https:\/\/nordnesrepublikken.no\/\"]}]}<\/script>\n<!-- \/ Yoast SEO plugin. -->","yoast_head_json":{"title":"Bygg et liv med klar visjon: Spania lanserer Plan Veo - Nordnesrepublikken","robots":{"index":"index","follow":"follow","max-snippet":"max-snippet:-1","max-image-preview":"max-image-preview:large","max-video-preview":"max-video-preview:-1"},"canonical":"https:\/\/nordnesrepublikken.no\/index.php\/2025\/12\/18\/bygg-et-liv-med-klar-visjon-spania-lanserer-plan-veo\/","og_locale":"nb_NO","og_type":"article","og_title":"Bygg et liv med klar visjon: Spania lanserer Plan Veo - Nordnesrepublikken","og_description":"Den spanske regjeringen har lansert Plan Veoet program under Helsedepartementet for \u00e5 gi \u00f8konomisk st\u00f8tte","og_url":"https:\/\/nordnesrepublikken.no\/index.php\/2025\/12\/18\/bygg-et-liv-med-klar-visjon-spania-lanserer-plan-veo\/","og_site_name":"Nordnesrepublikken","article_published_time":"2025-12-18T02:52:27+00:00","article_modified_time":"2025-12-18T02:52:30+00:00","og_image":[{"width":1200,"height":795,"url":"https:\/\/nordnesrepublikken.no\/wp-content\/uploads\/2025\/12\/1766026347_Bygg-et-liv-med-klar-visjon-Spania-lanserer-Plan-Veo.png","type":"image\/png"}],"author":"Ole Andersen","twitter_card":"summary_large_image","twitter_misc":{"Skrevet av":"Ole Andersen","Ansl. lesetid":"2 minutter"},"schema":{"@context":"https:\/\/schema.org","@graph":[{"@type":"Article","@id":"https:\/\/nordnesrepublikken.no\/index.php\/2025\/12\/18\/bygg-et-liv-med-klar-visjon-spania-lanserer-plan-veo\/#article","isPartOf":{"@id":"https:\/\/nordnesrepublikken.no\/index.php\/2025\/12\/18\/bygg-et-liv-med-klar-visjon-spania-lanserer-plan-veo\/"},"author":{"name":"Ole Andersen","@id":"https:\/\/nordnesrepublikken.no\/#\/schema\/person\/2e7e81935bab77882fffb79296240ff1"},"headline":"Bygg et liv med klar visjon: Spania lanserer Plan Veo","datePublished":"2025-12-18T02:52:27+00:00","dateModified":"2025-12-18T02:52:30+00:00","mainEntityOfPage":{"@id":"https:\/\/nordnesrepublikken.no\/index.php\/2025\/12\/18\/bygg-et-liv-med-klar-visjon-spania-lanserer-plan-veo\/"},"wordCount":482,"publisher":{"@id":"https:\/\/nordnesrepublikken.no\/#organization"},"image":{"@id":"https:\/\/nordnesrepublikken.no\/index.php\/2025\/12\/18\/bygg-et-liv-med-klar-visjon-spania-lanserer-plan-veo\/#primaryimage"},"thumbnailUrl":"https:\/\/nordnesrepublikken.no\/wp-content\/uploads\/2025\/12\/1766026347_Bygg-et-liv-med-klar-visjon-Spania-lanserer-Plan-Veo.png","keywords":["Bygg","klar","lanserer","liv","med","plan","Spania","VEO","visjon"],"articleSection":["Livsstil"],"inLanguage":"nb-NO"},{"@type":"WebPage","@id":"https:\/\/nordnesrepublikken.no\/index.php\/2025\/12\/18\/bygg-et-liv-med-klar-visjon-spania-lanserer-plan-veo\/","url":"https:\/\/nordnesrepublikken.no\/index.php\/2025\/12\/18\/bygg-et-liv-med-klar-visjon-spania-lanserer-plan-veo\/","name":"Bygg et liv med klar visjon: Spania lanserer Plan Veo - Nordnesrepublikken","isPartOf":{"@id":"https:\/\/nordnesrepublikken.no\/#website"},"primaryImageOfPage":{"@id":"https:\/\/nordnesrepublikken.no\/index.php\/2025\/12\/18\/bygg-et-liv-med-klar-visjon-spania-lanserer-plan-veo\/#primaryimage"},"image":{"@id":"https:\/\/nordnesrepublikken.no\/index.php\/2025\/12\/18\/bygg-et-liv-med-klar-visjon-spania-lanserer-plan-veo\/#primaryimage"},"thumbnailUrl":"https:\/\/nordnesrepublikken.no\/wp-content\/uploads\/2025\/12\/1766026347_Bygg-et-liv-med-klar-visjon-Spania-lanserer-Plan-Veo.png","datePublished":"2025-12-18T02:52:27+00:00","dateModified":"2025-12-18T02:52:30+00:00","breadcrumb":{"@id":"https:\/\/nordnesrepublikken.no\/index.php\/2025\/12\/18\/bygg-et-liv-med-klar-visjon-spania-lanserer-plan-veo\/#breadcrumb"},"inLanguage":"nb-NO","potentialAction":[{"@type":"ReadAction","target":["https:\/\/nordnesrepublikken.no\/index.php\/2025\/12\/18\/bygg-et-liv-med-klar-visjon-spania-lanserer-plan-veo\/"]}]},{"@type":"ImageObject","inLanguage":"nb-NO","@id":"https:\/\/nordnesrepublikken.no\/index.php\/2025\/12\/18\/bygg-et-liv-med-klar-visjon-spania-lanserer-plan-veo\/#primaryimage","url":"https:\/\/nordnesrepublikken.no\/wp-content\/uploads\/2025\/12\/1766026347_Bygg-et-liv-med-klar-visjon-Spania-lanserer-Plan-Veo.png","contentUrl":"https:\/\/nordnesrepublikken.no\/wp-content\/uploads\/2025\/12\/1766026347_Bygg-et-liv-med-klar-visjon-Spania-lanserer-Plan-Veo.png","width":1200,"height":795,"caption":"Bygg et liv med klar visjon: Spania lanserer Plan Veo"},{"@type":"BreadcrumbList","@id":"https:\/\/nordnesrepublikken.no\/index.php\/2025\/12\/18\/bygg-et-liv-med-klar-visjon-spania-lanserer-plan-veo\/#breadcrumb","itemListElement":[{"@type":"ListItem","position":1,"name":"Home","item":"https:\/\/nordnesrepublikken.no\/"},{"@type":"ListItem","position":2,"name":"Bygg et liv med klar visjon: Spania lanserer Plan Veo"}]},{"@type":"WebSite","@id":"https:\/\/nordnesrepublikken.no\/#website","url":"https:\/\/nordnesrepublikken.no\/","name":"Nordnesrepublikken","description":"Stemmer og Visjoner fra Republikkens Hjerte","publisher":{"@id":"https:\/\/nordnesrepublikken.no\/#organization"},"potentialAction":[{"@type":"SearchAction","target":{"@type":"EntryPoint","urlTemplate":"https:\/\/nordnesrepublikken.no\/?s={search_term_string}"},"query-input":{"@type":"PropertyValueSpecification","valueRequired":true,"valueName":"search_term_string"}}],"inLanguage":"nb-NO"},{"@type":"Organization","@id":"https:\/\/nordnesrepublikken.no\/#organization","name":"Nordnesrepublikken","url":"https:\/\/nordnesrepublikken.no\/","logo":{"@type":"ImageObject","inLanguage":"nb-NO","@id":"https:\/\/nordnesrepublikken.no\/#\/schema\/logo\/image\/","url":"https:\/\/nordnesrepublikken.no\/wp-content\/uploads\/2025\/02\/cropped-nordnesrepublikken-2.png","contentUrl":"https:\/\/nordnesrepublikken.no\/wp-content\/uploads\/2025\/02\/cropped-nordnesrepublikken-2.png","width":1248,"height":362,"caption":"Nordnesrepublikken"},"image":{"@id":"https:\/\/nordnesrepublikken.no\/#\/schema\/logo\/image\/"}},{"@type":"Person","@id":"https:\/\/nordnesrepublikken.no\/#\/schema\/person\/2e7e81935bab77882fffb79296240ff1","name":"Ole Andersen","image":{"@type":"ImageObject","inLanguage":"nb-NO","@id":"https:\/\/nordnesrepublikken.no\/#\/schema\/person\/image\/","url":"https:\/\/nordnesrepublikken.no\/wp-content\/uploads\/2025\/02\/nordnesrepublikken-2-2-150x150.jpg","contentUrl":"https:\/\/nordnesrepublikken.no\/wp-content\/uploads\/2025\/02\/nordnesrepublikken-2-2-150x150.jpg","caption":"Ole Andersen"},"description":"Ettersom jeg vokste opp i Oslo, har jeg alltid v\u00e6rt fascinert av ordenes kraft og deres evne til \u00e5 skape endringer. Etter \u00e5 ha fullf\u00f8rt min utdannelse i kommunikasjon ved Universitetet i Bergen, fikk jeg muligheten til \u00e5 jobbe innen ulike medier, der jeg har s\u00f8kt \u00e5 belyse viktige samfunnssp\u00f8rsm\u00e5l. I dag, som redakt\u00f8r for Nordnesrepublikken, pr\u00f8ver jeg \u00e5 forene min kj\u00e6rlighet for journalistikk med min lidenskap for innovasjon og eventyr.","sameAs":["https:\/\/nordnesrepublikken.no\/"]}]}},"_links":{"self":[{"href":"https:\/\/nordnesrepublikken.no\/index.php\/wp-json\/wp\/v2\/posts\/12923","targetHints":{"allow":["GET"]}}],"collection":[{"href":"https:\/\/nordnesrepublikken.no\/index.php\/wp-json\/wp\/v2\/posts"}],"about":[{"href":"https:\/\/nordnesrepublikken.no\/index.php\/wp-json\/wp\/v2\/types\/post"}],"author":[{"embeddable":true,"href":"https:\/\/nordnesrepublikken.no\/index.php\/wp-json\/wp\/v2\/users\/1"}],"replies":[{"embeddable":true,"href":"https:\/\/nordnesrepublikken.no\/index.php\/wp-json\/wp\/v2\/comments?post=12923"}],"version-history":[{"count":1,"href":"https:\/\/nordnesrepublikken.no\/index.php\/wp-json\/wp\/v2\/posts\/12923\/revisions"}],"predecessor-version":[{"id":12925,"href":"https:\/\/nordnesrepublikken.no\/index.php\/wp-json\/wp\/v2\/posts\/12923\/revisions\/12925"}],"wp:featuredmedia":[{"embeddable":true,"href":"https:\/\/nordnesrepublikken.no\/index.php\/wp-json\/wp\/v2\/media\/12924"}],"wp:attachment":[{"href":"https:\/\/nordnesrepublikken.no\/index.php\/wp-json\/wp\/v2\/media?parent=12923"}],"wp:term":[{"taxonomy":"category","embeddable":true,"href":"https:\/\/nordnesrepublikken.no\/index.php\/wp-json\/wp\/v2\/categories?post=12923"},{"taxonomy":"post_tag","embeddable":true,"href":"https:\/\/nordnesrepublikken.no\/index.php\/wp-json\/wp\/v2\/tags?post=12923"}],"curies":[{"name":"wp","href":"https:\/\/api.w.org\/{rel}","templated":true}]}}