{"id":12920,"date":"2025-12-18T00:50:46","date_gmt":"2025-12-17T23:50:46","guid":{"rendered":"https:\/\/nordnesrepublikken.no\/index.php\/2025\/12\/18\/den-sicilianske-vulkanen-blant-de-mest-aktive-i-verden\/"},"modified":"2025-12-18T00:50:48","modified_gmt":"2025-12-17T23:50:48","slug":"den-sicilianske-vulkanen-blant-de-mest-aktive-i-verden","status":"publish","type":"post","link":"https:\/\/nordnesrepublikken.no\/index.php\/2025\/12\/18\/den-sicilianske-vulkanen-blant-de-mest-aktive-i-verden\/","title":{"rendered":"den sicilianske vulkanen blant de mest aktive i verden"},"content":{"rendered":"<div>\n<div class=\"cp_wrapper cp_wrapper--fw mb-30 mb-20@tablet\">\n<figure class=\"mm\"><picture class=\"img\" style=\"padding-top:56.25%\"><source  media=\"(min-width: 1024px)\"><source  media=\"(min-width: 768px)\"><\/source><\/source><\/picture><\/figure>\n<\/p><\/div>\n<p>Den italienske vulkanen <strong>Stromboli<\/strong> havner p\u00e5 det store lerretet: blant inspirasjonskildene til den nye filmen <strong>&laquo;<\/strong><em><strong>Avatar: Fire and Ash&raquo; <\/strong> \u2013 <\/em>slippes p\u00e5 kino i dag, onsdag 17. desember<em> \u2013 <\/em>faktisk er det ogs\u00e5 den aktive vulkanen <strong>De eoliske \u00f8yer<\/strong>valgt som en visuell modell for planetens nye territorier <strong>Pandora<\/strong>.<\/p>\n<p>Spesielt den vulkanske \u00f8ya ble brukt til \u00e5 representere stammen til <strong>Aske<\/strong> (ash), som bor i et av de mest fiendtlige territoriene p\u00e5 planeten Avatar. Som bekreftet av regiss\u00f8ren selv <strong>James Cameron<\/strong>ville filmingen av Stromboli ha v\u00e6rt grunnleggende for \u00e5 redusere <strong>CGI<\/strong> (<em>Datagenerert bilder<\/em>), eller det datamaskingenererte bildet som brukes til \u00e5 lage visuelle effekter.<\/p>\n<p>Egenskapene til vulkanen, fra <strong>lavastr\u00f8mmer<\/strong> til<strong>vedvarende eruptiv aktivitet<\/strong>representerte de faktisk det ideelle materialet for milj\u00f8et. Dette tredje kapittelet av Avatar, som ogs\u00e5 hentet inspirasjon fra andre landskap i New Zealand og Kina, vil deretter bli fulgt av 2 andre filmer som kommer i l\u00f8pet av de neste \u00e5rene.<\/p>\n<p>Her er du<strong> hva du skal vite om denne aktive vulkanen<\/strong> og dens eruptive aktivitet, som konstant overv\u00e5kes.<\/p>\n<h2>Sciara del Fuoco, et av scenariene i Avatar 3 \u2013 Fire and Ash<\/h2>\n<p>I traileren utgitt av <em>20. \u00e5rhundre<\/em> det er umiddelbart gjenkjennelig <strong>Sciara del Fuoco<\/strong>som er en bratt plassert depresjon<strong> p\u00e5 den nordvestlige flanken<\/strong> av Stromboli og preget av en &laquo;hestesko&raquo;-form. Dannet for rundt 5000 \u00e5r siden etter en <strong>jordskred<\/strong>g\u00e5r Sciara del Fuoco ned til rundt 1700 meter under havoverflaten.<\/p>\n<p>Det er nettopp p\u00e5 Sciara del Fuoco at de fleste<strong> vulkanske produkter<\/strong> slippes ut fra toppkratrene under utbrudd; i tilfelle av mer intense oversv\u00f8mmende aktiviteter, kan lavastr\u00f8mmer dannes i skr\u00e5ningen og g\u00e5 ned mot havet.<\/p>\n<p>I hovedsak utgj\u00f8r i dag Sciara del Fuoco den aktive siden av det som er definert som &laquo;<strong>N\u00e5v\u00e6rende Stromboli<\/strong>&laquo;.<\/p>\n<h2>Dannelsen av Stromboli-vulkanen<\/h2>\n<p>Fra et geologisk synspunkt er Stromboli det <strong>oppsto etter subduksjonen av den joniske platen under den kalabriske:<\/strong> eksperter mener at det for over en million \u00e5r siden var en undervannsvulkan, mens den siste synlige aktiviteten g\u00e5r tilbake til 200 000 \u00e5r siden, med den s.k. <strong>Strombolicchio<\/strong>. I dag er alt som gjenst\u00e5r av denne f\u00f8rste vulkanen den &laquo;vulkaniske halsen&raquo;, det vil si en del av st\u00f8rknet magma inne i vulkankanalen, som ser ut som en h\u00f8y stein <strong>49 meter og ca 2 km unna<\/strong> fra hoved\u00f8ya.<\/p>\n<p>\u00d8ya Stromboli, derimot, dateres tilbake til ca<strong> 100 000 \u00e5r siden<\/strong>: Samlet sett er vulkanens historie delt inn i <strong>8 perioder,<\/strong> hvor den vulkanske bygningen ble delvis revet og delvis gjenoppbygd, inntil den n\u00e5dde <strong>gjeldende form<\/strong>. Det vi ser i dag er derfor resultatet av den siste eruptivsyklusen, som skjedde for omtrent 5000 \u00e5r siden.<\/p>\n<h2>Den eruptive aktiviteten til Stromboli som fascinerte James Cameron<\/h2>\n<p>Stromboli er en av de mest aktive vulkanene i verden, med sin &laquo;vedvarende&raquo; eruptive aktivitet som, ikke overraskende, har blitt omd\u00f8pt til &laquo;<strong>Strombolisk aktivitet&raquo;<\/strong>: i dag brukes dette begrepet ogs\u00e5 for \u00e5 beskrive andre vulkaner, n\u00e5r det gjelder utbrudd av ganske begrenset intensitet og varighet (den s.k.<strong>du fnyser<\/strong>\u201d).<\/p>\n<p>Vanligvis g\u00e5r det kort tid mellom et Stromboli-utbrudd og det neste,<strong> fra noen f\u00e5 minutter opp til maksimalt flere timer<\/strong>. Materialet som produseres av utbrudd med mindre intensitet er hovedsakelig sammensatt av lapilli, aske og fragmenter av lava, med<strong> eruptiv kolonne med begrensede dimensjoner,<\/strong> som n\u00e5r noen titalls meter.<\/p>\n<p>Det kan imidlertid skje at vulkanen gir opphav til mer intense eruptive fenomener enn gjennomsnittet, som kalles <strong>paroksysmer<\/strong>. Den siste viktige paroksysmale fasen g\u00e5r tilbake til 2022, da til og med en liten tsunamib\u00f8lge ble skapt p\u00e5 grunn av det vulkanske materialet som havnet i havet. November m\u00e5ned 2025 var imidlertid preget av en rekke <strong>lava renner over<\/strong> fra det nordlige krateromr\u00e5det, ledsaget av kontinuerlig aktivitet <em><strong>spruting<\/strong><\/em>  \u2013 det vil si utslipp av fliser av lava fra vulkanmunningen.<\/p>\n<\/p><\/div>\n","protected":false},"excerpt":{"rendered":"<p>Den italienske vulkanen Stromboli havner p\u00e5 det store lerretet: blant inspirasjonskildene til den nye filmen<\/p>\n","protected":false},"author":1,"featured_media":12921,"comment_status":"closed","ping_status":"open","sticky":false,"template":"","format":"standard","meta":{"footnotes":""},"categories":[24],"tags":[4072,1849,74,167,8502,598,2960],"class_list":["post-12920","post","type-post","status-publish","format-standard","has-post-thumbnail","hentry","category-vitenskap","tag-aktive","tag-blant","tag-den","tag-mest","tag-sicilianske","tag-verden","tag-vulkanen","generate-columns","tablet-grid-50","mobile-grid-100","grid-parent","grid-33","resize-featured-image"],"yoast_head":"<!-- This site is optimized with the Yoast SEO plugin v24.4 - https:\/\/yoast.com\/wordpress\/plugins\/seo\/ -->\n<title>den sicilianske vulkanen blant de mest aktive i verden - Nordnesrepublikken<\/title>\n<meta name=\"robots\" content=\"index, follow, max-snippet:-1, max-image-preview:large, max-video-preview:-1\" \/>\n<link rel=\"canonical\" href=\"https:\/\/nordnesrepublikken.no\/index.php\/2025\/12\/18\/den-sicilianske-vulkanen-blant-de-mest-aktive-i-verden\/\" \/>\n<meta property=\"og:locale\" content=\"nb_NO\" \/>\n<meta property=\"og:type\" content=\"article\" \/>\n<meta property=\"og:title\" content=\"den sicilianske vulkanen blant de mest aktive i verden - Nordnesrepublikken\" \/>\n<meta property=\"og:description\" content=\"Den italienske vulkanen Stromboli havner p\u00e5 det store lerretet: blant inspirasjonskildene til den nye filmen\" \/>\n<meta property=\"og:url\" content=\"https:\/\/nordnesrepublikken.no\/index.php\/2025\/12\/18\/den-sicilianske-vulkanen-blant-de-mest-aktive-i-verden\/\" \/>\n<meta property=\"og:site_name\" content=\"Nordnesrepublikken\" \/>\n<meta property=\"article:published_time\" content=\"2025-12-17T23:50:46+00:00\" \/>\n<meta property=\"article:modified_time\" content=\"2025-12-17T23:50:48+00:00\" \/>\n<meta property=\"og:image\" content=\"https:\/\/nordnesrepublikken.no\/wp-content\/uploads\/2025\/12\/1766015447_den-sicilianske-vulkanen-blant-de-mest-aktive-i-verden.jpg\" \/>\n\t<meta property=\"og:image:width\" content=\"1280\" \/>\n\t<meta property=\"og:image:height\" content=\"720\" \/>\n\t<meta property=\"og:image:type\" content=\"image\/jpeg\" \/>\n<meta name=\"author\" content=\"Ole Andersen\" \/>\n<meta name=\"twitter:card\" content=\"summary_large_image\" \/>\n<meta name=\"twitter:label1\" content=\"Skrevet av\" \/>\n\t<meta name=\"twitter:data1\" content=\"Ole Andersen\" \/>\n\t<meta name=\"twitter:label2\" content=\"Ansl. lesetid\" \/>\n\t<meta name=\"twitter:data2\" content=\"3 minutter\" \/>\n<script type=\"application\/ld+json\" class=\"yoast-schema-graph\">{\"@context\":\"https:\/\/schema.org\",\"@graph\":[{\"@type\":\"Article\",\"@id\":\"https:\/\/nordnesrepublikken.no\/index.php\/2025\/12\/18\/den-sicilianske-vulkanen-blant-de-mest-aktive-i-verden\/#article\",\"isPartOf\":{\"@id\":\"https:\/\/nordnesrepublikken.no\/index.php\/2025\/12\/18\/den-sicilianske-vulkanen-blant-de-mest-aktive-i-verden\/\"},\"author\":{\"name\":\"Ole Andersen\",\"@id\":\"https:\/\/nordnesrepublikken.no\/#\/schema\/person\/2e7e81935bab77882fffb79296240ff1\"},\"headline\":\"den sicilianske vulkanen blant de mest aktive i verden\",\"datePublished\":\"2025-12-17T23:50:46+00:00\",\"dateModified\":\"2025-12-17T23:50:48+00:00\",\"mainEntityOfPage\":{\"@id\":\"https:\/\/nordnesrepublikken.no\/index.php\/2025\/12\/18\/den-sicilianske-vulkanen-blant-de-mest-aktive-i-verden\/\"},\"wordCount\":629,\"publisher\":{\"@id\":\"https:\/\/nordnesrepublikken.no\/#organization\"},\"image\":{\"@id\":\"https:\/\/nordnesrepublikken.no\/index.php\/2025\/12\/18\/den-sicilianske-vulkanen-blant-de-mest-aktive-i-verden\/#primaryimage\"},\"thumbnailUrl\":\"https:\/\/nordnesrepublikken.no\/wp-content\/uploads\/2025\/12\/1766015447_den-sicilianske-vulkanen-blant-de-mest-aktive-i-verden.jpg\",\"keywords\":[\"aktive\",\"blant\",\"den\",\"mest\",\"sicilianske\",\"verden\",\"vulkanen\"],\"articleSection\":[\"Vitenskap\"],\"inLanguage\":\"nb-NO\"},{\"@type\":\"WebPage\",\"@id\":\"https:\/\/nordnesrepublikken.no\/index.php\/2025\/12\/18\/den-sicilianske-vulkanen-blant-de-mest-aktive-i-verden\/\",\"url\":\"https:\/\/nordnesrepublikken.no\/index.php\/2025\/12\/18\/den-sicilianske-vulkanen-blant-de-mest-aktive-i-verden\/\",\"name\":\"den sicilianske vulkanen blant de mest aktive i verden - Nordnesrepublikken\",\"isPartOf\":{\"@id\":\"https:\/\/nordnesrepublikken.no\/#website\"},\"primaryImageOfPage\":{\"@id\":\"https:\/\/nordnesrepublikken.no\/index.php\/2025\/12\/18\/den-sicilianske-vulkanen-blant-de-mest-aktive-i-verden\/#primaryimage\"},\"image\":{\"@id\":\"https:\/\/nordnesrepublikken.no\/index.php\/2025\/12\/18\/den-sicilianske-vulkanen-blant-de-mest-aktive-i-verden\/#primaryimage\"},\"thumbnailUrl\":\"https:\/\/nordnesrepublikken.no\/wp-content\/uploads\/2025\/12\/1766015447_den-sicilianske-vulkanen-blant-de-mest-aktive-i-verden.jpg\",\"datePublished\":\"2025-12-17T23:50:46+00:00\",\"dateModified\":\"2025-12-17T23:50:48+00:00\",\"breadcrumb\":{\"@id\":\"https:\/\/nordnesrepublikken.no\/index.php\/2025\/12\/18\/den-sicilianske-vulkanen-blant-de-mest-aktive-i-verden\/#breadcrumb\"},\"inLanguage\":\"nb-NO\",\"potentialAction\":[{\"@type\":\"ReadAction\",\"target\":[\"https:\/\/nordnesrepublikken.no\/index.php\/2025\/12\/18\/den-sicilianske-vulkanen-blant-de-mest-aktive-i-verden\/\"]}]},{\"@type\":\"ImageObject\",\"inLanguage\":\"nb-NO\",\"@id\":\"https:\/\/nordnesrepublikken.no\/index.php\/2025\/12\/18\/den-sicilianske-vulkanen-blant-de-mest-aktive-i-verden\/#primaryimage\",\"url\":\"https:\/\/nordnesrepublikken.no\/wp-content\/uploads\/2025\/12\/1766015447_den-sicilianske-vulkanen-blant-de-mest-aktive-i-verden.jpg\",\"contentUrl\":\"https:\/\/nordnesrepublikken.no\/wp-content\/uploads\/2025\/12\/1766015447_den-sicilianske-vulkanen-blant-de-mest-aktive-i-verden.jpg\",\"width\":1280,\"height\":720,\"caption\":\"den sicilianske vulkanen blant de mest aktive i verden\"},{\"@type\":\"BreadcrumbList\",\"@id\":\"https:\/\/nordnesrepublikken.no\/index.php\/2025\/12\/18\/den-sicilianske-vulkanen-blant-de-mest-aktive-i-verden\/#breadcrumb\",\"itemListElement\":[{\"@type\":\"ListItem\",\"position\":1,\"name\":\"Home\",\"item\":\"https:\/\/nordnesrepublikken.no\/\"},{\"@type\":\"ListItem\",\"position\":2,\"name\":\"den sicilianske vulkanen blant de mest aktive i verden\"}]},{\"@type\":\"WebSite\",\"@id\":\"https:\/\/nordnesrepublikken.no\/#website\",\"url\":\"https:\/\/nordnesrepublikken.no\/\",\"name\":\"Nordnesrepublikken\",\"description\":\"Stemmer og Visjoner fra Republikkens Hjerte\",\"publisher\":{\"@id\":\"https:\/\/nordnesrepublikken.no\/#organization\"},\"potentialAction\":[{\"@type\":\"SearchAction\",\"target\":{\"@type\":\"EntryPoint\",\"urlTemplate\":\"https:\/\/nordnesrepublikken.no\/?s={search_term_string}\"},\"query-input\":{\"@type\":\"PropertyValueSpecification\",\"valueRequired\":true,\"valueName\":\"search_term_string\"}}],\"inLanguage\":\"nb-NO\"},{\"@type\":\"Organization\",\"@id\":\"https:\/\/nordnesrepublikken.no\/#organization\",\"name\":\"Nordnesrepublikken\",\"url\":\"https:\/\/nordnesrepublikken.no\/\",\"logo\":{\"@type\":\"ImageObject\",\"inLanguage\":\"nb-NO\",\"@id\":\"https:\/\/nordnesrepublikken.no\/#\/schema\/logo\/image\/\",\"url\":\"https:\/\/nordnesrepublikken.no\/wp-content\/uploads\/2025\/02\/cropped-nordnesrepublikken-2.png\",\"contentUrl\":\"https:\/\/nordnesrepublikken.no\/wp-content\/uploads\/2025\/02\/cropped-nordnesrepublikken-2.png\",\"width\":1248,\"height\":362,\"caption\":\"Nordnesrepublikken\"},\"image\":{\"@id\":\"https:\/\/nordnesrepublikken.no\/#\/schema\/logo\/image\/\"}},{\"@type\":\"Person\",\"@id\":\"https:\/\/nordnesrepublikken.no\/#\/schema\/person\/2e7e81935bab77882fffb79296240ff1\",\"name\":\"Ole Andersen\",\"image\":{\"@type\":\"ImageObject\",\"inLanguage\":\"nb-NO\",\"@id\":\"https:\/\/nordnesrepublikken.no\/#\/schema\/person\/image\/\",\"url\":\"https:\/\/nordnesrepublikken.no\/wp-content\/uploads\/2025\/02\/nordnesrepublikken-2-2-150x150.jpg\",\"contentUrl\":\"https:\/\/nordnesrepublikken.no\/wp-content\/uploads\/2025\/02\/nordnesrepublikken-2-2-150x150.jpg\",\"caption\":\"Ole Andersen\"},\"description\":\"Ettersom jeg vokste opp i Oslo, har jeg alltid v\u00e6rt fascinert av ordenes kraft og deres evne til \u00e5 skape endringer. Etter \u00e5 ha fullf\u00f8rt min utdannelse i kommunikasjon ved Universitetet i Bergen, fikk jeg muligheten til \u00e5 jobbe innen ulike medier, der jeg har s\u00f8kt \u00e5 belyse viktige samfunnssp\u00f8rsm\u00e5l. I dag, som redakt\u00f8r for Nordnesrepublikken, pr\u00f8ver jeg \u00e5 forene min kj\u00e6rlighet for journalistikk med min lidenskap for innovasjon og eventyr.\",\"sameAs\":[\"https:\/\/nordnesrepublikken.no\/\"]}]}<\/script>\n<!-- \/ Yoast SEO plugin. -->","yoast_head_json":{"title":"den sicilianske vulkanen blant de mest aktive i verden - Nordnesrepublikken","robots":{"index":"index","follow":"follow","max-snippet":"max-snippet:-1","max-image-preview":"max-image-preview:large","max-video-preview":"max-video-preview:-1"},"canonical":"https:\/\/nordnesrepublikken.no\/index.php\/2025\/12\/18\/den-sicilianske-vulkanen-blant-de-mest-aktive-i-verden\/","og_locale":"nb_NO","og_type":"article","og_title":"den sicilianske vulkanen blant de mest aktive i verden - Nordnesrepublikken","og_description":"Den italienske vulkanen Stromboli havner p\u00e5 det store lerretet: blant inspirasjonskildene til den nye filmen","og_url":"https:\/\/nordnesrepublikken.no\/index.php\/2025\/12\/18\/den-sicilianske-vulkanen-blant-de-mest-aktive-i-verden\/","og_site_name":"Nordnesrepublikken","article_published_time":"2025-12-17T23:50:46+00:00","article_modified_time":"2025-12-17T23:50:48+00:00","og_image":[{"width":1280,"height":720,"url":"https:\/\/nordnesrepublikken.no\/wp-content\/uploads\/2025\/12\/1766015447_den-sicilianske-vulkanen-blant-de-mest-aktive-i-verden.jpg","type":"image\/jpeg"}],"author":"Ole Andersen","twitter_card":"summary_large_image","twitter_misc":{"Skrevet av":"Ole Andersen","Ansl. lesetid":"3 minutter"},"schema":{"@context":"https:\/\/schema.org","@graph":[{"@type":"Article","@id":"https:\/\/nordnesrepublikken.no\/index.php\/2025\/12\/18\/den-sicilianske-vulkanen-blant-de-mest-aktive-i-verden\/#article","isPartOf":{"@id":"https:\/\/nordnesrepublikken.no\/index.php\/2025\/12\/18\/den-sicilianske-vulkanen-blant-de-mest-aktive-i-verden\/"},"author":{"name":"Ole Andersen","@id":"https:\/\/nordnesrepublikken.no\/#\/schema\/person\/2e7e81935bab77882fffb79296240ff1"},"headline":"den sicilianske vulkanen blant de mest aktive i verden","datePublished":"2025-12-17T23:50:46+00:00","dateModified":"2025-12-17T23:50:48+00:00","mainEntityOfPage":{"@id":"https:\/\/nordnesrepublikken.no\/index.php\/2025\/12\/18\/den-sicilianske-vulkanen-blant-de-mest-aktive-i-verden\/"},"wordCount":629,"publisher":{"@id":"https:\/\/nordnesrepublikken.no\/#organization"},"image":{"@id":"https:\/\/nordnesrepublikken.no\/index.php\/2025\/12\/18\/den-sicilianske-vulkanen-blant-de-mest-aktive-i-verden\/#primaryimage"},"thumbnailUrl":"https:\/\/nordnesrepublikken.no\/wp-content\/uploads\/2025\/12\/1766015447_den-sicilianske-vulkanen-blant-de-mest-aktive-i-verden.jpg","keywords":["aktive","blant","den","mest","sicilianske","verden","vulkanen"],"articleSection":["Vitenskap"],"inLanguage":"nb-NO"},{"@type":"WebPage","@id":"https:\/\/nordnesrepublikken.no\/index.php\/2025\/12\/18\/den-sicilianske-vulkanen-blant-de-mest-aktive-i-verden\/","url":"https:\/\/nordnesrepublikken.no\/index.php\/2025\/12\/18\/den-sicilianske-vulkanen-blant-de-mest-aktive-i-verden\/","name":"den sicilianske vulkanen blant de mest aktive i verden - Nordnesrepublikken","isPartOf":{"@id":"https:\/\/nordnesrepublikken.no\/#website"},"primaryImageOfPage":{"@id":"https:\/\/nordnesrepublikken.no\/index.php\/2025\/12\/18\/den-sicilianske-vulkanen-blant-de-mest-aktive-i-verden\/#primaryimage"},"image":{"@id":"https:\/\/nordnesrepublikken.no\/index.php\/2025\/12\/18\/den-sicilianske-vulkanen-blant-de-mest-aktive-i-verden\/#primaryimage"},"thumbnailUrl":"https:\/\/nordnesrepublikken.no\/wp-content\/uploads\/2025\/12\/1766015447_den-sicilianske-vulkanen-blant-de-mest-aktive-i-verden.jpg","datePublished":"2025-12-17T23:50:46+00:00","dateModified":"2025-12-17T23:50:48+00:00","breadcrumb":{"@id":"https:\/\/nordnesrepublikken.no\/index.php\/2025\/12\/18\/den-sicilianske-vulkanen-blant-de-mest-aktive-i-verden\/#breadcrumb"},"inLanguage":"nb-NO","potentialAction":[{"@type":"ReadAction","target":["https:\/\/nordnesrepublikken.no\/index.php\/2025\/12\/18\/den-sicilianske-vulkanen-blant-de-mest-aktive-i-verden\/"]}]},{"@type":"ImageObject","inLanguage":"nb-NO","@id":"https:\/\/nordnesrepublikken.no\/index.php\/2025\/12\/18\/den-sicilianske-vulkanen-blant-de-mest-aktive-i-verden\/#primaryimage","url":"https:\/\/nordnesrepublikken.no\/wp-content\/uploads\/2025\/12\/1766015447_den-sicilianske-vulkanen-blant-de-mest-aktive-i-verden.jpg","contentUrl":"https:\/\/nordnesrepublikken.no\/wp-content\/uploads\/2025\/12\/1766015447_den-sicilianske-vulkanen-blant-de-mest-aktive-i-verden.jpg","width":1280,"height":720,"caption":"den sicilianske vulkanen blant de mest aktive i verden"},{"@type":"BreadcrumbList","@id":"https:\/\/nordnesrepublikken.no\/index.php\/2025\/12\/18\/den-sicilianske-vulkanen-blant-de-mest-aktive-i-verden\/#breadcrumb","itemListElement":[{"@type":"ListItem","position":1,"name":"Home","item":"https:\/\/nordnesrepublikken.no\/"},{"@type":"ListItem","position":2,"name":"den sicilianske vulkanen blant de mest aktive i verden"}]},{"@type":"WebSite","@id":"https:\/\/nordnesrepublikken.no\/#website","url":"https:\/\/nordnesrepublikken.no\/","name":"Nordnesrepublikken","description":"Stemmer og Visjoner fra Republikkens Hjerte","publisher":{"@id":"https:\/\/nordnesrepublikken.no\/#organization"},"potentialAction":[{"@type":"SearchAction","target":{"@type":"EntryPoint","urlTemplate":"https:\/\/nordnesrepublikken.no\/?s={search_term_string}"},"query-input":{"@type":"PropertyValueSpecification","valueRequired":true,"valueName":"search_term_string"}}],"inLanguage":"nb-NO"},{"@type":"Organization","@id":"https:\/\/nordnesrepublikken.no\/#organization","name":"Nordnesrepublikken","url":"https:\/\/nordnesrepublikken.no\/","logo":{"@type":"ImageObject","inLanguage":"nb-NO","@id":"https:\/\/nordnesrepublikken.no\/#\/schema\/logo\/image\/","url":"https:\/\/nordnesrepublikken.no\/wp-content\/uploads\/2025\/02\/cropped-nordnesrepublikken-2.png","contentUrl":"https:\/\/nordnesrepublikken.no\/wp-content\/uploads\/2025\/02\/cropped-nordnesrepublikken-2.png","width":1248,"height":362,"caption":"Nordnesrepublikken"},"image":{"@id":"https:\/\/nordnesrepublikken.no\/#\/schema\/logo\/image\/"}},{"@type":"Person","@id":"https:\/\/nordnesrepublikken.no\/#\/schema\/person\/2e7e81935bab77882fffb79296240ff1","name":"Ole Andersen","image":{"@type":"ImageObject","inLanguage":"nb-NO","@id":"https:\/\/nordnesrepublikken.no\/#\/schema\/person\/image\/","url":"https:\/\/nordnesrepublikken.no\/wp-content\/uploads\/2025\/02\/nordnesrepublikken-2-2-150x150.jpg","contentUrl":"https:\/\/nordnesrepublikken.no\/wp-content\/uploads\/2025\/02\/nordnesrepublikken-2-2-150x150.jpg","caption":"Ole Andersen"},"description":"Ettersom jeg vokste opp i Oslo, har jeg alltid v\u00e6rt fascinert av ordenes kraft og deres evne til \u00e5 skape endringer. Etter \u00e5 ha fullf\u00f8rt min utdannelse i kommunikasjon ved Universitetet i Bergen, fikk jeg muligheten til \u00e5 jobbe innen ulike medier, der jeg har s\u00f8kt \u00e5 belyse viktige samfunnssp\u00f8rsm\u00e5l. I dag, som redakt\u00f8r for Nordnesrepublikken, pr\u00f8ver jeg \u00e5 forene min kj\u00e6rlighet for journalistikk med min lidenskap for innovasjon og eventyr.","sameAs":["https:\/\/nordnesrepublikken.no\/"]}]}},"_links":{"self":[{"href":"https:\/\/nordnesrepublikken.no\/index.php\/wp-json\/wp\/v2\/posts\/12920","targetHints":{"allow":["GET"]}}],"collection":[{"href":"https:\/\/nordnesrepublikken.no\/index.php\/wp-json\/wp\/v2\/posts"}],"about":[{"href":"https:\/\/nordnesrepublikken.no\/index.php\/wp-json\/wp\/v2\/types\/post"}],"author":[{"embeddable":true,"href":"https:\/\/nordnesrepublikken.no\/index.php\/wp-json\/wp\/v2\/users\/1"}],"replies":[{"embeddable":true,"href":"https:\/\/nordnesrepublikken.no\/index.php\/wp-json\/wp\/v2\/comments?post=12920"}],"version-history":[{"count":1,"href":"https:\/\/nordnesrepublikken.no\/index.php\/wp-json\/wp\/v2\/posts\/12920\/revisions"}],"predecessor-version":[{"id":12922,"href":"https:\/\/nordnesrepublikken.no\/index.php\/wp-json\/wp\/v2\/posts\/12920\/revisions\/12922"}],"wp:featuredmedia":[{"embeddable":true,"href":"https:\/\/nordnesrepublikken.no\/index.php\/wp-json\/wp\/v2\/media\/12921"}],"wp:attachment":[{"href":"https:\/\/nordnesrepublikken.no\/index.php\/wp-json\/wp\/v2\/media?parent=12920"}],"wp:term":[{"taxonomy":"category","embeddable":true,"href":"https:\/\/nordnesrepublikken.no\/index.php\/wp-json\/wp\/v2\/categories?post=12920"},{"taxonomy":"post_tag","embeddable":true,"href":"https:\/\/nordnesrepublikken.no\/index.php\/wp-json\/wp\/v2\/tags?post=12920"}],"curies":[{"name":"wp","href":"https:\/\/api.w.org\/{rel}","templated":true}]}}