{"id":12911,"date":"2025-12-17T20:50:46","date_gmt":"2025-12-17T19:50:46","guid":{"rendered":"https:\/\/nordnesrepublikken.no\/index.php\/2025\/12\/17\/hyundai-ioniq-5-nar-det-ikke-er-venstrefelt-er-det-en-dyd\/"},"modified":"2025-12-17T20:50:47","modified_gmt":"2025-12-17T19:50:47","slug":"hyundai-ioniq-5-nar-det-ikke-er-venstrefelt-er-det-en-dyd","status":"publish","type":"post","link":"https:\/\/nordnesrepublikken.no\/index.php\/2025\/12\/17\/hyundai-ioniq-5-nar-det-ikke-er-venstrefelt-er-det-en-dyd\/","title":{"rendered":"Hyundai Ioniq 5 \u2013 n\u00e5r det ikke er venstrefelt er det en dyd"},"content":{"rendered":"<p><\/p>\n<div class=\"wordpress-content\">\n                    <!-- Article Start --><\/p>\n<p>Du har kanskje lagt merke til at designere av elbiler ser ut til \u00e5 konkurrere om \u00e5 produsere det mest sl\u00e5ende, andre kan velge et annet ord, design mulig for \u00e5 f\u00e5 bilene deres til \u00e5 skille seg ut i den stadig \u00f8kende mengden av elbiler. Noen ganger er det enkle alternativet det mest sl\u00e5ende, og slik er det med Hyundais Ioniq 5.<\/p>\n<p><span id=\"more-556143\"><\/span><\/p>\n<p>Det er sannsynligvis den mest normale el-bilen og kan lett passere for en ICE-bil ved f\u00f8rste \u00f8yekast, med det tykke utseendet til en 5-d\u00f8rs kombi. Innsiden byr p\u00e5 mye plass og praktisk og har l\u00f8ftet om en halvanstendig rekkevidde ogs\u00e5.<\/p>\n<div class=\"sra_unit\"><link rel=\"stylesheet\" id=\"block-sra\" href=\"https:\/\/euroweeklynews.com\/wp-content\/plugins\/snack-related-articles\/dist\/css\/snack-related.min.css?250312-193541\" type=\"text\/css\" media=\"all\">\n<\/div>\n<p>Priset fra \u20ac45,710\/\u00a339,995 for 170PS Advance 63kwh-modellen er det to 84kwh-versjoner som utvikler 228PS og en 325PS som kommer med firehjulsdrift. Fem utstyrsniv\u00e5er inkluderer en sporty N-Line og N-Line S med standardutstyr p\u00e5 tvers av serien, inkludert navigasjon, tosoneklima, autolys og vindusviskere, Bluetooth, Apple Car Play og Android Auto, smart cruisekontroll, n\u00f8kkelfri adgang og start, elektriske, oppvarmede og sammenleggbare sidespeil pluss oppvarmede forseter og ratt.<\/p>\n<p>P\u00e5 veien har Ioniq 5 all den vanlige jevnheten og kraften du forventer av en elbil i toppklasse, med 84kwh 228PS-modellen som passerer standarden 100kph\/62mph p\u00e5 bare 7,5 sekunder og en potensiell rekkevidde p\u00e5 569km\/354 miles. I virkeligheten vil jeg si at det vil v\u00e6re mer som 466-482 km\/290-300 miles i kj\u00f8ring i den virkelige verden. Fortsatt en nyttig anstendig rekkevidde.<\/p>\n<p>I 63kwh 170PS form er det et sekund lenger til 100kph\/62 mph og en reell rekkevidde i omr\u00e5det 354km\/220 miles. Kj\u00f8rekvaliteten er utmerket, og selv om du ikke \u00f8nsker \u00e5 sprenge over svingete landeveier, er den mer enn dyktig.<\/p>\n<p>Innvendig er det mange smarte detaljer som maksimerer den allerede romslige planl\u00f8sningen fra en skyv midtkonsoll og skyve bakseter til d\u00f8rer som \u00e5pner bredt og gj\u00f8r inn- og utstigning mye enklere. Du f\u00e5r til og med et brukbart &#8216;frunk&#8217; eller lite bagasjerom foran p\u00e5 bilen p\u00e5 de tohjulsdrevne modellene, det er ganske mye mindre p\u00e5 firehjulsdriften. Som alltid i disse dager styrer ber\u00f8ringsskjermen n\u00e5r det gjelder de fleste funksjonene, selv om det er noen fysiske knapper.<\/p>\n<p>Hvis du er en som s\u00e5 langt ikke har latt deg friste nedover EV-ruten, men gjerne vil bli det, s\u00e5 tror jeg ikke du vil bli skuffet over Ioniq 5. Den er ikke for venstreorientert stilmessig og for en EV, og det den tilbyr, er fornuftig priset. Legg til imponerende innvendig plass, raffinement og kvalitet, pluss umiddelbar EV-kraft og, hvis du lader mye hjemme, billigere driftskostnader. Det er lite \u00e5 ikke like!<\/p>\n<h2><strong><u>Fakta p\u00e5 et \u00f8yeblikk<\/u><\/strong><\/h2>\n<ul>\n<li><strong>Modell:<\/strong> Hyundai Ioniq 5 Ultimate<\/li>\n<li><strong>Batteri:<\/strong> 84 kwh Lithium-ion 228PS<\/li>\n<li><strong>Gir:<\/strong> Automatisk<\/li>\n<li><strong>Pris:<\/strong> \u00a353 055<\/li>\n<li><strong>Ytelse:<\/strong> Maks hastighet 185 km\/t\/114 mph 0 \u2013 100 km\/t\/62 mph 7,5 sekunder<\/li>\n<li><strong>Spekter:<\/strong> Kombinert 530 km\/329 miles<\/li>\n<li><strong>Utslipp:<\/strong> 0g\/km Co2<\/li>\n<\/ul>\n<p><strong>Testet modell var spesifisert i Storbritannia og utstyrsniv\u00e5er og priser kan variere i andre markeder<\/strong><\/p>\n<p>                    <!-- Originally published at https:\/\/euroweeklynews.com\/2025\/12\/17\/hyundai-ioniq-5-when-not-being-left-field-is-a-virtue\/ on 17 Dec 2025 at 15:46 by Mark Slack --><br \/>\n                    <!-- Article End -->\n                <\/div>\n","protected":false},"excerpt":{"rendered":"<p>Du har kanskje lagt merke til at designere av elbiler ser ut til \u00e5 konkurrere<\/p>\n","protected":false},"author":1,"featured_media":12912,"comment_status":"closed","ping_status":"open","sticky":false,"template":"","format":"standard","meta":{"footnotes":""},"categories":[105],"tags":[66,8498,5068,187,5069,16,8497],"class_list":["post-12911","post","type-post","status-publish","format-standard","has-post-thumbnail","hentry","category-livsstil","tag-det","tag-dyd","tag-hyundai","tag-ikke","tag-ioniq","tag-nar","tag-venstrefelt","generate-columns","tablet-grid-50","mobile-grid-100","grid-parent","grid-33","resize-featured-image"],"yoast_head":"<!-- This site is optimized with the Yoast SEO plugin v24.4 - https:\/\/yoast.com\/wordpress\/plugins\/seo\/ -->\n<title>Hyundai Ioniq 5 \u2013 n\u00e5r det ikke er venstrefelt er det en dyd - Nordnesrepublikken<\/title>\n<meta name=\"robots\" content=\"index, follow, max-snippet:-1, max-image-preview:large, max-video-preview:-1\" \/>\n<link rel=\"canonical\" href=\"https:\/\/nordnesrepublikken.no\/index.php\/2025\/12\/17\/hyundai-ioniq-5-nar-det-ikke-er-venstrefelt-er-det-en-dyd\/\" \/>\n<meta property=\"og:locale\" content=\"nb_NO\" \/>\n<meta property=\"og:type\" content=\"article\" \/>\n<meta property=\"og:title\" content=\"Hyundai Ioniq 5 \u2013 n\u00e5r det ikke er venstrefelt er det en dyd - Nordnesrepublikken\" \/>\n<meta property=\"og:description\" content=\"Du har kanskje lagt merke til at designere av elbiler ser ut til \u00e5 konkurrere\" \/>\n<meta property=\"og:url\" content=\"https:\/\/nordnesrepublikken.no\/index.php\/2025\/12\/17\/hyundai-ioniq-5-nar-det-ikke-er-venstrefelt-er-det-en-dyd\/\" \/>\n<meta property=\"og:site_name\" content=\"Nordnesrepublikken\" \/>\n<meta property=\"article:published_time\" content=\"2025-12-17T19:50:46+00:00\" \/>\n<meta property=\"article:modified_time\" content=\"2025-12-17T19:50:47+00:00\" \/>\n<meta property=\"og:image\" content=\"https:\/\/nordnesrepublikken.no\/wp-content\/uploads\/2025\/12\/1766001047_Hyundai-Ioniq-5-\u2013-nar-det-ikke-er-venstrefelt-er.jpg\" \/>\n\t<meta property=\"og:image:width\" content=\"1024\" \/>\n\t<meta property=\"og:image:height\" content=\"683\" \/>\n\t<meta property=\"og:image:type\" content=\"image\/jpeg\" \/>\n<meta name=\"author\" content=\"Ole Andersen\" \/>\n<meta name=\"twitter:card\" content=\"summary_large_image\" \/>\n<meta name=\"twitter:label1\" content=\"Skrevet av\" \/>\n\t<meta name=\"twitter:data1\" content=\"Ole Andersen\" \/>\n\t<meta name=\"twitter:label2\" content=\"Ansl. lesetid\" \/>\n\t<meta name=\"twitter:data2\" content=\"2 minutter\" \/>\n<script type=\"application\/ld+json\" class=\"yoast-schema-graph\">{\"@context\":\"https:\/\/schema.org\",\"@graph\":[{\"@type\":\"Article\",\"@id\":\"https:\/\/nordnesrepublikken.no\/index.php\/2025\/12\/17\/hyundai-ioniq-5-nar-det-ikke-er-venstrefelt-er-det-en-dyd\/#article\",\"isPartOf\":{\"@id\":\"https:\/\/nordnesrepublikken.no\/index.php\/2025\/12\/17\/hyundai-ioniq-5-nar-det-ikke-er-venstrefelt-er-det-en-dyd\/\"},\"author\":{\"name\":\"Ole Andersen\",\"@id\":\"https:\/\/nordnesrepublikken.no\/#\/schema\/person\/2e7e81935bab77882fffb79296240ff1\"},\"headline\":\"Hyundai Ioniq 5 \u2013 n\u00e5r det ikke er venstrefelt er det en dyd\",\"datePublished\":\"2025-12-17T19:50:46+00:00\",\"dateModified\":\"2025-12-17T19:50:47+00:00\",\"mainEntityOfPage\":{\"@id\":\"https:\/\/nordnesrepublikken.no\/index.php\/2025\/12\/17\/hyundai-ioniq-5-nar-det-ikke-er-venstrefelt-er-det-en-dyd\/\"},\"wordCount\":485,\"publisher\":{\"@id\":\"https:\/\/nordnesrepublikken.no\/#organization\"},\"image\":{\"@id\":\"https:\/\/nordnesrepublikken.no\/index.php\/2025\/12\/17\/hyundai-ioniq-5-nar-det-ikke-er-venstrefelt-er-det-en-dyd\/#primaryimage\"},\"thumbnailUrl\":\"https:\/\/nordnesrepublikken.no\/wp-content\/uploads\/2025\/12\/1766001047_Hyundai-Ioniq-5-\u2013-nar-det-ikke-er-venstrefelt-er.jpg\",\"keywords\":[\"Det\",\"dyd\",\"Hyundai\",\"ikke\",\"Ioniq\",\"n\u00e5r\",\"venstrefelt\"],\"articleSection\":[\"Livsstil\"],\"inLanguage\":\"nb-NO\"},{\"@type\":\"WebPage\",\"@id\":\"https:\/\/nordnesrepublikken.no\/index.php\/2025\/12\/17\/hyundai-ioniq-5-nar-det-ikke-er-venstrefelt-er-det-en-dyd\/\",\"url\":\"https:\/\/nordnesrepublikken.no\/index.php\/2025\/12\/17\/hyundai-ioniq-5-nar-det-ikke-er-venstrefelt-er-det-en-dyd\/\",\"name\":\"Hyundai Ioniq 5 \u2013 n\u00e5r det ikke er venstrefelt er det en dyd - Nordnesrepublikken\",\"isPartOf\":{\"@id\":\"https:\/\/nordnesrepublikken.no\/#website\"},\"primaryImageOfPage\":{\"@id\":\"https:\/\/nordnesrepublikken.no\/index.php\/2025\/12\/17\/hyundai-ioniq-5-nar-det-ikke-er-venstrefelt-er-det-en-dyd\/#primaryimage\"},\"image\":{\"@id\":\"https:\/\/nordnesrepublikken.no\/index.php\/2025\/12\/17\/hyundai-ioniq-5-nar-det-ikke-er-venstrefelt-er-det-en-dyd\/#primaryimage\"},\"thumbnailUrl\":\"https:\/\/nordnesrepublikken.no\/wp-content\/uploads\/2025\/12\/1766001047_Hyundai-Ioniq-5-\u2013-nar-det-ikke-er-venstrefelt-er.jpg\",\"datePublished\":\"2025-12-17T19:50:46+00:00\",\"dateModified\":\"2025-12-17T19:50:47+00:00\",\"breadcrumb\":{\"@id\":\"https:\/\/nordnesrepublikken.no\/index.php\/2025\/12\/17\/hyundai-ioniq-5-nar-det-ikke-er-venstrefelt-er-det-en-dyd\/#breadcrumb\"},\"inLanguage\":\"nb-NO\",\"potentialAction\":[{\"@type\":\"ReadAction\",\"target\":[\"https:\/\/nordnesrepublikken.no\/index.php\/2025\/12\/17\/hyundai-ioniq-5-nar-det-ikke-er-venstrefelt-er-det-en-dyd\/\"]}]},{\"@type\":\"ImageObject\",\"inLanguage\":\"nb-NO\",\"@id\":\"https:\/\/nordnesrepublikken.no\/index.php\/2025\/12\/17\/hyundai-ioniq-5-nar-det-ikke-er-venstrefelt-er-det-en-dyd\/#primaryimage\",\"url\":\"https:\/\/nordnesrepublikken.no\/wp-content\/uploads\/2025\/12\/1766001047_Hyundai-Ioniq-5-\u2013-nar-det-ikke-er-venstrefelt-er.jpg\",\"contentUrl\":\"https:\/\/nordnesrepublikken.no\/wp-content\/uploads\/2025\/12\/1766001047_Hyundai-Ioniq-5-\u2013-nar-det-ikke-er-venstrefelt-er.jpg\",\"width\":1024,\"height\":683,\"caption\":\"Hyundai Ioniq 5 \u2013 n\u00e5r det ikke er venstrefelt er det en dyd\"},{\"@type\":\"BreadcrumbList\",\"@id\":\"https:\/\/nordnesrepublikken.no\/index.php\/2025\/12\/17\/hyundai-ioniq-5-nar-det-ikke-er-venstrefelt-er-det-en-dyd\/#breadcrumb\",\"itemListElement\":[{\"@type\":\"ListItem\",\"position\":1,\"name\":\"Home\",\"item\":\"https:\/\/nordnesrepublikken.no\/\"},{\"@type\":\"ListItem\",\"position\":2,\"name\":\"Hyundai Ioniq 5 \u2013 n\u00e5r det ikke er venstrefelt er det en dyd\"}]},{\"@type\":\"WebSite\",\"@id\":\"https:\/\/nordnesrepublikken.no\/#website\",\"url\":\"https:\/\/nordnesrepublikken.no\/\",\"name\":\"Nordnesrepublikken\",\"description\":\"Stemmer og Visjoner fra Republikkens Hjerte\",\"publisher\":{\"@id\":\"https:\/\/nordnesrepublikken.no\/#organization\"},\"potentialAction\":[{\"@type\":\"SearchAction\",\"target\":{\"@type\":\"EntryPoint\",\"urlTemplate\":\"https:\/\/nordnesrepublikken.no\/?s={search_term_string}\"},\"query-input\":{\"@type\":\"PropertyValueSpecification\",\"valueRequired\":true,\"valueName\":\"search_term_string\"}}],\"inLanguage\":\"nb-NO\"},{\"@type\":\"Organization\",\"@id\":\"https:\/\/nordnesrepublikken.no\/#organization\",\"name\":\"Nordnesrepublikken\",\"url\":\"https:\/\/nordnesrepublikken.no\/\",\"logo\":{\"@type\":\"ImageObject\",\"inLanguage\":\"nb-NO\",\"@id\":\"https:\/\/nordnesrepublikken.no\/#\/schema\/logo\/image\/\",\"url\":\"https:\/\/nordnesrepublikken.no\/wp-content\/uploads\/2025\/02\/cropped-nordnesrepublikken-2.png\",\"contentUrl\":\"https:\/\/nordnesrepublikken.no\/wp-content\/uploads\/2025\/02\/cropped-nordnesrepublikken-2.png\",\"width\":1248,\"height\":362,\"caption\":\"Nordnesrepublikken\"},\"image\":{\"@id\":\"https:\/\/nordnesrepublikken.no\/#\/schema\/logo\/image\/\"}},{\"@type\":\"Person\",\"@id\":\"https:\/\/nordnesrepublikken.no\/#\/schema\/person\/2e7e81935bab77882fffb79296240ff1\",\"name\":\"Ole Andersen\",\"image\":{\"@type\":\"ImageObject\",\"inLanguage\":\"nb-NO\",\"@id\":\"https:\/\/nordnesrepublikken.no\/#\/schema\/person\/image\/\",\"url\":\"https:\/\/nordnesrepublikken.no\/wp-content\/uploads\/2025\/02\/nordnesrepublikken-2-2-150x150.jpg\",\"contentUrl\":\"https:\/\/nordnesrepublikken.no\/wp-content\/uploads\/2025\/02\/nordnesrepublikken-2-2-150x150.jpg\",\"caption\":\"Ole Andersen\"},\"description\":\"Ettersom jeg vokste opp i Oslo, har jeg alltid v\u00e6rt fascinert av ordenes kraft og deres evne til \u00e5 skape endringer. Etter \u00e5 ha fullf\u00f8rt min utdannelse i kommunikasjon ved Universitetet i Bergen, fikk jeg muligheten til \u00e5 jobbe innen ulike medier, der jeg har s\u00f8kt \u00e5 belyse viktige samfunnssp\u00f8rsm\u00e5l. I dag, som redakt\u00f8r for Nordnesrepublikken, pr\u00f8ver jeg \u00e5 forene min kj\u00e6rlighet for journalistikk med min lidenskap for innovasjon og eventyr.\",\"sameAs\":[\"https:\/\/nordnesrepublikken.no\/\"]}]}<\/script>\n<!-- \/ Yoast SEO plugin. -->","yoast_head_json":{"title":"Hyundai Ioniq 5 \u2013 n\u00e5r det ikke er venstrefelt er det en dyd - Nordnesrepublikken","robots":{"index":"index","follow":"follow","max-snippet":"max-snippet:-1","max-image-preview":"max-image-preview:large","max-video-preview":"max-video-preview:-1"},"canonical":"https:\/\/nordnesrepublikken.no\/index.php\/2025\/12\/17\/hyundai-ioniq-5-nar-det-ikke-er-venstrefelt-er-det-en-dyd\/","og_locale":"nb_NO","og_type":"article","og_title":"Hyundai Ioniq 5 \u2013 n\u00e5r det ikke er venstrefelt er det en dyd - Nordnesrepublikken","og_description":"Du har kanskje lagt merke til at designere av elbiler ser ut til \u00e5 konkurrere","og_url":"https:\/\/nordnesrepublikken.no\/index.php\/2025\/12\/17\/hyundai-ioniq-5-nar-det-ikke-er-venstrefelt-er-det-en-dyd\/","og_site_name":"Nordnesrepublikken","article_published_time":"2025-12-17T19:50:46+00:00","article_modified_time":"2025-12-17T19:50:47+00:00","og_image":[{"width":1024,"height":683,"url":"https:\/\/nordnesrepublikken.no\/wp-content\/uploads\/2025\/12\/1766001047_Hyundai-Ioniq-5-\u2013-nar-det-ikke-er-venstrefelt-er.jpg","type":"image\/jpeg"}],"author":"Ole Andersen","twitter_card":"summary_large_image","twitter_misc":{"Skrevet av":"Ole Andersen","Ansl. lesetid":"2 minutter"},"schema":{"@context":"https:\/\/schema.org","@graph":[{"@type":"Article","@id":"https:\/\/nordnesrepublikken.no\/index.php\/2025\/12\/17\/hyundai-ioniq-5-nar-det-ikke-er-venstrefelt-er-det-en-dyd\/#article","isPartOf":{"@id":"https:\/\/nordnesrepublikken.no\/index.php\/2025\/12\/17\/hyundai-ioniq-5-nar-det-ikke-er-venstrefelt-er-det-en-dyd\/"},"author":{"name":"Ole Andersen","@id":"https:\/\/nordnesrepublikken.no\/#\/schema\/person\/2e7e81935bab77882fffb79296240ff1"},"headline":"Hyundai Ioniq 5 \u2013 n\u00e5r det ikke er venstrefelt er det en dyd","datePublished":"2025-12-17T19:50:46+00:00","dateModified":"2025-12-17T19:50:47+00:00","mainEntityOfPage":{"@id":"https:\/\/nordnesrepublikken.no\/index.php\/2025\/12\/17\/hyundai-ioniq-5-nar-det-ikke-er-venstrefelt-er-det-en-dyd\/"},"wordCount":485,"publisher":{"@id":"https:\/\/nordnesrepublikken.no\/#organization"},"image":{"@id":"https:\/\/nordnesrepublikken.no\/index.php\/2025\/12\/17\/hyundai-ioniq-5-nar-det-ikke-er-venstrefelt-er-det-en-dyd\/#primaryimage"},"thumbnailUrl":"https:\/\/nordnesrepublikken.no\/wp-content\/uploads\/2025\/12\/1766001047_Hyundai-Ioniq-5-\u2013-nar-det-ikke-er-venstrefelt-er.jpg","keywords":["Det","dyd","Hyundai","ikke","Ioniq","n\u00e5r","venstrefelt"],"articleSection":["Livsstil"],"inLanguage":"nb-NO"},{"@type":"WebPage","@id":"https:\/\/nordnesrepublikken.no\/index.php\/2025\/12\/17\/hyundai-ioniq-5-nar-det-ikke-er-venstrefelt-er-det-en-dyd\/","url":"https:\/\/nordnesrepublikken.no\/index.php\/2025\/12\/17\/hyundai-ioniq-5-nar-det-ikke-er-venstrefelt-er-det-en-dyd\/","name":"Hyundai Ioniq 5 \u2013 n\u00e5r det ikke er venstrefelt er det en dyd - Nordnesrepublikken","isPartOf":{"@id":"https:\/\/nordnesrepublikken.no\/#website"},"primaryImageOfPage":{"@id":"https:\/\/nordnesrepublikken.no\/index.php\/2025\/12\/17\/hyundai-ioniq-5-nar-det-ikke-er-venstrefelt-er-det-en-dyd\/#primaryimage"},"image":{"@id":"https:\/\/nordnesrepublikken.no\/index.php\/2025\/12\/17\/hyundai-ioniq-5-nar-det-ikke-er-venstrefelt-er-det-en-dyd\/#primaryimage"},"thumbnailUrl":"https:\/\/nordnesrepublikken.no\/wp-content\/uploads\/2025\/12\/1766001047_Hyundai-Ioniq-5-\u2013-nar-det-ikke-er-venstrefelt-er.jpg","datePublished":"2025-12-17T19:50:46+00:00","dateModified":"2025-12-17T19:50:47+00:00","breadcrumb":{"@id":"https:\/\/nordnesrepublikken.no\/index.php\/2025\/12\/17\/hyundai-ioniq-5-nar-det-ikke-er-venstrefelt-er-det-en-dyd\/#breadcrumb"},"inLanguage":"nb-NO","potentialAction":[{"@type":"ReadAction","target":["https:\/\/nordnesrepublikken.no\/index.php\/2025\/12\/17\/hyundai-ioniq-5-nar-det-ikke-er-venstrefelt-er-det-en-dyd\/"]}]},{"@type":"ImageObject","inLanguage":"nb-NO","@id":"https:\/\/nordnesrepublikken.no\/index.php\/2025\/12\/17\/hyundai-ioniq-5-nar-det-ikke-er-venstrefelt-er-det-en-dyd\/#primaryimage","url":"https:\/\/nordnesrepublikken.no\/wp-content\/uploads\/2025\/12\/1766001047_Hyundai-Ioniq-5-\u2013-nar-det-ikke-er-venstrefelt-er.jpg","contentUrl":"https:\/\/nordnesrepublikken.no\/wp-content\/uploads\/2025\/12\/1766001047_Hyundai-Ioniq-5-\u2013-nar-det-ikke-er-venstrefelt-er.jpg","width":1024,"height":683,"caption":"Hyundai Ioniq 5 \u2013 n\u00e5r det ikke er venstrefelt er det en dyd"},{"@type":"BreadcrumbList","@id":"https:\/\/nordnesrepublikken.no\/index.php\/2025\/12\/17\/hyundai-ioniq-5-nar-det-ikke-er-venstrefelt-er-det-en-dyd\/#breadcrumb","itemListElement":[{"@type":"ListItem","position":1,"name":"Home","item":"https:\/\/nordnesrepublikken.no\/"},{"@type":"ListItem","position":2,"name":"Hyundai Ioniq 5 \u2013 n\u00e5r det ikke er venstrefelt er det en dyd"}]},{"@type":"WebSite","@id":"https:\/\/nordnesrepublikken.no\/#website","url":"https:\/\/nordnesrepublikken.no\/","name":"Nordnesrepublikken","description":"Stemmer og Visjoner fra Republikkens Hjerte","publisher":{"@id":"https:\/\/nordnesrepublikken.no\/#organization"},"potentialAction":[{"@type":"SearchAction","target":{"@type":"EntryPoint","urlTemplate":"https:\/\/nordnesrepublikken.no\/?s={search_term_string}"},"query-input":{"@type":"PropertyValueSpecification","valueRequired":true,"valueName":"search_term_string"}}],"inLanguage":"nb-NO"},{"@type":"Organization","@id":"https:\/\/nordnesrepublikken.no\/#organization","name":"Nordnesrepublikken","url":"https:\/\/nordnesrepublikken.no\/","logo":{"@type":"ImageObject","inLanguage":"nb-NO","@id":"https:\/\/nordnesrepublikken.no\/#\/schema\/logo\/image\/","url":"https:\/\/nordnesrepublikken.no\/wp-content\/uploads\/2025\/02\/cropped-nordnesrepublikken-2.png","contentUrl":"https:\/\/nordnesrepublikken.no\/wp-content\/uploads\/2025\/02\/cropped-nordnesrepublikken-2.png","width":1248,"height":362,"caption":"Nordnesrepublikken"},"image":{"@id":"https:\/\/nordnesrepublikken.no\/#\/schema\/logo\/image\/"}},{"@type":"Person","@id":"https:\/\/nordnesrepublikken.no\/#\/schema\/person\/2e7e81935bab77882fffb79296240ff1","name":"Ole Andersen","image":{"@type":"ImageObject","inLanguage":"nb-NO","@id":"https:\/\/nordnesrepublikken.no\/#\/schema\/person\/image\/","url":"https:\/\/nordnesrepublikken.no\/wp-content\/uploads\/2025\/02\/nordnesrepublikken-2-2-150x150.jpg","contentUrl":"https:\/\/nordnesrepublikken.no\/wp-content\/uploads\/2025\/02\/nordnesrepublikken-2-2-150x150.jpg","caption":"Ole Andersen"},"description":"Ettersom jeg vokste opp i Oslo, har jeg alltid v\u00e6rt fascinert av ordenes kraft og deres evne til \u00e5 skape endringer. Etter \u00e5 ha fullf\u00f8rt min utdannelse i kommunikasjon ved Universitetet i Bergen, fikk jeg muligheten til \u00e5 jobbe innen ulike medier, der jeg har s\u00f8kt \u00e5 belyse viktige samfunnssp\u00f8rsm\u00e5l. I dag, som redakt\u00f8r for Nordnesrepublikken, pr\u00f8ver jeg \u00e5 forene min kj\u00e6rlighet for journalistikk med min lidenskap for innovasjon og eventyr.","sameAs":["https:\/\/nordnesrepublikken.no\/"]}]}},"_links":{"self":[{"href":"https:\/\/nordnesrepublikken.no\/index.php\/wp-json\/wp\/v2\/posts\/12911","targetHints":{"allow":["GET"]}}],"collection":[{"href":"https:\/\/nordnesrepublikken.no\/index.php\/wp-json\/wp\/v2\/posts"}],"about":[{"href":"https:\/\/nordnesrepublikken.no\/index.php\/wp-json\/wp\/v2\/types\/post"}],"author":[{"embeddable":true,"href":"https:\/\/nordnesrepublikken.no\/index.php\/wp-json\/wp\/v2\/users\/1"}],"replies":[{"embeddable":true,"href":"https:\/\/nordnesrepublikken.no\/index.php\/wp-json\/wp\/v2\/comments?post=12911"}],"version-history":[{"count":1,"href":"https:\/\/nordnesrepublikken.no\/index.php\/wp-json\/wp\/v2\/posts\/12911\/revisions"}],"predecessor-version":[{"id":12913,"href":"https:\/\/nordnesrepublikken.no\/index.php\/wp-json\/wp\/v2\/posts\/12911\/revisions\/12913"}],"wp:featuredmedia":[{"embeddable":true,"href":"https:\/\/nordnesrepublikken.no\/index.php\/wp-json\/wp\/v2\/media\/12912"}],"wp:attachment":[{"href":"https:\/\/nordnesrepublikken.no\/index.php\/wp-json\/wp\/v2\/media?parent=12911"}],"wp:term":[{"taxonomy":"category","embeddable":true,"href":"https:\/\/nordnesrepublikken.no\/index.php\/wp-json\/wp\/v2\/categories?post=12911"},{"taxonomy":"post_tag","embeddable":true,"href":"https:\/\/nordnesrepublikken.no\/index.php\/wp-json\/wp\/v2\/tags?post=12911"}],"curies":[{"name":"wp","href":"https:\/\/api.w.org\/{rel}","templated":true}]}}