{"id":12905,"date":"2025-12-17T15:50:39","date_gmt":"2025-12-17T14:50:39","guid":{"rendered":"https:\/\/nordnesrepublikken.no\/index.php\/2025\/12\/17\/vodafone-nede-i-hele-italia-nettverksproblemer-ogsa-for-fastweb-og-jeg-har-mobil-hva-skjer\/"},"modified":"2025-12-17T15:50:49","modified_gmt":"2025-12-17T14:50:49","slug":"vodafone-nede-i-hele-italia-nettverksproblemer-ogsa-for-fastweb-og-jeg-har-mobil-hva-skjer","status":"publish","type":"post","link":"https:\/\/nordnesrepublikken.no\/index.php\/2025\/12\/17\/vodafone-nede-i-hele-italia-nettverksproblemer-ogsa-for-fastweb-og-jeg-har-mobil-hva-skjer\/","title":{"rendered":"Vodafone nede i hele Italia, nettverksproblemer ogs\u00e5 for Fastweb og jeg har. Mobil: hva skjer"},"content":{"rendered":"<div>\n<div class=\"cp_wrapper cp_wrapper--fw mb-30 mb-20@tablet\">\n<figure class=\"mm\"><picture class=\"img\" style=\"padding-top:56.25%\"><source  media=\"(min-width: 1024px)\"><source  media=\"(min-width: 768px)\"><\/source><\/source><\/picture><\/figure>\n<\/p><\/div>\n<p>Gi henne <strong>10.30<\/strong> av i dag 17. desember 2025 operat\u00f8ren <strong>Vodafone<\/strong> opplever en nedgang i Italia: if\u00f8lge portalen <em>Neddetektor<\/em>er det for tiden over 1100 rapporter om brukere som rapporterer problemer med operat\u00f8rens tjenester, for eksempel manglende tilgang til nettverket eller tilgangsproblemer fra b\u00e5de fastnettet og mobilnettet, med maksimalt over 1500 rapporter registrert rundt klokken 11.30. Problemet ser derfor ut til \u00e5 v\u00e6re <strong>gradvis tilbake<\/strong>.<\/p>\n<div class=\"cp_wrapper cp_wrapper--fw mb-50\">\n<figure class=\"mm\"><picture class=\"img\" style=\"padding-top:41.986754966887%\"><source  media=\"(min-width: 1024px)\"><source  media=\"(min-width: 768px)\"><img decoding=\"async\" loading=\"lazy\" src=\"https:\/\/nordnesrepublikken.no\/wp-content\/uploads\/2025\/12\/1765983039_717_Vodafone-nede-i-hele-Italia-nettverksproblemer-ogsa-for-Fastweb-og.jpg\" alt=\"ned vodafone\" width=\"1510\" height=\"634\"\/><\/source><\/source><\/picture><\/figure>\n<\/p><\/div>\n<p>Det finnes ogs\u00e5 en rekke rapporter for <strong>Fastweb <\/strong>\u2013 \u00abrelativt\u00bb selskap Vodafone \u2013 om enn med et mye lavere antall rapporter (for tiden rundt 470) og <strong>Jeg har.Mobil<\/strong>som alltid rapporterer til r\u00f8d operat\u00f8r, med rundt 150 rapporter. Vi finner ogs\u00e5 under Vodafone-nettverket <strong>CoopVoce<\/strong> Og <strong>PosteMobile<\/strong>ogs\u00e5 med lignende ineffektivitet.<\/p>\n<div class=\"cp_wrapper cp_wrapper--fw mb-50\">\n<figure class=\"mm\"><picture class=\"img\" style=\"padding-top:39.946737683089%\"><source  media=\"(min-width: 1024px)\"><source  media=\"(min-width: 768px)\"><img decoding=\"async\" loading=\"lazy\" src=\"https:\/\/nordnesrepublikken.no\/wp-content\/uploads\/2025\/12\/1765983039_826_Vodafone-nede-i-hele-Italia-nettverksproblemer-ogsa-for-Fastweb-og.jpg\" alt=\"ned fastweb\" width=\"1502\" height=\"600\" class=\"js-seedtag-img\"\/><\/source><\/source><\/picture><\/figure>\n<\/p><\/div>\n<p>I en uttalelse utgitt av Vodafone selv heter det at: \u00abdet er en p\u00e5g\u00e5ende midlertidig forstyrrelse for\u00e5rsaket av to feil i Fibercop-nettet i omr\u00e5dene Rimini og Forl\u00ec med ulempe for fast- og mobilnettkunder. Teknikere jobber med \u00e5 gjenopprette tjenestene s\u00e5 raskt som mulig. Vi beklager overfor de involverte kundene og vil umiddelbart oppdatere om fremdriften i arbeidet.&raquo;<\/p>\n<p>Faktisk kommer et stort antall rapporter fra omr\u00e5dene Rimini og Forl\u00ec, men ogs\u00e5 andre byer i Romagna og Emilia som Cesena, Ravenna, Faenza, Bologna og Modena. Det er imidlertid ogs\u00e5 rapportert om forstyrrelser i resten av Italia, spesielt i de st\u00f8rre byene.<\/p>\n<div class=\"cp_wrapper cp_wrapper--fw mb-50\">\n<figure class=\"mm\"><picture class=\"img\" style=\"padding-top:91.678420310296%\"><source  media=\"(min-width: 1024px)\"><source  media=\"(min-width: 768px)\"><img decoding=\"async\" loading=\"lazy\" src=\"https:\/\/nordnesrepublikken.no\/wp-content\/uploads\/2025\/12\/1765983039_823_Vodafone-nede-i-hele-Italia-nettverksproblemer-ogsa-for-Fastweb-og.jpg\" alt=\"ned vodafone-kartet\" width=\"1418\" height=\"1300\"\/><\/source><\/source><\/picture><\/figure>\n<\/p><\/div>\n<\/p><\/div>\n","protected":false},"excerpt":{"rendered":"<p>Gi henne 10.30 av i dag 17. desember 2025 operat\u00f8ren Vodafone opplever en nedgang i<\/p>\n","protected":false},"author":1,"featured_media":12906,"comment_status":"closed","ping_status":"open","sticky":false,"template":"","format":"standard","meta":{"footnotes":""},"categories":[25],"tags":[8493,179,3372,144,437,813,8494,3152,8492,753,360,8491],"class_list":["post-12905","post","type-post","status-publish","format-standard","has-post-thumbnail","hentry","category-teknologi","tag-fastweb","tag-har","tag-hele","tag-hva","tag-italia","tag-jeg","tag-mobil","tag-nede","tag-nettverksproblemer","tag-ogsa","tag-skjer","tag-vodafone","generate-columns","tablet-grid-50","mobile-grid-100","grid-parent","grid-33","resize-featured-image"],"yoast_head":"<!-- This site is optimized with the Yoast SEO plugin v24.4 - https:\/\/yoast.com\/wordpress\/plugins\/seo\/ -->\n<title>Vodafone nede i hele Italia, nettverksproblemer ogs\u00e5 for Fastweb og jeg har. Mobil: hva skjer - Nordnesrepublikken<\/title>\n<meta name=\"robots\" content=\"index, follow, max-snippet:-1, max-image-preview:large, max-video-preview:-1\" \/>\n<link rel=\"canonical\" href=\"https:\/\/nordnesrepublikken.no\/index.php\/2025\/12\/17\/vodafone-nede-i-hele-italia-nettverksproblemer-ogsa-for-fastweb-og-jeg-har-mobil-hva-skjer\/\" \/>\n<meta property=\"og:locale\" content=\"nb_NO\" \/>\n<meta property=\"og:type\" content=\"article\" \/>\n<meta property=\"og:title\" content=\"Vodafone nede i hele Italia, nettverksproblemer ogs\u00e5 for Fastweb og jeg har. Mobil: hva skjer - Nordnesrepublikken\" \/>\n<meta property=\"og:description\" content=\"Gi henne 10.30 av i dag 17. desember 2025 operat\u00f8ren Vodafone opplever en nedgang i\" \/>\n<meta property=\"og:url\" content=\"https:\/\/nordnesrepublikken.no\/index.php\/2025\/12\/17\/vodafone-nede-i-hele-italia-nettverksproblemer-ogsa-for-fastweb-og-jeg-har-mobil-hva-skjer\/\" \/>\n<meta property=\"og:site_name\" content=\"Nordnesrepublikken\" \/>\n<meta property=\"article:published_time\" content=\"2025-12-17T14:50:39+00:00\" \/>\n<meta property=\"article:modified_time\" content=\"2025-12-17T14:50:49+00:00\" \/>\n<meta property=\"og:image\" content=\"https:\/\/nordnesrepublikken.no\/wp-content\/uploads\/2025\/12\/1765983040_Vodafone-nede-i-hele-Italia-nettverksproblemer-ogsa-for-Fastweb-og-scaled.jpg\" \/>\n\t<meta property=\"og:image:width\" content=\"2560\" \/>\n\t<meta property=\"og:image:height\" content=\"1707\" \/>\n\t<meta property=\"og:image:type\" content=\"image\/jpeg\" \/>\n<meta name=\"author\" content=\"Ole Andersen\" \/>\n<meta name=\"twitter:card\" content=\"summary_large_image\" \/>\n<meta name=\"twitter:label1\" content=\"Skrevet av\" \/>\n\t<meta name=\"twitter:data1\" content=\"Ole Andersen\" \/>\n\t<meta name=\"twitter:label2\" content=\"Ansl. lesetid\" \/>\n\t<meta name=\"twitter:data2\" content=\"1 minutt\" \/>\n<script type=\"application\/ld+json\" class=\"yoast-schema-graph\">{\"@context\":\"https:\/\/schema.org\",\"@graph\":[{\"@type\":\"Article\",\"@id\":\"https:\/\/nordnesrepublikken.no\/index.php\/2025\/12\/17\/vodafone-nede-i-hele-italia-nettverksproblemer-ogsa-for-fastweb-og-jeg-har-mobil-hva-skjer\/#article\",\"isPartOf\":{\"@id\":\"https:\/\/nordnesrepublikken.no\/index.php\/2025\/12\/17\/vodafone-nede-i-hele-italia-nettverksproblemer-ogsa-for-fastweb-og-jeg-har-mobil-hva-skjer\/\"},\"author\":{\"name\":\"Ole Andersen\",\"@id\":\"https:\/\/nordnesrepublikken.no\/#\/schema\/person\/2e7e81935bab77882fffb79296240ff1\"},\"headline\":\"Vodafone nede i hele Italia, nettverksproblemer ogs\u00e5 for Fastweb og jeg har. Mobil: hva skjer\",\"datePublished\":\"2025-12-17T14:50:39+00:00\",\"dateModified\":\"2025-12-17T14:50:49+00:00\",\"mainEntityOfPage\":{\"@id\":\"https:\/\/nordnesrepublikken.no\/index.php\/2025\/12\/17\/vodafone-nede-i-hele-italia-nettverksproblemer-ogsa-for-fastweb-og-jeg-har-mobil-hva-skjer\/\"},\"wordCount\":228,\"publisher\":{\"@id\":\"https:\/\/nordnesrepublikken.no\/#organization\"},\"image\":{\"@id\":\"https:\/\/nordnesrepublikken.no\/index.php\/2025\/12\/17\/vodafone-nede-i-hele-italia-nettverksproblemer-ogsa-for-fastweb-og-jeg-har-mobil-hva-skjer\/#primaryimage\"},\"thumbnailUrl\":\"https:\/\/nordnesrepublikken.no\/wp-content\/uploads\/2025\/12\/1765983040_Vodafone-nede-i-hele-Italia-nettverksproblemer-ogsa-for-Fastweb-og-scaled.jpg\",\"keywords\":[\"Fastweb\",\"har\",\"hele\",\"Hva\",\"Italia\",\"jeg\",\"Mobil\",\"nede\",\"nettverksproblemer\",\"ogs\u00e5\",\"skjer\",\"Vodafone\"],\"articleSection\":[\"Teknologi\"],\"inLanguage\":\"nb-NO\"},{\"@type\":\"WebPage\",\"@id\":\"https:\/\/nordnesrepublikken.no\/index.php\/2025\/12\/17\/vodafone-nede-i-hele-italia-nettverksproblemer-ogsa-for-fastweb-og-jeg-har-mobil-hva-skjer\/\",\"url\":\"https:\/\/nordnesrepublikken.no\/index.php\/2025\/12\/17\/vodafone-nede-i-hele-italia-nettverksproblemer-ogsa-for-fastweb-og-jeg-har-mobil-hva-skjer\/\",\"name\":\"Vodafone nede i hele Italia, nettverksproblemer ogs\u00e5 for Fastweb og jeg har. Mobil: hva skjer - Nordnesrepublikken\",\"isPartOf\":{\"@id\":\"https:\/\/nordnesrepublikken.no\/#website\"},\"primaryImageOfPage\":{\"@id\":\"https:\/\/nordnesrepublikken.no\/index.php\/2025\/12\/17\/vodafone-nede-i-hele-italia-nettverksproblemer-ogsa-for-fastweb-og-jeg-har-mobil-hva-skjer\/#primaryimage\"},\"image\":{\"@id\":\"https:\/\/nordnesrepublikken.no\/index.php\/2025\/12\/17\/vodafone-nede-i-hele-italia-nettverksproblemer-ogsa-for-fastweb-og-jeg-har-mobil-hva-skjer\/#primaryimage\"},\"thumbnailUrl\":\"https:\/\/nordnesrepublikken.no\/wp-content\/uploads\/2025\/12\/1765983040_Vodafone-nede-i-hele-Italia-nettverksproblemer-ogsa-for-Fastweb-og-scaled.jpg\",\"datePublished\":\"2025-12-17T14:50:39+00:00\",\"dateModified\":\"2025-12-17T14:50:49+00:00\",\"breadcrumb\":{\"@id\":\"https:\/\/nordnesrepublikken.no\/index.php\/2025\/12\/17\/vodafone-nede-i-hele-italia-nettverksproblemer-ogsa-for-fastweb-og-jeg-har-mobil-hva-skjer\/#breadcrumb\"},\"inLanguage\":\"nb-NO\",\"potentialAction\":[{\"@type\":\"ReadAction\",\"target\":[\"https:\/\/nordnesrepublikken.no\/index.php\/2025\/12\/17\/vodafone-nede-i-hele-italia-nettverksproblemer-ogsa-for-fastweb-og-jeg-har-mobil-hva-skjer\/\"]}]},{\"@type\":\"ImageObject\",\"inLanguage\":\"nb-NO\",\"@id\":\"https:\/\/nordnesrepublikken.no\/index.php\/2025\/12\/17\/vodafone-nede-i-hele-italia-nettverksproblemer-ogsa-for-fastweb-og-jeg-har-mobil-hva-skjer\/#primaryimage\",\"url\":\"https:\/\/nordnesrepublikken.no\/wp-content\/uploads\/2025\/12\/1765983040_Vodafone-nede-i-hele-Italia-nettverksproblemer-ogsa-for-Fastweb-og-scaled.jpg\",\"contentUrl\":\"https:\/\/nordnesrepublikken.no\/wp-content\/uploads\/2025\/12\/1765983040_Vodafone-nede-i-hele-Italia-nettverksproblemer-ogsa-for-Fastweb-og-scaled.jpg\",\"width\":2560,\"height\":1707,\"caption\":\"Vodafone nede i hele Italia, nettverksproblemer ogs\u00e5 for Fastweb og jeg har. Mobil: hva skjer\"},{\"@type\":\"BreadcrumbList\",\"@id\":\"https:\/\/nordnesrepublikken.no\/index.php\/2025\/12\/17\/vodafone-nede-i-hele-italia-nettverksproblemer-ogsa-for-fastweb-og-jeg-har-mobil-hva-skjer\/#breadcrumb\",\"itemListElement\":[{\"@type\":\"ListItem\",\"position\":1,\"name\":\"Home\",\"item\":\"https:\/\/nordnesrepublikken.no\/\"},{\"@type\":\"ListItem\",\"position\":2,\"name\":\"Vodafone nede i hele Italia, nettverksproblemer ogs\u00e5 for Fastweb og jeg har. Mobil: hva skjer\"}]},{\"@type\":\"WebSite\",\"@id\":\"https:\/\/nordnesrepublikken.no\/#website\",\"url\":\"https:\/\/nordnesrepublikken.no\/\",\"name\":\"Nordnesrepublikken\",\"description\":\"Stemmer og Visjoner fra Republikkens Hjerte\",\"publisher\":{\"@id\":\"https:\/\/nordnesrepublikken.no\/#organization\"},\"potentialAction\":[{\"@type\":\"SearchAction\",\"target\":{\"@type\":\"EntryPoint\",\"urlTemplate\":\"https:\/\/nordnesrepublikken.no\/?s={search_term_string}\"},\"query-input\":{\"@type\":\"PropertyValueSpecification\",\"valueRequired\":true,\"valueName\":\"search_term_string\"}}],\"inLanguage\":\"nb-NO\"},{\"@type\":\"Organization\",\"@id\":\"https:\/\/nordnesrepublikken.no\/#organization\",\"name\":\"Nordnesrepublikken\",\"url\":\"https:\/\/nordnesrepublikken.no\/\",\"logo\":{\"@type\":\"ImageObject\",\"inLanguage\":\"nb-NO\",\"@id\":\"https:\/\/nordnesrepublikken.no\/#\/schema\/logo\/image\/\",\"url\":\"https:\/\/nordnesrepublikken.no\/wp-content\/uploads\/2025\/02\/cropped-nordnesrepublikken-2.png\",\"contentUrl\":\"https:\/\/nordnesrepublikken.no\/wp-content\/uploads\/2025\/02\/cropped-nordnesrepublikken-2.png\",\"width\":1248,\"height\":362,\"caption\":\"Nordnesrepublikken\"},\"image\":{\"@id\":\"https:\/\/nordnesrepublikken.no\/#\/schema\/logo\/image\/\"}},{\"@type\":\"Person\",\"@id\":\"https:\/\/nordnesrepublikken.no\/#\/schema\/person\/2e7e81935bab77882fffb79296240ff1\",\"name\":\"Ole Andersen\",\"image\":{\"@type\":\"ImageObject\",\"inLanguage\":\"nb-NO\",\"@id\":\"https:\/\/nordnesrepublikken.no\/#\/schema\/person\/image\/\",\"url\":\"https:\/\/nordnesrepublikken.no\/wp-content\/uploads\/2025\/02\/nordnesrepublikken-2-2-150x150.jpg\",\"contentUrl\":\"https:\/\/nordnesrepublikken.no\/wp-content\/uploads\/2025\/02\/nordnesrepublikken-2-2-150x150.jpg\",\"caption\":\"Ole Andersen\"},\"description\":\"Ettersom jeg vokste opp i Oslo, har jeg alltid v\u00e6rt fascinert av ordenes kraft og deres evne til \u00e5 skape endringer. Etter \u00e5 ha fullf\u00f8rt min utdannelse i kommunikasjon ved Universitetet i Bergen, fikk jeg muligheten til \u00e5 jobbe innen ulike medier, der jeg har s\u00f8kt \u00e5 belyse viktige samfunnssp\u00f8rsm\u00e5l. I dag, som redakt\u00f8r for Nordnesrepublikken, pr\u00f8ver jeg \u00e5 forene min kj\u00e6rlighet for journalistikk med min lidenskap for innovasjon og eventyr.\",\"sameAs\":[\"https:\/\/nordnesrepublikken.no\/\"]}]}<\/script>\n<!-- \/ Yoast SEO plugin. -->","yoast_head_json":{"title":"Vodafone nede i hele Italia, nettverksproblemer ogs\u00e5 for Fastweb og jeg har. Mobil: hva skjer - Nordnesrepublikken","robots":{"index":"index","follow":"follow","max-snippet":"max-snippet:-1","max-image-preview":"max-image-preview:large","max-video-preview":"max-video-preview:-1"},"canonical":"https:\/\/nordnesrepublikken.no\/index.php\/2025\/12\/17\/vodafone-nede-i-hele-italia-nettverksproblemer-ogsa-for-fastweb-og-jeg-har-mobil-hva-skjer\/","og_locale":"nb_NO","og_type":"article","og_title":"Vodafone nede i hele Italia, nettverksproblemer ogs\u00e5 for Fastweb og jeg har. Mobil: hva skjer - Nordnesrepublikken","og_description":"Gi henne 10.30 av i dag 17. desember 2025 operat\u00f8ren Vodafone opplever en nedgang i","og_url":"https:\/\/nordnesrepublikken.no\/index.php\/2025\/12\/17\/vodafone-nede-i-hele-italia-nettverksproblemer-ogsa-for-fastweb-og-jeg-har-mobil-hva-skjer\/","og_site_name":"Nordnesrepublikken","article_published_time":"2025-12-17T14:50:39+00:00","article_modified_time":"2025-12-17T14:50:49+00:00","og_image":[{"width":2560,"height":1707,"url":"https:\/\/nordnesrepublikken.no\/wp-content\/uploads\/2025\/12\/1765983040_Vodafone-nede-i-hele-Italia-nettverksproblemer-ogsa-for-Fastweb-og-scaled.jpg","type":"image\/jpeg"}],"author":"Ole Andersen","twitter_card":"summary_large_image","twitter_misc":{"Skrevet av":"Ole Andersen","Ansl. lesetid":"1 minutt"},"schema":{"@context":"https:\/\/schema.org","@graph":[{"@type":"Article","@id":"https:\/\/nordnesrepublikken.no\/index.php\/2025\/12\/17\/vodafone-nede-i-hele-italia-nettverksproblemer-ogsa-for-fastweb-og-jeg-har-mobil-hva-skjer\/#article","isPartOf":{"@id":"https:\/\/nordnesrepublikken.no\/index.php\/2025\/12\/17\/vodafone-nede-i-hele-italia-nettverksproblemer-ogsa-for-fastweb-og-jeg-har-mobil-hva-skjer\/"},"author":{"name":"Ole Andersen","@id":"https:\/\/nordnesrepublikken.no\/#\/schema\/person\/2e7e81935bab77882fffb79296240ff1"},"headline":"Vodafone nede i hele Italia, nettverksproblemer ogs\u00e5 for Fastweb og jeg har. Mobil: hva skjer","datePublished":"2025-12-17T14:50:39+00:00","dateModified":"2025-12-17T14:50:49+00:00","mainEntityOfPage":{"@id":"https:\/\/nordnesrepublikken.no\/index.php\/2025\/12\/17\/vodafone-nede-i-hele-italia-nettverksproblemer-ogsa-for-fastweb-og-jeg-har-mobil-hva-skjer\/"},"wordCount":228,"publisher":{"@id":"https:\/\/nordnesrepublikken.no\/#organization"},"image":{"@id":"https:\/\/nordnesrepublikken.no\/index.php\/2025\/12\/17\/vodafone-nede-i-hele-italia-nettverksproblemer-ogsa-for-fastweb-og-jeg-har-mobil-hva-skjer\/#primaryimage"},"thumbnailUrl":"https:\/\/nordnesrepublikken.no\/wp-content\/uploads\/2025\/12\/1765983040_Vodafone-nede-i-hele-Italia-nettverksproblemer-ogsa-for-Fastweb-og-scaled.jpg","keywords":["Fastweb","har","hele","Hva","Italia","jeg","Mobil","nede","nettverksproblemer","ogs\u00e5","skjer","Vodafone"],"articleSection":["Teknologi"],"inLanguage":"nb-NO"},{"@type":"WebPage","@id":"https:\/\/nordnesrepublikken.no\/index.php\/2025\/12\/17\/vodafone-nede-i-hele-italia-nettverksproblemer-ogsa-for-fastweb-og-jeg-har-mobil-hva-skjer\/","url":"https:\/\/nordnesrepublikken.no\/index.php\/2025\/12\/17\/vodafone-nede-i-hele-italia-nettverksproblemer-ogsa-for-fastweb-og-jeg-har-mobil-hva-skjer\/","name":"Vodafone nede i hele Italia, nettverksproblemer ogs\u00e5 for Fastweb og jeg har. Mobil: hva skjer - Nordnesrepublikken","isPartOf":{"@id":"https:\/\/nordnesrepublikken.no\/#website"},"primaryImageOfPage":{"@id":"https:\/\/nordnesrepublikken.no\/index.php\/2025\/12\/17\/vodafone-nede-i-hele-italia-nettverksproblemer-ogsa-for-fastweb-og-jeg-har-mobil-hva-skjer\/#primaryimage"},"image":{"@id":"https:\/\/nordnesrepublikken.no\/index.php\/2025\/12\/17\/vodafone-nede-i-hele-italia-nettverksproblemer-ogsa-for-fastweb-og-jeg-har-mobil-hva-skjer\/#primaryimage"},"thumbnailUrl":"https:\/\/nordnesrepublikken.no\/wp-content\/uploads\/2025\/12\/1765983040_Vodafone-nede-i-hele-Italia-nettverksproblemer-ogsa-for-Fastweb-og-scaled.jpg","datePublished":"2025-12-17T14:50:39+00:00","dateModified":"2025-12-17T14:50:49+00:00","breadcrumb":{"@id":"https:\/\/nordnesrepublikken.no\/index.php\/2025\/12\/17\/vodafone-nede-i-hele-italia-nettverksproblemer-ogsa-for-fastweb-og-jeg-har-mobil-hva-skjer\/#breadcrumb"},"inLanguage":"nb-NO","potentialAction":[{"@type":"ReadAction","target":["https:\/\/nordnesrepublikken.no\/index.php\/2025\/12\/17\/vodafone-nede-i-hele-italia-nettverksproblemer-ogsa-for-fastweb-og-jeg-har-mobil-hva-skjer\/"]}]},{"@type":"ImageObject","inLanguage":"nb-NO","@id":"https:\/\/nordnesrepublikken.no\/index.php\/2025\/12\/17\/vodafone-nede-i-hele-italia-nettverksproblemer-ogsa-for-fastweb-og-jeg-har-mobil-hva-skjer\/#primaryimage","url":"https:\/\/nordnesrepublikken.no\/wp-content\/uploads\/2025\/12\/1765983040_Vodafone-nede-i-hele-Italia-nettverksproblemer-ogsa-for-Fastweb-og-scaled.jpg","contentUrl":"https:\/\/nordnesrepublikken.no\/wp-content\/uploads\/2025\/12\/1765983040_Vodafone-nede-i-hele-Italia-nettverksproblemer-ogsa-for-Fastweb-og-scaled.jpg","width":2560,"height":1707,"caption":"Vodafone nede i hele Italia, nettverksproblemer ogs\u00e5 for Fastweb og jeg har. Mobil: hva skjer"},{"@type":"BreadcrumbList","@id":"https:\/\/nordnesrepublikken.no\/index.php\/2025\/12\/17\/vodafone-nede-i-hele-italia-nettverksproblemer-ogsa-for-fastweb-og-jeg-har-mobil-hva-skjer\/#breadcrumb","itemListElement":[{"@type":"ListItem","position":1,"name":"Home","item":"https:\/\/nordnesrepublikken.no\/"},{"@type":"ListItem","position":2,"name":"Vodafone nede i hele Italia, nettverksproblemer ogs\u00e5 for Fastweb og jeg har. Mobil: hva skjer"}]},{"@type":"WebSite","@id":"https:\/\/nordnesrepublikken.no\/#website","url":"https:\/\/nordnesrepublikken.no\/","name":"Nordnesrepublikken","description":"Stemmer og Visjoner fra Republikkens Hjerte","publisher":{"@id":"https:\/\/nordnesrepublikken.no\/#organization"},"potentialAction":[{"@type":"SearchAction","target":{"@type":"EntryPoint","urlTemplate":"https:\/\/nordnesrepublikken.no\/?s={search_term_string}"},"query-input":{"@type":"PropertyValueSpecification","valueRequired":true,"valueName":"search_term_string"}}],"inLanguage":"nb-NO"},{"@type":"Organization","@id":"https:\/\/nordnesrepublikken.no\/#organization","name":"Nordnesrepublikken","url":"https:\/\/nordnesrepublikken.no\/","logo":{"@type":"ImageObject","inLanguage":"nb-NO","@id":"https:\/\/nordnesrepublikken.no\/#\/schema\/logo\/image\/","url":"https:\/\/nordnesrepublikken.no\/wp-content\/uploads\/2025\/02\/cropped-nordnesrepublikken-2.png","contentUrl":"https:\/\/nordnesrepublikken.no\/wp-content\/uploads\/2025\/02\/cropped-nordnesrepublikken-2.png","width":1248,"height":362,"caption":"Nordnesrepublikken"},"image":{"@id":"https:\/\/nordnesrepublikken.no\/#\/schema\/logo\/image\/"}},{"@type":"Person","@id":"https:\/\/nordnesrepublikken.no\/#\/schema\/person\/2e7e81935bab77882fffb79296240ff1","name":"Ole Andersen","image":{"@type":"ImageObject","inLanguage":"nb-NO","@id":"https:\/\/nordnesrepublikken.no\/#\/schema\/person\/image\/","url":"https:\/\/nordnesrepublikken.no\/wp-content\/uploads\/2025\/02\/nordnesrepublikken-2-2-150x150.jpg","contentUrl":"https:\/\/nordnesrepublikken.no\/wp-content\/uploads\/2025\/02\/nordnesrepublikken-2-2-150x150.jpg","caption":"Ole Andersen"},"description":"Ettersom jeg vokste opp i Oslo, har jeg alltid v\u00e6rt fascinert av ordenes kraft og deres evne til \u00e5 skape endringer. Etter \u00e5 ha fullf\u00f8rt min utdannelse i kommunikasjon ved Universitetet i Bergen, fikk jeg muligheten til \u00e5 jobbe innen ulike medier, der jeg har s\u00f8kt \u00e5 belyse viktige samfunnssp\u00f8rsm\u00e5l. I dag, som redakt\u00f8r for Nordnesrepublikken, pr\u00f8ver jeg \u00e5 forene min kj\u00e6rlighet for journalistikk med min lidenskap for innovasjon og eventyr.","sameAs":["https:\/\/nordnesrepublikken.no\/"]}]}},"_links":{"self":[{"href":"https:\/\/nordnesrepublikken.no\/index.php\/wp-json\/wp\/v2\/posts\/12905","targetHints":{"allow":["GET"]}}],"collection":[{"href":"https:\/\/nordnesrepublikken.no\/index.php\/wp-json\/wp\/v2\/posts"}],"about":[{"href":"https:\/\/nordnesrepublikken.no\/index.php\/wp-json\/wp\/v2\/types\/post"}],"author":[{"embeddable":true,"href":"https:\/\/nordnesrepublikken.no\/index.php\/wp-json\/wp\/v2\/users\/1"}],"replies":[{"embeddable":true,"href":"https:\/\/nordnesrepublikken.no\/index.php\/wp-json\/wp\/v2\/comments?post=12905"}],"version-history":[{"count":1,"href":"https:\/\/nordnesrepublikken.no\/index.php\/wp-json\/wp\/v2\/posts\/12905\/revisions"}],"predecessor-version":[{"id":12907,"href":"https:\/\/nordnesrepublikken.no\/index.php\/wp-json\/wp\/v2\/posts\/12905\/revisions\/12907"}],"wp:featuredmedia":[{"embeddable":true,"href":"https:\/\/nordnesrepublikken.no\/index.php\/wp-json\/wp\/v2\/media\/12906"}],"wp:attachment":[{"href":"https:\/\/nordnesrepublikken.no\/index.php\/wp-json\/wp\/v2\/media?parent=12905"}],"wp:term":[{"taxonomy":"category","embeddable":true,"href":"https:\/\/nordnesrepublikken.no\/index.php\/wp-json\/wp\/v2\/categories?post=12905"},{"taxonomy":"post_tag","embeddable":true,"href":"https:\/\/nordnesrepublikken.no\/index.php\/wp-json\/wp\/v2\/tags?post=12905"}],"curies":[{"name":"wp","href":"https:\/\/api.w.org\/{rel}","templated":true}]}}