{"id":12902,"date":"2025-12-17T14:50:50","date_gmt":"2025-12-17T13:50:50","guid":{"rendered":"https:\/\/nordnesrepublikken.no\/index.php\/2025\/12\/17\/hvor-skal-de-193-millioner-italienerne-som-reiser-i-juleferien-ga-federalberghi-rapporten\/"},"modified":"2025-12-17T14:50:52","modified_gmt":"2025-12-17T13:50:52","slug":"hvor-skal-de-193-millioner-italienerne-som-reiser-i-juleferien-ga-federalberghi-rapporten","status":"publish","type":"post","link":"https:\/\/nordnesrepublikken.no\/index.php\/2025\/12\/17\/hvor-skal-de-193-millioner-italienerne-som-reiser-i-juleferien-ga-federalberghi-rapporten\/","title":{"rendered":"Hvor skal de 19,3 millioner italienerne som reiser i juleferien g\u00e5: Federalberghi-rapporten"},"content":{"rendered":"<div>\n<div class=\"cp_wrapper cp_wrapper--fw mb-30 mb-20@tablet\">\n<figure class=\"mm\"><picture class=\"img\" style=\"padding-top:56.25%\"><source  media=\"(min-width: 1024px)\"><source  media=\"(min-width: 768px)\"><\/source><\/source><\/picture><\/figure>\n<\/p><\/div>\n<p>Nytt tr\u00f8kk for turisme under <strong>julen 2025<\/strong>: if\u00f8lge rapporten som nettopp ble publisert av Federalberghi, vil de ha det bra i \u00e5r <b>19,3 millioner<\/b> Italienere som reiser mellom jul og<strong>Helligtrekonger<\/strong>og genererer en total omsetning p\u00e5 nesten i <b>16,3 milliarder euro<\/b>.<\/p>\n<p>I motsetning til sommerperioden, hvor utenlandske reisem\u00e5l ble favorisert, for vinterferier <strong>91 %<\/strong> av reisende <strong>blir i Italia <\/strong>\u2013 med fjell og kunstbyer som hovedm\u00e5l \u2013 alene <strong>9 %<\/strong> vil velge et sted <strong>fremmed<\/strong>generelt i Europa.<\/p>\n<p>Generelt sett er bildet som fremkommer av unders\u00f8kelsen positivt, med ca<strong> 1 million flere reisende sammenlignet med 2024: <\/strong>de fleste av dem vil imidlertid unng\u00e5 lange reiser, velge \u00e5 bes\u00f8ke steder ikke s\u00e5 langt fra boligen og foretrekke kunstbyer eller reisem\u00e5l med julemarkeder.<\/p>\n<h2>Italienernes favorittdestinasjoner for julen 2025<\/h2>\n<p>Totalt sett blir de det<strong> 19 millioner og 270 tusen italienere<\/strong> som skal bevege seg gjennom <strong>ferie<\/strong> av slutten av \u00e5ret. Av disse <strong>7 millioner 860 tusen<\/strong> de skal reise til juleferien, <strong>4 millioner 550 tusen<\/strong> de vil velge dagene rundt nytt\u00e5rsaften, mens<strong> 5 millioner og 870 tusen<\/strong> de vil velge en &laquo;lang ferie&raquo;, som inkluderer minst to ferier.<\/p>\n<p>Men hvor skal italienerne g\u00e5? De <strong>91 % av reisende vil bo i Italia<\/strong>ved \u00e5 velge som hoveddestinasjon <strong>fjell<\/strong> (33,7 % for nytt\u00e5rsaften og 28,7 % for jul), en <strong>kunstens by<\/strong> (25,3 % for nytt\u00e5rsaften og 12,7 % for jul) el <strong>sj\u00f8<\/strong> (10,1 % for nytt\u00e5rsaften og 25,2 % for jul).<\/p>\n<p>9 % av italienerne vil imidlertid velge en utenlandsk destinasjon: i dette tilfellet vil flertallet av reisende (84,1 % for nytt\u00e5rsaften og 58,3 % for jul) bes\u00f8ke en <strong>stor europeisk hovedstad<\/strong>fra Paris til Madrid. Ogs\u00e5 verdt \u00e5 vurdere er <strong>Europeiske forn\u00f8yelsesparker<\/strong>blant favorittdestinasjonene, spesielt p\u00e5 dagene n\u00e6r 25. desember.<\/p>\n<div class=\"cp_wrapper cp_wrapper--fw mb-50\">\n<figure class=\"mm\"><picture class=\"img\" style=\"padding-top:69.230769230769%\"><source  media=\"(min-width: 1024px)\"><source  media=\"(min-width: 768px)\"><img decoding=\"async\" loading=\"lazy\" src=\"https:\/\/nordnesrepublikken.no\/wp-content\/uploads\/2025\/12\/1765979450_829_Hvor-skal-de-193-millioner-italienerne-som-reiser-i-juleferien.jpg\" alt=\"Bilde\" width=\"3250\" height=\"2250\"\/><\/source><\/source><\/picture><\/figure>\n<\/p><\/div>\n<p>Generelt vil 1 million flere italienere reise sammenlignet med julen 2024, selv om varigheten av ferien <strong>ferien vil gjerne bli kortere.<\/strong><\/p>\n<h2>Mellom jul og helligtrekonger: r\u00f8de klistremerkedager og gjennomsnittlig forbruk<\/h2>\n<p>If\u00f8lge Federalberghi vil det v\u00e6re to \u00f8yeblikk med stor topp n\u00e5r det gjelder avganger: dagene fra <strong>r\u00f8d prikk<\/strong> de vil v\u00e6re<strong> 22. og 23. desember<\/strong>p\u00e5 grunn av f\u00f8rjulsavganger, mens mellom kl<strong> 29. og 30. desember<\/strong> vi vil n\u00e5 toppen av reisende som skal reise for \u00e5 feire nytt\u00e5rsaften.<\/p>\n<p>Som forventet vil den totale omsetningen v\u00e6re 16,3 milliarder euro: for ferien alene <strong>jul<\/strong> de vil v\u00e6re skjebnebestemt <strong>4,1 milliarder<\/strong> av euro, mens for <strong>nytt\u00e5r<\/strong> de vil overvinne hverandre<strong> de 3 milliarder<\/strong> av euro. Til disse skal legges 8,7 milliarder euro for de som velger den lange ferien.<\/p>\n<p>Fra et budsjettsynspunkt, derimot, for opphold begrenset til juletiden <strong>gjennomsnittlig utgift per innbygger<\/strong> det blir ca <strong>526 euro<\/strong> (460 euro for de som blir i Italia og 1 765 euro for de som skal til utlandet), hovedsakelig beregnet p\u00e5 reiser (27,8 % av det totale forbruket) og m\u00e5ltider (26,4 %).<\/p>\n<p>Italienere som skal reise i l\u00f8pet av <strong>nytt\u00e5r<\/strong>i stedet vil de bruke i gjennomsnitt<strong> 672 euro hver<\/strong> (563 euro for de som skal bli i Italia og 1 303 euro for de som skal til utlandet). I dette tilfellet vil budsjettet hovedsakelig fokusere p\u00e5 m\u00e5ltider (29,6 % av de totale utgiftene) og overnatting (22,1 %).<\/p>\n<p>For \u00e5 lukke, de som skal lage en &laquo;<strong>lang ferie<\/strong>\u201d, fra jul til helligtrekonger: i dette tilfellet vil den gjennomsnittlige utgiften v\u00e6re <strong>1.482 euro per person<\/strong> (tilsvarer 1 320 euro for de som blir v\u00e6rende i Italia og 2 963 euro for de som skal til utlandet).<\/p>\n<\/p><\/div>\n","protected":false},"excerpt":{"rendered":"<p>Nytt tr\u00f8kk for turisme under julen 2025: if\u00f8lge rapporten som nettopp ble publisert av Federalberghi,<\/p>\n","protected":false},"author":1,"featured_media":12903,"comment_status":"closed","ping_status":"open","sticky":false,"template":"","format":"standard","meta":{"footnotes":""},"categories":[104],"tags":[8490,698,449,4336,8489,34,4267,741,31],"class_list":["post-12902","post","type-post","status-publish","format-standard","has-post-thumbnail","hentry","category-samfunn","tag-federalberghirapporten","tag-ga","tag-hvor","tag-italienerne","tag-juleferien","tag-millioner","tag-reiser","tag-skal","tag-som","generate-columns","tablet-grid-50","mobile-grid-100","grid-parent","grid-33","resize-featured-image"],"yoast_head":"<!-- This site is optimized with the Yoast SEO plugin v24.4 - https:\/\/yoast.com\/wordpress\/plugins\/seo\/ -->\n<title>Hvor skal de 19,3 millioner italienerne som reiser i juleferien g\u00e5: Federalberghi-rapporten - Nordnesrepublikken<\/title>\n<meta name=\"robots\" content=\"index, follow, max-snippet:-1, max-image-preview:large, max-video-preview:-1\" \/>\n<link rel=\"canonical\" href=\"https:\/\/nordnesrepublikken.no\/index.php\/2025\/12\/17\/hvor-skal-de-193-millioner-italienerne-som-reiser-i-juleferien-ga-federalberghi-rapporten\/\" \/>\n<meta property=\"og:locale\" content=\"nb_NO\" \/>\n<meta property=\"og:type\" content=\"article\" \/>\n<meta property=\"og:title\" content=\"Hvor skal de 19,3 millioner italienerne som reiser i juleferien g\u00e5: Federalberghi-rapporten - Nordnesrepublikken\" \/>\n<meta property=\"og:description\" content=\"Nytt tr\u00f8kk for turisme under julen 2025: if\u00f8lge rapporten som nettopp ble publisert av Federalberghi,\" \/>\n<meta property=\"og:url\" content=\"https:\/\/nordnesrepublikken.no\/index.php\/2025\/12\/17\/hvor-skal-de-193-millioner-italienerne-som-reiser-i-juleferien-ga-federalberghi-rapporten\/\" \/>\n<meta property=\"og:site_name\" content=\"Nordnesrepublikken\" \/>\n<meta property=\"article:published_time\" content=\"2025-12-17T13:50:50+00:00\" \/>\n<meta property=\"article:modified_time\" content=\"2025-12-17T13:50:52+00:00\" \/>\n<meta property=\"og:image\" content=\"https:\/\/nordnesrepublikken.no\/wp-content\/uploads\/2025\/12\/1765979451_Hvor-skal-de-193-millioner-italienerne-som-reiser-i-juleferien.jpg\" \/>\n\t<meta property=\"og:image:width\" content=\"1890\" \/>\n\t<meta property=\"og:image:height\" content=\"1063\" \/>\n\t<meta property=\"og:image:type\" content=\"image\/jpeg\" \/>\n<meta name=\"author\" content=\"Ole Andersen\" \/>\n<meta name=\"twitter:card\" content=\"summary_large_image\" \/>\n<meta name=\"twitter:label1\" content=\"Skrevet av\" \/>\n\t<meta name=\"twitter:data1\" content=\"Ole Andersen\" \/>\n\t<meta name=\"twitter:label2\" content=\"Ansl. lesetid\" \/>\n\t<meta name=\"twitter:data2\" content=\"3 minutter\" \/>\n<script type=\"application\/ld+json\" class=\"yoast-schema-graph\">{\"@context\":\"https:\/\/schema.org\",\"@graph\":[{\"@type\":\"Article\",\"@id\":\"https:\/\/nordnesrepublikken.no\/index.php\/2025\/12\/17\/hvor-skal-de-193-millioner-italienerne-som-reiser-i-juleferien-ga-federalberghi-rapporten\/#article\",\"isPartOf\":{\"@id\":\"https:\/\/nordnesrepublikken.no\/index.php\/2025\/12\/17\/hvor-skal-de-193-millioner-italienerne-som-reiser-i-juleferien-ga-federalberghi-rapporten\/\"},\"author\":{\"name\":\"Ole Andersen\",\"@id\":\"https:\/\/nordnesrepublikken.no\/#\/schema\/person\/2e7e81935bab77882fffb79296240ff1\"},\"headline\":\"Hvor skal de 19,3 millioner italienerne som reiser i juleferien g\u00e5: Federalberghi-rapporten\",\"datePublished\":\"2025-12-17T13:50:50+00:00\",\"dateModified\":\"2025-12-17T13:50:52+00:00\",\"mainEntityOfPage\":{\"@id\":\"https:\/\/nordnesrepublikken.no\/index.php\/2025\/12\/17\/hvor-skal-de-193-millioner-italienerne-som-reiser-i-juleferien-ga-federalberghi-rapporten\/\"},\"wordCount\":526,\"publisher\":{\"@id\":\"https:\/\/nordnesrepublikken.no\/#organization\"},\"image\":{\"@id\":\"https:\/\/nordnesrepublikken.no\/index.php\/2025\/12\/17\/hvor-skal-de-193-millioner-italienerne-som-reiser-i-juleferien-ga-federalberghi-rapporten\/#primaryimage\"},\"thumbnailUrl\":\"https:\/\/nordnesrepublikken.no\/wp-content\/uploads\/2025\/12\/1765979451_Hvor-skal-de-193-millioner-italienerne-som-reiser-i-juleferien.jpg\",\"keywords\":[\"Federalberghirapporten\",\"g\u00e5\",\"hvor\",\"italienerne\",\"juleferien\",\"millioner\",\"Reiser\",\"skal\",\"som\"],\"articleSection\":[\"Samfunn\"],\"inLanguage\":\"nb-NO\"},{\"@type\":\"WebPage\",\"@id\":\"https:\/\/nordnesrepublikken.no\/index.php\/2025\/12\/17\/hvor-skal-de-193-millioner-italienerne-som-reiser-i-juleferien-ga-federalberghi-rapporten\/\",\"url\":\"https:\/\/nordnesrepublikken.no\/index.php\/2025\/12\/17\/hvor-skal-de-193-millioner-italienerne-som-reiser-i-juleferien-ga-federalberghi-rapporten\/\",\"name\":\"Hvor skal de 19,3 millioner italienerne som reiser i juleferien g\u00e5: Federalberghi-rapporten - Nordnesrepublikken\",\"isPartOf\":{\"@id\":\"https:\/\/nordnesrepublikken.no\/#website\"},\"primaryImageOfPage\":{\"@id\":\"https:\/\/nordnesrepublikken.no\/index.php\/2025\/12\/17\/hvor-skal-de-193-millioner-italienerne-som-reiser-i-juleferien-ga-federalberghi-rapporten\/#primaryimage\"},\"image\":{\"@id\":\"https:\/\/nordnesrepublikken.no\/index.php\/2025\/12\/17\/hvor-skal-de-193-millioner-italienerne-som-reiser-i-juleferien-ga-federalberghi-rapporten\/#primaryimage\"},\"thumbnailUrl\":\"https:\/\/nordnesrepublikken.no\/wp-content\/uploads\/2025\/12\/1765979451_Hvor-skal-de-193-millioner-italienerne-som-reiser-i-juleferien.jpg\",\"datePublished\":\"2025-12-17T13:50:50+00:00\",\"dateModified\":\"2025-12-17T13:50:52+00:00\",\"breadcrumb\":{\"@id\":\"https:\/\/nordnesrepublikken.no\/index.php\/2025\/12\/17\/hvor-skal-de-193-millioner-italienerne-som-reiser-i-juleferien-ga-federalberghi-rapporten\/#breadcrumb\"},\"inLanguage\":\"nb-NO\",\"potentialAction\":[{\"@type\":\"ReadAction\",\"target\":[\"https:\/\/nordnesrepublikken.no\/index.php\/2025\/12\/17\/hvor-skal-de-193-millioner-italienerne-som-reiser-i-juleferien-ga-federalberghi-rapporten\/\"]}]},{\"@type\":\"ImageObject\",\"inLanguage\":\"nb-NO\",\"@id\":\"https:\/\/nordnesrepublikken.no\/index.php\/2025\/12\/17\/hvor-skal-de-193-millioner-italienerne-som-reiser-i-juleferien-ga-federalberghi-rapporten\/#primaryimage\",\"url\":\"https:\/\/nordnesrepublikken.no\/wp-content\/uploads\/2025\/12\/1765979451_Hvor-skal-de-193-millioner-italienerne-som-reiser-i-juleferien.jpg\",\"contentUrl\":\"https:\/\/nordnesrepublikken.no\/wp-content\/uploads\/2025\/12\/1765979451_Hvor-skal-de-193-millioner-italienerne-som-reiser-i-juleferien.jpg\",\"width\":1890,\"height\":1063,\"caption\":\"Hvor skal de 19,3 millioner italienerne som reiser i juleferien g\u00e5: Federalberghi-rapporten\"},{\"@type\":\"BreadcrumbList\",\"@id\":\"https:\/\/nordnesrepublikken.no\/index.php\/2025\/12\/17\/hvor-skal-de-193-millioner-italienerne-som-reiser-i-juleferien-ga-federalberghi-rapporten\/#breadcrumb\",\"itemListElement\":[{\"@type\":\"ListItem\",\"position\":1,\"name\":\"Home\",\"item\":\"https:\/\/nordnesrepublikken.no\/\"},{\"@type\":\"ListItem\",\"position\":2,\"name\":\"Hvor skal de 19,3 millioner italienerne som reiser i juleferien g\u00e5: Federalberghi-rapporten\"}]},{\"@type\":\"WebSite\",\"@id\":\"https:\/\/nordnesrepublikken.no\/#website\",\"url\":\"https:\/\/nordnesrepublikken.no\/\",\"name\":\"Nordnesrepublikken\",\"description\":\"Stemmer og Visjoner fra Republikkens Hjerte\",\"publisher\":{\"@id\":\"https:\/\/nordnesrepublikken.no\/#organization\"},\"potentialAction\":[{\"@type\":\"SearchAction\",\"target\":{\"@type\":\"EntryPoint\",\"urlTemplate\":\"https:\/\/nordnesrepublikken.no\/?s={search_term_string}\"},\"query-input\":{\"@type\":\"PropertyValueSpecification\",\"valueRequired\":true,\"valueName\":\"search_term_string\"}}],\"inLanguage\":\"nb-NO\"},{\"@type\":\"Organization\",\"@id\":\"https:\/\/nordnesrepublikken.no\/#organization\",\"name\":\"Nordnesrepublikken\",\"url\":\"https:\/\/nordnesrepublikken.no\/\",\"logo\":{\"@type\":\"ImageObject\",\"inLanguage\":\"nb-NO\",\"@id\":\"https:\/\/nordnesrepublikken.no\/#\/schema\/logo\/image\/\",\"url\":\"https:\/\/nordnesrepublikken.no\/wp-content\/uploads\/2025\/02\/cropped-nordnesrepublikken-2.png\",\"contentUrl\":\"https:\/\/nordnesrepublikken.no\/wp-content\/uploads\/2025\/02\/cropped-nordnesrepublikken-2.png\",\"width\":1248,\"height\":362,\"caption\":\"Nordnesrepublikken\"},\"image\":{\"@id\":\"https:\/\/nordnesrepublikken.no\/#\/schema\/logo\/image\/\"}},{\"@type\":\"Person\",\"@id\":\"https:\/\/nordnesrepublikken.no\/#\/schema\/person\/2e7e81935bab77882fffb79296240ff1\",\"name\":\"Ole Andersen\",\"image\":{\"@type\":\"ImageObject\",\"inLanguage\":\"nb-NO\",\"@id\":\"https:\/\/nordnesrepublikken.no\/#\/schema\/person\/image\/\",\"url\":\"https:\/\/nordnesrepublikken.no\/wp-content\/uploads\/2025\/02\/nordnesrepublikken-2-2-150x150.jpg\",\"contentUrl\":\"https:\/\/nordnesrepublikken.no\/wp-content\/uploads\/2025\/02\/nordnesrepublikken-2-2-150x150.jpg\",\"caption\":\"Ole Andersen\"},\"description\":\"Ettersom jeg vokste opp i Oslo, har jeg alltid v\u00e6rt fascinert av ordenes kraft og deres evne til \u00e5 skape endringer. Etter \u00e5 ha fullf\u00f8rt min utdannelse i kommunikasjon ved Universitetet i Bergen, fikk jeg muligheten til \u00e5 jobbe innen ulike medier, der jeg har s\u00f8kt \u00e5 belyse viktige samfunnssp\u00f8rsm\u00e5l. I dag, som redakt\u00f8r for Nordnesrepublikken, pr\u00f8ver jeg \u00e5 forene min kj\u00e6rlighet for journalistikk med min lidenskap for innovasjon og eventyr.\",\"sameAs\":[\"https:\/\/nordnesrepublikken.no\/\"]}]}<\/script>\n<!-- \/ Yoast SEO plugin. -->","yoast_head_json":{"title":"Hvor skal de 19,3 millioner italienerne som reiser i juleferien g\u00e5: Federalberghi-rapporten - Nordnesrepublikken","robots":{"index":"index","follow":"follow","max-snippet":"max-snippet:-1","max-image-preview":"max-image-preview:large","max-video-preview":"max-video-preview:-1"},"canonical":"https:\/\/nordnesrepublikken.no\/index.php\/2025\/12\/17\/hvor-skal-de-193-millioner-italienerne-som-reiser-i-juleferien-ga-federalberghi-rapporten\/","og_locale":"nb_NO","og_type":"article","og_title":"Hvor skal de 19,3 millioner italienerne som reiser i juleferien g\u00e5: Federalberghi-rapporten - Nordnesrepublikken","og_description":"Nytt tr\u00f8kk for turisme under julen 2025: if\u00f8lge rapporten som nettopp ble publisert av Federalberghi,","og_url":"https:\/\/nordnesrepublikken.no\/index.php\/2025\/12\/17\/hvor-skal-de-193-millioner-italienerne-som-reiser-i-juleferien-ga-federalberghi-rapporten\/","og_site_name":"Nordnesrepublikken","article_published_time":"2025-12-17T13:50:50+00:00","article_modified_time":"2025-12-17T13:50:52+00:00","og_image":[{"width":1890,"height":1063,"url":"https:\/\/nordnesrepublikken.no\/wp-content\/uploads\/2025\/12\/1765979451_Hvor-skal-de-193-millioner-italienerne-som-reiser-i-juleferien.jpg","type":"image\/jpeg"}],"author":"Ole Andersen","twitter_card":"summary_large_image","twitter_misc":{"Skrevet av":"Ole Andersen","Ansl. lesetid":"3 minutter"},"schema":{"@context":"https:\/\/schema.org","@graph":[{"@type":"Article","@id":"https:\/\/nordnesrepublikken.no\/index.php\/2025\/12\/17\/hvor-skal-de-193-millioner-italienerne-som-reiser-i-juleferien-ga-federalberghi-rapporten\/#article","isPartOf":{"@id":"https:\/\/nordnesrepublikken.no\/index.php\/2025\/12\/17\/hvor-skal-de-193-millioner-italienerne-som-reiser-i-juleferien-ga-federalberghi-rapporten\/"},"author":{"name":"Ole Andersen","@id":"https:\/\/nordnesrepublikken.no\/#\/schema\/person\/2e7e81935bab77882fffb79296240ff1"},"headline":"Hvor skal de 19,3 millioner italienerne som reiser i juleferien g\u00e5: Federalberghi-rapporten","datePublished":"2025-12-17T13:50:50+00:00","dateModified":"2025-12-17T13:50:52+00:00","mainEntityOfPage":{"@id":"https:\/\/nordnesrepublikken.no\/index.php\/2025\/12\/17\/hvor-skal-de-193-millioner-italienerne-som-reiser-i-juleferien-ga-federalberghi-rapporten\/"},"wordCount":526,"publisher":{"@id":"https:\/\/nordnesrepublikken.no\/#organization"},"image":{"@id":"https:\/\/nordnesrepublikken.no\/index.php\/2025\/12\/17\/hvor-skal-de-193-millioner-italienerne-som-reiser-i-juleferien-ga-federalberghi-rapporten\/#primaryimage"},"thumbnailUrl":"https:\/\/nordnesrepublikken.no\/wp-content\/uploads\/2025\/12\/1765979451_Hvor-skal-de-193-millioner-italienerne-som-reiser-i-juleferien.jpg","keywords":["Federalberghirapporten","g\u00e5","hvor","italienerne","juleferien","millioner","Reiser","skal","som"],"articleSection":["Samfunn"],"inLanguage":"nb-NO"},{"@type":"WebPage","@id":"https:\/\/nordnesrepublikken.no\/index.php\/2025\/12\/17\/hvor-skal-de-193-millioner-italienerne-som-reiser-i-juleferien-ga-federalberghi-rapporten\/","url":"https:\/\/nordnesrepublikken.no\/index.php\/2025\/12\/17\/hvor-skal-de-193-millioner-italienerne-som-reiser-i-juleferien-ga-federalberghi-rapporten\/","name":"Hvor skal de 19,3 millioner italienerne som reiser i juleferien g\u00e5: Federalberghi-rapporten - Nordnesrepublikken","isPartOf":{"@id":"https:\/\/nordnesrepublikken.no\/#website"},"primaryImageOfPage":{"@id":"https:\/\/nordnesrepublikken.no\/index.php\/2025\/12\/17\/hvor-skal-de-193-millioner-italienerne-som-reiser-i-juleferien-ga-federalberghi-rapporten\/#primaryimage"},"image":{"@id":"https:\/\/nordnesrepublikken.no\/index.php\/2025\/12\/17\/hvor-skal-de-193-millioner-italienerne-som-reiser-i-juleferien-ga-federalberghi-rapporten\/#primaryimage"},"thumbnailUrl":"https:\/\/nordnesrepublikken.no\/wp-content\/uploads\/2025\/12\/1765979451_Hvor-skal-de-193-millioner-italienerne-som-reiser-i-juleferien.jpg","datePublished":"2025-12-17T13:50:50+00:00","dateModified":"2025-12-17T13:50:52+00:00","breadcrumb":{"@id":"https:\/\/nordnesrepublikken.no\/index.php\/2025\/12\/17\/hvor-skal-de-193-millioner-italienerne-som-reiser-i-juleferien-ga-federalberghi-rapporten\/#breadcrumb"},"inLanguage":"nb-NO","potentialAction":[{"@type":"ReadAction","target":["https:\/\/nordnesrepublikken.no\/index.php\/2025\/12\/17\/hvor-skal-de-193-millioner-italienerne-som-reiser-i-juleferien-ga-federalberghi-rapporten\/"]}]},{"@type":"ImageObject","inLanguage":"nb-NO","@id":"https:\/\/nordnesrepublikken.no\/index.php\/2025\/12\/17\/hvor-skal-de-193-millioner-italienerne-som-reiser-i-juleferien-ga-federalberghi-rapporten\/#primaryimage","url":"https:\/\/nordnesrepublikken.no\/wp-content\/uploads\/2025\/12\/1765979451_Hvor-skal-de-193-millioner-italienerne-som-reiser-i-juleferien.jpg","contentUrl":"https:\/\/nordnesrepublikken.no\/wp-content\/uploads\/2025\/12\/1765979451_Hvor-skal-de-193-millioner-italienerne-som-reiser-i-juleferien.jpg","width":1890,"height":1063,"caption":"Hvor skal de 19,3 millioner italienerne som reiser i juleferien g\u00e5: Federalberghi-rapporten"},{"@type":"BreadcrumbList","@id":"https:\/\/nordnesrepublikken.no\/index.php\/2025\/12\/17\/hvor-skal-de-193-millioner-italienerne-som-reiser-i-juleferien-ga-federalberghi-rapporten\/#breadcrumb","itemListElement":[{"@type":"ListItem","position":1,"name":"Home","item":"https:\/\/nordnesrepublikken.no\/"},{"@type":"ListItem","position":2,"name":"Hvor skal de 19,3 millioner italienerne som reiser i juleferien g\u00e5: Federalberghi-rapporten"}]},{"@type":"WebSite","@id":"https:\/\/nordnesrepublikken.no\/#website","url":"https:\/\/nordnesrepublikken.no\/","name":"Nordnesrepublikken","description":"Stemmer og Visjoner fra Republikkens Hjerte","publisher":{"@id":"https:\/\/nordnesrepublikken.no\/#organization"},"potentialAction":[{"@type":"SearchAction","target":{"@type":"EntryPoint","urlTemplate":"https:\/\/nordnesrepublikken.no\/?s={search_term_string}"},"query-input":{"@type":"PropertyValueSpecification","valueRequired":true,"valueName":"search_term_string"}}],"inLanguage":"nb-NO"},{"@type":"Organization","@id":"https:\/\/nordnesrepublikken.no\/#organization","name":"Nordnesrepublikken","url":"https:\/\/nordnesrepublikken.no\/","logo":{"@type":"ImageObject","inLanguage":"nb-NO","@id":"https:\/\/nordnesrepublikken.no\/#\/schema\/logo\/image\/","url":"https:\/\/nordnesrepublikken.no\/wp-content\/uploads\/2025\/02\/cropped-nordnesrepublikken-2.png","contentUrl":"https:\/\/nordnesrepublikken.no\/wp-content\/uploads\/2025\/02\/cropped-nordnesrepublikken-2.png","width":1248,"height":362,"caption":"Nordnesrepublikken"},"image":{"@id":"https:\/\/nordnesrepublikken.no\/#\/schema\/logo\/image\/"}},{"@type":"Person","@id":"https:\/\/nordnesrepublikken.no\/#\/schema\/person\/2e7e81935bab77882fffb79296240ff1","name":"Ole Andersen","image":{"@type":"ImageObject","inLanguage":"nb-NO","@id":"https:\/\/nordnesrepublikken.no\/#\/schema\/person\/image\/","url":"https:\/\/nordnesrepublikken.no\/wp-content\/uploads\/2025\/02\/nordnesrepublikken-2-2-150x150.jpg","contentUrl":"https:\/\/nordnesrepublikken.no\/wp-content\/uploads\/2025\/02\/nordnesrepublikken-2-2-150x150.jpg","caption":"Ole Andersen"},"description":"Ettersom jeg vokste opp i Oslo, har jeg alltid v\u00e6rt fascinert av ordenes kraft og deres evne til \u00e5 skape endringer. Etter \u00e5 ha fullf\u00f8rt min utdannelse i kommunikasjon ved Universitetet i Bergen, fikk jeg muligheten til \u00e5 jobbe innen ulike medier, der jeg har s\u00f8kt \u00e5 belyse viktige samfunnssp\u00f8rsm\u00e5l. I dag, som redakt\u00f8r for Nordnesrepublikken, pr\u00f8ver jeg \u00e5 forene min kj\u00e6rlighet for journalistikk med min lidenskap for innovasjon og eventyr.","sameAs":["https:\/\/nordnesrepublikken.no\/"]}]}},"_links":{"self":[{"href":"https:\/\/nordnesrepublikken.no\/index.php\/wp-json\/wp\/v2\/posts\/12902","targetHints":{"allow":["GET"]}}],"collection":[{"href":"https:\/\/nordnesrepublikken.no\/index.php\/wp-json\/wp\/v2\/posts"}],"about":[{"href":"https:\/\/nordnesrepublikken.no\/index.php\/wp-json\/wp\/v2\/types\/post"}],"author":[{"embeddable":true,"href":"https:\/\/nordnesrepublikken.no\/index.php\/wp-json\/wp\/v2\/users\/1"}],"replies":[{"embeddable":true,"href":"https:\/\/nordnesrepublikken.no\/index.php\/wp-json\/wp\/v2\/comments?post=12902"}],"version-history":[{"count":1,"href":"https:\/\/nordnesrepublikken.no\/index.php\/wp-json\/wp\/v2\/posts\/12902\/revisions"}],"predecessor-version":[{"id":12904,"href":"https:\/\/nordnesrepublikken.no\/index.php\/wp-json\/wp\/v2\/posts\/12902\/revisions\/12904"}],"wp:featuredmedia":[{"embeddable":true,"href":"https:\/\/nordnesrepublikken.no\/index.php\/wp-json\/wp\/v2\/media\/12903"}],"wp:attachment":[{"href":"https:\/\/nordnesrepublikken.no\/index.php\/wp-json\/wp\/v2\/media?parent=12902"}],"wp:term":[{"taxonomy":"category","embeddable":true,"href":"https:\/\/nordnesrepublikken.no\/index.php\/wp-json\/wp\/v2\/categories?post=12902"},{"taxonomy":"post_tag","embeddable":true,"href":"https:\/\/nordnesrepublikken.no\/index.php\/wp-json\/wp\/v2\/tags?post=12902"}],"curies":[{"name":"wp","href":"https:\/\/api.w.org\/{rel}","templated":true}]}}